{"id":38602,"date":"2024-01-30T13:19:24","date_gmt":"2024-01-30T11:19:24","guid":{"rendered":"https:\/\/www.psib-psoe.org\/eivissa\/?p=38602"},"modified":"2024-01-30T13:19:24","modified_gmt":"2024-01-30T11:19:24","slug":"el-psoe-denuncia-el-nou-retard-de-vicent-mari-en-la-licitacio-de-les-concessions-de-transport-public-el-grup-socialista-critica-el-titubeig-del-pp-sobre-la-tramitacio-de-la-llei-de","status":"publish","type":"post","link":"https:\/\/www.psib-psoe.org\/eivissa\/el-psoe-denuncia-el-nou-retard-de-vicent-mari-en-la-licitacio-de-les-concessions-de-transport-public-el-grup-socialista-critica-el-titubeig-del-pp-sobre-la-tramitacio-de-la-llei-de\/","title":{"rendered":"El PSOE denuncia el nou retard de Vicent Mar\u00ed en la licitaci\u00f3 de les concessions de transport p\u00fablic. El grup socialista critica el \u201ctitubeig\u201d del PP sobre la tramitaci\u00f3 de la Llei de regulaci\u00f3 de vehicles."},"content":{"rendered":"<p>El PSOE denuncia el nou retard de Vicent Mar\u00ed en la licitaci\u00f3 de les concessions de transport p\u00fablic, despr\u00e9s que s\u2019hagi conegut la resoluci\u00f3 del tribunal administratiu que obliga el Consell Insular a tornar a iniciar el concurs p\u00fablic perqu\u00e8 estava mal fet. Un nou \u201cfrac\u00e0s\u201d d\u2019aquest Consell Insular del PP \u201cque acabam pagant el conjunt de la ciutadania\u201d, com ha lamentat el portaveu del PSOE, Josep Mar\u00ed Ribas.<\/p>\n<p>\u201cLa mala gesti\u00f3 del Consell Insular est\u00e0 condemnant l\u2019illa d\u2019Eivissa a continuar amb un servei d\u2019autob\u00fas nefast\u201d. \u201cAl pas que anam, tampoc no arribarem a octubre del 2025, quan tornen a caducar les actuals concessions\u201d. Continuam encadenant \u201cuna pr\u00f2rroga darrera una altra\u201d i \u201cincomplint totes les promeses de posada en marxa del nou servei\u201d. <\/p>\n<p>\u201cPrimer varen dir que estaria en 2022, despr\u00e9s en 2023 i ara ja no sabem ni si el 2025 tendrem els nous autobusos\u201d, lamenta Mar\u00ed Ribas.<\/p>\n<p>Mentrestant, el Consell Insular tampoc no pren mesures per millorar un servei de transport \u201ccada volta m\u00e9s degradat, amb pitjors vehicles, pitjors servei i pitjors infraestructures\u201d. <\/p>\n<p>El PSOE critica que el Consell Insular \u201cha incomplit el seu comprom\u00eds de realitzar un informe sobre les causes de l\u2019incendi d\u2019un autob\u00fas\u201d, ocorregut el passat 14 de desembre. En el pr\u00f2xim Ple, que tendr\u00e0 lloc aquest divendres 2 de febrer, el grup socialista demanar\u00e0 explicacions a l\u2019equip de govern de Vicent Mar\u00ed de \u201cper qu\u00e8 no ha realitzat l\u2019informe sobre aquest sinistre i sobre l\u2019estat de tota la flota, com es va acordar al desembre per unanimitat a proposta del PSOE\u201d.<\/p>\n<p><strong>\u201cTitubeig\u201d del PP sobre la regulaci\u00f3 de vehicles<\/strong><\/p>\n<p>Josep Mar\u00ed Ribas tamb\u00e9 ha criticat el \u201ctitubeig\u201d del PP sobre la tramitaci\u00f3 de la Llei de regulaci\u00f3 de l\u2019entrada de vehicles. \u201cDespr\u00e9s de tot el que var dir el Partit Popular a finals de la passada legislatura, acusant-nos de no voler tramitar la llei quan sabien que el Parlament estava a punt de dissoldre\u2019s, no podem entendre el seu titubeig d\u2019ara, negant-se a confirmar que hi donaran suport\u201d. <\/p>\n<p>El portaveu del PSOE ha urgit el PP a \u201cno buscar excuses\u201d i \u201cdonar suport a la tramitaci\u00f3 de la iniciativa legislatura\u201d, i ha lamentat que al PP &#8220;li comencen a tremolar les cames&#8221;. <\/p>\n<p>Espera que sigui, en tot cas, \u201cuna llei que neixi del consens, com sempre hem reclamat des del PSOE\u201d i ressalta que s&#8217;ha d&#8217;aprovar &#8220;amb totes les garanties del Parlament&#8221;. <\/p>\n<p>\u201cEl que no podiem fer \u00e9s demorar m\u00e9s l\u2019inici de la seua tramitaci\u00f3\u201d, ha recalcat el portaveu socialista, fet que ha motivat la decisi\u00f3 del Grup Parlamentari Socialista de registrar-la al Parlament com a proposta de Llei, amb el mateix articulat que l\u2019aprovat pel Consell Insular ara fa un any.<\/p>\n","protected":false},"excerpt":{"rendered":"<p>El PSOE denuncia el nou retard de Vicent Mar\u00ed en la licitaci\u00f3 de les concessions de transport p\u00fablic, despr\u00e9s que s\u2019hagi conegut la resoluci\u00f3 del tribunal administratiu que obliga el Consell Insular a tornar a iniciar el concurs p\u00fablic perqu\u00e8 estava mal fet. Un nou \u201cfrac\u00e0s\u201d d\u2019aquest Consell Insular del PP \u201cque acabam pagant el&hellip;<\/p>\n","protected":false},"author":7,"featured_media":36110,"comment_status":"closed","ping_status":"closed","sticky":false,"template":"","format":"standard","meta":{"footnotes":""},"categories":[192,1],"tags":[],"class_list":["post-38602","post","type-post","status-publish","format-standard","has-post-thumbnail","hentry","category-consell-deivissa","category-federacio-de-eivissa-portada"],"yoast_head":"<!-- This site is optimized with the Yoast SEO plugin v26.9 - https:\/\/yoast.com\/product\/yoast-seo-wordpress\/ -->\n<title>El PSOE denuncia el nou retard de Vicent Mar\u00ed en la licitaci\u00f3 de les concessions de transport p\u00fablic. El grup socialista critica el \u201ctitubeig\u201d del PP sobre la tramitaci\u00f3 de la Llei de regulaci\u00f3 de vehicles. - Federaci\u00f3 Socialista d&#039;Eivissa<\/title>\n<meta name=\"robots\" content=\"index, follow, max-snippet:-1, max-image-preview:large, max-video-preview:-1\" \/>\n<link rel=\"canonical\" href=\"https:\/\/www.psib-psoe.org\/eivissa\/el-psoe-denuncia-el-nou-retard-de-vicent-mari-en-la-licitacio-de-les-concessions-de-transport-public-el-grup-socialista-critica-el-titubeig-del-pp-sobre-la-tramitacio-de-la-llei-de\/\" \/>\n<meta property=\"og:locale\" content=\"ca_ES\" \/>\n<meta property=\"og:type\" content=\"article\" \/>\n<meta property=\"og:title\" content=\"El PSOE denuncia el nou retard de Vicent Mar\u00ed en la licitaci\u00f3 de les concessions de transport p\u00fablic. El grup socialista critica el \u201ctitubeig\u201d del PP sobre la tramitaci\u00f3 de la Llei de regulaci\u00f3 de vehicles. - Federaci\u00f3 Socialista d&#039;Eivissa\" \/>\n<meta property=\"og:description\" content=\"El PSOE denuncia el nou retard de Vicent Mar\u00ed en la licitaci\u00f3 de les concessions de transport p\u00fablic, despr\u00e9s que s\u2019hagi conegut la resoluci\u00f3 del tribunal administratiu que obliga el Consell Insular a tornar a iniciar el concurs p\u00fablic perqu\u00e8 estava mal fet. Un nou \u201cfrac\u00e0s\u201d d\u2019aquest Consell Insular del PP \u201cque acabam pagant el&hellip;\" \/>\n<meta property=\"og:url\" content=\"https:\/\/www.psib-psoe.org\/eivissa\/el-psoe-denuncia-el-nou-retard-de-vicent-mari-en-la-licitacio-de-les-concessions-de-transport-public-el-grup-socialista-critica-el-titubeig-del-pp-sobre-la-tramitacio-de-la-llei-de\/\" \/>\n<meta property=\"og:site_name\" content=\"Federaci\u00f3 Socialista d&#039;Eivissa\" \/>\n<meta property=\"article:published_time\" content=\"2024-01-30T11:19:24+00:00\" \/>\n<meta property=\"og:image\" content=\"https:\/\/www.psib-psoe.org\/eivissa\/wp-content\/uploads\/transport-public-autobusos.jpg\" \/>\n\t<meta property=\"og:image:width\" content=\"1272\" \/>\n\t<meta property=\"og:image:height\" content=\"650\" \/>\n\t<meta property=\"og:image:type\" content=\"image\/jpeg\" \/>\n<meta name=\"author\" content=\"Josep Ripoll\" \/>\n<meta name=\"twitter:card\" content=\"summary_large_image\" \/>\n<meta name=\"twitter:label1\" content=\"Escrit per\" \/>\n\t<meta name=\"twitter:data1\" content=\"Josep Ripoll\" \/>\n\t<meta name=\"twitter:label2\" content=\"Temps estimat de lectura\" \/>\n\t<meta name=\"twitter:data2\" content=\"2 minuts\" \/>\n<script type=\"application\/ld+json\" class=\"yoast-schema-graph\">{\"@context\":\"https:\/\/schema.org\",\"@graph\":[{\"@type\":[\"Article\",\"BlogPosting\"],\"@id\":\"https:\/\/www.psib-psoe.org\/eivissa\/el-psoe-denuncia-el-nou-retard-de-vicent-mari-en-la-licitacio-de-les-concessions-de-transport-public-el-grup-socialista-critica-el-titubeig-del-pp-sobre-la-tramitacio-de-la-llei-de\/#article\",\"isPartOf\":{\"@id\":\"https:\/\/www.psib-psoe.org\/eivissa\/el-psoe-denuncia-el-nou-retard-de-vicent-mari-en-la-licitacio-de-les-concessions-de-transport-public-el-grup-socialista-critica-el-titubeig-del-pp-sobre-la-tramitacio-de-la-llei-de\/\"},\"author\":{\"name\":\"Josep Ripoll\",\"@id\":\"https:\/\/www.psib-psoe.org\/eivissa\/#\/schema\/person\/7a9d2841fb36f32e34fc0e9b245e8117\"},\"headline\":\"El PSOE denuncia el nou retard de Vicent Mar\u00ed en la licitaci\u00f3 de les concessions de transport p\u00fablic. El grup socialista critica el \u201ctitubeig\u201d del PP sobre la tramitaci\u00f3 de la Llei de regulaci\u00f3 de vehicles.\",\"datePublished\":\"2024-01-30T11:19:24+00:00\",\"mainEntityOfPage\":{\"@id\":\"https:\/\/www.psib-psoe.org\/eivissa\/el-psoe-denuncia-el-nou-retard-de-vicent-mari-en-la-licitacio-de-les-concessions-de-transport-public-el-grup-socialista-critica-el-titubeig-del-pp-sobre-la-tramitacio-de-la-llei-de\/\"},\"wordCount\":507,\"publisher\":{\"@id\":\"https:\/\/www.psib-psoe.org\/eivissa\/#organization\"},\"image\":{\"@id\":\"https:\/\/www.psib-psoe.org\/eivissa\/el-psoe-denuncia-el-nou-retard-de-vicent-mari-en-la-licitacio-de-les-concessions-de-transport-public-el-grup-socialista-critica-el-titubeig-del-pp-sobre-la-tramitacio-de-la-llei-de\/#primaryimage\"},\"thumbnailUrl\":\"https:\/\/www.psib-psoe.org\/eivissa\/wp-content\/uploads\/transport-public-autobusos.jpg\",\"articleSection\":[\"Consell d'Eivissa\",\"Federaci\u00f3 d'Eivissa - Portada\"],\"inLanguage\":\"ca\"},{\"@type\":\"WebPage\",\"@id\":\"https:\/\/www.psib-psoe.org\/eivissa\/el-psoe-denuncia-el-nou-retard-de-vicent-mari-en-la-licitacio-de-les-concessions-de-transport-public-el-grup-socialista-critica-el-titubeig-del-pp-sobre-la-tramitacio-de-la-llei-de\/\",\"url\":\"https:\/\/www.psib-psoe.org\/eivissa\/el-psoe-denuncia-el-nou-retard-de-vicent-mari-en-la-licitacio-de-les-concessions-de-transport-public-el-grup-socialista-critica-el-titubeig-del-pp-sobre-la-tramitacio-de-la-llei-de\/\",\"name\":\"El PSOE denuncia el nou retard de Vicent Mar\u00ed en la licitaci\u00f3 de les concessions de transport p\u00fablic. El grup socialista critica el \u201ctitubeig\u201d del PP sobre la tramitaci\u00f3 de la Llei de regulaci\u00f3 de vehicles. - Federaci\u00f3 Socialista d&#039;Eivissa\",\"isPartOf\":{\"@id\":\"https:\/\/www.psib-psoe.org\/eivissa\/#website\"},\"primaryImageOfPage\":{\"@id\":\"https:\/\/www.psib-psoe.org\/eivissa\/el-psoe-denuncia-el-nou-retard-de-vicent-mari-en-la-licitacio-de-les-concessions-de-transport-public-el-grup-socialista-critica-el-titubeig-del-pp-sobre-la-tramitacio-de-la-llei-de\/#primaryimage\"},\"image\":{\"@id\":\"https:\/\/www.psib-psoe.org\/eivissa\/el-psoe-denuncia-el-nou-retard-de-vicent-mari-en-la-licitacio-de-les-concessions-de-transport-public-el-grup-socialista-critica-el-titubeig-del-pp-sobre-la-tramitacio-de-la-llei-de\/#primaryimage\"},\"thumbnailUrl\":\"https:\/\/www.psib-psoe.org\/eivissa\/wp-content\/uploads\/transport-public-autobusos.jpg\",\"datePublished\":\"2024-01-30T11:19:24+00:00\",\"breadcrumb\":{\"@id\":\"https:\/\/www.psib-psoe.org\/eivissa\/el-psoe-denuncia-el-nou-retard-de-vicent-mari-en-la-licitacio-de-les-concessions-de-transport-public-el-grup-socialista-critica-el-titubeig-del-pp-sobre-la-tramitacio-de-la-llei-de\/#breadcrumb\"},\"inLanguage\":\"ca\",\"potentialAction\":[{\"@type\":\"ReadAction\",\"target\":[\"https:\/\/www.psib-psoe.org\/eivissa\/el-psoe-denuncia-el-nou-retard-de-vicent-mari-en-la-licitacio-de-les-concessions-de-transport-public-el-grup-socialista-critica-el-titubeig-del-pp-sobre-la-tramitacio-de-la-llei-de\/\"]}]},{\"@type\":\"ImageObject\",\"inLanguage\":\"ca\",\"@id\":\"https:\/\/www.psib-psoe.org\/eivissa\/el-psoe-denuncia-el-nou-retard-de-vicent-mari-en-la-licitacio-de-les-concessions-de-transport-public-el-grup-socialista-critica-el-titubeig-del-pp-sobre-la-tramitacio-de-la-llei-de\/#primaryimage\",\"url\":\"https:\/\/www.psib-psoe.org\/eivissa\/wp-content\/uploads\/transport-public-autobusos.jpg\",\"contentUrl\":\"https:\/\/www.psib-psoe.org\/eivissa\/wp-content\/uploads\/transport-public-autobusos.jpg\",\"width\":1272,\"height\":650},{\"@type\":\"BreadcrumbList\",\"@id\":\"https:\/\/www.psib-psoe.org\/eivissa\/el-psoe-denuncia-el-nou-retard-de-vicent-mari-en-la-licitacio-de-les-concessions-de-transport-public-el-grup-socialista-critica-el-titubeig-del-pp-sobre-la-tramitacio-de-la-llei-de\/#breadcrumb\",\"itemListElement\":[{\"@type\":\"ListItem\",\"position\":1,\"name\":\"Inici\",\"item\":\"https:\/\/www.psib-psoe.org\/eivissa\/\"},{\"@type\":\"ListItem\",\"position\":2,\"name\":\"El PSOE denuncia el nou retard de Vicent Mar\u00ed en la licitaci\u00f3 de les concessions de transport p\u00fablic. El grup socialista critica el \u201ctitubeig\u201d del PP sobre la tramitaci\u00f3 de la Llei de regulaci\u00f3 de vehicles.\"}]},{\"@type\":\"WebSite\",\"@id\":\"https:\/\/www.psib-psoe.org\/eivissa\/#website\",\"url\":\"https:\/\/www.psib-psoe.org\/eivissa\/\",\"name\":\"Federaci\u00f3 Socialista d'Eivissa\",\"description\":\"Socialistes d&#039;Eivissa\",\"publisher\":{\"@id\":\"https:\/\/www.psib-psoe.org\/eivissa\/#organization\"},\"potentialAction\":[{\"@type\":\"SearchAction\",\"target\":{\"@type\":\"EntryPoint\",\"urlTemplate\":\"https:\/\/www.psib-psoe.org\/eivissa\/?s={search_term_string}\"},\"query-input\":{\"@type\":\"PropertyValueSpecification\",\"valueRequired\":true,\"valueName\":\"search_term_string\"}}],\"inLanguage\":\"ca\"},{\"@type\":\"Organization\",\"@id\":\"https:\/\/www.psib-psoe.org\/eivissa\/#organization\",\"name\":\"Federaci\u00f3 Socialista d'Eivissa\",\"url\":\"https:\/\/www.psib-psoe.org\/eivissa\/\",\"logo\":{\"@type\":\"ImageObject\",\"inLanguage\":\"ca\",\"@id\":\"https:\/\/www.psib-psoe.org\/eivissa\/#\/schema\/logo\/image\/\",\"url\":\"https:\/\/www.psib-psoe.org\/eivissa\/wp-content\/uploads\/LOGO-FSE-SOCIALISTA-DEIVISSA-HORI.png\",\"contentUrl\":\"https:\/\/www.psib-psoe.org\/eivissa\/wp-content\/uploads\/LOGO-FSE-SOCIALISTA-DEIVISSA-HORI.png\",\"width\":6000,\"height\":3104,\"caption\":\"Federaci\u00f3 Socialista d'Eivissa\"},\"image\":{\"@id\":\"https:\/\/www.psib-psoe.org\/eivissa\/#\/schema\/logo\/image\/\"}},{\"@type\":\"Person\",\"@id\":\"https:\/\/www.psib-psoe.org\/eivissa\/#\/schema\/person\/7a9d2841fb36f32e34fc0e9b245e8117\",\"name\":\"Josep Ripoll\",\"sameAs\":[\"http:\/\/www.psib-psoe.org\/eivissa\/wp-login.php\"],\"url\":\"https:\/\/www.psib-psoe.org\/eivissa\/author\/josep\/\"}]}<\/script>\n<!-- \/ Yoast SEO plugin. -->","yoast_head_json":{"title":"El PSOE denuncia el nou retard de Vicent Mar\u00ed en la licitaci\u00f3 de les concessions de transport p\u00fablic. El grup socialista critica el \u201ctitubeig\u201d del PP sobre la tramitaci\u00f3 de la Llei de regulaci\u00f3 de vehicles. - Federaci\u00f3 Socialista d&#039;Eivissa","robots":{"index":"index","follow":"follow","max-snippet":"max-snippet:-1","max-image-preview":"max-image-preview:large","max-video-preview":"max-video-preview:-1"},"canonical":"https:\/\/www.psib-psoe.org\/eivissa\/el-psoe-denuncia-el-nou-retard-de-vicent-mari-en-la-licitacio-de-les-concessions-de-transport-public-el-grup-socialista-critica-el-titubeig-del-pp-sobre-la-tramitacio-de-la-llei-de\/","og_locale":"ca_ES","og_type":"article","og_title":"El PSOE denuncia el nou retard de Vicent Mar\u00ed en la licitaci\u00f3 de les concessions de transport p\u00fablic. El grup socialista critica el \u201ctitubeig\u201d del PP sobre la tramitaci\u00f3 de la Llei de regulaci\u00f3 de vehicles. - Federaci\u00f3 Socialista d&#039;Eivissa","og_description":"El PSOE denuncia el nou retard de Vicent Mar\u00ed en la licitaci\u00f3 de les concessions de transport p\u00fablic, despr\u00e9s que s\u2019hagi conegut la resoluci\u00f3 del tribunal administratiu que obliga el Consell Insular a tornar a iniciar el concurs p\u00fablic perqu\u00e8 estava mal fet. Un nou \u201cfrac\u00e0s\u201d d\u2019aquest Consell Insular del PP \u201cque acabam pagant el&hellip;","og_url":"https:\/\/www.psib-psoe.org\/eivissa\/el-psoe-denuncia-el-nou-retard-de-vicent-mari-en-la-licitacio-de-les-concessions-de-transport-public-el-grup-socialista-critica-el-titubeig-del-pp-sobre-la-tramitacio-de-la-llei-de\/","og_site_name":"Federaci\u00f3 Socialista d&#039;Eivissa","article_published_time":"2024-01-30T11:19:24+00:00","og_image":[{"width":1272,"height":650,"url":"https:\/\/www.psib-psoe.org\/eivissa\/wp-content\/uploads\/transport-public-autobusos.jpg","type":"image\/jpeg"}],"author":"Josep Ripoll","twitter_card":"summary_large_image","twitter_misc":{"Escrit per":"Josep Ripoll","Temps estimat de lectura":"2 minuts"},"schema":{"@context":"https:\/\/schema.org","@graph":[{"@type":["Article","BlogPosting"],"@id":"https:\/\/www.psib-psoe.org\/eivissa\/el-psoe-denuncia-el-nou-retard-de-vicent-mari-en-la-licitacio-de-les-concessions-de-transport-public-el-grup-socialista-critica-el-titubeig-del-pp-sobre-la-tramitacio-de-la-llei-de\/#article","isPartOf":{"@id":"https:\/\/www.psib-psoe.org\/eivissa\/el-psoe-denuncia-el-nou-retard-de-vicent-mari-en-la-licitacio-de-les-concessions-de-transport-public-el-grup-socialista-critica-el-titubeig-del-pp-sobre-la-tramitacio-de-la-llei-de\/"},"author":{"name":"Josep Ripoll","@id":"https:\/\/www.psib-psoe.org\/eivissa\/#\/schema\/person\/7a9d2841fb36f32e34fc0e9b245e8117"},"headline":"El PSOE denuncia el nou retard de Vicent Mar\u00ed en la licitaci\u00f3 de les concessions de transport p\u00fablic. El grup socialista critica el \u201ctitubeig\u201d del PP sobre la tramitaci\u00f3 de la Llei de regulaci\u00f3 de vehicles.","datePublished":"2024-01-30T11:19:24+00:00","mainEntityOfPage":{"@id":"https:\/\/www.psib-psoe.org\/eivissa\/el-psoe-denuncia-el-nou-retard-de-vicent-mari-en-la-licitacio-de-les-concessions-de-transport-public-el-grup-socialista-critica-el-titubeig-del-pp-sobre-la-tramitacio-de-la-llei-de\/"},"wordCount":507,"publisher":{"@id":"https:\/\/www.psib-psoe.org\/eivissa\/#organization"},"image":{"@id":"https:\/\/www.psib-psoe.org\/eivissa\/el-psoe-denuncia-el-nou-retard-de-vicent-mari-en-la-licitacio-de-les-concessions-de-transport-public-el-grup-socialista-critica-el-titubeig-del-pp-sobre-la-tramitacio-de-la-llei-de\/#primaryimage"},"thumbnailUrl":"https:\/\/www.psib-psoe.org\/eivissa\/wp-content\/uploads\/transport-public-autobusos.jpg","articleSection":["Consell d'Eivissa","Federaci\u00f3 d'Eivissa - Portada"],"inLanguage":"ca"},{"@type":"WebPage","@id":"https:\/\/www.psib-psoe.org\/eivissa\/el-psoe-denuncia-el-nou-retard-de-vicent-mari-en-la-licitacio-de-les-concessions-de-transport-public-el-grup-socialista-critica-el-titubeig-del-pp-sobre-la-tramitacio-de-la-llei-de\/","url":"https:\/\/www.psib-psoe.org\/eivissa\/el-psoe-denuncia-el-nou-retard-de-vicent-mari-en-la-licitacio-de-les-concessions-de-transport-public-el-grup-socialista-critica-el-titubeig-del-pp-sobre-la-tramitacio-de-la-llei-de\/","name":"El PSOE denuncia el nou retard de Vicent Mar\u00ed en la licitaci\u00f3 de les concessions de transport p\u00fablic. El grup socialista critica el \u201ctitubeig\u201d del PP sobre la tramitaci\u00f3 de la Llei de regulaci\u00f3 de vehicles. - Federaci\u00f3 Socialista d&#039;Eivissa","isPartOf":{"@id":"https:\/\/www.psib-psoe.org\/eivissa\/#website"},"primaryImageOfPage":{"@id":"https:\/\/www.psib-psoe.org\/eivissa\/el-psoe-denuncia-el-nou-retard-de-vicent-mari-en-la-licitacio-de-les-concessions-de-transport-public-el-grup-socialista-critica-el-titubeig-del-pp-sobre-la-tramitacio-de-la-llei-de\/#primaryimage"},"image":{"@id":"https:\/\/www.psib-psoe.org\/eivissa\/el-psoe-denuncia-el-nou-retard-de-vicent-mari-en-la-licitacio-de-les-concessions-de-transport-public-el-grup-socialista-critica-el-titubeig-del-pp-sobre-la-tramitacio-de-la-llei-de\/#primaryimage"},"thumbnailUrl":"https:\/\/www.psib-psoe.org\/eivissa\/wp-content\/uploads\/transport-public-autobusos.jpg","datePublished":"2024-01-30T11:19:24+00:00","breadcrumb":{"@id":"https:\/\/www.psib-psoe.org\/eivissa\/el-psoe-denuncia-el-nou-retard-de-vicent-mari-en-la-licitacio-de-les-concessions-de-transport-public-el-grup-socialista-critica-el-titubeig-del-pp-sobre-la-tramitacio-de-la-llei-de\/#breadcrumb"},"inLanguage":"ca","potentialAction":[{"@type":"ReadAction","target":["https:\/\/www.psib-psoe.org\/eivissa\/el-psoe-denuncia-el-nou-retard-de-vicent-mari-en-la-licitacio-de-les-concessions-de-transport-public-el-grup-socialista-critica-el-titubeig-del-pp-sobre-la-tramitacio-de-la-llei-de\/"]}]},{"@type":"ImageObject","inLanguage":"ca","@id":"https:\/\/www.psib-psoe.org\/eivissa\/el-psoe-denuncia-el-nou-retard-de-vicent-mari-en-la-licitacio-de-les-concessions-de-transport-public-el-grup-socialista-critica-el-titubeig-del-pp-sobre-la-tramitacio-de-la-llei-de\/#primaryimage","url":"https:\/\/www.psib-psoe.org\/eivissa\/wp-content\/uploads\/transport-public-autobusos.jpg","contentUrl":"https:\/\/www.psib-psoe.org\/eivissa\/wp-content\/uploads\/transport-public-autobusos.jpg","width":1272,"height":650},{"@type":"BreadcrumbList","@id":"https:\/\/www.psib-psoe.org\/eivissa\/el-psoe-denuncia-el-nou-retard-de-vicent-mari-en-la-licitacio-de-les-concessions-de-transport-public-el-grup-socialista-critica-el-titubeig-del-pp-sobre-la-tramitacio-de-la-llei-de\/#breadcrumb","itemListElement":[{"@type":"ListItem","position":1,"name":"Inici","item":"https:\/\/www.psib-psoe.org\/eivissa\/"},{"@type":"ListItem","position":2,"name":"El PSOE denuncia el nou retard de Vicent Mar\u00ed en la licitaci\u00f3 de les concessions de transport p\u00fablic. El grup socialista critica el \u201ctitubeig\u201d del PP sobre la tramitaci\u00f3 de la Llei de regulaci\u00f3 de vehicles."}]},{"@type":"WebSite","@id":"https:\/\/www.psib-psoe.org\/eivissa\/#website","url":"https:\/\/www.psib-psoe.org\/eivissa\/","name":"Federaci\u00f3 Socialista d'Eivissa","description":"Socialistes d&#039;Eivissa","publisher":{"@id":"https:\/\/www.psib-psoe.org\/eivissa\/#organization"},"potentialAction":[{"@type":"SearchAction","target":{"@type":"EntryPoint","urlTemplate":"https:\/\/www.psib-psoe.org\/eivissa\/?s={search_term_string}"},"query-input":{"@type":"PropertyValueSpecification","valueRequired":true,"valueName":"search_term_string"}}],"inLanguage":"ca"},{"@type":"Organization","@id":"https:\/\/www.psib-psoe.org\/eivissa\/#organization","name":"Federaci\u00f3 Socialista d'Eivissa","url":"https:\/\/www.psib-psoe.org\/eivissa\/","logo":{"@type":"ImageObject","inLanguage":"ca","@id":"https:\/\/www.psib-psoe.org\/eivissa\/#\/schema\/logo\/image\/","url":"https:\/\/www.psib-psoe.org\/eivissa\/wp-content\/uploads\/LOGO-FSE-SOCIALISTA-DEIVISSA-HORI.png","contentUrl":"https:\/\/www.psib-psoe.org\/eivissa\/wp-content\/uploads\/LOGO-FSE-SOCIALISTA-DEIVISSA-HORI.png","width":6000,"height":3104,"caption":"Federaci\u00f3 Socialista d'Eivissa"},"image":{"@id":"https:\/\/www.psib-psoe.org\/eivissa\/#\/schema\/logo\/image\/"}},{"@type":"Person","@id":"https:\/\/www.psib-psoe.org\/eivissa\/#\/schema\/person\/7a9d2841fb36f32e34fc0e9b245e8117","name":"Josep Ripoll","sameAs":["http:\/\/www.psib-psoe.org\/eivissa\/wp-login.php"],"url":"https:\/\/www.psib-psoe.org\/eivissa\/author\/josep\/"}]}},"_links":{"self":[{"href":"https:\/\/www.psib-psoe.org\/eivissa\/wp-json\/wp\/v2\/posts\/38602","targetHints":{"allow":["GET"]}}],"collection":[{"href":"https:\/\/www.psib-psoe.org\/eivissa\/wp-json\/wp\/v2\/posts"}],"about":[{"href":"https:\/\/www.psib-psoe.org\/eivissa\/wp-json\/wp\/v2\/types\/post"}],"author":[{"embeddable":true,"href":"https:\/\/www.psib-psoe.org\/eivissa\/wp-json\/wp\/v2\/users\/7"}],"replies":[{"embeddable":true,"href":"https:\/\/www.psib-psoe.org\/eivissa\/wp-json\/wp\/v2\/comments?post=38602"}],"version-history":[{"count":1,"href":"https:\/\/www.psib-psoe.org\/eivissa\/wp-json\/wp\/v2\/posts\/38602\/revisions"}],"predecessor-version":[{"id":38603,"href":"https:\/\/www.psib-psoe.org\/eivissa\/wp-json\/wp\/v2\/posts\/38602\/revisions\/38603"}],"wp:featuredmedia":[{"embeddable":true,"href":"https:\/\/www.psib-psoe.org\/eivissa\/wp-json\/wp\/v2\/media\/36110"}],"wp:attachment":[{"href":"https:\/\/www.psib-psoe.org\/eivissa\/wp-json\/wp\/v2\/media?parent=38602"}],"wp:term":[{"taxonomy":"category","embeddable":true,"href":"https:\/\/www.psib-psoe.org\/eivissa\/wp-json\/wp\/v2\/categories?post=38602"},{"taxonomy":"post_tag","embeddable":true,"href":"https:\/\/www.psib-psoe.org\/eivissa\/wp-json\/wp\/v2\/tags?post=38602"}],"curies":[{"name":"wp","href":"https:\/\/api.w.org\/{rel}","templated":true}]}}