{"id":38618,"date":"2024-02-03T09:41:23","date_gmt":"2024-02-03T07:41:23","guid":{"rendered":"https:\/\/www.psib-psoe.org\/eivissa\/?p=38618"},"modified":"2024-02-01T10:47:10","modified_gmt":"2024-02-01T08:47:10","slug":"el-psoe-reclama-lincrement-de-les-dietes-de-desplacament-per-motius-de-salut-despres-que-pp-i-vox-les-hagin-deixat-congelades","status":"publish","type":"post","link":"https:\/\/www.psib-psoe.org\/eivissa\/el-psoe-reclama-lincrement-de-les-dietes-de-desplacament-per-motius-de-salut-despres-que-pp-i-vox-les-hagin-deixat-congelades\/","title":{"rendered":"El PSOE reclama l\u2019increment de les dietes de despla\u00e7ament per motius de salut, despr\u00e9s que PP i Vox les hagin deixat congelades"},"content":{"rendered":"<p>El Grup Parlamentari Socialista ha presentat una proposta per instar al Govern de les Illes Balears a actualitzar les dietes i despeses de viatge dels pacients despla\u00e7ats per raons de salut, que PP i Vox han decidit congelar en el pressupost de 2024.  En primer lloc, es demana un augment a un m\u00ednim de 23 euros per persona (pacient i acompanyant autoritzat) i dia en concepte de dieta (actualment est\u00e0 situada en 20 euros). A m\u00e9s, es proposa augmentar a 15 euros el concepte de mitja dieta quan s&#8217;hagi autoritzat la compensaci\u00f3 per pernoctaci\u00f3 (actualment, 10 euros). Per aquells pacients que hagin de quedar-se dos dies o m\u00e9s a la localitat on reben assist\u00e8ncia sanit\u00e0ria, es busca incrementar la compensaci\u00f3 a 70 euros per persona i dia en concepte de pernoctaci\u00f3 i mitja pensi\u00f3 (actualment, 60 euros).<\/p>\n<p>Les dietes actuals s\u00f3n les que varen quedar revalorades amb l\u2019\u00faltim pressupost del Govern progressista, el de 2023, per\u00f2 el PSOE considera que \u201cenguany s\u2019havien de tornar a incrementar, per compensar l\u2019encariment del cost de la vida\u201d.<\/p>\n<p>La diputada del PSIB-PSOE Irantzu Fern\u00e1ndez, explica la import\u00e0ncia d&#8217;aquesta iniciativa: \u201cA pesar que l&#8217;ampliaci\u00f3 dels serveis de salut a les nostres illes en les dues darreres legislatures ha redu\u00eft el nombre de persones que han de despla\u00e7ar-se, encara s\u00f3n molts els pacients i acompanyats de les Piti\u00fcses i Menorca que han d\u2019anar a l\u2019Hospital Son Espases, o de Formentera a l\u2019Hospital Can Misses. \u201cTenint en compte que continuam en un context de pujada dels preus, creim que les dietes per despla\u00e7ament s\u2019haurien de tornar a incrementar en aquest 2024.\u201d<\/p>\n<p>El PP i Vox varen rebutjar, durant el debat de pressupostos de la Comunitat, l\u2019esmena del Grup Socialista per incrementar les dietes. Irantzu Fern\u00e1ndez manifesta que \u201ctenen l\u2019oportunitat de rectificar, aprovant la nostra proposta per a l\u2019increment de les dietes per despla\u00e7ament\u201d.<\/p>\n<p>La proposta del Grup Socialista tamb\u00e9 insta la Conselleria de Salut \u201ca continuar garantint que totes les despeses de despla\u00e7ament quedin cobertes per als pacients d\u2019Eivissa, Menorca i Formentera, reconeixent les dificultats que la insularitat genera per a aquells que han de viatjar per rebre tractaments especialitzats\u201d.<\/p>\n<p>La diputada subratlla la necessitat d&#8217;assegurar que els pacients de les illes m\u00e9s petites \u201cno hagin de suportar cap despesa econ\u00f2mica addicional durant els seus tractaments\u201d.<\/p>\n<p>Irantzu Fern\u00e1ndez demana que les dietes dels pacients que han de despla\u00e7ar-se per raons de salut cobreixin \u201cel cost real del trasllat\u201d, especialment en el context actual de pujada de preus i de dificultat de trobar allotjament a preus raonables a l&#8217;illa de Mallorca durant tots els mesos de l\u2019any.<\/p>\n","protected":false},"excerpt":{"rendered":"<p>El Grup Parlamentari Socialista ha presentat una proposta per instar al Govern de les Illes Balears a actualitzar les dietes i despeses de viatge dels pacients despla\u00e7ats per raons de salut, que PP i Vox han decidit congelar en el pressupost de 2024. En primer lloc, es demana un augment a un m\u00ednim de 23&hellip;<\/p>\n","protected":false},"author":7,"featured_media":0,"comment_status":"closed","ping_status":"closed","sticky":false,"template":"","format":"standard","meta":{"footnotes":""},"categories":[1,191],"tags":[],"class_list":["post-38618","post","type-post","status-publish","format-standard","hentry","category-federacio-de-eivissa-portada","category-govern-de-les-illes-balears-parlament"],"yoast_head":"<!-- This site is optimized with the Yoast SEO plugin v26.9 - https:\/\/yoast.com\/product\/yoast-seo-wordpress\/ -->\n<title>El PSOE reclama l\u2019increment de les dietes de despla\u00e7ament per motius de salut, despr\u00e9s que PP i Vox les hagin deixat congelades - Federaci\u00f3 Socialista d&#039;Eivissa<\/title>\n<meta name=\"robots\" content=\"index, follow, max-snippet:-1, max-image-preview:large, max-video-preview:-1\" \/>\n<link rel=\"canonical\" href=\"https:\/\/www.psib-psoe.org\/eivissa\/el-psoe-reclama-lincrement-de-les-dietes-de-desplacament-per-motius-de-salut-despres-que-pp-i-vox-les-hagin-deixat-congelades\/\" \/>\n<meta property=\"og:locale\" content=\"ca_ES\" \/>\n<meta property=\"og:type\" content=\"article\" \/>\n<meta property=\"og:title\" content=\"El PSOE reclama l\u2019increment de les dietes de despla\u00e7ament per motius de salut, despr\u00e9s que PP i Vox les hagin deixat congelades - Federaci\u00f3 Socialista d&#039;Eivissa\" \/>\n<meta property=\"og:description\" content=\"El Grup Parlamentari Socialista ha presentat una proposta per instar al Govern de les Illes Balears a actualitzar les dietes i despeses de viatge dels pacients despla\u00e7ats per raons de salut, que PP i Vox han decidit congelar en el pressupost de 2024. En primer lloc, es demana un augment a un m\u00ednim de 23&hellip;\" \/>\n<meta property=\"og:url\" content=\"https:\/\/www.psib-psoe.org\/eivissa\/el-psoe-reclama-lincrement-de-les-dietes-de-desplacament-per-motius-de-salut-despres-que-pp-i-vox-les-hagin-deixat-congelades\/\" \/>\n<meta property=\"og:site_name\" content=\"Federaci\u00f3 Socialista d&#039;Eivissa\" \/>\n<meta property=\"article:published_time\" content=\"2024-02-03T07:41:23+00:00\" \/>\n<meta name=\"author\" content=\"Josep Ripoll\" \/>\n<meta name=\"twitter:card\" content=\"summary_large_image\" \/>\n<meta name=\"twitter:label1\" content=\"Escrit per\" \/>\n\t<meta name=\"twitter:data1\" content=\"Josep Ripoll\" \/>\n\t<meta name=\"twitter:label2\" content=\"Temps estimat de lectura\" \/>\n\t<meta name=\"twitter:data2\" content=\"2 minuts\" \/>\n<script type=\"application\/ld+json\" class=\"yoast-schema-graph\">{\"@context\":\"https:\/\/schema.org\",\"@graph\":[{\"@type\":[\"Article\",\"BlogPosting\"],\"@id\":\"https:\/\/www.psib-psoe.org\/eivissa\/el-psoe-reclama-lincrement-de-les-dietes-de-desplacament-per-motius-de-salut-despres-que-pp-i-vox-les-hagin-deixat-congelades\/#article\",\"isPartOf\":{\"@id\":\"https:\/\/www.psib-psoe.org\/eivissa\/el-psoe-reclama-lincrement-de-les-dietes-de-desplacament-per-motius-de-salut-despres-que-pp-i-vox-les-hagin-deixat-congelades\/\"},\"author\":{\"name\":\"Josep Ripoll\",\"@id\":\"https:\/\/www.psib-psoe.org\/eivissa\/#\/schema\/person\/7a9d2841fb36f32e34fc0e9b245e8117\"},\"headline\":\"El PSOE reclama l\u2019increment de les dietes de despla\u00e7ament per motius de salut, despr\u00e9s que PP i Vox les hagin deixat congelades\",\"datePublished\":\"2024-02-03T07:41:23+00:00\",\"mainEntityOfPage\":{\"@id\":\"https:\/\/www.psib-psoe.org\/eivissa\/el-psoe-reclama-lincrement-de-les-dietes-de-desplacament-per-motius-de-salut-despres-que-pp-i-vox-les-hagin-deixat-congelades\/\"},\"wordCount\":478,\"publisher\":{\"@id\":\"https:\/\/www.psib-psoe.org\/eivissa\/#organization\"},\"articleSection\":[\"Federaci\u00f3 d'Eivissa - Portada\",\"Govern de les Illes Balears - Parlament - PSIB-PSOE\"],\"inLanguage\":\"ca\"},{\"@type\":\"WebPage\",\"@id\":\"https:\/\/www.psib-psoe.org\/eivissa\/el-psoe-reclama-lincrement-de-les-dietes-de-desplacament-per-motius-de-salut-despres-que-pp-i-vox-les-hagin-deixat-congelades\/\",\"url\":\"https:\/\/www.psib-psoe.org\/eivissa\/el-psoe-reclama-lincrement-de-les-dietes-de-desplacament-per-motius-de-salut-despres-que-pp-i-vox-les-hagin-deixat-congelades\/\",\"name\":\"El PSOE reclama l\u2019increment de les dietes de despla\u00e7ament per motius de salut, despr\u00e9s que PP i Vox les hagin deixat congelades - Federaci\u00f3 Socialista d&#039;Eivissa\",\"isPartOf\":{\"@id\":\"https:\/\/www.psib-psoe.org\/eivissa\/#website\"},\"datePublished\":\"2024-02-03T07:41:23+00:00\",\"breadcrumb\":{\"@id\":\"https:\/\/www.psib-psoe.org\/eivissa\/el-psoe-reclama-lincrement-de-les-dietes-de-desplacament-per-motius-de-salut-despres-que-pp-i-vox-les-hagin-deixat-congelades\/#breadcrumb\"},\"inLanguage\":\"ca\",\"potentialAction\":[{\"@type\":\"ReadAction\",\"target\":[\"https:\/\/www.psib-psoe.org\/eivissa\/el-psoe-reclama-lincrement-de-les-dietes-de-desplacament-per-motius-de-salut-despres-que-pp-i-vox-les-hagin-deixat-congelades\/\"]}]},{\"@type\":\"BreadcrumbList\",\"@id\":\"https:\/\/www.psib-psoe.org\/eivissa\/el-psoe-reclama-lincrement-de-les-dietes-de-desplacament-per-motius-de-salut-despres-que-pp-i-vox-les-hagin-deixat-congelades\/#breadcrumb\",\"itemListElement\":[{\"@type\":\"ListItem\",\"position\":1,\"name\":\"Inici\",\"item\":\"https:\/\/www.psib-psoe.org\/eivissa\/\"},{\"@type\":\"ListItem\",\"position\":2,\"name\":\"El PSOE reclama l\u2019increment de les dietes de despla\u00e7ament per motius de salut, despr\u00e9s que PP i Vox les hagin deixat congelades\"}]},{\"@type\":\"WebSite\",\"@id\":\"https:\/\/www.psib-psoe.org\/eivissa\/#website\",\"url\":\"https:\/\/www.psib-psoe.org\/eivissa\/\",\"name\":\"Federaci\u00f3 Socialista d'Eivissa\",\"description\":\"Socialistes d&#039;Eivissa\",\"publisher\":{\"@id\":\"https:\/\/www.psib-psoe.org\/eivissa\/#organization\"},\"potentialAction\":[{\"@type\":\"SearchAction\",\"target\":{\"@type\":\"EntryPoint\",\"urlTemplate\":\"https:\/\/www.psib-psoe.org\/eivissa\/?s={search_term_string}\"},\"query-input\":{\"@type\":\"PropertyValueSpecification\",\"valueRequired\":true,\"valueName\":\"search_term_string\"}}],\"inLanguage\":\"ca\"},{\"@type\":\"Organization\",\"@id\":\"https:\/\/www.psib-psoe.org\/eivissa\/#organization\",\"name\":\"Federaci\u00f3 Socialista d'Eivissa\",\"url\":\"https:\/\/www.psib-psoe.org\/eivissa\/\",\"logo\":{\"@type\":\"ImageObject\",\"inLanguage\":\"ca\",\"@id\":\"https:\/\/www.psib-psoe.org\/eivissa\/#\/schema\/logo\/image\/\",\"url\":\"https:\/\/www.psib-psoe.org\/eivissa\/wp-content\/uploads\/LOGO-FSE-SOCIALISTA-DEIVISSA-HORI.png\",\"contentUrl\":\"https:\/\/www.psib-psoe.org\/eivissa\/wp-content\/uploads\/LOGO-FSE-SOCIALISTA-DEIVISSA-HORI.png\",\"width\":6000,\"height\":3104,\"caption\":\"Federaci\u00f3 Socialista d'Eivissa\"},\"image\":{\"@id\":\"https:\/\/www.psib-psoe.org\/eivissa\/#\/schema\/logo\/image\/\"}},{\"@type\":\"Person\",\"@id\":\"https:\/\/www.psib-psoe.org\/eivissa\/#\/schema\/person\/7a9d2841fb36f32e34fc0e9b245e8117\",\"name\":\"Josep Ripoll\",\"sameAs\":[\"http:\/\/www.psib-psoe.org\/eivissa\/wp-login.php\"],\"url\":\"https:\/\/www.psib-psoe.org\/eivissa\/author\/josep\/\"}]}<\/script>\n<!-- \/ Yoast SEO plugin. -->","yoast_head_json":{"title":"El PSOE reclama l\u2019increment de les dietes de despla\u00e7ament per motius de salut, despr\u00e9s que PP i Vox les hagin deixat congelades - Federaci\u00f3 Socialista d&#039;Eivissa","robots":{"index":"index","follow":"follow","max-snippet":"max-snippet:-1","max-image-preview":"max-image-preview:large","max-video-preview":"max-video-preview:-1"},"canonical":"https:\/\/www.psib-psoe.org\/eivissa\/el-psoe-reclama-lincrement-de-les-dietes-de-desplacament-per-motius-de-salut-despres-que-pp-i-vox-les-hagin-deixat-congelades\/","og_locale":"ca_ES","og_type":"article","og_title":"El PSOE reclama l\u2019increment de les dietes de despla\u00e7ament per motius de salut, despr\u00e9s que PP i Vox les hagin deixat congelades - Federaci\u00f3 Socialista d&#039;Eivissa","og_description":"El Grup Parlamentari Socialista ha presentat una proposta per instar al Govern de les Illes Balears a actualitzar les dietes i despeses de viatge dels pacients despla\u00e7ats per raons de salut, que PP i Vox han decidit congelar en el pressupost de 2024. En primer lloc, es demana un augment a un m\u00ednim de 23&hellip;","og_url":"https:\/\/www.psib-psoe.org\/eivissa\/el-psoe-reclama-lincrement-de-les-dietes-de-desplacament-per-motius-de-salut-despres-que-pp-i-vox-les-hagin-deixat-congelades\/","og_site_name":"Federaci\u00f3 Socialista d&#039;Eivissa","article_published_time":"2024-02-03T07:41:23+00:00","author":"Josep Ripoll","twitter_card":"summary_large_image","twitter_misc":{"Escrit per":"Josep Ripoll","Temps estimat de lectura":"2 minuts"},"schema":{"@context":"https:\/\/schema.org","@graph":[{"@type":["Article","BlogPosting"],"@id":"https:\/\/www.psib-psoe.org\/eivissa\/el-psoe-reclama-lincrement-de-les-dietes-de-desplacament-per-motius-de-salut-despres-que-pp-i-vox-les-hagin-deixat-congelades\/#article","isPartOf":{"@id":"https:\/\/www.psib-psoe.org\/eivissa\/el-psoe-reclama-lincrement-de-les-dietes-de-desplacament-per-motius-de-salut-despres-que-pp-i-vox-les-hagin-deixat-congelades\/"},"author":{"name":"Josep Ripoll","@id":"https:\/\/www.psib-psoe.org\/eivissa\/#\/schema\/person\/7a9d2841fb36f32e34fc0e9b245e8117"},"headline":"El PSOE reclama l\u2019increment de les dietes de despla\u00e7ament per motius de salut, despr\u00e9s que PP i Vox les hagin deixat congelades","datePublished":"2024-02-03T07:41:23+00:00","mainEntityOfPage":{"@id":"https:\/\/www.psib-psoe.org\/eivissa\/el-psoe-reclama-lincrement-de-les-dietes-de-desplacament-per-motius-de-salut-despres-que-pp-i-vox-les-hagin-deixat-congelades\/"},"wordCount":478,"publisher":{"@id":"https:\/\/www.psib-psoe.org\/eivissa\/#organization"},"articleSection":["Federaci\u00f3 d'Eivissa - Portada","Govern de les Illes Balears - Parlament - PSIB-PSOE"],"inLanguage":"ca"},{"@type":"WebPage","@id":"https:\/\/www.psib-psoe.org\/eivissa\/el-psoe-reclama-lincrement-de-les-dietes-de-desplacament-per-motius-de-salut-despres-que-pp-i-vox-les-hagin-deixat-congelades\/","url":"https:\/\/www.psib-psoe.org\/eivissa\/el-psoe-reclama-lincrement-de-les-dietes-de-desplacament-per-motius-de-salut-despres-que-pp-i-vox-les-hagin-deixat-congelades\/","name":"El PSOE reclama l\u2019increment de les dietes de despla\u00e7ament per motius de salut, despr\u00e9s que PP i Vox les hagin deixat congelades - Federaci\u00f3 Socialista d&#039;Eivissa","isPartOf":{"@id":"https:\/\/www.psib-psoe.org\/eivissa\/#website"},"datePublished":"2024-02-03T07:41:23+00:00","breadcrumb":{"@id":"https:\/\/www.psib-psoe.org\/eivissa\/el-psoe-reclama-lincrement-de-les-dietes-de-desplacament-per-motius-de-salut-despres-que-pp-i-vox-les-hagin-deixat-congelades\/#breadcrumb"},"inLanguage":"ca","potentialAction":[{"@type":"ReadAction","target":["https:\/\/www.psib-psoe.org\/eivissa\/el-psoe-reclama-lincrement-de-les-dietes-de-desplacament-per-motius-de-salut-despres-que-pp-i-vox-les-hagin-deixat-congelades\/"]}]},{"@type":"BreadcrumbList","@id":"https:\/\/www.psib-psoe.org\/eivissa\/el-psoe-reclama-lincrement-de-les-dietes-de-desplacament-per-motius-de-salut-despres-que-pp-i-vox-les-hagin-deixat-congelades\/#breadcrumb","itemListElement":[{"@type":"ListItem","position":1,"name":"Inici","item":"https:\/\/www.psib-psoe.org\/eivissa\/"},{"@type":"ListItem","position":2,"name":"El PSOE reclama l\u2019increment de les dietes de despla\u00e7ament per motius de salut, despr\u00e9s que PP i Vox les hagin deixat congelades"}]},{"@type":"WebSite","@id":"https:\/\/www.psib-psoe.org\/eivissa\/#website","url":"https:\/\/www.psib-psoe.org\/eivissa\/","name":"Federaci\u00f3 Socialista d'Eivissa","description":"Socialistes d&#039;Eivissa","publisher":{"@id":"https:\/\/www.psib-psoe.org\/eivissa\/#organization"},"potentialAction":[{"@type":"SearchAction","target":{"@type":"EntryPoint","urlTemplate":"https:\/\/www.psib-psoe.org\/eivissa\/?s={search_term_string}"},"query-input":{"@type":"PropertyValueSpecification","valueRequired":true,"valueName":"search_term_string"}}],"inLanguage":"ca"},{"@type":"Organization","@id":"https:\/\/www.psib-psoe.org\/eivissa\/#organization","name":"Federaci\u00f3 Socialista d'Eivissa","url":"https:\/\/www.psib-psoe.org\/eivissa\/","logo":{"@type":"ImageObject","inLanguage":"ca","@id":"https:\/\/www.psib-psoe.org\/eivissa\/#\/schema\/logo\/image\/","url":"https:\/\/www.psib-psoe.org\/eivissa\/wp-content\/uploads\/LOGO-FSE-SOCIALISTA-DEIVISSA-HORI.png","contentUrl":"https:\/\/www.psib-psoe.org\/eivissa\/wp-content\/uploads\/LOGO-FSE-SOCIALISTA-DEIVISSA-HORI.png","width":6000,"height":3104,"caption":"Federaci\u00f3 Socialista d'Eivissa"},"image":{"@id":"https:\/\/www.psib-psoe.org\/eivissa\/#\/schema\/logo\/image\/"}},{"@type":"Person","@id":"https:\/\/www.psib-psoe.org\/eivissa\/#\/schema\/person\/7a9d2841fb36f32e34fc0e9b245e8117","name":"Josep Ripoll","sameAs":["http:\/\/www.psib-psoe.org\/eivissa\/wp-login.php"],"url":"https:\/\/www.psib-psoe.org\/eivissa\/author\/josep\/"}]}},"_links":{"self":[{"href":"https:\/\/www.psib-psoe.org\/eivissa\/wp-json\/wp\/v2\/posts\/38618","targetHints":{"allow":["GET"]}}],"collection":[{"href":"https:\/\/www.psib-psoe.org\/eivissa\/wp-json\/wp\/v2\/posts"}],"about":[{"href":"https:\/\/www.psib-psoe.org\/eivissa\/wp-json\/wp\/v2\/types\/post"}],"author":[{"embeddable":true,"href":"https:\/\/www.psib-psoe.org\/eivissa\/wp-json\/wp\/v2\/users\/7"}],"replies":[{"embeddable":true,"href":"https:\/\/www.psib-psoe.org\/eivissa\/wp-json\/wp\/v2\/comments?post=38618"}],"version-history":[{"count":1,"href":"https:\/\/www.psib-psoe.org\/eivissa\/wp-json\/wp\/v2\/posts\/38618\/revisions"}],"predecessor-version":[{"id":38619,"href":"https:\/\/www.psib-psoe.org\/eivissa\/wp-json\/wp\/v2\/posts\/38618\/revisions\/38619"}],"wp:attachment":[{"href":"https:\/\/www.psib-psoe.org\/eivissa\/wp-json\/wp\/v2\/media?parent=38618"}],"wp:term":[{"taxonomy":"category","embeddable":true,"href":"https:\/\/www.psib-psoe.org\/eivissa\/wp-json\/wp\/v2\/categories?post=38618"},{"taxonomy":"post_tag","embeddable":true,"href":"https:\/\/www.psib-psoe.org\/eivissa\/wp-json\/wp\/v2\/tags?post=38618"}],"curies":[{"name":"wp","href":"https:\/\/api.w.org\/{rel}","templated":true}]}}