{"id":38668,"date":"2024-02-05T18:00:24","date_gmt":"2024-02-05T16:00:24","guid":{"rendered":"https:\/\/www.psib-psoe.org\/eivissa\/?p=38668"},"modified":"2024-02-05T18:02:33","modified_gmt":"2024-02-05T16:02:33","slug":"lagrupacio-socialista-deivissa-alerta-que-el-fracas-del-consell-en-la-licitacio-del-servei-dautobusos-deixa-la-ciutat-deivissa-sense-les-4-linies-urbanes-previstes","status":"publish","type":"post","link":"https:\/\/www.psib-psoe.org\/eivissa\/lagrupacio-socialista-deivissa-alerta-que-el-fracas-del-consell-en-la-licitacio-del-servei-dautobusos-deixa-la-ciutat-deivissa-sense-les-4-linies-urbanes-previstes\/","title":{"rendered":"L&#8217;Agrupaci\u00f3 Socialista d&#8217;Eivissa alerta que el frac\u00e0s del Consell en la licitaci\u00f3 del servei d&#8217;autobusos deixa la ciutat d&#8217;Eivissa sense les 4 l\u00ednies urbanes previstes"},"content":{"rendered":"<p>L&#8217;Agrupaci\u00f3 Socialista d&#8217;Eivissa lamenta que la ineptitud del Consell Insular de Vicent Mar\u00ed a l&#8217;hora de posar en marxa les noves concessions de transport p\u00fablic condemna a la ciutat d&#8217;Eivissa sense les quatre l\u00ednies urbanes que es trobaven dins del conveni per a integrar el transport urb\u00e0 del municipi d&#8217;Eivissa dins del futur Servei de Transport Regular de Viatgers per Carretera.<\/p>\n<p>En concret les l\u00ednies que es veuen afectades per aquest retard s\u00f3n la UE3 que connectar\u00e0 el dic de Botafoc amb el parc Mari\u00e0 Villang\u00f3mez; la UE4, que enlla\u00e7ar\u00e0 Eivissa amb Platja d&#8217;en Bossa (oferir\u00e0 un itinerari similar al de la l\u00ednia que opera en l&#8217;actualitat, l&#8217;L14); la UE8 que connectar\u00e0 l&#8217;estaci\u00f3 d&#8217;autobusos CETIS amb Can Misses, el passeig de Vara de Rey, \u00c9s Gorg \u2013 Dalt Vila i la UE10, que enlla\u00e7ar\u00e0 el cementiri amb Ca n&#8217;Escandell, \u00c9s Viver, Vara de Rey i el dic de Botafoc.<\/p>\n<p>Des de l&#8217;Agrupaci\u00f3 Socialista d&#8217;Eivissa instem a l&#8217;alcalde, el Sr. Triguero, i al regidor de Transport P\u00fablic, el Sr. Sousa, que donin explicacions a la ciutadania i que s&#8217;interessin a contactar amb els responsables d&#8217;aquest desgavell en el servei d&#8217;autob\u00fas de l&#8217;illa i que posin solucions a la millora de la mobilitat dins la ciutat.<\/p>\n<p>&#8216;Entenem que els senyors Triguero i Sousa, obvien de manera volunt\u00e0ria dir que, un any m\u00e9s, els ve\u00efns i ve\u00efnes de la ciutat es quedaran sense aquestes quatre l\u00ednies de transport p\u00fablic tan necess\u00e0ries per a la ciutat. En compta d&#8217;interessar-se per aquest problema, miren cap a un altre costat perqu\u00e8 els responsables s\u00f3n del seu mateix partit pol\u00edtic. Exigim que els responsables pol\u00edtics locals s&#8217;interessin a resoldre un dels vertaders problemes de la ciutat, que deixin de promocionar-se personalment en excursions i festes que organitzen a la ciutat i que es posin a treballar de veritat \u2018.<\/p>\n<p>De fet, i no sabem si \u00e9s per desconeixement o perqu\u00e8 el Sr. Triguero con\u00e9ix la mala gesti\u00f3 del Sr Mar\u00ed al Consell Insular, als pressupostos de l&#8217;Ajuntament d&#8217;Eivissa per a 2024 no hi ha cap partida en transport p\u00fablic m\u00e9s enll\u00e0 d&#8217;ampliar la quantitat d&#8217;aparcabicis i de millorar les parades de bus dins la ciutat.<\/p>\n<p>Segons el conveni amb el Consell Insular, l&#8217;aportaci\u00f3 econ\u00f2mica inicial de l&#8217;Ajuntament ser\u00e0 proporcional als serveis i el primer pagament ser\u00e0 de 640.000 euros, encara que podr\u00e0 variar cada any.<\/p>\n","protected":false},"excerpt":{"rendered":"<p>L&#8217;Agrupaci\u00f3 Socialista d&#8217;Eivissa lamenta que la ineptitud del Consell Insular de Vicent Mar\u00ed a l&#8217;hora de posar en marxa les noves concessions de transport p\u00fablic condemna a la ciutat d&#8217;Eivissa sense les quatre l\u00ednies urbanes que es trobaven dins del conveni per a integrar el transport urb\u00e0 del municipi d&#8217;Eivissa dins del futur Servei de&hellip;<\/p>\n","protected":false},"author":15,"featured_media":38669,"comment_status":"closed","ping_status":"closed","sticky":false,"template":"","format":"standard","meta":{"footnotes":""},"categories":[183,192,1,234],"tags":[],"class_list":["post-38668","post","type-post","status-publish","format-standard","has-post-thumbnail","hentry","category-ciutat-deivissa","category-consell-deivissa","category-federacio-de-eivissa-portada","category-municipis"],"yoast_head":"<!-- This site is optimized with the Yoast SEO plugin v26.9 - https:\/\/yoast.com\/product\/yoast-seo-wordpress\/ -->\n<title>L&#039;Agrupaci\u00f3 Socialista d&#039;Eivissa alerta que el frac\u00e0s del Consell en la licitaci\u00f3 del servei d&#039;autobusos deixa la ciutat d&#039;Eivissa sense les 4 l\u00ednies urbanes previstes - Federaci\u00f3 Socialista d&#039;Eivissa<\/title>\n<meta name=\"robots\" content=\"index, follow, max-snippet:-1, max-image-preview:large, max-video-preview:-1\" \/>\n<link rel=\"canonical\" href=\"https:\/\/www.psib-psoe.org\/eivissa\/lagrupacio-socialista-deivissa-alerta-que-el-fracas-del-consell-en-la-licitacio-del-servei-dautobusos-deixa-la-ciutat-deivissa-sense-les-4-linies-urbanes-previstes\/\" \/>\n<meta property=\"og:locale\" content=\"ca_ES\" \/>\n<meta property=\"og:type\" content=\"article\" \/>\n<meta property=\"og:title\" content=\"L&#039;Agrupaci\u00f3 Socialista d&#039;Eivissa alerta que el frac\u00e0s del Consell en la licitaci\u00f3 del servei d&#039;autobusos deixa la ciutat d&#039;Eivissa sense les 4 l\u00ednies urbanes previstes - Federaci\u00f3 Socialista d&#039;Eivissa\" \/>\n<meta property=\"og:description\" content=\"L&#8217;Agrupaci\u00f3 Socialista d&#8217;Eivissa lamenta que la ineptitud del Consell Insular de Vicent Mar\u00ed a l&#8217;hora de posar en marxa les noves concessions de transport p\u00fablic condemna a la ciutat d&#8217;Eivissa sense les quatre l\u00ednies urbanes que es trobaven dins del conveni per a integrar el transport urb\u00e0 del municipi d&#8217;Eivissa dins del futur Servei de&hellip;\" \/>\n<meta property=\"og:url\" content=\"https:\/\/www.psib-psoe.org\/eivissa\/lagrupacio-socialista-deivissa-alerta-que-el-fracas-del-consell-en-la-licitacio-del-servei-dautobusos-deixa-la-ciutat-deivissa-sense-les-4-linies-urbanes-previstes\/\" \/>\n<meta property=\"og:site_name\" content=\"Federaci\u00f3 Socialista d&#039;Eivissa\" \/>\n<meta property=\"article:published_time\" content=\"2024-02-05T16:00:24+00:00\" \/>\n<meta property=\"article:modified_time\" content=\"2024-02-05T16:02:33+00:00\" \/>\n<meta property=\"og:image\" content=\"https:\/\/www.psib-psoe.org\/eivissa\/wp-content\/uploads\/autobus.jpeg\" \/>\n\t<meta property=\"og:image:width\" content=\"1024\" \/>\n\t<meta property=\"og:image:height\" content=\"818\" \/>\n\t<meta property=\"og:image:type\" content=\"image\/jpeg\" \/>\n<meta name=\"author\" content=\"Tita Tur\" \/>\n<meta name=\"twitter:card\" content=\"summary_large_image\" \/>\n<meta name=\"twitter:label1\" content=\"Escrit per\" \/>\n\t<meta name=\"twitter:data1\" content=\"Tita Tur\" \/>\n\t<meta name=\"twitter:label2\" content=\"Temps estimat de lectura\" \/>\n\t<meta name=\"twitter:data2\" content=\"2 minuts\" \/>\n<script type=\"application\/ld+json\" class=\"yoast-schema-graph\">{\"@context\":\"https:\/\/schema.org\",\"@graph\":[{\"@type\":[\"Article\",\"BlogPosting\"],\"@id\":\"https:\/\/www.psib-psoe.org\/eivissa\/lagrupacio-socialista-deivissa-alerta-que-el-fracas-del-consell-en-la-licitacio-del-servei-dautobusos-deixa-la-ciutat-deivissa-sense-les-4-linies-urbanes-previstes\/#article\",\"isPartOf\":{\"@id\":\"https:\/\/www.psib-psoe.org\/eivissa\/lagrupacio-socialista-deivissa-alerta-que-el-fracas-del-consell-en-la-licitacio-del-servei-dautobusos-deixa-la-ciutat-deivissa-sense-les-4-linies-urbanes-previstes\/\"},\"author\":{\"name\":\"Tita Tur\",\"@id\":\"https:\/\/www.psib-psoe.org\/eivissa\/#\/schema\/person\/706742f1e7e07ce08bd017f09ea62ace\"},\"headline\":\"L&#8217;Agrupaci\u00f3 Socialista d&#8217;Eivissa alerta que el frac\u00e0s del Consell en la licitaci\u00f3 del servei d&#8217;autobusos deixa la ciutat d&#8217;Eivissa sense les 4 l\u00ednies urbanes previstes\",\"datePublished\":\"2024-02-05T16:00:24+00:00\",\"dateModified\":\"2024-02-05T16:02:33+00:00\",\"mainEntityOfPage\":{\"@id\":\"https:\/\/www.psib-psoe.org\/eivissa\/lagrupacio-socialista-deivissa-alerta-que-el-fracas-del-consell-en-la-licitacio-del-servei-dautobusos-deixa-la-ciutat-deivissa-sense-les-4-linies-urbanes-previstes\/\"},\"wordCount\":434,\"publisher\":{\"@id\":\"https:\/\/www.psib-psoe.org\/eivissa\/#organization\"},\"image\":{\"@id\":\"https:\/\/www.psib-psoe.org\/eivissa\/lagrupacio-socialista-deivissa-alerta-que-el-fracas-del-consell-en-la-licitacio-del-servei-dautobusos-deixa-la-ciutat-deivissa-sense-les-4-linies-urbanes-previstes\/#primaryimage\"},\"thumbnailUrl\":\"https:\/\/www.psib-psoe.org\/eivissa\/wp-content\/uploads\/autobus.jpeg\",\"articleSection\":[\"Ciutat d'Eivissa\",\"Consell d'Eivissa\",\"Federaci\u00f3 d'Eivissa - Portada\",\"Municipis\"],\"inLanguage\":\"ca\"},{\"@type\":\"WebPage\",\"@id\":\"https:\/\/www.psib-psoe.org\/eivissa\/lagrupacio-socialista-deivissa-alerta-que-el-fracas-del-consell-en-la-licitacio-del-servei-dautobusos-deixa-la-ciutat-deivissa-sense-les-4-linies-urbanes-previstes\/\",\"url\":\"https:\/\/www.psib-psoe.org\/eivissa\/lagrupacio-socialista-deivissa-alerta-que-el-fracas-del-consell-en-la-licitacio-del-servei-dautobusos-deixa-la-ciutat-deivissa-sense-les-4-linies-urbanes-previstes\/\",\"name\":\"L'Agrupaci\u00f3 Socialista d'Eivissa alerta que el frac\u00e0s del Consell en la licitaci\u00f3 del servei d'autobusos deixa la ciutat d'Eivissa sense les 4 l\u00ednies urbanes previstes - Federaci\u00f3 Socialista d&#039;Eivissa\",\"isPartOf\":{\"@id\":\"https:\/\/www.psib-psoe.org\/eivissa\/#website\"},\"primaryImageOfPage\":{\"@id\":\"https:\/\/www.psib-psoe.org\/eivissa\/lagrupacio-socialista-deivissa-alerta-que-el-fracas-del-consell-en-la-licitacio-del-servei-dautobusos-deixa-la-ciutat-deivissa-sense-les-4-linies-urbanes-previstes\/#primaryimage\"},\"image\":{\"@id\":\"https:\/\/www.psib-psoe.org\/eivissa\/lagrupacio-socialista-deivissa-alerta-que-el-fracas-del-consell-en-la-licitacio-del-servei-dautobusos-deixa-la-ciutat-deivissa-sense-les-4-linies-urbanes-previstes\/#primaryimage\"},\"thumbnailUrl\":\"https:\/\/www.psib-psoe.org\/eivissa\/wp-content\/uploads\/autobus.jpeg\",\"datePublished\":\"2024-02-05T16:00:24+00:00\",\"dateModified\":\"2024-02-05T16:02:33+00:00\",\"breadcrumb\":{\"@id\":\"https:\/\/www.psib-psoe.org\/eivissa\/lagrupacio-socialista-deivissa-alerta-que-el-fracas-del-consell-en-la-licitacio-del-servei-dautobusos-deixa-la-ciutat-deivissa-sense-les-4-linies-urbanes-previstes\/#breadcrumb\"},\"inLanguage\":\"ca\",\"potentialAction\":[{\"@type\":\"ReadAction\",\"target\":[\"https:\/\/www.psib-psoe.org\/eivissa\/lagrupacio-socialista-deivissa-alerta-que-el-fracas-del-consell-en-la-licitacio-del-servei-dautobusos-deixa-la-ciutat-deivissa-sense-les-4-linies-urbanes-previstes\/\"]}]},{\"@type\":\"ImageObject\",\"inLanguage\":\"ca\",\"@id\":\"https:\/\/www.psib-psoe.org\/eivissa\/lagrupacio-socialista-deivissa-alerta-que-el-fracas-del-consell-en-la-licitacio-del-servei-dautobusos-deixa-la-ciutat-deivissa-sense-les-4-linies-urbanes-previstes\/#primaryimage\",\"url\":\"https:\/\/www.psib-psoe.org\/eivissa\/wp-content\/uploads\/autobus.jpeg\",\"contentUrl\":\"https:\/\/www.psib-psoe.org\/eivissa\/wp-content\/uploads\/autobus.jpeg\",\"width\":1024,\"height\":818},{\"@type\":\"BreadcrumbList\",\"@id\":\"https:\/\/www.psib-psoe.org\/eivissa\/lagrupacio-socialista-deivissa-alerta-que-el-fracas-del-consell-en-la-licitacio-del-servei-dautobusos-deixa-la-ciutat-deivissa-sense-les-4-linies-urbanes-previstes\/#breadcrumb\",\"itemListElement\":[{\"@type\":\"ListItem\",\"position\":1,\"name\":\"Inici\",\"item\":\"https:\/\/www.psib-psoe.org\/eivissa\/\"},{\"@type\":\"ListItem\",\"position\":2,\"name\":\"L&#8217;Agrupaci\u00f3 Socialista d&#8217;Eivissa alerta que el frac\u00e0s del Consell en la licitaci\u00f3 del servei d&#8217;autobusos deixa la ciutat d&#8217;Eivissa sense les 4 l\u00ednies urbanes previstes\"}]},{\"@type\":\"WebSite\",\"@id\":\"https:\/\/www.psib-psoe.org\/eivissa\/#website\",\"url\":\"https:\/\/www.psib-psoe.org\/eivissa\/\",\"name\":\"Federaci\u00f3 Socialista d'Eivissa\",\"description\":\"Socialistes d&#039;Eivissa\",\"publisher\":{\"@id\":\"https:\/\/www.psib-psoe.org\/eivissa\/#organization\"},\"potentialAction\":[{\"@type\":\"SearchAction\",\"target\":{\"@type\":\"EntryPoint\",\"urlTemplate\":\"https:\/\/www.psib-psoe.org\/eivissa\/?s={search_term_string}\"},\"query-input\":{\"@type\":\"PropertyValueSpecification\",\"valueRequired\":true,\"valueName\":\"search_term_string\"}}],\"inLanguage\":\"ca\"},{\"@type\":\"Organization\",\"@id\":\"https:\/\/www.psib-psoe.org\/eivissa\/#organization\",\"name\":\"Federaci\u00f3 Socialista d'Eivissa\",\"url\":\"https:\/\/www.psib-psoe.org\/eivissa\/\",\"logo\":{\"@type\":\"ImageObject\",\"inLanguage\":\"ca\",\"@id\":\"https:\/\/www.psib-psoe.org\/eivissa\/#\/schema\/logo\/image\/\",\"url\":\"https:\/\/www.psib-psoe.org\/eivissa\/wp-content\/uploads\/LOGO-FSE-SOCIALISTA-DEIVISSA-HORI.png\",\"contentUrl\":\"https:\/\/www.psib-psoe.org\/eivissa\/wp-content\/uploads\/LOGO-FSE-SOCIALISTA-DEIVISSA-HORI.png\",\"width\":6000,\"height\":3104,\"caption\":\"Federaci\u00f3 Socialista d'Eivissa\"},\"image\":{\"@id\":\"https:\/\/www.psib-psoe.org\/eivissa\/#\/schema\/logo\/image\/\"}},{\"@type\":\"Person\",\"@id\":\"https:\/\/www.psib-psoe.org\/eivissa\/#\/schema\/person\/706742f1e7e07ce08bd017f09ea62ace\",\"name\":\"Tita Tur\",\"url\":\"https:\/\/www.psib-psoe.org\/eivissa\/author\/tita\/\"}]}<\/script>\n<!-- \/ Yoast SEO plugin. -->","yoast_head_json":{"title":"L'Agrupaci\u00f3 Socialista d'Eivissa alerta que el frac\u00e0s del Consell en la licitaci\u00f3 del servei d'autobusos deixa la ciutat d'Eivissa sense les 4 l\u00ednies urbanes previstes - Federaci\u00f3 Socialista d&#039;Eivissa","robots":{"index":"index","follow":"follow","max-snippet":"max-snippet:-1","max-image-preview":"max-image-preview:large","max-video-preview":"max-video-preview:-1"},"canonical":"https:\/\/www.psib-psoe.org\/eivissa\/lagrupacio-socialista-deivissa-alerta-que-el-fracas-del-consell-en-la-licitacio-del-servei-dautobusos-deixa-la-ciutat-deivissa-sense-les-4-linies-urbanes-previstes\/","og_locale":"ca_ES","og_type":"article","og_title":"L'Agrupaci\u00f3 Socialista d'Eivissa alerta que el frac\u00e0s del Consell en la licitaci\u00f3 del servei d'autobusos deixa la ciutat d'Eivissa sense les 4 l\u00ednies urbanes previstes - Federaci\u00f3 Socialista d&#039;Eivissa","og_description":"L&#8217;Agrupaci\u00f3 Socialista d&#8217;Eivissa lamenta que la ineptitud del Consell Insular de Vicent Mar\u00ed a l&#8217;hora de posar en marxa les noves concessions de transport p\u00fablic condemna a la ciutat d&#8217;Eivissa sense les quatre l\u00ednies urbanes que es trobaven dins del conveni per a integrar el transport urb\u00e0 del municipi d&#8217;Eivissa dins del futur Servei de&hellip;","og_url":"https:\/\/www.psib-psoe.org\/eivissa\/lagrupacio-socialista-deivissa-alerta-que-el-fracas-del-consell-en-la-licitacio-del-servei-dautobusos-deixa-la-ciutat-deivissa-sense-les-4-linies-urbanes-previstes\/","og_site_name":"Federaci\u00f3 Socialista d&#039;Eivissa","article_published_time":"2024-02-05T16:00:24+00:00","article_modified_time":"2024-02-05T16:02:33+00:00","og_image":[{"width":1024,"height":818,"url":"https:\/\/www.psib-psoe.org\/eivissa\/wp-content\/uploads\/autobus.jpeg","type":"image\/jpeg"}],"author":"Tita Tur","twitter_card":"summary_large_image","twitter_misc":{"Escrit per":"Tita Tur","Temps estimat de lectura":"2 minuts"},"schema":{"@context":"https:\/\/schema.org","@graph":[{"@type":["Article","BlogPosting"],"@id":"https:\/\/www.psib-psoe.org\/eivissa\/lagrupacio-socialista-deivissa-alerta-que-el-fracas-del-consell-en-la-licitacio-del-servei-dautobusos-deixa-la-ciutat-deivissa-sense-les-4-linies-urbanes-previstes\/#article","isPartOf":{"@id":"https:\/\/www.psib-psoe.org\/eivissa\/lagrupacio-socialista-deivissa-alerta-que-el-fracas-del-consell-en-la-licitacio-del-servei-dautobusos-deixa-la-ciutat-deivissa-sense-les-4-linies-urbanes-previstes\/"},"author":{"name":"Tita Tur","@id":"https:\/\/www.psib-psoe.org\/eivissa\/#\/schema\/person\/706742f1e7e07ce08bd017f09ea62ace"},"headline":"L&#8217;Agrupaci\u00f3 Socialista d&#8217;Eivissa alerta que el frac\u00e0s del Consell en la licitaci\u00f3 del servei d&#8217;autobusos deixa la ciutat d&#8217;Eivissa sense les 4 l\u00ednies urbanes previstes","datePublished":"2024-02-05T16:00:24+00:00","dateModified":"2024-02-05T16:02:33+00:00","mainEntityOfPage":{"@id":"https:\/\/www.psib-psoe.org\/eivissa\/lagrupacio-socialista-deivissa-alerta-que-el-fracas-del-consell-en-la-licitacio-del-servei-dautobusos-deixa-la-ciutat-deivissa-sense-les-4-linies-urbanes-previstes\/"},"wordCount":434,"publisher":{"@id":"https:\/\/www.psib-psoe.org\/eivissa\/#organization"},"image":{"@id":"https:\/\/www.psib-psoe.org\/eivissa\/lagrupacio-socialista-deivissa-alerta-que-el-fracas-del-consell-en-la-licitacio-del-servei-dautobusos-deixa-la-ciutat-deivissa-sense-les-4-linies-urbanes-previstes\/#primaryimage"},"thumbnailUrl":"https:\/\/www.psib-psoe.org\/eivissa\/wp-content\/uploads\/autobus.jpeg","articleSection":["Ciutat d'Eivissa","Consell d'Eivissa","Federaci\u00f3 d'Eivissa - Portada","Municipis"],"inLanguage":"ca"},{"@type":"WebPage","@id":"https:\/\/www.psib-psoe.org\/eivissa\/lagrupacio-socialista-deivissa-alerta-que-el-fracas-del-consell-en-la-licitacio-del-servei-dautobusos-deixa-la-ciutat-deivissa-sense-les-4-linies-urbanes-previstes\/","url":"https:\/\/www.psib-psoe.org\/eivissa\/lagrupacio-socialista-deivissa-alerta-que-el-fracas-del-consell-en-la-licitacio-del-servei-dautobusos-deixa-la-ciutat-deivissa-sense-les-4-linies-urbanes-previstes\/","name":"L'Agrupaci\u00f3 Socialista d'Eivissa alerta que el frac\u00e0s del Consell en la licitaci\u00f3 del servei d'autobusos deixa la ciutat d'Eivissa sense les 4 l\u00ednies urbanes previstes - Federaci\u00f3 Socialista d&#039;Eivissa","isPartOf":{"@id":"https:\/\/www.psib-psoe.org\/eivissa\/#website"},"primaryImageOfPage":{"@id":"https:\/\/www.psib-psoe.org\/eivissa\/lagrupacio-socialista-deivissa-alerta-que-el-fracas-del-consell-en-la-licitacio-del-servei-dautobusos-deixa-la-ciutat-deivissa-sense-les-4-linies-urbanes-previstes\/#primaryimage"},"image":{"@id":"https:\/\/www.psib-psoe.org\/eivissa\/lagrupacio-socialista-deivissa-alerta-que-el-fracas-del-consell-en-la-licitacio-del-servei-dautobusos-deixa-la-ciutat-deivissa-sense-les-4-linies-urbanes-previstes\/#primaryimage"},"thumbnailUrl":"https:\/\/www.psib-psoe.org\/eivissa\/wp-content\/uploads\/autobus.jpeg","datePublished":"2024-02-05T16:00:24+00:00","dateModified":"2024-02-05T16:02:33+00:00","breadcrumb":{"@id":"https:\/\/www.psib-psoe.org\/eivissa\/lagrupacio-socialista-deivissa-alerta-que-el-fracas-del-consell-en-la-licitacio-del-servei-dautobusos-deixa-la-ciutat-deivissa-sense-les-4-linies-urbanes-previstes\/#breadcrumb"},"inLanguage":"ca","potentialAction":[{"@type":"ReadAction","target":["https:\/\/www.psib-psoe.org\/eivissa\/lagrupacio-socialista-deivissa-alerta-que-el-fracas-del-consell-en-la-licitacio-del-servei-dautobusos-deixa-la-ciutat-deivissa-sense-les-4-linies-urbanes-previstes\/"]}]},{"@type":"ImageObject","inLanguage":"ca","@id":"https:\/\/www.psib-psoe.org\/eivissa\/lagrupacio-socialista-deivissa-alerta-que-el-fracas-del-consell-en-la-licitacio-del-servei-dautobusos-deixa-la-ciutat-deivissa-sense-les-4-linies-urbanes-previstes\/#primaryimage","url":"https:\/\/www.psib-psoe.org\/eivissa\/wp-content\/uploads\/autobus.jpeg","contentUrl":"https:\/\/www.psib-psoe.org\/eivissa\/wp-content\/uploads\/autobus.jpeg","width":1024,"height":818},{"@type":"BreadcrumbList","@id":"https:\/\/www.psib-psoe.org\/eivissa\/lagrupacio-socialista-deivissa-alerta-que-el-fracas-del-consell-en-la-licitacio-del-servei-dautobusos-deixa-la-ciutat-deivissa-sense-les-4-linies-urbanes-previstes\/#breadcrumb","itemListElement":[{"@type":"ListItem","position":1,"name":"Inici","item":"https:\/\/www.psib-psoe.org\/eivissa\/"},{"@type":"ListItem","position":2,"name":"L&#8217;Agrupaci\u00f3 Socialista d&#8217;Eivissa alerta que el frac\u00e0s del Consell en la licitaci\u00f3 del servei d&#8217;autobusos deixa la ciutat d&#8217;Eivissa sense les 4 l\u00ednies urbanes previstes"}]},{"@type":"WebSite","@id":"https:\/\/www.psib-psoe.org\/eivissa\/#website","url":"https:\/\/www.psib-psoe.org\/eivissa\/","name":"Federaci\u00f3 Socialista d'Eivissa","description":"Socialistes d&#039;Eivissa","publisher":{"@id":"https:\/\/www.psib-psoe.org\/eivissa\/#organization"},"potentialAction":[{"@type":"SearchAction","target":{"@type":"EntryPoint","urlTemplate":"https:\/\/www.psib-psoe.org\/eivissa\/?s={search_term_string}"},"query-input":{"@type":"PropertyValueSpecification","valueRequired":true,"valueName":"search_term_string"}}],"inLanguage":"ca"},{"@type":"Organization","@id":"https:\/\/www.psib-psoe.org\/eivissa\/#organization","name":"Federaci\u00f3 Socialista d'Eivissa","url":"https:\/\/www.psib-psoe.org\/eivissa\/","logo":{"@type":"ImageObject","inLanguage":"ca","@id":"https:\/\/www.psib-psoe.org\/eivissa\/#\/schema\/logo\/image\/","url":"https:\/\/www.psib-psoe.org\/eivissa\/wp-content\/uploads\/LOGO-FSE-SOCIALISTA-DEIVISSA-HORI.png","contentUrl":"https:\/\/www.psib-psoe.org\/eivissa\/wp-content\/uploads\/LOGO-FSE-SOCIALISTA-DEIVISSA-HORI.png","width":6000,"height":3104,"caption":"Federaci\u00f3 Socialista d'Eivissa"},"image":{"@id":"https:\/\/www.psib-psoe.org\/eivissa\/#\/schema\/logo\/image\/"}},{"@type":"Person","@id":"https:\/\/www.psib-psoe.org\/eivissa\/#\/schema\/person\/706742f1e7e07ce08bd017f09ea62ace","name":"Tita Tur","url":"https:\/\/www.psib-psoe.org\/eivissa\/author\/tita\/"}]}},"_links":{"self":[{"href":"https:\/\/www.psib-psoe.org\/eivissa\/wp-json\/wp\/v2\/posts\/38668","targetHints":{"allow":["GET"]}}],"collection":[{"href":"https:\/\/www.psib-psoe.org\/eivissa\/wp-json\/wp\/v2\/posts"}],"about":[{"href":"https:\/\/www.psib-psoe.org\/eivissa\/wp-json\/wp\/v2\/types\/post"}],"author":[{"embeddable":true,"href":"https:\/\/www.psib-psoe.org\/eivissa\/wp-json\/wp\/v2\/users\/15"}],"replies":[{"embeddable":true,"href":"https:\/\/www.psib-psoe.org\/eivissa\/wp-json\/wp\/v2\/comments?post=38668"}],"version-history":[{"count":1,"href":"https:\/\/www.psib-psoe.org\/eivissa\/wp-json\/wp\/v2\/posts\/38668\/revisions"}],"predecessor-version":[{"id":38671,"href":"https:\/\/www.psib-psoe.org\/eivissa\/wp-json\/wp\/v2\/posts\/38668\/revisions\/38671"}],"wp:featuredmedia":[{"embeddable":true,"href":"https:\/\/www.psib-psoe.org\/eivissa\/wp-json\/wp\/v2\/media\/38669"}],"wp:attachment":[{"href":"https:\/\/www.psib-psoe.org\/eivissa\/wp-json\/wp\/v2\/media?parent=38668"}],"wp:term":[{"taxonomy":"category","embeddable":true,"href":"https:\/\/www.psib-psoe.org\/eivissa\/wp-json\/wp\/v2\/categories?post=38668"},{"taxonomy":"post_tag","embeddable":true,"href":"https:\/\/www.psib-psoe.org\/eivissa\/wp-json\/wp\/v2\/tags?post=38668"}],"curies":[{"name":"wp","href":"https:\/\/api.w.org\/{rel}","templated":true}]}}