{"id":38759,"date":"2024-02-20T13:45:08","date_gmt":"2024-02-20T11:45:08","guid":{"rendered":"https:\/\/www.psib-psoe.org\/eivissa\/?p=38759"},"modified":"2024-02-20T13:45:08","modified_gmt":"2024-02-20T11:45:08","slug":"el-psoe-de-santa-eularia-adverteix-que-ja-arribam-tard-per-a-la-renovacio-de-la-gestio-municipal-de-laigua-que-caduca-lany-2025","status":"publish","type":"post","link":"https:\/\/www.psib-psoe.org\/eivissa\/el-psoe-de-santa-eularia-adverteix-que-ja-arribam-tard-per-a-la-renovacio-de-la-gestio-municipal-de-laigua-que-caduca-lany-2025\/","title":{"rendered":"El PSOE de Santa Eul\u00e0ria adverteix que ja arribam tard per a la renovaci\u00f3 de la gesti\u00f3 municipal de l\u2019aigua que caduca l\u2019any 2025"},"content":{"rendered":"<p dir=\"ltr\"><strong>El grup Socialista reclama a l\u2019ajuntament la licitaci\u00f3 del nou contracte amb millores del servei, m\u00e9s coordinaci\u00f3, mesures contra la sequera i per millorar la productivitat de l\u2019agricultura.<\/strong><\/p>\n<p dir=\"ltr\">El grup Socialista de Santa Eul\u00e0ria des Riu adverteix que el contracte de subministrament municipal d\u2019aigua caduca l\u2019any 2025 i reclama a l\u2019ajuntament que inici\u00ef el procediment de licitaci\u00f3 per tal d\u2019evitar noves pr\u00f2rrogues. El PSOE presentar\u00e0 al pr\u00f2xim Ple una proposta d\u2019acord sobre la gesti\u00f3 de l\u2019aigua per tal de fer front a l\u2019actual sequera i millorar la gesti\u00f3 municipal del recurs.<\/p>\n<p dir=\"ltr\">El PSOE proposa \u201ciniciar les accions pertinents per a comen\u00e7ar a elaborar uns plecs de condicions que permeti licitar la concessi\u00f3 de l&#8217;aigua per ser adjudicada a tot tardar l&#8217;agost de 2025\u201d.<\/p>\n<p dir=\"ltr\">Tamb\u00e9 demana \u201cconvocar la comissi\u00f3 de l&#8217;aigua per a definir les l\u00ednies estrat\u00e8giques en la gesti\u00f3 de l&#8217;aigua per als anys vinents. Aquestes l\u00ednies haurien de contemplar, almenys, el reaprofitament de les aig\u00fces terci\u00e0ries, la situaci\u00f3 progressiva de sequera, la gesti\u00f3 sostenible de l&#8217;aigua i la necessitat de recuperar els aq\u00fc\u00edfers\u201d.<\/p>\n<p dir=\"ltr\">El grup socialista recorda que, \u201cja que els aq\u00fc\u00edfers no entenen de fronteres, algunes d&#8217;aquestes accions s\u2019han de realitzar de forma coordinada amb el Consell Insular d&#8217;Eivissa, i la resta d\u2019Ajuntaments i administracions implicades\u201d.<\/p>\n<p dir=\"ltr\">Al plenari realitzat el juliol de 2018 es va aprovar, entre altres aspectes relacionats amb l&#8217;aigua, la pr\u00f2rroga del servei de subministrament de l&#8217;aigua amb l&#8217;empresa Aqualia fins a l&#8217;any 2025. En aquell plenari i en d&#8217;altres posteriors ja es va esgrimir la dificultat t\u00e8cnica de crear un plec de condicions que contempl\u00e9s tant la variabilitat en l&#8217;extracci\u00f3 i generaci\u00f3 de l&#8217;aigua per part de les dessaladores com les incerteses inherents a la municipalitzaci\u00f3 de la xarxa de distribuci\u00f3.<\/p>\n<p dir=\"ltr\">No nom\u00e9s per la sequera en la qual ens trobam, sin\u00f3 tamb\u00e9 per la necessitat de conservar i millorar la situaci\u00f3 dels aq\u00fc\u00edfers de la nostra illa, s&#8217;estan planificant diverses infraestructures com la creaci\u00f3 i posada en marxa d&#8217;una nova l\u00ednia de dessalaci\u00f3 a la dessaladora de Santa Eul\u00e0ria, la futura creaci\u00f3 d&#8217;una nova dessaladora a Sant Josep o la injecci\u00f3 d&#8217;aigua dessalada als aq\u00fc\u00edfers durant l&#8217;hivern per a la seva recuperaci\u00f3.<\/p>\n<p dir=\"ltr\">El PSOE tamb\u00e9 considera imprescindible abordar ja el problema de la salinitzaci\u00f3 de la bassa de Sa Rota que fa m\u00e9s de 20 anys que no es pot emprar, analitzant i reduint els or\u00edgens de la salinitzaci\u00f3 perqu\u00e8 es posi en marxa per all\u00f2 que es va crear i que tanta falta fa actualment.<\/p>\n<p dir=\"ltr\">Igualment, demana que s&#8217;avanci en la reducci\u00f3 de les p\u00e8rdues a la xarxa de distribuci\u00f3 fins a arribar a un 15-20%, en la detecci\u00f3 primerenca de fuites, en la digitalitzaci\u00f3 del servei i en un reaprofitament de les aig\u00fces terci\u00e0ries provinents de les depuradores, que ara pr\u00e0cticament en la seua totalitat es llen\u00e7a a la mar, creant noves infraestructures i serveis.<\/p>\n<p dir=\"ltr\">Si aquestes aig\u00fces s&#8217;utilitzessin per al reg de cert tipus de cultius, no nom\u00e9s reduirien la necessitat de regar amb aigua de boca provinent dels aq\u00fc\u00edfers o de la dessalaci\u00f3 sin\u00f3 que podr\u00edem millorar la rendibilitat del nostre camp, un altre necessitat urgent que s&#8217;ha posat de manifest aquests dies.<\/p>\n<p dir=\"ltr\">Les necessitats i els reptes en mat\u00e8ria d&#8217;aigua no deixen de cr\u00e9ixer, les necessitats de noves infraestructures i serveis s\u00f3n urgents i \u00e9s necessari treballar amb celeritat amb aquest tema, ja que la feina a fer \u00e9s ingent, i probablement ja anam tard per a adjudicar aquest servei abans d&#8217;agost de 2025, adverteix el PSOE de Santa Eul\u00e0ria.<\/p>\n","protected":false},"excerpt":{"rendered":"<p>El grup Socialista reclama a l\u2019ajuntament la licitaci\u00f3 del nou contracte amb millores del servei, m\u00e9s coordinaci\u00f3, mesures contra la sequera i per millorar la productivitat de l\u2019agricultura. El grup Socialista de Santa Eul\u00e0ria des Riu adverteix que el contracte de subministrament municipal d\u2019aigua caduca l\u2019any 2025 i reclama a l\u2019ajuntament que inici\u00ef el procediment&hellip;<\/p>\n","protected":false},"author":10,"featured_media":38743,"comment_status":"closed","ping_status":"closed","sticky":false,"template":"","format":"standard","meta":{"footnotes":""},"categories":[1,234,186],"tags":[],"class_list":["post-38759","post","type-post","status-publish","format-standard","has-post-thumbnail","hentry","category-federacio-de-eivissa-portada","category-municipis","category-santa-eularia-des-riu"],"yoast_head":"<!-- This site is optimized with the Yoast SEO plugin v26.9 - https:\/\/yoast.com\/product\/yoast-seo-wordpress\/ -->\n<title>El PSOE de Santa Eul\u00e0ria adverteix que ja arribam tard per a la renovaci\u00f3 de la gesti\u00f3 municipal de l\u2019aigua que caduca l\u2019any 2025 - Federaci\u00f3 Socialista d&#039;Eivissa<\/title>\n<meta name=\"robots\" content=\"index, follow, max-snippet:-1, max-image-preview:large, max-video-preview:-1\" \/>\n<link rel=\"canonical\" href=\"https:\/\/www.psib-psoe.org\/eivissa\/el-psoe-de-santa-eularia-adverteix-que-ja-arribam-tard-per-a-la-renovacio-de-la-gestio-municipal-de-laigua-que-caduca-lany-2025\/\" \/>\n<meta property=\"og:locale\" content=\"ca_ES\" \/>\n<meta property=\"og:type\" content=\"article\" \/>\n<meta property=\"og:title\" content=\"El PSOE de Santa Eul\u00e0ria adverteix que ja arribam tard per a la renovaci\u00f3 de la gesti\u00f3 municipal de l\u2019aigua que caduca l\u2019any 2025 - Federaci\u00f3 Socialista d&#039;Eivissa\" \/>\n<meta property=\"og:description\" content=\"El grup Socialista reclama a l\u2019ajuntament la licitaci\u00f3 del nou contracte amb millores del servei, m\u00e9s coordinaci\u00f3, mesures contra la sequera i per millorar la productivitat de l\u2019agricultura. El grup Socialista de Santa Eul\u00e0ria des Riu adverteix que el contracte de subministrament municipal d\u2019aigua caduca l\u2019any 2025 i reclama a l\u2019ajuntament que inici\u00ef el procediment&hellip;\" \/>\n<meta property=\"og:url\" content=\"https:\/\/www.psib-psoe.org\/eivissa\/el-psoe-de-santa-eularia-adverteix-que-ja-arribam-tard-per-a-la-renovacio-de-la-gestio-municipal-de-laigua-que-caduca-lany-2025\/\" \/>\n<meta property=\"og:site_name\" content=\"Federaci\u00f3 Socialista d&#039;Eivissa\" \/>\n<meta property=\"article:published_time\" content=\"2024-02-20T11:45:08+00:00\" \/>\n<meta property=\"og:image\" content=\"https:\/\/www.psib-psoe.org\/eivissa\/wp-content\/uploads\/DESSALADORA.png\" \/>\n\t<meta property=\"og:image:width\" content=\"495\" \/>\n\t<meta property=\"og:image:height\" content=\"312\" \/>\n\t<meta property=\"og:image:type\" content=\"image\/png\" \/>\n<meta name=\"author\" content=\"PSOE Eivissa\" \/>\n<meta name=\"twitter:card\" content=\"summary_large_image\" \/>\n<meta name=\"twitter:label1\" content=\"Escrit per\" \/>\n\t<meta name=\"twitter:data1\" content=\"PSOE Eivissa\" \/>\n\t<meta name=\"twitter:label2\" content=\"Temps estimat de lectura\" \/>\n\t<meta name=\"twitter:data2\" content=\"3 minuts\" \/>\n<script type=\"application\/ld+json\" class=\"yoast-schema-graph\">{\"@context\":\"https:\/\/schema.org\",\"@graph\":[{\"@type\":[\"Article\",\"BlogPosting\"],\"@id\":\"https:\/\/www.psib-psoe.org\/eivissa\/el-psoe-de-santa-eularia-adverteix-que-ja-arribam-tard-per-a-la-renovacio-de-la-gestio-municipal-de-laigua-que-caduca-lany-2025\/#article\",\"isPartOf\":{\"@id\":\"https:\/\/www.psib-psoe.org\/eivissa\/el-psoe-de-santa-eularia-adverteix-que-ja-arribam-tard-per-a-la-renovacio-de-la-gestio-municipal-de-laigua-que-caduca-lany-2025\/\"},\"author\":{\"name\":\"PSOE Eivissa\",\"@id\":\"https:\/\/www.psib-psoe.org\/eivissa\/#\/schema\/person\/b71961f9b223766c28d12eca90cf67e0\"},\"headline\":\"El PSOE de Santa Eul\u00e0ria adverteix que ja arribam tard per a la renovaci\u00f3 de la gesti\u00f3 municipal de l\u2019aigua que caduca l\u2019any 2025\",\"datePublished\":\"2024-02-20T11:45:08+00:00\",\"mainEntityOfPage\":{\"@id\":\"https:\/\/www.psib-psoe.org\/eivissa\/el-psoe-de-santa-eularia-adverteix-que-ja-arribam-tard-per-a-la-renovacio-de-la-gestio-municipal-de-laigua-que-caduca-lany-2025\/\"},\"wordCount\":648,\"publisher\":{\"@id\":\"https:\/\/www.psib-psoe.org\/eivissa\/#organization\"},\"image\":{\"@id\":\"https:\/\/www.psib-psoe.org\/eivissa\/el-psoe-de-santa-eularia-adverteix-que-ja-arribam-tard-per-a-la-renovacio-de-la-gestio-municipal-de-laigua-que-caduca-lany-2025\/#primaryimage\"},\"thumbnailUrl\":\"https:\/\/www.psib-psoe.org\/eivissa\/wp-content\/uploads\/DESSALADORA.png\",\"articleSection\":[\"Federaci\u00f3 d'Eivissa - Portada\",\"Municipis\",\"Santa Eul\u00e0ria des Riu\"],\"inLanguage\":\"ca\"},{\"@type\":\"WebPage\",\"@id\":\"https:\/\/www.psib-psoe.org\/eivissa\/el-psoe-de-santa-eularia-adverteix-que-ja-arribam-tard-per-a-la-renovacio-de-la-gestio-municipal-de-laigua-que-caduca-lany-2025\/\",\"url\":\"https:\/\/www.psib-psoe.org\/eivissa\/el-psoe-de-santa-eularia-adverteix-que-ja-arribam-tard-per-a-la-renovacio-de-la-gestio-municipal-de-laigua-que-caduca-lany-2025\/\",\"name\":\"El PSOE de Santa Eul\u00e0ria adverteix que ja arribam tard per a la renovaci\u00f3 de la gesti\u00f3 municipal de l\u2019aigua que caduca l\u2019any 2025 - Federaci\u00f3 Socialista d&#039;Eivissa\",\"isPartOf\":{\"@id\":\"https:\/\/www.psib-psoe.org\/eivissa\/#website\"},\"primaryImageOfPage\":{\"@id\":\"https:\/\/www.psib-psoe.org\/eivissa\/el-psoe-de-santa-eularia-adverteix-que-ja-arribam-tard-per-a-la-renovacio-de-la-gestio-municipal-de-laigua-que-caduca-lany-2025\/#primaryimage\"},\"image\":{\"@id\":\"https:\/\/www.psib-psoe.org\/eivissa\/el-psoe-de-santa-eularia-adverteix-que-ja-arribam-tard-per-a-la-renovacio-de-la-gestio-municipal-de-laigua-que-caduca-lany-2025\/#primaryimage\"},\"thumbnailUrl\":\"https:\/\/www.psib-psoe.org\/eivissa\/wp-content\/uploads\/DESSALADORA.png\",\"datePublished\":\"2024-02-20T11:45:08+00:00\",\"breadcrumb\":{\"@id\":\"https:\/\/www.psib-psoe.org\/eivissa\/el-psoe-de-santa-eularia-adverteix-que-ja-arribam-tard-per-a-la-renovacio-de-la-gestio-municipal-de-laigua-que-caduca-lany-2025\/#breadcrumb\"},\"inLanguage\":\"ca\",\"potentialAction\":[{\"@type\":\"ReadAction\",\"target\":[\"https:\/\/www.psib-psoe.org\/eivissa\/el-psoe-de-santa-eularia-adverteix-que-ja-arribam-tard-per-a-la-renovacio-de-la-gestio-municipal-de-laigua-que-caduca-lany-2025\/\"]}]},{\"@type\":\"ImageObject\",\"inLanguage\":\"ca\",\"@id\":\"https:\/\/www.psib-psoe.org\/eivissa\/el-psoe-de-santa-eularia-adverteix-que-ja-arribam-tard-per-a-la-renovacio-de-la-gestio-municipal-de-laigua-que-caduca-lany-2025\/#primaryimage\",\"url\":\"https:\/\/www.psib-psoe.org\/eivissa\/wp-content\/uploads\/DESSALADORA.png\",\"contentUrl\":\"https:\/\/www.psib-psoe.org\/eivissa\/wp-content\/uploads\/DESSALADORA.png\",\"width\":495,\"height\":312},{\"@type\":\"BreadcrumbList\",\"@id\":\"https:\/\/www.psib-psoe.org\/eivissa\/el-psoe-de-santa-eularia-adverteix-que-ja-arribam-tard-per-a-la-renovacio-de-la-gestio-municipal-de-laigua-que-caduca-lany-2025\/#breadcrumb\",\"itemListElement\":[{\"@type\":\"ListItem\",\"position\":1,\"name\":\"Inici\",\"item\":\"https:\/\/www.psib-psoe.org\/eivissa\/\"},{\"@type\":\"ListItem\",\"position\":2,\"name\":\"El PSOE de Santa Eul\u00e0ria adverteix que ja arribam tard per a la renovaci\u00f3 de la gesti\u00f3 municipal de l\u2019aigua que caduca l\u2019any 2025\"}]},{\"@type\":\"WebSite\",\"@id\":\"https:\/\/www.psib-psoe.org\/eivissa\/#website\",\"url\":\"https:\/\/www.psib-psoe.org\/eivissa\/\",\"name\":\"Federaci\u00f3 Socialista d'Eivissa\",\"description\":\"Socialistes d&#039;Eivissa\",\"publisher\":{\"@id\":\"https:\/\/www.psib-psoe.org\/eivissa\/#organization\"},\"potentialAction\":[{\"@type\":\"SearchAction\",\"target\":{\"@type\":\"EntryPoint\",\"urlTemplate\":\"https:\/\/www.psib-psoe.org\/eivissa\/?s={search_term_string}\"},\"query-input\":{\"@type\":\"PropertyValueSpecification\",\"valueRequired\":true,\"valueName\":\"search_term_string\"}}],\"inLanguage\":\"ca\"},{\"@type\":\"Organization\",\"@id\":\"https:\/\/www.psib-psoe.org\/eivissa\/#organization\",\"name\":\"Federaci\u00f3 Socialista d'Eivissa\",\"url\":\"https:\/\/www.psib-psoe.org\/eivissa\/\",\"logo\":{\"@type\":\"ImageObject\",\"inLanguage\":\"ca\",\"@id\":\"https:\/\/www.psib-psoe.org\/eivissa\/#\/schema\/logo\/image\/\",\"url\":\"https:\/\/www.psib-psoe.org\/eivissa\/wp-content\/uploads\/LOGO-FSE-SOCIALISTA-DEIVISSA-HORI.png\",\"contentUrl\":\"https:\/\/www.psib-psoe.org\/eivissa\/wp-content\/uploads\/LOGO-FSE-SOCIALISTA-DEIVISSA-HORI.png\",\"width\":6000,\"height\":3104,\"caption\":\"Federaci\u00f3 Socialista d'Eivissa\"},\"image\":{\"@id\":\"https:\/\/www.psib-psoe.org\/eivissa\/#\/schema\/logo\/image\/\"}},{\"@type\":\"Person\",\"@id\":\"https:\/\/www.psib-psoe.org\/eivissa\/#\/schema\/person\/b71961f9b223766c28d12eca90cf67e0\",\"name\":\"PSOE Eivissa\",\"url\":\"https:\/\/www.psib-psoe.org\/eivissa\/author\/adminalan\/\"}]}<\/script>\n<!-- \/ Yoast SEO plugin. -->","yoast_head_json":{"title":"El PSOE de Santa Eul\u00e0ria adverteix que ja arribam tard per a la renovaci\u00f3 de la gesti\u00f3 municipal de l\u2019aigua que caduca l\u2019any 2025 - Federaci\u00f3 Socialista d&#039;Eivissa","robots":{"index":"index","follow":"follow","max-snippet":"max-snippet:-1","max-image-preview":"max-image-preview:large","max-video-preview":"max-video-preview:-1"},"canonical":"https:\/\/www.psib-psoe.org\/eivissa\/el-psoe-de-santa-eularia-adverteix-que-ja-arribam-tard-per-a-la-renovacio-de-la-gestio-municipal-de-laigua-que-caduca-lany-2025\/","og_locale":"ca_ES","og_type":"article","og_title":"El PSOE de Santa Eul\u00e0ria adverteix que ja arribam tard per a la renovaci\u00f3 de la gesti\u00f3 municipal de l\u2019aigua que caduca l\u2019any 2025 - Federaci\u00f3 Socialista d&#039;Eivissa","og_description":"El grup Socialista reclama a l\u2019ajuntament la licitaci\u00f3 del nou contracte amb millores del servei, m\u00e9s coordinaci\u00f3, mesures contra la sequera i per millorar la productivitat de l\u2019agricultura. El grup Socialista de Santa Eul\u00e0ria des Riu adverteix que el contracte de subministrament municipal d\u2019aigua caduca l\u2019any 2025 i reclama a l\u2019ajuntament que inici\u00ef el procediment&hellip;","og_url":"https:\/\/www.psib-psoe.org\/eivissa\/el-psoe-de-santa-eularia-adverteix-que-ja-arribam-tard-per-a-la-renovacio-de-la-gestio-municipal-de-laigua-que-caduca-lany-2025\/","og_site_name":"Federaci\u00f3 Socialista d&#039;Eivissa","article_published_time":"2024-02-20T11:45:08+00:00","og_image":[{"width":495,"height":312,"url":"https:\/\/www.psib-psoe.org\/eivissa\/wp-content\/uploads\/DESSALADORA.png","type":"image\/png"}],"author":"PSOE Eivissa","twitter_card":"summary_large_image","twitter_misc":{"Escrit per":"PSOE Eivissa","Temps estimat de lectura":"3 minuts"},"schema":{"@context":"https:\/\/schema.org","@graph":[{"@type":["Article","BlogPosting"],"@id":"https:\/\/www.psib-psoe.org\/eivissa\/el-psoe-de-santa-eularia-adverteix-que-ja-arribam-tard-per-a-la-renovacio-de-la-gestio-municipal-de-laigua-que-caduca-lany-2025\/#article","isPartOf":{"@id":"https:\/\/www.psib-psoe.org\/eivissa\/el-psoe-de-santa-eularia-adverteix-que-ja-arribam-tard-per-a-la-renovacio-de-la-gestio-municipal-de-laigua-que-caduca-lany-2025\/"},"author":{"name":"PSOE Eivissa","@id":"https:\/\/www.psib-psoe.org\/eivissa\/#\/schema\/person\/b71961f9b223766c28d12eca90cf67e0"},"headline":"El PSOE de Santa Eul\u00e0ria adverteix que ja arribam tard per a la renovaci\u00f3 de la gesti\u00f3 municipal de l\u2019aigua que caduca l\u2019any 2025","datePublished":"2024-02-20T11:45:08+00:00","mainEntityOfPage":{"@id":"https:\/\/www.psib-psoe.org\/eivissa\/el-psoe-de-santa-eularia-adverteix-que-ja-arribam-tard-per-a-la-renovacio-de-la-gestio-municipal-de-laigua-que-caduca-lany-2025\/"},"wordCount":648,"publisher":{"@id":"https:\/\/www.psib-psoe.org\/eivissa\/#organization"},"image":{"@id":"https:\/\/www.psib-psoe.org\/eivissa\/el-psoe-de-santa-eularia-adverteix-que-ja-arribam-tard-per-a-la-renovacio-de-la-gestio-municipal-de-laigua-que-caduca-lany-2025\/#primaryimage"},"thumbnailUrl":"https:\/\/www.psib-psoe.org\/eivissa\/wp-content\/uploads\/DESSALADORA.png","articleSection":["Federaci\u00f3 d'Eivissa - Portada","Municipis","Santa Eul\u00e0ria des Riu"],"inLanguage":"ca"},{"@type":"WebPage","@id":"https:\/\/www.psib-psoe.org\/eivissa\/el-psoe-de-santa-eularia-adverteix-que-ja-arribam-tard-per-a-la-renovacio-de-la-gestio-municipal-de-laigua-que-caduca-lany-2025\/","url":"https:\/\/www.psib-psoe.org\/eivissa\/el-psoe-de-santa-eularia-adverteix-que-ja-arribam-tard-per-a-la-renovacio-de-la-gestio-municipal-de-laigua-que-caduca-lany-2025\/","name":"El PSOE de Santa Eul\u00e0ria adverteix que ja arribam tard per a la renovaci\u00f3 de la gesti\u00f3 municipal de l\u2019aigua que caduca l\u2019any 2025 - Federaci\u00f3 Socialista d&#039;Eivissa","isPartOf":{"@id":"https:\/\/www.psib-psoe.org\/eivissa\/#website"},"primaryImageOfPage":{"@id":"https:\/\/www.psib-psoe.org\/eivissa\/el-psoe-de-santa-eularia-adverteix-que-ja-arribam-tard-per-a-la-renovacio-de-la-gestio-municipal-de-laigua-que-caduca-lany-2025\/#primaryimage"},"image":{"@id":"https:\/\/www.psib-psoe.org\/eivissa\/el-psoe-de-santa-eularia-adverteix-que-ja-arribam-tard-per-a-la-renovacio-de-la-gestio-municipal-de-laigua-que-caduca-lany-2025\/#primaryimage"},"thumbnailUrl":"https:\/\/www.psib-psoe.org\/eivissa\/wp-content\/uploads\/DESSALADORA.png","datePublished":"2024-02-20T11:45:08+00:00","breadcrumb":{"@id":"https:\/\/www.psib-psoe.org\/eivissa\/el-psoe-de-santa-eularia-adverteix-que-ja-arribam-tard-per-a-la-renovacio-de-la-gestio-municipal-de-laigua-que-caduca-lany-2025\/#breadcrumb"},"inLanguage":"ca","potentialAction":[{"@type":"ReadAction","target":["https:\/\/www.psib-psoe.org\/eivissa\/el-psoe-de-santa-eularia-adverteix-que-ja-arribam-tard-per-a-la-renovacio-de-la-gestio-municipal-de-laigua-que-caduca-lany-2025\/"]}]},{"@type":"ImageObject","inLanguage":"ca","@id":"https:\/\/www.psib-psoe.org\/eivissa\/el-psoe-de-santa-eularia-adverteix-que-ja-arribam-tard-per-a-la-renovacio-de-la-gestio-municipal-de-laigua-que-caduca-lany-2025\/#primaryimage","url":"https:\/\/www.psib-psoe.org\/eivissa\/wp-content\/uploads\/DESSALADORA.png","contentUrl":"https:\/\/www.psib-psoe.org\/eivissa\/wp-content\/uploads\/DESSALADORA.png","width":495,"height":312},{"@type":"BreadcrumbList","@id":"https:\/\/www.psib-psoe.org\/eivissa\/el-psoe-de-santa-eularia-adverteix-que-ja-arribam-tard-per-a-la-renovacio-de-la-gestio-municipal-de-laigua-que-caduca-lany-2025\/#breadcrumb","itemListElement":[{"@type":"ListItem","position":1,"name":"Inici","item":"https:\/\/www.psib-psoe.org\/eivissa\/"},{"@type":"ListItem","position":2,"name":"El PSOE de Santa Eul\u00e0ria adverteix que ja arribam tard per a la renovaci\u00f3 de la gesti\u00f3 municipal de l\u2019aigua que caduca l\u2019any 2025"}]},{"@type":"WebSite","@id":"https:\/\/www.psib-psoe.org\/eivissa\/#website","url":"https:\/\/www.psib-psoe.org\/eivissa\/","name":"Federaci\u00f3 Socialista d'Eivissa","description":"Socialistes d&#039;Eivissa","publisher":{"@id":"https:\/\/www.psib-psoe.org\/eivissa\/#organization"},"potentialAction":[{"@type":"SearchAction","target":{"@type":"EntryPoint","urlTemplate":"https:\/\/www.psib-psoe.org\/eivissa\/?s={search_term_string}"},"query-input":{"@type":"PropertyValueSpecification","valueRequired":true,"valueName":"search_term_string"}}],"inLanguage":"ca"},{"@type":"Organization","@id":"https:\/\/www.psib-psoe.org\/eivissa\/#organization","name":"Federaci\u00f3 Socialista d'Eivissa","url":"https:\/\/www.psib-psoe.org\/eivissa\/","logo":{"@type":"ImageObject","inLanguage":"ca","@id":"https:\/\/www.psib-psoe.org\/eivissa\/#\/schema\/logo\/image\/","url":"https:\/\/www.psib-psoe.org\/eivissa\/wp-content\/uploads\/LOGO-FSE-SOCIALISTA-DEIVISSA-HORI.png","contentUrl":"https:\/\/www.psib-psoe.org\/eivissa\/wp-content\/uploads\/LOGO-FSE-SOCIALISTA-DEIVISSA-HORI.png","width":6000,"height":3104,"caption":"Federaci\u00f3 Socialista d'Eivissa"},"image":{"@id":"https:\/\/www.psib-psoe.org\/eivissa\/#\/schema\/logo\/image\/"}},{"@type":"Person","@id":"https:\/\/www.psib-psoe.org\/eivissa\/#\/schema\/person\/b71961f9b223766c28d12eca90cf67e0","name":"PSOE Eivissa","url":"https:\/\/www.psib-psoe.org\/eivissa\/author\/adminalan\/"}]}},"_links":{"self":[{"href":"https:\/\/www.psib-psoe.org\/eivissa\/wp-json\/wp\/v2\/posts\/38759","targetHints":{"allow":["GET"]}}],"collection":[{"href":"https:\/\/www.psib-psoe.org\/eivissa\/wp-json\/wp\/v2\/posts"}],"about":[{"href":"https:\/\/www.psib-psoe.org\/eivissa\/wp-json\/wp\/v2\/types\/post"}],"author":[{"embeddable":true,"href":"https:\/\/www.psib-psoe.org\/eivissa\/wp-json\/wp\/v2\/users\/10"}],"replies":[{"embeddable":true,"href":"https:\/\/www.psib-psoe.org\/eivissa\/wp-json\/wp\/v2\/comments?post=38759"}],"version-history":[{"count":1,"href":"https:\/\/www.psib-psoe.org\/eivissa\/wp-json\/wp\/v2\/posts\/38759\/revisions"}],"predecessor-version":[{"id":38760,"href":"https:\/\/www.psib-psoe.org\/eivissa\/wp-json\/wp\/v2\/posts\/38759\/revisions\/38760"}],"wp:featuredmedia":[{"embeddable":true,"href":"https:\/\/www.psib-psoe.org\/eivissa\/wp-json\/wp\/v2\/media\/38743"}],"wp:attachment":[{"href":"https:\/\/www.psib-psoe.org\/eivissa\/wp-json\/wp\/v2\/media?parent=38759"}],"wp:term":[{"taxonomy":"category","embeddable":true,"href":"https:\/\/www.psib-psoe.org\/eivissa\/wp-json\/wp\/v2\/categories?post=38759"},{"taxonomy":"post_tag","embeddable":true,"href":"https:\/\/www.psib-psoe.org\/eivissa\/wp-json\/wp\/v2\/tags?post=38759"}],"curies":[{"name":"wp","href":"https:\/\/api.w.org\/{rel}","templated":true}]}}