{"id":38761,"date":"2024-02-21T13:47:46","date_gmt":"2024-02-21T11:47:46","guid":{"rendered":"https:\/\/www.psib-psoe.org\/eivissa\/?p=38761"},"modified":"2024-02-21T13:47:46","modified_gmt":"2024-02-21T11:47:46","slug":"el-psoe-exigeix-a-vicent-mari-explicacions-pel-collapse-circulatori-a-les-rondes-de-la-ciutat-deivissa","status":"publish","type":"post","link":"https:\/\/www.psib-psoe.org\/eivissa\/el-psoe-exigeix-a-vicent-mari-explicacions-pel-collapse-circulatori-a-les-rondes-de-la-ciutat-deivissa\/","title":{"rendered":"El PSOE exigeix a Vicent Mar\u00ed explicacions pel col\u00b7lapse circulatori a les rondes de la ciutat d\u2019Eivissa"},"content":{"rendered":"<p>El PSOE exigeix a Vicent Mar\u00ed que doni explicacions pel col\u00b7lapse circulatori que pateixen des d\u2019ahir les rondes de la ciutat d\u2019Eivissa, a causa de la coincid\u00e8ncia de les obres de connexi\u00f3 el\u00e8ctrica a l\u2019E-10 i l\u2019asfaltatge de l\u2019autovia de l\u2019aeroport. La descoordinaci\u00f3 del Consell Insular amb el Govern balear i la concession\u00e0ria de l\u2019autovia ha convertit les rondes en un \u201cinfern\u201d circulatori per als conductors, sense que cap responsable de carreteres, comen\u00e7ant pel conseller Mariano Juan, hagi sortit a donar a la cara.<\/p>\n<p>Un exemple de la descoordinaci\u00f3 \u00e9s posar senyals, com ha fet el Consell, d\u2019indicar l\u2019E-10 com a via alternativa a l\u2019aeroport, quan aquesta tamb\u00e9 t\u00e9 un carril tallat per les obres de la connexi\u00f3 el\u00e8ctrica. El caos \u00e9s total, per culpa de la falta de coordinaci\u00f3 i una programaci\u00f3 deficient de les obres, aix\u00ed com una total i absoluta falta d\u2019informaci\u00f3 a la ciutadania per part del Consell Insular, que com a responsable de la xarxa vi\u00e0ria i que hauria d\u2019haver dirigit la comunicaci\u00f3 de les afectacions.<\/p>\n<p>En tot cas, permetre coincidir unes obres amb les altres, i a damunt afectant les carreteres en hores punta de mobilitat, en comptes de buscar horaris amb menys afectaci\u00f3, \u00e9s un error de planificaci\u00f3 grav\u00edssim per part del conseller Mariano Juan, qui hauria d\u2019estar prenent mesures i disculpar-se davant de la ciutadania pel caos que ha provocat.<\/p>\n<p>Des del PSOE tamb\u00e9 volem manifestar el nostre rebuig a les manifestacions del Partit Popular, que ha atribu\u00eft el col\u00b7lapse \u00fanica i exclusivament a l\u2019empresa concession\u00e0ria de l\u2019autovia de l\u2019aeroport, com si el Consell Insular no tengu\u00e9s cap responsabilitat en la coordinaci\u00f3 sobre actuacions que afecten a la xarxa vi\u00e0ria. I m\u00e9s quan justament les retencions estan afectant trams de carretera que s\u00ed que s\u00f3n de la titularitat, com \u00e9s el tram de l\u2019E-20 que va del pont de Jes\u00fas fins a la boca del t\u00fanel de Can Sifre.<\/p>\n","protected":false},"excerpt":{"rendered":"<p>El PSOE exigeix a Vicent Mar\u00ed que doni explicacions pel col\u00b7lapse circulatori que pateixen des d\u2019ahir les rondes de la ciutat d\u2019Eivissa, a causa de la coincid\u00e8ncia de les obres de connexi\u00f3 el\u00e8ctrica a l\u2019E-10 i l\u2019asfaltatge de l\u2019autovia de l\u2019aeroport. La descoordinaci\u00f3 del Consell Insular amb el Govern balear i la concession\u00e0ria de l\u2019autovia&hellip;<\/p>\n","protected":false},"author":7,"featured_media":38763,"comment_status":"closed","ping_status":"closed","sticky":false,"template":"","format":"standard","meta":{"footnotes":""},"categories":[183,192,1,234],"tags":[],"class_list":["post-38761","post","type-post","status-publish","format-standard","has-post-thumbnail","hentry","category-ciutat-deivissa","category-consell-deivissa","category-federacio-de-eivissa-portada","category-municipis"],"yoast_head":"<!-- This site is optimized with the Yoast SEO plugin v26.9 - https:\/\/yoast.com\/product\/yoast-seo-wordpress\/ -->\n<title>El PSOE exigeix a Vicent Mar\u00ed explicacions pel col\u00b7lapse circulatori a les rondes de la ciutat d\u2019Eivissa - Federaci\u00f3 Socialista d&#039;Eivissa<\/title>\n<meta name=\"robots\" content=\"index, follow, max-snippet:-1, max-image-preview:large, max-video-preview:-1\" \/>\n<link rel=\"canonical\" href=\"https:\/\/www.psib-psoe.org\/eivissa\/el-psoe-exigeix-a-vicent-mari-explicacions-pel-collapse-circulatori-a-les-rondes-de-la-ciutat-deivissa\/\" \/>\n<meta property=\"og:locale\" content=\"ca_ES\" \/>\n<meta property=\"og:type\" content=\"article\" \/>\n<meta property=\"og:title\" content=\"El PSOE exigeix a Vicent Mar\u00ed explicacions pel col\u00b7lapse circulatori a les rondes de la ciutat d\u2019Eivissa - Federaci\u00f3 Socialista d&#039;Eivissa\" \/>\n<meta property=\"og:description\" content=\"El PSOE exigeix a Vicent Mar\u00ed que doni explicacions pel col\u00b7lapse circulatori que pateixen des d\u2019ahir les rondes de la ciutat d\u2019Eivissa, a causa de la coincid\u00e8ncia de les obres de connexi\u00f3 el\u00e8ctrica a l\u2019E-10 i l\u2019asfaltatge de l\u2019autovia de l\u2019aeroport. La descoordinaci\u00f3 del Consell Insular amb el Govern balear i la concession\u00e0ria de l\u2019autovia&hellip;\" \/>\n<meta property=\"og:url\" content=\"https:\/\/www.psib-psoe.org\/eivissa\/el-psoe-exigeix-a-vicent-mari-explicacions-pel-collapse-circulatori-a-les-rondes-de-la-ciutat-deivissa\/\" \/>\n<meta property=\"og:site_name\" content=\"Federaci\u00f3 Socialista d&#039;Eivissa\" \/>\n<meta property=\"article:published_time\" content=\"2024-02-21T11:47:46+00:00\" \/>\n<meta property=\"og:image\" content=\"https:\/\/www.psib-psoe.org\/eivissa\/wp-content\/uploads\/ronda-transit-collapse-scaled.jpeg\" \/>\n\t<meta property=\"og:image:width\" content=\"1920\" \/>\n\t<meta property=\"og:image:height\" content=\"2560\" \/>\n\t<meta property=\"og:image:type\" content=\"image\/jpeg\" \/>\n<meta name=\"author\" content=\"Josep Ripoll\" \/>\n<meta name=\"twitter:card\" content=\"summary_large_image\" \/>\n<meta name=\"twitter:label1\" content=\"Escrit per\" \/>\n\t<meta name=\"twitter:data1\" content=\"Josep Ripoll\" \/>\n\t<meta name=\"twitter:label2\" content=\"Temps estimat de lectura\" \/>\n\t<meta name=\"twitter:data2\" content=\"2 minuts\" \/>\n<script type=\"application\/ld+json\" class=\"yoast-schema-graph\">{\"@context\":\"https:\/\/schema.org\",\"@graph\":[{\"@type\":[\"Article\",\"BlogPosting\"],\"@id\":\"https:\/\/www.psib-psoe.org\/eivissa\/el-psoe-exigeix-a-vicent-mari-explicacions-pel-collapse-circulatori-a-les-rondes-de-la-ciutat-deivissa\/#article\",\"isPartOf\":{\"@id\":\"https:\/\/www.psib-psoe.org\/eivissa\/el-psoe-exigeix-a-vicent-mari-explicacions-pel-collapse-circulatori-a-les-rondes-de-la-ciutat-deivissa\/\"},\"author\":{\"name\":\"Josep Ripoll\",\"@id\":\"https:\/\/www.psib-psoe.org\/eivissa\/#\/schema\/person\/7a9d2841fb36f32e34fc0e9b245e8117\"},\"headline\":\"El PSOE exigeix a Vicent Mar\u00ed explicacions pel col\u00b7lapse circulatori a les rondes de la ciutat d\u2019Eivissa\",\"datePublished\":\"2024-02-21T11:47:46+00:00\",\"mainEntityOfPage\":{\"@id\":\"https:\/\/www.psib-psoe.org\/eivissa\/el-psoe-exigeix-a-vicent-mari-explicacions-pel-collapse-circulatori-a-les-rondes-de-la-ciutat-deivissa\/\"},\"wordCount\":370,\"publisher\":{\"@id\":\"https:\/\/www.psib-psoe.org\/eivissa\/#organization\"},\"image\":{\"@id\":\"https:\/\/www.psib-psoe.org\/eivissa\/el-psoe-exigeix-a-vicent-mari-explicacions-pel-collapse-circulatori-a-les-rondes-de-la-ciutat-deivissa\/#primaryimage\"},\"thumbnailUrl\":\"https:\/\/www.psib-psoe.org\/eivissa\/wp-content\/uploads\/ronda-transit-collapse-scaled.jpeg\",\"articleSection\":[\"Ciutat d'Eivissa\",\"Consell d'Eivissa\",\"Federaci\u00f3 d'Eivissa - Portada\",\"Municipis\"],\"inLanguage\":\"ca\"},{\"@type\":\"WebPage\",\"@id\":\"https:\/\/www.psib-psoe.org\/eivissa\/el-psoe-exigeix-a-vicent-mari-explicacions-pel-collapse-circulatori-a-les-rondes-de-la-ciutat-deivissa\/\",\"url\":\"https:\/\/www.psib-psoe.org\/eivissa\/el-psoe-exigeix-a-vicent-mari-explicacions-pel-collapse-circulatori-a-les-rondes-de-la-ciutat-deivissa\/\",\"name\":\"El PSOE exigeix a Vicent Mar\u00ed explicacions pel col\u00b7lapse circulatori a les rondes de la ciutat d\u2019Eivissa - Federaci\u00f3 Socialista d&#039;Eivissa\",\"isPartOf\":{\"@id\":\"https:\/\/www.psib-psoe.org\/eivissa\/#website\"},\"primaryImageOfPage\":{\"@id\":\"https:\/\/www.psib-psoe.org\/eivissa\/el-psoe-exigeix-a-vicent-mari-explicacions-pel-collapse-circulatori-a-les-rondes-de-la-ciutat-deivissa\/#primaryimage\"},\"image\":{\"@id\":\"https:\/\/www.psib-psoe.org\/eivissa\/el-psoe-exigeix-a-vicent-mari-explicacions-pel-collapse-circulatori-a-les-rondes-de-la-ciutat-deivissa\/#primaryimage\"},\"thumbnailUrl\":\"https:\/\/www.psib-psoe.org\/eivissa\/wp-content\/uploads\/ronda-transit-collapse-scaled.jpeg\",\"datePublished\":\"2024-02-21T11:47:46+00:00\",\"breadcrumb\":{\"@id\":\"https:\/\/www.psib-psoe.org\/eivissa\/el-psoe-exigeix-a-vicent-mari-explicacions-pel-collapse-circulatori-a-les-rondes-de-la-ciutat-deivissa\/#breadcrumb\"},\"inLanguage\":\"ca\",\"potentialAction\":[{\"@type\":\"ReadAction\",\"target\":[\"https:\/\/www.psib-psoe.org\/eivissa\/el-psoe-exigeix-a-vicent-mari-explicacions-pel-collapse-circulatori-a-les-rondes-de-la-ciutat-deivissa\/\"]}]},{\"@type\":\"ImageObject\",\"inLanguage\":\"ca\",\"@id\":\"https:\/\/www.psib-psoe.org\/eivissa\/el-psoe-exigeix-a-vicent-mari-explicacions-pel-collapse-circulatori-a-les-rondes-de-la-ciutat-deivissa\/#primaryimage\",\"url\":\"https:\/\/www.psib-psoe.org\/eivissa\/wp-content\/uploads\/ronda-transit-collapse-scaled.jpeg\",\"contentUrl\":\"https:\/\/www.psib-psoe.org\/eivissa\/wp-content\/uploads\/ronda-transit-collapse-scaled.jpeg\",\"width\":1920,\"height\":2560},{\"@type\":\"BreadcrumbList\",\"@id\":\"https:\/\/www.psib-psoe.org\/eivissa\/el-psoe-exigeix-a-vicent-mari-explicacions-pel-collapse-circulatori-a-les-rondes-de-la-ciutat-deivissa\/#breadcrumb\",\"itemListElement\":[{\"@type\":\"ListItem\",\"position\":1,\"name\":\"Inici\",\"item\":\"https:\/\/www.psib-psoe.org\/eivissa\/\"},{\"@type\":\"ListItem\",\"position\":2,\"name\":\"El PSOE exigeix a Vicent Mar\u00ed explicacions pel col\u00b7lapse circulatori a les rondes de la ciutat d\u2019Eivissa\"}]},{\"@type\":\"WebSite\",\"@id\":\"https:\/\/www.psib-psoe.org\/eivissa\/#website\",\"url\":\"https:\/\/www.psib-psoe.org\/eivissa\/\",\"name\":\"Federaci\u00f3 Socialista d'Eivissa\",\"description\":\"Socialistes d&#039;Eivissa\",\"publisher\":{\"@id\":\"https:\/\/www.psib-psoe.org\/eivissa\/#organization\"},\"potentialAction\":[{\"@type\":\"SearchAction\",\"target\":{\"@type\":\"EntryPoint\",\"urlTemplate\":\"https:\/\/www.psib-psoe.org\/eivissa\/?s={search_term_string}\"},\"query-input\":{\"@type\":\"PropertyValueSpecification\",\"valueRequired\":true,\"valueName\":\"search_term_string\"}}],\"inLanguage\":\"ca\"},{\"@type\":\"Organization\",\"@id\":\"https:\/\/www.psib-psoe.org\/eivissa\/#organization\",\"name\":\"Federaci\u00f3 Socialista d'Eivissa\",\"url\":\"https:\/\/www.psib-psoe.org\/eivissa\/\",\"logo\":{\"@type\":\"ImageObject\",\"inLanguage\":\"ca\",\"@id\":\"https:\/\/www.psib-psoe.org\/eivissa\/#\/schema\/logo\/image\/\",\"url\":\"https:\/\/www.psib-psoe.org\/eivissa\/wp-content\/uploads\/LOGO-FSE-SOCIALISTA-DEIVISSA-HORI.png\",\"contentUrl\":\"https:\/\/www.psib-psoe.org\/eivissa\/wp-content\/uploads\/LOGO-FSE-SOCIALISTA-DEIVISSA-HORI.png\",\"width\":6000,\"height\":3104,\"caption\":\"Federaci\u00f3 Socialista d'Eivissa\"},\"image\":{\"@id\":\"https:\/\/www.psib-psoe.org\/eivissa\/#\/schema\/logo\/image\/\"}},{\"@type\":\"Person\",\"@id\":\"https:\/\/www.psib-psoe.org\/eivissa\/#\/schema\/person\/7a9d2841fb36f32e34fc0e9b245e8117\",\"name\":\"Josep Ripoll\",\"sameAs\":[\"http:\/\/www.psib-psoe.org\/eivissa\/wp-login.php\"],\"url\":\"https:\/\/www.psib-psoe.org\/eivissa\/author\/josep\/\"}]}<\/script>\n<!-- \/ Yoast SEO plugin. -->","yoast_head_json":{"title":"El PSOE exigeix a Vicent Mar\u00ed explicacions pel col\u00b7lapse circulatori a les rondes de la ciutat d\u2019Eivissa - Federaci\u00f3 Socialista d&#039;Eivissa","robots":{"index":"index","follow":"follow","max-snippet":"max-snippet:-1","max-image-preview":"max-image-preview:large","max-video-preview":"max-video-preview:-1"},"canonical":"https:\/\/www.psib-psoe.org\/eivissa\/el-psoe-exigeix-a-vicent-mari-explicacions-pel-collapse-circulatori-a-les-rondes-de-la-ciutat-deivissa\/","og_locale":"ca_ES","og_type":"article","og_title":"El PSOE exigeix a Vicent Mar\u00ed explicacions pel col\u00b7lapse circulatori a les rondes de la ciutat d\u2019Eivissa - Federaci\u00f3 Socialista d&#039;Eivissa","og_description":"El PSOE exigeix a Vicent Mar\u00ed que doni explicacions pel col\u00b7lapse circulatori que pateixen des d\u2019ahir les rondes de la ciutat d\u2019Eivissa, a causa de la coincid\u00e8ncia de les obres de connexi\u00f3 el\u00e8ctrica a l\u2019E-10 i l\u2019asfaltatge de l\u2019autovia de l\u2019aeroport. La descoordinaci\u00f3 del Consell Insular amb el Govern balear i la concession\u00e0ria de l\u2019autovia&hellip;","og_url":"https:\/\/www.psib-psoe.org\/eivissa\/el-psoe-exigeix-a-vicent-mari-explicacions-pel-collapse-circulatori-a-les-rondes-de-la-ciutat-deivissa\/","og_site_name":"Federaci\u00f3 Socialista d&#039;Eivissa","article_published_time":"2024-02-21T11:47:46+00:00","og_image":[{"width":1920,"height":2560,"url":"https:\/\/www.psib-psoe.org\/eivissa\/wp-content\/uploads\/ronda-transit-collapse-scaled.jpeg","type":"image\/jpeg"}],"author":"Josep Ripoll","twitter_card":"summary_large_image","twitter_misc":{"Escrit per":"Josep Ripoll","Temps estimat de lectura":"2 minuts"},"schema":{"@context":"https:\/\/schema.org","@graph":[{"@type":["Article","BlogPosting"],"@id":"https:\/\/www.psib-psoe.org\/eivissa\/el-psoe-exigeix-a-vicent-mari-explicacions-pel-collapse-circulatori-a-les-rondes-de-la-ciutat-deivissa\/#article","isPartOf":{"@id":"https:\/\/www.psib-psoe.org\/eivissa\/el-psoe-exigeix-a-vicent-mari-explicacions-pel-collapse-circulatori-a-les-rondes-de-la-ciutat-deivissa\/"},"author":{"name":"Josep Ripoll","@id":"https:\/\/www.psib-psoe.org\/eivissa\/#\/schema\/person\/7a9d2841fb36f32e34fc0e9b245e8117"},"headline":"El PSOE exigeix a Vicent Mar\u00ed explicacions pel col\u00b7lapse circulatori a les rondes de la ciutat d\u2019Eivissa","datePublished":"2024-02-21T11:47:46+00:00","mainEntityOfPage":{"@id":"https:\/\/www.psib-psoe.org\/eivissa\/el-psoe-exigeix-a-vicent-mari-explicacions-pel-collapse-circulatori-a-les-rondes-de-la-ciutat-deivissa\/"},"wordCount":370,"publisher":{"@id":"https:\/\/www.psib-psoe.org\/eivissa\/#organization"},"image":{"@id":"https:\/\/www.psib-psoe.org\/eivissa\/el-psoe-exigeix-a-vicent-mari-explicacions-pel-collapse-circulatori-a-les-rondes-de-la-ciutat-deivissa\/#primaryimage"},"thumbnailUrl":"https:\/\/www.psib-psoe.org\/eivissa\/wp-content\/uploads\/ronda-transit-collapse-scaled.jpeg","articleSection":["Ciutat d'Eivissa","Consell d'Eivissa","Federaci\u00f3 d'Eivissa - Portada","Municipis"],"inLanguage":"ca"},{"@type":"WebPage","@id":"https:\/\/www.psib-psoe.org\/eivissa\/el-psoe-exigeix-a-vicent-mari-explicacions-pel-collapse-circulatori-a-les-rondes-de-la-ciutat-deivissa\/","url":"https:\/\/www.psib-psoe.org\/eivissa\/el-psoe-exigeix-a-vicent-mari-explicacions-pel-collapse-circulatori-a-les-rondes-de-la-ciutat-deivissa\/","name":"El PSOE exigeix a Vicent Mar\u00ed explicacions pel col\u00b7lapse circulatori a les rondes de la ciutat d\u2019Eivissa - Federaci\u00f3 Socialista d&#039;Eivissa","isPartOf":{"@id":"https:\/\/www.psib-psoe.org\/eivissa\/#website"},"primaryImageOfPage":{"@id":"https:\/\/www.psib-psoe.org\/eivissa\/el-psoe-exigeix-a-vicent-mari-explicacions-pel-collapse-circulatori-a-les-rondes-de-la-ciutat-deivissa\/#primaryimage"},"image":{"@id":"https:\/\/www.psib-psoe.org\/eivissa\/el-psoe-exigeix-a-vicent-mari-explicacions-pel-collapse-circulatori-a-les-rondes-de-la-ciutat-deivissa\/#primaryimage"},"thumbnailUrl":"https:\/\/www.psib-psoe.org\/eivissa\/wp-content\/uploads\/ronda-transit-collapse-scaled.jpeg","datePublished":"2024-02-21T11:47:46+00:00","breadcrumb":{"@id":"https:\/\/www.psib-psoe.org\/eivissa\/el-psoe-exigeix-a-vicent-mari-explicacions-pel-collapse-circulatori-a-les-rondes-de-la-ciutat-deivissa\/#breadcrumb"},"inLanguage":"ca","potentialAction":[{"@type":"ReadAction","target":["https:\/\/www.psib-psoe.org\/eivissa\/el-psoe-exigeix-a-vicent-mari-explicacions-pel-collapse-circulatori-a-les-rondes-de-la-ciutat-deivissa\/"]}]},{"@type":"ImageObject","inLanguage":"ca","@id":"https:\/\/www.psib-psoe.org\/eivissa\/el-psoe-exigeix-a-vicent-mari-explicacions-pel-collapse-circulatori-a-les-rondes-de-la-ciutat-deivissa\/#primaryimage","url":"https:\/\/www.psib-psoe.org\/eivissa\/wp-content\/uploads\/ronda-transit-collapse-scaled.jpeg","contentUrl":"https:\/\/www.psib-psoe.org\/eivissa\/wp-content\/uploads\/ronda-transit-collapse-scaled.jpeg","width":1920,"height":2560},{"@type":"BreadcrumbList","@id":"https:\/\/www.psib-psoe.org\/eivissa\/el-psoe-exigeix-a-vicent-mari-explicacions-pel-collapse-circulatori-a-les-rondes-de-la-ciutat-deivissa\/#breadcrumb","itemListElement":[{"@type":"ListItem","position":1,"name":"Inici","item":"https:\/\/www.psib-psoe.org\/eivissa\/"},{"@type":"ListItem","position":2,"name":"El PSOE exigeix a Vicent Mar\u00ed explicacions pel col\u00b7lapse circulatori a les rondes de la ciutat d\u2019Eivissa"}]},{"@type":"WebSite","@id":"https:\/\/www.psib-psoe.org\/eivissa\/#website","url":"https:\/\/www.psib-psoe.org\/eivissa\/","name":"Federaci\u00f3 Socialista d'Eivissa","description":"Socialistes d&#039;Eivissa","publisher":{"@id":"https:\/\/www.psib-psoe.org\/eivissa\/#organization"},"potentialAction":[{"@type":"SearchAction","target":{"@type":"EntryPoint","urlTemplate":"https:\/\/www.psib-psoe.org\/eivissa\/?s={search_term_string}"},"query-input":{"@type":"PropertyValueSpecification","valueRequired":true,"valueName":"search_term_string"}}],"inLanguage":"ca"},{"@type":"Organization","@id":"https:\/\/www.psib-psoe.org\/eivissa\/#organization","name":"Federaci\u00f3 Socialista d'Eivissa","url":"https:\/\/www.psib-psoe.org\/eivissa\/","logo":{"@type":"ImageObject","inLanguage":"ca","@id":"https:\/\/www.psib-psoe.org\/eivissa\/#\/schema\/logo\/image\/","url":"https:\/\/www.psib-psoe.org\/eivissa\/wp-content\/uploads\/LOGO-FSE-SOCIALISTA-DEIVISSA-HORI.png","contentUrl":"https:\/\/www.psib-psoe.org\/eivissa\/wp-content\/uploads\/LOGO-FSE-SOCIALISTA-DEIVISSA-HORI.png","width":6000,"height":3104,"caption":"Federaci\u00f3 Socialista d'Eivissa"},"image":{"@id":"https:\/\/www.psib-psoe.org\/eivissa\/#\/schema\/logo\/image\/"}},{"@type":"Person","@id":"https:\/\/www.psib-psoe.org\/eivissa\/#\/schema\/person\/7a9d2841fb36f32e34fc0e9b245e8117","name":"Josep Ripoll","sameAs":["http:\/\/www.psib-psoe.org\/eivissa\/wp-login.php"],"url":"https:\/\/www.psib-psoe.org\/eivissa\/author\/josep\/"}]}},"_links":{"self":[{"href":"https:\/\/www.psib-psoe.org\/eivissa\/wp-json\/wp\/v2\/posts\/38761","targetHints":{"allow":["GET"]}}],"collection":[{"href":"https:\/\/www.psib-psoe.org\/eivissa\/wp-json\/wp\/v2\/posts"}],"about":[{"href":"https:\/\/www.psib-psoe.org\/eivissa\/wp-json\/wp\/v2\/types\/post"}],"author":[{"embeddable":true,"href":"https:\/\/www.psib-psoe.org\/eivissa\/wp-json\/wp\/v2\/users\/7"}],"replies":[{"embeddable":true,"href":"https:\/\/www.psib-psoe.org\/eivissa\/wp-json\/wp\/v2\/comments?post=38761"}],"version-history":[{"count":1,"href":"https:\/\/www.psib-psoe.org\/eivissa\/wp-json\/wp\/v2\/posts\/38761\/revisions"}],"predecessor-version":[{"id":38764,"href":"https:\/\/www.psib-psoe.org\/eivissa\/wp-json\/wp\/v2\/posts\/38761\/revisions\/38764"}],"wp:featuredmedia":[{"embeddable":true,"href":"https:\/\/www.psib-psoe.org\/eivissa\/wp-json\/wp\/v2\/media\/38763"}],"wp:attachment":[{"href":"https:\/\/www.psib-psoe.org\/eivissa\/wp-json\/wp\/v2\/media?parent=38761"}],"wp:term":[{"taxonomy":"category","embeddable":true,"href":"https:\/\/www.psib-psoe.org\/eivissa\/wp-json\/wp\/v2\/categories?post=38761"},{"taxonomy":"post_tag","embeddable":true,"href":"https:\/\/www.psib-psoe.org\/eivissa\/wp-json\/wp\/v2\/tags?post=38761"}],"curies":[{"name":"wp","href":"https:\/\/api.w.org\/{rel}","templated":true}]}}