{"id":38842,"date":"2024-03-12T11:54:28","date_gmt":"2024-03-12T09:54:28","guid":{"rendered":"https:\/\/www.psib-psoe.org\/eivissa\/?p=38842"},"modified":"2024-03-12T11:54:28","modified_gmt":"2024-03-12T09:54:28","slug":"alan-ripoll-sera-el-nou-portaveu-del-psoe-a-santa-eularia-en-substitucio-de-ramon-roca-qui-deixa-la-politica-activa-per-raons-personals","status":"publish","type":"post","link":"https:\/\/www.psib-psoe.org\/eivissa\/alan-ripoll-sera-el-nou-portaveu-del-psoe-a-santa-eularia-en-substitucio-de-ramon-roca-qui-deixa-la-politica-activa-per-raons-personals\/","title":{"rendered":"Alan Ripoll ser\u00e0 el nou portaveu del PSOE a Santa Eul\u00e0ria, en substituci\u00f3 de Ram\u00f3n Roca, qui deixa la pol\u00edtica activa per raons personals"},"content":{"rendered":"<p>La Federaci\u00f3 Socialista d\u2019Eivissa (FSE-PSOE) comunica que el regidor Alan Ripoll Ribas ser\u00e0 el nou portaveu del PSOE a l&#8217;Ajuntament de Santa Eul\u00e0ria des Riu. El fins ara portaveu, Ram\u00f3n Roca, anunciar\u00e0 avui en el Ple extraordinari de l\u2019ajuntament que deixa la pol\u00edtica activa per raons personals. El lloc de regidor que ocupava Ram\u00f3n Roca l\u2019assumir\u00e0 la seg\u00fcent candidata en la llista electoral, Mari Carmen Quintero, a qui volem agrair la seua disposici\u00f3.<\/p>\n<p>La FSE-PSOE vol manifestar el seu agra\u00efment a Ram\u00f3n Roca per la bona feina durant tots els anys que ha ocupat diferents responsabilitats i li agraeix la seua predisposici\u00f3 a continuar amb el seu comprom\u00eds pol\u00edtic.<\/p>\n<p>Ram\u00f3n Roca ha ocupat diversos c\u00e0rrecs pol\u00edtics als darrers anys sent els m\u00e9s significatius el de director insular de l\u2019Administraci\u00f3 general de l\u2019Estat a Eivissa i Formentera i el de director general de Modernitzaci\u00f3 i Administraci\u00f3 Digital del Govern de les Illes Balears, abans de ser escollit com a portaveu del grup socialista a l\u2019Ajuntament de Santa Eul\u00e0ria.<\/p>\n<p>El partit tamb\u00e9 vol agrair Alan Ripoll que assumeixi la responsabilitat de portaveu del grup Socialista a l\u2019ajuntament per continuar la feina d\u2019oposici\u00f3 en defensa de l\u2019inter\u00e8s general del conjunt de la ciutadania i per seguir construint una alternativa progressista que faci possible el canvi a Santa Eul\u00e0ria. <\/p>\n","protected":false},"excerpt":{"rendered":"<p>La Federaci\u00f3 Socialista d\u2019Eivissa (FSE-PSOE) comunica que el regidor Alan Ripoll Ribas ser\u00e0 el nou portaveu del PSOE a l&#8217;Ajuntament de Santa Eul\u00e0ria des Riu. El fins ara portaveu, Ram\u00f3n Roca, anunciar\u00e0 avui en el Ple extraordinari de l\u2019ajuntament que deixa la pol\u00edtica activa per raons personals. El lloc de regidor que ocupava Ram\u00f3n Roca&hellip;<\/p>\n","protected":false},"author":7,"featured_media":38843,"comment_status":"closed","ping_status":"closed","sticky":false,"template":"","format":"standard","meta":{"footnotes":""},"categories":[1,234,186],"tags":[],"class_list":["post-38842","post","type-post","status-publish","format-standard","has-post-thumbnail","hentry","category-federacio-de-eivissa-portada","category-municipis","category-santa-eularia-des-riu"],"yoast_head":"<!-- This site is optimized with the Yoast SEO plugin v26.9 - https:\/\/yoast.com\/product\/yoast-seo-wordpress\/ -->\n<title>Alan Ripoll ser\u00e0 el nou portaveu del PSOE a Santa Eul\u00e0ria, en substituci\u00f3 de Ram\u00f3n Roca, qui deixa la pol\u00edtica activa per raons personals - Federaci\u00f3 Socialista d&#039;Eivissa<\/title>\n<meta name=\"robots\" content=\"index, follow, max-snippet:-1, max-image-preview:large, max-video-preview:-1\" \/>\n<link rel=\"canonical\" href=\"https:\/\/www.psib-psoe.org\/eivissa\/alan-ripoll-sera-el-nou-portaveu-del-psoe-a-santa-eularia-en-substitucio-de-ramon-roca-qui-deixa-la-politica-activa-per-raons-personals\/\" \/>\n<meta property=\"og:locale\" content=\"ca_ES\" \/>\n<meta property=\"og:type\" content=\"article\" \/>\n<meta property=\"og:title\" content=\"Alan Ripoll ser\u00e0 el nou portaveu del PSOE a Santa Eul\u00e0ria, en substituci\u00f3 de Ram\u00f3n Roca, qui deixa la pol\u00edtica activa per raons personals - Federaci\u00f3 Socialista d&#039;Eivissa\" \/>\n<meta property=\"og:description\" content=\"La Federaci\u00f3 Socialista d\u2019Eivissa (FSE-PSOE) comunica que el regidor Alan Ripoll Ribas ser\u00e0 el nou portaveu del PSOE a l&#8217;Ajuntament de Santa Eul\u00e0ria des Riu. El fins ara portaveu, Ram\u00f3n Roca, anunciar\u00e0 avui en el Ple extraordinari de l\u2019ajuntament que deixa la pol\u00edtica activa per raons personals. El lloc de regidor que ocupava Ram\u00f3n Roca&hellip;\" \/>\n<meta property=\"og:url\" content=\"https:\/\/www.psib-psoe.org\/eivissa\/alan-ripoll-sera-el-nou-portaveu-del-psoe-a-santa-eularia-en-substitucio-de-ramon-roca-qui-deixa-la-politica-activa-per-raons-personals\/\" \/>\n<meta property=\"og:site_name\" content=\"Federaci\u00f3 Socialista d&#039;Eivissa\" \/>\n<meta property=\"article:published_time\" content=\"2024-03-12T09:54:28+00:00\" \/>\n<meta property=\"og:image\" content=\"https:\/\/www.psib-psoe.org\/eivissa\/wp-content\/uploads\/ramon-i-alan.png\" \/>\n\t<meta property=\"og:image:width\" content=\"759\" \/>\n\t<meta property=\"og:image:height\" content=\"585\" \/>\n\t<meta property=\"og:image:type\" content=\"image\/png\" \/>\n<meta name=\"author\" content=\"Josep Ripoll\" \/>\n<meta name=\"twitter:card\" content=\"summary_large_image\" \/>\n<meta name=\"twitter:label1\" content=\"Escrit per\" \/>\n\t<meta name=\"twitter:data1\" content=\"Josep Ripoll\" \/>\n\t<meta name=\"twitter:label2\" content=\"Temps estimat de lectura\" \/>\n\t<meta name=\"twitter:data2\" content=\"1 minut\" \/>\n<script type=\"application\/ld+json\" class=\"yoast-schema-graph\">{\"@context\":\"https:\/\/schema.org\",\"@graph\":[{\"@type\":[\"Article\",\"BlogPosting\"],\"@id\":\"https:\/\/www.psib-psoe.org\/eivissa\/alan-ripoll-sera-el-nou-portaveu-del-psoe-a-santa-eularia-en-substitucio-de-ramon-roca-qui-deixa-la-politica-activa-per-raons-personals\/#article\",\"isPartOf\":{\"@id\":\"https:\/\/www.psib-psoe.org\/eivissa\/alan-ripoll-sera-el-nou-portaveu-del-psoe-a-santa-eularia-en-substitucio-de-ramon-roca-qui-deixa-la-politica-activa-per-raons-personals\/\"},\"author\":{\"name\":\"Josep Ripoll\",\"@id\":\"https:\/\/www.psib-psoe.org\/eivissa\/#\/schema\/person\/7a9d2841fb36f32e34fc0e9b245e8117\"},\"headline\":\"Alan Ripoll ser\u00e0 el nou portaveu del PSOE a Santa Eul\u00e0ria, en substituci\u00f3 de Ram\u00f3n Roca, qui deixa la pol\u00edtica activa per raons personals\",\"datePublished\":\"2024-03-12T09:54:28+00:00\",\"mainEntityOfPage\":{\"@id\":\"https:\/\/www.psib-psoe.org\/eivissa\/alan-ripoll-sera-el-nou-portaveu-del-psoe-a-santa-eularia-en-substitucio-de-ramon-roca-qui-deixa-la-politica-activa-per-raons-personals\/\"},\"wordCount\":267,\"publisher\":{\"@id\":\"https:\/\/www.psib-psoe.org\/eivissa\/#organization\"},\"image\":{\"@id\":\"https:\/\/www.psib-psoe.org\/eivissa\/alan-ripoll-sera-el-nou-portaveu-del-psoe-a-santa-eularia-en-substitucio-de-ramon-roca-qui-deixa-la-politica-activa-per-raons-personals\/#primaryimage\"},\"thumbnailUrl\":\"https:\/\/www.psib-psoe.org\/eivissa\/wp-content\/uploads\/ramon-i-alan.png\",\"articleSection\":[\"Federaci\u00f3 d'Eivissa - Portada\",\"Municipis\",\"Santa Eul\u00e0ria des Riu\"],\"inLanguage\":\"ca\"},{\"@type\":\"WebPage\",\"@id\":\"https:\/\/www.psib-psoe.org\/eivissa\/alan-ripoll-sera-el-nou-portaveu-del-psoe-a-santa-eularia-en-substitucio-de-ramon-roca-qui-deixa-la-politica-activa-per-raons-personals\/\",\"url\":\"https:\/\/www.psib-psoe.org\/eivissa\/alan-ripoll-sera-el-nou-portaveu-del-psoe-a-santa-eularia-en-substitucio-de-ramon-roca-qui-deixa-la-politica-activa-per-raons-personals\/\",\"name\":\"Alan Ripoll ser\u00e0 el nou portaveu del PSOE a Santa Eul\u00e0ria, en substituci\u00f3 de Ram\u00f3n Roca, qui deixa la pol\u00edtica activa per raons personals - Federaci\u00f3 Socialista d&#039;Eivissa\",\"isPartOf\":{\"@id\":\"https:\/\/www.psib-psoe.org\/eivissa\/#website\"},\"primaryImageOfPage\":{\"@id\":\"https:\/\/www.psib-psoe.org\/eivissa\/alan-ripoll-sera-el-nou-portaveu-del-psoe-a-santa-eularia-en-substitucio-de-ramon-roca-qui-deixa-la-politica-activa-per-raons-personals\/#primaryimage\"},\"image\":{\"@id\":\"https:\/\/www.psib-psoe.org\/eivissa\/alan-ripoll-sera-el-nou-portaveu-del-psoe-a-santa-eularia-en-substitucio-de-ramon-roca-qui-deixa-la-politica-activa-per-raons-personals\/#primaryimage\"},\"thumbnailUrl\":\"https:\/\/www.psib-psoe.org\/eivissa\/wp-content\/uploads\/ramon-i-alan.png\",\"datePublished\":\"2024-03-12T09:54:28+00:00\",\"breadcrumb\":{\"@id\":\"https:\/\/www.psib-psoe.org\/eivissa\/alan-ripoll-sera-el-nou-portaveu-del-psoe-a-santa-eularia-en-substitucio-de-ramon-roca-qui-deixa-la-politica-activa-per-raons-personals\/#breadcrumb\"},\"inLanguage\":\"ca\",\"potentialAction\":[{\"@type\":\"ReadAction\",\"target\":[\"https:\/\/www.psib-psoe.org\/eivissa\/alan-ripoll-sera-el-nou-portaveu-del-psoe-a-santa-eularia-en-substitucio-de-ramon-roca-qui-deixa-la-politica-activa-per-raons-personals\/\"]}]},{\"@type\":\"ImageObject\",\"inLanguage\":\"ca\",\"@id\":\"https:\/\/www.psib-psoe.org\/eivissa\/alan-ripoll-sera-el-nou-portaveu-del-psoe-a-santa-eularia-en-substitucio-de-ramon-roca-qui-deixa-la-politica-activa-per-raons-personals\/#primaryimage\",\"url\":\"https:\/\/www.psib-psoe.org\/eivissa\/wp-content\/uploads\/ramon-i-alan.png\",\"contentUrl\":\"https:\/\/www.psib-psoe.org\/eivissa\/wp-content\/uploads\/ramon-i-alan.png\",\"width\":759,\"height\":585},{\"@type\":\"BreadcrumbList\",\"@id\":\"https:\/\/www.psib-psoe.org\/eivissa\/alan-ripoll-sera-el-nou-portaveu-del-psoe-a-santa-eularia-en-substitucio-de-ramon-roca-qui-deixa-la-politica-activa-per-raons-personals\/#breadcrumb\",\"itemListElement\":[{\"@type\":\"ListItem\",\"position\":1,\"name\":\"Inici\",\"item\":\"https:\/\/www.psib-psoe.org\/eivissa\/\"},{\"@type\":\"ListItem\",\"position\":2,\"name\":\"Alan Ripoll ser\u00e0 el nou portaveu del PSOE a Santa Eul\u00e0ria, en substituci\u00f3 de Ram\u00f3n Roca, qui deixa la pol\u00edtica activa per raons personals\"}]},{\"@type\":\"WebSite\",\"@id\":\"https:\/\/www.psib-psoe.org\/eivissa\/#website\",\"url\":\"https:\/\/www.psib-psoe.org\/eivissa\/\",\"name\":\"Federaci\u00f3 Socialista d'Eivissa\",\"description\":\"Socialistes d&#039;Eivissa\",\"publisher\":{\"@id\":\"https:\/\/www.psib-psoe.org\/eivissa\/#organization\"},\"potentialAction\":[{\"@type\":\"SearchAction\",\"target\":{\"@type\":\"EntryPoint\",\"urlTemplate\":\"https:\/\/www.psib-psoe.org\/eivissa\/?s={search_term_string}\"},\"query-input\":{\"@type\":\"PropertyValueSpecification\",\"valueRequired\":true,\"valueName\":\"search_term_string\"}}],\"inLanguage\":\"ca\"},{\"@type\":\"Organization\",\"@id\":\"https:\/\/www.psib-psoe.org\/eivissa\/#organization\",\"name\":\"Federaci\u00f3 Socialista d'Eivissa\",\"url\":\"https:\/\/www.psib-psoe.org\/eivissa\/\",\"logo\":{\"@type\":\"ImageObject\",\"inLanguage\":\"ca\",\"@id\":\"https:\/\/www.psib-psoe.org\/eivissa\/#\/schema\/logo\/image\/\",\"url\":\"https:\/\/www.psib-psoe.org\/eivissa\/wp-content\/uploads\/LOGO-FSE-SOCIALISTA-DEIVISSA-HORI.png\",\"contentUrl\":\"https:\/\/www.psib-psoe.org\/eivissa\/wp-content\/uploads\/LOGO-FSE-SOCIALISTA-DEIVISSA-HORI.png\",\"width\":6000,\"height\":3104,\"caption\":\"Federaci\u00f3 Socialista d'Eivissa\"},\"image\":{\"@id\":\"https:\/\/www.psib-psoe.org\/eivissa\/#\/schema\/logo\/image\/\"}},{\"@type\":\"Person\",\"@id\":\"https:\/\/www.psib-psoe.org\/eivissa\/#\/schema\/person\/7a9d2841fb36f32e34fc0e9b245e8117\",\"name\":\"Josep Ripoll\",\"sameAs\":[\"http:\/\/www.psib-psoe.org\/eivissa\/wp-login.php\"],\"url\":\"https:\/\/www.psib-psoe.org\/eivissa\/author\/josep\/\"}]}<\/script>\n<!-- \/ Yoast SEO plugin. -->","yoast_head_json":{"title":"Alan Ripoll ser\u00e0 el nou portaveu del PSOE a Santa Eul\u00e0ria, en substituci\u00f3 de Ram\u00f3n Roca, qui deixa la pol\u00edtica activa per raons personals - Federaci\u00f3 Socialista d&#039;Eivissa","robots":{"index":"index","follow":"follow","max-snippet":"max-snippet:-1","max-image-preview":"max-image-preview:large","max-video-preview":"max-video-preview:-1"},"canonical":"https:\/\/www.psib-psoe.org\/eivissa\/alan-ripoll-sera-el-nou-portaveu-del-psoe-a-santa-eularia-en-substitucio-de-ramon-roca-qui-deixa-la-politica-activa-per-raons-personals\/","og_locale":"ca_ES","og_type":"article","og_title":"Alan Ripoll ser\u00e0 el nou portaveu del PSOE a Santa Eul\u00e0ria, en substituci\u00f3 de Ram\u00f3n Roca, qui deixa la pol\u00edtica activa per raons personals - Federaci\u00f3 Socialista d&#039;Eivissa","og_description":"La Federaci\u00f3 Socialista d\u2019Eivissa (FSE-PSOE) comunica que el regidor Alan Ripoll Ribas ser\u00e0 el nou portaveu del PSOE a l&#8217;Ajuntament de Santa Eul\u00e0ria des Riu. El fins ara portaveu, Ram\u00f3n Roca, anunciar\u00e0 avui en el Ple extraordinari de l\u2019ajuntament que deixa la pol\u00edtica activa per raons personals. El lloc de regidor que ocupava Ram\u00f3n Roca&hellip;","og_url":"https:\/\/www.psib-psoe.org\/eivissa\/alan-ripoll-sera-el-nou-portaveu-del-psoe-a-santa-eularia-en-substitucio-de-ramon-roca-qui-deixa-la-politica-activa-per-raons-personals\/","og_site_name":"Federaci\u00f3 Socialista d&#039;Eivissa","article_published_time":"2024-03-12T09:54:28+00:00","og_image":[{"width":759,"height":585,"url":"https:\/\/www.psib-psoe.org\/eivissa\/wp-content\/uploads\/ramon-i-alan.png","type":"image\/png"}],"author":"Josep Ripoll","twitter_card":"summary_large_image","twitter_misc":{"Escrit per":"Josep Ripoll","Temps estimat de lectura":"1 minut"},"schema":{"@context":"https:\/\/schema.org","@graph":[{"@type":["Article","BlogPosting"],"@id":"https:\/\/www.psib-psoe.org\/eivissa\/alan-ripoll-sera-el-nou-portaveu-del-psoe-a-santa-eularia-en-substitucio-de-ramon-roca-qui-deixa-la-politica-activa-per-raons-personals\/#article","isPartOf":{"@id":"https:\/\/www.psib-psoe.org\/eivissa\/alan-ripoll-sera-el-nou-portaveu-del-psoe-a-santa-eularia-en-substitucio-de-ramon-roca-qui-deixa-la-politica-activa-per-raons-personals\/"},"author":{"name":"Josep Ripoll","@id":"https:\/\/www.psib-psoe.org\/eivissa\/#\/schema\/person\/7a9d2841fb36f32e34fc0e9b245e8117"},"headline":"Alan Ripoll ser\u00e0 el nou portaveu del PSOE a Santa Eul\u00e0ria, en substituci\u00f3 de Ram\u00f3n Roca, qui deixa la pol\u00edtica activa per raons personals","datePublished":"2024-03-12T09:54:28+00:00","mainEntityOfPage":{"@id":"https:\/\/www.psib-psoe.org\/eivissa\/alan-ripoll-sera-el-nou-portaveu-del-psoe-a-santa-eularia-en-substitucio-de-ramon-roca-qui-deixa-la-politica-activa-per-raons-personals\/"},"wordCount":267,"publisher":{"@id":"https:\/\/www.psib-psoe.org\/eivissa\/#organization"},"image":{"@id":"https:\/\/www.psib-psoe.org\/eivissa\/alan-ripoll-sera-el-nou-portaveu-del-psoe-a-santa-eularia-en-substitucio-de-ramon-roca-qui-deixa-la-politica-activa-per-raons-personals\/#primaryimage"},"thumbnailUrl":"https:\/\/www.psib-psoe.org\/eivissa\/wp-content\/uploads\/ramon-i-alan.png","articleSection":["Federaci\u00f3 d'Eivissa - Portada","Municipis","Santa Eul\u00e0ria des Riu"],"inLanguage":"ca"},{"@type":"WebPage","@id":"https:\/\/www.psib-psoe.org\/eivissa\/alan-ripoll-sera-el-nou-portaveu-del-psoe-a-santa-eularia-en-substitucio-de-ramon-roca-qui-deixa-la-politica-activa-per-raons-personals\/","url":"https:\/\/www.psib-psoe.org\/eivissa\/alan-ripoll-sera-el-nou-portaveu-del-psoe-a-santa-eularia-en-substitucio-de-ramon-roca-qui-deixa-la-politica-activa-per-raons-personals\/","name":"Alan Ripoll ser\u00e0 el nou portaveu del PSOE a Santa Eul\u00e0ria, en substituci\u00f3 de Ram\u00f3n Roca, qui deixa la pol\u00edtica activa per raons personals - Federaci\u00f3 Socialista d&#039;Eivissa","isPartOf":{"@id":"https:\/\/www.psib-psoe.org\/eivissa\/#website"},"primaryImageOfPage":{"@id":"https:\/\/www.psib-psoe.org\/eivissa\/alan-ripoll-sera-el-nou-portaveu-del-psoe-a-santa-eularia-en-substitucio-de-ramon-roca-qui-deixa-la-politica-activa-per-raons-personals\/#primaryimage"},"image":{"@id":"https:\/\/www.psib-psoe.org\/eivissa\/alan-ripoll-sera-el-nou-portaveu-del-psoe-a-santa-eularia-en-substitucio-de-ramon-roca-qui-deixa-la-politica-activa-per-raons-personals\/#primaryimage"},"thumbnailUrl":"https:\/\/www.psib-psoe.org\/eivissa\/wp-content\/uploads\/ramon-i-alan.png","datePublished":"2024-03-12T09:54:28+00:00","breadcrumb":{"@id":"https:\/\/www.psib-psoe.org\/eivissa\/alan-ripoll-sera-el-nou-portaveu-del-psoe-a-santa-eularia-en-substitucio-de-ramon-roca-qui-deixa-la-politica-activa-per-raons-personals\/#breadcrumb"},"inLanguage":"ca","potentialAction":[{"@type":"ReadAction","target":["https:\/\/www.psib-psoe.org\/eivissa\/alan-ripoll-sera-el-nou-portaveu-del-psoe-a-santa-eularia-en-substitucio-de-ramon-roca-qui-deixa-la-politica-activa-per-raons-personals\/"]}]},{"@type":"ImageObject","inLanguage":"ca","@id":"https:\/\/www.psib-psoe.org\/eivissa\/alan-ripoll-sera-el-nou-portaveu-del-psoe-a-santa-eularia-en-substitucio-de-ramon-roca-qui-deixa-la-politica-activa-per-raons-personals\/#primaryimage","url":"https:\/\/www.psib-psoe.org\/eivissa\/wp-content\/uploads\/ramon-i-alan.png","contentUrl":"https:\/\/www.psib-psoe.org\/eivissa\/wp-content\/uploads\/ramon-i-alan.png","width":759,"height":585},{"@type":"BreadcrumbList","@id":"https:\/\/www.psib-psoe.org\/eivissa\/alan-ripoll-sera-el-nou-portaveu-del-psoe-a-santa-eularia-en-substitucio-de-ramon-roca-qui-deixa-la-politica-activa-per-raons-personals\/#breadcrumb","itemListElement":[{"@type":"ListItem","position":1,"name":"Inici","item":"https:\/\/www.psib-psoe.org\/eivissa\/"},{"@type":"ListItem","position":2,"name":"Alan Ripoll ser\u00e0 el nou portaveu del PSOE a Santa Eul\u00e0ria, en substituci\u00f3 de Ram\u00f3n Roca, qui deixa la pol\u00edtica activa per raons personals"}]},{"@type":"WebSite","@id":"https:\/\/www.psib-psoe.org\/eivissa\/#website","url":"https:\/\/www.psib-psoe.org\/eivissa\/","name":"Federaci\u00f3 Socialista d'Eivissa","description":"Socialistes d&#039;Eivissa","publisher":{"@id":"https:\/\/www.psib-psoe.org\/eivissa\/#organization"},"potentialAction":[{"@type":"SearchAction","target":{"@type":"EntryPoint","urlTemplate":"https:\/\/www.psib-psoe.org\/eivissa\/?s={search_term_string}"},"query-input":{"@type":"PropertyValueSpecification","valueRequired":true,"valueName":"search_term_string"}}],"inLanguage":"ca"},{"@type":"Organization","@id":"https:\/\/www.psib-psoe.org\/eivissa\/#organization","name":"Federaci\u00f3 Socialista d'Eivissa","url":"https:\/\/www.psib-psoe.org\/eivissa\/","logo":{"@type":"ImageObject","inLanguage":"ca","@id":"https:\/\/www.psib-psoe.org\/eivissa\/#\/schema\/logo\/image\/","url":"https:\/\/www.psib-psoe.org\/eivissa\/wp-content\/uploads\/LOGO-FSE-SOCIALISTA-DEIVISSA-HORI.png","contentUrl":"https:\/\/www.psib-psoe.org\/eivissa\/wp-content\/uploads\/LOGO-FSE-SOCIALISTA-DEIVISSA-HORI.png","width":6000,"height":3104,"caption":"Federaci\u00f3 Socialista d'Eivissa"},"image":{"@id":"https:\/\/www.psib-psoe.org\/eivissa\/#\/schema\/logo\/image\/"}},{"@type":"Person","@id":"https:\/\/www.psib-psoe.org\/eivissa\/#\/schema\/person\/7a9d2841fb36f32e34fc0e9b245e8117","name":"Josep Ripoll","sameAs":["http:\/\/www.psib-psoe.org\/eivissa\/wp-login.php"],"url":"https:\/\/www.psib-psoe.org\/eivissa\/author\/josep\/"}]}},"_links":{"self":[{"href":"https:\/\/www.psib-psoe.org\/eivissa\/wp-json\/wp\/v2\/posts\/38842","targetHints":{"allow":["GET"]}}],"collection":[{"href":"https:\/\/www.psib-psoe.org\/eivissa\/wp-json\/wp\/v2\/posts"}],"about":[{"href":"https:\/\/www.psib-psoe.org\/eivissa\/wp-json\/wp\/v2\/types\/post"}],"author":[{"embeddable":true,"href":"https:\/\/www.psib-psoe.org\/eivissa\/wp-json\/wp\/v2\/users\/7"}],"replies":[{"embeddable":true,"href":"https:\/\/www.psib-psoe.org\/eivissa\/wp-json\/wp\/v2\/comments?post=38842"}],"version-history":[{"count":1,"href":"https:\/\/www.psib-psoe.org\/eivissa\/wp-json\/wp\/v2\/posts\/38842\/revisions"}],"predecessor-version":[{"id":38844,"href":"https:\/\/www.psib-psoe.org\/eivissa\/wp-json\/wp\/v2\/posts\/38842\/revisions\/38844"}],"wp:featuredmedia":[{"embeddable":true,"href":"https:\/\/www.psib-psoe.org\/eivissa\/wp-json\/wp\/v2\/media\/38843"}],"wp:attachment":[{"href":"https:\/\/www.psib-psoe.org\/eivissa\/wp-json\/wp\/v2\/media?parent=38842"}],"wp:term":[{"taxonomy":"category","embeddable":true,"href":"https:\/\/www.psib-psoe.org\/eivissa\/wp-json\/wp\/v2\/categories?post=38842"},{"taxonomy":"post_tag","embeddable":true,"href":"https:\/\/www.psib-psoe.org\/eivissa\/wp-json\/wp\/v2\/tags?post=38842"}],"curies":[{"name":"wp","href":"https:\/\/api.w.org\/{rel}","templated":true}]}}