{"id":38852,"date":"2024-03-14T14:15:36","date_gmt":"2024-03-14T12:15:36","guid":{"rendered":"https:\/\/www.psib-psoe.org\/eivissa\/?p=38852"},"modified":"2024-03-14T14:15:36","modified_gmt":"2024-03-14T12:15:36","slug":"el-psoe-reclama-la-construccio-del-nou-centre-de-salut-de-santa-eularia-i-mesures-provisionals-per-fer-front-a-la-falta-despai-dels-serveis-sanitaris","status":"publish","type":"post","link":"https:\/\/www.psib-psoe.org\/eivissa\/el-psoe-reclama-la-construccio-del-nou-centre-de-salut-de-santa-eularia-i-mesures-provisionals-per-fer-front-a-la-falta-despai-dels-serveis-sanitaris\/","title":{"rendered":"El PSOE reclama la construcci\u00f3 del nou centre de Salut de Santa Eul\u00e0ria i mesures provisionals per fer front a la falta d\u2019espai dels serveis sanitaris"},"content":{"rendered":"<p dir=\"ltr\">El grup municipal del PSOE a Santa Eul\u00e0ria des Riu reclama al Govern Balear i a l\u2019ajuntament el desbloqueig del projecte per a la construcci\u00f3 del nou centre de salut del poble, aix\u00ed com diferents mesures provisionals per fer front a la falta d\u2019espai que pateixen els serveis sanitaris. A trav\u00e9s d\u2019una moci\u00f3 que es debatr\u00e0 en el pr\u00f2xim Ple municipal, el PSOE demana l&#8217;equip de Carmen Ferrer \u201cmesures immediates per a agilitzar el proc\u00e9s d&#8217;escripturaci\u00f3 del solar designat per a la construcci\u00f3 del nou centre de salut a la zona de Can Blai, garantint aix\u00ed un avan\u00e7 sense obstacles en el projecte\u201d.<\/p>\n<p dir=\"ltr\">El PSOE tamb\u00e9 proposa \u201cinstar la Conselleria de Salut del Govern de les Illes Balears a reconsiderar la seva planificaci\u00f3 i accelerar el proc\u00e9s de construcci\u00f3 del nou centre de salut, davant la gravetat de la situaci\u00f3 actual i la necessitat urgent d&#8217;una soluci\u00f3 que ofereixi solucions immediates per a abordar la falta d&#8217;espai en les instal\u00b7lacions actuals\u201d.<\/p>\n<p dir=\"ltr\">El grup socialista de Santa Eul\u00e0ria considera inacceptable el retard en l\u2019inici d\u2019aquest projecte, que va quedar previst en el Pla d\u2019infraestructures sanit\u00e0ries elaborat pel Govern anterior, despr\u00e9s que l\u2019actual executiu de Marga Prohens hagi manifestat que no comen\u00e7ar\u00e0, com a m\u00ednim, fins al 2025.<\/p>\n<p dir=\"ltr\">El PSOE recorda que el Centre de Salut de Santa Eul\u00e0ria ha experimentat un augment significatiu en la quantitat de pacients atesos i en el personal empleat en els \u00faltims 20 anys, sense un corresponent augment en les seves dimensions f\u00edsiques. Una situaci\u00f3 que\u00a0 ha portat a una falta d&#8217;espai cr\u00edtica, la qual cosa ha obligat a convertir passadissos i sales d&#8217;espera en despatxos improvisats, i ha portat el personal m\u00e8dic a compartir consultes.<\/p>\n<p dir=\"ltr\">Aix\u00ed mateix, el PSOE demanar\u00e0 reclamar al Govern \u201cmesures urgents per a millorar les condicions de treball del personal del servei del 061, incloent-hi la reubicaci\u00f3 en instal\u00b7lacions adequades i la provisi\u00f3 de comoditats b\u00e0siques\u201d i \u201ccol\u00b7laborar estretament amb el personal m\u00e8dic per a trobar solucions temporals mentre es construeix el nou centre, incloent-hi la redistribuci\u00f3 de recursos i l&#8217;optimitzaci\u00f3 de l&#8217;espai disponible\u201d.<\/p>\n","protected":false},"excerpt":{"rendered":"<p>El grup municipal del PSOE a Santa Eul\u00e0ria des Riu reclama al Govern Balear i a l\u2019ajuntament el desbloqueig del projecte per a la construcci\u00f3 del nou centre de salut del poble, aix\u00ed com diferents mesures provisionals per fer front a la falta d\u2019espai que pateixen els serveis sanitaris. A trav\u00e9s d\u2019una moci\u00f3 que es&hellip;<\/p>\n","protected":false},"author":10,"featured_media":38853,"comment_status":"closed","ping_status":"closed","sticky":false,"template":"","format":"standard","meta":{"footnotes":""},"categories":[1,234,186],"tags":[],"class_list":["post-38852","post","type-post","status-publish","format-standard","has-post-thumbnail","hentry","category-federacio-de-eivissa-portada","category-municipis","category-santa-eularia-des-riu"],"yoast_head":"<!-- This site is optimized with the Yoast SEO plugin v26.9 - https:\/\/yoast.com\/product\/yoast-seo-wordpress\/ -->\n<title>El PSOE reclama la construcci\u00f3 del nou centre de Salut de Santa Eul\u00e0ria i mesures provisionals per fer front a la falta d\u2019espai dels serveis sanitaris - Federaci\u00f3 Socialista d&#039;Eivissa<\/title>\n<meta name=\"robots\" content=\"index, follow, max-snippet:-1, max-image-preview:large, max-video-preview:-1\" \/>\n<link rel=\"canonical\" href=\"https:\/\/www.psib-psoe.org\/eivissa\/el-psoe-reclama-la-construccio-del-nou-centre-de-salut-de-santa-eularia-i-mesures-provisionals-per-fer-front-a-la-falta-despai-dels-serveis-sanitaris\/\" \/>\n<meta property=\"og:locale\" content=\"ca_ES\" \/>\n<meta property=\"og:type\" content=\"article\" \/>\n<meta property=\"og:title\" content=\"El PSOE reclama la construcci\u00f3 del nou centre de Salut de Santa Eul\u00e0ria i mesures provisionals per fer front a la falta d\u2019espai dels serveis sanitaris - Federaci\u00f3 Socialista d&#039;Eivissa\" \/>\n<meta property=\"og:description\" content=\"El grup municipal del PSOE a Santa Eul\u00e0ria des Riu reclama al Govern Balear i a l\u2019ajuntament el desbloqueig del projecte per a la construcci\u00f3 del nou centre de salut del poble, aix\u00ed com diferents mesures provisionals per fer front a la falta d\u2019espai que pateixen els serveis sanitaris. A trav\u00e9s d\u2019una moci\u00f3 que es&hellip;\" \/>\n<meta property=\"og:url\" content=\"https:\/\/www.psib-psoe.org\/eivissa\/el-psoe-reclama-la-construccio-del-nou-centre-de-salut-de-santa-eularia-i-mesures-provisionals-per-fer-front-a-la-falta-despai-dels-serveis-sanitaris\/\" \/>\n<meta property=\"og:site_name\" content=\"Federaci\u00f3 Socialista d&#039;Eivissa\" \/>\n<meta property=\"article:published_time\" content=\"2024-03-14T12:15:36+00:00\" \/>\n<meta property=\"og:image\" content=\"https:\/\/www.psib-psoe.org\/eivissa\/wp-content\/uploads\/centre-salut-santa-eularia-scaled.jpeg\" \/>\n\t<meta property=\"og:image:width\" content=\"2560\" \/>\n\t<meta property=\"og:image:height\" content=\"1920\" \/>\n\t<meta property=\"og:image:type\" content=\"image\/jpeg\" \/>\n<meta name=\"author\" content=\"PSOE Eivissa\" \/>\n<meta name=\"twitter:card\" content=\"summary_large_image\" \/>\n<meta name=\"twitter:label1\" content=\"Escrit per\" \/>\n\t<meta name=\"twitter:data1\" content=\"PSOE Eivissa\" \/>\n\t<meta name=\"twitter:label2\" content=\"Temps estimat de lectura\" \/>\n\t<meta name=\"twitter:data2\" content=\"2 minuts\" \/>\n<script type=\"application\/ld+json\" class=\"yoast-schema-graph\">{\"@context\":\"https:\/\/schema.org\",\"@graph\":[{\"@type\":[\"Article\",\"BlogPosting\"],\"@id\":\"https:\/\/www.psib-psoe.org\/eivissa\/el-psoe-reclama-la-construccio-del-nou-centre-de-salut-de-santa-eularia-i-mesures-provisionals-per-fer-front-a-la-falta-despai-dels-serveis-sanitaris\/#article\",\"isPartOf\":{\"@id\":\"https:\/\/www.psib-psoe.org\/eivissa\/el-psoe-reclama-la-construccio-del-nou-centre-de-salut-de-santa-eularia-i-mesures-provisionals-per-fer-front-a-la-falta-despai-dels-serveis-sanitaris\/\"},\"author\":{\"name\":\"PSOE Eivissa\",\"@id\":\"https:\/\/www.psib-psoe.org\/eivissa\/#\/schema\/person\/b71961f9b223766c28d12eca90cf67e0\"},\"headline\":\"El PSOE reclama la construcci\u00f3 del nou centre de Salut de Santa Eul\u00e0ria i mesures provisionals per fer front a la falta d\u2019espai dels serveis sanitaris\",\"datePublished\":\"2024-03-14T12:15:36+00:00\",\"mainEntityOfPage\":{\"@id\":\"https:\/\/www.psib-psoe.org\/eivissa\/el-psoe-reclama-la-construccio-del-nou-centre-de-salut-de-santa-eularia-i-mesures-provisionals-per-fer-front-a-la-falta-despai-dels-serveis-sanitaris\/\"},\"wordCount\":394,\"publisher\":{\"@id\":\"https:\/\/www.psib-psoe.org\/eivissa\/#organization\"},\"image\":{\"@id\":\"https:\/\/www.psib-psoe.org\/eivissa\/el-psoe-reclama-la-construccio-del-nou-centre-de-salut-de-santa-eularia-i-mesures-provisionals-per-fer-front-a-la-falta-despai-dels-serveis-sanitaris\/#primaryimage\"},\"thumbnailUrl\":\"https:\/\/www.psib-psoe.org\/eivissa\/wp-content\/uploads\/centre-salut-santa-eularia-scaled.jpeg\",\"articleSection\":[\"Federaci\u00f3 d'Eivissa - Portada\",\"Municipis\",\"Santa Eul\u00e0ria des Riu\"],\"inLanguage\":\"ca\"},{\"@type\":\"WebPage\",\"@id\":\"https:\/\/www.psib-psoe.org\/eivissa\/el-psoe-reclama-la-construccio-del-nou-centre-de-salut-de-santa-eularia-i-mesures-provisionals-per-fer-front-a-la-falta-despai-dels-serveis-sanitaris\/\",\"url\":\"https:\/\/www.psib-psoe.org\/eivissa\/el-psoe-reclama-la-construccio-del-nou-centre-de-salut-de-santa-eularia-i-mesures-provisionals-per-fer-front-a-la-falta-despai-dels-serveis-sanitaris\/\",\"name\":\"El PSOE reclama la construcci\u00f3 del nou centre de Salut de Santa Eul\u00e0ria i mesures provisionals per fer front a la falta d\u2019espai dels serveis sanitaris - Federaci\u00f3 Socialista d&#039;Eivissa\",\"isPartOf\":{\"@id\":\"https:\/\/www.psib-psoe.org\/eivissa\/#website\"},\"primaryImageOfPage\":{\"@id\":\"https:\/\/www.psib-psoe.org\/eivissa\/el-psoe-reclama-la-construccio-del-nou-centre-de-salut-de-santa-eularia-i-mesures-provisionals-per-fer-front-a-la-falta-despai-dels-serveis-sanitaris\/#primaryimage\"},\"image\":{\"@id\":\"https:\/\/www.psib-psoe.org\/eivissa\/el-psoe-reclama-la-construccio-del-nou-centre-de-salut-de-santa-eularia-i-mesures-provisionals-per-fer-front-a-la-falta-despai-dels-serveis-sanitaris\/#primaryimage\"},\"thumbnailUrl\":\"https:\/\/www.psib-psoe.org\/eivissa\/wp-content\/uploads\/centre-salut-santa-eularia-scaled.jpeg\",\"datePublished\":\"2024-03-14T12:15:36+00:00\",\"breadcrumb\":{\"@id\":\"https:\/\/www.psib-psoe.org\/eivissa\/el-psoe-reclama-la-construccio-del-nou-centre-de-salut-de-santa-eularia-i-mesures-provisionals-per-fer-front-a-la-falta-despai-dels-serveis-sanitaris\/#breadcrumb\"},\"inLanguage\":\"ca\",\"potentialAction\":[{\"@type\":\"ReadAction\",\"target\":[\"https:\/\/www.psib-psoe.org\/eivissa\/el-psoe-reclama-la-construccio-del-nou-centre-de-salut-de-santa-eularia-i-mesures-provisionals-per-fer-front-a-la-falta-despai-dels-serveis-sanitaris\/\"]}]},{\"@type\":\"ImageObject\",\"inLanguage\":\"ca\",\"@id\":\"https:\/\/www.psib-psoe.org\/eivissa\/el-psoe-reclama-la-construccio-del-nou-centre-de-salut-de-santa-eularia-i-mesures-provisionals-per-fer-front-a-la-falta-despai-dels-serveis-sanitaris\/#primaryimage\",\"url\":\"https:\/\/www.psib-psoe.org\/eivissa\/wp-content\/uploads\/centre-salut-santa-eularia-scaled.jpeg\",\"contentUrl\":\"https:\/\/www.psib-psoe.org\/eivissa\/wp-content\/uploads\/centre-salut-santa-eularia-scaled.jpeg\",\"width\":2560,\"height\":1920},{\"@type\":\"BreadcrumbList\",\"@id\":\"https:\/\/www.psib-psoe.org\/eivissa\/el-psoe-reclama-la-construccio-del-nou-centre-de-salut-de-santa-eularia-i-mesures-provisionals-per-fer-front-a-la-falta-despai-dels-serveis-sanitaris\/#breadcrumb\",\"itemListElement\":[{\"@type\":\"ListItem\",\"position\":1,\"name\":\"Inici\",\"item\":\"https:\/\/www.psib-psoe.org\/eivissa\/\"},{\"@type\":\"ListItem\",\"position\":2,\"name\":\"El PSOE reclama la construcci\u00f3 del nou centre de Salut de Santa Eul\u00e0ria i mesures provisionals per fer front a la falta d\u2019espai dels serveis sanitaris\"}]},{\"@type\":\"WebSite\",\"@id\":\"https:\/\/www.psib-psoe.org\/eivissa\/#website\",\"url\":\"https:\/\/www.psib-psoe.org\/eivissa\/\",\"name\":\"Federaci\u00f3 Socialista d'Eivissa\",\"description\":\"Socialistes d&#039;Eivissa\",\"publisher\":{\"@id\":\"https:\/\/www.psib-psoe.org\/eivissa\/#organization\"},\"potentialAction\":[{\"@type\":\"SearchAction\",\"target\":{\"@type\":\"EntryPoint\",\"urlTemplate\":\"https:\/\/www.psib-psoe.org\/eivissa\/?s={search_term_string}\"},\"query-input\":{\"@type\":\"PropertyValueSpecification\",\"valueRequired\":true,\"valueName\":\"search_term_string\"}}],\"inLanguage\":\"ca\"},{\"@type\":\"Organization\",\"@id\":\"https:\/\/www.psib-psoe.org\/eivissa\/#organization\",\"name\":\"Federaci\u00f3 Socialista d'Eivissa\",\"url\":\"https:\/\/www.psib-psoe.org\/eivissa\/\",\"logo\":{\"@type\":\"ImageObject\",\"inLanguage\":\"ca\",\"@id\":\"https:\/\/www.psib-psoe.org\/eivissa\/#\/schema\/logo\/image\/\",\"url\":\"https:\/\/www.psib-psoe.org\/eivissa\/wp-content\/uploads\/LOGO-FSE-SOCIALISTA-DEIVISSA-HORI.png\",\"contentUrl\":\"https:\/\/www.psib-psoe.org\/eivissa\/wp-content\/uploads\/LOGO-FSE-SOCIALISTA-DEIVISSA-HORI.png\",\"width\":6000,\"height\":3104,\"caption\":\"Federaci\u00f3 Socialista d'Eivissa\"},\"image\":{\"@id\":\"https:\/\/www.psib-psoe.org\/eivissa\/#\/schema\/logo\/image\/\"}},{\"@type\":\"Person\",\"@id\":\"https:\/\/www.psib-psoe.org\/eivissa\/#\/schema\/person\/b71961f9b223766c28d12eca90cf67e0\",\"name\":\"PSOE Eivissa\",\"url\":\"https:\/\/www.psib-psoe.org\/eivissa\/author\/adminalan\/\"}]}<\/script>\n<!-- \/ Yoast SEO plugin. -->","yoast_head_json":{"title":"El PSOE reclama la construcci\u00f3 del nou centre de Salut de Santa Eul\u00e0ria i mesures provisionals per fer front a la falta d\u2019espai dels serveis sanitaris - Federaci\u00f3 Socialista d&#039;Eivissa","robots":{"index":"index","follow":"follow","max-snippet":"max-snippet:-1","max-image-preview":"max-image-preview:large","max-video-preview":"max-video-preview:-1"},"canonical":"https:\/\/www.psib-psoe.org\/eivissa\/el-psoe-reclama-la-construccio-del-nou-centre-de-salut-de-santa-eularia-i-mesures-provisionals-per-fer-front-a-la-falta-despai-dels-serveis-sanitaris\/","og_locale":"ca_ES","og_type":"article","og_title":"El PSOE reclama la construcci\u00f3 del nou centre de Salut de Santa Eul\u00e0ria i mesures provisionals per fer front a la falta d\u2019espai dels serveis sanitaris - Federaci\u00f3 Socialista d&#039;Eivissa","og_description":"El grup municipal del PSOE a Santa Eul\u00e0ria des Riu reclama al Govern Balear i a l\u2019ajuntament el desbloqueig del projecte per a la construcci\u00f3 del nou centre de salut del poble, aix\u00ed com diferents mesures provisionals per fer front a la falta d\u2019espai que pateixen els serveis sanitaris. A trav\u00e9s d\u2019una moci\u00f3 que es&hellip;","og_url":"https:\/\/www.psib-psoe.org\/eivissa\/el-psoe-reclama-la-construccio-del-nou-centre-de-salut-de-santa-eularia-i-mesures-provisionals-per-fer-front-a-la-falta-despai-dels-serveis-sanitaris\/","og_site_name":"Federaci\u00f3 Socialista d&#039;Eivissa","article_published_time":"2024-03-14T12:15:36+00:00","og_image":[{"width":2560,"height":1920,"url":"https:\/\/www.psib-psoe.org\/eivissa\/wp-content\/uploads\/centre-salut-santa-eularia-scaled.jpeg","type":"image\/jpeg"}],"author":"PSOE Eivissa","twitter_card":"summary_large_image","twitter_misc":{"Escrit per":"PSOE Eivissa","Temps estimat de lectura":"2 minuts"},"schema":{"@context":"https:\/\/schema.org","@graph":[{"@type":["Article","BlogPosting"],"@id":"https:\/\/www.psib-psoe.org\/eivissa\/el-psoe-reclama-la-construccio-del-nou-centre-de-salut-de-santa-eularia-i-mesures-provisionals-per-fer-front-a-la-falta-despai-dels-serveis-sanitaris\/#article","isPartOf":{"@id":"https:\/\/www.psib-psoe.org\/eivissa\/el-psoe-reclama-la-construccio-del-nou-centre-de-salut-de-santa-eularia-i-mesures-provisionals-per-fer-front-a-la-falta-despai-dels-serveis-sanitaris\/"},"author":{"name":"PSOE Eivissa","@id":"https:\/\/www.psib-psoe.org\/eivissa\/#\/schema\/person\/b71961f9b223766c28d12eca90cf67e0"},"headline":"El PSOE reclama la construcci\u00f3 del nou centre de Salut de Santa Eul\u00e0ria i mesures provisionals per fer front a la falta d\u2019espai dels serveis sanitaris","datePublished":"2024-03-14T12:15:36+00:00","mainEntityOfPage":{"@id":"https:\/\/www.psib-psoe.org\/eivissa\/el-psoe-reclama-la-construccio-del-nou-centre-de-salut-de-santa-eularia-i-mesures-provisionals-per-fer-front-a-la-falta-despai-dels-serveis-sanitaris\/"},"wordCount":394,"publisher":{"@id":"https:\/\/www.psib-psoe.org\/eivissa\/#organization"},"image":{"@id":"https:\/\/www.psib-psoe.org\/eivissa\/el-psoe-reclama-la-construccio-del-nou-centre-de-salut-de-santa-eularia-i-mesures-provisionals-per-fer-front-a-la-falta-despai-dels-serveis-sanitaris\/#primaryimage"},"thumbnailUrl":"https:\/\/www.psib-psoe.org\/eivissa\/wp-content\/uploads\/centre-salut-santa-eularia-scaled.jpeg","articleSection":["Federaci\u00f3 d'Eivissa - Portada","Municipis","Santa Eul\u00e0ria des Riu"],"inLanguage":"ca"},{"@type":"WebPage","@id":"https:\/\/www.psib-psoe.org\/eivissa\/el-psoe-reclama-la-construccio-del-nou-centre-de-salut-de-santa-eularia-i-mesures-provisionals-per-fer-front-a-la-falta-despai-dels-serveis-sanitaris\/","url":"https:\/\/www.psib-psoe.org\/eivissa\/el-psoe-reclama-la-construccio-del-nou-centre-de-salut-de-santa-eularia-i-mesures-provisionals-per-fer-front-a-la-falta-despai-dels-serveis-sanitaris\/","name":"El PSOE reclama la construcci\u00f3 del nou centre de Salut de Santa Eul\u00e0ria i mesures provisionals per fer front a la falta d\u2019espai dels serveis sanitaris - Federaci\u00f3 Socialista d&#039;Eivissa","isPartOf":{"@id":"https:\/\/www.psib-psoe.org\/eivissa\/#website"},"primaryImageOfPage":{"@id":"https:\/\/www.psib-psoe.org\/eivissa\/el-psoe-reclama-la-construccio-del-nou-centre-de-salut-de-santa-eularia-i-mesures-provisionals-per-fer-front-a-la-falta-despai-dels-serveis-sanitaris\/#primaryimage"},"image":{"@id":"https:\/\/www.psib-psoe.org\/eivissa\/el-psoe-reclama-la-construccio-del-nou-centre-de-salut-de-santa-eularia-i-mesures-provisionals-per-fer-front-a-la-falta-despai-dels-serveis-sanitaris\/#primaryimage"},"thumbnailUrl":"https:\/\/www.psib-psoe.org\/eivissa\/wp-content\/uploads\/centre-salut-santa-eularia-scaled.jpeg","datePublished":"2024-03-14T12:15:36+00:00","breadcrumb":{"@id":"https:\/\/www.psib-psoe.org\/eivissa\/el-psoe-reclama-la-construccio-del-nou-centre-de-salut-de-santa-eularia-i-mesures-provisionals-per-fer-front-a-la-falta-despai-dels-serveis-sanitaris\/#breadcrumb"},"inLanguage":"ca","potentialAction":[{"@type":"ReadAction","target":["https:\/\/www.psib-psoe.org\/eivissa\/el-psoe-reclama-la-construccio-del-nou-centre-de-salut-de-santa-eularia-i-mesures-provisionals-per-fer-front-a-la-falta-despai-dels-serveis-sanitaris\/"]}]},{"@type":"ImageObject","inLanguage":"ca","@id":"https:\/\/www.psib-psoe.org\/eivissa\/el-psoe-reclama-la-construccio-del-nou-centre-de-salut-de-santa-eularia-i-mesures-provisionals-per-fer-front-a-la-falta-despai-dels-serveis-sanitaris\/#primaryimage","url":"https:\/\/www.psib-psoe.org\/eivissa\/wp-content\/uploads\/centre-salut-santa-eularia-scaled.jpeg","contentUrl":"https:\/\/www.psib-psoe.org\/eivissa\/wp-content\/uploads\/centre-salut-santa-eularia-scaled.jpeg","width":2560,"height":1920},{"@type":"BreadcrumbList","@id":"https:\/\/www.psib-psoe.org\/eivissa\/el-psoe-reclama-la-construccio-del-nou-centre-de-salut-de-santa-eularia-i-mesures-provisionals-per-fer-front-a-la-falta-despai-dels-serveis-sanitaris\/#breadcrumb","itemListElement":[{"@type":"ListItem","position":1,"name":"Inici","item":"https:\/\/www.psib-psoe.org\/eivissa\/"},{"@type":"ListItem","position":2,"name":"El PSOE reclama la construcci\u00f3 del nou centre de Salut de Santa Eul\u00e0ria i mesures provisionals per fer front a la falta d\u2019espai dels serveis sanitaris"}]},{"@type":"WebSite","@id":"https:\/\/www.psib-psoe.org\/eivissa\/#website","url":"https:\/\/www.psib-psoe.org\/eivissa\/","name":"Federaci\u00f3 Socialista d'Eivissa","description":"Socialistes d&#039;Eivissa","publisher":{"@id":"https:\/\/www.psib-psoe.org\/eivissa\/#organization"},"potentialAction":[{"@type":"SearchAction","target":{"@type":"EntryPoint","urlTemplate":"https:\/\/www.psib-psoe.org\/eivissa\/?s={search_term_string}"},"query-input":{"@type":"PropertyValueSpecification","valueRequired":true,"valueName":"search_term_string"}}],"inLanguage":"ca"},{"@type":"Organization","@id":"https:\/\/www.psib-psoe.org\/eivissa\/#organization","name":"Federaci\u00f3 Socialista d'Eivissa","url":"https:\/\/www.psib-psoe.org\/eivissa\/","logo":{"@type":"ImageObject","inLanguage":"ca","@id":"https:\/\/www.psib-psoe.org\/eivissa\/#\/schema\/logo\/image\/","url":"https:\/\/www.psib-psoe.org\/eivissa\/wp-content\/uploads\/LOGO-FSE-SOCIALISTA-DEIVISSA-HORI.png","contentUrl":"https:\/\/www.psib-psoe.org\/eivissa\/wp-content\/uploads\/LOGO-FSE-SOCIALISTA-DEIVISSA-HORI.png","width":6000,"height":3104,"caption":"Federaci\u00f3 Socialista d'Eivissa"},"image":{"@id":"https:\/\/www.psib-psoe.org\/eivissa\/#\/schema\/logo\/image\/"}},{"@type":"Person","@id":"https:\/\/www.psib-psoe.org\/eivissa\/#\/schema\/person\/b71961f9b223766c28d12eca90cf67e0","name":"PSOE Eivissa","url":"https:\/\/www.psib-psoe.org\/eivissa\/author\/adminalan\/"}]}},"_links":{"self":[{"href":"https:\/\/www.psib-psoe.org\/eivissa\/wp-json\/wp\/v2\/posts\/38852","targetHints":{"allow":["GET"]}}],"collection":[{"href":"https:\/\/www.psib-psoe.org\/eivissa\/wp-json\/wp\/v2\/posts"}],"about":[{"href":"https:\/\/www.psib-psoe.org\/eivissa\/wp-json\/wp\/v2\/types\/post"}],"author":[{"embeddable":true,"href":"https:\/\/www.psib-psoe.org\/eivissa\/wp-json\/wp\/v2\/users\/10"}],"replies":[{"embeddable":true,"href":"https:\/\/www.psib-psoe.org\/eivissa\/wp-json\/wp\/v2\/comments?post=38852"}],"version-history":[{"count":1,"href":"https:\/\/www.psib-psoe.org\/eivissa\/wp-json\/wp\/v2\/posts\/38852\/revisions"}],"predecessor-version":[{"id":38854,"href":"https:\/\/www.psib-psoe.org\/eivissa\/wp-json\/wp\/v2\/posts\/38852\/revisions\/38854"}],"wp:featuredmedia":[{"embeddable":true,"href":"https:\/\/www.psib-psoe.org\/eivissa\/wp-json\/wp\/v2\/media\/38853"}],"wp:attachment":[{"href":"https:\/\/www.psib-psoe.org\/eivissa\/wp-json\/wp\/v2\/media?parent=38852"}],"wp:term":[{"taxonomy":"category","embeddable":true,"href":"https:\/\/www.psib-psoe.org\/eivissa\/wp-json\/wp\/v2\/categories?post=38852"},{"taxonomy":"post_tag","embeddable":true,"href":"https:\/\/www.psib-psoe.org\/eivissa\/wp-json\/wp\/v2\/tags?post=38852"}],"curies":[{"name":"wp","href":"https:\/\/api.w.org\/{rel}","templated":true}]}}