{"id":38856,"date":"2024-03-15T14:00:55","date_gmt":"2024-03-15T12:00:55","guid":{"rendered":"https:\/\/www.psib-psoe.org\/eivissa\/?p=38856"},"modified":"2024-03-15T14:00:55","modified_gmt":"2024-03-15T12:00:55","slug":"el-psoe-demana-a-lajuntament-deivissa-la-declaracio-del-municipi-com-a-zona-tensionada-per-a-poder-aplicar-el-control-dels-preus-de-lloguer","status":"publish","type":"post","link":"https:\/\/www.psib-psoe.org\/eivissa\/el-psoe-demana-a-lajuntament-deivissa-la-declaracio-del-municipi-com-a-zona-tensionada-per-a-poder-aplicar-el-control-dels-preus-de-lloguer\/","title":{"rendered":"El PSOE demana a l&#8217;Ajuntament d&#8217;Eivissa la declaraci\u00f3 del municipi com a zona tensionada per a poder aplicar el control dels preus de lloguer"},"content":{"rendered":"<p>El grup municipal del PSOE demanar\u00e0 al ple de l&#8217;Ajuntament, que tindr\u00e0 lloc el pr\u00f2xim dimarts 26 de mar\u00e7, que l&#8217;equip de govern del PP posi en marxa les gestions necess\u00e0ries perqu\u00e8 el municipi sigui declarat zona tensionada i poder aplicar l&#8217;\u00edndex de preus de Refer\u00e8ncia.<\/p>\n<p>El Ministeri d&#8217;Habitatge i Agenda Urbana ha presentat recentment l&#8217;\u00cdndex de preus de Refer\u00e8ncia, un nou instrument que t\u00e9 com a principal objectiu controlar l&#8217;increment dels preus de lloguer.<\/p>\n<p>Aquest \u00edndex, que respon a criteris t\u00e8cnics i cient\u00edfics, operar\u00e0 per al conjunt del pa\u00eds i consisteix en una nova aplicaci\u00f3 que permetr\u00e0 que les dades p\u00fabliques estiguin al servei de l&#8217;inter\u00e8s general, permetent con\u00e8ixer el rang de valors de lloguer d&#8217;un habitatge com a refer\u00e8ncia per a la fixaci\u00f3 de la renda en els nous contractes d&#8217;arrendament.<\/p>\n<p>L&#8217;\u00edndex operar\u00e0 en les comunitats que sol\u00b7licitin ser declarades com a zones de mercat residencial tensionat, segons el que estableix la Llei 12\/2023 pel dret d&#8217;habitatge, per aquest motiu des del PSOE es sol\u00b7licita que l&#8217;Ajuntament d&#8217;Eivissa faci les feines oportunes per a declarar la ciutat d&#8217;Eivissa com a zona tensionada.<\/p>\n<p>Per al regidor socialista Jordi Salewski, &#8216;un dels principals problemes dels nostres ciutadans \u00e9s l&#8217;acc\u00e9s a un habitatge digne. Els preus dels lloguers estan disparats i una fam\u00edlia normal no pot accedir a un habitatge. Per aix\u00f2 demanam a l&#8217;Ajuntament d&#8217;Eivissa que declari el municipi com a zona tensionada i aix\u00ed es pugui aplicar l&#8217;\u00edndex de preus i es pugui controlar els preus dels lloguers de manera que els nostres ciutadans puguin accedir a un habitatge digne&#8217;.<\/p>\n<p>En aquest cas no \u00e9s un instrument per regular el preu del lloguer, \u00e9s una eina excepcional per a aquelles ciutats on s&#8217;est\u00e0 produint una alta tensi\u00f3 al mercat del lloguer, com \u00e9s el cas de la ciutat d&#8217;Eivissa, que busca evitar moviments especulatius dels preus dels lloguers, oferint un preu de mercat en funci\u00f3 de criteris t\u00e8cnics.<\/p>\n<p>Es tracta d&#8217;oferir m\u00e9s transpar\u00e8ncia i coneixement del mercat del lloguer d&#8217;habitatge, i afavorir aix\u00ed l&#8217;increment de l&#8217;oferta d&#8217;habitatge a preus assequibles, aportant a m\u00e9s un element clau de seguretat jur\u00eddica en les relacions entre arrendador i arrendatari.<\/p>\n<p>Com tots sabem, el problema de l&#8217;acc\u00e9s a un habitatge \u00e9s un dels problemes m\u00e9s greus que tenen els nostres ciutadans. Fins al moment la pol\u00edtica d&#8217;habitatge del govern municipal ha estat nul\u00b7la. Per aix\u00f2 presentam aquesta moci\u00f3 en proposta d&#8217;acord per activar el mecanisme de la llei d&#8217;habitatge i declarar la ciutat d&#8217;Eivissa com a zona de mercat residencial tensionat i poder aplicar l&#8217;\u00edndex de preus.<\/p>\n","protected":false},"excerpt":{"rendered":"<p>El grup municipal del PSOE demanar\u00e0 al ple de l&#8217;Ajuntament, que tindr\u00e0 lloc el pr\u00f2xim dimarts 26 de mar\u00e7, que l&#8217;equip de govern del PP posi en marxa les gestions necess\u00e0ries perqu\u00e8 el municipi sigui declarat zona tensionada i poder aplicar l&#8217;\u00edndex de preus de Refer\u00e8ncia. El Ministeri d&#8217;Habitatge i Agenda Urbana ha presentat recentment&hellip;<\/p>\n","protected":false},"author":15,"featured_media":38857,"comment_status":"closed","ping_status":"closed","sticky":false,"template":"","format":"standard","meta":{"footnotes":""},"categories":[183,1,234],"tags":[],"class_list":["post-38856","post","type-post","status-publish","format-standard","has-post-thumbnail","hentry","category-ciutat-deivissa","category-federacio-de-eivissa-portada","category-municipis"],"yoast_head":"<!-- This site is optimized with the Yoast SEO plugin v26.9 - https:\/\/yoast.com\/product\/yoast-seo-wordpress\/ -->\n<title>El PSOE demana a l&#039;Ajuntament d&#039;Eivissa la declaraci\u00f3 del municipi com a zona tensionada per a poder aplicar el control dels preus de lloguer - Federaci\u00f3 Socialista d&#039;Eivissa<\/title>\n<meta name=\"robots\" content=\"index, follow, max-snippet:-1, max-image-preview:large, max-video-preview:-1\" \/>\n<link rel=\"canonical\" href=\"https:\/\/www.psib-psoe.org\/eivissa\/el-psoe-demana-a-lajuntament-deivissa-la-declaracio-del-municipi-com-a-zona-tensionada-per-a-poder-aplicar-el-control-dels-preus-de-lloguer\/\" \/>\n<meta property=\"og:locale\" content=\"ca_ES\" \/>\n<meta property=\"og:type\" content=\"article\" \/>\n<meta property=\"og:title\" content=\"El PSOE demana a l&#039;Ajuntament d&#039;Eivissa la declaraci\u00f3 del municipi com a zona tensionada per a poder aplicar el control dels preus de lloguer - Federaci\u00f3 Socialista d&#039;Eivissa\" \/>\n<meta property=\"og:description\" content=\"El grup municipal del PSOE demanar\u00e0 al ple de l&#8217;Ajuntament, que tindr\u00e0 lloc el pr\u00f2xim dimarts 26 de mar\u00e7, que l&#8217;equip de govern del PP posi en marxa les gestions necess\u00e0ries perqu\u00e8 el municipi sigui declarat zona tensionada i poder aplicar l&#8217;\u00edndex de preus de Refer\u00e8ncia. El Ministeri d&#8217;Habitatge i Agenda Urbana ha presentat recentment&hellip;\" \/>\n<meta property=\"og:url\" content=\"https:\/\/www.psib-psoe.org\/eivissa\/el-psoe-demana-a-lajuntament-deivissa-la-declaracio-del-municipi-com-a-zona-tensionada-per-a-poder-aplicar-el-control-dels-preus-de-lloguer\/\" \/>\n<meta property=\"og:site_name\" content=\"Federaci\u00f3 Socialista d&#039;Eivissa\" \/>\n<meta property=\"article:published_time\" content=\"2024-03-15T12:00:55+00:00\" \/>\n<meta property=\"og:image\" content=\"https:\/\/www.psib-psoe.org\/eivissa\/wp-content\/uploads\/Eivissa-ciutat.jpeg\" \/>\n\t<meta property=\"og:image:width\" content=\"1000\" \/>\n\t<meta property=\"og:image:height\" content=\"682\" \/>\n\t<meta property=\"og:image:type\" content=\"image\/jpeg\" \/>\n<meta name=\"author\" content=\"Tita Tur\" \/>\n<meta name=\"twitter:card\" content=\"summary_large_image\" \/>\n<meta name=\"twitter:label1\" content=\"Escrit per\" \/>\n\t<meta name=\"twitter:data1\" content=\"Tita Tur\" \/>\n\t<meta name=\"twitter:label2\" content=\"Temps estimat de lectura\" \/>\n\t<meta name=\"twitter:data2\" content=\"2 minuts\" \/>\n<script type=\"application\/ld+json\" class=\"yoast-schema-graph\">{\"@context\":\"https:\/\/schema.org\",\"@graph\":[{\"@type\":[\"Article\",\"BlogPosting\"],\"@id\":\"https:\/\/www.psib-psoe.org\/eivissa\/el-psoe-demana-a-lajuntament-deivissa-la-declaracio-del-municipi-com-a-zona-tensionada-per-a-poder-aplicar-el-control-dels-preus-de-lloguer\/#article\",\"isPartOf\":{\"@id\":\"https:\/\/www.psib-psoe.org\/eivissa\/el-psoe-demana-a-lajuntament-deivissa-la-declaracio-del-municipi-com-a-zona-tensionada-per-a-poder-aplicar-el-control-dels-preus-de-lloguer\/\"},\"author\":{\"name\":\"Tita Tur\",\"@id\":\"https:\/\/www.psib-psoe.org\/eivissa\/#\/schema\/person\/706742f1e7e07ce08bd017f09ea62ace\"},\"headline\":\"El PSOE demana a l&#8217;Ajuntament d&#8217;Eivissa la declaraci\u00f3 del municipi com a zona tensionada per a poder aplicar el control dels preus de lloguer\",\"datePublished\":\"2024-03-15T12:00:55+00:00\",\"mainEntityOfPage\":{\"@id\":\"https:\/\/www.psib-psoe.org\/eivissa\/el-psoe-demana-a-lajuntament-deivissa-la-declaracio-del-municipi-com-a-zona-tensionada-per-a-poder-aplicar-el-control-dels-preus-de-lloguer\/\"},\"wordCount\":475,\"publisher\":{\"@id\":\"https:\/\/www.psib-psoe.org\/eivissa\/#organization\"},\"image\":{\"@id\":\"https:\/\/www.psib-psoe.org\/eivissa\/el-psoe-demana-a-lajuntament-deivissa-la-declaracio-del-municipi-com-a-zona-tensionada-per-a-poder-aplicar-el-control-dels-preus-de-lloguer\/#primaryimage\"},\"thumbnailUrl\":\"https:\/\/www.psib-psoe.org\/eivissa\/wp-content\/uploads\/Eivissa-ciutat.jpeg\",\"articleSection\":[\"Ciutat d'Eivissa\",\"Federaci\u00f3 d'Eivissa - Portada\",\"Municipis\"],\"inLanguage\":\"ca\"},{\"@type\":\"WebPage\",\"@id\":\"https:\/\/www.psib-psoe.org\/eivissa\/el-psoe-demana-a-lajuntament-deivissa-la-declaracio-del-municipi-com-a-zona-tensionada-per-a-poder-aplicar-el-control-dels-preus-de-lloguer\/\",\"url\":\"https:\/\/www.psib-psoe.org\/eivissa\/el-psoe-demana-a-lajuntament-deivissa-la-declaracio-del-municipi-com-a-zona-tensionada-per-a-poder-aplicar-el-control-dels-preus-de-lloguer\/\",\"name\":\"El PSOE demana a l'Ajuntament d'Eivissa la declaraci\u00f3 del municipi com a zona tensionada per a poder aplicar el control dels preus de lloguer - Federaci\u00f3 Socialista d&#039;Eivissa\",\"isPartOf\":{\"@id\":\"https:\/\/www.psib-psoe.org\/eivissa\/#website\"},\"primaryImageOfPage\":{\"@id\":\"https:\/\/www.psib-psoe.org\/eivissa\/el-psoe-demana-a-lajuntament-deivissa-la-declaracio-del-municipi-com-a-zona-tensionada-per-a-poder-aplicar-el-control-dels-preus-de-lloguer\/#primaryimage\"},\"image\":{\"@id\":\"https:\/\/www.psib-psoe.org\/eivissa\/el-psoe-demana-a-lajuntament-deivissa-la-declaracio-del-municipi-com-a-zona-tensionada-per-a-poder-aplicar-el-control-dels-preus-de-lloguer\/#primaryimage\"},\"thumbnailUrl\":\"https:\/\/www.psib-psoe.org\/eivissa\/wp-content\/uploads\/Eivissa-ciutat.jpeg\",\"datePublished\":\"2024-03-15T12:00:55+00:00\",\"breadcrumb\":{\"@id\":\"https:\/\/www.psib-psoe.org\/eivissa\/el-psoe-demana-a-lajuntament-deivissa-la-declaracio-del-municipi-com-a-zona-tensionada-per-a-poder-aplicar-el-control-dels-preus-de-lloguer\/#breadcrumb\"},\"inLanguage\":\"ca\",\"potentialAction\":[{\"@type\":\"ReadAction\",\"target\":[\"https:\/\/www.psib-psoe.org\/eivissa\/el-psoe-demana-a-lajuntament-deivissa-la-declaracio-del-municipi-com-a-zona-tensionada-per-a-poder-aplicar-el-control-dels-preus-de-lloguer\/\"]}]},{\"@type\":\"ImageObject\",\"inLanguage\":\"ca\",\"@id\":\"https:\/\/www.psib-psoe.org\/eivissa\/el-psoe-demana-a-lajuntament-deivissa-la-declaracio-del-municipi-com-a-zona-tensionada-per-a-poder-aplicar-el-control-dels-preus-de-lloguer\/#primaryimage\",\"url\":\"https:\/\/www.psib-psoe.org\/eivissa\/wp-content\/uploads\/Eivissa-ciutat.jpeg\",\"contentUrl\":\"https:\/\/www.psib-psoe.org\/eivissa\/wp-content\/uploads\/Eivissa-ciutat.jpeg\",\"width\":1000,\"height\":682},{\"@type\":\"BreadcrumbList\",\"@id\":\"https:\/\/www.psib-psoe.org\/eivissa\/el-psoe-demana-a-lajuntament-deivissa-la-declaracio-del-municipi-com-a-zona-tensionada-per-a-poder-aplicar-el-control-dels-preus-de-lloguer\/#breadcrumb\",\"itemListElement\":[{\"@type\":\"ListItem\",\"position\":1,\"name\":\"Inici\",\"item\":\"https:\/\/www.psib-psoe.org\/eivissa\/\"},{\"@type\":\"ListItem\",\"position\":2,\"name\":\"El PSOE demana a l&#8217;Ajuntament d&#8217;Eivissa la declaraci\u00f3 del municipi com a zona tensionada per a poder aplicar el control dels preus de lloguer\"}]},{\"@type\":\"WebSite\",\"@id\":\"https:\/\/www.psib-psoe.org\/eivissa\/#website\",\"url\":\"https:\/\/www.psib-psoe.org\/eivissa\/\",\"name\":\"Federaci\u00f3 Socialista d'Eivissa\",\"description\":\"Socialistes d&#039;Eivissa\",\"publisher\":{\"@id\":\"https:\/\/www.psib-psoe.org\/eivissa\/#organization\"},\"potentialAction\":[{\"@type\":\"SearchAction\",\"target\":{\"@type\":\"EntryPoint\",\"urlTemplate\":\"https:\/\/www.psib-psoe.org\/eivissa\/?s={search_term_string}\"},\"query-input\":{\"@type\":\"PropertyValueSpecification\",\"valueRequired\":true,\"valueName\":\"search_term_string\"}}],\"inLanguage\":\"ca\"},{\"@type\":\"Organization\",\"@id\":\"https:\/\/www.psib-psoe.org\/eivissa\/#organization\",\"name\":\"Federaci\u00f3 Socialista d'Eivissa\",\"url\":\"https:\/\/www.psib-psoe.org\/eivissa\/\",\"logo\":{\"@type\":\"ImageObject\",\"inLanguage\":\"ca\",\"@id\":\"https:\/\/www.psib-psoe.org\/eivissa\/#\/schema\/logo\/image\/\",\"url\":\"https:\/\/www.psib-psoe.org\/eivissa\/wp-content\/uploads\/LOGO-FSE-SOCIALISTA-DEIVISSA-HORI.png\",\"contentUrl\":\"https:\/\/www.psib-psoe.org\/eivissa\/wp-content\/uploads\/LOGO-FSE-SOCIALISTA-DEIVISSA-HORI.png\",\"width\":6000,\"height\":3104,\"caption\":\"Federaci\u00f3 Socialista d'Eivissa\"},\"image\":{\"@id\":\"https:\/\/www.psib-psoe.org\/eivissa\/#\/schema\/logo\/image\/\"}},{\"@type\":\"Person\",\"@id\":\"https:\/\/www.psib-psoe.org\/eivissa\/#\/schema\/person\/706742f1e7e07ce08bd017f09ea62ace\",\"name\":\"Tita Tur\",\"url\":\"https:\/\/www.psib-psoe.org\/eivissa\/author\/tita\/\"}]}<\/script>\n<!-- \/ Yoast SEO plugin. -->","yoast_head_json":{"title":"El PSOE demana a l'Ajuntament d'Eivissa la declaraci\u00f3 del municipi com a zona tensionada per a poder aplicar el control dels preus de lloguer - Federaci\u00f3 Socialista d&#039;Eivissa","robots":{"index":"index","follow":"follow","max-snippet":"max-snippet:-1","max-image-preview":"max-image-preview:large","max-video-preview":"max-video-preview:-1"},"canonical":"https:\/\/www.psib-psoe.org\/eivissa\/el-psoe-demana-a-lajuntament-deivissa-la-declaracio-del-municipi-com-a-zona-tensionada-per-a-poder-aplicar-el-control-dels-preus-de-lloguer\/","og_locale":"ca_ES","og_type":"article","og_title":"El PSOE demana a l'Ajuntament d'Eivissa la declaraci\u00f3 del municipi com a zona tensionada per a poder aplicar el control dels preus de lloguer - Federaci\u00f3 Socialista d&#039;Eivissa","og_description":"El grup municipal del PSOE demanar\u00e0 al ple de l&#8217;Ajuntament, que tindr\u00e0 lloc el pr\u00f2xim dimarts 26 de mar\u00e7, que l&#8217;equip de govern del PP posi en marxa les gestions necess\u00e0ries perqu\u00e8 el municipi sigui declarat zona tensionada i poder aplicar l&#8217;\u00edndex de preus de Refer\u00e8ncia. El Ministeri d&#8217;Habitatge i Agenda Urbana ha presentat recentment&hellip;","og_url":"https:\/\/www.psib-psoe.org\/eivissa\/el-psoe-demana-a-lajuntament-deivissa-la-declaracio-del-municipi-com-a-zona-tensionada-per-a-poder-aplicar-el-control-dels-preus-de-lloguer\/","og_site_name":"Federaci\u00f3 Socialista d&#039;Eivissa","article_published_time":"2024-03-15T12:00:55+00:00","og_image":[{"width":1000,"height":682,"url":"https:\/\/www.psib-psoe.org\/eivissa\/wp-content\/uploads\/Eivissa-ciutat.jpeg","type":"image\/jpeg"}],"author":"Tita Tur","twitter_card":"summary_large_image","twitter_misc":{"Escrit per":"Tita Tur","Temps estimat de lectura":"2 minuts"},"schema":{"@context":"https:\/\/schema.org","@graph":[{"@type":["Article","BlogPosting"],"@id":"https:\/\/www.psib-psoe.org\/eivissa\/el-psoe-demana-a-lajuntament-deivissa-la-declaracio-del-municipi-com-a-zona-tensionada-per-a-poder-aplicar-el-control-dels-preus-de-lloguer\/#article","isPartOf":{"@id":"https:\/\/www.psib-psoe.org\/eivissa\/el-psoe-demana-a-lajuntament-deivissa-la-declaracio-del-municipi-com-a-zona-tensionada-per-a-poder-aplicar-el-control-dels-preus-de-lloguer\/"},"author":{"name":"Tita Tur","@id":"https:\/\/www.psib-psoe.org\/eivissa\/#\/schema\/person\/706742f1e7e07ce08bd017f09ea62ace"},"headline":"El PSOE demana a l&#8217;Ajuntament d&#8217;Eivissa la declaraci\u00f3 del municipi com a zona tensionada per a poder aplicar el control dels preus de lloguer","datePublished":"2024-03-15T12:00:55+00:00","mainEntityOfPage":{"@id":"https:\/\/www.psib-psoe.org\/eivissa\/el-psoe-demana-a-lajuntament-deivissa-la-declaracio-del-municipi-com-a-zona-tensionada-per-a-poder-aplicar-el-control-dels-preus-de-lloguer\/"},"wordCount":475,"publisher":{"@id":"https:\/\/www.psib-psoe.org\/eivissa\/#organization"},"image":{"@id":"https:\/\/www.psib-psoe.org\/eivissa\/el-psoe-demana-a-lajuntament-deivissa-la-declaracio-del-municipi-com-a-zona-tensionada-per-a-poder-aplicar-el-control-dels-preus-de-lloguer\/#primaryimage"},"thumbnailUrl":"https:\/\/www.psib-psoe.org\/eivissa\/wp-content\/uploads\/Eivissa-ciutat.jpeg","articleSection":["Ciutat d'Eivissa","Federaci\u00f3 d'Eivissa - Portada","Municipis"],"inLanguage":"ca"},{"@type":"WebPage","@id":"https:\/\/www.psib-psoe.org\/eivissa\/el-psoe-demana-a-lajuntament-deivissa-la-declaracio-del-municipi-com-a-zona-tensionada-per-a-poder-aplicar-el-control-dels-preus-de-lloguer\/","url":"https:\/\/www.psib-psoe.org\/eivissa\/el-psoe-demana-a-lajuntament-deivissa-la-declaracio-del-municipi-com-a-zona-tensionada-per-a-poder-aplicar-el-control-dels-preus-de-lloguer\/","name":"El PSOE demana a l'Ajuntament d'Eivissa la declaraci\u00f3 del municipi com a zona tensionada per a poder aplicar el control dels preus de lloguer - Federaci\u00f3 Socialista d&#039;Eivissa","isPartOf":{"@id":"https:\/\/www.psib-psoe.org\/eivissa\/#website"},"primaryImageOfPage":{"@id":"https:\/\/www.psib-psoe.org\/eivissa\/el-psoe-demana-a-lajuntament-deivissa-la-declaracio-del-municipi-com-a-zona-tensionada-per-a-poder-aplicar-el-control-dels-preus-de-lloguer\/#primaryimage"},"image":{"@id":"https:\/\/www.psib-psoe.org\/eivissa\/el-psoe-demana-a-lajuntament-deivissa-la-declaracio-del-municipi-com-a-zona-tensionada-per-a-poder-aplicar-el-control-dels-preus-de-lloguer\/#primaryimage"},"thumbnailUrl":"https:\/\/www.psib-psoe.org\/eivissa\/wp-content\/uploads\/Eivissa-ciutat.jpeg","datePublished":"2024-03-15T12:00:55+00:00","breadcrumb":{"@id":"https:\/\/www.psib-psoe.org\/eivissa\/el-psoe-demana-a-lajuntament-deivissa-la-declaracio-del-municipi-com-a-zona-tensionada-per-a-poder-aplicar-el-control-dels-preus-de-lloguer\/#breadcrumb"},"inLanguage":"ca","potentialAction":[{"@type":"ReadAction","target":["https:\/\/www.psib-psoe.org\/eivissa\/el-psoe-demana-a-lajuntament-deivissa-la-declaracio-del-municipi-com-a-zona-tensionada-per-a-poder-aplicar-el-control-dels-preus-de-lloguer\/"]}]},{"@type":"ImageObject","inLanguage":"ca","@id":"https:\/\/www.psib-psoe.org\/eivissa\/el-psoe-demana-a-lajuntament-deivissa-la-declaracio-del-municipi-com-a-zona-tensionada-per-a-poder-aplicar-el-control-dels-preus-de-lloguer\/#primaryimage","url":"https:\/\/www.psib-psoe.org\/eivissa\/wp-content\/uploads\/Eivissa-ciutat.jpeg","contentUrl":"https:\/\/www.psib-psoe.org\/eivissa\/wp-content\/uploads\/Eivissa-ciutat.jpeg","width":1000,"height":682},{"@type":"BreadcrumbList","@id":"https:\/\/www.psib-psoe.org\/eivissa\/el-psoe-demana-a-lajuntament-deivissa-la-declaracio-del-municipi-com-a-zona-tensionada-per-a-poder-aplicar-el-control-dels-preus-de-lloguer\/#breadcrumb","itemListElement":[{"@type":"ListItem","position":1,"name":"Inici","item":"https:\/\/www.psib-psoe.org\/eivissa\/"},{"@type":"ListItem","position":2,"name":"El PSOE demana a l&#8217;Ajuntament d&#8217;Eivissa la declaraci\u00f3 del municipi com a zona tensionada per a poder aplicar el control dels preus de lloguer"}]},{"@type":"WebSite","@id":"https:\/\/www.psib-psoe.org\/eivissa\/#website","url":"https:\/\/www.psib-psoe.org\/eivissa\/","name":"Federaci\u00f3 Socialista d'Eivissa","description":"Socialistes d&#039;Eivissa","publisher":{"@id":"https:\/\/www.psib-psoe.org\/eivissa\/#organization"},"potentialAction":[{"@type":"SearchAction","target":{"@type":"EntryPoint","urlTemplate":"https:\/\/www.psib-psoe.org\/eivissa\/?s={search_term_string}"},"query-input":{"@type":"PropertyValueSpecification","valueRequired":true,"valueName":"search_term_string"}}],"inLanguage":"ca"},{"@type":"Organization","@id":"https:\/\/www.psib-psoe.org\/eivissa\/#organization","name":"Federaci\u00f3 Socialista d'Eivissa","url":"https:\/\/www.psib-psoe.org\/eivissa\/","logo":{"@type":"ImageObject","inLanguage":"ca","@id":"https:\/\/www.psib-psoe.org\/eivissa\/#\/schema\/logo\/image\/","url":"https:\/\/www.psib-psoe.org\/eivissa\/wp-content\/uploads\/LOGO-FSE-SOCIALISTA-DEIVISSA-HORI.png","contentUrl":"https:\/\/www.psib-psoe.org\/eivissa\/wp-content\/uploads\/LOGO-FSE-SOCIALISTA-DEIVISSA-HORI.png","width":6000,"height":3104,"caption":"Federaci\u00f3 Socialista d'Eivissa"},"image":{"@id":"https:\/\/www.psib-psoe.org\/eivissa\/#\/schema\/logo\/image\/"}},{"@type":"Person","@id":"https:\/\/www.psib-psoe.org\/eivissa\/#\/schema\/person\/706742f1e7e07ce08bd017f09ea62ace","name":"Tita Tur","url":"https:\/\/www.psib-psoe.org\/eivissa\/author\/tita\/"}]}},"_links":{"self":[{"href":"https:\/\/www.psib-psoe.org\/eivissa\/wp-json\/wp\/v2\/posts\/38856","targetHints":{"allow":["GET"]}}],"collection":[{"href":"https:\/\/www.psib-psoe.org\/eivissa\/wp-json\/wp\/v2\/posts"}],"about":[{"href":"https:\/\/www.psib-psoe.org\/eivissa\/wp-json\/wp\/v2\/types\/post"}],"author":[{"embeddable":true,"href":"https:\/\/www.psib-psoe.org\/eivissa\/wp-json\/wp\/v2\/users\/15"}],"replies":[{"embeddable":true,"href":"https:\/\/www.psib-psoe.org\/eivissa\/wp-json\/wp\/v2\/comments?post=38856"}],"version-history":[{"count":1,"href":"https:\/\/www.psib-psoe.org\/eivissa\/wp-json\/wp\/v2\/posts\/38856\/revisions"}],"predecessor-version":[{"id":38858,"href":"https:\/\/www.psib-psoe.org\/eivissa\/wp-json\/wp\/v2\/posts\/38856\/revisions\/38858"}],"wp:featuredmedia":[{"embeddable":true,"href":"https:\/\/www.psib-psoe.org\/eivissa\/wp-json\/wp\/v2\/media\/38857"}],"wp:attachment":[{"href":"https:\/\/www.psib-psoe.org\/eivissa\/wp-json\/wp\/v2\/media?parent=38856"}],"wp:term":[{"taxonomy":"category","embeddable":true,"href":"https:\/\/www.psib-psoe.org\/eivissa\/wp-json\/wp\/v2\/categories?post=38856"},{"taxonomy":"post_tag","embeddable":true,"href":"https:\/\/www.psib-psoe.org\/eivissa\/wp-json\/wp\/v2\/tags?post=38856"}],"curies":[{"name":"wp","href":"https:\/\/api.w.org\/{rel}","templated":true}]}}