{"id":38923,"date":"2024-03-21T12:00:48","date_gmt":"2024-03-21T10:00:48","guid":{"rendered":"https:\/\/www.psib-psoe.org\/eivissa\/?p=38923"},"modified":"2024-04-22T18:25:55","modified_gmt":"2024-04-22T16:25:55","slug":"el-partit-popular-d%ca%bbeivissa-es-torna-posar-del-costat-de-la-ultradreta-negacionista-de-la-violencia-de-genere-la-federacio-socialista-deivissa-manifesta-el-seu-absolut-rebuig-al-sup","status":"publish","type":"post","link":"https:\/\/www.psib-psoe.org\/eivissa\/el-partit-popular-d%ca%bbeivissa-es-torna-posar-del-costat-de-la-ultradreta-negacionista-de-la-violencia-de-genere-la-federacio-socialista-deivissa-manifesta-el-seu-absolut-rebuig-al-sup\/","title":{"rendered":"&#8220;El Partit Popular d\u02bbEivissa es torna posar del costat de la ultradreta negacionista de la viol\u00e8ncia de g\u00e8nere&#8221;. La Federaci\u00f3 Socialista d\u2019Eivissa manifesta el seu absolut rebuig al suport del PP de <span translate=\"no\">  Sant Josep <\/span>   a la petici\u00f3 de Vox de retirar els senyals de color morat del municipi."},"content":{"rendered":"<div dir=\"ltr\">\n<div class=\"gmail_quote\">\n<div dir=\"ltr\">\n<p dir=\"ltr\">La Federaci\u00f3 Socialista d&#8217;Eivissa (FSE-PSOE) vol fer p\u00fablic el seu rebuig a la decisi\u00f3 del PP de <span translate=\"no\">  Sant Josep de sa Talaia <\/span> de donar suport a la moci\u00f3 de Vox per retirar una desena de senyals pintats de morat, instal\u00b7lats el 2020 com per visibilitzar la lluita contra la viol\u00e8ncia masclista. La secret\u00e0ria d&#8217;Igualtat de la FSE-PSOE, A\u00edda Alcaraz, ha manifestat la seva m\u00e9s en\u00e8rgica condemna davant la lamentable decisi\u00f3 de l&#8217;equip de govern de l&#8217;alcalde Vicent Roig, com ja va fer al ple celebrat ahir la nostra regidora a <span translate=\"no\">  Sant Josep <\/span> Present Ortiz.<\/p>\n<\/div>\n<\/div>\n<\/div>\n<p dir=\"ltr\">\u201cUna vegada m\u00e9s hem pogut veure la veritable cara del PP: Mentre en p\u00fablic decideixen encap\u00e7alar manifestacions del 8M i el 25N, en aquells llocs on governen juntament amb VOX, com \u00e9s l&#8217;Ajuntament de <span translate=\"no\">  Sant Josep <\/span>, mostren la seva veritable cara, la seva postura davant de les dones, la seva postura sobre el feminisme i la seva postura sobre la viol\u00e8ncia de g\u00e8nere\u201d, ha denunciat A\u00edda Alcaraz.<\/p>\n<p dir=\"ltr\">\u201cAhir es van sumar als seus socis de Vox i a la pol\u00edtica de minimitzar un problema d&#8217;Estat en un dia en qu\u00e8 s\u2019havia de lamentar l&#8217;assassinat de quatre dones en 48 hores. Ahir van votar en contra de visibilitzar aquesta xacra social que mata dones, que assassina menors i que es diu viol\u00e8ncia de g\u00e8nere\u201d.<\/p>\n<p dir=\"ltr\">Amb la votaci\u00f3 d&#8217;ahir, \u201cel PP una vegada m\u00e9s ha deixat clar del costat de qui hi \u00e9s, i no \u00e9s el de les v\u00edctimes, no \u00e9s el de les dones\u201d, ha lamentat Alcaraz.<\/p>\n<p dir=\"ltr\">\u00c9s especialment decebedor veure com el Partit Popular ha donat suport a aquesta moci\u00f3, al\u00b7legant la possible confusi\u00f3 per als conductors, sense considerar el valor simb\u00f2lic i educatiu d&#8217;aquests senyals en la lluita contra la viol\u00e8ncia masclista. Aquesta postura nom\u00e9s evidencia la manca de comprom\u00eds amb els principis d&#8217;igualtat i la complicitat amb els que busquen soscavar els aven\u00e7os en mat\u00e8ria de drets de les dones.<\/p>\n<p dir=\"ltr\">La Federaci\u00f3 Socialista d\u2019Eivissa reafirma el seu comprom\u00eds infrangible amb la defensa dels drets de les dones i amb la lluita contra la viol\u00e8ncia masclista. &#8220;No permetrem que retrocessos com el suport a aquesta moci\u00f3 de Vox soscavin els aven\u00e7os aconseguits, i continuarem treballant incansablement per una societat m\u00e9s justa i igualit\u00e0ria per a totes i tots&#8221;, ha concl\u00f2s A\u00edda Alcaraz.<\/p>\n","protected":false},"excerpt":{"rendered":"<p>La Federaci\u00f3 Socialista d&#8217;Eivissa (FSE-PSOE) vol fer p\u00fablic el seu rebuig a la decisi\u00f3 del PP de Sant Josep de sa Talaia de donar suport a la moci\u00f3 de Vox per retirar una desena de senyals pintats de morat, instal\u00b7lats el 2020 com per visibilitzar la lluita contra la viol\u00e8ncia masclista. La secret\u00e0ria d&#8217;Igualtat de&hellip;<\/p>\n","protected":false},"author":7,"featured_media":38924,"comment_status":"closed","ping_status":"closed","sticky":false,"template":"","format":"standard","meta":{"footnotes":""},"categories":[1,212,234,187],"tags":[],"class_list":["post-38923","post","type-post","status-publish","format-standard","has-post-thumbnail","hentry","category-federacio-de-eivissa-portada","category-fse-psoe","category-municipis","category-sant-josep-de-sa-talaia"],"yoast_head":"<!-- This site is optimized with the Yoast SEO plugin v26.9 - https:\/\/yoast.com\/product\/yoast-seo-wordpress\/ -->\n<title>&quot;El Partit Popular d\u02bbEivissa es torna posar del costat de la ultradreta negacionista de la viol\u00e8ncia de g\u00e8nere&quot;. La Federaci\u00f3 Socialista d\u2019Eivissa manifesta el seu absolut rebuig al suport del PP de  Sant Josep   a la petici\u00f3 de Vox de retirar els senyals de color morat del municipi. - Federaci\u00f3 Socialista d&#039;Eivissa<\/title>\n<meta name=\"robots\" content=\"index, follow, max-snippet:-1, max-image-preview:large, max-video-preview:-1\" \/>\n<link rel=\"canonical\" href=\"https:\/\/www.psib-psoe.org\/eivissa\/el-partit-popular-d\u02bbeivissa-es-torna-posar-del-costat-de-la-ultradreta-negacionista-de-la-violencia-de-genere-la-federacio-socialista-deivissa-manifesta-el-seu-absolut-rebuig-al-sup\/\" \/>\n<meta property=\"og:locale\" content=\"ca_ES\" \/>\n<meta property=\"og:type\" content=\"article\" \/>\n<meta property=\"og:title\" content=\"&quot;El Partit Popular d\u02bbEivissa es torna posar del costat de la ultradreta negacionista de la viol\u00e8ncia de g\u00e8nere&quot;. La Federaci\u00f3 Socialista d\u2019Eivissa manifesta el seu absolut rebuig al suport del PP de  Sant Josep   a la petici\u00f3 de Vox de retirar els senyals de color morat del municipi. - Federaci\u00f3 Socialista d&#039;Eivissa\" \/>\n<meta property=\"og:description\" content=\"La Federaci\u00f3 Socialista d&#8217;Eivissa (FSE-PSOE) vol fer p\u00fablic el seu rebuig a la decisi\u00f3 del PP de Sant Josep de sa Talaia de donar suport a la moci\u00f3 de Vox per retirar una desena de senyals pintats de morat, instal\u00b7lats el 2020 com per visibilitzar la lluita contra la viol\u00e8ncia masclista. La secret\u00e0ria d&#8217;Igualtat de&hellip;\" \/>\n<meta property=\"og:url\" content=\"https:\/\/www.psib-psoe.org\/eivissa\/el-partit-popular-d\u02bbeivissa-es-torna-posar-del-costat-de-la-ultradreta-negacionista-de-la-violencia-de-genere-la-federacio-socialista-deivissa-manifesta-el-seu-absolut-rebuig-al-sup\/\" \/>\n<meta property=\"og:site_name\" content=\"Federaci\u00f3 Socialista d&#039;Eivissa\" \/>\n<meta property=\"article:published_time\" content=\"2024-03-21T10:00:48+00:00\" \/>\n<meta property=\"article:modified_time\" content=\"2024-04-22T16:25:55+00:00\" \/>\n<meta property=\"og:image\" content=\"https:\/\/www.psib-psoe.org\/eivissa\/wp-content\/uploads\/cartell-morat.png\" \/>\n\t<meta property=\"og:image:width\" content=\"599\" \/>\n\t<meta property=\"og:image:height\" content=\"365\" \/>\n\t<meta property=\"og:image:type\" content=\"image\/png\" \/>\n<meta name=\"author\" content=\"Josep Ripoll\" \/>\n<meta name=\"twitter:card\" content=\"summary_large_image\" \/>\n<meta name=\"twitter:label1\" content=\"Escrit per\" \/>\n\t<meta name=\"twitter:data1\" content=\"Josep Ripoll\" \/>\n\t<meta name=\"twitter:label2\" content=\"Temps estimat de lectura\" \/>\n\t<meta name=\"twitter:data2\" content=\"2 minuts\" \/>\n<script type=\"application\/ld+json\" class=\"yoast-schema-graph\">{\"@context\":\"https:\/\/schema.org\",\"@graph\":[{\"@type\":[\"Article\",\"BlogPosting\"],\"@id\":\"https:\/\/www.psib-psoe.org\/eivissa\/el-partit-popular-d%ca%bbeivissa-es-torna-posar-del-costat-de-la-ultradreta-negacionista-de-la-violencia-de-genere-la-federacio-socialista-deivissa-manifesta-el-seu-absolut-rebuig-al-sup\/#article\",\"isPartOf\":{\"@id\":\"https:\/\/www.psib-psoe.org\/eivissa\/el-partit-popular-d%ca%bbeivissa-es-torna-posar-del-costat-de-la-ultradreta-negacionista-de-la-violencia-de-genere-la-federacio-socialista-deivissa-manifesta-el-seu-absolut-rebuig-al-sup\/\"},\"author\":{\"name\":\"Josep Ripoll\",\"@id\":\"https:\/\/www.psib-psoe.org\/eivissa\/#\/schema\/person\/7a9d2841fb36f32e34fc0e9b245e8117\"},\"headline\":\"&#8220;El Partit Popular d\u02bbEivissa es torna posar del costat de la ultradreta negacionista de la viol\u00e8ncia de g\u00e8nere&#8221;. La Federaci\u00f3 Socialista d\u2019Eivissa manifesta el seu absolut rebuig al suport del PP de Sant Josep a la petici\u00f3 de Vox de retirar els senyals de color morat del municipi.\",\"datePublished\":\"2024-03-21T10:00:48+00:00\",\"dateModified\":\"2024-04-22T16:25:55+00:00\",\"mainEntityOfPage\":{\"@id\":\"https:\/\/www.psib-psoe.org\/eivissa\/el-partit-popular-d%ca%bbeivissa-es-torna-posar-del-costat-de-la-ultradreta-negacionista-de-la-violencia-de-genere-la-federacio-socialista-deivissa-manifesta-el-seu-absolut-rebuig-al-sup\/\"},\"wordCount\":462,\"publisher\":{\"@id\":\"https:\/\/www.psib-psoe.org\/eivissa\/#organization\"},\"image\":{\"@id\":\"https:\/\/www.psib-psoe.org\/eivissa\/el-partit-popular-d%ca%bbeivissa-es-torna-posar-del-costat-de-la-ultradreta-negacionista-de-la-violencia-de-genere-la-federacio-socialista-deivissa-manifesta-el-seu-absolut-rebuig-al-sup\/#primaryimage\"},\"thumbnailUrl\":\"https:\/\/www.psib-psoe.org\/eivissa\/wp-content\/uploads\/cartell-morat.png\",\"articleSection\":[\"Federaci\u00f3 d'Eivissa - Portada\",\"FSE-PSOE\",\"Municipis\",\"Sant Josep de sa Talaia\"],\"inLanguage\":\"ca\"},{\"@type\":\"WebPage\",\"@id\":\"https:\/\/www.psib-psoe.org\/eivissa\/el-partit-popular-d%ca%bbeivissa-es-torna-posar-del-costat-de-la-ultradreta-negacionista-de-la-violencia-de-genere-la-federacio-socialista-deivissa-manifesta-el-seu-absolut-rebuig-al-sup\/\",\"url\":\"https:\/\/www.psib-psoe.org\/eivissa\/el-partit-popular-d%ca%bbeivissa-es-torna-posar-del-costat-de-la-ultradreta-negacionista-de-la-violencia-de-genere-la-federacio-socialista-deivissa-manifesta-el-seu-absolut-rebuig-al-sup\/\",\"name\":\"\\\"El Partit Popular d\u02bbEivissa es torna posar del costat de la ultradreta negacionista de la viol\u00e8ncia de g\u00e8nere\\\". La Federaci\u00f3 Socialista d\u2019Eivissa manifesta el seu absolut rebuig al suport del PP de Sant Josep a la petici\u00f3 de Vox de retirar els senyals de color morat del municipi. - Federaci\u00f3 Socialista d&#039;Eivissa\",\"isPartOf\":{\"@id\":\"https:\/\/www.psib-psoe.org\/eivissa\/#website\"},\"primaryImageOfPage\":{\"@id\":\"https:\/\/www.psib-psoe.org\/eivissa\/el-partit-popular-d%ca%bbeivissa-es-torna-posar-del-costat-de-la-ultradreta-negacionista-de-la-violencia-de-genere-la-federacio-socialista-deivissa-manifesta-el-seu-absolut-rebuig-al-sup\/#primaryimage\"},\"image\":{\"@id\":\"https:\/\/www.psib-psoe.org\/eivissa\/el-partit-popular-d%ca%bbeivissa-es-torna-posar-del-costat-de-la-ultradreta-negacionista-de-la-violencia-de-genere-la-federacio-socialista-deivissa-manifesta-el-seu-absolut-rebuig-al-sup\/#primaryimage\"},\"thumbnailUrl\":\"https:\/\/www.psib-psoe.org\/eivissa\/wp-content\/uploads\/cartell-morat.png\",\"datePublished\":\"2024-03-21T10:00:48+00:00\",\"dateModified\":\"2024-04-22T16:25:55+00:00\",\"breadcrumb\":{\"@id\":\"https:\/\/www.psib-psoe.org\/eivissa\/el-partit-popular-d%ca%bbeivissa-es-torna-posar-del-costat-de-la-ultradreta-negacionista-de-la-violencia-de-genere-la-federacio-socialista-deivissa-manifesta-el-seu-absolut-rebuig-al-sup\/#breadcrumb\"},\"inLanguage\":\"ca\",\"potentialAction\":[{\"@type\":\"ReadAction\",\"target\":[\"https:\/\/www.psib-psoe.org\/eivissa\/el-partit-popular-d%ca%bbeivissa-es-torna-posar-del-costat-de-la-ultradreta-negacionista-de-la-violencia-de-genere-la-federacio-socialista-deivissa-manifesta-el-seu-absolut-rebuig-al-sup\/\"]}]},{\"@type\":\"ImageObject\",\"inLanguage\":\"ca\",\"@id\":\"https:\/\/www.psib-psoe.org\/eivissa\/el-partit-popular-d%ca%bbeivissa-es-torna-posar-del-costat-de-la-ultradreta-negacionista-de-la-violencia-de-genere-la-federacio-socialista-deivissa-manifesta-el-seu-absolut-rebuig-al-sup\/#primaryimage\",\"url\":\"https:\/\/www.psib-psoe.org\/eivissa\/wp-content\/uploads\/cartell-morat.png\",\"contentUrl\":\"https:\/\/www.psib-psoe.org\/eivissa\/wp-content\/uploads\/cartell-morat.png\",\"width\":599,\"height\":365},{\"@type\":\"BreadcrumbList\",\"@id\":\"https:\/\/www.psib-psoe.org\/eivissa\/el-partit-popular-d%ca%bbeivissa-es-torna-posar-del-costat-de-la-ultradreta-negacionista-de-la-violencia-de-genere-la-federacio-socialista-deivissa-manifesta-el-seu-absolut-rebuig-al-sup\/#breadcrumb\",\"itemListElement\":[{\"@type\":\"ListItem\",\"position\":1,\"name\":\"Inici\",\"item\":\"https:\/\/www.psib-psoe.org\/eivissa\/\"},{\"@type\":\"ListItem\",\"position\":2,\"name\":\"&#8220;El Partit Popular d\u02bbEivissa es torna posar del costat de la ultradreta negacionista de la viol\u00e8ncia de g\u00e8nere&#8221;. La Federaci\u00f3 Socialista d\u2019Eivissa manifesta el seu absolut rebuig al suport del PP de Sant Josep a la petici\u00f3 de Vox de retirar els senyals de color morat del municipi.\"}]},{\"@type\":\"WebSite\",\"@id\":\"https:\/\/www.psib-psoe.org\/eivissa\/#website\",\"url\":\"https:\/\/www.psib-psoe.org\/eivissa\/\",\"name\":\"Federaci\u00f3 Socialista d'Eivissa\",\"description\":\"Socialistes d&#039;Eivissa\",\"publisher\":{\"@id\":\"https:\/\/www.psib-psoe.org\/eivissa\/#organization\"},\"potentialAction\":[{\"@type\":\"SearchAction\",\"target\":{\"@type\":\"EntryPoint\",\"urlTemplate\":\"https:\/\/www.psib-psoe.org\/eivissa\/?s={search_term_string}\"},\"query-input\":{\"@type\":\"PropertyValueSpecification\",\"valueRequired\":true,\"valueName\":\"search_term_string\"}}],\"inLanguage\":\"ca\"},{\"@type\":\"Organization\",\"@id\":\"https:\/\/www.psib-psoe.org\/eivissa\/#organization\",\"name\":\"Federaci\u00f3 Socialista d'Eivissa\",\"url\":\"https:\/\/www.psib-psoe.org\/eivissa\/\",\"logo\":{\"@type\":\"ImageObject\",\"inLanguage\":\"ca\",\"@id\":\"https:\/\/www.psib-psoe.org\/eivissa\/#\/schema\/logo\/image\/\",\"url\":\"https:\/\/www.psib-psoe.org\/eivissa\/wp-content\/uploads\/LOGO-FSE-SOCIALISTA-DEIVISSA-HORI.png\",\"contentUrl\":\"https:\/\/www.psib-psoe.org\/eivissa\/wp-content\/uploads\/LOGO-FSE-SOCIALISTA-DEIVISSA-HORI.png\",\"width\":6000,\"height\":3104,\"caption\":\"Federaci\u00f3 Socialista d'Eivissa\"},\"image\":{\"@id\":\"https:\/\/www.psib-psoe.org\/eivissa\/#\/schema\/logo\/image\/\"}},{\"@type\":\"Person\",\"@id\":\"https:\/\/www.psib-psoe.org\/eivissa\/#\/schema\/person\/7a9d2841fb36f32e34fc0e9b245e8117\",\"name\":\"Josep Ripoll\",\"sameAs\":[\"http:\/\/www.psib-psoe.org\/eivissa\/wp-login.php\"],\"url\":\"https:\/\/www.psib-psoe.org\/eivissa\/author\/josep\/\"}]}<\/script>\n<!-- \/ Yoast SEO plugin. -->","yoast_head_json":{"title":"\"El Partit Popular d\u02bbEivissa es torna posar del costat de la ultradreta negacionista de la viol\u00e8ncia de g\u00e8nere\". La Federaci\u00f3 Socialista d\u2019Eivissa manifesta el seu absolut rebuig al suport del PP de  Sant Josep   a la petici\u00f3 de Vox de retirar els senyals de color morat del municipi. - Federaci\u00f3 Socialista d&#039;Eivissa","robots":{"index":"index","follow":"follow","max-snippet":"max-snippet:-1","max-image-preview":"max-image-preview:large","max-video-preview":"max-video-preview:-1"},"canonical":"https:\/\/www.psib-psoe.org\/eivissa\/el-partit-popular-d\u02bbeivissa-es-torna-posar-del-costat-de-la-ultradreta-negacionista-de-la-violencia-de-genere-la-federacio-socialista-deivissa-manifesta-el-seu-absolut-rebuig-al-sup\/","og_locale":"ca_ES","og_type":"article","og_title":"\"El Partit Popular d\u02bbEivissa es torna posar del costat de la ultradreta negacionista de la viol\u00e8ncia de g\u00e8nere\". La Federaci\u00f3 Socialista d\u2019Eivissa manifesta el seu absolut rebuig al suport del PP de  Sant Josep   a la petici\u00f3 de Vox de retirar els senyals de color morat del municipi. - Federaci\u00f3 Socialista d&#039;Eivissa","og_description":"La Federaci\u00f3 Socialista d&#8217;Eivissa (FSE-PSOE) vol fer p\u00fablic el seu rebuig a la decisi\u00f3 del PP de Sant Josep de sa Talaia de donar suport a la moci\u00f3 de Vox per retirar una desena de senyals pintats de morat, instal\u00b7lats el 2020 com per visibilitzar la lluita contra la viol\u00e8ncia masclista. La secret\u00e0ria d&#8217;Igualtat de&hellip;","og_url":"https:\/\/www.psib-psoe.org\/eivissa\/el-partit-popular-d\u02bbeivissa-es-torna-posar-del-costat-de-la-ultradreta-negacionista-de-la-violencia-de-genere-la-federacio-socialista-deivissa-manifesta-el-seu-absolut-rebuig-al-sup\/","og_site_name":"Federaci\u00f3 Socialista d&#039;Eivissa","article_published_time":"2024-03-21T10:00:48+00:00","article_modified_time":"2024-04-22T16:25:55+00:00","og_image":[{"width":599,"height":365,"url":"https:\/\/www.psib-psoe.org\/eivissa\/wp-content\/uploads\/cartell-morat.png","type":"image\/png"}],"author":"Josep Ripoll","twitter_card":"summary_large_image","twitter_misc":{"Escrit per":"Josep Ripoll","Temps estimat de lectura":"2 minuts"},"schema":{"@context":"https:\/\/schema.org","@graph":[{"@type":["Article","BlogPosting"],"@id":"https:\/\/www.psib-psoe.org\/eivissa\/el-partit-popular-d%ca%bbeivissa-es-torna-posar-del-costat-de-la-ultradreta-negacionista-de-la-violencia-de-genere-la-federacio-socialista-deivissa-manifesta-el-seu-absolut-rebuig-al-sup\/#article","isPartOf":{"@id":"https:\/\/www.psib-psoe.org\/eivissa\/el-partit-popular-d%ca%bbeivissa-es-torna-posar-del-costat-de-la-ultradreta-negacionista-de-la-violencia-de-genere-la-federacio-socialista-deivissa-manifesta-el-seu-absolut-rebuig-al-sup\/"},"author":{"name":"Josep Ripoll","@id":"https:\/\/www.psib-psoe.org\/eivissa\/#\/schema\/person\/7a9d2841fb36f32e34fc0e9b245e8117"},"headline":"&#8220;El Partit Popular d\u02bbEivissa es torna posar del costat de la ultradreta negacionista de la viol\u00e8ncia de g\u00e8nere&#8221;. La Federaci\u00f3 Socialista d\u2019Eivissa manifesta el seu absolut rebuig al suport del PP de Sant Josep a la petici\u00f3 de Vox de retirar els senyals de color morat del municipi.","datePublished":"2024-03-21T10:00:48+00:00","dateModified":"2024-04-22T16:25:55+00:00","mainEntityOfPage":{"@id":"https:\/\/www.psib-psoe.org\/eivissa\/el-partit-popular-d%ca%bbeivissa-es-torna-posar-del-costat-de-la-ultradreta-negacionista-de-la-violencia-de-genere-la-federacio-socialista-deivissa-manifesta-el-seu-absolut-rebuig-al-sup\/"},"wordCount":462,"publisher":{"@id":"https:\/\/www.psib-psoe.org\/eivissa\/#organization"},"image":{"@id":"https:\/\/www.psib-psoe.org\/eivissa\/el-partit-popular-d%ca%bbeivissa-es-torna-posar-del-costat-de-la-ultradreta-negacionista-de-la-violencia-de-genere-la-federacio-socialista-deivissa-manifesta-el-seu-absolut-rebuig-al-sup\/#primaryimage"},"thumbnailUrl":"https:\/\/www.psib-psoe.org\/eivissa\/wp-content\/uploads\/cartell-morat.png","articleSection":["Federaci\u00f3 d'Eivissa - Portada","FSE-PSOE","Municipis","Sant Josep de sa Talaia"],"inLanguage":"ca"},{"@type":"WebPage","@id":"https:\/\/www.psib-psoe.org\/eivissa\/el-partit-popular-d%ca%bbeivissa-es-torna-posar-del-costat-de-la-ultradreta-negacionista-de-la-violencia-de-genere-la-federacio-socialista-deivissa-manifesta-el-seu-absolut-rebuig-al-sup\/","url":"https:\/\/www.psib-psoe.org\/eivissa\/el-partit-popular-d%ca%bbeivissa-es-torna-posar-del-costat-de-la-ultradreta-negacionista-de-la-violencia-de-genere-la-federacio-socialista-deivissa-manifesta-el-seu-absolut-rebuig-al-sup\/","name":"\"El Partit Popular d\u02bbEivissa es torna posar del costat de la ultradreta negacionista de la viol\u00e8ncia de g\u00e8nere\". La Federaci\u00f3 Socialista d\u2019Eivissa manifesta el seu absolut rebuig al suport del PP de Sant Josep a la petici\u00f3 de Vox de retirar els senyals de color morat del municipi. - Federaci\u00f3 Socialista d&#039;Eivissa","isPartOf":{"@id":"https:\/\/www.psib-psoe.org\/eivissa\/#website"},"primaryImageOfPage":{"@id":"https:\/\/www.psib-psoe.org\/eivissa\/el-partit-popular-d%ca%bbeivissa-es-torna-posar-del-costat-de-la-ultradreta-negacionista-de-la-violencia-de-genere-la-federacio-socialista-deivissa-manifesta-el-seu-absolut-rebuig-al-sup\/#primaryimage"},"image":{"@id":"https:\/\/www.psib-psoe.org\/eivissa\/el-partit-popular-d%ca%bbeivissa-es-torna-posar-del-costat-de-la-ultradreta-negacionista-de-la-violencia-de-genere-la-federacio-socialista-deivissa-manifesta-el-seu-absolut-rebuig-al-sup\/#primaryimage"},"thumbnailUrl":"https:\/\/www.psib-psoe.org\/eivissa\/wp-content\/uploads\/cartell-morat.png","datePublished":"2024-03-21T10:00:48+00:00","dateModified":"2024-04-22T16:25:55+00:00","breadcrumb":{"@id":"https:\/\/www.psib-psoe.org\/eivissa\/el-partit-popular-d%ca%bbeivissa-es-torna-posar-del-costat-de-la-ultradreta-negacionista-de-la-violencia-de-genere-la-federacio-socialista-deivissa-manifesta-el-seu-absolut-rebuig-al-sup\/#breadcrumb"},"inLanguage":"ca","potentialAction":[{"@type":"ReadAction","target":["https:\/\/www.psib-psoe.org\/eivissa\/el-partit-popular-d%ca%bbeivissa-es-torna-posar-del-costat-de-la-ultradreta-negacionista-de-la-violencia-de-genere-la-federacio-socialista-deivissa-manifesta-el-seu-absolut-rebuig-al-sup\/"]}]},{"@type":"ImageObject","inLanguage":"ca","@id":"https:\/\/www.psib-psoe.org\/eivissa\/el-partit-popular-d%ca%bbeivissa-es-torna-posar-del-costat-de-la-ultradreta-negacionista-de-la-violencia-de-genere-la-federacio-socialista-deivissa-manifesta-el-seu-absolut-rebuig-al-sup\/#primaryimage","url":"https:\/\/www.psib-psoe.org\/eivissa\/wp-content\/uploads\/cartell-morat.png","contentUrl":"https:\/\/www.psib-psoe.org\/eivissa\/wp-content\/uploads\/cartell-morat.png","width":599,"height":365},{"@type":"BreadcrumbList","@id":"https:\/\/www.psib-psoe.org\/eivissa\/el-partit-popular-d%ca%bbeivissa-es-torna-posar-del-costat-de-la-ultradreta-negacionista-de-la-violencia-de-genere-la-federacio-socialista-deivissa-manifesta-el-seu-absolut-rebuig-al-sup\/#breadcrumb","itemListElement":[{"@type":"ListItem","position":1,"name":"Inici","item":"https:\/\/www.psib-psoe.org\/eivissa\/"},{"@type":"ListItem","position":2,"name":"&#8220;El Partit Popular d\u02bbEivissa es torna posar del costat de la ultradreta negacionista de la viol\u00e8ncia de g\u00e8nere&#8221;. La Federaci\u00f3 Socialista d\u2019Eivissa manifesta el seu absolut rebuig al suport del PP de Sant Josep a la petici\u00f3 de Vox de retirar els senyals de color morat del municipi."}]},{"@type":"WebSite","@id":"https:\/\/www.psib-psoe.org\/eivissa\/#website","url":"https:\/\/www.psib-psoe.org\/eivissa\/","name":"Federaci\u00f3 Socialista d'Eivissa","description":"Socialistes d&#039;Eivissa","publisher":{"@id":"https:\/\/www.psib-psoe.org\/eivissa\/#organization"},"potentialAction":[{"@type":"SearchAction","target":{"@type":"EntryPoint","urlTemplate":"https:\/\/www.psib-psoe.org\/eivissa\/?s={search_term_string}"},"query-input":{"@type":"PropertyValueSpecification","valueRequired":true,"valueName":"search_term_string"}}],"inLanguage":"ca"},{"@type":"Organization","@id":"https:\/\/www.psib-psoe.org\/eivissa\/#organization","name":"Federaci\u00f3 Socialista d'Eivissa","url":"https:\/\/www.psib-psoe.org\/eivissa\/","logo":{"@type":"ImageObject","inLanguage":"ca","@id":"https:\/\/www.psib-psoe.org\/eivissa\/#\/schema\/logo\/image\/","url":"https:\/\/www.psib-psoe.org\/eivissa\/wp-content\/uploads\/LOGO-FSE-SOCIALISTA-DEIVISSA-HORI.png","contentUrl":"https:\/\/www.psib-psoe.org\/eivissa\/wp-content\/uploads\/LOGO-FSE-SOCIALISTA-DEIVISSA-HORI.png","width":6000,"height":3104,"caption":"Federaci\u00f3 Socialista d'Eivissa"},"image":{"@id":"https:\/\/www.psib-psoe.org\/eivissa\/#\/schema\/logo\/image\/"}},{"@type":"Person","@id":"https:\/\/www.psib-psoe.org\/eivissa\/#\/schema\/person\/7a9d2841fb36f32e34fc0e9b245e8117","name":"Josep Ripoll","sameAs":["http:\/\/www.psib-psoe.org\/eivissa\/wp-login.php"],"url":"https:\/\/www.psib-psoe.org\/eivissa\/author\/josep\/"}]}},"_links":{"self":[{"href":"https:\/\/www.psib-psoe.org\/eivissa\/wp-json\/wp\/v2\/posts\/38923","targetHints":{"allow":["GET"]}}],"collection":[{"href":"https:\/\/www.psib-psoe.org\/eivissa\/wp-json\/wp\/v2\/posts"}],"about":[{"href":"https:\/\/www.psib-psoe.org\/eivissa\/wp-json\/wp\/v2\/types\/post"}],"author":[{"embeddable":true,"href":"https:\/\/www.psib-psoe.org\/eivissa\/wp-json\/wp\/v2\/users\/7"}],"replies":[{"embeddable":true,"href":"https:\/\/www.psib-psoe.org\/eivissa\/wp-json\/wp\/v2\/comments?post=38923"}],"version-history":[{"count":3,"href":"https:\/\/www.psib-psoe.org\/eivissa\/wp-json\/wp\/v2\/posts\/38923\/revisions"}],"predecessor-version":[{"id":39047,"href":"https:\/\/www.psib-psoe.org\/eivissa\/wp-json\/wp\/v2\/posts\/38923\/revisions\/39047"}],"wp:featuredmedia":[{"embeddable":true,"href":"https:\/\/www.psib-psoe.org\/eivissa\/wp-json\/wp\/v2\/media\/38924"}],"wp:attachment":[{"href":"https:\/\/www.psib-psoe.org\/eivissa\/wp-json\/wp\/v2\/media?parent=38923"}],"wp:term":[{"taxonomy":"category","embeddable":true,"href":"https:\/\/www.psib-psoe.org\/eivissa\/wp-json\/wp\/v2\/categories?post=38923"},{"taxonomy":"post_tag","embeddable":true,"href":"https:\/\/www.psib-psoe.org\/eivissa\/wp-json\/wp\/v2\/tags?post=38923"}],"curies":[{"name":"wp","href":"https:\/\/api.w.org\/{rel}","templated":true}]}}