{"id":38942,"date":"2024-03-22T15:01:05","date_gmt":"2024-03-22T13:01:05","guid":{"rendered":"https:\/\/www.psib-psoe.org\/eivissa\/?p=38942"},"modified":"2024-03-22T15:01:05","modified_gmt":"2024-03-22T13:01:05","slug":"vicent-mari-rebutja-limitar-els-preus-del-lloguer-i-paralitza-la-solucio-dels-apartaments-don-pepe-mentre-premia-als-infractors-urbanistics-amb-una-amnistia-de-construccions-illegals","status":"publish","type":"post","link":"https:\/\/www.psib-psoe.org\/eivissa\/vicent-mari-rebutja-limitar-els-preus-del-lloguer-i-paralitza-la-solucio-dels-apartaments-don-pepe-mentre-premia-als-infractors-urbanistics-amb-una-amnistia-de-construccions-illegals\/","title":{"rendered":"Vicent Mar\u00ed rebutja limitar els preus del lloguer i paralitza la soluci\u00f3 dels apartaments Don Pepe, mentre premia als infractors urban\u00edstics amb una amnistia de construccions il\u00b7legals.\u00a0"},"content":{"rendered":"<p dir=\"ltr\"><em>El grup Socialista exigeix la dimissi\u00f3 del conseller Mariano Juan per &#8220;jugar&#8221; amb la seguretat dels usuaris del transport p\u00fablic, despr\u00e9s que companyies hagin denunciat que el manteniment dels vehicles es fa baix \u201cm\u00ednims\u201d perqu\u00e8 el Consell Insular no els paga el servei.<\/em><\/p>\n<p dir=\"ltr\">El PSOE ha denunciat avui que Vicent Mar\u00ed vol premiar els infractors urban\u00edstics, amb l\u2019amnistia que prepara el PP, mentre s\u2019oblida dels problemes de l\u2019encariment de l\u2019habitatge que pateix l\u2019illa d\u2019Eivissa. En el Ple del Consell Insular celebrat avui, el PP ha rebutjat les mocions del PSOE per limitar els preus del lloguer i d\u2019un comprom\u00eds per tirar endavant la soluci\u00f3 per reallotjar els afectats dels apartaments Don Pepe en una promoci\u00f3 p\u00fablica a la platja d\u2019en Bossa.<\/p>\n<p dir=\"ltr\">El portaveu del PSOE, Josep Mar\u00ed Ribas, \u2018Agustinet\u2019, ha denunciat la \u201cfutura segona amnistia urban\u00edstica que premia a aquells que han fet les coses malament a Eivissa i que tampoc solucionaren el problema de l&#8217;habitatge\u201d. Per contra, la proposta del PSOE d\u2019aplicar la Llei estatal d\u2019Habitatge i declarar Eivissa com a zona tensada, obliga a limitar els preus als grans tenidors (m\u00e9s de 10 habitatges), mentre que a la resta de propietaris els ofereix beneficis fiscals si s\u2019hi volen acollir. Una llei que \u201cno est\u00e0 feta per extraterrestres, sin\u00f3 que est\u00e0 feta per gent que creu que les zones de mercat tensat \u00e9s important que es controlin, perqu\u00e8 si no acabarem tots fora de la nostra terra\u201d.<\/p>\n<p dir=\"ltr\">\u2018Agustinet ha insistit que l\u2019habitatge \u201c\u00e9s el problema principal a l\u2019illa d\u2019Eivissa avui\u201d i ha criticat que \u201ctot un Consell Insular, amb milionades al banc, no abordi aquest tema\u201d.<\/p>\n<p dir=\"ltr\">El PP ha rebutjat la moci\u00f3 del PSOE d\u2019\u201cinstar al Govern de les Illes Balears a que\u0300, en exercici de les seves compete\u0300ncies en mate\u0300ria d&#8217;Habitatge, tal com permet la Llei estatal 12\/2023 de 24 de maig pel Dret a l\u2019Habitatge, declari la totalitat de la nostra Comunitat Auto\u0300noma de les Illes Balears com a zona tensada perque\u0300 la ciutadania d\u2019Eivissa pugui beneficiar-se de l&#8217;aplicacio\u0301 de l&#8217;I\u0301ndex de Preus de Refere\u0300ncia en els preus de lloguer\u201d.<\/p>\n<p dir=\"ltr\"><strong>\u2018Agustinet\u2019 critica la par\u00e0lisi de la soluci\u00f3 per als afectats del Don Pepe<\/strong><\/p>\n<p dir=\"ltr\">\u2018Agustinet\u2019 tamb\u00e9 ha defensat una moci\u00f3 per acabar amb la par\u00e0lisi del PP de totes les institucions respecte a la problem\u00e0tica dels apartaments Don Pepe, que ha tengut el vot en contra de la dreta. El portaveu del PSOE ha denunciat la utilitzaci\u00f3 partidista del problema per part del PP en l\u2019anterior legislatura, per atacar-lo quan era alcalde i despr\u00e9s quan va ser conseller del Govern balear.<\/p>\n<p dir=\"ltr\">\u201cEl que jo pens \u00e9s que estan buscant que aquesta soluci\u00f3 d&#8217;ajuda en el finan\u00e7ament venga de la m\u00e0 d&#8217;un promotor privat al qual li donaran molta m\u00e9s edificabilitat del que val aquest terreny que s&#8217;ha de compensar. I estic segur que no m&#8217;equivoco gaire. Vost\u00e8s volen fer que alg\u00fa pagui el que hauria de pagar l\u2019administraci\u00f3 p\u00fablica\u201d, ha dit \u2018Agustinet\u2019.<\/p>\n<p dir=\"ltr\">El portaveu socialista ha recordat que, quan era alcalde de Sant Josep, \u201cel primer que vaig fer venir a parlar a la presid\u00e8ncia del Consell. Vost\u00e8 se&#8217;n recordar\u00e0 i se&#8217;n recorda que li vaig demanar. Se&#8217;n recorda que li vaig demanar? Que treballem conjuntament sense coloracions pol\u00edtiques de ninguna classe, que no ens facem mal amb aquest tema. Que no ens facem sang, perqu\u00e8 el drama era tan important. Que varen fer vost\u00e8s? Vost\u00e8s varen matxacar-me d&#8217;una manera immisericorde. S&#8217;han aprofitat d&#8217;aquest drama per fer campanya\u201d.<\/p>\n<p dir=\"ltr\">Sense \u00e8xit, \u2018Agustinet\u2019 ha demanat \u201cquina soluci\u00f3 tenen pensada? Qu\u00e8 \u00e9s el que volen fer si no recolzen aix\u00f2, que al final \u00e9s el full de ruta que hav\u00edem dissenyat entre tots? Quina \u00e9s la soluci\u00f3 que tenen pensada? Com ho pensen arreglar?\u201d<\/p>\n<p dir=\"ltr\"><strong>El PSOE reclama la dimissi\u00f3 de Mariano Juan per la situaci\u00f3 de la flota d\u2019autobusos, amb una mitjana de 14 anys d\u2019antiguitat i manteniment baix \u201cm\u00ednims\u201d<\/strong><\/p>\n<p dir=\"ltr\">El grup Socialista ha exigit en el Ple d\u2019avui la dimissi\u00f3 del conseller de Transports, Mariano Juan, per \u201cjugar\u201d amb la seguretat dels usuaris del transport p\u00fablic, despr\u00e9s que les mateixes companyies hagin denunciat que el manteniment dels vehicles est\u00e0 baix \u201cm\u00ednims\u201d perqu\u00e8 el Consell Insular no els paga el servei. Aix\u00ed ho ha denunciat en el Ple el conseller V\u00edctor Torres, citant textualment un document firmat per una de les concesion\u00e0ries: \u201cLos mantenimientos que se hacen se podr\u00edan realizar de otra manera y ser m\u00e1s exhaustivos y precisos si no fuera por la situaci\u00f3n a la que se encuentra la empresa fruto del incumplimiento del Consell de las obligaciones de pago que tienen asumida. Todo esto hace que la empresa vaya siempre a m\u00ednimos\u201d.<\/p>\n<p dir=\"ltr\">\u201cEl que hav\u00edem d&#8217;haver fet \u00e9s demanar-li la dimissi\u00f3 (de Mariano Juan), perqu\u00e8 davant d&#8217;aquest informe el que deixa clara \u00e9s la situaci\u00f3: La situaci\u00f3 d&#8217;inseguretat del transport p\u00fablic i el servei que donam. Amb una flota de 14 anys o m\u00e9s d&#8217;antiguitat, amb autobusos de m\u00e9s de 20 anys circulant per les carreteres. I vost\u00e8s sap quines s\u00f3n les mesures que han pres? Anunciar que havien comprat sis autobusos nous que havien retirat de la Comunitat de Madrid, que havien adquirit en una subhasta, que els havien retirat per contaminants i que tenien 300.000 quil\u00f2metres\u201d. \u201cI vost\u00e8 estava all\u00ed i va sortir a la foto, deia que eren nous\u201d, ha dit V\u00edctor Torres dirigint-se a Vicent Mar\u00ed.<\/p>\n<p dir=\"ltr\">El PSOE tamb\u00e9 ha exigit \u201ctotes les inversions necessa\u0300ries per a garantir la seguretat dels usuaris del transport pu\u0301blic davant la precarietat de l&#8217;estat del transport pu\u0301blic de la nostra illa\u201d, per\u00f2 tampoc s\u2019ha aprovat perqu\u00e8 el PP ha votat en contra de la proposta.<\/p>\n","protected":false},"excerpt":{"rendered":"<p>El grup Socialista exigeix la dimissi\u00f3 del conseller Mariano Juan per &#8220;jugar&#8221; amb la seguretat dels usuaris del transport p\u00fablic, despr\u00e9s que companyies hagin denunciat que el manteniment dels vehicles es fa baix \u201cm\u00ednims\u201d perqu\u00e8 el Consell Insular no els paga el servei. El PSOE ha denunciat avui que Vicent Mar\u00ed vol premiar els infractors&hellip;<\/p>\n","protected":false},"author":7,"featured_media":38943,"comment_status":"closed","ping_status":"closed","sticky":false,"template":"","format":"standard","meta":{"footnotes":""},"categories":[192,1],"tags":[],"class_list":["post-38942","post","type-post","status-publish","format-standard","has-post-thumbnail","hentry","category-consell-deivissa","category-federacio-de-eivissa-portada"],"yoast_head":"<!-- This site is optimized with the Yoast SEO plugin v26.9 - https:\/\/yoast.com\/product\/yoast-seo-wordpress\/ -->\n<title>Vicent Mar\u00ed rebutja limitar els preus del lloguer i paralitza la soluci\u00f3 dels apartaments Don Pepe, mentre premia als infractors urban\u00edstics amb una amnistia de construccions il\u00b7legals.\u00a0 - Federaci\u00f3 Socialista d&#039;Eivissa<\/title>\n<meta name=\"robots\" content=\"index, follow, max-snippet:-1, max-image-preview:large, max-video-preview:-1\" \/>\n<link rel=\"canonical\" href=\"https:\/\/www.psib-psoe.org\/eivissa\/vicent-mari-rebutja-limitar-els-preus-del-lloguer-i-paralitza-la-solucio-dels-apartaments-don-pepe-mentre-premia-als-infractors-urbanistics-amb-una-amnistia-de-construccions-illegals\/\" \/>\n<meta property=\"og:locale\" content=\"ca_ES\" \/>\n<meta property=\"og:type\" content=\"article\" \/>\n<meta property=\"og:title\" content=\"Vicent Mar\u00ed rebutja limitar els preus del lloguer i paralitza la soluci\u00f3 dels apartaments Don Pepe, mentre premia als infractors urban\u00edstics amb una amnistia de construccions il\u00b7legals.\u00a0 - Federaci\u00f3 Socialista d&#039;Eivissa\" \/>\n<meta property=\"og:description\" content=\"El grup Socialista exigeix la dimissi\u00f3 del conseller Mariano Juan per &#8220;jugar&#8221; amb la seguretat dels usuaris del transport p\u00fablic, despr\u00e9s que companyies hagin denunciat que el manteniment dels vehicles es fa baix \u201cm\u00ednims\u201d perqu\u00e8 el Consell Insular no els paga el servei. El PSOE ha denunciat avui que Vicent Mar\u00ed vol premiar els infractors&hellip;\" \/>\n<meta property=\"og:url\" content=\"https:\/\/www.psib-psoe.org\/eivissa\/vicent-mari-rebutja-limitar-els-preus-del-lloguer-i-paralitza-la-solucio-dels-apartaments-don-pepe-mentre-premia-als-infractors-urbanistics-amb-una-amnistia-de-construccions-illegals\/\" \/>\n<meta property=\"og:site_name\" content=\"Federaci\u00f3 Socialista d&#039;Eivissa\" \/>\n<meta property=\"article:published_time\" content=\"2024-03-22T13:01:05+00:00\" \/>\n<meta property=\"og:image\" content=\"https:\/\/www.psib-psoe.org\/eivissa\/wp-content\/uploads\/foto-ple-marc-2024.png\" \/>\n\t<meta property=\"og:image:width\" content=\"621\" \/>\n\t<meta property=\"og:image:height\" content=\"343\" \/>\n\t<meta property=\"og:image:type\" content=\"image\/png\" \/>\n<meta name=\"author\" content=\"Josep Ripoll\" \/>\n<meta name=\"twitter:card\" content=\"summary_large_image\" \/>\n<meta name=\"twitter:label1\" content=\"Escrit per\" \/>\n\t<meta name=\"twitter:data1\" content=\"Josep Ripoll\" \/>\n\t<meta name=\"twitter:label2\" content=\"Temps estimat de lectura\" \/>\n\t<meta name=\"twitter:data2\" content=\"5 minuts\" \/>\n<script type=\"application\/ld+json\" class=\"yoast-schema-graph\">{\"@context\":\"https:\/\/schema.org\",\"@graph\":[{\"@type\":[\"Article\",\"BlogPosting\"],\"@id\":\"https:\/\/www.psib-psoe.org\/eivissa\/vicent-mari-rebutja-limitar-els-preus-del-lloguer-i-paralitza-la-solucio-dels-apartaments-don-pepe-mentre-premia-als-infractors-urbanistics-amb-una-amnistia-de-construccions-illegals\/#article\",\"isPartOf\":{\"@id\":\"https:\/\/www.psib-psoe.org\/eivissa\/vicent-mari-rebutja-limitar-els-preus-del-lloguer-i-paralitza-la-solucio-dels-apartaments-don-pepe-mentre-premia-als-infractors-urbanistics-amb-una-amnistia-de-construccions-illegals\/\"},\"author\":{\"name\":\"Josep Ripoll\",\"@id\":\"https:\/\/www.psib-psoe.org\/eivissa\/#\/schema\/person\/7a9d2841fb36f32e34fc0e9b245e8117\"},\"headline\":\"Vicent Mar\u00ed rebutja limitar els preus del lloguer i paralitza la soluci\u00f3 dels apartaments Don Pepe, mentre premia als infractors urban\u00edstics amb una amnistia de construccions il\u00b7legals.\u00a0\",\"datePublished\":\"2024-03-22T13:01:05+00:00\",\"mainEntityOfPage\":{\"@id\":\"https:\/\/www.psib-psoe.org\/eivissa\/vicent-mari-rebutja-limitar-els-preus-del-lloguer-i-paralitza-la-solucio-dels-apartaments-don-pepe-mentre-premia-als-infractors-urbanistics-amb-una-amnistia-de-construccions-illegals\/\"},\"wordCount\":1019,\"publisher\":{\"@id\":\"https:\/\/www.psib-psoe.org\/eivissa\/#organization\"},\"image\":{\"@id\":\"https:\/\/www.psib-psoe.org\/eivissa\/vicent-mari-rebutja-limitar-els-preus-del-lloguer-i-paralitza-la-solucio-dels-apartaments-don-pepe-mentre-premia-als-infractors-urbanistics-amb-una-amnistia-de-construccions-illegals\/#primaryimage\"},\"thumbnailUrl\":\"https:\/\/www.psib-psoe.org\/eivissa\/wp-content\/uploads\/foto-ple-marc-2024.png\",\"articleSection\":[\"Consell d'Eivissa\",\"Federaci\u00f3 d'Eivissa - Portada\"],\"inLanguage\":\"ca\"},{\"@type\":\"WebPage\",\"@id\":\"https:\/\/www.psib-psoe.org\/eivissa\/vicent-mari-rebutja-limitar-els-preus-del-lloguer-i-paralitza-la-solucio-dels-apartaments-don-pepe-mentre-premia-als-infractors-urbanistics-amb-una-amnistia-de-construccions-illegals\/\",\"url\":\"https:\/\/www.psib-psoe.org\/eivissa\/vicent-mari-rebutja-limitar-els-preus-del-lloguer-i-paralitza-la-solucio-dels-apartaments-don-pepe-mentre-premia-als-infractors-urbanistics-amb-una-amnistia-de-construccions-illegals\/\",\"name\":\"Vicent Mar\u00ed rebutja limitar els preus del lloguer i paralitza la soluci\u00f3 dels apartaments Don Pepe, mentre premia als infractors urban\u00edstics amb una amnistia de construccions il\u00b7legals.\u00a0 - Federaci\u00f3 Socialista d&#039;Eivissa\",\"isPartOf\":{\"@id\":\"https:\/\/www.psib-psoe.org\/eivissa\/#website\"},\"primaryImageOfPage\":{\"@id\":\"https:\/\/www.psib-psoe.org\/eivissa\/vicent-mari-rebutja-limitar-els-preus-del-lloguer-i-paralitza-la-solucio-dels-apartaments-don-pepe-mentre-premia-als-infractors-urbanistics-amb-una-amnistia-de-construccions-illegals\/#primaryimage\"},\"image\":{\"@id\":\"https:\/\/www.psib-psoe.org\/eivissa\/vicent-mari-rebutja-limitar-els-preus-del-lloguer-i-paralitza-la-solucio-dels-apartaments-don-pepe-mentre-premia-als-infractors-urbanistics-amb-una-amnistia-de-construccions-illegals\/#primaryimage\"},\"thumbnailUrl\":\"https:\/\/www.psib-psoe.org\/eivissa\/wp-content\/uploads\/foto-ple-marc-2024.png\",\"datePublished\":\"2024-03-22T13:01:05+00:00\",\"breadcrumb\":{\"@id\":\"https:\/\/www.psib-psoe.org\/eivissa\/vicent-mari-rebutja-limitar-els-preus-del-lloguer-i-paralitza-la-solucio-dels-apartaments-don-pepe-mentre-premia-als-infractors-urbanistics-amb-una-amnistia-de-construccions-illegals\/#breadcrumb\"},\"inLanguage\":\"ca\",\"potentialAction\":[{\"@type\":\"ReadAction\",\"target\":[\"https:\/\/www.psib-psoe.org\/eivissa\/vicent-mari-rebutja-limitar-els-preus-del-lloguer-i-paralitza-la-solucio-dels-apartaments-don-pepe-mentre-premia-als-infractors-urbanistics-amb-una-amnistia-de-construccions-illegals\/\"]}]},{\"@type\":\"ImageObject\",\"inLanguage\":\"ca\",\"@id\":\"https:\/\/www.psib-psoe.org\/eivissa\/vicent-mari-rebutja-limitar-els-preus-del-lloguer-i-paralitza-la-solucio-dels-apartaments-don-pepe-mentre-premia-als-infractors-urbanistics-amb-una-amnistia-de-construccions-illegals\/#primaryimage\",\"url\":\"https:\/\/www.psib-psoe.org\/eivissa\/wp-content\/uploads\/foto-ple-marc-2024.png\",\"contentUrl\":\"https:\/\/www.psib-psoe.org\/eivissa\/wp-content\/uploads\/foto-ple-marc-2024.png\",\"width\":621,\"height\":343},{\"@type\":\"BreadcrumbList\",\"@id\":\"https:\/\/www.psib-psoe.org\/eivissa\/vicent-mari-rebutja-limitar-els-preus-del-lloguer-i-paralitza-la-solucio-dels-apartaments-don-pepe-mentre-premia-als-infractors-urbanistics-amb-una-amnistia-de-construccions-illegals\/#breadcrumb\",\"itemListElement\":[{\"@type\":\"ListItem\",\"position\":1,\"name\":\"Inici\",\"item\":\"https:\/\/www.psib-psoe.org\/eivissa\/\"},{\"@type\":\"ListItem\",\"position\":2,\"name\":\"Vicent Mar\u00ed rebutja limitar els preus del lloguer i paralitza la soluci\u00f3 dels apartaments Don Pepe, mentre premia als infractors urban\u00edstics amb una amnistia de construccions il\u00b7legals.\u00a0\"}]},{\"@type\":\"WebSite\",\"@id\":\"https:\/\/www.psib-psoe.org\/eivissa\/#website\",\"url\":\"https:\/\/www.psib-psoe.org\/eivissa\/\",\"name\":\"Federaci\u00f3 Socialista d'Eivissa\",\"description\":\"Socialistes d&#039;Eivissa\",\"publisher\":{\"@id\":\"https:\/\/www.psib-psoe.org\/eivissa\/#organization\"},\"potentialAction\":[{\"@type\":\"SearchAction\",\"target\":{\"@type\":\"EntryPoint\",\"urlTemplate\":\"https:\/\/www.psib-psoe.org\/eivissa\/?s={search_term_string}\"},\"query-input\":{\"@type\":\"PropertyValueSpecification\",\"valueRequired\":true,\"valueName\":\"search_term_string\"}}],\"inLanguage\":\"ca\"},{\"@type\":\"Organization\",\"@id\":\"https:\/\/www.psib-psoe.org\/eivissa\/#organization\",\"name\":\"Federaci\u00f3 Socialista d'Eivissa\",\"url\":\"https:\/\/www.psib-psoe.org\/eivissa\/\",\"logo\":{\"@type\":\"ImageObject\",\"inLanguage\":\"ca\",\"@id\":\"https:\/\/www.psib-psoe.org\/eivissa\/#\/schema\/logo\/image\/\",\"url\":\"https:\/\/www.psib-psoe.org\/eivissa\/wp-content\/uploads\/LOGO-FSE-SOCIALISTA-DEIVISSA-HORI.png\",\"contentUrl\":\"https:\/\/www.psib-psoe.org\/eivissa\/wp-content\/uploads\/LOGO-FSE-SOCIALISTA-DEIVISSA-HORI.png\",\"width\":6000,\"height\":3104,\"caption\":\"Federaci\u00f3 Socialista d'Eivissa\"},\"image\":{\"@id\":\"https:\/\/www.psib-psoe.org\/eivissa\/#\/schema\/logo\/image\/\"}},{\"@type\":\"Person\",\"@id\":\"https:\/\/www.psib-psoe.org\/eivissa\/#\/schema\/person\/7a9d2841fb36f32e34fc0e9b245e8117\",\"name\":\"Josep Ripoll\",\"sameAs\":[\"http:\/\/www.psib-psoe.org\/eivissa\/wp-login.php\"],\"url\":\"https:\/\/www.psib-psoe.org\/eivissa\/author\/josep\/\"}]}<\/script>\n<!-- \/ Yoast SEO plugin. -->","yoast_head_json":{"title":"Vicent Mar\u00ed rebutja limitar els preus del lloguer i paralitza la soluci\u00f3 dels apartaments Don Pepe, mentre premia als infractors urban\u00edstics amb una amnistia de construccions il\u00b7legals.\u00a0 - Federaci\u00f3 Socialista d&#039;Eivissa","robots":{"index":"index","follow":"follow","max-snippet":"max-snippet:-1","max-image-preview":"max-image-preview:large","max-video-preview":"max-video-preview:-1"},"canonical":"https:\/\/www.psib-psoe.org\/eivissa\/vicent-mari-rebutja-limitar-els-preus-del-lloguer-i-paralitza-la-solucio-dels-apartaments-don-pepe-mentre-premia-als-infractors-urbanistics-amb-una-amnistia-de-construccions-illegals\/","og_locale":"ca_ES","og_type":"article","og_title":"Vicent Mar\u00ed rebutja limitar els preus del lloguer i paralitza la soluci\u00f3 dels apartaments Don Pepe, mentre premia als infractors urban\u00edstics amb una amnistia de construccions il\u00b7legals.\u00a0 - Federaci\u00f3 Socialista d&#039;Eivissa","og_description":"El grup Socialista exigeix la dimissi\u00f3 del conseller Mariano Juan per &#8220;jugar&#8221; amb la seguretat dels usuaris del transport p\u00fablic, despr\u00e9s que companyies hagin denunciat que el manteniment dels vehicles es fa baix \u201cm\u00ednims\u201d perqu\u00e8 el Consell Insular no els paga el servei. El PSOE ha denunciat avui que Vicent Mar\u00ed vol premiar els infractors&hellip;","og_url":"https:\/\/www.psib-psoe.org\/eivissa\/vicent-mari-rebutja-limitar-els-preus-del-lloguer-i-paralitza-la-solucio-dels-apartaments-don-pepe-mentre-premia-als-infractors-urbanistics-amb-una-amnistia-de-construccions-illegals\/","og_site_name":"Federaci\u00f3 Socialista d&#039;Eivissa","article_published_time":"2024-03-22T13:01:05+00:00","og_image":[{"width":621,"height":343,"url":"https:\/\/www.psib-psoe.org\/eivissa\/wp-content\/uploads\/foto-ple-marc-2024.png","type":"image\/png"}],"author":"Josep Ripoll","twitter_card":"summary_large_image","twitter_misc":{"Escrit per":"Josep Ripoll","Temps estimat de lectura":"5 minuts"},"schema":{"@context":"https:\/\/schema.org","@graph":[{"@type":["Article","BlogPosting"],"@id":"https:\/\/www.psib-psoe.org\/eivissa\/vicent-mari-rebutja-limitar-els-preus-del-lloguer-i-paralitza-la-solucio-dels-apartaments-don-pepe-mentre-premia-als-infractors-urbanistics-amb-una-amnistia-de-construccions-illegals\/#article","isPartOf":{"@id":"https:\/\/www.psib-psoe.org\/eivissa\/vicent-mari-rebutja-limitar-els-preus-del-lloguer-i-paralitza-la-solucio-dels-apartaments-don-pepe-mentre-premia-als-infractors-urbanistics-amb-una-amnistia-de-construccions-illegals\/"},"author":{"name":"Josep Ripoll","@id":"https:\/\/www.psib-psoe.org\/eivissa\/#\/schema\/person\/7a9d2841fb36f32e34fc0e9b245e8117"},"headline":"Vicent Mar\u00ed rebutja limitar els preus del lloguer i paralitza la soluci\u00f3 dels apartaments Don Pepe, mentre premia als infractors urban\u00edstics amb una amnistia de construccions il\u00b7legals.\u00a0","datePublished":"2024-03-22T13:01:05+00:00","mainEntityOfPage":{"@id":"https:\/\/www.psib-psoe.org\/eivissa\/vicent-mari-rebutja-limitar-els-preus-del-lloguer-i-paralitza-la-solucio-dels-apartaments-don-pepe-mentre-premia-als-infractors-urbanistics-amb-una-amnistia-de-construccions-illegals\/"},"wordCount":1019,"publisher":{"@id":"https:\/\/www.psib-psoe.org\/eivissa\/#organization"},"image":{"@id":"https:\/\/www.psib-psoe.org\/eivissa\/vicent-mari-rebutja-limitar-els-preus-del-lloguer-i-paralitza-la-solucio-dels-apartaments-don-pepe-mentre-premia-als-infractors-urbanistics-amb-una-amnistia-de-construccions-illegals\/#primaryimage"},"thumbnailUrl":"https:\/\/www.psib-psoe.org\/eivissa\/wp-content\/uploads\/foto-ple-marc-2024.png","articleSection":["Consell d'Eivissa","Federaci\u00f3 d'Eivissa - Portada"],"inLanguage":"ca"},{"@type":"WebPage","@id":"https:\/\/www.psib-psoe.org\/eivissa\/vicent-mari-rebutja-limitar-els-preus-del-lloguer-i-paralitza-la-solucio-dels-apartaments-don-pepe-mentre-premia-als-infractors-urbanistics-amb-una-amnistia-de-construccions-illegals\/","url":"https:\/\/www.psib-psoe.org\/eivissa\/vicent-mari-rebutja-limitar-els-preus-del-lloguer-i-paralitza-la-solucio-dels-apartaments-don-pepe-mentre-premia-als-infractors-urbanistics-amb-una-amnistia-de-construccions-illegals\/","name":"Vicent Mar\u00ed rebutja limitar els preus del lloguer i paralitza la soluci\u00f3 dels apartaments Don Pepe, mentre premia als infractors urban\u00edstics amb una amnistia de construccions il\u00b7legals.\u00a0 - Federaci\u00f3 Socialista d&#039;Eivissa","isPartOf":{"@id":"https:\/\/www.psib-psoe.org\/eivissa\/#website"},"primaryImageOfPage":{"@id":"https:\/\/www.psib-psoe.org\/eivissa\/vicent-mari-rebutja-limitar-els-preus-del-lloguer-i-paralitza-la-solucio-dels-apartaments-don-pepe-mentre-premia-als-infractors-urbanistics-amb-una-amnistia-de-construccions-illegals\/#primaryimage"},"image":{"@id":"https:\/\/www.psib-psoe.org\/eivissa\/vicent-mari-rebutja-limitar-els-preus-del-lloguer-i-paralitza-la-solucio-dels-apartaments-don-pepe-mentre-premia-als-infractors-urbanistics-amb-una-amnistia-de-construccions-illegals\/#primaryimage"},"thumbnailUrl":"https:\/\/www.psib-psoe.org\/eivissa\/wp-content\/uploads\/foto-ple-marc-2024.png","datePublished":"2024-03-22T13:01:05+00:00","breadcrumb":{"@id":"https:\/\/www.psib-psoe.org\/eivissa\/vicent-mari-rebutja-limitar-els-preus-del-lloguer-i-paralitza-la-solucio-dels-apartaments-don-pepe-mentre-premia-als-infractors-urbanistics-amb-una-amnistia-de-construccions-illegals\/#breadcrumb"},"inLanguage":"ca","potentialAction":[{"@type":"ReadAction","target":["https:\/\/www.psib-psoe.org\/eivissa\/vicent-mari-rebutja-limitar-els-preus-del-lloguer-i-paralitza-la-solucio-dels-apartaments-don-pepe-mentre-premia-als-infractors-urbanistics-amb-una-amnistia-de-construccions-illegals\/"]}]},{"@type":"ImageObject","inLanguage":"ca","@id":"https:\/\/www.psib-psoe.org\/eivissa\/vicent-mari-rebutja-limitar-els-preus-del-lloguer-i-paralitza-la-solucio-dels-apartaments-don-pepe-mentre-premia-als-infractors-urbanistics-amb-una-amnistia-de-construccions-illegals\/#primaryimage","url":"https:\/\/www.psib-psoe.org\/eivissa\/wp-content\/uploads\/foto-ple-marc-2024.png","contentUrl":"https:\/\/www.psib-psoe.org\/eivissa\/wp-content\/uploads\/foto-ple-marc-2024.png","width":621,"height":343},{"@type":"BreadcrumbList","@id":"https:\/\/www.psib-psoe.org\/eivissa\/vicent-mari-rebutja-limitar-els-preus-del-lloguer-i-paralitza-la-solucio-dels-apartaments-don-pepe-mentre-premia-als-infractors-urbanistics-amb-una-amnistia-de-construccions-illegals\/#breadcrumb","itemListElement":[{"@type":"ListItem","position":1,"name":"Inici","item":"https:\/\/www.psib-psoe.org\/eivissa\/"},{"@type":"ListItem","position":2,"name":"Vicent Mar\u00ed rebutja limitar els preus del lloguer i paralitza la soluci\u00f3 dels apartaments Don Pepe, mentre premia als infractors urban\u00edstics amb una amnistia de construccions il\u00b7legals.\u00a0"}]},{"@type":"WebSite","@id":"https:\/\/www.psib-psoe.org\/eivissa\/#website","url":"https:\/\/www.psib-psoe.org\/eivissa\/","name":"Federaci\u00f3 Socialista d'Eivissa","description":"Socialistes d&#039;Eivissa","publisher":{"@id":"https:\/\/www.psib-psoe.org\/eivissa\/#organization"},"potentialAction":[{"@type":"SearchAction","target":{"@type":"EntryPoint","urlTemplate":"https:\/\/www.psib-psoe.org\/eivissa\/?s={search_term_string}"},"query-input":{"@type":"PropertyValueSpecification","valueRequired":true,"valueName":"search_term_string"}}],"inLanguage":"ca"},{"@type":"Organization","@id":"https:\/\/www.psib-psoe.org\/eivissa\/#organization","name":"Federaci\u00f3 Socialista d'Eivissa","url":"https:\/\/www.psib-psoe.org\/eivissa\/","logo":{"@type":"ImageObject","inLanguage":"ca","@id":"https:\/\/www.psib-psoe.org\/eivissa\/#\/schema\/logo\/image\/","url":"https:\/\/www.psib-psoe.org\/eivissa\/wp-content\/uploads\/LOGO-FSE-SOCIALISTA-DEIVISSA-HORI.png","contentUrl":"https:\/\/www.psib-psoe.org\/eivissa\/wp-content\/uploads\/LOGO-FSE-SOCIALISTA-DEIVISSA-HORI.png","width":6000,"height":3104,"caption":"Federaci\u00f3 Socialista d'Eivissa"},"image":{"@id":"https:\/\/www.psib-psoe.org\/eivissa\/#\/schema\/logo\/image\/"}},{"@type":"Person","@id":"https:\/\/www.psib-psoe.org\/eivissa\/#\/schema\/person\/7a9d2841fb36f32e34fc0e9b245e8117","name":"Josep Ripoll","sameAs":["http:\/\/www.psib-psoe.org\/eivissa\/wp-login.php"],"url":"https:\/\/www.psib-psoe.org\/eivissa\/author\/josep\/"}]}},"_links":{"self":[{"href":"https:\/\/www.psib-psoe.org\/eivissa\/wp-json\/wp\/v2\/posts\/38942","targetHints":{"allow":["GET"]}}],"collection":[{"href":"https:\/\/www.psib-psoe.org\/eivissa\/wp-json\/wp\/v2\/posts"}],"about":[{"href":"https:\/\/www.psib-psoe.org\/eivissa\/wp-json\/wp\/v2\/types\/post"}],"author":[{"embeddable":true,"href":"https:\/\/www.psib-psoe.org\/eivissa\/wp-json\/wp\/v2\/users\/7"}],"replies":[{"embeddable":true,"href":"https:\/\/www.psib-psoe.org\/eivissa\/wp-json\/wp\/v2\/comments?post=38942"}],"version-history":[{"count":1,"href":"https:\/\/www.psib-psoe.org\/eivissa\/wp-json\/wp\/v2\/posts\/38942\/revisions"}],"predecessor-version":[{"id":38944,"href":"https:\/\/www.psib-psoe.org\/eivissa\/wp-json\/wp\/v2\/posts\/38942\/revisions\/38944"}],"wp:featuredmedia":[{"embeddable":true,"href":"https:\/\/www.psib-psoe.org\/eivissa\/wp-json\/wp\/v2\/media\/38943"}],"wp:attachment":[{"href":"https:\/\/www.psib-psoe.org\/eivissa\/wp-json\/wp\/v2\/media?parent=38942"}],"wp:term":[{"taxonomy":"category","embeddable":true,"href":"https:\/\/www.psib-psoe.org\/eivissa\/wp-json\/wp\/v2\/categories?post=38942"},{"taxonomy":"post_tag","embeddable":true,"href":"https:\/\/www.psib-psoe.org\/eivissa\/wp-json\/wp\/v2\/tags?post=38942"}],"curies":[{"name":"wp","href":"https:\/\/api.w.org\/{rel}","templated":true}]}}