{"id":38952,"date":"2024-03-27T13:42:10","date_gmt":"2024-03-27T11:42:10","guid":{"rendered":"https:\/\/www.psib-psoe.org\/eivissa\/?p=38952"},"modified":"2024-03-27T13:42:10","modified_gmt":"2024-03-27T11:42:10","slug":"el-psoe-exigeix-al-partit-popular-que-deixi-denganyar-als-afectats-i-a-la-ciutadania-sobre-la-legalitat-de-la-solucio-per-als-afectats-dels-apartaments-don-pepe","status":"publish","type":"post","link":"https:\/\/www.psib-psoe.org\/eivissa\/el-psoe-exigeix-al-partit-popular-que-deixi-denganyar-als-afectats-i-a-la-ciutadania-sobre-la-legalitat-de-la-solucio-per-als-afectats-dels-apartaments-don-pepe\/","title":{"rendered":"El PSOE exigeix al Partit Popular que deixi d\u2019enganyar als afectats i a la ciutadania sobre la legalitat de la soluci\u00f3 per als afectats dels apartaments Don Pepe"},"content":{"rendered":"<p dir=\"ltr\">La Federaci\u00f3 Socialista d\u2019Eivissa (FSE-PSOE) exigeix al PP que deixi d\u2019enganyar als afectats i a la ciutadania sobre la legalitat de la soluci\u00f3 per als afectats dels apartaments Don Pepe. \u00c9s absolutament fals que el Govern balear emet\u00e9s l\u2019any passat un informe que \u201ctombava\u201d l\u2019acord. El referit informe es tractava d\u2019un document d\u2019observacions elaborat per la direcci\u00f3 general de Territori que en cap cas no posava en dubte la legalitat de l\u2019operaci\u00f3 urban\u00edstica.<\/p>\n<p dir=\"ltr\">El PSOE considera que si el PP vol canviar les condicions de l\u2019operaci\u00f3 acordada per reallotjar els afectats del Don Pepe, t\u00e9 tota la legitimitat per fer-ho, perqu\u00e8 governa a les tres administracions implicades (Govern balear, Consell i ajuntament).<\/p>\n<p dir=\"ltr\">Li exigim, per\u00f2, que deixi d\u2019utilitzar l\u2019engany i la mentida, posant dubtes legals sobre els acords presos en l\u2019anterior legislatura, per intentar desacreditar la feina feta en el mandat anterior pels governs progressistes i per justificar el seu canvi de plans sobre el reallotjament dels afectats.<\/p>\n<p dir=\"ltr\">Canvi de plans que, al nostre entendre, no tenen cap justificaci\u00f3 i que l\u2019\u00fanic que provocaran \u00e9s un retard de mesos o d\u2019anys en la construcci\u00f3 dels nous edificis o que directament acabaran impedint una soluci\u00f3 satisfact\u00f2ria per als afectats del Don Pepe.<\/p>\n","protected":false},"excerpt":{"rendered":"<p>La Federaci\u00f3 Socialista d\u2019Eivissa (FSE-PSOE) exigeix al PP que deixi d\u2019enganyar als afectats i a la ciutadania sobre la legalitat de la soluci\u00f3 per als afectats dels apartaments Don Pepe. \u00c9s absolutament fals que el Govern balear emet\u00e9s l\u2019any passat un informe que \u201ctombava\u201d l\u2019acord. El referit informe es tractava d\u2019un document d\u2019observacions elaborat per&hellip;<\/p>\n","protected":false},"author":7,"featured_media":34038,"comment_status":"closed","ping_status":"closed","sticky":false,"template":"","format":"standard","meta":{"footnotes":""},"categories":[192,1,212,191,234,187],"tags":[],"class_list":["post-38952","post","type-post","status-publish","format-standard","has-post-thumbnail","hentry","category-consell-deivissa","category-federacio-de-eivissa-portada","category-fse-psoe","category-govern-de-les-illes-balears-parlament","category-municipis","category-sant-josep-de-sa-talaia"],"yoast_head":"<!-- This site is optimized with the Yoast SEO plugin v26.9 - https:\/\/yoast.com\/product\/yoast-seo-wordpress\/ -->\n<title>El PSOE exigeix al Partit Popular que deixi d\u2019enganyar als afectats i a la ciutadania sobre la legalitat de la soluci\u00f3 per als afectats dels apartaments Don Pepe - Federaci\u00f3 Socialista d&#039;Eivissa<\/title>\n<meta name=\"robots\" content=\"index, follow, max-snippet:-1, max-image-preview:large, max-video-preview:-1\" \/>\n<link rel=\"canonical\" href=\"https:\/\/www.psib-psoe.org\/eivissa\/el-psoe-exigeix-al-partit-popular-que-deixi-denganyar-als-afectats-i-a-la-ciutadania-sobre-la-legalitat-de-la-solucio-per-als-afectats-dels-apartaments-don-pepe\/\" \/>\n<meta property=\"og:locale\" content=\"ca_ES\" \/>\n<meta property=\"og:type\" content=\"article\" \/>\n<meta property=\"og:title\" content=\"El PSOE exigeix al Partit Popular que deixi d\u2019enganyar als afectats i a la ciutadania sobre la legalitat de la soluci\u00f3 per als afectats dels apartaments Don Pepe - Federaci\u00f3 Socialista d&#039;Eivissa\" \/>\n<meta property=\"og:description\" content=\"La Federaci\u00f3 Socialista d\u2019Eivissa (FSE-PSOE) exigeix al PP que deixi d\u2019enganyar als afectats i a la ciutadania sobre la legalitat de la soluci\u00f3 per als afectats dels apartaments Don Pepe. \u00c9s absolutament fals que el Govern balear emet\u00e9s l\u2019any passat un informe que \u201ctombava\u201d l\u2019acord. El referit informe es tractava d\u2019un document d\u2019observacions elaborat per&hellip;\" \/>\n<meta property=\"og:url\" content=\"https:\/\/www.psib-psoe.org\/eivissa\/el-psoe-exigeix-al-partit-popular-que-deixi-denganyar-als-afectats-i-a-la-ciutadania-sobre-la-legalitat-de-la-solucio-per-als-afectats-dels-apartaments-don-pepe\/\" \/>\n<meta property=\"og:site_name\" content=\"Federaci\u00f3 Socialista d&#039;Eivissa\" \/>\n<meta property=\"article:published_time\" content=\"2024-03-27T11:42:10+00:00\" \/>\n<meta property=\"og:image\" content=\"https:\/\/www.psib-psoe.org\/eivissa\/wp-content\/uploads\/foto-don-pepe.jpg\" \/>\n\t<meta property=\"og:image:width\" content=\"1385\" \/>\n\t<meta property=\"og:image:height\" content=\"1088\" \/>\n\t<meta property=\"og:image:type\" content=\"image\/jpeg\" \/>\n<meta name=\"author\" content=\"Josep Ripoll\" \/>\n<meta name=\"twitter:card\" content=\"summary_large_image\" \/>\n<meta name=\"twitter:label1\" content=\"Escrit per\" \/>\n\t<meta name=\"twitter:data1\" content=\"Josep Ripoll\" \/>\n\t<meta name=\"twitter:label2\" content=\"Temps estimat de lectura\" \/>\n\t<meta name=\"twitter:data2\" content=\"1 minut\" \/>\n<script type=\"application\/ld+json\" class=\"yoast-schema-graph\">{\"@context\":\"https:\/\/schema.org\",\"@graph\":[{\"@type\":[\"Article\",\"BlogPosting\"],\"@id\":\"https:\/\/www.psib-psoe.org\/eivissa\/el-psoe-exigeix-al-partit-popular-que-deixi-denganyar-als-afectats-i-a-la-ciutadania-sobre-la-legalitat-de-la-solucio-per-als-afectats-dels-apartaments-don-pepe\/#article\",\"isPartOf\":{\"@id\":\"https:\/\/www.psib-psoe.org\/eivissa\/el-psoe-exigeix-al-partit-popular-que-deixi-denganyar-als-afectats-i-a-la-ciutadania-sobre-la-legalitat-de-la-solucio-per-als-afectats-dels-apartaments-don-pepe\/\"},\"author\":{\"name\":\"Josep Ripoll\",\"@id\":\"https:\/\/www.psib-psoe.org\/eivissa\/#\/schema\/person\/7a9d2841fb36f32e34fc0e9b245e8117\"},\"headline\":\"El PSOE exigeix al Partit Popular que deixi d\u2019enganyar als afectats i a la ciutadania sobre la legalitat de la soluci\u00f3 per als afectats dels apartaments Don Pepe\",\"datePublished\":\"2024-03-27T11:42:10+00:00\",\"mainEntityOfPage\":{\"@id\":\"https:\/\/www.psib-psoe.org\/eivissa\/el-psoe-exigeix-al-partit-popular-que-deixi-denganyar-als-afectats-i-a-la-ciutadania-sobre-la-legalitat-de-la-solucio-per-als-afectats-dels-apartaments-don-pepe\/\"},\"wordCount\":246,\"publisher\":{\"@id\":\"https:\/\/www.psib-psoe.org\/eivissa\/#organization\"},\"image\":{\"@id\":\"https:\/\/www.psib-psoe.org\/eivissa\/el-psoe-exigeix-al-partit-popular-que-deixi-denganyar-als-afectats-i-a-la-ciutadania-sobre-la-legalitat-de-la-solucio-per-als-afectats-dels-apartaments-don-pepe\/#primaryimage\"},\"thumbnailUrl\":\"https:\/\/www.psib-psoe.org\/eivissa\/wp-content\/uploads\/foto-don-pepe.jpg\",\"articleSection\":[\"Consell d'Eivissa\",\"Federaci\u00f3 d'Eivissa - Portada\",\"FSE-PSOE\",\"Govern de les Illes Balears - Parlament - PSIB-PSOE\",\"Municipis\",\"Sant Josep de sa Talaia\"],\"inLanguage\":\"ca\"},{\"@type\":\"WebPage\",\"@id\":\"https:\/\/www.psib-psoe.org\/eivissa\/el-psoe-exigeix-al-partit-popular-que-deixi-denganyar-als-afectats-i-a-la-ciutadania-sobre-la-legalitat-de-la-solucio-per-als-afectats-dels-apartaments-don-pepe\/\",\"url\":\"https:\/\/www.psib-psoe.org\/eivissa\/el-psoe-exigeix-al-partit-popular-que-deixi-denganyar-als-afectats-i-a-la-ciutadania-sobre-la-legalitat-de-la-solucio-per-als-afectats-dels-apartaments-don-pepe\/\",\"name\":\"El PSOE exigeix al Partit Popular que deixi d\u2019enganyar als afectats i a la ciutadania sobre la legalitat de la soluci\u00f3 per als afectats dels apartaments Don Pepe - Federaci\u00f3 Socialista d&#039;Eivissa\",\"isPartOf\":{\"@id\":\"https:\/\/www.psib-psoe.org\/eivissa\/#website\"},\"primaryImageOfPage\":{\"@id\":\"https:\/\/www.psib-psoe.org\/eivissa\/el-psoe-exigeix-al-partit-popular-que-deixi-denganyar-als-afectats-i-a-la-ciutadania-sobre-la-legalitat-de-la-solucio-per-als-afectats-dels-apartaments-don-pepe\/#primaryimage\"},\"image\":{\"@id\":\"https:\/\/www.psib-psoe.org\/eivissa\/el-psoe-exigeix-al-partit-popular-que-deixi-denganyar-als-afectats-i-a-la-ciutadania-sobre-la-legalitat-de-la-solucio-per-als-afectats-dels-apartaments-don-pepe\/#primaryimage\"},\"thumbnailUrl\":\"https:\/\/www.psib-psoe.org\/eivissa\/wp-content\/uploads\/foto-don-pepe.jpg\",\"datePublished\":\"2024-03-27T11:42:10+00:00\",\"breadcrumb\":{\"@id\":\"https:\/\/www.psib-psoe.org\/eivissa\/el-psoe-exigeix-al-partit-popular-que-deixi-denganyar-als-afectats-i-a-la-ciutadania-sobre-la-legalitat-de-la-solucio-per-als-afectats-dels-apartaments-don-pepe\/#breadcrumb\"},\"inLanguage\":\"ca\",\"potentialAction\":[{\"@type\":\"ReadAction\",\"target\":[\"https:\/\/www.psib-psoe.org\/eivissa\/el-psoe-exigeix-al-partit-popular-que-deixi-denganyar-als-afectats-i-a-la-ciutadania-sobre-la-legalitat-de-la-solucio-per-als-afectats-dels-apartaments-don-pepe\/\"]}]},{\"@type\":\"ImageObject\",\"inLanguage\":\"ca\",\"@id\":\"https:\/\/www.psib-psoe.org\/eivissa\/el-psoe-exigeix-al-partit-popular-que-deixi-denganyar-als-afectats-i-a-la-ciutadania-sobre-la-legalitat-de-la-solucio-per-als-afectats-dels-apartaments-don-pepe\/#primaryimage\",\"url\":\"https:\/\/www.psib-psoe.org\/eivissa\/wp-content\/uploads\/foto-don-pepe.jpg\",\"contentUrl\":\"https:\/\/www.psib-psoe.org\/eivissa\/wp-content\/uploads\/foto-don-pepe.jpg\",\"width\":1385,\"height\":1088},{\"@type\":\"BreadcrumbList\",\"@id\":\"https:\/\/www.psib-psoe.org\/eivissa\/el-psoe-exigeix-al-partit-popular-que-deixi-denganyar-als-afectats-i-a-la-ciutadania-sobre-la-legalitat-de-la-solucio-per-als-afectats-dels-apartaments-don-pepe\/#breadcrumb\",\"itemListElement\":[{\"@type\":\"ListItem\",\"position\":1,\"name\":\"Inici\",\"item\":\"https:\/\/www.psib-psoe.org\/eivissa\/\"},{\"@type\":\"ListItem\",\"position\":2,\"name\":\"El PSOE exigeix al Partit Popular que deixi d\u2019enganyar als afectats i a la ciutadania sobre la legalitat de la soluci\u00f3 per als afectats dels apartaments Don Pepe\"}]},{\"@type\":\"WebSite\",\"@id\":\"https:\/\/www.psib-psoe.org\/eivissa\/#website\",\"url\":\"https:\/\/www.psib-psoe.org\/eivissa\/\",\"name\":\"Federaci\u00f3 Socialista d'Eivissa\",\"description\":\"Socialistes d&#039;Eivissa\",\"publisher\":{\"@id\":\"https:\/\/www.psib-psoe.org\/eivissa\/#organization\"},\"potentialAction\":[{\"@type\":\"SearchAction\",\"target\":{\"@type\":\"EntryPoint\",\"urlTemplate\":\"https:\/\/www.psib-psoe.org\/eivissa\/?s={search_term_string}\"},\"query-input\":{\"@type\":\"PropertyValueSpecification\",\"valueRequired\":true,\"valueName\":\"search_term_string\"}}],\"inLanguage\":\"ca\"},{\"@type\":\"Organization\",\"@id\":\"https:\/\/www.psib-psoe.org\/eivissa\/#organization\",\"name\":\"Federaci\u00f3 Socialista d'Eivissa\",\"url\":\"https:\/\/www.psib-psoe.org\/eivissa\/\",\"logo\":{\"@type\":\"ImageObject\",\"inLanguage\":\"ca\",\"@id\":\"https:\/\/www.psib-psoe.org\/eivissa\/#\/schema\/logo\/image\/\",\"url\":\"https:\/\/www.psib-psoe.org\/eivissa\/wp-content\/uploads\/LOGO-FSE-SOCIALISTA-DEIVISSA-HORI.png\",\"contentUrl\":\"https:\/\/www.psib-psoe.org\/eivissa\/wp-content\/uploads\/LOGO-FSE-SOCIALISTA-DEIVISSA-HORI.png\",\"width\":6000,\"height\":3104,\"caption\":\"Federaci\u00f3 Socialista d'Eivissa\"},\"image\":{\"@id\":\"https:\/\/www.psib-psoe.org\/eivissa\/#\/schema\/logo\/image\/\"}},{\"@type\":\"Person\",\"@id\":\"https:\/\/www.psib-psoe.org\/eivissa\/#\/schema\/person\/7a9d2841fb36f32e34fc0e9b245e8117\",\"name\":\"Josep Ripoll\",\"sameAs\":[\"http:\/\/www.psib-psoe.org\/eivissa\/wp-login.php\"],\"url\":\"https:\/\/www.psib-psoe.org\/eivissa\/author\/josep\/\"}]}<\/script>\n<!-- \/ Yoast SEO plugin. -->","yoast_head_json":{"title":"El PSOE exigeix al Partit Popular que deixi d\u2019enganyar als afectats i a la ciutadania sobre la legalitat de la soluci\u00f3 per als afectats dels apartaments Don Pepe - Federaci\u00f3 Socialista d&#039;Eivissa","robots":{"index":"index","follow":"follow","max-snippet":"max-snippet:-1","max-image-preview":"max-image-preview:large","max-video-preview":"max-video-preview:-1"},"canonical":"https:\/\/www.psib-psoe.org\/eivissa\/el-psoe-exigeix-al-partit-popular-que-deixi-denganyar-als-afectats-i-a-la-ciutadania-sobre-la-legalitat-de-la-solucio-per-als-afectats-dels-apartaments-don-pepe\/","og_locale":"ca_ES","og_type":"article","og_title":"El PSOE exigeix al Partit Popular que deixi d\u2019enganyar als afectats i a la ciutadania sobre la legalitat de la soluci\u00f3 per als afectats dels apartaments Don Pepe - Federaci\u00f3 Socialista d&#039;Eivissa","og_description":"La Federaci\u00f3 Socialista d\u2019Eivissa (FSE-PSOE) exigeix al PP que deixi d\u2019enganyar als afectats i a la ciutadania sobre la legalitat de la soluci\u00f3 per als afectats dels apartaments Don Pepe. \u00c9s absolutament fals que el Govern balear emet\u00e9s l\u2019any passat un informe que \u201ctombava\u201d l\u2019acord. El referit informe es tractava d\u2019un document d\u2019observacions elaborat per&hellip;","og_url":"https:\/\/www.psib-psoe.org\/eivissa\/el-psoe-exigeix-al-partit-popular-que-deixi-denganyar-als-afectats-i-a-la-ciutadania-sobre-la-legalitat-de-la-solucio-per-als-afectats-dels-apartaments-don-pepe\/","og_site_name":"Federaci\u00f3 Socialista d&#039;Eivissa","article_published_time":"2024-03-27T11:42:10+00:00","og_image":[{"width":1385,"height":1088,"url":"https:\/\/www.psib-psoe.org\/eivissa\/wp-content\/uploads\/foto-don-pepe.jpg","type":"image\/jpeg"}],"author":"Josep Ripoll","twitter_card":"summary_large_image","twitter_misc":{"Escrit per":"Josep Ripoll","Temps estimat de lectura":"1 minut"},"schema":{"@context":"https:\/\/schema.org","@graph":[{"@type":["Article","BlogPosting"],"@id":"https:\/\/www.psib-psoe.org\/eivissa\/el-psoe-exigeix-al-partit-popular-que-deixi-denganyar-als-afectats-i-a-la-ciutadania-sobre-la-legalitat-de-la-solucio-per-als-afectats-dels-apartaments-don-pepe\/#article","isPartOf":{"@id":"https:\/\/www.psib-psoe.org\/eivissa\/el-psoe-exigeix-al-partit-popular-que-deixi-denganyar-als-afectats-i-a-la-ciutadania-sobre-la-legalitat-de-la-solucio-per-als-afectats-dels-apartaments-don-pepe\/"},"author":{"name":"Josep Ripoll","@id":"https:\/\/www.psib-psoe.org\/eivissa\/#\/schema\/person\/7a9d2841fb36f32e34fc0e9b245e8117"},"headline":"El PSOE exigeix al Partit Popular que deixi d\u2019enganyar als afectats i a la ciutadania sobre la legalitat de la soluci\u00f3 per als afectats dels apartaments Don Pepe","datePublished":"2024-03-27T11:42:10+00:00","mainEntityOfPage":{"@id":"https:\/\/www.psib-psoe.org\/eivissa\/el-psoe-exigeix-al-partit-popular-que-deixi-denganyar-als-afectats-i-a-la-ciutadania-sobre-la-legalitat-de-la-solucio-per-als-afectats-dels-apartaments-don-pepe\/"},"wordCount":246,"publisher":{"@id":"https:\/\/www.psib-psoe.org\/eivissa\/#organization"},"image":{"@id":"https:\/\/www.psib-psoe.org\/eivissa\/el-psoe-exigeix-al-partit-popular-que-deixi-denganyar-als-afectats-i-a-la-ciutadania-sobre-la-legalitat-de-la-solucio-per-als-afectats-dels-apartaments-don-pepe\/#primaryimage"},"thumbnailUrl":"https:\/\/www.psib-psoe.org\/eivissa\/wp-content\/uploads\/foto-don-pepe.jpg","articleSection":["Consell d'Eivissa","Federaci\u00f3 d'Eivissa - Portada","FSE-PSOE","Govern de les Illes Balears - Parlament - PSIB-PSOE","Municipis","Sant Josep de sa Talaia"],"inLanguage":"ca"},{"@type":"WebPage","@id":"https:\/\/www.psib-psoe.org\/eivissa\/el-psoe-exigeix-al-partit-popular-que-deixi-denganyar-als-afectats-i-a-la-ciutadania-sobre-la-legalitat-de-la-solucio-per-als-afectats-dels-apartaments-don-pepe\/","url":"https:\/\/www.psib-psoe.org\/eivissa\/el-psoe-exigeix-al-partit-popular-que-deixi-denganyar-als-afectats-i-a-la-ciutadania-sobre-la-legalitat-de-la-solucio-per-als-afectats-dels-apartaments-don-pepe\/","name":"El PSOE exigeix al Partit Popular que deixi d\u2019enganyar als afectats i a la ciutadania sobre la legalitat de la soluci\u00f3 per als afectats dels apartaments Don Pepe - Federaci\u00f3 Socialista d&#039;Eivissa","isPartOf":{"@id":"https:\/\/www.psib-psoe.org\/eivissa\/#website"},"primaryImageOfPage":{"@id":"https:\/\/www.psib-psoe.org\/eivissa\/el-psoe-exigeix-al-partit-popular-que-deixi-denganyar-als-afectats-i-a-la-ciutadania-sobre-la-legalitat-de-la-solucio-per-als-afectats-dels-apartaments-don-pepe\/#primaryimage"},"image":{"@id":"https:\/\/www.psib-psoe.org\/eivissa\/el-psoe-exigeix-al-partit-popular-que-deixi-denganyar-als-afectats-i-a-la-ciutadania-sobre-la-legalitat-de-la-solucio-per-als-afectats-dels-apartaments-don-pepe\/#primaryimage"},"thumbnailUrl":"https:\/\/www.psib-psoe.org\/eivissa\/wp-content\/uploads\/foto-don-pepe.jpg","datePublished":"2024-03-27T11:42:10+00:00","breadcrumb":{"@id":"https:\/\/www.psib-psoe.org\/eivissa\/el-psoe-exigeix-al-partit-popular-que-deixi-denganyar-als-afectats-i-a-la-ciutadania-sobre-la-legalitat-de-la-solucio-per-als-afectats-dels-apartaments-don-pepe\/#breadcrumb"},"inLanguage":"ca","potentialAction":[{"@type":"ReadAction","target":["https:\/\/www.psib-psoe.org\/eivissa\/el-psoe-exigeix-al-partit-popular-que-deixi-denganyar-als-afectats-i-a-la-ciutadania-sobre-la-legalitat-de-la-solucio-per-als-afectats-dels-apartaments-don-pepe\/"]}]},{"@type":"ImageObject","inLanguage":"ca","@id":"https:\/\/www.psib-psoe.org\/eivissa\/el-psoe-exigeix-al-partit-popular-que-deixi-denganyar-als-afectats-i-a-la-ciutadania-sobre-la-legalitat-de-la-solucio-per-als-afectats-dels-apartaments-don-pepe\/#primaryimage","url":"https:\/\/www.psib-psoe.org\/eivissa\/wp-content\/uploads\/foto-don-pepe.jpg","contentUrl":"https:\/\/www.psib-psoe.org\/eivissa\/wp-content\/uploads\/foto-don-pepe.jpg","width":1385,"height":1088},{"@type":"BreadcrumbList","@id":"https:\/\/www.psib-psoe.org\/eivissa\/el-psoe-exigeix-al-partit-popular-que-deixi-denganyar-als-afectats-i-a-la-ciutadania-sobre-la-legalitat-de-la-solucio-per-als-afectats-dels-apartaments-don-pepe\/#breadcrumb","itemListElement":[{"@type":"ListItem","position":1,"name":"Inici","item":"https:\/\/www.psib-psoe.org\/eivissa\/"},{"@type":"ListItem","position":2,"name":"El PSOE exigeix al Partit Popular que deixi d\u2019enganyar als afectats i a la ciutadania sobre la legalitat de la soluci\u00f3 per als afectats dels apartaments Don Pepe"}]},{"@type":"WebSite","@id":"https:\/\/www.psib-psoe.org\/eivissa\/#website","url":"https:\/\/www.psib-psoe.org\/eivissa\/","name":"Federaci\u00f3 Socialista d'Eivissa","description":"Socialistes d&#039;Eivissa","publisher":{"@id":"https:\/\/www.psib-psoe.org\/eivissa\/#organization"},"potentialAction":[{"@type":"SearchAction","target":{"@type":"EntryPoint","urlTemplate":"https:\/\/www.psib-psoe.org\/eivissa\/?s={search_term_string}"},"query-input":{"@type":"PropertyValueSpecification","valueRequired":true,"valueName":"search_term_string"}}],"inLanguage":"ca"},{"@type":"Organization","@id":"https:\/\/www.psib-psoe.org\/eivissa\/#organization","name":"Federaci\u00f3 Socialista d'Eivissa","url":"https:\/\/www.psib-psoe.org\/eivissa\/","logo":{"@type":"ImageObject","inLanguage":"ca","@id":"https:\/\/www.psib-psoe.org\/eivissa\/#\/schema\/logo\/image\/","url":"https:\/\/www.psib-psoe.org\/eivissa\/wp-content\/uploads\/LOGO-FSE-SOCIALISTA-DEIVISSA-HORI.png","contentUrl":"https:\/\/www.psib-psoe.org\/eivissa\/wp-content\/uploads\/LOGO-FSE-SOCIALISTA-DEIVISSA-HORI.png","width":6000,"height":3104,"caption":"Federaci\u00f3 Socialista d'Eivissa"},"image":{"@id":"https:\/\/www.psib-psoe.org\/eivissa\/#\/schema\/logo\/image\/"}},{"@type":"Person","@id":"https:\/\/www.psib-psoe.org\/eivissa\/#\/schema\/person\/7a9d2841fb36f32e34fc0e9b245e8117","name":"Josep Ripoll","sameAs":["http:\/\/www.psib-psoe.org\/eivissa\/wp-login.php"],"url":"https:\/\/www.psib-psoe.org\/eivissa\/author\/josep\/"}]}},"_links":{"self":[{"href":"https:\/\/www.psib-psoe.org\/eivissa\/wp-json\/wp\/v2\/posts\/38952","targetHints":{"allow":["GET"]}}],"collection":[{"href":"https:\/\/www.psib-psoe.org\/eivissa\/wp-json\/wp\/v2\/posts"}],"about":[{"href":"https:\/\/www.psib-psoe.org\/eivissa\/wp-json\/wp\/v2\/types\/post"}],"author":[{"embeddable":true,"href":"https:\/\/www.psib-psoe.org\/eivissa\/wp-json\/wp\/v2\/users\/7"}],"replies":[{"embeddable":true,"href":"https:\/\/www.psib-psoe.org\/eivissa\/wp-json\/wp\/v2\/comments?post=38952"}],"version-history":[{"count":1,"href":"https:\/\/www.psib-psoe.org\/eivissa\/wp-json\/wp\/v2\/posts\/38952\/revisions"}],"predecessor-version":[{"id":38953,"href":"https:\/\/www.psib-psoe.org\/eivissa\/wp-json\/wp\/v2\/posts\/38952\/revisions\/38953"}],"wp:featuredmedia":[{"embeddable":true,"href":"https:\/\/www.psib-psoe.org\/eivissa\/wp-json\/wp\/v2\/media\/34038"}],"wp:attachment":[{"href":"https:\/\/www.psib-psoe.org\/eivissa\/wp-json\/wp\/v2\/media?parent=38952"}],"wp:term":[{"taxonomy":"category","embeddable":true,"href":"https:\/\/www.psib-psoe.org\/eivissa\/wp-json\/wp\/v2\/categories?post=38952"},{"taxonomy":"post_tag","embeddable":true,"href":"https:\/\/www.psib-psoe.org\/eivissa\/wp-json\/wp\/v2\/tags?post=38952"}],"curies":[{"name":"wp","href":"https:\/\/api.w.org\/{rel}","templated":true}]}}