{"id":38954,"date":"2024-03-30T09:00:09","date_gmt":"2024-03-30T07:00:09","guid":{"rendered":"https:\/\/www.psib-psoe.org\/eivissa\/?p=38954"},"modified":"2024-03-27T15:09:42","modified_gmt":"2024-03-27T13:09:42","slug":"el-consell-deivissa-permet-la-promocio-de-desenes-danuncis-dallotjament-turistic-en-caravanes-el-conveni-firmat-el-2020-per-vicent-mari-amb-la-principal-plataforma-es-un-ro","status":"publish","type":"post","link":"https:\/\/www.psib-psoe.org\/eivissa\/el-consell-deivissa-permet-la-promocio-de-desenes-danuncis-dallotjament-turistic-en-caravanes-el-conveni-firmat-el-2020-per-vicent-mari-amb-la-principal-plataforma-es-un-ro\/","title":{"rendered":"El Consell d\u2019Eivissa permet la promoci\u00f3 de desenes d\u2019anuncis d\u2019allotjament tur\u00edstic en caravanes. El conveni firmat el 2020 per Vicent Mar\u00ed amb la principal plataforma \u00e9s un rotund frac\u00e0s que no ha servit per acabar amb l\u2019oferta il\u00b7legal."},"content":{"rendered":"<p dir=\"ltr\">La principal plataforma de lloguers tur\u00edstics, Airbnb, ofereix per aquesta Setmana Santa desenes d\u2019anuncis de caravanes que obertament es promocionen com a allotjament tur\u00edstic, a pesar de l\u2019estricta prohibici\u00f3 d\u2019acampar a la nostra l\u2019illa. Els anuncis ofereixen preus que van dels 68 euros per dia un cotxe 4&#215;4, als 190 euros per dia d\u2019un autob\u00fas \u2018vintage\u2019 habilitat per a fins a 5 persones.<\/p>\n<p dir=\"ltr\">S\u00f3n desenes d\u2019anuncis que ofereixen serveis d\u2019allotjament tur\u00edstic clarament il\u00b7legals i que es publiquen amb total impunitat en aquesta plataforma. Se\u2019n riuen del Consell Insular i de la incapacitat de Vicent Mar\u00ed d\u2019actuar contra aquest fenomen, que no fa m\u00e9s que empitjorar els problemes de saturaci\u00f3 tur\u00edstica i de degradaci\u00f3 mediambiental que pateix la nostra illa, i que se suma al dels assentaments de caravanes de treballadors.<\/p>\n<p dir=\"ltr\">Aquests anuncis mostren, una vegada m\u00e9s, el frac\u00e0s rotund del conveni firmat el 2020 entre el Consell d\u2019Eivissa i la plataforma Airbnb. En el seu moment, el Consell Insular de Vicent Mar\u00ed va qualificar d\u2019\u201chist\u00f2ric\u201d l\u2019acord amb Airbnb i va afirmar que \u201cmarca un abans i un despr\u00e9s a la lluita contra l&#8217;oferta tur\u00edstica il\u00b7legal a l&#8217;illa\u201d.<\/p>\n<p dir=\"ltr\">M\u00e9s de tres anys despr\u00e9s, queda clar que el frac\u00e0s no pot ser m\u00e9s estrepit\u00f3s i que aquell conveni no era m\u00e9s que una operaci\u00f3 de propaganda del PP de Vicent Mar\u00ed sense cap conseq\u00fc\u00e8ncia efectiva en la lluita contra els lloguers tur\u00edstics il\u00b7legals.<\/p>\n<p dir=\"ltr\">Trobam un anunci que diu: \u201cConecta con la naturaleza durmiendo bajo las estrellas y junto al mar. \u00a1Es la mejor manera de explorar Ibiza y descubrir sus tesoros secretos!\u201d Un altre ofereix una caravana \u201cvers\u00e1til econ\u00f3mica y de bajo consumo, 6 plazas. Sencilla y pr\u00e1ctica van para disfrutar de una estancia agradable en la isla\u201d.<\/p>\n<p dir=\"ltr\">Tamb\u00e9 n\u2019hi ha un altre que convida a \u201cuna parte de Ibiza que guarda la esencia Hippie de los a\u00f1os 70\u201d, explicant que \u201ca\u00fan hay lugares en los que puedes encontrarte solo y rodeado de naturaleza, olv\u00eddate de reservas de Hotel, y disfruta con esta Furgoneta del lujo contemplar las estrellas, el mar, el reflejo de la luna o los atardeceres, tendr\u00e1s cada d\u00eda una nueva vista cuando despiertes, y podr\u00e1s descansar mientras sientes como golpea el mar sobre la costa\u201d.<\/p>\n<p dir=\"ltr\">Es poden trobar caravanes de diferents dimensions i places, com una que diu \u201cpreparada para viajar y dormir hasta 6 personas\u201d, o una altra que adverteix que \u00e9s \u201crecomendable para dos adultos en la cama de abajo y para dos ni\u00f1os o un adulto en la cama de arriba. No recomendable la cama de arriba para dos adultos por tener 1 metro de ancho y el acceso\u201d.<\/p>\n<p dir=\"ltr\">Incl\u00fas alguns s\u2019ofereixen a completar el servei amb la seg\u00fcent atenci\u00f3: \u201cOs dejaremos en la van unas sorpresas muy t\u00edpicas ibicencas para haceros las vacaciones m\u00e1s dulces\u201d.<\/p>\n<p dir=\"ltr\">El Consell Insular, a pesar d\u2019haver anunciat un acord \u201chist\u00f2ric\u201d amb Airnbnb per a la retirada d\u2019anuncis il\u00b7legals, en realitat s\u2019ha demostrat incapa\u00e7 d\u2019evitar la presa de p\u00e8l de les desenes d\u2019anuncis de caravanes com a allotjament tur\u00edstic.<\/p>\n<p dir=\"ltr\">A m\u00e9s a m\u00e9s, el PSOE recorda l\u2019incompliment de Vicent Mar\u00ed del seu comprom\u00eds, en el discurs d\u2019investidura de 2019, de limitar l\u2019entrada de caravanes a Eivissa. I a pesar de l\u2019agreujament del problema i la necessitat de prendre mesures immediates, ens trobam ara amb la lamentable decisi\u00f3 del PP de vetar en el Parlament la tramitaci\u00f3 de la proposta de Llei per regular l\u2019entrada de vehicles, amb l\u2019excusa que \u201cduu el logo del PSOE\u201d, com va dir Vicent sense embuts en el Ple del Consell Insular.<\/p>\n","protected":false},"excerpt":{"rendered":"<p>La principal plataforma de lloguers tur\u00edstics, Airbnb, ofereix per aquesta Setmana Santa desenes d\u2019anuncis de caravanes que obertament es promocionen com a allotjament tur\u00edstic, a pesar de l\u2019estricta prohibici\u00f3 d\u2019acampar a la nostra l\u2019illa. Els anuncis ofereixen preus que van dels 68 euros per dia un cotxe 4&#215;4, als 190 euros per dia d\u2019un autob\u00fas&hellip;<\/p>\n","protected":false},"author":7,"featured_media":38955,"comment_status":"closed","ping_status":"closed","sticky":false,"template":"","format":"standard","meta":{"footnotes":""},"categories":[192,1],"tags":[],"class_list":["post-38954","post","type-post","status-publish","format-standard","has-post-thumbnail","hentry","category-consell-deivissa","category-federacio-de-eivissa-portada"],"yoast_head":"<!-- This site is optimized with the Yoast SEO plugin v26.9 - https:\/\/yoast.com\/product\/yoast-seo-wordpress\/ -->\n<title>El Consell d\u2019Eivissa permet la promoci\u00f3 de desenes d\u2019anuncis d\u2019allotjament tur\u00edstic en caravanes. El conveni firmat el 2020 per Vicent Mar\u00ed amb la principal plataforma \u00e9s un rotund frac\u00e0s que no ha servit per acabar amb l\u2019oferta il\u00b7legal. - Federaci\u00f3 Socialista d&#039;Eivissa<\/title>\n<meta name=\"robots\" content=\"index, follow, max-snippet:-1, max-image-preview:large, max-video-preview:-1\" \/>\n<link rel=\"canonical\" href=\"https:\/\/www.psib-psoe.org\/eivissa\/el-consell-deivissa-permet-la-promocio-de-desenes-danuncis-dallotjament-turistic-en-caravanes-el-conveni-firmat-el-2020-per-vicent-mari-amb-la-principal-plataforma-es-un-ro\/\" \/>\n<meta property=\"og:locale\" content=\"ca_ES\" \/>\n<meta property=\"og:type\" content=\"article\" \/>\n<meta property=\"og:title\" content=\"El Consell d\u2019Eivissa permet la promoci\u00f3 de desenes d\u2019anuncis d\u2019allotjament tur\u00edstic en caravanes. El conveni firmat el 2020 per Vicent Mar\u00ed amb la principal plataforma \u00e9s un rotund frac\u00e0s que no ha servit per acabar amb l\u2019oferta il\u00b7legal. - Federaci\u00f3 Socialista d&#039;Eivissa\" \/>\n<meta property=\"og:description\" content=\"La principal plataforma de lloguers tur\u00edstics, Airbnb, ofereix per aquesta Setmana Santa desenes d\u2019anuncis de caravanes que obertament es promocionen com a allotjament tur\u00edstic, a pesar de l\u2019estricta prohibici\u00f3 d\u2019acampar a la nostra l\u2019illa. Els anuncis ofereixen preus que van dels 68 euros per dia un cotxe 4&#215;4, als 190 euros per dia d\u2019un autob\u00fas&hellip;\" \/>\n<meta property=\"og:url\" content=\"https:\/\/www.psib-psoe.org\/eivissa\/el-consell-deivissa-permet-la-promocio-de-desenes-danuncis-dallotjament-turistic-en-caravanes-el-conveni-firmat-el-2020-per-vicent-mari-amb-la-principal-plataforma-es-un-ro\/\" \/>\n<meta property=\"og:site_name\" content=\"Federaci\u00f3 Socialista d&#039;Eivissa\" \/>\n<meta property=\"article:published_time\" content=\"2024-03-30T07:00:09+00:00\" \/>\n<meta property=\"og:image\" content=\"https:\/\/www.psib-psoe.org\/eivissa\/wp-content\/uploads\/2CARAVANES.png\" \/>\n\t<meta property=\"og:image:width\" content=\"771\" \/>\n\t<meta property=\"og:image:height\" content=\"664\" \/>\n\t<meta property=\"og:image:type\" content=\"image\/png\" \/>\n<meta name=\"author\" content=\"Josep Ripoll\" \/>\n<meta name=\"twitter:card\" content=\"summary_large_image\" \/>\n<meta name=\"twitter:label1\" content=\"Escrit per\" \/>\n\t<meta name=\"twitter:data1\" content=\"Josep Ripoll\" \/>\n\t<meta name=\"twitter:label2\" content=\"Temps estimat de lectura\" \/>\n\t<meta name=\"twitter:data2\" content=\"3 minuts\" \/>\n<script type=\"application\/ld+json\" class=\"yoast-schema-graph\">{\"@context\":\"https:\/\/schema.org\",\"@graph\":[{\"@type\":[\"Article\",\"BlogPosting\"],\"@id\":\"https:\/\/www.psib-psoe.org\/eivissa\/el-consell-deivissa-permet-la-promocio-de-desenes-danuncis-dallotjament-turistic-en-caravanes-el-conveni-firmat-el-2020-per-vicent-mari-amb-la-principal-plataforma-es-un-ro\/#article\",\"isPartOf\":{\"@id\":\"https:\/\/www.psib-psoe.org\/eivissa\/el-consell-deivissa-permet-la-promocio-de-desenes-danuncis-dallotjament-turistic-en-caravanes-el-conveni-firmat-el-2020-per-vicent-mari-amb-la-principal-plataforma-es-un-ro\/\"},\"author\":{\"name\":\"Josep Ripoll\",\"@id\":\"https:\/\/www.psib-psoe.org\/eivissa\/#\/schema\/person\/7a9d2841fb36f32e34fc0e9b245e8117\"},\"headline\":\"El Consell d\u2019Eivissa permet la promoci\u00f3 de desenes d\u2019anuncis d\u2019allotjament tur\u00edstic en caravanes. El conveni firmat el 2020 per Vicent Mar\u00ed amb la principal plataforma \u00e9s un rotund frac\u00e0s que no ha servit per acabar amb l\u2019oferta il\u00b7legal.\",\"datePublished\":\"2024-03-30T07:00:09+00:00\",\"mainEntityOfPage\":{\"@id\":\"https:\/\/www.psib-psoe.org\/eivissa\/el-consell-deivissa-permet-la-promocio-de-desenes-danuncis-dallotjament-turistic-en-caravanes-el-conveni-firmat-el-2020-per-vicent-mari-amb-la-principal-plataforma-es-un-ro\/\"},\"wordCount\":690,\"publisher\":{\"@id\":\"https:\/\/www.psib-psoe.org\/eivissa\/#organization\"},\"image\":{\"@id\":\"https:\/\/www.psib-psoe.org\/eivissa\/el-consell-deivissa-permet-la-promocio-de-desenes-danuncis-dallotjament-turistic-en-caravanes-el-conveni-firmat-el-2020-per-vicent-mari-amb-la-principal-plataforma-es-un-ro\/#primaryimage\"},\"thumbnailUrl\":\"https:\/\/www.psib-psoe.org\/eivissa\/wp-content\/uploads\/2CARAVANES.png\",\"articleSection\":[\"Consell d'Eivissa\",\"Federaci\u00f3 d'Eivissa - Portada\"],\"inLanguage\":\"ca\"},{\"@type\":\"WebPage\",\"@id\":\"https:\/\/www.psib-psoe.org\/eivissa\/el-consell-deivissa-permet-la-promocio-de-desenes-danuncis-dallotjament-turistic-en-caravanes-el-conveni-firmat-el-2020-per-vicent-mari-amb-la-principal-plataforma-es-un-ro\/\",\"url\":\"https:\/\/www.psib-psoe.org\/eivissa\/el-consell-deivissa-permet-la-promocio-de-desenes-danuncis-dallotjament-turistic-en-caravanes-el-conveni-firmat-el-2020-per-vicent-mari-amb-la-principal-plataforma-es-un-ro\/\",\"name\":\"El Consell d\u2019Eivissa permet la promoci\u00f3 de desenes d\u2019anuncis d\u2019allotjament tur\u00edstic en caravanes. El conveni firmat el 2020 per Vicent Mar\u00ed amb la principal plataforma \u00e9s un rotund frac\u00e0s que no ha servit per acabar amb l\u2019oferta il\u00b7legal. - Federaci\u00f3 Socialista d&#039;Eivissa\",\"isPartOf\":{\"@id\":\"https:\/\/www.psib-psoe.org\/eivissa\/#website\"},\"primaryImageOfPage\":{\"@id\":\"https:\/\/www.psib-psoe.org\/eivissa\/el-consell-deivissa-permet-la-promocio-de-desenes-danuncis-dallotjament-turistic-en-caravanes-el-conveni-firmat-el-2020-per-vicent-mari-amb-la-principal-plataforma-es-un-ro\/#primaryimage\"},\"image\":{\"@id\":\"https:\/\/www.psib-psoe.org\/eivissa\/el-consell-deivissa-permet-la-promocio-de-desenes-danuncis-dallotjament-turistic-en-caravanes-el-conveni-firmat-el-2020-per-vicent-mari-amb-la-principal-plataforma-es-un-ro\/#primaryimage\"},\"thumbnailUrl\":\"https:\/\/www.psib-psoe.org\/eivissa\/wp-content\/uploads\/2CARAVANES.png\",\"datePublished\":\"2024-03-30T07:00:09+00:00\",\"breadcrumb\":{\"@id\":\"https:\/\/www.psib-psoe.org\/eivissa\/el-consell-deivissa-permet-la-promocio-de-desenes-danuncis-dallotjament-turistic-en-caravanes-el-conveni-firmat-el-2020-per-vicent-mari-amb-la-principal-plataforma-es-un-ro\/#breadcrumb\"},\"inLanguage\":\"ca\",\"potentialAction\":[{\"@type\":\"ReadAction\",\"target\":[\"https:\/\/www.psib-psoe.org\/eivissa\/el-consell-deivissa-permet-la-promocio-de-desenes-danuncis-dallotjament-turistic-en-caravanes-el-conveni-firmat-el-2020-per-vicent-mari-amb-la-principal-plataforma-es-un-ro\/\"]}]},{\"@type\":\"ImageObject\",\"inLanguage\":\"ca\",\"@id\":\"https:\/\/www.psib-psoe.org\/eivissa\/el-consell-deivissa-permet-la-promocio-de-desenes-danuncis-dallotjament-turistic-en-caravanes-el-conveni-firmat-el-2020-per-vicent-mari-amb-la-principal-plataforma-es-un-ro\/#primaryimage\",\"url\":\"https:\/\/www.psib-psoe.org\/eivissa\/wp-content\/uploads\/2CARAVANES.png\",\"contentUrl\":\"https:\/\/www.psib-psoe.org\/eivissa\/wp-content\/uploads\/2CARAVANES.png\",\"width\":771,\"height\":664},{\"@type\":\"BreadcrumbList\",\"@id\":\"https:\/\/www.psib-psoe.org\/eivissa\/el-consell-deivissa-permet-la-promocio-de-desenes-danuncis-dallotjament-turistic-en-caravanes-el-conveni-firmat-el-2020-per-vicent-mari-amb-la-principal-plataforma-es-un-ro\/#breadcrumb\",\"itemListElement\":[{\"@type\":\"ListItem\",\"position\":1,\"name\":\"Inici\",\"item\":\"https:\/\/www.psib-psoe.org\/eivissa\/\"},{\"@type\":\"ListItem\",\"position\":2,\"name\":\"El Consell d\u2019Eivissa permet la promoci\u00f3 de desenes d\u2019anuncis d\u2019allotjament tur\u00edstic en caravanes. El conveni firmat el 2020 per Vicent Mar\u00ed amb la principal plataforma \u00e9s un rotund frac\u00e0s que no ha servit per acabar amb l\u2019oferta il\u00b7legal.\"}]},{\"@type\":\"WebSite\",\"@id\":\"https:\/\/www.psib-psoe.org\/eivissa\/#website\",\"url\":\"https:\/\/www.psib-psoe.org\/eivissa\/\",\"name\":\"Federaci\u00f3 Socialista d'Eivissa\",\"description\":\"Socialistes d&#039;Eivissa\",\"publisher\":{\"@id\":\"https:\/\/www.psib-psoe.org\/eivissa\/#organization\"},\"potentialAction\":[{\"@type\":\"SearchAction\",\"target\":{\"@type\":\"EntryPoint\",\"urlTemplate\":\"https:\/\/www.psib-psoe.org\/eivissa\/?s={search_term_string}\"},\"query-input\":{\"@type\":\"PropertyValueSpecification\",\"valueRequired\":true,\"valueName\":\"search_term_string\"}}],\"inLanguage\":\"ca\"},{\"@type\":\"Organization\",\"@id\":\"https:\/\/www.psib-psoe.org\/eivissa\/#organization\",\"name\":\"Federaci\u00f3 Socialista d'Eivissa\",\"url\":\"https:\/\/www.psib-psoe.org\/eivissa\/\",\"logo\":{\"@type\":\"ImageObject\",\"inLanguage\":\"ca\",\"@id\":\"https:\/\/www.psib-psoe.org\/eivissa\/#\/schema\/logo\/image\/\",\"url\":\"https:\/\/www.psib-psoe.org\/eivissa\/wp-content\/uploads\/LOGO-FSE-SOCIALISTA-DEIVISSA-HORI.png\",\"contentUrl\":\"https:\/\/www.psib-psoe.org\/eivissa\/wp-content\/uploads\/LOGO-FSE-SOCIALISTA-DEIVISSA-HORI.png\",\"width\":6000,\"height\":3104,\"caption\":\"Federaci\u00f3 Socialista d'Eivissa\"},\"image\":{\"@id\":\"https:\/\/www.psib-psoe.org\/eivissa\/#\/schema\/logo\/image\/\"}},{\"@type\":\"Person\",\"@id\":\"https:\/\/www.psib-psoe.org\/eivissa\/#\/schema\/person\/7a9d2841fb36f32e34fc0e9b245e8117\",\"name\":\"Josep Ripoll\",\"sameAs\":[\"http:\/\/www.psib-psoe.org\/eivissa\/wp-login.php\"],\"url\":\"https:\/\/www.psib-psoe.org\/eivissa\/author\/josep\/\"}]}<\/script>\n<!-- \/ Yoast SEO plugin. -->","yoast_head_json":{"title":"El Consell d\u2019Eivissa permet la promoci\u00f3 de desenes d\u2019anuncis d\u2019allotjament tur\u00edstic en caravanes. El conveni firmat el 2020 per Vicent Mar\u00ed amb la principal plataforma \u00e9s un rotund frac\u00e0s que no ha servit per acabar amb l\u2019oferta il\u00b7legal. - Federaci\u00f3 Socialista d&#039;Eivissa","robots":{"index":"index","follow":"follow","max-snippet":"max-snippet:-1","max-image-preview":"max-image-preview:large","max-video-preview":"max-video-preview:-1"},"canonical":"https:\/\/www.psib-psoe.org\/eivissa\/el-consell-deivissa-permet-la-promocio-de-desenes-danuncis-dallotjament-turistic-en-caravanes-el-conveni-firmat-el-2020-per-vicent-mari-amb-la-principal-plataforma-es-un-ro\/","og_locale":"ca_ES","og_type":"article","og_title":"El Consell d\u2019Eivissa permet la promoci\u00f3 de desenes d\u2019anuncis d\u2019allotjament tur\u00edstic en caravanes. El conveni firmat el 2020 per Vicent Mar\u00ed amb la principal plataforma \u00e9s un rotund frac\u00e0s que no ha servit per acabar amb l\u2019oferta il\u00b7legal. - Federaci\u00f3 Socialista d&#039;Eivissa","og_description":"La principal plataforma de lloguers tur\u00edstics, Airbnb, ofereix per aquesta Setmana Santa desenes d\u2019anuncis de caravanes que obertament es promocionen com a allotjament tur\u00edstic, a pesar de l\u2019estricta prohibici\u00f3 d\u2019acampar a la nostra l\u2019illa. Els anuncis ofereixen preus que van dels 68 euros per dia un cotxe 4&#215;4, als 190 euros per dia d\u2019un autob\u00fas&hellip;","og_url":"https:\/\/www.psib-psoe.org\/eivissa\/el-consell-deivissa-permet-la-promocio-de-desenes-danuncis-dallotjament-turistic-en-caravanes-el-conveni-firmat-el-2020-per-vicent-mari-amb-la-principal-plataforma-es-un-ro\/","og_site_name":"Federaci\u00f3 Socialista d&#039;Eivissa","article_published_time":"2024-03-30T07:00:09+00:00","og_image":[{"width":771,"height":664,"url":"https:\/\/www.psib-psoe.org\/eivissa\/wp-content\/uploads\/2CARAVANES.png","type":"image\/png"}],"author":"Josep Ripoll","twitter_card":"summary_large_image","twitter_misc":{"Escrit per":"Josep Ripoll","Temps estimat de lectura":"3 minuts"},"schema":{"@context":"https:\/\/schema.org","@graph":[{"@type":["Article","BlogPosting"],"@id":"https:\/\/www.psib-psoe.org\/eivissa\/el-consell-deivissa-permet-la-promocio-de-desenes-danuncis-dallotjament-turistic-en-caravanes-el-conveni-firmat-el-2020-per-vicent-mari-amb-la-principal-plataforma-es-un-ro\/#article","isPartOf":{"@id":"https:\/\/www.psib-psoe.org\/eivissa\/el-consell-deivissa-permet-la-promocio-de-desenes-danuncis-dallotjament-turistic-en-caravanes-el-conveni-firmat-el-2020-per-vicent-mari-amb-la-principal-plataforma-es-un-ro\/"},"author":{"name":"Josep Ripoll","@id":"https:\/\/www.psib-psoe.org\/eivissa\/#\/schema\/person\/7a9d2841fb36f32e34fc0e9b245e8117"},"headline":"El Consell d\u2019Eivissa permet la promoci\u00f3 de desenes d\u2019anuncis d\u2019allotjament tur\u00edstic en caravanes. El conveni firmat el 2020 per Vicent Mar\u00ed amb la principal plataforma \u00e9s un rotund frac\u00e0s que no ha servit per acabar amb l\u2019oferta il\u00b7legal.","datePublished":"2024-03-30T07:00:09+00:00","mainEntityOfPage":{"@id":"https:\/\/www.psib-psoe.org\/eivissa\/el-consell-deivissa-permet-la-promocio-de-desenes-danuncis-dallotjament-turistic-en-caravanes-el-conveni-firmat-el-2020-per-vicent-mari-amb-la-principal-plataforma-es-un-ro\/"},"wordCount":690,"publisher":{"@id":"https:\/\/www.psib-psoe.org\/eivissa\/#organization"},"image":{"@id":"https:\/\/www.psib-psoe.org\/eivissa\/el-consell-deivissa-permet-la-promocio-de-desenes-danuncis-dallotjament-turistic-en-caravanes-el-conveni-firmat-el-2020-per-vicent-mari-amb-la-principal-plataforma-es-un-ro\/#primaryimage"},"thumbnailUrl":"https:\/\/www.psib-psoe.org\/eivissa\/wp-content\/uploads\/2CARAVANES.png","articleSection":["Consell d'Eivissa","Federaci\u00f3 d'Eivissa - Portada"],"inLanguage":"ca"},{"@type":"WebPage","@id":"https:\/\/www.psib-psoe.org\/eivissa\/el-consell-deivissa-permet-la-promocio-de-desenes-danuncis-dallotjament-turistic-en-caravanes-el-conveni-firmat-el-2020-per-vicent-mari-amb-la-principal-plataforma-es-un-ro\/","url":"https:\/\/www.psib-psoe.org\/eivissa\/el-consell-deivissa-permet-la-promocio-de-desenes-danuncis-dallotjament-turistic-en-caravanes-el-conveni-firmat-el-2020-per-vicent-mari-amb-la-principal-plataforma-es-un-ro\/","name":"El Consell d\u2019Eivissa permet la promoci\u00f3 de desenes d\u2019anuncis d\u2019allotjament tur\u00edstic en caravanes. El conveni firmat el 2020 per Vicent Mar\u00ed amb la principal plataforma \u00e9s un rotund frac\u00e0s que no ha servit per acabar amb l\u2019oferta il\u00b7legal. - Federaci\u00f3 Socialista d&#039;Eivissa","isPartOf":{"@id":"https:\/\/www.psib-psoe.org\/eivissa\/#website"},"primaryImageOfPage":{"@id":"https:\/\/www.psib-psoe.org\/eivissa\/el-consell-deivissa-permet-la-promocio-de-desenes-danuncis-dallotjament-turistic-en-caravanes-el-conveni-firmat-el-2020-per-vicent-mari-amb-la-principal-plataforma-es-un-ro\/#primaryimage"},"image":{"@id":"https:\/\/www.psib-psoe.org\/eivissa\/el-consell-deivissa-permet-la-promocio-de-desenes-danuncis-dallotjament-turistic-en-caravanes-el-conveni-firmat-el-2020-per-vicent-mari-amb-la-principal-plataforma-es-un-ro\/#primaryimage"},"thumbnailUrl":"https:\/\/www.psib-psoe.org\/eivissa\/wp-content\/uploads\/2CARAVANES.png","datePublished":"2024-03-30T07:00:09+00:00","breadcrumb":{"@id":"https:\/\/www.psib-psoe.org\/eivissa\/el-consell-deivissa-permet-la-promocio-de-desenes-danuncis-dallotjament-turistic-en-caravanes-el-conveni-firmat-el-2020-per-vicent-mari-amb-la-principal-plataforma-es-un-ro\/#breadcrumb"},"inLanguage":"ca","potentialAction":[{"@type":"ReadAction","target":["https:\/\/www.psib-psoe.org\/eivissa\/el-consell-deivissa-permet-la-promocio-de-desenes-danuncis-dallotjament-turistic-en-caravanes-el-conveni-firmat-el-2020-per-vicent-mari-amb-la-principal-plataforma-es-un-ro\/"]}]},{"@type":"ImageObject","inLanguage":"ca","@id":"https:\/\/www.psib-psoe.org\/eivissa\/el-consell-deivissa-permet-la-promocio-de-desenes-danuncis-dallotjament-turistic-en-caravanes-el-conveni-firmat-el-2020-per-vicent-mari-amb-la-principal-plataforma-es-un-ro\/#primaryimage","url":"https:\/\/www.psib-psoe.org\/eivissa\/wp-content\/uploads\/2CARAVANES.png","contentUrl":"https:\/\/www.psib-psoe.org\/eivissa\/wp-content\/uploads\/2CARAVANES.png","width":771,"height":664},{"@type":"BreadcrumbList","@id":"https:\/\/www.psib-psoe.org\/eivissa\/el-consell-deivissa-permet-la-promocio-de-desenes-danuncis-dallotjament-turistic-en-caravanes-el-conveni-firmat-el-2020-per-vicent-mari-amb-la-principal-plataforma-es-un-ro\/#breadcrumb","itemListElement":[{"@type":"ListItem","position":1,"name":"Inici","item":"https:\/\/www.psib-psoe.org\/eivissa\/"},{"@type":"ListItem","position":2,"name":"El Consell d\u2019Eivissa permet la promoci\u00f3 de desenes d\u2019anuncis d\u2019allotjament tur\u00edstic en caravanes. El conveni firmat el 2020 per Vicent Mar\u00ed amb la principal plataforma \u00e9s un rotund frac\u00e0s que no ha servit per acabar amb l\u2019oferta il\u00b7legal."}]},{"@type":"WebSite","@id":"https:\/\/www.psib-psoe.org\/eivissa\/#website","url":"https:\/\/www.psib-psoe.org\/eivissa\/","name":"Federaci\u00f3 Socialista d'Eivissa","description":"Socialistes d&#039;Eivissa","publisher":{"@id":"https:\/\/www.psib-psoe.org\/eivissa\/#organization"},"potentialAction":[{"@type":"SearchAction","target":{"@type":"EntryPoint","urlTemplate":"https:\/\/www.psib-psoe.org\/eivissa\/?s={search_term_string}"},"query-input":{"@type":"PropertyValueSpecification","valueRequired":true,"valueName":"search_term_string"}}],"inLanguage":"ca"},{"@type":"Organization","@id":"https:\/\/www.psib-psoe.org\/eivissa\/#organization","name":"Federaci\u00f3 Socialista d'Eivissa","url":"https:\/\/www.psib-psoe.org\/eivissa\/","logo":{"@type":"ImageObject","inLanguage":"ca","@id":"https:\/\/www.psib-psoe.org\/eivissa\/#\/schema\/logo\/image\/","url":"https:\/\/www.psib-psoe.org\/eivissa\/wp-content\/uploads\/LOGO-FSE-SOCIALISTA-DEIVISSA-HORI.png","contentUrl":"https:\/\/www.psib-psoe.org\/eivissa\/wp-content\/uploads\/LOGO-FSE-SOCIALISTA-DEIVISSA-HORI.png","width":6000,"height":3104,"caption":"Federaci\u00f3 Socialista d'Eivissa"},"image":{"@id":"https:\/\/www.psib-psoe.org\/eivissa\/#\/schema\/logo\/image\/"}},{"@type":"Person","@id":"https:\/\/www.psib-psoe.org\/eivissa\/#\/schema\/person\/7a9d2841fb36f32e34fc0e9b245e8117","name":"Josep Ripoll","sameAs":["http:\/\/www.psib-psoe.org\/eivissa\/wp-login.php"],"url":"https:\/\/www.psib-psoe.org\/eivissa\/author\/josep\/"}]}},"_links":{"self":[{"href":"https:\/\/www.psib-psoe.org\/eivissa\/wp-json\/wp\/v2\/posts\/38954","targetHints":{"allow":["GET"]}}],"collection":[{"href":"https:\/\/www.psib-psoe.org\/eivissa\/wp-json\/wp\/v2\/posts"}],"about":[{"href":"https:\/\/www.psib-psoe.org\/eivissa\/wp-json\/wp\/v2\/types\/post"}],"author":[{"embeddable":true,"href":"https:\/\/www.psib-psoe.org\/eivissa\/wp-json\/wp\/v2\/users\/7"}],"replies":[{"embeddable":true,"href":"https:\/\/www.psib-psoe.org\/eivissa\/wp-json\/wp\/v2\/comments?post=38954"}],"version-history":[{"count":2,"href":"https:\/\/www.psib-psoe.org\/eivissa\/wp-json\/wp\/v2\/posts\/38954\/revisions"}],"predecessor-version":[{"id":38957,"href":"https:\/\/www.psib-psoe.org\/eivissa\/wp-json\/wp\/v2\/posts\/38954\/revisions\/38957"}],"wp:featuredmedia":[{"embeddable":true,"href":"https:\/\/www.psib-psoe.org\/eivissa\/wp-json\/wp\/v2\/media\/38955"}],"wp:attachment":[{"href":"https:\/\/www.psib-psoe.org\/eivissa\/wp-json\/wp\/v2\/media?parent=38954"}],"wp:term":[{"taxonomy":"category","embeddable":true,"href":"https:\/\/www.psib-psoe.org\/eivissa\/wp-json\/wp\/v2\/categories?post=38954"},{"taxonomy":"post_tag","embeddable":true,"href":"https:\/\/www.psib-psoe.org\/eivissa\/wp-json\/wp\/v2\/tags?post=38954"}],"curies":[{"name":"wp","href":"https:\/\/api.w.org\/{rel}","templated":true}]}}