{"id":38959,"date":"2024-04-03T12:28:15","date_gmt":"2024-04-03T10:28:15","guid":{"rendered":"https:\/\/www.psib-psoe.org\/eivissa\/?p=38959"},"modified":"2024-04-03T12:30:06","modified_gmt":"2024-04-03T10:30:06","slug":"el-psoe-exigeix-transparencia-a-carmen-ferrer-i-que-faci-publiques-les-analisis-dels-abocaments-al-torrent-de-sa-llavanera-a-jesus","status":"publish","type":"post","link":"https:\/\/www.psib-psoe.org\/eivissa\/el-psoe-exigeix-transparencia-a-carmen-ferrer-i-que-faci-publiques-les-analisis-dels-abocaments-al-torrent-de-sa-llavanera-a-jesus\/","title":{"rendered":"El PSOE exigeix transpar\u00e8ncia a Carmen Ferrer i que faci p\u00fabliques les an\u00e0lisis dels abocaments al torrent de sa Llavanera a Jes\u00fas"},"content":{"rendered":"<p dir=\"ltr\">El grup Socialista de Santa Eul\u00e0ria des Riu exigeix transpar\u00e8ncia a l\u2019alcaldessa, Carmen Ferrer, i que faci p\u00fabliques les an\u00e0lisis dels abocaments al torrent de sa Llavanera a Jes\u00fas. El regidor socialista Mateo Calbet, durant el ple de l\u20191 de febrer, va preguntar a la regidora de Medi Ambient, M\u00f3nica Madrid, per uns vessaments d&#8217;aig\u00fces\u00a0que afecten el torrent de sa Llavanera en creuar-se amb el cam\u00ed de s\u2019Horta, que vesins d\u2019aquesta zona de Jes\u00fas denuncien des de fa temps.<\/p>\n<p dir=\"ltr\">Durant el mencionat ple, la regidora de Medi Ambient va afirmar que \u201cv\u00e0rem fer mostres\u201d i \u201c\u00e9s aigua neta\u201d. Posteriorment, el 9 de febrer, el grup Socialista va reclamar c\u00f2pia de l\u2019informe amb els resultats de les an\u00e0lisis fetes per l\u2019ajuntament i qualsevol altra acci\u00f3 duta a terme. El dia d&#8217;avui no han contestat a aquest escrit, la qual cosa fa plantejar-se al grup Socialista uns dubtes raonables com, per exemple, si \u00e9s que l\u2019alcaldessa amaga alguna cosa. No s\u2019ent\u00e9n tant obscurantisme amb aquest assumpte que podria suposar un risc sanitari per a la poblaci\u00f3.<\/p>\n<p dir=\"ltr\">Volem recordar que fa prop de 15 dies el grup Socialista va rebre el resultat d\u2019una mostra d\u2019aigua que hav\u00edem portat a analitzar a un laboratori per aix\u00ed poder comprovar si era aigua neta, com afirmava la regidora de Medi Ambient, per\u00f2 aquest va concloure, clarament, que es tracta d\u2019aig\u00fces residuals fecals, amb valors fisicoqu\u00edmics i microbiol\u00f2gics propis d\u2019aquestes aig\u00fces.<\/p>\n<p dir=\"ltr\">L\u2019equip de govern del PP s\u2019escuda en qu\u00e8 aquest vessament es va produir posteriorment al ple de febrer i que cerquen el punt des d\u2019on va tenir lloc el vessament d&#8217;aig\u00fces fecals, i que el dia del Ple encara no sabien d\u2019on provenia.<\/p>\n<p dir=\"ltr\">El PSOE no ent\u00e9n com pot ser que l\u2019alcaldessa amagui aquesta informaci\u00f3 tan sensible i exigeix a l&#8217;alcaldessa que faci p\u00fablics els informes amb les an\u00e0lisis, aix\u00ed com tota la informaci\u00f3 de qu\u00e8 disposi en relaci\u00f3 amb els vessaments que hi ha a Jes\u00fas.<\/p>\n","protected":false},"excerpt":{"rendered":"<p>El grup Socialista de Santa Eul\u00e0ria des Riu exigeix transpar\u00e8ncia a l\u2019alcaldessa, Carmen Ferrer, i que faci p\u00fabliques les an\u00e0lisis dels abocaments al torrent de sa Llavanera a Jes\u00fas. El regidor socialista Mateo Calbet, durant el ple de l\u20191 de febrer, va preguntar a la regidora de Medi Ambient, M\u00f3nica Madrid, per uns vessaments d&#8217;aig\u00fces\u00a0que&hellip;<\/p>\n","protected":false},"author":10,"featured_media":38863,"comment_status":"closed","ping_status":"closed","sticky":false,"template":"","format":"standard","meta":{"footnotes":""},"categories":[1,234,186],"tags":[],"class_list":["post-38959","post","type-post","status-publish","format-standard","has-post-thumbnail","hentry","category-federacio-de-eivissa-portada","category-municipis","category-santa-eularia-des-riu"],"yoast_head":"<!-- This site is optimized with the Yoast SEO plugin v26.9 - https:\/\/yoast.com\/product\/yoast-seo-wordpress\/ -->\n<title>El PSOE exigeix transpar\u00e8ncia a Carmen Ferrer i que faci p\u00fabliques les an\u00e0lisis dels abocaments al torrent de sa Llavanera a Jes\u00fas - Federaci\u00f3 Socialista d&#039;Eivissa<\/title>\n<meta name=\"robots\" content=\"index, follow, max-snippet:-1, max-image-preview:large, max-video-preview:-1\" \/>\n<link rel=\"canonical\" href=\"https:\/\/www.psib-psoe.org\/eivissa\/el-psoe-exigeix-transparencia-a-carmen-ferrer-i-que-faci-publiques-les-analisis-dels-abocaments-al-torrent-de-sa-llavanera-a-jesus\/\" \/>\n<meta property=\"og:locale\" content=\"ca_ES\" \/>\n<meta property=\"og:type\" content=\"article\" \/>\n<meta property=\"og:title\" content=\"El PSOE exigeix transpar\u00e8ncia a Carmen Ferrer i que faci p\u00fabliques les an\u00e0lisis dels abocaments al torrent de sa Llavanera a Jes\u00fas - Federaci\u00f3 Socialista d&#039;Eivissa\" \/>\n<meta property=\"og:description\" content=\"El grup Socialista de Santa Eul\u00e0ria des Riu exigeix transpar\u00e8ncia a l\u2019alcaldessa, Carmen Ferrer, i que faci p\u00fabliques les an\u00e0lisis dels abocaments al torrent de sa Llavanera a Jes\u00fas. El regidor socialista Mateo Calbet, durant el ple de l\u20191 de febrer, va preguntar a la regidora de Medi Ambient, M\u00f3nica Madrid, per uns vessaments d&#8217;aig\u00fces\u00a0que&hellip;\" \/>\n<meta property=\"og:url\" content=\"https:\/\/www.psib-psoe.org\/eivissa\/el-psoe-exigeix-transparencia-a-carmen-ferrer-i-que-faci-publiques-les-analisis-dels-abocaments-al-torrent-de-sa-llavanera-a-jesus\/\" \/>\n<meta property=\"og:site_name\" content=\"Federaci\u00f3 Socialista d&#039;Eivissa\" \/>\n<meta property=\"article:published_time\" content=\"2024-04-03T10:28:15+00:00\" \/>\n<meta property=\"article:modified_time\" content=\"2024-04-03T10:30:06+00:00\" \/>\n<meta property=\"og:image\" content=\"https:\/\/www.psib-psoe.org\/eivissa\/wp-content\/uploads\/2torrent-jesus.jpeg\" \/>\n\t<meta property=\"og:image:width\" content=\"1536\" \/>\n\t<meta property=\"og:image:height\" content=\"1293\" \/>\n\t<meta property=\"og:image:type\" content=\"image\/jpeg\" \/>\n<meta name=\"author\" content=\"PSOE Eivissa\" \/>\n<meta name=\"twitter:card\" content=\"summary_large_image\" \/>\n<meta name=\"twitter:label1\" content=\"Escrit per\" \/>\n\t<meta name=\"twitter:data1\" content=\"PSOE Eivissa\" \/>\n\t<meta name=\"twitter:label2\" content=\"Temps estimat de lectura\" \/>\n\t<meta name=\"twitter:data2\" content=\"2 minuts\" \/>\n<script type=\"application\/ld+json\" class=\"yoast-schema-graph\">{\"@context\":\"https:\/\/schema.org\",\"@graph\":[{\"@type\":[\"Article\",\"BlogPosting\"],\"@id\":\"https:\/\/www.psib-psoe.org\/eivissa\/el-psoe-exigeix-transparencia-a-carmen-ferrer-i-que-faci-publiques-les-analisis-dels-abocaments-al-torrent-de-sa-llavanera-a-jesus\/#article\",\"isPartOf\":{\"@id\":\"https:\/\/www.psib-psoe.org\/eivissa\/el-psoe-exigeix-transparencia-a-carmen-ferrer-i-que-faci-publiques-les-analisis-dels-abocaments-al-torrent-de-sa-llavanera-a-jesus\/\"},\"author\":{\"name\":\"PSOE Eivissa\",\"@id\":\"https:\/\/www.psib-psoe.org\/eivissa\/#\/schema\/person\/b71961f9b223766c28d12eca90cf67e0\"},\"headline\":\"El PSOE exigeix transpar\u00e8ncia a Carmen Ferrer i que faci p\u00fabliques les an\u00e0lisis dels abocaments al torrent de sa Llavanera a Jes\u00fas\",\"datePublished\":\"2024-04-03T10:28:15+00:00\",\"dateModified\":\"2024-04-03T10:30:06+00:00\",\"mainEntityOfPage\":{\"@id\":\"https:\/\/www.psib-psoe.org\/eivissa\/el-psoe-exigeix-transparencia-a-carmen-ferrer-i-que-faci-publiques-les-analisis-dels-abocaments-al-torrent-de-sa-llavanera-a-jesus\/\"},\"wordCount\":384,\"publisher\":{\"@id\":\"https:\/\/www.psib-psoe.org\/eivissa\/#organization\"},\"image\":{\"@id\":\"https:\/\/www.psib-psoe.org\/eivissa\/el-psoe-exigeix-transparencia-a-carmen-ferrer-i-que-faci-publiques-les-analisis-dels-abocaments-al-torrent-de-sa-llavanera-a-jesus\/#primaryimage\"},\"thumbnailUrl\":\"https:\/\/www.psib-psoe.org\/eivissa\/wp-content\/uploads\/2torrent-jesus.jpeg\",\"articleSection\":[\"Federaci\u00f3 d'Eivissa - Portada\",\"Municipis\",\"Santa Eul\u00e0ria des Riu\"],\"inLanguage\":\"ca\"},{\"@type\":\"WebPage\",\"@id\":\"https:\/\/www.psib-psoe.org\/eivissa\/el-psoe-exigeix-transparencia-a-carmen-ferrer-i-que-faci-publiques-les-analisis-dels-abocaments-al-torrent-de-sa-llavanera-a-jesus\/\",\"url\":\"https:\/\/www.psib-psoe.org\/eivissa\/el-psoe-exigeix-transparencia-a-carmen-ferrer-i-que-faci-publiques-les-analisis-dels-abocaments-al-torrent-de-sa-llavanera-a-jesus\/\",\"name\":\"El PSOE exigeix transpar\u00e8ncia a Carmen Ferrer i que faci p\u00fabliques les an\u00e0lisis dels abocaments al torrent de sa Llavanera a Jes\u00fas - Federaci\u00f3 Socialista d&#039;Eivissa\",\"isPartOf\":{\"@id\":\"https:\/\/www.psib-psoe.org\/eivissa\/#website\"},\"primaryImageOfPage\":{\"@id\":\"https:\/\/www.psib-psoe.org\/eivissa\/el-psoe-exigeix-transparencia-a-carmen-ferrer-i-que-faci-publiques-les-analisis-dels-abocaments-al-torrent-de-sa-llavanera-a-jesus\/#primaryimage\"},\"image\":{\"@id\":\"https:\/\/www.psib-psoe.org\/eivissa\/el-psoe-exigeix-transparencia-a-carmen-ferrer-i-que-faci-publiques-les-analisis-dels-abocaments-al-torrent-de-sa-llavanera-a-jesus\/#primaryimage\"},\"thumbnailUrl\":\"https:\/\/www.psib-psoe.org\/eivissa\/wp-content\/uploads\/2torrent-jesus.jpeg\",\"datePublished\":\"2024-04-03T10:28:15+00:00\",\"dateModified\":\"2024-04-03T10:30:06+00:00\",\"breadcrumb\":{\"@id\":\"https:\/\/www.psib-psoe.org\/eivissa\/el-psoe-exigeix-transparencia-a-carmen-ferrer-i-que-faci-publiques-les-analisis-dels-abocaments-al-torrent-de-sa-llavanera-a-jesus\/#breadcrumb\"},\"inLanguage\":\"ca\",\"potentialAction\":[{\"@type\":\"ReadAction\",\"target\":[\"https:\/\/www.psib-psoe.org\/eivissa\/el-psoe-exigeix-transparencia-a-carmen-ferrer-i-que-faci-publiques-les-analisis-dels-abocaments-al-torrent-de-sa-llavanera-a-jesus\/\"]}]},{\"@type\":\"ImageObject\",\"inLanguage\":\"ca\",\"@id\":\"https:\/\/www.psib-psoe.org\/eivissa\/el-psoe-exigeix-transparencia-a-carmen-ferrer-i-que-faci-publiques-les-analisis-dels-abocaments-al-torrent-de-sa-llavanera-a-jesus\/#primaryimage\",\"url\":\"https:\/\/www.psib-psoe.org\/eivissa\/wp-content\/uploads\/2torrent-jesus.jpeg\",\"contentUrl\":\"https:\/\/www.psib-psoe.org\/eivissa\/wp-content\/uploads\/2torrent-jesus.jpeg\",\"width\":1536,\"height\":1293},{\"@type\":\"BreadcrumbList\",\"@id\":\"https:\/\/www.psib-psoe.org\/eivissa\/el-psoe-exigeix-transparencia-a-carmen-ferrer-i-que-faci-publiques-les-analisis-dels-abocaments-al-torrent-de-sa-llavanera-a-jesus\/#breadcrumb\",\"itemListElement\":[{\"@type\":\"ListItem\",\"position\":1,\"name\":\"Inici\",\"item\":\"https:\/\/www.psib-psoe.org\/eivissa\/\"},{\"@type\":\"ListItem\",\"position\":2,\"name\":\"El PSOE exigeix transpar\u00e8ncia a Carmen Ferrer i que faci p\u00fabliques les an\u00e0lisis dels abocaments al torrent de sa Llavanera a Jes\u00fas\"}]},{\"@type\":\"WebSite\",\"@id\":\"https:\/\/www.psib-psoe.org\/eivissa\/#website\",\"url\":\"https:\/\/www.psib-psoe.org\/eivissa\/\",\"name\":\"Federaci\u00f3 Socialista d'Eivissa\",\"description\":\"Socialistes d&#039;Eivissa\",\"publisher\":{\"@id\":\"https:\/\/www.psib-psoe.org\/eivissa\/#organization\"},\"potentialAction\":[{\"@type\":\"SearchAction\",\"target\":{\"@type\":\"EntryPoint\",\"urlTemplate\":\"https:\/\/www.psib-psoe.org\/eivissa\/?s={search_term_string}\"},\"query-input\":{\"@type\":\"PropertyValueSpecification\",\"valueRequired\":true,\"valueName\":\"search_term_string\"}}],\"inLanguage\":\"ca\"},{\"@type\":\"Organization\",\"@id\":\"https:\/\/www.psib-psoe.org\/eivissa\/#organization\",\"name\":\"Federaci\u00f3 Socialista d'Eivissa\",\"url\":\"https:\/\/www.psib-psoe.org\/eivissa\/\",\"logo\":{\"@type\":\"ImageObject\",\"inLanguage\":\"ca\",\"@id\":\"https:\/\/www.psib-psoe.org\/eivissa\/#\/schema\/logo\/image\/\",\"url\":\"https:\/\/www.psib-psoe.org\/eivissa\/wp-content\/uploads\/LOGO-FSE-SOCIALISTA-DEIVISSA-HORI.png\",\"contentUrl\":\"https:\/\/www.psib-psoe.org\/eivissa\/wp-content\/uploads\/LOGO-FSE-SOCIALISTA-DEIVISSA-HORI.png\",\"width\":6000,\"height\":3104,\"caption\":\"Federaci\u00f3 Socialista d'Eivissa\"},\"image\":{\"@id\":\"https:\/\/www.psib-psoe.org\/eivissa\/#\/schema\/logo\/image\/\"}},{\"@type\":\"Person\",\"@id\":\"https:\/\/www.psib-psoe.org\/eivissa\/#\/schema\/person\/b71961f9b223766c28d12eca90cf67e0\",\"name\":\"PSOE Eivissa\",\"url\":\"https:\/\/www.psib-psoe.org\/eivissa\/author\/adminalan\/\"}]}<\/script>\n<!-- \/ Yoast SEO plugin. -->","yoast_head_json":{"title":"El PSOE exigeix transpar\u00e8ncia a Carmen Ferrer i que faci p\u00fabliques les an\u00e0lisis dels abocaments al torrent de sa Llavanera a Jes\u00fas - Federaci\u00f3 Socialista d&#039;Eivissa","robots":{"index":"index","follow":"follow","max-snippet":"max-snippet:-1","max-image-preview":"max-image-preview:large","max-video-preview":"max-video-preview:-1"},"canonical":"https:\/\/www.psib-psoe.org\/eivissa\/el-psoe-exigeix-transparencia-a-carmen-ferrer-i-que-faci-publiques-les-analisis-dels-abocaments-al-torrent-de-sa-llavanera-a-jesus\/","og_locale":"ca_ES","og_type":"article","og_title":"El PSOE exigeix transpar\u00e8ncia a Carmen Ferrer i que faci p\u00fabliques les an\u00e0lisis dels abocaments al torrent de sa Llavanera a Jes\u00fas - Federaci\u00f3 Socialista d&#039;Eivissa","og_description":"El grup Socialista de Santa Eul\u00e0ria des Riu exigeix transpar\u00e8ncia a l\u2019alcaldessa, Carmen Ferrer, i que faci p\u00fabliques les an\u00e0lisis dels abocaments al torrent de sa Llavanera a Jes\u00fas. El regidor socialista Mateo Calbet, durant el ple de l\u20191 de febrer, va preguntar a la regidora de Medi Ambient, M\u00f3nica Madrid, per uns vessaments d&#8217;aig\u00fces\u00a0que&hellip;","og_url":"https:\/\/www.psib-psoe.org\/eivissa\/el-psoe-exigeix-transparencia-a-carmen-ferrer-i-que-faci-publiques-les-analisis-dels-abocaments-al-torrent-de-sa-llavanera-a-jesus\/","og_site_name":"Federaci\u00f3 Socialista d&#039;Eivissa","article_published_time":"2024-04-03T10:28:15+00:00","article_modified_time":"2024-04-03T10:30:06+00:00","og_image":[{"width":1536,"height":1293,"url":"https:\/\/www.psib-psoe.org\/eivissa\/wp-content\/uploads\/2torrent-jesus.jpeg","type":"image\/jpeg"}],"author":"PSOE Eivissa","twitter_card":"summary_large_image","twitter_misc":{"Escrit per":"PSOE Eivissa","Temps estimat de lectura":"2 minuts"},"schema":{"@context":"https:\/\/schema.org","@graph":[{"@type":["Article","BlogPosting"],"@id":"https:\/\/www.psib-psoe.org\/eivissa\/el-psoe-exigeix-transparencia-a-carmen-ferrer-i-que-faci-publiques-les-analisis-dels-abocaments-al-torrent-de-sa-llavanera-a-jesus\/#article","isPartOf":{"@id":"https:\/\/www.psib-psoe.org\/eivissa\/el-psoe-exigeix-transparencia-a-carmen-ferrer-i-que-faci-publiques-les-analisis-dels-abocaments-al-torrent-de-sa-llavanera-a-jesus\/"},"author":{"name":"PSOE Eivissa","@id":"https:\/\/www.psib-psoe.org\/eivissa\/#\/schema\/person\/b71961f9b223766c28d12eca90cf67e0"},"headline":"El PSOE exigeix transpar\u00e8ncia a Carmen Ferrer i que faci p\u00fabliques les an\u00e0lisis dels abocaments al torrent de sa Llavanera a Jes\u00fas","datePublished":"2024-04-03T10:28:15+00:00","dateModified":"2024-04-03T10:30:06+00:00","mainEntityOfPage":{"@id":"https:\/\/www.psib-psoe.org\/eivissa\/el-psoe-exigeix-transparencia-a-carmen-ferrer-i-que-faci-publiques-les-analisis-dels-abocaments-al-torrent-de-sa-llavanera-a-jesus\/"},"wordCount":384,"publisher":{"@id":"https:\/\/www.psib-psoe.org\/eivissa\/#organization"},"image":{"@id":"https:\/\/www.psib-psoe.org\/eivissa\/el-psoe-exigeix-transparencia-a-carmen-ferrer-i-que-faci-publiques-les-analisis-dels-abocaments-al-torrent-de-sa-llavanera-a-jesus\/#primaryimage"},"thumbnailUrl":"https:\/\/www.psib-psoe.org\/eivissa\/wp-content\/uploads\/2torrent-jesus.jpeg","articleSection":["Federaci\u00f3 d'Eivissa - Portada","Municipis","Santa Eul\u00e0ria des Riu"],"inLanguage":"ca"},{"@type":"WebPage","@id":"https:\/\/www.psib-psoe.org\/eivissa\/el-psoe-exigeix-transparencia-a-carmen-ferrer-i-que-faci-publiques-les-analisis-dels-abocaments-al-torrent-de-sa-llavanera-a-jesus\/","url":"https:\/\/www.psib-psoe.org\/eivissa\/el-psoe-exigeix-transparencia-a-carmen-ferrer-i-que-faci-publiques-les-analisis-dels-abocaments-al-torrent-de-sa-llavanera-a-jesus\/","name":"El PSOE exigeix transpar\u00e8ncia a Carmen Ferrer i que faci p\u00fabliques les an\u00e0lisis dels abocaments al torrent de sa Llavanera a Jes\u00fas - Federaci\u00f3 Socialista d&#039;Eivissa","isPartOf":{"@id":"https:\/\/www.psib-psoe.org\/eivissa\/#website"},"primaryImageOfPage":{"@id":"https:\/\/www.psib-psoe.org\/eivissa\/el-psoe-exigeix-transparencia-a-carmen-ferrer-i-que-faci-publiques-les-analisis-dels-abocaments-al-torrent-de-sa-llavanera-a-jesus\/#primaryimage"},"image":{"@id":"https:\/\/www.psib-psoe.org\/eivissa\/el-psoe-exigeix-transparencia-a-carmen-ferrer-i-que-faci-publiques-les-analisis-dels-abocaments-al-torrent-de-sa-llavanera-a-jesus\/#primaryimage"},"thumbnailUrl":"https:\/\/www.psib-psoe.org\/eivissa\/wp-content\/uploads\/2torrent-jesus.jpeg","datePublished":"2024-04-03T10:28:15+00:00","dateModified":"2024-04-03T10:30:06+00:00","breadcrumb":{"@id":"https:\/\/www.psib-psoe.org\/eivissa\/el-psoe-exigeix-transparencia-a-carmen-ferrer-i-que-faci-publiques-les-analisis-dels-abocaments-al-torrent-de-sa-llavanera-a-jesus\/#breadcrumb"},"inLanguage":"ca","potentialAction":[{"@type":"ReadAction","target":["https:\/\/www.psib-psoe.org\/eivissa\/el-psoe-exigeix-transparencia-a-carmen-ferrer-i-que-faci-publiques-les-analisis-dels-abocaments-al-torrent-de-sa-llavanera-a-jesus\/"]}]},{"@type":"ImageObject","inLanguage":"ca","@id":"https:\/\/www.psib-psoe.org\/eivissa\/el-psoe-exigeix-transparencia-a-carmen-ferrer-i-que-faci-publiques-les-analisis-dels-abocaments-al-torrent-de-sa-llavanera-a-jesus\/#primaryimage","url":"https:\/\/www.psib-psoe.org\/eivissa\/wp-content\/uploads\/2torrent-jesus.jpeg","contentUrl":"https:\/\/www.psib-psoe.org\/eivissa\/wp-content\/uploads\/2torrent-jesus.jpeg","width":1536,"height":1293},{"@type":"BreadcrumbList","@id":"https:\/\/www.psib-psoe.org\/eivissa\/el-psoe-exigeix-transparencia-a-carmen-ferrer-i-que-faci-publiques-les-analisis-dels-abocaments-al-torrent-de-sa-llavanera-a-jesus\/#breadcrumb","itemListElement":[{"@type":"ListItem","position":1,"name":"Inici","item":"https:\/\/www.psib-psoe.org\/eivissa\/"},{"@type":"ListItem","position":2,"name":"El PSOE exigeix transpar\u00e8ncia a Carmen Ferrer i que faci p\u00fabliques les an\u00e0lisis dels abocaments al torrent de sa Llavanera a Jes\u00fas"}]},{"@type":"WebSite","@id":"https:\/\/www.psib-psoe.org\/eivissa\/#website","url":"https:\/\/www.psib-psoe.org\/eivissa\/","name":"Federaci\u00f3 Socialista d'Eivissa","description":"Socialistes d&#039;Eivissa","publisher":{"@id":"https:\/\/www.psib-psoe.org\/eivissa\/#organization"},"potentialAction":[{"@type":"SearchAction","target":{"@type":"EntryPoint","urlTemplate":"https:\/\/www.psib-psoe.org\/eivissa\/?s={search_term_string}"},"query-input":{"@type":"PropertyValueSpecification","valueRequired":true,"valueName":"search_term_string"}}],"inLanguage":"ca"},{"@type":"Organization","@id":"https:\/\/www.psib-psoe.org\/eivissa\/#organization","name":"Federaci\u00f3 Socialista d'Eivissa","url":"https:\/\/www.psib-psoe.org\/eivissa\/","logo":{"@type":"ImageObject","inLanguage":"ca","@id":"https:\/\/www.psib-psoe.org\/eivissa\/#\/schema\/logo\/image\/","url":"https:\/\/www.psib-psoe.org\/eivissa\/wp-content\/uploads\/LOGO-FSE-SOCIALISTA-DEIVISSA-HORI.png","contentUrl":"https:\/\/www.psib-psoe.org\/eivissa\/wp-content\/uploads\/LOGO-FSE-SOCIALISTA-DEIVISSA-HORI.png","width":6000,"height":3104,"caption":"Federaci\u00f3 Socialista d'Eivissa"},"image":{"@id":"https:\/\/www.psib-psoe.org\/eivissa\/#\/schema\/logo\/image\/"}},{"@type":"Person","@id":"https:\/\/www.psib-psoe.org\/eivissa\/#\/schema\/person\/b71961f9b223766c28d12eca90cf67e0","name":"PSOE Eivissa","url":"https:\/\/www.psib-psoe.org\/eivissa\/author\/adminalan\/"}]}},"_links":{"self":[{"href":"https:\/\/www.psib-psoe.org\/eivissa\/wp-json\/wp\/v2\/posts\/38959","targetHints":{"allow":["GET"]}}],"collection":[{"href":"https:\/\/www.psib-psoe.org\/eivissa\/wp-json\/wp\/v2\/posts"}],"about":[{"href":"https:\/\/www.psib-psoe.org\/eivissa\/wp-json\/wp\/v2\/types\/post"}],"author":[{"embeddable":true,"href":"https:\/\/www.psib-psoe.org\/eivissa\/wp-json\/wp\/v2\/users\/10"}],"replies":[{"embeddable":true,"href":"https:\/\/www.psib-psoe.org\/eivissa\/wp-json\/wp\/v2\/comments?post=38959"}],"version-history":[{"count":1,"href":"https:\/\/www.psib-psoe.org\/eivissa\/wp-json\/wp\/v2\/posts\/38959\/revisions"}],"predecessor-version":[{"id":38960,"href":"https:\/\/www.psib-psoe.org\/eivissa\/wp-json\/wp\/v2\/posts\/38959\/revisions\/38960"}],"wp:featuredmedia":[{"embeddable":true,"href":"https:\/\/www.psib-psoe.org\/eivissa\/wp-json\/wp\/v2\/media\/38863"}],"wp:attachment":[{"href":"https:\/\/www.psib-psoe.org\/eivissa\/wp-json\/wp\/v2\/media?parent=38959"}],"wp:term":[{"taxonomy":"category","embeddable":true,"href":"https:\/\/www.psib-psoe.org\/eivissa\/wp-json\/wp\/v2\/categories?post=38959"},{"taxonomy":"post_tag","embeddable":true,"href":"https:\/\/www.psib-psoe.org\/eivissa\/wp-json\/wp\/v2\/tags?post=38959"}],"curies":[{"name":"wp","href":"https:\/\/api.w.org\/{rel}","templated":true}]}}