{"id":38985,"date":"2024-04-11T11:45:18","date_gmt":"2024-04-11T09:45:18","guid":{"rendered":"https:\/\/www.psib-psoe.org\/eivissa\/?p=38985"},"modified":"2024-04-11T11:45:18","modified_gmt":"2024-04-11T09:45:18","slug":"pp-i-vox-voten-en-contra-de-la-peticio-del-psoe-dincrementar-les-dietes-per-pacient-i-acompanyant-que-shan-de-desplacar-a-una-altra-illa-per-motius-medics","status":"publish","type":"post","link":"https:\/\/www.psib-psoe.org\/eivissa\/pp-i-vox-voten-en-contra-de-la-peticio-del-psoe-dincrementar-les-dietes-per-pacient-i-acompanyant-que-shan-de-desplacar-a-una-altra-illa-per-motius-medics\/","title":{"rendered":"PP i Vox voten en contra de la petici\u00f3 del PSOE d\u2019incrementar les dietes per pacient i acompanyant que s\u2019han de despla\u00e7ar a una altra illa per motius m\u00e8dics"},"content":{"rendered":"<p>Els grups del PP i Vox han votat en el Parlament de les Illes Balears en contra de la petici\u00f3 del PSOE d\u2019incrementar les dietes per pacient i acompanyant que s\u2019han de despla\u00e7ar a una altra illa per motius m\u00e8dics. La proposici\u00f3 no de llei del grup Socialista va ser rebutjada en la Comissi\u00f3 de Salut del Parlament celebrada ahir a la tarda. <\/p>\n<p>Irantzu Fern\u00e1ndez, diputada eivissenca del PSIB-PSOE, va defensar la proposta, que preveia augmentar de 20 a 23 euros la dieta per pacient i per acompanyant i una pujada de 60 a 70 euros per pernoctaci\u00f3 per persona. \u201cEls anim que busquin a Palma ara mateix un hotel per menys d\u2019aquesta quantitat\u201d, va dir la diputada socialista als membres de la Comissi\u00f3 de Salut del Parlament.<\/p>\n<p>\u201cDurant la legislatura passada es van pujar dues vegades les dietes, es va augmentar a dos els acompanyants dels menors, fet que v\u00e0rem considerar imprescindible perqu\u00e8 tots coneixem la dificultat de viatjar amb un infant, amb un nad\u00f3 malalt, i per primera vegada es va tenir en compte que en les hospitalitzacions prolongades l\u2019acompanyant pugui ser substitu\u00eft per una altra persona\u201d, va recordar Irantzu Fern\u00e1ndez. <\/p>\n<p>A m\u00e9s a m\u00e9s, \u201cper primera vegada es va pagar el transport terrestre d\u2019aquelles persones que per prescripci\u00f3 m\u00e8dica no podien volar i es va tenir en compte que moltes vegades els pacients de Formentera han de sortir un dia abans\u201d.<\/p>\n<p>Despr\u00e9s dels avan\u00e7os de la passada legislatura, en trobam amb un clar retroc\u00e9s, amb la negativa del PP i Vox de tornar a actualitzar les dietes, a pesar de l\u2019actual context d\u2019increment de preus, sobretot en \u00e0mbits com l\u2019allotjament.<\/p>\n<p>Irantzu Fern\u00e1ndez va recordar que \u201cla insularitat fa que cada any molts pacients de les illes d\u2019Eivissa, Menorca i Formentera s\u2019hagin de despla\u00e7ar a una altra illa per assistir a una consulta d\u2019especialista, rebre tractament o realitzar-se una intervenci\u00f3. Aix\u00ed, molts pacients de totes les illes han d\u2019anar a l\u2019Hospital Universitari de Son Espases com a centre de refer\u00e8ncia auton\u00f2mic, per\u00f2 tamb\u00e9 s\u00f3n molts els formenterers que han de viatjar cada dia a Eivissa per seguir els seus tractaments a l\u2019Hospital de Can Misses\u201d.<\/p>\n<p>\u201cLa pol\u00edtica d\u2019ampliaci\u00f3 de serveis a totes les illes de les dues darreres legislatures va minvar el nombre de persones que s\u2019han de despla\u00e7ar per raons de salut, per exemple amb la dotaci\u00f3 de serveis com el de radioter\u00e0pia a Eivissa, el que va millorar l\u2019equitat entre balears, la seva experi\u00e8ncia com a pacients i la dels seus familiars i acompanyants\u201d. No obstant aix\u00f2, i \u201ctot i que consideram indispensable continuar treballant per apropar la salut als pacients i no a l&#8217;inrev\u00e9s, \u00e9s obvi que aquesta universalitat, a causa de les necessitats dels serveis i als principis d\u2019efic\u00e0cia i efici\u00e8ncia, nom\u00e9s pot ser aconseguida completament garantint que els pacients d\u2019Eivissa, Menorca i Formentera no hagin d\u2019afrontar cap despesa econ\u00f2mica durant els seus tractaments, ja que mai es podran oferir a totes les illes els mateixos serveis\u201d.<\/p>\n<p>\u201cTot i les mesures del Govern d\u2019Espanya, la pujada de l\u2019IPC s\u2019ha vist reflectida especialment al sector serveis\u201d i \u201ca m\u00e9s a m\u00e9s, s\u2019ha de considerar que la temporada tur\u00edstica a l\u2019illa de Mallorca s\u2019ha anat ampliant i que aix\u00f2 complica la situaci\u00f3 dels pacients despla\u00e7ats a l\u2019hora de trobar allotjament a un preu adient\u201d, va explicar la diputada del PSIB-PSOE per justificar la proposta. <\/p>\n<p>A pesar d\u2019insistir a demanar l\u2019increment de les dietes dels pacients que, per obligaci\u00f3, s\u2019han de despla\u00e7ar des de la seva illa de resid\u00e8ncia per raons de salut \u201cfins a cobrir el cost real del trasllat, assegurant aix\u00ed que viure a Menorca, Eivissa o Formentera no comporti un cost econ\u00f2mic afegit\u201d, els grups que donen suport al Govern de Marga Prohens, PP i Vox, varen acabar votant en contra de la petici\u00f3 socialista.<\/p>\n","protected":false},"excerpt":{"rendered":"<p>Els grups del PP i Vox han votat en el Parlament de les Illes Balears en contra de la petici\u00f3 del PSOE d\u2019incrementar les dietes per pacient i acompanyant que s\u2019han de despla\u00e7ar a una altra illa per motius m\u00e8dics. La proposici\u00f3 no de llei del grup Socialista va ser rebutjada en la Comissi\u00f3 de&hellip;<\/p>\n","protected":false},"author":7,"featured_media":38986,"comment_status":"closed","ping_status":"closed","sticky":false,"template":"","format":"standard","meta":{"footnotes":""},"categories":[1,191],"tags":[],"class_list":["post-38985","post","type-post","status-publish","format-standard","has-post-thumbnail","hentry","category-federacio-de-eivissa-portada","category-govern-de-les-illes-balears-parlament"],"yoast_head":"<!-- This site is optimized with the Yoast SEO plugin v26.9 - https:\/\/yoast.com\/product\/yoast-seo-wordpress\/ -->\n<title>PP i Vox voten en contra de la petici\u00f3 del PSOE d\u2019incrementar les dietes per pacient i acompanyant que s\u2019han de despla\u00e7ar a una altra illa per motius m\u00e8dics - Federaci\u00f3 Socialista d&#039;Eivissa<\/title>\n<meta name=\"robots\" content=\"index, follow, max-snippet:-1, max-image-preview:large, max-video-preview:-1\" \/>\n<link rel=\"canonical\" href=\"https:\/\/www.psib-psoe.org\/eivissa\/pp-i-vox-voten-en-contra-de-la-peticio-del-psoe-dincrementar-les-dietes-per-pacient-i-acompanyant-que-shan-de-desplacar-a-una-altra-illa-per-motius-medics\/\" \/>\n<meta property=\"og:locale\" content=\"ca_ES\" \/>\n<meta property=\"og:type\" content=\"article\" \/>\n<meta property=\"og:title\" content=\"PP i Vox voten en contra de la petici\u00f3 del PSOE d\u2019incrementar les dietes per pacient i acompanyant que s\u2019han de despla\u00e7ar a una altra illa per motius m\u00e8dics - Federaci\u00f3 Socialista d&#039;Eivissa\" \/>\n<meta property=\"og:description\" content=\"Els grups del PP i Vox han votat en el Parlament de les Illes Balears en contra de la petici\u00f3 del PSOE d\u2019incrementar les dietes per pacient i acompanyant que s\u2019han de despla\u00e7ar a una altra illa per motius m\u00e8dics. La proposici\u00f3 no de llei del grup Socialista va ser rebutjada en la Comissi\u00f3 de&hellip;\" \/>\n<meta property=\"og:url\" content=\"https:\/\/www.psib-psoe.org\/eivissa\/pp-i-vox-voten-en-contra-de-la-peticio-del-psoe-dincrementar-les-dietes-per-pacient-i-acompanyant-que-shan-de-desplacar-a-una-altra-illa-per-motius-medics\/\" \/>\n<meta property=\"og:site_name\" content=\"Federaci\u00f3 Socialista d&#039;Eivissa\" \/>\n<meta property=\"article:published_time\" content=\"2024-04-11T09:45:18+00:00\" \/>\n<meta property=\"og:image\" content=\"https:\/\/www.psib-psoe.org\/eivissa\/wp-content\/uploads\/son-espases.jpeg\" \/>\n\t<meta property=\"og:image:width\" content=\"1092\" \/>\n\t<meta property=\"og:image:height\" content=\"414\" \/>\n\t<meta property=\"og:image:type\" content=\"image\/jpeg\" \/>\n<meta name=\"author\" content=\"Josep Ripoll\" \/>\n<meta name=\"twitter:card\" content=\"summary_large_image\" \/>\n<meta name=\"twitter:label1\" content=\"Escrit per\" \/>\n\t<meta name=\"twitter:data1\" content=\"Josep Ripoll\" \/>\n\t<meta name=\"twitter:label2\" content=\"Temps estimat de lectura\" \/>\n\t<meta name=\"twitter:data2\" content=\"3 minuts\" \/>\n<script type=\"application\/ld+json\" class=\"yoast-schema-graph\">{\"@context\":\"https:\/\/schema.org\",\"@graph\":[{\"@type\":[\"Article\",\"BlogPosting\"],\"@id\":\"https:\/\/www.psib-psoe.org\/eivissa\/pp-i-vox-voten-en-contra-de-la-peticio-del-psoe-dincrementar-les-dietes-per-pacient-i-acompanyant-que-shan-de-desplacar-a-una-altra-illa-per-motius-medics\/#article\",\"isPartOf\":{\"@id\":\"https:\/\/www.psib-psoe.org\/eivissa\/pp-i-vox-voten-en-contra-de-la-peticio-del-psoe-dincrementar-les-dietes-per-pacient-i-acompanyant-que-shan-de-desplacar-a-una-altra-illa-per-motius-medics\/\"},\"author\":{\"name\":\"Josep Ripoll\",\"@id\":\"https:\/\/www.psib-psoe.org\/eivissa\/#\/schema\/person\/7a9d2841fb36f32e34fc0e9b245e8117\"},\"headline\":\"PP i Vox voten en contra de la petici\u00f3 del PSOE d\u2019incrementar les dietes per pacient i acompanyant que s\u2019han de despla\u00e7ar a una altra illa per motius m\u00e8dics\",\"datePublished\":\"2024-04-11T09:45:18+00:00\",\"mainEntityOfPage\":{\"@id\":\"https:\/\/www.psib-psoe.org\/eivissa\/pp-i-vox-voten-en-contra-de-la-peticio-del-psoe-dincrementar-les-dietes-per-pacient-i-acompanyant-que-shan-de-desplacar-a-una-altra-illa-per-motius-medics\/\"},\"wordCount\":723,\"publisher\":{\"@id\":\"https:\/\/www.psib-psoe.org\/eivissa\/#organization\"},\"image\":{\"@id\":\"https:\/\/www.psib-psoe.org\/eivissa\/pp-i-vox-voten-en-contra-de-la-peticio-del-psoe-dincrementar-les-dietes-per-pacient-i-acompanyant-que-shan-de-desplacar-a-una-altra-illa-per-motius-medics\/#primaryimage\"},\"thumbnailUrl\":\"https:\/\/www.psib-psoe.org\/eivissa\/wp-content\/uploads\/son-espases.jpeg\",\"articleSection\":[\"Federaci\u00f3 d'Eivissa - Portada\",\"Govern de les Illes Balears - Parlament - PSIB-PSOE\"],\"inLanguage\":\"ca\"},{\"@type\":\"WebPage\",\"@id\":\"https:\/\/www.psib-psoe.org\/eivissa\/pp-i-vox-voten-en-contra-de-la-peticio-del-psoe-dincrementar-les-dietes-per-pacient-i-acompanyant-que-shan-de-desplacar-a-una-altra-illa-per-motius-medics\/\",\"url\":\"https:\/\/www.psib-psoe.org\/eivissa\/pp-i-vox-voten-en-contra-de-la-peticio-del-psoe-dincrementar-les-dietes-per-pacient-i-acompanyant-que-shan-de-desplacar-a-una-altra-illa-per-motius-medics\/\",\"name\":\"PP i Vox voten en contra de la petici\u00f3 del PSOE d\u2019incrementar les dietes per pacient i acompanyant que s\u2019han de despla\u00e7ar a una altra illa per motius m\u00e8dics - Federaci\u00f3 Socialista d&#039;Eivissa\",\"isPartOf\":{\"@id\":\"https:\/\/www.psib-psoe.org\/eivissa\/#website\"},\"primaryImageOfPage\":{\"@id\":\"https:\/\/www.psib-psoe.org\/eivissa\/pp-i-vox-voten-en-contra-de-la-peticio-del-psoe-dincrementar-les-dietes-per-pacient-i-acompanyant-que-shan-de-desplacar-a-una-altra-illa-per-motius-medics\/#primaryimage\"},\"image\":{\"@id\":\"https:\/\/www.psib-psoe.org\/eivissa\/pp-i-vox-voten-en-contra-de-la-peticio-del-psoe-dincrementar-les-dietes-per-pacient-i-acompanyant-que-shan-de-desplacar-a-una-altra-illa-per-motius-medics\/#primaryimage\"},\"thumbnailUrl\":\"https:\/\/www.psib-psoe.org\/eivissa\/wp-content\/uploads\/son-espases.jpeg\",\"datePublished\":\"2024-04-11T09:45:18+00:00\",\"breadcrumb\":{\"@id\":\"https:\/\/www.psib-psoe.org\/eivissa\/pp-i-vox-voten-en-contra-de-la-peticio-del-psoe-dincrementar-les-dietes-per-pacient-i-acompanyant-que-shan-de-desplacar-a-una-altra-illa-per-motius-medics\/#breadcrumb\"},\"inLanguage\":\"ca\",\"potentialAction\":[{\"@type\":\"ReadAction\",\"target\":[\"https:\/\/www.psib-psoe.org\/eivissa\/pp-i-vox-voten-en-contra-de-la-peticio-del-psoe-dincrementar-les-dietes-per-pacient-i-acompanyant-que-shan-de-desplacar-a-una-altra-illa-per-motius-medics\/\"]}]},{\"@type\":\"ImageObject\",\"inLanguage\":\"ca\",\"@id\":\"https:\/\/www.psib-psoe.org\/eivissa\/pp-i-vox-voten-en-contra-de-la-peticio-del-psoe-dincrementar-les-dietes-per-pacient-i-acompanyant-que-shan-de-desplacar-a-una-altra-illa-per-motius-medics\/#primaryimage\",\"url\":\"https:\/\/www.psib-psoe.org\/eivissa\/wp-content\/uploads\/son-espases.jpeg\",\"contentUrl\":\"https:\/\/www.psib-psoe.org\/eivissa\/wp-content\/uploads\/son-espases.jpeg\",\"width\":1092,\"height\":414},{\"@type\":\"BreadcrumbList\",\"@id\":\"https:\/\/www.psib-psoe.org\/eivissa\/pp-i-vox-voten-en-contra-de-la-peticio-del-psoe-dincrementar-les-dietes-per-pacient-i-acompanyant-que-shan-de-desplacar-a-una-altra-illa-per-motius-medics\/#breadcrumb\",\"itemListElement\":[{\"@type\":\"ListItem\",\"position\":1,\"name\":\"Inici\",\"item\":\"https:\/\/www.psib-psoe.org\/eivissa\/\"},{\"@type\":\"ListItem\",\"position\":2,\"name\":\"PP i Vox voten en contra de la petici\u00f3 del PSOE d\u2019incrementar les dietes per pacient i acompanyant que s\u2019han de despla\u00e7ar a una altra illa per motius m\u00e8dics\"}]},{\"@type\":\"WebSite\",\"@id\":\"https:\/\/www.psib-psoe.org\/eivissa\/#website\",\"url\":\"https:\/\/www.psib-psoe.org\/eivissa\/\",\"name\":\"Federaci\u00f3 Socialista d'Eivissa\",\"description\":\"Socialistes d&#039;Eivissa\",\"publisher\":{\"@id\":\"https:\/\/www.psib-psoe.org\/eivissa\/#organization\"},\"potentialAction\":[{\"@type\":\"SearchAction\",\"target\":{\"@type\":\"EntryPoint\",\"urlTemplate\":\"https:\/\/www.psib-psoe.org\/eivissa\/?s={search_term_string}\"},\"query-input\":{\"@type\":\"PropertyValueSpecification\",\"valueRequired\":true,\"valueName\":\"search_term_string\"}}],\"inLanguage\":\"ca\"},{\"@type\":\"Organization\",\"@id\":\"https:\/\/www.psib-psoe.org\/eivissa\/#organization\",\"name\":\"Federaci\u00f3 Socialista d'Eivissa\",\"url\":\"https:\/\/www.psib-psoe.org\/eivissa\/\",\"logo\":{\"@type\":\"ImageObject\",\"inLanguage\":\"ca\",\"@id\":\"https:\/\/www.psib-psoe.org\/eivissa\/#\/schema\/logo\/image\/\",\"url\":\"https:\/\/www.psib-psoe.org\/eivissa\/wp-content\/uploads\/LOGO-FSE-SOCIALISTA-DEIVISSA-HORI.png\",\"contentUrl\":\"https:\/\/www.psib-psoe.org\/eivissa\/wp-content\/uploads\/LOGO-FSE-SOCIALISTA-DEIVISSA-HORI.png\",\"width\":6000,\"height\":3104,\"caption\":\"Federaci\u00f3 Socialista d'Eivissa\"},\"image\":{\"@id\":\"https:\/\/www.psib-psoe.org\/eivissa\/#\/schema\/logo\/image\/\"}},{\"@type\":\"Person\",\"@id\":\"https:\/\/www.psib-psoe.org\/eivissa\/#\/schema\/person\/7a9d2841fb36f32e34fc0e9b245e8117\",\"name\":\"Josep Ripoll\",\"sameAs\":[\"http:\/\/www.psib-psoe.org\/eivissa\/wp-login.php\"],\"url\":\"https:\/\/www.psib-psoe.org\/eivissa\/author\/josep\/\"}]}<\/script>\n<!-- \/ Yoast SEO plugin. -->","yoast_head_json":{"title":"PP i Vox voten en contra de la petici\u00f3 del PSOE d\u2019incrementar les dietes per pacient i acompanyant que s\u2019han de despla\u00e7ar a una altra illa per motius m\u00e8dics - Federaci\u00f3 Socialista d&#039;Eivissa","robots":{"index":"index","follow":"follow","max-snippet":"max-snippet:-1","max-image-preview":"max-image-preview:large","max-video-preview":"max-video-preview:-1"},"canonical":"https:\/\/www.psib-psoe.org\/eivissa\/pp-i-vox-voten-en-contra-de-la-peticio-del-psoe-dincrementar-les-dietes-per-pacient-i-acompanyant-que-shan-de-desplacar-a-una-altra-illa-per-motius-medics\/","og_locale":"ca_ES","og_type":"article","og_title":"PP i Vox voten en contra de la petici\u00f3 del PSOE d\u2019incrementar les dietes per pacient i acompanyant que s\u2019han de despla\u00e7ar a una altra illa per motius m\u00e8dics - Federaci\u00f3 Socialista d&#039;Eivissa","og_description":"Els grups del PP i Vox han votat en el Parlament de les Illes Balears en contra de la petici\u00f3 del PSOE d\u2019incrementar les dietes per pacient i acompanyant que s\u2019han de despla\u00e7ar a una altra illa per motius m\u00e8dics. La proposici\u00f3 no de llei del grup Socialista va ser rebutjada en la Comissi\u00f3 de&hellip;","og_url":"https:\/\/www.psib-psoe.org\/eivissa\/pp-i-vox-voten-en-contra-de-la-peticio-del-psoe-dincrementar-les-dietes-per-pacient-i-acompanyant-que-shan-de-desplacar-a-una-altra-illa-per-motius-medics\/","og_site_name":"Federaci\u00f3 Socialista d&#039;Eivissa","article_published_time":"2024-04-11T09:45:18+00:00","og_image":[{"width":1092,"height":414,"url":"https:\/\/www.psib-psoe.org\/eivissa\/wp-content\/uploads\/son-espases.jpeg","type":"image\/jpeg"}],"author":"Josep Ripoll","twitter_card":"summary_large_image","twitter_misc":{"Escrit per":"Josep Ripoll","Temps estimat de lectura":"3 minuts"},"schema":{"@context":"https:\/\/schema.org","@graph":[{"@type":["Article","BlogPosting"],"@id":"https:\/\/www.psib-psoe.org\/eivissa\/pp-i-vox-voten-en-contra-de-la-peticio-del-psoe-dincrementar-les-dietes-per-pacient-i-acompanyant-que-shan-de-desplacar-a-una-altra-illa-per-motius-medics\/#article","isPartOf":{"@id":"https:\/\/www.psib-psoe.org\/eivissa\/pp-i-vox-voten-en-contra-de-la-peticio-del-psoe-dincrementar-les-dietes-per-pacient-i-acompanyant-que-shan-de-desplacar-a-una-altra-illa-per-motius-medics\/"},"author":{"name":"Josep Ripoll","@id":"https:\/\/www.psib-psoe.org\/eivissa\/#\/schema\/person\/7a9d2841fb36f32e34fc0e9b245e8117"},"headline":"PP i Vox voten en contra de la petici\u00f3 del PSOE d\u2019incrementar les dietes per pacient i acompanyant que s\u2019han de despla\u00e7ar a una altra illa per motius m\u00e8dics","datePublished":"2024-04-11T09:45:18+00:00","mainEntityOfPage":{"@id":"https:\/\/www.psib-psoe.org\/eivissa\/pp-i-vox-voten-en-contra-de-la-peticio-del-psoe-dincrementar-les-dietes-per-pacient-i-acompanyant-que-shan-de-desplacar-a-una-altra-illa-per-motius-medics\/"},"wordCount":723,"publisher":{"@id":"https:\/\/www.psib-psoe.org\/eivissa\/#organization"},"image":{"@id":"https:\/\/www.psib-psoe.org\/eivissa\/pp-i-vox-voten-en-contra-de-la-peticio-del-psoe-dincrementar-les-dietes-per-pacient-i-acompanyant-que-shan-de-desplacar-a-una-altra-illa-per-motius-medics\/#primaryimage"},"thumbnailUrl":"https:\/\/www.psib-psoe.org\/eivissa\/wp-content\/uploads\/son-espases.jpeg","articleSection":["Federaci\u00f3 d'Eivissa - Portada","Govern de les Illes Balears - Parlament - PSIB-PSOE"],"inLanguage":"ca"},{"@type":"WebPage","@id":"https:\/\/www.psib-psoe.org\/eivissa\/pp-i-vox-voten-en-contra-de-la-peticio-del-psoe-dincrementar-les-dietes-per-pacient-i-acompanyant-que-shan-de-desplacar-a-una-altra-illa-per-motius-medics\/","url":"https:\/\/www.psib-psoe.org\/eivissa\/pp-i-vox-voten-en-contra-de-la-peticio-del-psoe-dincrementar-les-dietes-per-pacient-i-acompanyant-que-shan-de-desplacar-a-una-altra-illa-per-motius-medics\/","name":"PP i Vox voten en contra de la petici\u00f3 del PSOE d\u2019incrementar les dietes per pacient i acompanyant que s\u2019han de despla\u00e7ar a una altra illa per motius m\u00e8dics - Federaci\u00f3 Socialista d&#039;Eivissa","isPartOf":{"@id":"https:\/\/www.psib-psoe.org\/eivissa\/#website"},"primaryImageOfPage":{"@id":"https:\/\/www.psib-psoe.org\/eivissa\/pp-i-vox-voten-en-contra-de-la-peticio-del-psoe-dincrementar-les-dietes-per-pacient-i-acompanyant-que-shan-de-desplacar-a-una-altra-illa-per-motius-medics\/#primaryimage"},"image":{"@id":"https:\/\/www.psib-psoe.org\/eivissa\/pp-i-vox-voten-en-contra-de-la-peticio-del-psoe-dincrementar-les-dietes-per-pacient-i-acompanyant-que-shan-de-desplacar-a-una-altra-illa-per-motius-medics\/#primaryimage"},"thumbnailUrl":"https:\/\/www.psib-psoe.org\/eivissa\/wp-content\/uploads\/son-espases.jpeg","datePublished":"2024-04-11T09:45:18+00:00","breadcrumb":{"@id":"https:\/\/www.psib-psoe.org\/eivissa\/pp-i-vox-voten-en-contra-de-la-peticio-del-psoe-dincrementar-les-dietes-per-pacient-i-acompanyant-que-shan-de-desplacar-a-una-altra-illa-per-motius-medics\/#breadcrumb"},"inLanguage":"ca","potentialAction":[{"@type":"ReadAction","target":["https:\/\/www.psib-psoe.org\/eivissa\/pp-i-vox-voten-en-contra-de-la-peticio-del-psoe-dincrementar-les-dietes-per-pacient-i-acompanyant-que-shan-de-desplacar-a-una-altra-illa-per-motius-medics\/"]}]},{"@type":"ImageObject","inLanguage":"ca","@id":"https:\/\/www.psib-psoe.org\/eivissa\/pp-i-vox-voten-en-contra-de-la-peticio-del-psoe-dincrementar-les-dietes-per-pacient-i-acompanyant-que-shan-de-desplacar-a-una-altra-illa-per-motius-medics\/#primaryimage","url":"https:\/\/www.psib-psoe.org\/eivissa\/wp-content\/uploads\/son-espases.jpeg","contentUrl":"https:\/\/www.psib-psoe.org\/eivissa\/wp-content\/uploads\/son-espases.jpeg","width":1092,"height":414},{"@type":"BreadcrumbList","@id":"https:\/\/www.psib-psoe.org\/eivissa\/pp-i-vox-voten-en-contra-de-la-peticio-del-psoe-dincrementar-les-dietes-per-pacient-i-acompanyant-que-shan-de-desplacar-a-una-altra-illa-per-motius-medics\/#breadcrumb","itemListElement":[{"@type":"ListItem","position":1,"name":"Inici","item":"https:\/\/www.psib-psoe.org\/eivissa\/"},{"@type":"ListItem","position":2,"name":"PP i Vox voten en contra de la petici\u00f3 del PSOE d\u2019incrementar les dietes per pacient i acompanyant que s\u2019han de despla\u00e7ar a una altra illa per motius m\u00e8dics"}]},{"@type":"WebSite","@id":"https:\/\/www.psib-psoe.org\/eivissa\/#website","url":"https:\/\/www.psib-psoe.org\/eivissa\/","name":"Federaci\u00f3 Socialista d'Eivissa","description":"Socialistes d&#039;Eivissa","publisher":{"@id":"https:\/\/www.psib-psoe.org\/eivissa\/#organization"},"potentialAction":[{"@type":"SearchAction","target":{"@type":"EntryPoint","urlTemplate":"https:\/\/www.psib-psoe.org\/eivissa\/?s={search_term_string}"},"query-input":{"@type":"PropertyValueSpecification","valueRequired":true,"valueName":"search_term_string"}}],"inLanguage":"ca"},{"@type":"Organization","@id":"https:\/\/www.psib-psoe.org\/eivissa\/#organization","name":"Federaci\u00f3 Socialista d'Eivissa","url":"https:\/\/www.psib-psoe.org\/eivissa\/","logo":{"@type":"ImageObject","inLanguage":"ca","@id":"https:\/\/www.psib-psoe.org\/eivissa\/#\/schema\/logo\/image\/","url":"https:\/\/www.psib-psoe.org\/eivissa\/wp-content\/uploads\/LOGO-FSE-SOCIALISTA-DEIVISSA-HORI.png","contentUrl":"https:\/\/www.psib-psoe.org\/eivissa\/wp-content\/uploads\/LOGO-FSE-SOCIALISTA-DEIVISSA-HORI.png","width":6000,"height":3104,"caption":"Federaci\u00f3 Socialista d'Eivissa"},"image":{"@id":"https:\/\/www.psib-psoe.org\/eivissa\/#\/schema\/logo\/image\/"}},{"@type":"Person","@id":"https:\/\/www.psib-psoe.org\/eivissa\/#\/schema\/person\/7a9d2841fb36f32e34fc0e9b245e8117","name":"Josep Ripoll","sameAs":["http:\/\/www.psib-psoe.org\/eivissa\/wp-login.php"],"url":"https:\/\/www.psib-psoe.org\/eivissa\/author\/josep\/"}]}},"_links":{"self":[{"href":"https:\/\/www.psib-psoe.org\/eivissa\/wp-json\/wp\/v2\/posts\/38985","targetHints":{"allow":["GET"]}}],"collection":[{"href":"https:\/\/www.psib-psoe.org\/eivissa\/wp-json\/wp\/v2\/posts"}],"about":[{"href":"https:\/\/www.psib-psoe.org\/eivissa\/wp-json\/wp\/v2\/types\/post"}],"author":[{"embeddable":true,"href":"https:\/\/www.psib-psoe.org\/eivissa\/wp-json\/wp\/v2\/users\/7"}],"replies":[{"embeddable":true,"href":"https:\/\/www.psib-psoe.org\/eivissa\/wp-json\/wp\/v2\/comments?post=38985"}],"version-history":[{"count":1,"href":"https:\/\/www.psib-psoe.org\/eivissa\/wp-json\/wp\/v2\/posts\/38985\/revisions"}],"predecessor-version":[{"id":38987,"href":"https:\/\/www.psib-psoe.org\/eivissa\/wp-json\/wp\/v2\/posts\/38985\/revisions\/38987"}],"wp:featuredmedia":[{"embeddable":true,"href":"https:\/\/www.psib-psoe.org\/eivissa\/wp-json\/wp\/v2\/media\/38986"}],"wp:attachment":[{"href":"https:\/\/www.psib-psoe.org\/eivissa\/wp-json\/wp\/v2\/media?parent=38985"}],"wp:term":[{"taxonomy":"category","embeddable":true,"href":"https:\/\/www.psib-psoe.org\/eivissa\/wp-json\/wp\/v2\/categories?post=38985"},{"taxonomy":"post_tag","embeddable":true,"href":"https:\/\/www.psib-psoe.org\/eivissa\/wp-json\/wp\/v2\/tags?post=38985"}],"curies":[{"name":"wp","href":"https:\/\/api.w.org\/{rel}","templated":true}]}}