{"id":38990,"date":"2024-04-11T18:10:00","date_gmt":"2024-04-11T16:10:00","guid":{"rendered":"https:\/\/www.psib-psoe.org\/eivissa\/?p=38990"},"modified":"2024-04-11T17:11:42","modified_gmt":"2024-04-11T15:11:42","slug":"el-psoe-demana-la-compareixenca-de-vicent-mari-a-la-comissio-dinvestigacio-del-congres-sobre-els-contractes-demergencia-de-la-pandemia","status":"publish","type":"post","link":"https:\/\/www.psib-psoe.org\/eivissa\/el-psoe-demana-la-compareixenca-de-vicent-mari-a-la-comissio-dinvestigacio-del-congres-sobre-els-contractes-demergencia-de-la-pandemia\/","title":{"rendered":"El PSOE demana la compareixen\u00e7a de Vicent Mar\u00ed a la comissi\u00f3 d\u2019investigaci\u00f3 del Congr\u00e9s sobre els contractes d\u2019emerg\u00e8ncia de la pand\u00e8mia"},"content":{"rendered":"\n<p>El PSOE demanar\u00e0 la compareixen\u00e7a de Vicent Mar\u00ed a la comissi\u00f3 d\u2019investigaci\u00f3 del Congr\u00e9s dels Diputats sobre els contractes d\u2019emerg\u00e8ncia durant la pand\u00e8mia. L\u2019objectiu de la comissi\u00f3 d\u2019investigaci\u00f3, proposada pel PSOE al Congr\u00e9s, \u00e9s investigar els procediments de contractaci\u00f3 duts a terme per les diferents administracions, com \u00e9s el cas de Vicent Mar\u00ed. El president del Consell d\u2019Eivissa est\u00e0 imputat pel Jutge per la contractaci\u00f3 d\u2019emerg\u00e8ncia d\u2019un v\u00eddeo de promoci\u00f3 tur\u00edstica de 250.000 euros a l\u2019empresa d\u2019una exregidora seua a Santa Eul\u00e0ria, en una causa en la qual Vicent Mar\u00ed tamb\u00e9 est\u00e0 denunciat per coaccions a la interventora general de la instituci\u00f3, despr\u00e9s que aquesta denunci\u00e0s les irregularitats del contracte.<\/p>\n\n\n\n<p>Per aquest mateix motiu, el PSOE tamb\u00e9 requerir\u00e0 la compareixen\u00e7a de la interventora del Consell Insular en la comissi\u00f3 d\u2019investigaci\u00f3 del Congr\u00e9s, per tal que la funcion\u00e0ria pugui expliqui els fets que varen succeir.<\/p>\n\n\n\n<p>Al Senat, el PP va vetar ahir la petici\u00f3 del senador d\u2019Eivissa i Formentera, Juanjo Ferrer, de que compareguessin tant Vicent Mar\u00ed i com la interventora del Consell en la comissi\u00f3 que tamb\u00e9 s\u2019ha obert a la cambra alta per investigar contractes d\u2019emerg\u00e8ncia durant la pand\u00e8mia.&nbsp;<\/p>\n\n\n\n<p>No oblidem que, en el seu moment, el PP ja va votar en contra de la petici\u00f3 de l\u2019oposici\u00f3 de la creaci\u00f3 d\u2019una comissi\u00f3 d\u2019investigaci\u00f3 del Consell Insular sobre els contractes d\u2019emerg\u00e8ncia fets durant la pand\u00e8mia. Al Senat, aprofitant la seua majoria absoluta, el PP ho ha tornat a vetar.<\/p>\n\n\n\n<p>Compareixen\u00e7a de Marga Prohens, Miguel Tellado, Jacobo Pombo i Javier Ure\u00f1a<\/p>\n\n\n\n<p>El PSIB-PSOE tamb\u00e9 demanar\u00e0 la compareixen\u00e7a a la comissi\u00f3 d\u2019investigaci\u00f3 del Congr\u00e9s dels Diputats de Marga Prohens, Miguel Tellado, Jacobo Pombo i Javier Ure\u00f1a en relaci\u00f3 amb la caducitat de l\u2019expedient de reclamaci\u00f3 de les mascaretes.&nbsp;<\/p>\n\n\n\n<p>Per als socialistes, els principals dubtes es troben en la gesti\u00f3 del Govern actual, el qual hauria deixat caducar l\u2019expedient en els mateixos terminis que pretenia la trama, segons les gravacions que consten a l\u2019auto del jutge de l\u2019Audi\u00e8ncia Nacional.&nbsp;<\/p>\n\n\n\n<p>Per aix\u00f2, el Partit Socialista demanar\u00e0 la compareixen\u00e7a al Congr\u00e9s de la presidenta del Govern, Marga Prohens, amb l\u2019objectiu d\u2019esbrinar si va donar l\u2019ordre de deixar morir la reclamaci\u00f3 de les mascaretes tal com hauria demanat la trama al portaveu del PP al Congr\u00e9s i n\u00famero 2 de Feij\u00f3o, Miguel Tellado, el qual tamb\u00e9 ser\u00e0 citat.&nbsp;<\/p>\n\n\n\n<p>Una dels principals ombres de dubte que queden per resoldre \u00e9s la connexi\u00f3 entre Jacobo Pombo, aconseguidor de la trama, i els actuals responsables del PP, per la qual cosa haur\u00e0 de compar\u00e8ixer al Congr\u00e9s per explicar el seu paper en la p\u00e8rdua de l\u2019expedient de reclamaci\u00f3.&nbsp;<\/p>\n\n\n\n<p>Els socialistes tamb\u00e9 citaran a l\u2019actual responsable de l\u2019IBSalut, Javier Ure\u00f1a, responsable d\u2019haver desistit de l\u2019expedient de reclamaci\u00f3, d\u2019haver-lo deixat caducar i d\u2019haver iniciat una revisi\u00f3 d\u2019ofici, nom\u00e9s amb la seva signatura i sense cap aval t\u00e8cnic ni jur\u00eddic, ni del Servei de Salut ni de l\u2019Advocacia de la Comunitat Aut\u00f2noma.&nbsp;<\/p>\n\n\n\n<p>Precisament, pel fet que una vegada el cas era p\u00fablic va modificar el termini de caducitat de l\u2019expedient de 3 a 8 mesos, tamb\u00e9 ser\u00e0 citada a compar\u00e8ixer Laura Montserrat, cap de departament de contractaci\u00f3 del Servei de Salut.&nbsp;<\/p>\n\n\n\n<p>Finalment, des del primer moment el PSIB-PSOE ha denunciat el silenci de l\u2019Advocacia de la comunitat aut\u00f2noma en relaci\u00f3 amb la reclamaci\u00f3 dels 2,68 milions d\u2019euros, pel fet que en cap moment ha em\u00e8s cap informe que avali que l\u2019expedient no ha caducat, tal com continua defensant el Govern de Prohens. Per aix\u00f2, hauran de compar\u00e8ixer l\u2019actual directora de l\u2019Advocacia, Ant\u00f2nia Perell\u00f3, i el seu director adjunt, Jos\u00e9 Ram\u00f3n Ahicart.&nbsp;<\/p>\n\n\n\n<p>Tal com ha defensat des del primer moment el PSIB-PSOE, l\u2019objectiu de la formaci\u00f3 \u00e9s col\u00b7laborar des de la m\u00e0xima transpar\u00e8ncia en l\u2019aclariment de possibles dubtes pel que fa a la compra de material sanitari en el pitjor moment de la pand\u00e8mia, des del convenciment que tot es va fer com tocava, des de la legalitat i amb la fiscalitzaci\u00f3 tant de l\u2019Oficina Anticorrupci\u00f3 i la intervenci\u00f3 de la comunitat aut\u00f2noma.&nbsp;<\/p>\n\n\n\n<p>Aix\u00ed, el PSOE demanar\u00e0 la compareixen\u00e7a de l\u2019expresidenta del Govern, Francina Armengol, de l\u2019exportaveu del Govern, Iago Negueruela, i dels dos exdirectors generals del Servei de Salut, Juli Fuster i Manuel Palomino.&nbsp;<\/p>\n","protected":false},"excerpt":{"rendered":"<p>El PSOE demanar\u00e0 la compareixen\u00e7a de Vicent Mar\u00ed a la comissi\u00f3 d\u2019investigaci\u00f3 del Congr\u00e9s dels Diputats sobre els contractes d\u2019emerg\u00e8ncia durant la pand\u00e8mia. L\u2019objectiu de la comissi\u00f3 d\u2019investigaci\u00f3, proposada pel PSOE al Congr\u00e9s, \u00e9s investigar els procediments de contractaci\u00f3 duts a terme per les diferents administracions, com \u00e9s el cas de Vicent Mar\u00ed. El president&hellip;<\/p>\n","protected":false},"author":7,"featured_media":36661,"comment_status":"closed","ping_status":"closed","sticky":false,"template":"","format":"standard","meta":{"footnotes":""},"categories":[192,1,190],"tags":[],"class_list":["post-38990","post","type-post","status-publish","format-standard","has-post-thumbnail","hentry","category-consell-deivissa","category-federacio-de-eivissa-portada","category-govern-despanya-congres-senat"],"yoast_head":"<!-- This site is optimized with the Yoast SEO plugin v26.9 - https:\/\/yoast.com\/product\/yoast-seo-wordpress\/ -->\n<title>El PSOE demana la compareixen\u00e7a de Vicent Mar\u00ed a la comissi\u00f3 d\u2019investigaci\u00f3 del Congr\u00e9s sobre els contractes d\u2019emerg\u00e8ncia de la pand\u00e8mia - Federaci\u00f3 Socialista d&#039;Eivissa<\/title>\n<meta name=\"robots\" content=\"index, follow, max-snippet:-1, max-image-preview:large, max-video-preview:-1\" \/>\n<link rel=\"canonical\" href=\"https:\/\/www.psib-psoe.org\/eivissa\/el-psoe-demana-la-compareixenca-de-vicent-mari-a-la-comissio-dinvestigacio-del-congres-sobre-els-contractes-demergencia-de-la-pandemia\/\" \/>\n<meta property=\"og:locale\" content=\"ca_ES\" \/>\n<meta property=\"og:type\" content=\"article\" \/>\n<meta property=\"og:title\" content=\"El PSOE demana la compareixen\u00e7a de Vicent Mar\u00ed a la comissi\u00f3 d\u2019investigaci\u00f3 del Congr\u00e9s sobre els contractes d\u2019emerg\u00e8ncia de la pand\u00e8mia - Federaci\u00f3 Socialista d&#039;Eivissa\" \/>\n<meta property=\"og:description\" content=\"El PSOE demanar\u00e0 la compareixen\u00e7a de Vicent Mar\u00ed a la comissi\u00f3 d\u2019investigaci\u00f3 del Congr\u00e9s dels Diputats sobre els contractes d\u2019emerg\u00e8ncia durant la pand\u00e8mia. L\u2019objectiu de la comissi\u00f3 d\u2019investigaci\u00f3, proposada pel PSOE al Congr\u00e9s, \u00e9s investigar els procediments de contractaci\u00f3 duts a terme per les diferents administracions, com \u00e9s el cas de Vicent Mar\u00ed. El president&hellip;\" \/>\n<meta property=\"og:url\" content=\"https:\/\/www.psib-psoe.org\/eivissa\/el-psoe-demana-la-compareixenca-de-vicent-mari-a-la-comissio-dinvestigacio-del-congres-sobre-els-contractes-demergencia-de-la-pandemia\/\" \/>\n<meta property=\"og:site_name\" content=\"Federaci\u00f3 Socialista d&#039;Eivissa\" \/>\n<meta property=\"article:published_time\" content=\"2024-04-11T16:10:00+00:00\" \/>\n<meta property=\"og:image\" content=\"https:\/\/www.psib-psoe.org\/eivissa\/wp-content\/uploads\/LOGO-FSE-SOCIALISTA-DEIVISSA-HORI.png\" \/>\n\t<meta property=\"og:image:width\" content=\"6000\" \/>\n\t<meta property=\"og:image:height\" content=\"3104\" \/>\n\t<meta property=\"og:image:type\" content=\"image\/png\" \/>\n<meta name=\"author\" content=\"Josep Ripoll\" \/>\n<meta name=\"twitter:card\" content=\"summary_large_image\" \/>\n<meta name=\"twitter:label1\" content=\"Escrit per\" \/>\n\t<meta name=\"twitter:data1\" content=\"Josep Ripoll\" \/>\n\t<meta name=\"twitter:label2\" content=\"Temps estimat de lectura\" \/>\n\t<meta name=\"twitter:data2\" content=\"4 minuts\" \/>\n<script type=\"application\/ld+json\" class=\"yoast-schema-graph\">{\"@context\":\"https:\/\/schema.org\",\"@graph\":[{\"@type\":[\"Article\",\"BlogPosting\"],\"@id\":\"https:\/\/www.psib-psoe.org\/eivissa\/el-psoe-demana-la-compareixenca-de-vicent-mari-a-la-comissio-dinvestigacio-del-congres-sobre-els-contractes-demergencia-de-la-pandemia\/#article\",\"isPartOf\":{\"@id\":\"https:\/\/www.psib-psoe.org\/eivissa\/el-psoe-demana-la-compareixenca-de-vicent-mari-a-la-comissio-dinvestigacio-del-congres-sobre-els-contractes-demergencia-de-la-pandemia\/\"},\"author\":{\"name\":\"Josep Ripoll\",\"@id\":\"https:\/\/www.psib-psoe.org\/eivissa\/#\/schema\/person\/7a9d2841fb36f32e34fc0e9b245e8117\"},\"headline\":\"El PSOE demana la compareixen\u00e7a de Vicent Mar\u00ed a la comissi\u00f3 d\u2019investigaci\u00f3 del Congr\u00e9s sobre els contractes d\u2019emerg\u00e8ncia de la pand\u00e8mia\",\"datePublished\":\"2024-04-11T16:10:00+00:00\",\"mainEntityOfPage\":{\"@id\":\"https:\/\/www.psib-psoe.org\/eivissa\/el-psoe-demana-la-compareixenca-de-vicent-mari-a-la-comissio-dinvestigacio-del-congres-sobre-els-contractes-demergencia-de-la-pandemia\/\"},\"wordCount\":820,\"publisher\":{\"@id\":\"https:\/\/www.psib-psoe.org\/eivissa\/#organization\"},\"image\":{\"@id\":\"https:\/\/www.psib-psoe.org\/eivissa\/el-psoe-demana-la-compareixenca-de-vicent-mari-a-la-comissio-dinvestigacio-del-congres-sobre-els-contractes-demergencia-de-la-pandemia\/#primaryimage\"},\"thumbnailUrl\":\"https:\/\/www.psib-psoe.org\/eivissa\/wp-content\/uploads\/LOGO-FSE-SOCIALISTA-DEIVISSA-HORI.png\",\"articleSection\":[\"Consell d'Eivissa\",\"Federaci\u00f3 d'Eivissa - Portada\",\"Govern d'Espanya - Congr\u00e9s - Senat - PSOE Federal\"],\"inLanguage\":\"ca\"},{\"@type\":\"WebPage\",\"@id\":\"https:\/\/www.psib-psoe.org\/eivissa\/el-psoe-demana-la-compareixenca-de-vicent-mari-a-la-comissio-dinvestigacio-del-congres-sobre-els-contractes-demergencia-de-la-pandemia\/\",\"url\":\"https:\/\/www.psib-psoe.org\/eivissa\/el-psoe-demana-la-compareixenca-de-vicent-mari-a-la-comissio-dinvestigacio-del-congres-sobre-els-contractes-demergencia-de-la-pandemia\/\",\"name\":\"El PSOE demana la compareixen\u00e7a de Vicent Mar\u00ed a la comissi\u00f3 d\u2019investigaci\u00f3 del Congr\u00e9s sobre els contractes d\u2019emerg\u00e8ncia de la pand\u00e8mia - Federaci\u00f3 Socialista d&#039;Eivissa\",\"isPartOf\":{\"@id\":\"https:\/\/www.psib-psoe.org\/eivissa\/#website\"},\"primaryImageOfPage\":{\"@id\":\"https:\/\/www.psib-psoe.org\/eivissa\/el-psoe-demana-la-compareixenca-de-vicent-mari-a-la-comissio-dinvestigacio-del-congres-sobre-els-contractes-demergencia-de-la-pandemia\/#primaryimage\"},\"image\":{\"@id\":\"https:\/\/www.psib-psoe.org\/eivissa\/el-psoe-demana-la-compareixenca-de-vicent-mari-a-la-comissio-dinvestigacio-del-congres-sobre-els-contractes-demergencia-de-la-pandemia\/#primaryimage\"},\"thumbnailUrl\":\"https:\/\/www.psib-psoe.org\/eivissa\/wp-content\/uploads\/LOGO-FSE-SOCIALISTA-DEIVISSA-HORI.png\",\"datePublished\":\"2024-04-11T16:10:00+00:00\",\"breadcrumb\":{\"@id\":\"https:\/\/www.psib-psoe.org\/eivissa\/el-psoe-demana-la-compareixenca-de-vicent-mari-a-la-comissio-dinvestigacio-del-congres-sobre-els-contractes-demergencia-de-la-pandemia\/#breadcrumb\"},\"inLanguage\":\"ca\",\"potentialAction\":[{\"@type\":\"ReadAction\",\"target\":[\"https:\/\/www.psib-psoe.org\/eivissa\/el-psoe-demana-la-compareixenca-de-vicent-mari-a-la-comissio-dinvestigacio-del-congres-sobre-els-contractes-demergencia-de-la-pandemia\/\"]}]},{\"@type\":\"ImageObject\",\"inLanguage\":\"ca\",\"@id\":\"https:\/\/www.psib-psoe.org\/eivissa\/el-psoe-demana-la-compareixenca-de-vicent-mari-a-la-comissio-dinvestigacio-del-congres-sobre-els-contractes-demergencia-de-la-pandemia\/#primaryimage\",\"url\":\"https:\/\/www.psib-psoe.org\/eivissa\/wp-content\/uploads\/LOGO-FSE-SOCIALISTA-DEIVISSA-HORI.png\",\"contentUrl\":\"https:\/\/www.psib-psoe.org\/eivissa\/wp-content\/uploads\/LOGO-FSE-SOCIALISTA-DEIVISSA-HORI.png\",\"width\":6000,\"height\":3104},{\"@type\":\"BreadcrumbList\",\"@id\":\"https:\/\/www.psib-psoe.org\/eivissa\/el-psoe-demana-la-compareixenca-de-vicent-mari-a-la-comissio-dinvestigacio-del-congres-sobre-els-contractes-demergencia-de-la-pandemia\/#breadcrumb\",\"itemListElement\":[{\"@type\":\"ListItem\",\"position\":1,\"name\":\"Inici\",\"item\":\"https:\/\/www.psib-psoe.org\/eivissa\/\"},{\"@type\":\"ListItem\",\"position\":2,\"name\":\"El PSOE demana la compareixen\u00e7a de Vicent Mar\u00ed a la comissi\u00f3 d\u2019investigaci\u00f3 del Congr\u00e9s sobre els contractes d\u2019emerg\u00e8ncia de la pand\u00e8mia\"}]},{\"@type\":\"WebSite\",\"@id\":\"https:\/\/www.psib-psoe.org\/eivissa\/#website\",\"url\":\"https:\/\/www.psib-psoe.org\/eivissa\/\",\"name\":\"Federaci\u00f3 Socialista d'Eivissa\",\"description\":\"Socialistes d&#039;Eivissa\",\"publisher\":{\"@id\":\"https:\/\/www.psib-psoe.org\/eivissa\/#organization\"},\"potentialAction\":[{\"@type\":\"SearchAction\",\"target\":{\"@type\":\"EntryPoint\",\"urlTemplate\":\"https:\/\/www.psib-psoe.org\/eivissa\/?s={search_term_string}\"},\"query-input\":{\"@type\":\"PropertyValueSpecification\",\"valueRequired\":true,\"valueName\":\"search_term_string\"}}],\"inLanguage\":\"ca\"},{\"@type\":\"Organization\",\"@id\":\"https:\/\/www.psib-psoe.org\/eivissa\/#organization\",\"name\":\"Federaci\u00f3 Socialista d'Eivissa\",\"url\":\"https:\/\/www.psib-psoe.org\/eivissa\/\",\"logo\":{\"@type\":\"ImageObject\",\"inLanguage\":\"ca\",\"@id\":\"https:\/\/www.psib-psoe.org\/eivissa\/#\/schema\/logo\/image\/\",\"url\":\"https:\/\/www.psib-psoe.org\/eivissa\/wp-content\/uploads\/LOGO-FSE-SOCIALISTA-DEIVISSA-HORI.png\",\"contentUrl\":\"https:\/\/www.psib-psoe.org\/eivissa\/wp-content\/uploads\/LOGO-FSE-SOCIALISTA-DEIVISSA-HORI.png\",\"width\":6000,\"height\":3104,\"caption\":\"Federaci\u00f3 Socialista d'Eivissa\"},\"image\":{\"@id\":\"https:\/\/www.psib-psoe.org\/eivissa\/#\/schema\/logo\/image\/\"}},{\"@type\":\"Person\",\"@id\":\"https:\/\/www.psib-psoe.org\/eivissa\/#\/schema\/person\/7a9d2841fb36f32e34fc0e9b245e8117\",\"name\":\"Josep Ripoll\",\"sameAs\":[\"http:\/\/www.psib-psoe.org\/eivissa\/wp-login.php\"],\"url\":\"https:\/\/www.psib-psoe.org\/eivissa\/author\/josep\/\"}]}<\/script>\n<!-- \/ Yoast SEO plugin. -->","yoast_head_json":{"title":"El PSOE demana la compareixen\u00e7a de Vicent Mar\u00ed a la comissi\u00f3 d\u2019investigaci\u00f3 del Congr\u00e9s sobre els contractes d\u2019emerg\u00e8ncia de la pand\u00e8mia - Federaci\u00f3 Socialista d&#039;Eivissa","robots":{"index":"index","follow":"follow","max-snippet":"max-snippet:-1","max-image-preview":"max-image-preview:large","max-video-preview":"max-video-preview:-1"},"canonical":"https:\/\/www.psib-psoe.org\/eivissa\/el-psoe-demana-la-compareixenca-de-vicent-mari-a-la-comissio-dinvestigacio-del-congres-sobre-els-contractes-demergencia-de-la-pandemia\/","og_locale":"ca_ES","og_type":"article","og_title":"El PSOE demana la compareixen\u00e7a de Vicent Mar\u00ed a la comissi\u00f3 d\u2019investigaci\u00f3 del Congr\u00e9s sobre els contractes d\u2019emerg\u00e8ncia de la pand\u00e8mia - Federaci\u00f3 Socialista d&#039;Eivissa","og_description":"El PSOE demanar\u00e0 la compareixen\u00e7a de Vicent Mar\u00ed a la comissi\u00f3 d\u2019investigaci\u00f3 del Congr\u00e9s dels Diputats sobre els contractes d\u2019emerg\u00e8ncia durant la pand\u00e8mia. L\u2019objectiu de la comissi\u00f3 d\u2019investigaci\u00f3, proposada pel PSOE al Congr\u00e9s, \u00e9s investigar els procediments de contractaci\u00f3 duts a terme per les diferents administracions, com \u00e9s el cas de Vicent Mar\u00ed. El president&hellip;","og_url":"https:\/\/www.psib-psoe.org\/eivissa\/el-psoe-demana-la-compareixenca-de-vicent-mari-a-la-comissio-dinvestigacio-del-congres-sobre-els-contractes-demergencia-de-la-pandemia\/","og_site_name":"Federaci\u00f3 Socialista d&#039;Eivissa","article_published_time":"2024-04-11T16:10:00+00:00","og_image":[{"width":6000,"height":3104,"url":"https:\/\/www.psib-psoe.org\/eivissa\/wp-content\/uploads\/LOGO-FSE-SOCIALISTA-DEIVISSA-HORI.png","type":"image\/png"}],"author":"Josep Ripoll","twitter_card":"summary_large_image","twitter_misc":{"Escrit per":"Josep Ripoll","Temps estimat de lectura":"4 minuts"},"schema":{"@context":"https:\/\/schema.org","@graph":[{"@type":["Article","BlogPosting"],"@id":"https:\/\/www.psib-psoe.org\/eivissa\/el-psoe-demana-la-compareixenca-de-vicent-mari-a-la-comissio-dinvestigacio-del-congres-sobre-els-contractes-demergencia-de-la-pandemia\/#article","isPartOf":{"@id":"https:\/\/www.psib-psoe.org\/eivissa\/el-psoe-demana-la-compareixenca-de-vicent-mari-a-la-comissio-dinvestigacio-del-congres-sobre-els-contractes-demergencia-de-la-pandemia\/"},"author":{"name":"Josep Ripoll","@id":"https:\/\/www.psib-psoe.org\/eivissa\/#\/schema\/person\/7a9d2841fb36f32e34fc0e9b245e8117"},"headline":"El PSOE demana la compareixen\u00e7a de Vicent Mar\u00ed a la comissi\u00f3 d\u2019investigaci\u00f3 del Congr\u00e9s sobre els contractes d\u2019emerg\u00e8ncia de la pand\u00e8mia","datePublished":"2024-04-11T16:10:00+00:00","mainEntityOfPage":{"@id":"https:\/\/www.psib-psoe.org\/eivissa\/el-psoe-demana-la-compareixenca-de-vicent-mari-a-la-comissio-dinvestigacio-del-congres-sobre-els-contractes-demergencia-de-la-pandemia\/"},"wordCount":820,"publisher":{"@id":"https:\/\/www.psib-psoe.org\/eivissa\/#organization"},"image":{"@id":"https:\/\/www.psib-psoe.org\/eivissa\/el-psoe-demana-la-compareixenca-de-vicent-mari-a-la-comissio-dinvestigacio-del-congres-sobre-els-contractes-demergencia-de-la-pandemia\/#primaryimage"},"thumbnailUrl":"https:\/\/www.psib-psoe.org\/eivissa\/wp-content\/uploads\/LOGO-FSE-SOCIALISTA-DEIVISSA-HORI.png","articleSection":["Consell d'Eivissa","Federaci\u00f3 d'Eivissa - Portada","Govern d'Espanya - Congr\u00e9s - Senat - PSOE Federal"],"inLanguage":"ca"},{"@type":"WebPage","@id":"https:\/\/www.psib-psoe.org\/eivissa\/el-psoe-demana-la-compareixenca-de-vicent-mari-a-la-comissio-dinvestigacio-del-congres-sobre-els-contractes-demergencia-de-la-pandemia\/","url":"https:\/\/www.psib-psoe.org\/eivissa\/el-psoe-demana-la-compareixenca-de-vicent-mari-a-la-comissio-dinvestigacio-del-congres-sobre-els-contractes-demergencia-de-la-pandemia\/","name":"El PSOE demana la compareixen\u00e7a de Vicent Mar\u00ed a la comissi\u00f3 d\u2019investigaci\u00f3 del Congr\u00e9s sobre els contractes d\u2019emerg\u00e8ncia de la pand\u00e8mia - Federaci\u00f3 Socialista d&#039;Eivissa","isPartOf":{"@id":"https:\/\/www.psib-psoe.org\/eivissa\/#website"},"primaryImageOfPage":{"@id":"https:\/\/www.psib-psoe.org\/eivissa\/el-psoe-demana-la-compareixenca-de-vicent-mari-a-la-comissio-dinvestigacio-del-congres-sobre-els-contractes-demergencia-de-la-pandemia\/#primaryimage"},"image":{"@id":"https:\/\/www.psib-psoe.org\/eivissa\/el-psoe-demana-la-compareixenca-de-vicent-mari-a-la-comissio-dinvestigacio-del-congres-sobre-els-contractes-demergencia-de-la-pandemia\/#primaryimage"},"thumbnailUrl":"https:\/\/www.psib-psoe.org\/eivissa\/wp-content\/uploads\/LOGO-FSE-SOCIALISTA-DEIVISSA-HORI.png","datePublished":"2024-04-11T16:10:00+00:00","breadcrumb":{"@id":"https:\/\/www.psib-psoe.org\/eivissa\/el-psoe-demana-la-compareixenca-de-vicent-mari-a-la-comissio-dinvestigacio-del-congres-sobre-els-contractes-demergencia-de-la-pandemia\/#breadcrumb"},"inLanguage":"ca","potentialAction":[{"@type":"ReadAction","target":["https:\/\/www.psib-psoe.org\/eivissa\/el-psoe-demana-la-compareixenca-de-vicent-mari-a-la-comissio-dinvestigacio-del-congres-sobre-els-contractes-demergencia-de-la-pandemia\/"]}]},{"@type":"ImageObject","inLanguage":"ca","@id":"https:\/\/www.psib-psoe.org\/eivissa\/el-psoe-demana-la-compareixenca-de-vicent-mari-a-la-comissio-dinvestigacio-del-congres-sobre-els-contractes-demergencia-de-la-pandemia\/#primaryimage","url":"https:\/\/www.psib-psoe.org\/eivissa\/wp-content\/uploads\/LOGO-FSE-SOCIALISTA-DEIVISSA-HORI.png","contentUrl":"https:\/\/www.psib-psoe.org\/eivissa\/wp-content\/uploads\/LOGO-FSE-SOCIALISTA-DEIVISSA-HORI.png","width":6000,"height":3104},{"@type":"BreadcrumbList","@id":"https:\/\/www.psib-psoe.org\/eivissa\/el-psoe-demana-la-compareixenca-de-vicent-mari-a-la-comissio-dinvestigacio-del-congres-sobre-els-contractes-demergencia-de-la-pandemia\/#breadcrumb","itemListElement":[{"@type":"ListItem","position":1,"name":"Inici","item":"https:\/\/www.psib-psoe.org\/eivissa\/"},{"@type":"ListItem","position":2,"name":"El PSOE demana la compareixen\u00e7a de Vicent Mar\u00ed a la comissi\u00f3 d\u2019investigaci\u00f3 del Congr\u00e9s sobre els contractes d\u2019emerg\u00e8ncia de la pand\u00e8mia"}]},{"@type":"WebSite","@id":"https:\/\/www.psib-psoe.org\/eivissa\/#website","url":"https:\/\/www.psib-psoe.org\/eivissa\/","name":"Federaci\u00f3 Socialista d'Eivissa","description":"Socialistes d&#039;Eivissa","publisher":{"@id":"https:\/\/www.psib-psoe.org\/eivissa\/#organization"},"potentialAction":[{"@type":"SearchAction","target":{"@type":"EntryPoint","urlTemplate":"https:\/\/www.psib-psoe.org\/eivissa\/?s={search_term_string}"},"query-input":{"@type":"PropertyValueSpecification","valueRequired":true,"valueName":"search_term_string"}}],"inLanguage":"ca"},{"@type":"Organization","@id":"https:\/\/www.psib-psoe.org\/eivissa\/#organization","name":"Federaci\u00f3 Socialista d'Eivissa","url":"https:\/\/www.psib-psoe.org\/eivissa\/","logo":{"@type":"ImageObject","inLanguage":"ca","@id":"https:\/\/www.psib-psoe.org\/eivissa\/#\/schema\/logo\/image\/","url":"https:\/\/www.psib-psoe.org\/eivissa\/wp-content\/uploads\/LOGO-FSE-SOCIALISTA-DEIVISSA-HORI.png","contentUrl":"https:\/\/www.psib-psoe.org\/eivissa\/wp-content\/uploads\/LOGO-FSE-SOCIALISTA-DEIVISSA-HORI.png","width":6000,"height":3104,"caption":"Federaci\u00f3 Socialista d'Eivissa"},"image":{"@id":"https:\/\/www.psib-psoe.org\/eivissa\/#\/schema\/logo\/image\/"}},{"@type":"Person","@id":"https:\/\/www.psib-psoe.org\/eivissa\/#\/schema\/person\/7a9d2841fb36f32e34fc0e9b245e8117","name":"Josep Ripoll","sameAs":["http:\/\/www.psib-psoe.org\/eivissa\/wp-login.php"],"url":"https:\/\/www.psib-psoe.org\/eivissa\/author\/josep\/"}]}},"_links":{"self":[{"href":"https:\/\/www.psib-psoe.org\/eivissa\/wp-json\/wp\/v2\/posts\/38990","targetHints":{"allow":["GET"]}}],"collection":[{"href":"https:\/\/www.psib-psoe.org\/eivissa\/wp-json\/wp\/v2\/posts"}],"about":[{"href":"https:\/\/www.psib-psoe.org\/eivissa\/wp-json\/wp\/v2\/types\/post"}],"author":[{"embeddable":true,"href":"https:\/\/www.psib-psoe.org\/eivissa\/wp-json\/wp\/v2\/users\/7"}],"replies":[{"embeddable":true,"href":"https:\/\/www.psib-psoe.org\/eivissa\/wp-json\/wp\/v2\/comments?post=38990"}],"version-history":[{"count":1,"href":"https:\/\/www.psib-psoe.org\/eivissa\/wp-json\/wp\/v2\/posts\/38990\/revisions"}],"predecessor-version":[{"id":38991,"href":"https:\/\/www.psib-psoe.org\/eivissa\/wp-json\/wp\/v2\/posts\/38990\/revisions\/38991"}],"wp:featuredmedia":[{"embeddable":true,"href":"https:\/\/www.psib-psoe.org\/eivissa\/wp-json\/wp\/v2\/media\/36661"}],"wp:attachment":[{"href":"https:\/\/www.psib-psoe.org\/eivissa\/wp-json\/wp\/v2\/media?parent=38990"}],"wp:term":[{"taxonomy":"category","embeddable":true,"href":"https:\/\/www.psib-psoe.org\/eivissa\/wp-json\/wp\/v2\/categories?post=38990"},{"taxonomy":"post_tag","embeddable":true,"href":"https:\/\/www.psib-psoe.org\/eivissa\/wp-json\/wp\/v2\/tags?post=38990"}],"curies":[{"name":"wp","href":"https:\/\/api.w.org\/{rel}","templated":true}]}}