{"id":39014,"date":"2024-04-17T17:02:19","date_gmt":"2024-04-17T15:02:19","guid":{"rendered":"https:\/\/www.psib-psoe.org\/eivissa\/?p=39014"},"modified":"2024-04-17T17:02:20","modified_gmt":"2024-04-17T15:02:20","slug":"el-pp-vota-en-contra-de-la-proposta-del-psoe-dincorporar-educadors-fisics-en-atencio-primaria-del-sistema-public-de-salut","status":"publish","type":"post","link":"https:\/\/www.psib-psoe.org\/eivissa\/el-pp-vota-en-contra-de-la-proposta-del-psoe-dincorporar-educadors-fisics-en-atencio-primaria-del-sistema-public-de-salut\/","title":{"rendered":"El PP vota en contra de la proposta del PSOE d&#8217;incorporar educadors f\u00edsics en atenci\u00f3 prim\u00e0ria del sistema p\u00fablic de salut"},"content":{"rendered":"\n<p>El Parlament de les Illes Balears ha rebutjat avui, amb els vots en contra del PP, la proposta del PSOE d&#8217;instar el Govern balear a incorporar educadors f\u00edsics en l\u2019\u00e0mbit de l\u2019atenci\u00f3 prim\u00e0ria del sistema p\u00fablic de salut. La proposici\u00f3 no de llei socialista l\u2019ha defensat el diputat eivissenc del PSIB-PSOE Marco Guerrero a la Comissi\u00f3 de Salut del Parlament: \u201cRespon a una necessitat d\u2019intentar sempre, des de les institucions, de cercar f\u00f3rmules per a millorar la qualitat dels serveis p\u00fablics\u201d i \u201cestablir un canvi de paradigma en l\u2019atenci\u00f3 prim\u00e0ria per incidir en la prevenci\u00f3, la promoci\u00f3 i la rehabilitaci\u00f3 de la salut\u201d. Com ha defensat, \u201cla incorporaci\u00f3 de l\u2019educador f\u00edsic al sistema de Salut ha de servir per a complir amb aquests objectius\u201d, ja que \u201cl&#8217;activitat f\u00edsica \u00e9s un pilar fonamental en la prevenci\u00f3 de malalties i de la promoci\u00f3 de la salut\u201d.&nbsp;<\/p>\n\n\n\n<p><br \/>El diputat ha recordat que diversos estudis cient\u00edfics han demostrat que un estil de vida actiu redueix significativament el risc de desenvolupar malalties cr\u00f2niques com la diabetis, l&#8217;obesitat o les malalties cardiovasculars; \u00e9s m\u00e9s, en aquests casos, l&#8217;exercici pot contribuir a la rehabilitaci\u00f3 parcial o, incl\u00f2s, completa.<\/p>\n\n\n\n<p>\u201cI no nom\u00e9s es tracta de beneficis f\u00edsics, l&#8217;activitat f\u00edsica regular tamb\u00e9 contribueix a la salut mental, millorant l&#8217;estat d&#8217;\u00e0nim i reduint els nivells d&#8217;estr\u00e8s i ansietat. \u00c9s per tots aquestos poderosos motius que la nostra iniciativa proposa un model de salut preventiva on l&#8217;educador f\u00edsic esportiu esdev\u00e9 un agent de salut m\u00e9s dins de l&#8217;equip d&#8217;atenci\u00f3 prim\u00e0ria\u201d.&nbsp;<\/p>\n\n\n\n<p>Marco Guerrero tamb\u00e9 ha manifestat que \u201c\u00e9s fonamental insistir la import\u00e0ncia de sensibilitzar la nostra poblaci\u00f3 sobre els beneficis de l&#8217;activitat f\u00edsica\u201d i, en aquesta l\u00ednia, \u201cla incorporaci\u00f3 d&#8217;educadors f\u00edsics en els centres d&#8217;atenci\u00f3 prim\u00e0ria potenciar\u00e0 les campanyes educatives i de conscienciaci\u00f3 sobre estils de vida saludables\u201d.<\/p>\n\n\n\n<p>\u201cVull que quedi const\u00e0ncia que l\u2019escenari ideal seria que aquest nou servei actu\u00e0s com a punt de trobada on els ciutadans puguin obtenir informaci\u00f3 fiable i suport continu sobre com integrar l&#8217;exercici en la seva vida di\u00e0ria de manera segura i adaptada a les seves necessitats\u201d, ha explicat, destacant que \u201cl&#8217;educador f\u00edsic hauria d&#8217;actuar com a enlla\u00e7 entre els pacients i els professionals de la salut, facilitant una millor comunicaci\u00f3 i comprensi\u00f3 dels beneficis integrals de l&#8217;activitat f\u00edsica\u201d.<\/p>\n\n\n\n<p>En resum, el PSOE considera que \u201cla integraci\u00f3 d&#8217;educadors f\u00edsics en l&#8217;atenci\u00f3 prim\u00e0ria pot representar un aven\u00e7 significatiu en el nostre enfocament cap a una salut m\u00e9s preventiva i menys reactiva\u201d, establint \u201cun abans i un despr\u00e9s en la manera en qu\u00e8 abordem les condicions de salut prevalents en la nostra societat\u201d.<\/p>\n\n\n\n<p>A pesar de totes aquestes explicacions, el PP ha decidit votar-hi en contra.<\/p>\n\n\n\n<p>La proposta que s\u00ed s\u2019ha aprovat, despr\u00e9s de ser consensuada, \u00e9s \u201cinstar el Govern a impulsar la implantaci\u00f3 d&#8217;un programa de Prescripci\u00f3 d&#8217;Exercici F\u00edsic (PEF) en el qual es coordinin els professionals sanitaris, els educadors f\u00edsics esportius (EFEs), i les institucions p\u00fabliques de les Balears per dissenyar, implementar i avaluar un programa de PEF.\u201d<\/p>\n","protected":false},"excerpt":{"rendered":"<p>El Parlament de les Illes Balears ha rebutjat avui, amb els vots en contra del PP, la proposta del PSOE d&#8217;instar el Govern balear a incorporar educadors f\u00edsics en l\u2019\u00e0mbit de l\u2019atenci\u00f3 prim\u00e0ria del sistema p\u00fablic de salut. La proposici\u00f3 no de llei socialista l\u2019ha defensat el diputat eivissenc del PSIB-PSOE Marco Guerrero a la&hellip;<\/p>\n","protected":false},"author":7,"featured_media":39013,"comment_status":"closed","ping_status":"closed","sticky":false,"template":"","format":"standard","meta":{"footnotes":""},"categories":[1,191],"tags":[],"class_list":["post-39014","post","type-post","status-publish","format-standard","has-post-thumbnail","hentry","category-federacio-de-eivissa-portada","category-govern-de-les-illes-balears-parlament"],"yoast_head":"<!-- This site is optimized with the Yoast SEO plugin v26.9 - https:\/\/yoast.com\/product\/yoast-seo-wordpress\/ -->\n<title>El PP vota en contra de la proposta del PSOE d&#039;incorporar educadors f\u00edsics en atenci\u00f3 prim\u00e0ria del sistema p\u00fablic de salut - Federaci\u00f3 Socialista d&#039;Eivissa<\/title>\n<meta name=\"robots\" content=\"index, follow, max-snippet:-1, max-image-preview:large, max-video-preview:-1\" \/>\n<link rel=\"canonical\" href=\"https:\/\/www.psib-psoe.org\/eivissa\/el-pp-vota-en-contra-de-la-proposta-del-psoe-dincorporar-educadors-fisics-en-atencio-primaria-del-sistema-public-de-salut\/\" \/>\n<meta property=\"og:locale\" content=\"ca_ES\" \/>\n<meta property=\"og:type\" content=\"article\" \/>\n<meta property=\"og:title\" content=\"El PP vota en contra de la proposta del PSOE d&#039;incorporar educadors f\u00edsics en atenci\u00f3 prim\u00e0ria del sistema p\u00fablic de salut - Federaci\u00f3 Socialista d&#039;Eivissa\" \/>\n<meta property=\"og:description\" content=\"El Parlament de les Illes Balears ha rebutjat avui, amb els vots en contra del PP, la proposta del PSOE d&#8217;instar el Govern balear a incorporar educadors f\u00edsics en l\u2019\u00e0mbit de l\u2019atenci\u00f3 prim\u00e0ria del sistema p\u00fablic de salut. La proposici\u00f3 no de llei socialista l\u2019ha defensat el diputat eivissenc del PSIB-PSOE Marco Guerrero a la&hellip;\" \/>\n<meta property=\"og:url\" content=\"https:\/\/www.psib-psoe.org\/eivissa\/el-pp-vota-en-contra-de-la-proposta-del-psoe-dincorporar-educadors-fisics-en-atencio-primaria-del-sistema-public-de-salut\/\" \/>\n<meta property=\"og:site_name\" content=\"Federaci\u00f3 Socialista d&#039;Eivissa\" \/>\n<meta property=\"article:published_time\" content=\"2024-04-17T15:02:19+00:00\" \/>\n<meta property=\"article:modified_time\" content=\"2024-04-17T15:02:20+00:00\" \/>\n<meta property=\"og:image\" content=\"https:\/\/www.psib-psoe.org\/eivissa\/wp-content\/uploads\/ca370c5e-ecda-4d00-9a37-f20c01696b69-1.jpg\" \/>\n\t<meta property=\"og:image:width\" content=\"1140\" \/>\n\t<meta property=\"og:image:height\" content=\"855\" \/>\n\t<meta property=\"og:image:type\" content=\"image\/jpeg\" \/>\n<meta name=\"author\" content=\"Josep Ripoll\" \/>\n<meta name=\"twitter:card\" content=\"summary_large_image\" \/>\n<meta name=\"twitter:label1\" content=\"Escrit per\" \/>\n\t<meta name=\"twitter:data1\" content=\"Josep Ripoll\" \/>\n\t<meta name=\"twitter:label2\" content=\"Temps estimat de lectura\" \/>\n\t<meta name=\"twitter:data2\" content=\"3 minuts\" \/>\n<script type=\"application\/ld+json\" class=\"yoast-schema-graph\">{\"@context\":\"https:\/\/schema.org\",\"@graph\":[{\"@type\":[\"Article\",\"BlogPosting\"],\"@id\":\"https:\/\/www.psib-psoe.org\/eivissa\/el-pp-vota-en-contra-de-la-proposta-del-psoe-dincorporar-educadors-fisics-en-atencio-primaria-del-sistema-public-de-salut\/#article\",\"isPartOf\":{\"@id\":\"https:\/\/www.psib-psoe.org\/eivissa\/el-pp-vota-en-contra-de-la-proposta-del-psoe-dincorporar-educadors-fisics-en-atencio-primaria-del-sistema-public-de-salut\/\"},\"author\":{\"name\":\"Josep Ripoll\",\"@id\":\"https:\/\/www.psib-psoe.org\/eivissa\/#\/schema\/person\/7a9d2841fb36f32e34fc0e9b245e8117\"},\"headline\":\"El PP vota en contra de la proposta del PSOE d&#8217;incorporar educadors f\u00edsics en atenci\u00f3 prim\u00e0ria del sistema p\u00fablic de salut\",\"datePublished\":\"2024-04-17T15:02:19+00:00\",\"dateModified\":\"2024-04-17T15:02:20+00:00\",\"mainEntityOfPage\":{\"@id\":\"https:\/\/www.psib-psoe.org\/eivissa\/el-pp-vota-en-contra-de-la-proposta-del-psoe-dincorporar-educadors-fisics-en-atencio-primaria-del-sistema-public-de-salut\/\"},\"wordCount\":565,\"publisher\":{\"@id\":\"https:\/\/www.psib-psoe.org\/eivissa\/#organization\"},\"image\":{\"@id\":\"https:\/\/www.psib-psoe.org\/eivissa\/el-pp-vota-en-contra-de-la-proposta-del-psoe-dincorporar-educadors-fisics-en-atencio-primaria-del-sistema-public-de-salut\/#primaryimage\"},\"thumbnailUrl\":\"https:\/\/www.psib-psoe.org\/eivissa\/wp-content\/uploads\/ca370c5e-ecda-4d00-9a37-f20c01696b69-1.jpg\",\"articleSection\":[\"Federaci\u00f3 d'Eivissa - Portada\",\"Govern de les Illes Balears - Parlament - PSIB-PSOE\"],\"inLanguage\":\"ca\"},{\"@type\":\"WebPage\",\"@id\":\"https:\/\/www.psib-psoe.org\/eivissa\/el-pp-vota-en-contra-de-la-proposta-del-psoe-dincorporar-educadors-fisics-en-atencio-primaria-del-sistema-public-de-salut\/\",\"url\":\"https:\/\/www.psib-psoe.org\/eivissa\/el-pp-vota-en-contra-de-la-proposta-del-psoe-dincorporar-educadors-fisics-en-atencio-primaria-del-sistema-public-de-salut\/\",\"name\":\"El PP vota en contra de la proposta del PSOE d'incorporar educadors f\u00edsics en atenci\u00f3 prim\u00e0ria del sistema p\u00fablic de salut - Federaci\u00f3 Socialista d&#039;Eivissa\",\"isPartOf\":{\"@id\":\"https:\/\/www.psib-psoe.org\/eivissa\/#website\"},\"primaryImageOfPage\":{\"@id\":\"https:\/\/www.psib-psoe.org\/eivissa\/el-pp-vota-en-contra-de-la-proposta-del-psoe-dincorporar-educadors-fisics-en-atencio-primaria-del-sistema-public-de-salut\/#primaryimage\"},\"image\":{\"@id\":\"https:\/\/www.psib-psoe.org\/eivissa\/el-pp-vota-en-contra-de-la-proposta-del-psoe-dincorporar-educadors-fisics-en-atencio-primaria-del-sistema-public-de-salut\/#primaryimage\"},\"thumbnailUrl\":\"https:\/\/www.psib-psoe.org\/eivissa\/wp-content\/uploads\/ca370c5e-ecda-4d00-9a37-f20c01696b69-1.jpg\",\"datePublished\":\"2024-04-17T15:02:19+00:00\",\"dateModified\":\"2024-04-17T15:02:20+00:00\",\"breadcrumb\":{\"@id\":\"https:\/\/www.psib-psoe.org\/eivissa\/el-pp-vota-en-contra-de-la-proposta-del-psoe-dincorporar-educadors-fisics-en-atencio-primaria-del-sistema-public-de-salut\/#breadcrumb\"},\"inLanguage\":\"ca\",\"potentialAction\":[{\"@type\":\"ReadAction\",\"target\":[\"https:\/\/www.psib-psoe.org\/eivissa\/el-pp-vota-en-contra-de-la-proposta-del-psoe-dincorporar-educadors-fisics-en-atencio-primaria-del-sistema-public-de-salut\/\"]}]},{\"@type\":\"ImageObject\",\"inLanguage\":\"ca\",\"@id\":\"https:\/\/www.psib-psoe.org\/eivissa\/el-pp-vota-en-contra-de-la-proposta-del-psoe-dincorporar-educadors-fisics-en-atencio-primaria-del-sistema-public-de-salut\/#primaryimage\",\"url\":\"https:\/\/www.psib-psoe.org\/eivissa\/wp-content\/uploads\/ca370c5e-ecda-4d00-9a37-f20c01696b69-1.jpg\",\"contentUrl\":\"https:\/\/www.psib-psoe.org\/eivissa\/wp-content\/uploads\/ca370c5e-ecda-4d00-9a37-f20c01696b69-1.jpg\",\"width\":1140,\"height\":855},{\"@type\":\"BreadcrumbList\",\"@id\":\"https:\/\/www.psib-psoe.org\/eivissa\/el-pp-vota-en-contra-de-la-proposta-del-psoe-dincorporar-educadors-fisics-en-atencio-primaria-del-sistema-public-de-salut\/#breadcrumb\",\"itemListElement\":[{\"@type\":\"ListItem\",\"position\":1,\"name\":\"Inici\",\"item\":\"https:\/\/www.psib-psoe.org\/eivissa\/\"},{\"@type\":\"ListItem\",\"position\":2,\"name\":\"El PP vota en contra de la proposta del PSOE d&#8217;incorporar educadors f\u00edsics en atenci\u00f3 prim\u00e0ria del sistema p\u00fablic de salut\"}]},{\"@type\":\"WebSite\",\"@id\":\"https:\/\/www.psib-psoe.org\/eivissa\/#website\",\"url\":\"https:\/\/www.psib-psoe.org\/eivissa\/\",\"name\":\"Federaci\u00f3 Socialista d'Eivissa\",\"description\":\"Socialistes d&#039;Eivissa\",\"publisher\":{\"@id\":\"https:\/\/www.psib-psoe.org\/eivissa\/#organization\"},\"potentialAction\":[{\"@type\":\"SearchAction\",\"target\":{\"@type\":\"EntryPoint\",\"urlTemplate\":\"https:\/\/www.psib-psoe.org\/eivissa\/?s={search_term_string}\"},\"query-input\":{\"@type\":\"PropertyValueSpecification\",\"valueRequired\":true,\"valueName\":\"search_term_string\"}}],\"inLanguage\":\"ca\"},{\"@type\":\"Organization\",\"@id\":\"https:\/\/www.psib-psoe.org\/eivissa\/#organization\",\"name\":\"Federaci\u00f3 Socialista d'Eivissa\",\"url\":\"https:\/\/www.psib-psoe.org\/eivissa\/\",\"logo\":{\"@type\":\"ImageObject\",\"inLanguage\":\"ca\",\"@id\":\"https:\/\/www.psib-psoe.org\/eivissa\/#\/schema\/logo\/image\/\",\"url\":\"https:\/\/www.psib-psoe.org\/eivissa\/wp-content\/uploads\/LOGO-FSE-SOCIALISTA-DEIVISSA-HORI.png\",\"contentUrl\":\"https:\/\/www.psib-psoe.org\/eivissa\/wp-content\/uploads\/LOGO-FSE-SOCIALISTA-DEIVISSA-HORI.png\",\"width\":6000,\"height\":3104,\"caption\":\"Federaci\u00f3 Socialista d'Eivissa\"},\"image\":{\"@id\":\"https:\/\/www.psib-psoe.org\/eivissa\/#\/schema\/logo\/image\/\"}},{\"@type\":\"Person\",\"@id\":\"https:\/\/www.psib-psoe.org\/eivissa\/#\/schema\/person\/7a9d2841fb36f32e34fc0e9b245e8117\",\"name\":\"Josep Ripoll\",\"sameAs\":[\"http:\/\/www.psib-psoe.org\/eivissa\/wp-login.php\"],\"url\":\"https:\/\/www.psib-psoe.org\/eivissa\/author\/josep\/\"}]}<\/script>\n<!-- \/ Yoast SEO plugin. -->","yoast_head_json":{"title":"El PP vota en contra de la proposta del PSOE d'incorporar educadors f\u00edsics en atenci\u00f3 prim\u00e0ria del sistema p\u00fablic de salut - Federaci\u00f3 Socialista d&#039;Eivissa","robots":{"index":"index","follow":"follow","max-snippet":"max-snippet:-1","max-image-preview":"max-image-preview:large","max-video-preview":"max-video-preview:-1"},"canonical":"https:\/\/www.psib-psoe.org\/eivissa\/el-pp-vota-en-contra-de-la-proposta-del-psoe-dincorporar-educadors-fisics-en-atencio-primaria-del-sistema-public-de-salut\/","og_locale":"ca_ES","og_type":"article","og_title":"El PP vota en contra de la proposta del PSOE d'incorporar educadors f\u00edsics en atenci\u00f3 prim\u00e0ria del sistema p\u00fablic de salut - Federaci\u00f3 Socialista d&#039;Eivissa","og_description":"El Parlament de les Illes Balears ha rebutjat avui, amb els vots en contra del PP, la proposta del PSOE d&#8217;instar el Govern balear a incorporar educadors f\u00edsics en l\u2019\u00e0mbit de l\u2019atenci\u00f3 prim\u00e0ria del sistema p\u00fablic de salut. La proposici\u00f3 no de llei socialista l\u2019ha defensat el diputat eivissenc del PSIB-PSOE Marco Guerrero a la&hellip;","og_url":"https:\/\/www.psib-psoe.org\/eivissa\/el-pp-vota-en-contra-de-la-proposta-del-psoe-dincorporar-educadors-fisics-en-atencio-primaria-del-sistema-public-de-salut\/","og_site_name":"Federaci\u00f3 Socialista d&#039;Eivissa","article_published_time":"2024-04-17T15:02:19+00:00","article_modified_time":"2024-04-17T15:02:20+00:00","og_image":[{"width":1140,"height":855,"url":"https:\/\/www.psib-psoe.org\/eivissa\/wp-content\/uploads\/ca370c5e-ecda-4d00-9a37-f20c01696b69-1.jpg","type":"image\/jpeg"}],"author":"Josep Ripoll","twitter_card":"summary_large_image","twitter_misc":{"Escrit per":"Josep Ripoll","Temps estimat de lectura":"3 minuts"},"schema":{"@context":"https:\/\/schema.org","@graph":[{"@type":["Article","BlogPosting"],"@id":"https:\/\/www.psib-psoe.org\/eivissa\/el-pp-vota-en-contra-de-la-proposta-del-psoe-dincorporar-educadors-fisics-en-atencio-primaria-del-sistema-public-de-salut\/#article","isPartOf":{"@id":"https:\/\/www.psib-psoe.org\/eivissa\/el-pp-vota-en-contra-de-la-proposta-del-psoe-dincorporar-educadors-fisics-en-atencio-primaria-del-sistema-public-de-salut\/"},"author":{"name":"Josep Ripoll","@id":"https:\/\/www.psib-psoe.org\/eivissa\/#\/schema\/person\/7a9d2841fb36f32e34fc0e9b245e8117"},"headline":"El PP vota en contra de la proposta del PSOE d&#8217;incorporar educadors f\u00edsics en atenci\u00f3 prim\u00e0ria del sistema p\u00fablic de salut","datePublished":"2024-04-17T15:02:19+00:00","dateModified":"2024-04-17T15:02:20+00:00","mainEntityOfPage":{"@id":"https:\/\/www.psib-psoe.org\/eivissa\/el-pp-vota-en-contra-de-la-proposta-del-psoe-dincorporar-educadors-fisics-en-atencio-primaria-del-sistema-public-de-salut\/"},"wordCount":565,"publisher":{"@id":"https:\/\/www.psib-psoe.org\/eivissa\/#organization"},"image":{"@id":"https:\/\/www.psib-psoe.org\/eivissa\/el-pp-vota-en-contra-de-la-proposta-del-psoe-dincorporar-educadors-fisics-en-atencio-primaria-del-sistema-public-de-salut\/#primaryimage"},"thumbnailUrl":"https:\/\/www.psib-psoe.org\/eivissa\/wp-content\/uploads\/ca370c5e-ecda-4d00-9a37-f20c01696b69-1.jpg","articleSection":["Federaci\u00f3 d'Eivissa - Portada","Govern de les Illes Balears - Parlament - PSIB-PSOE"],"inLanguage":"ca"},{"@type":"WebPage","@id":"https:\/\/www.psib-psoe.org\/eivissa\/el-pp-vota-en-contra-de-la-proposta-del-psoe-dincorporar-educadors-fisics-en-atencio-primaria-del-sistema-public-de-salut\/","url":"https:\/\/www.psib-psoe.org\/eivissa\/el-pp-vota-en-contra-de-la-proposta-del-psoe-dincorporar-educadors-fisics-en-atencio-primaria-del-sistema-public-de-salut\/","name":"El PP vota en contra de la proposta del PSOE d'incorporar educadors f\u00edsics en atenci\u00f3 prim\u00e0ria del sistema p\u00fablic de salut - Federaci\u00f3 Socialista d&#039;Eivissa","isPartOf":{"@id":"https:\/\/www.psib-psoe.org\/eivissa\/#website"},"primaryImageOfPage":{"@id":"https:\/\/www.psib-psoe.org\/eivissa\/el-pp-vota-en-contra-de-la-proposta-del-psoe-dincorporar-educadors-fisics-en-atencio-primaria-del-sistema-public-de-salut\/#primaryimage"},"image":{"@id":"https:\/\/www.psib-psoe.org\/eivissa\/el-pp-vota-en-contra-de-la-proposta-del-psoe-dincorporar-educadors-fisics-en-atencio-primaria-del-sistema-public-de-salut\/#primaryimage"},"thumbnailUrl":"https:\/\/www.psib-psoe.org\/eivissa\/wp-content\/uploads\/ca370c5e-ecda-4d00-9a37-f20c01696b69-1.jpg","datePublished":"2024-04-17T15:02:19+00:00","dateModified":"2024-04-17T15:02:20+00:00","breadcrumb":{"@id":"https:\/\/www.psib-psoe.org\/eivissa\/el-pp-vota-en-contra-de-la-proposta-del-psoe-dincorporar-educadors-fisics-en-atencio-primaria-del-sistema-public-de-salut\/#breadcrumb"},"inLanguage":"ca","potentialAction":[{"@type":"ReadAction","target":["https:\/\/www.psib-psoe.org\/eivissa\/el-pp-vota-en-contra-de-la-proposta-del-psoe-dincorporar-educadors-fisics-en-atencio-primaria-del-sistema-public-de-salut\/"]}]},{"@type":"ImageObject","inLanguage":"ca","@id":"https:\/\/www.psib-psoe.org\/eivissa\/el-pp-vota-en-contra-de-la-proposta-del-psoe-dincorporar-educadors-fisics-en-atencio-primaria-del-sistema-public-de-salut\/#primaryimage","url":"https:\/\/www.psib-psoe.org\/eivissa\/wp-content\/uploads\/ca370c5e-ecda-4d00-9a37-f20c01696b69-1.jpg","contentUrl":"https:\/\/www.psib-psoe.org\/eivissa\/wp-content\/uploads\/ca370c5e-ecda-4d00-9a37-f20c01696b69-1.jpg","width":1140,"height":855},{"@type":"BreadcrumbList","@id":"https:\/\/www.psib-psoe.org\/eivissa\/el-pp-vota-en-contra-de-la-proposta-del-psoe-dincorporar-educadors-fisics-en-atencio-primaria-del-sistema-public-de-salut\/#breadcrumb","itemListElement":[{"@type":"ListItem","position":1,"name":"Inici","item":"https:\/\/www.psib-psoe.org\/eivissa\/"},{"@type":"ListItem","position":2,"name":"El PP vota en contra de la proposta del PSOE d&#8217;incorporar educadors f\u00edsics en atenci\u00f3 prim\u00e0ria del sistema p\u00fablic de salut"}]},{"@type":"WebSite","@id":"https:\/\/www.psib-psoe.org\/eivissa\/#website","url":"https:\/\/www.psib-psoe.org\/eivissa\/","name":"Federaci\u00f3 Socialista d'Eivissa","description":"Socialistes d&#039;Eivissa","publisher":{"@id":"https:\/\/www.psib-psoe.org\/eivissa\/#organization"},"potentialAction":[{"@type":"SearchAction","target":{"@type":"EntryPoint","urlTemplate":"https:\/\/www.psib-psoe.org\/eivissa\/?s={search_term_string}"},"query-input":{"@type":"PropertyValueSpecification","valueRequired":true,"valueName":"search_term_string"}}],"inLanguage":"ca"},{"@type":"Organization","@id":"https:\/\/www.psib-psoe.org\/eivissa\/#organization","name":"Federaci\u00f3 Socialista d'Eivissa","url":"https:\/\/www.psib-psoe.org\/eivissa\/","logo":{"@type":"ImageObject","inLanguage":"ca","@id":"https:\/\/www.psib-psoe.org\/eivissa\/#\/schema\/logo\/image\/","url":"https:\/\/www.psib-psoe.org\/eivissa\/wp-content\/uploads\/LOGO-FSE-SOCIALISTA-DEIVISSA-HORI.png","contentUrl":"https:\/\/www.psib-psoe.org\/eivissa\/wp-content\/uploads\/LOGO-FSE-SOCIALISTA-DEIVISSA-HORI.png","width":6000,"height":3104,"caption":"Federaci\u00f3 Socialista d'Eivissa"},"image":{"@id":"https:\/\/www.psib-psoe.org\/eivissa\/#\/schema\/logo\/image\/"}},{"@type":"Person","@id":"https:\/\/www.psib-psoe.org\/eivissa\/#\/schema\/person\/7a9d2841fb36f32e34fc0e9b245e8117","name":"Josep Ripoll","sameAs":["http:\/\/www.psib-psoe.org\/eivissa\/wp-login.php"],"url":"https:\/\/www.psib-psoe.org\/eivissa\/author\/josep\/"}]}},"_links":{"self":[{"href":"https:\/\/www.psib-psoe.org\/eivissa\/wp-json\/wp\/v2\/posts\/39014","targetHints":{"allow":["GET"]}}],"collection":[{"href":"https:\/\/www.psib-psoe.org\/eivissa\/wp-json\/wp\/v2\/posts"}],"about":[{"href":"https:\/\/www.psib-psoe.org\/eivissa\/wp-json\/wp\/v2\/types\/post"}],"author":[{"embeddable":true,"href":"https:\/\/www.psib-psoe.org\/eivissa\/wp-json\/wp\/v2\/users\/7"}],"replies":[{"embeddable":true,"href":"https:\/\/www.psib-psoe.org\/eivissa\/wp-json\/wp\/v2\/comments?post=39014"}],"version-history":[{"count":1,"href":"https:\/\/www.psib-psoe.org\/eivissa\/wp-json\/wp\/v2\/posts\/39014\/revisions"}],"predecessor-version":[{"id":39015,"href":"https:\/\/www.psib-psoe.org\/eivissa\/wp-json\/wp\/v2\/posts\/39014\/revisions\/39015"}],"wp:featuredmedia":[{"embeddable":true,"href":"https:\/\/www.psib-psoe.org\/eivissa\/wp-json\/wp\/v2\/media\/39013"}],"wp:attachment":[{"href":"https:\/\/www.psib-psoe.org\/eivissa\/wp-json\/wp\/v2\/media?parent=39014"}],"wp:term":[{"taxonomy":"category","embeddable":true,"href":"https:\/\/www.psib-psoe.org\/eivissa\/wp-json\/wp\/v2\/categories?post=39014"},{"taxonomy":"post_tag","embeddable":true,"href":"https:\/\/www.psib-psoe.org\/eivissa\/wp-json\/wp\/v2\/tags?post=39014"}],"curies":[{"name":"wp","href":"https:\/\/api.w.org\/{rel}","templated":true}]}}