{"id":39108,"date":"2024-04-29T13:45:24","date_gmt":"2024-04-29T11:45:24","guid":{"rendered":"https:\/\/www.psib-psoe.org\/eivissa\/?p=39108"},"modified":"2024-04-29T13:45:24","modified_gmt":"2024-04-29T11:45:24","slug":"la-federacio-socialista-deivissa-manifesta-la-seua-satisfaccio-per-la-continuitat-de-pedro-sanchez-en-favor-dun-nou-temps-de-feina-progres-i-per-seguir-avancant","status":"publish","type":"post","link":"https:\/\/www.psib-psoe.org\/eivissa\/la-federacio-socialista-deivissa-manifesta-la-seua-satisfaccio-per-la-continuitat-de-pedro-sanchez-en-favor-dun-nou-temps-de-feina-progres-i-per-seguir-avancant\/","title":{"rendered":"La Federaci\u00f3 Socialista d\u2019Eivissa manifesta la seua satisfacci\u00f3 per la continu\u00eftat de Pedro S\u00e1nchez en favor \u201cd\u2019un nou temps de feina, progr\u00e9s i per seguir avan\u00e7ant\u201d"},"content":{"rendered":"<p>\u201cEn nom dels Socialistes d&#8217;Eivissa com a secretari general, per\u00f2 tamb\u00e9 a nivell personal, expressar satisfacci\u00f3 que tenim avui tots, perqu\u00e8 al final, Pedro S\u00e1nchez com a president del Govern, continu\u00ef exercint aquest c\u00e0rrec\u201d. Aix\u00ed ho ha manifestat Josep Mar\u00ed Ribas, \u2018Agustinet\u2019, qui considera que els dies de reflexi\u00f3 personal de Pedro S\u00e1nchez s\u2019ha convertit en \u201cuna reflexi\u00f3 col\u00b7lectiva per veure si ens estem equivocant en la manera de fer pol\u00edtica en aquest pa\u00eds\u201d, ja que \u201cno pot ser que embrutem sempre\u201d. \u201cJo fa molt de temps que ho veig i pens que aix\u00f2 no \u00e9s una manera bona de fer pol\u00edtica, perqu\u00e8 a la gent no li agrada\u201d. <\/p>\n<p>\u201cA partir d&#8217;avui comen\u00e7am un temps de feina, de progr\u00e9s i de seguir avan\u00e7ant en les pol\u00edtiques socials en el nostre pa\u00eds, presidits per qui \u00e9s president d&#8217;aquest govern, amb tota la legitimitat democr\u00e0tica que li han donat les urnes, li ha donat el Parlament i que seguir\u00e0 fent feina per molts anys en aquest pa\u00eds nostre\u201d.<\/p>\n<p>La diputada eivissenca del PSOE al Congr\u00e9s, Milena Herrera, ha manifestat que \u201c\u00e9s una molt bona not\u00edcia que el president del Govern hagi pres la decisi\u00f3 de continuar endavant i, com diu ell, amb m\u00e9s for\u00e7a que mai\u201d. <\/p>\n<p>\u201cAix\u00f2 \u00e9s una vict\u00f2ria democr\u00e0tica, no \u00e9s nom\u00e9s una bona not\u00edcia per als progressistes i els socialistes, sin\u00f3 per a tothom que creu que els governs els decideixen a les urnes i no amb campanyes de difamaci\u00f3, d&#8217;assetjament i \u2018bulos\u2019 constants i continus\u201d. <\/p>\n<p>La diputada tamb\u00e9 ha volgut \u201cagrair la mobilitzaci\u00f3 ciutadana que s&#8217;ha produ\u00eft els darrers dies, que ha estat exemplar\u201d i ha reiterat \u201ctot el nostre suport al president en el projecte i la nostra determinaci\u00f3 de fer de la pol\u00edtica all\u00f2 que sempre hauria de ser un lloc on es confronten idees, projectes i no s&#8217;hi permeten ni mentides ni difamacions constants\u201d. <\/p>\n<p>\u201cEn aix\u00f2 estam: Seguirem posant damunt la taula propostes i projectes per millorar la vida de la gent, com \u00e9s sempre el nostre objectiu\u201d, ha destacat la diputada eivissenca.<\/p>\n","protected":false},"excerpt":{"rendered":"<p>\u201cEn nom dels Socialistes d&#8217;Eivissa com a secretari general, per\u00f2 tamb\u00e9 a nivell personal, expressar satisfacci\u00f3 que tenim avui tots, perqu\u00e8 al final, Pedro S\u00e1nchez com a president del Govern, continu\u00ef exercint aquest c\u00e0rrec\u201d. Aix\u00ed ho ha manifestat Josep Mar\u00ed Ribas, \u2018Agustinet\u2019, qui considera que els dies de reflexi\u00f3 personal de Pedro S\u00e1nchez s\u2019ha convertit&hellip;<\/p>\n","protected":false},"author":7,"featured_media":37757,"comment_status":"closed","ping_status":"closed","sticky":false,"template":"","format":"standard","meta":{"footnotes":""},"categories":[1,212,190],"tags":[],"class_list":["post-39108","post","type-post","status-publish","format-standard","has-post-thumbnail","hentry","category-federacio-de-eivissa-portada","category-fse-psoe","category-govern-despanya-congres-senat"],"yoast_head":"<!-- This site is optimized with the Yoast SEO plugin v26.9 - https:\/\/yoast.com\/product\/yoast-seo-wordpress\/ -->\n<title>La Federaci\u00f3 Socialista d\u2019Eivissa manifesta la seua satisfacci\u00f3 per la continu\u00eftat de Pedro S\u00e1nchez en favor \u201cd\u2019un nou temps de feina, progr\u00e9s i per seguir avan\u00e7ant\u201d - Federaci\u00f3 Socialista d&#039;Eivissa<\/title>\n<meta name=\"robots\" content=\"index, follow, max-snippet:-1, max-image-preview:large, max-video-preview:-1\" \/>\n<link rel=\"canonical\" href=\"https:\/\/www.psib-psoe.org\/eivissa\/la-federacio-socialista-deivissa-manifesta-la-seua-satisfaccio-per-la-continuitat-de-pedro-sanchez-en-favor-dun-nou-temps-de-feina-progres-i-per-seguir-avancant\/\" \/>\n<meta property=\"og:locale\" content=\"ca_ES\" \/>\n<meta property=\"og:type\" content=\"article\" \/>\n<meta property=\"og:title\" content=\"La Federaci\u00f3 Socialista d\u2019Eivissa manifesta la seua satisfacci\u00f3 per la continu\u00eftat de Pedro S\u00e1nchez en favor \u201cd\u2019un nou temps de feina, progr\u00e9s i per seguir avan\u00e7ant\u201d - Federaci\u00f3 Socialista d&#039;Eivissa\" \/>\n<meta property=\"og:description\" content=\"\u201cEn nom dels Socialistes d&#8217;Eivissa com a secretari general, per\u00f2 tamb\u00e9 a nivell personal, expressar satisfacci\u00f3 que tenim avui tots, perqu\u00e8 al final, Pedro S\u00e1nchez com a president del Govern, continu\u00ef exercint aquest c\u00e0rrec\u201d. Aix\u00ed ho ha manifestat Josep Mar\u00ed Ribas, \u2018Agustinet\u2019, qui considera que els dies de reflexi\u00f3 personal de Pedro S\u00e1nchez s\u2019ha convertit&hellip;\" \/>\n<meta property=\"og:url\" content=\"https:\/\/www.psib-psoe.org\/eivissa\/la-federacio-socialista-deivissa-manifesta-la-seua-satisfaccio-per-la-continuitat-de-pedro-sanchez-en-favor-dun-nou-temps-de-feina-progres-i-per-seguir-avancant\/\" \/>\n<meta property=\"og:site_name\" content=\"Federaci\u00f3 Socialista d&#039;Eivissa\" \/>\n<meta property=\"article:published_time\" content=\"2024-04-29T11:45:24+00:00\" \/>\n<meta property=\"og:image\" content=\"https:\/\/www.psib-psoe.org\/eivissa\/wp-content\/uploads\/GL170523575_web.jpg\" \/>\n\t<meta property=\"og:image:width\" content=\"2000\" \/>\n\t<meta property=\"og:image:height\" content=\"1500\" \/>\n\t<meta property=\"og:image:type\" content=\"image\/jpeg\" \/>\n<meta name=\"author\" content=\"Josep Ripoll\" \/>\n<meta name=\"twitter:card\" content=\"summary_large_image\" \/>\n<meta name=\"twitter:label1\" content=\"Escrit per\" \/>\n\t<meta name=\"twitter:data1\" content=\"Josep Ripoll\" \/>\n\t<meta name=\"twitter:label2\" content=\"Temps estimat de lectura\" \/>\n\t<meta name=\"twitter:data2\" content=\"2 minuts\" \/>\n<script type=\"application\/ld+json\" class=\"yoast-schema-graph\">{\"@context\":\"https:\/\/schema.org\",\"@graph\":[{\"@type\":[\"Article\",\"BlogPosting\"],\"@id\":\"https:\/\/www.psib-psoe.org\/eivissa\/la-federacio-socialista-deivissa-manifesta-la-seua-satisfaccio-per-la-continuitat-de-pedro-sanchez-en-favor-dun-nou-temps-de-feina-progres-i-per-seguir-avancant\/#article\",\"isPartOf\":{\"@id\":\"https:\/\/www.psib-psoe.org\/eivissa\/la-federacio-socialista-deivissa-manifesta-la-seua-satisfaccio-per-la-continuitat-de-pedro-sanchez-en-favor-dun-nou-temps-de-feina-progres-i-per-seguir-avancant\/\"},\"author\":{\"name\":\"Josep Ripoll\",\"@id\":\"https:\/\/www.psib-psoe.org\/eivissa\/#\/schema\/person\/7a9d2841fb36f32e34fc0e9b245e8117\"},\"headline\":\"La Federaci\u00f3 Socialista d\u2019Eivissa manifesta la seua satisfacci\u00f3 per la continu\u00eftat de Pedro S\u00e1nchez en favor \u201cd\u2019un nou temps de feina, progr\u00e9s i per seguir avan\u00e7ant\u201d\",\"datePublished\":\"2024-04-29T11:45:24+00:00\",\"mainEntityOfPage\":{\"@id\":\"https:\/\/www.psib-psoe.org\/eivissa\/la-federacio-socialista-deivissa-manifesta-la-seua-satisfaccio-per-la-continuitat-de-pedro-sanchez-en-favor-dun-nou-temps-de-feina-progres-i-per-seguir-avancant\/\"},\"wordCount\":395,\"publisher\":{\"@id\":\"https:\/\/www.psib-psoe.org\/eivissa\/#organization\"},\"image\":{\"@id\":\"https:\/\/www.psib-psoe.org\/eivissa\/la-federacio-socialista-deivissa-manifesta-la-seua-satisfaccio-per-la-continuitat-de-pedro-sanchez-en-favor-dun-nou-temps-de-feina-progres-i-per-seguir-avancant\/#primaryimage\"},\"thumbnailUrl\":\"https:\/\/www.psib-psoe.org\/eivissa\/wp-content\/uploads\/GL170523575_web.jpg\",\"articleSection\":[\"Federaci\u00f3 d'Eivissa - Portada\",\"FSE-PSOE\",\"Govern d'Espanya - Congr\u00e9s - Senat - PSOE Federal\"],\"inLanguage\":\"ca\"},{\"@type\":\"WebPage\",\"@id\":\"https:\/\/www.psib-psoe.org\/eivissa\/la-federacio-socialista-deivissa-manifesta-la-seua-satisfaccio-per-la-continuitat-de-pedro-sanchez-en-favor-dun-nou-temps-de-feina-progres-i-per-seguir-avancant\/\",\"url\":\"https:\/\/www.psib-psoe.org\/eivissa\/la-federacio-socialista-deivissa-manifesta-la-seua-satisfaccio-per-la-continuitat-de-pedro-sanchez-en-favor-dun-nou-temps-de-feina-progres-i-per-seguir-avancant\/\",\"name\":\"La Federaci\u00f3 Socialista d\u2019Eivissa manifesta la seua satisfacci\u00f3 per la continu\u00eftat de Pedro S\u00e1nchez en favor \u201cd\u2019un nou temps de feina, progr\u00e9s i per seguir avan\u00e7ant\u201d - Federaci\u00f3 Socialista d&#039;Eivissa\",\"isPartOf\":{\"@id\":\"https:\/\/www.psib-psoe.org\/eivissa\/#website\"},\"primaryImageOfPage\":{\"@id\":\"https:\/\/www.psib-psoe.org\/eivissa\/la-federacio-socialista-deivissa-manifesta-la-seua-satisfaccio-per-la-continuitat-de-pedro-sanchez-en-favor-dun-nou-temps-de-feina-progres-i-per-seguir-avancant\/#primaryimage\"},\"image\":{\"@id\":\"https:\/\/www.psib-psoe.org\/eivissa\/la-federacio-socialista-deivissa-manifesta-la-seua-satisfaccio-per-la-continuitat-de-pedro-sanchez-en-favor-dun-nou-temps-de-feina-progres-i-per-seguir-avancant\/#primaryimage\"},\"thumbnailUrl\":\"https:\/\/www.psib-psoe.org\/eivissa\/wp-content\/uploads\/GL170523575_web.jpg\",\"datePublished\":\"2024-04-29T11:45:24+00:00\",\"breadcrumb\":{\"@id\":\"https:\/\/www.psib-psoe.org\/eivissa\/la-federacio-socialista-deivissa-manifesta-la-seua-satisfaccio-per-la-continuitat-de-pedro-sanchez-en-favor-dun-nou-temps-de-feina-progres-i-per-seguir-avancant\/#breadcrumb\"},\"inLanguage\":\"ca\",\"potentialAction\":[{\"@type\":\"ReadAction\",\"target\":[\"https:\/\/www.psib-psoe.org\/eivissa\/la-federacio-socialista-deivissa-manifesta-la-seua-satisfaccio-per-la-continuitat-de-pedro-sanchez-en-favor-dun-nou-temps-de-feina-progres-i-per-seguir-avancant\/\"]}]},{\"@type\":\"ImageObject\",\"inLanguage\":\"ca\",\"@id\":\"https:\/\/www.psib-psoe.org\/eivissa\/la-federacio-socialista-deivissa-manifesta-la-seua-satisfaccio-per-la-continuitat-de-pedro-sanchez-en-favor-dun-nou-temps-de-feina-progres-i-per-seguir-avancant\/#primaryimage\",\"url\":\"https:\/\/www.psib-psoe.org\/eivissa\/wp-content\/uploads\/GL170523575_web.jpg\",\"contentUrl\":\"https:\/\/www.psib-psoe.org\/eivissa\/wp-content\/uploads\/GL170523575_web.jpg\",\"width\":2000,\"height\":1500},{\"@type\":\"BreadcrumbList\",\"@id\":\"https:\/\/www.psib-psoe.org\/eivissa\/la-federacio-socialista-deivissa-manifesta-la-seua-satisfaccio-per-la-continuitat-de-pedro-sanchez-en-favor-dun-nou-temps-de-feina-progres-i-per-seguir-avancant\/#breadcrumb\",\"itemListElement\":[{\"@type\":\"ListItem\",\"position\":1,\"name\":\"Inici\",\"item\":\"https:\/\/www.psib-psoe.org\/eivissa\/\"},{\"@type\":\"ListItem\",\"position\":2,\"name\":\"La Federaci\u00f3 Socialista d\u2019Eivissa manifesta la seua satisfacci\u00f3 per la continu\u00eftat de Pedro S\u00e1nchez en favor \u201cd\u2019un nou temps de feina, progr\u00e9s i per seguir avan\u00e7ant\u201d\"}]},{\"@type\":\"WebSite\",\"@id\":\"https:\/\/www.psib-psoe.org\/eivissa\/#website\",\"url\":\"https:\/\/www.psib-psoe.org\/eivissa\/\",\"name\":\"Federaci\u00f3 Socialista d'Eivissa\",\"description\":\"Socialistes d&#039;Eivissa\",\"publisher\":{\"@id\":\"https:\/\/www.psib-psoe.org\/eivissa\/#organization\"},\"potentialAction\":[{\"@type\":\"SearchAction\",\"target\":{\"@type\":\"EntryPoint\",\"urlTemplate\":\"https:\/\/www.psib-psoe.org\/eivissa\/?s={search_term_string}\"},\"query-input\":{\"@type\":\"PropertyValueSpecification\",\"valueRequired\":true,\"valueName\":\"search_term_string\"}}],\"inLanguage\":\"ca\"},{\"@type\":\"Organization\",\"@id\":\"https:\/\/www.psib-psoe.org\/eivissa\/#organization\",\"name\":\"Federaci\u00f3 Socialista d'Eivissa\",\"url\":\"https:\/\/www.psib-psoe.org\/eivissa\/\",\"logo\":{\"@type\":\"ImageObject\",\"inLanguage\":\"ca\",\"@id\":\"https:\/\/www.psib-psoe.org\/eivissa\/#\/schema\/logo\/image\/\",\"url\":\"https:\/\/www.psib-psoe.org\/eivissa\/wp-content\/uploads\/LOGO-FSE-SOCIALISTA-DEIVISSA-HORI.png\",\"contentUrl\":\"https:\/\/www.psib-psoe.org\/eivissa\/wp-content\/uploads\/LOGO-FSE-SOCIALISTA-DEIVISSA-HORI.png\",\"width\":6000,\"height\":3104,\"caption\":\"Federaci\u00f3 Socialista d'Eivissa\"},\"image\":{\"@id\":\"https:\/\/www.psib-psoe.org\/eivissa\/#\/schema\/logo\/image\/\"}},{\"@type\":\"Person\",\"@id\":\"https:\/\/www.psib-psoe.org\/eivissa\/#\/schema\/person\/7a9d2841fb36f32e34fc0e9b245e8117\",\"name\":\"Josep Ripoll\",\"sameAs\":[\"http:\/\/www.psib-psoe.org\/eivissa\/wp-login.php\"],\"url\":\"https:\/\/www.psib-psoe.org\/eivissa\/author\/josep\/\"}]}<\/script>\n<!-- \/ Yoast SEO plugin. -->","yoast_head_json":{"title":"La Federaci\u00f3 Socialista d\u2019Eivissa manifesta la seua satisfacci\u00f3 per la continu\u00eftat de Pedro S\u00e1nchez en favor \u201cd\u2019un nou temps de feina, progr\u00e9s i per seguir avan\u00e7ant\u201d - Federaci\u00f3 Socialista d&#039;Eivissa","robots":{"index":"index","follow":"follow","max-snippet":"max-snippet:-1","max-image-preview":"max-image-preview:large","max-video-preview":"max-video-preview:-1"},"canonical":"https:\/\/www.psib-psoe.org\/eivissa\/la-federacio-socialista-deivissa-manifesta-la-seua-satisfaccio-per-la-continuitat-de-pedro-sanchez-en-favor-dun-nou-temps-de-feina-progres-i-per-seguir-avancant\/","og_locale":"ca_ES","og_type":"article","og_title":"La Federaci\u00f3 Socialista d\u2019Eivissa manifesta la seua satisfacci\u00f3 per la continu\u00eftat de Pedro S\u00e1nchez en favor \u201cd\u2019un nou temps de feina, progr\u00e9s i per seguir avan\u00e7ant\u201d - Federaci\u00f3 Socialista d&#039;Eivissa","og_description":"\u201cEn nom dels Socialistes d&#8217;Eivissa com a secretari general, per\u00f2 tamb\u00e9 a nivell personal, expressar satisfacci\u00f3 que tenim avui tots, perqu\u00e8 al final, Pedro S\u00e1nchez com a president del Govern, continu\u00ef exercint aquest c\u00e0rrec\u201d. Aix\u00ed ho ha manifestat Josep Mar\u00ed Ribas, \u2018Agustinet\u2019, qui considera que els dies de reflexi\u00f3 personal de Pedro S\u00e1nchez s\u2019ha convertit&hellip;","og_url":"https:\/\/www.psib-psoe.org\/eivissa\/la-federacio-socialista-deivissa-manifesta-la-seua-satisfaccio-per-la-continuitat-de-pedro-sanchez-en-favor-dun-nou-temps-de-feina-progres-i-per-seguir-avancant\/","og_site_name":"Federaci\u00f3 Socialista d&#039;Eivissa","article_published_time":"2024-04-29T11:45:24+00:00","og_image":[{"width":2000,"height":1500,"url":"https:\/\/www.psib-psoe.org\/eivissa\/wp-content\/uploads\/GL170523575_web.jpg","type":"image\/jpeg"}],"author":"Josep Ripoll","twitter_card":"summary_large_image","twitter_misc":{"Escrit per":"Josep Ripoll","Temps estimat de lectura":"2 minuts"},"schema":{"@context":"https:\/\/schema.org","@graph":[{"@type":["Article","BlogPosting"],"@id":"https:\/\/www.psib-psoe.org\/eivissa\/la-federacio-socialista-deivissa-manifesta-la-seua-satisfaccio-per-la-continuitat-de-pedro-sanchez-en-favor-dun-nou-temps-de-feina-progres-i-per-seguir-avancant\/#article","isPartOf":{"@id":"https:\/\/www.psib-psoe.org\/eivissa\/la-federacio-socialista-deivissa-manifesta-la-seua-satisfaccio-per-la-continuitat-de-pedro-sanchez-en-favor-dun-nou-temps-de-feina-progres-i-per-seguir-avancant\/"},"author":{"name":"Josep Ripoll","@id":"https:\/\/www.psib-psoe.org\/eivissa\/#\/schema\/person\/7a9d2841fb36f32e34fc0e9b245e8117"},"headline":"La Federaci\u00f3 Socialista d\u2019Eivissa manifesta la seua satisfacci\u00f3 per la continu\u00eftat de Pedro S\u00e1nchez en favor \u201cd\u2019un nou temps de feina, progr\u00e9s i per seguir avan\u00e7ant\u201d","datePublished":"2024-04-29T11:45:24+00:00","mainEntityOfPage":{"@id":"https:\/\/www.psib-psoe.org\/eivissa\/la-federacio-socialista-deivissa-manifesta-la-seua-satisfaccio-per-la-continuitat-de-pedro-sanchez-en-favor-dun-nou-temps-de-feina-progres-i-per-seguir-avancant\/"},"wordCount":395,"publisher":{"@id":"https:\/\/www.psib-psoe.org\/eivissa\/#organization"},"image":{"@id":"https:\/\/www.psib-psoe.org\/eivissa\/la-federacio-socialista-deivissa-manifesta-la-seua-satisfaccio-per-la-continuitat-de-pedro-sanchez-en-favor-dun-nou-temps-de-feina-progres-i-per-seguir-avancant\/#primaryimage"},"thumbnailUrl":"https:\/\/www.psib-psoe.org\/eivissa\/wp-content\/uploads\/GL170523575_web.jpg","articleSection":["Federaci\u00f3 d'Eivissa - Portada","FSE-PSOE","Govern d'Espanya - Congr\u00e9s - Senat - PSOE Federal"],"inLanguage":"ca"},{"@type":"WebPage","@id":"https:\/\/www.psib-psoe.org\/eivissa\/la-federacio-socialista-deivissa-manifesta-la-seua-satisfaccio-per-la-continuitat-de-pedro-sanchez-en-favor-dun-nou-temps-de-feina-progres-i-per-seguir-avancant\/","url":"https:\/\/www.psib-psoe.org\/eivissa\/la-federacio-socialista-deivissa-manifesta-la-seua-satisfaccio-per-la-continuitat-de-pedro-sanchez-en-favor-dun-nou-temps-de-feina-progres-i-per-seguir-avancant\/","name":"La Federaci\u00f3 Socialista d\u2019Eivissa manifesta la seua satisfacci\u00f3 per la continu\u00eftat de Pedro S\u00e1nchez en favor \u201cd\u2019un nou temps de feina, progr\u00e9s i per seguir avan\u00e7ant\u201d - Federaci\u00f3 Socialista d&#039;Eivissa","isPartOf":{"@id":"https:\/\/www.psib-psoe.org\/eivissa\/#website"},"primaryImageOfPage":{"@id":"https:\/\/www.psib-psoe.org\/eivissa\/la-federacio-socialista-deivissa-manifesta-la-seua-satisfaccio-per-la-continuitat-de-pedro-sanchez-en-favor-dun-nou-temps-de-feina-progres-i-per-seguir-avancant\/#primaryimage"},"image":{"@id":"https:\/\/www.psib-psoe.org\/eivissa\/la-federacio-socialista-deivissa-manifesta-la-seua-satisfaccio-per-la-continuitat-de-pedro-sanchez-en-favor-dun-nou-temps-de-feina-progres-i-per-seguir-avancant\/#primaryimage"},"thumbnailUrl":"https:\/\/www.psib-psoe.org\/eivissa\/wp-content\/uploads\/GL170523575_web.jpg","datePublished":"2024-04-29T11:45:24+00:00","breadcrumb":{"@id":"https:\/\/www.psib-psoe.org\/eivissa\/la-federacio-socialista-deivissa-manifesta-la-seua-satisfaccio-per-la-continuitat-de-pedro-sanchez-en-favor-dun-nou-temps-de-feina-progres-i-per-seguir-avancant\/#breadcrumb"},"inLanguage":"ca","potentialAction":[{"@type":"ReadAction","target":["https:\/\/www.psib-psoe.org\/eivissa\/la-federacio-socialista-deivissa-manifesta-la-seua-satisfaccio-per-la-continuitat-de-pedro-sanchez-en-favor-dun-nou-temps-de-feina-progres-i-per-seguir-avancant\/"]}]},{"@type":"ImageObject","inLanguage":"ca","@id":"https:\/\/www.psib-psoe.org\/eivissa\/la-federacio-socialista-deivissa-manifesta-la-seua-satisfaccio-per-la-continuitat-de-pedro-sanchez-en-favor-dun-nou-temps-de-feina-progres-i-per-seguir-avancant\/#primaryimage","url":"https:\/\/www.psib-psoe.org\/eivissa\/wp-content\/uploads\/GL170523575_web.jpg","contentUrl":"https:\/\/www.psib-psoe.org\/eivissa\/wp-content\/uploads\/GL170523575_web.jpg","width":2000,"height":1500},{"@type":"BreadcrumbList","@id":"https:\/\/www.psib-psoe.org\/eivissa\/la-federacio-socialista-deivissa-manifesta-la-seua-satisfaccio-per-la-continuitat-de-pedro-sanchez-en-favor-dun-nou-temps-de-feina-progres-i-per-seguir-avancant\/#breadcrumb","itemListElement":[{"@type":"ListItem","position":1,"name":"Inici","item":"https:\/\/www.psib-psoe.org\/eivissa\/"},{"@type":"ListItem","position":2,"name":"La Federaci\u00f3 Socialista d\u2019Eivissa manifesta la seua satisfacci\u00f3 per la continu\u00eftat de Pedro S\u00e1nchez en favor \u201cd\u2019un nou temps de feina, progr\u00e9s i per seguir avan\u00e7ant\u201d"}]},{"@type":"WebSite","@id":"https:\/\/www.psib-psoe.org\/eivissa\/#website","url":"https:\/\/www.psib-psoe.org\/eivissa\/","name":"Federaci\u00f3 Socialista d'Eivissa","description":"Socialistes d&#039;Eivissa","publisher":{"@id":"https:\/\/www.psib-psoe.org\/eivissa\/#organization"},"potentialAction":[{"@type":"SearchAction","target":{"@type":"EntryPoint","urlTemplate":"https:\/\/www.psib-psoe.org\/eivissa\/?s={search_term_string}"},"query-input":{"@type":"PropertyValueSpecification","valueRequired":true,"valueName":"search_term_string"}}],"inLanguage":"ca"},{"@type":"Organization","@id":"https:\/\/www.psib-psoe.org\/eivissa\/#organization","name":"Federaci\u00f3 Socialista d'Eivissa","url":"https:\/\/www.psib-psoe.org\/eivissa\/","logo":{"@type":"ImageObject","inLanguage":"ca","@id":"https:\/\/www.psib-psoe.org\/eivissa\/#\/schema\/logo\/image\/","url":"https:\/\/www.psib-psoe.org\/eivissa\/wp-content\/uploads\/LOGO-FSE-SOCIALISTA-DEIVISSA-HORI.png","contentUrl":"https:\/\/www.psib-psoe.org\/eivissa\/wp-content\/uploads\/LOGO-FSE-SOCIALISTA-DEIVISSA-HORI.png","width":6000,"height":3104,"caption":"Federaci\u00f3 Socialista d'Eivissa"},"image":{"@id":"https:\/\/www.psib-psoe.org\/eivissa\/#\/schema\/logo\/image\/"}},{"@type":"Person","@id":"https:\/\/www.psib-psoe.org\/eivissa\/#\/schema\/person\/7a9d2841fb36f32e34fc0e9b245e8117","name":"Josep Ripoll","sameAs":["http:\/\/www.psib-psoe.org\/eivissa\/wp-login.php"],"url":"https:\/\/www.psib-psoe.org\/eivissa\/author\/josep\/"}]}},"_links":{"self":[{"href":"https:\/\/www.psib-psoe.org\/eivissa\/wp-json\/wp\/v2\/posts\/39108","targetHints":{"allow":["GET"]}}],"collection":[{"href":"https:\/\/www.psib-psoe.org\/eivissa\/wp-json\/wp\/v2\/posts"}],"about":[{"href":"https:\/\/www.psib-psoe.org\/eivissa\/wp-json\/wp\/v2\/types\/post"}],"author":[{"embeddable":true,"href":"https:\/\/www.psib-psoe.org\/eivissa\/wp-json\/wp\/v2\/users\/7"}],"replies":[{"embeddable":true,"href":"https:\/\/www.psib-psoe.org\/eivissa\/wp-json\/wp\/v2\/comments?post=39108"}],"version-history":[{"count":1,"href":"https:\/\/www.psib-psoe.org\/eivissa\/wp-json\/wp\/v2\/posts\/39108\/revisions"}],"predecessor-version":[{"id":39109,"href":"https:\/\/www.psib-psoe.org\/eivissa\/wp-json\/wp\/v2\/posts\/39108\/revisions\/39109"}],"wp:featuredmedia":[{"embeddable":true,"href":"https:\/\/www.psib-psoe.org\/eivissa\/wp-json\/wp\/v2\/media\/37757"}],"wp:attachment":[{"href":"https:\/\/www.psib-psoe.org\/eivissa\/wp-json\/wp\/v2\/media?parent=39108"}],"wp:term":[{"taxonomy":"category","embeddable":true,"href":"https:\/\/www.psib-psoe.org\/eivissa\/wp-json\/wp\/v2\/categories?post=39108"},{"taxonomy":"post_tag","embeddable":true,"href":"https:\/\/www.psib-psoe.org\/eivissa\/wp-json\/wp\/v2\/tags?post=39108"}],"curies":[{"name":"wp","href":"https:\/\/api.w.org\/{rel}","templated":true}]}}