{"id":39112,"date":"2024-04-30T20:58:29","date_gmt":"2024-04-30T18:58:29","guid":{"rendered":"https:\/\/www.psib-psoe.org\/eivissa\/?p=39112"},"modified":"2024-05-01T00:05:33","modified_gmt":"2024-04-30T22:05:33","slug":"piotr-sadowski-del-psoe-deivissa-formara-part-de-la-candidatura-socialista-a-les-eleccions-europees","status":"publish","type":"post","link":"https:\/\/www.psib-psoe.org\/eivissa\/piotr-sadowski-del-psoe-deivissa-formara-part-de-la-candidatura-socialista-a-les-eleccions-europees\/","title":{"rendered":"Piotr Sadowski, del PSOE d\u2019Eivissa, formar\u00e0 part de la candidatura socialista a les eleccions europees"},"content":{"rendered":"<p>Piotr Sadowski, del PSOE d\u2019Eivissa, formar\u00e0 part de la candidatura del socialista a les eleccions europees del pr\u00f2xim 9 de juny. La Comissi\u00f3 Federal de Llistes del PSOE ha aprovat aquest dimarts la candidatura encap\u00e7alada per la vicepresidenta tercera i ministra per a la Transici\u00f3 Ecol\u00f2gica, Teresa Ribera, i en la qual Piotr Sadowski ocupar\u00e0 el n\u00famero 57.<\/p>\n<p>Piotr Sadowski, nascut el 1979, \u00e9s llicenciat en Ci\u00e8ncies Econ\u00f2miques per la London School of Economics and Political Science. \u00c9s resident a Santa Gertrudis i t\u00e9 nacionalitat polonesa i brit\u00e0nica. En les eleccions de maig de 2023 va formar part de la candidatura del PSOE a les eleccions a l\u2019Ajuntament de Santa Eul\u00e0ria des Riu.<\/p>\n<p>Des de fa me\u0301s de 15 anys, ha dirigit diverses plataformes internacionals de la societat civil i \u00e9s un activista europeu en defensa dels drets LGBTI. Actualment, \u00e9s secretari general de Volonteurope, la principal xarxa europea de promocio\u0301 de la justi\u0301cia social a trave\u0301s de l&#8217;accio\u0301 social, el voluntariat i la ciutadania activa. Tamb\u00e9 va presidir Social Platform, la xarxa d&#8217;organitzacions no governamentals de justi\u0301cia social me\u0301s gran de la UE.<\/p>\n","protected":false},"excerpt":{"rendered":"<p>Piotr Sadowski, del PSOE d\u2019Eivissa, formar\u00e0 part de la candidatura del socialista a les eleccions europees del pr\u00f2xim 9 de juny. La Comissi\u00f3 Federal de Llistes del PSOE ha aprovat aquest dimarts la candidatura encap\u00e7alada per la vicepresidenta tercera i ministra per a la Transici\u00f3 Ecol\u00f2gica, Teresa Ribera, i en la qual Piotr Sadowski ocupar\u00e0&hellip;<\/p>\n","protected":false},"author":7,"featured_media":39115,"comment_status":"closed","ping_status":"closed","sticky":false,"template":"","format":"standard","meta":{"footnotes":""},"categories":[1,212],"tags":[],"class_list":["post-39112","post","type-post","status-publish","format-standard","has-post-thumbnail","hentry","category-federacio-de-eivissa-portada","category-fse-psoe"],"yoast_head":"<!-- This site is optimized with the Yoast SEO plugin v26.9 - https:\/\/yoast.com\/product\/yoast-seo-wordpress\/ -->\n<title>Piotr Sadowski, del PSOE d\u2019Eivissa, formar\u00e0 part de la candidatura socialista a les eleccions europees - Federaci\u00f3 Socialista d&#039;Eivissa<\/title>\n<meta name=\"robots\" content=\"index, follow, max-snippet:-1, max-image-preview:large, max-video-preview:-1\" \/>\n<link rel=\"canonical\" href=\"https:\/\/www.psib-psoe.org\/eivissa\/piotr-sadowski-del-psoe-deivissa-formara-part-de-la-candidatura-socialista-a-les-eleccions-europees\/\" \/>\n<meta property=\"og:locale\" content=\"ca_ES\" \/>\n<meta property=\"og:type\" content=\"article\" \/>\n<meta property=\"og:title\" content=\"Piotr Sadowski, del PSOE d\u2019Eivissa, formar\u00e0 part de la candidatura socialista a les eleccions europees - Federaci\u00f3 Socialista d&#039;Eivissa\" \/>\n<meta property=\"og:description\" content=\"Piotr Sadowski, del PSOE d\u2019Eivissa, formar\u00e0 part de la candidatura del socialista a les eleccions europees del pr\u00f2xim 9 de juny. La Comissi\u00f3 Federal de Llistes del PSOE ha aprovat aquest dimarts la candidatura encap\u00e7alada per la vicepresidenta tercera i ministra per a la Transici\u00f3 Ecol\u00f2gica, Teresa Ribera, i en la qual Piotr Sadowski ocupar\u00e0&hellip;\" \/>\n<meta property=\"og:url\" content=\"https:\/\/www.psib-psoe.org\/eivissa\/piotr-sadowski-del-psoe-deivissa-formara-part-de-la-candidatura-socialista-a-les-eleccions-europees\/\" \/>\n<meta property=\"og:site_name\" content=\"Federaci\u00f3 Socialista d&#039;Eivissa\" \/>\n<meta property=\"article:published_time\" content=\"2024-04-30T18:58:29+00:00\" \/>\n<meta property=\"article:modified_time\" content=\"2024-04-30T22:05:33+00:00\" \/>\n<meta property=\"og:image\" content=\"https:\/\/www.psib-psoe.org\/eivissa\/wp-content\/uploads\/8320b654-4244-4a06-9405-57deba99206d.jpeg\" \/>\n\t<meta property=\"og:image:width\" content=\"1248\" \/>\n\t<meta property=\"og:image:height\" content=\"1600\" \/>\n\t<meta property=\"og:image:type\" content=\"image\/jpeg\" \/>\n<meta name=\"author\" content=\"Josep Ripoll\" \/>\n<meta name=\"twitter:card\" content=\"summary_large_image\" \/>\n<meta name=\"twitter:label1\" content=\"Escrit per\" \/>\n\t<meta name=\"twitter:data1\" content=\"Josep Ripoll\" \/>\n\t<meta name=\"twitter:label2\" content=\"Temps estimat de lectura\" \/>\n\t<meta name=\"twitter:data2\" content=\"1 minut\" \/>\n<script type=\"application\/ld+json\" class=\"yoast-schema-graph\">{\"@context\":\"https:\/\/schema.org\",\"@graph\":[{\"@type\":[\"Article\",\"BlogPosting\"],\"@id\":\"https:\/\/www.psib-psoe.org\/eivissa\/piotr-sadowski-del-psoe-deivissa-formara-part-de-la-candidatura-socialista-a-les-eleccions-europees\/#article\",\"isPartOf\":{\"@id\":\"https:\/\/www.psib-psoe.org\/eivissa\/piotr-sadowski-del-psoe-deivissa-formara-part-de-la-candidatura-socialista-a-les-eleccions-europees\/\"},\"author\":{\"name\":\"Josep Ripoll\",\"@id\":\"https:\/\/www.psib-psoe.org\/eivissa\/#\/schema\/person\/7a9d2841fb36f32e34fc0e9b245e8117\"},\"headline\":\"Piotr Sadowski, del PSOE d\u2019Eivissa, formar\u00e0 part de la candidatura socialista a les eleccions europees\",\"datePublished\":\"2024-04-30T18:58:29+00:00\",\"dateModified\":\"2024-04-30T22:05:33+00:00\",\"mainEntityOfPage\":{\"@id\":\"https:\/\/www.psib-psoe.org\/eivissa\/piotr-sadowski-del-psoe-deivissa-formara-part-de-la-candidatura-socialista-a-les-eleccions-europees\/\"},\"wordCount\":210,\"publisher\":{\"@id\":\"https:\/\/www.psib-psoe.org\/eivissa\/#organization\"},\"image\":{\"@id\":\"https:\/\/www.psib-psoe.org\/eivissa\/piotr-sadowski-del-psoe-deivissa-formara-part-de-la-candidatura-socialista-a-les-eleccions-europees\/#primaryimage\"},\"thumbnailUrl\":\"https:\/\/www.psib-psoe.org\/eivissa\/wp-content\/uploads\/8320b654-4244-4a06-9405-57deba99206d.jpeg\",\"articleSection\":[\"Federaci\u00f3 d'Eivissa - Portada\",\"FSE-PSOE\"],\"inLanguage\":\"ca\"},{\"@type\":\"WebPage\",\"@id\":\"https:\/\/www.psib-psoe.org\/eivissa\/piotr-sadowski-del-psoe-deivissa-formara-part-de-la-candidatura-socialista-a-les-eleccions-europees\/\",\"url\":\"https:\/\/www.psib-psoe.org\/eivissa\/piotr-sadowski-del-psoe-deivissa-formara-part-de-la-candidatura-socialista-a-les-eleccions-europees\/\",\"name\":\"Piotr Sadowski, del PSOE d\u2019Eivissa, formar\u00e0 part de la candidatura socialista a les eleccions europees - Federaci\u00f3 Socialista d&#039;Eivissa\",\"isPartOf\":{\"@id\":\"https:\/\/www.psib-psoe.org\/eivissa\/#website\"},\"primaryImageOfPage\":{\"@id\":\"https:\/\/www.psib-psoe.org\/eivissa\/piotr-sadowski-del-psoe-deivissa-formara-part-de-la-candidatura-socialista-a-les-eleccions-europees\/#primaryimage\"},\"image\":{\"@id\":\"https:\/\/www.psib-psoe.org\/eivissa\/piotr-sadowski-del-psoe-deivissa-formara-part-de-la-candidatura-socialista-a-les-eleccions-europees\/#primaryimage\"},\"thumbnailUrl\":\"https:\/\/www.psib-psoe.org\/eivissa\/wp-content\/uploads\/8320b654-4244-4a06-9405-57deba99206d.jpeg\",\"datePublished\":\"2024-04-30T18:58:29+00:00\",\"dateModified\":\"2024-04-30T22:05:33+00:00\",\"breadcrumb\":{\"@id\":\"https:\/\/www.psib-psoe.org\/eivissa\/piotr-sadowski-del-psoe-deivissa-formara-part-de-la-candidatura-socialista-a-les-eleccions-europees\/#breadcrumb\"},\"inLanguage\":\"ca\",\"potentialAction\":[{\"@type\":\"ReadAction\",\"target\":[\"https:\/\/www.psib-psoe.org\/eivissa\/piotr-sadowski-del-psoe-deivissa-formara-part-de-la-candidatura-socialista-a-les-eleccions-europees\/\"]}]},{\"@type\":\"ImageObject\",\"inLanguage\":\"ca\",\"@id\":\"https:\/\/www.psib-psoe.org\/eivissa\/piotr-sadowski-del-psoe-deivissa-formara-part-de-la-candidatura-socialista-a-les-eleccions-europees\/#primaryimage\",\"url\":\"https:\/\/www.psib-psoe.org\/eivissa\/wp-content\/uploads\/8320b654-4244-4a06-9405-57deba99206d.jpeg\",\"contentUrl\":\"https:\/\/www.psib-psoe.org\/eivissa\/wp-content\/uploads\/8320b654-4244-4a06-9405-57deba99206d.jpeg\",\"width\":1248,\"height\":1600},{\"@type\":\"BreadcrumbList\",\"@id\":\"https:\/\/www.psib-psoe.org\/eivissa\/piotr-sadowski-del-psoe-deivissa-formara-part-de-la-candidatura-socialista-a-les-eleccions-europees\/#breadcrumb\",\"itemListElement\":[{\"@type\":\"ListItem\",\"position\":1,\"name\":\"Inici\",\"item\":\"https:\/\/www.psib-psoe.org\/eivissa\/\"},{\"@type\":\"ListItem\",\"position\":2,\"name\":\"Piotr Sadowski, del PSOE d\u2019Eivissa, formar\u00e0 part de la candidatura socialista a les eleccions europees\"}]},{\"@type\":\"WebSite\",\"@id\":\"https:\/\/www.psib-psoe.org\/eivissa\/#website\",\"url\":\"https:\/\/www.psib-psoe.org\/eivissa\/\",\"name\":\"Federaci\u00f3 Socialista d'Eivissa\",\"description\":\"Socialistes d&#039;Eivissa\",\"publisher\":{\"@id\":\"https:\/\/www.psib-psoe.org\/eivissa\/#organization\"},\"potentialAction\":[{\"@type\":\"SearchAction\",\"target\":{\"@type\":\"EntryPoint\",\"urlTemplate\":\"https:\/\/www.psib-psoe.org\/eivissa\/?s={search_term_string}\"},\"query-input\":{\"@type\":\"PropertyValueSpecification\",\"valueRequired\":true,\"valueName\":\"search_term_string\"}}],\"inLanguage\":\"ca\"},{\"@type\":\"Organization\",\"@id\":\"https:\/\/www.psib-psoe.org\/eivissa\/#organization\",\"name\":\"Federaci\u00f3 Socialista d'Eivissa\",\"url\":\"https:\/\/www.psib-psoe.org\/eivissa\/\",\"logo\":{\"@type\":\"ImageObject\",\"inLanguage\":\"ca\",\"@id\":\"https:\/\/www.psib-psoe.org\/eivissa\/#\/schema\/logo\/image\/\",\"url\":\"https:\/\/www.psib-psoe.org\/eivissa\/wp-content\/uploads\/LOGO-FSE-SOCIALISTA-DEIVISSA-HORI.png\",\"contentUrl\":\"https:\/\/www.psib-psoe.org\/eivissa\/wp-content\/uploads\/LOGO-FSE-SOCIALISTA-DEIVISSA-HORI.png\",\"width\":6000,\"height\":3104,\"caption\":\"Federaci\u00f3 Socialista d'Eivissa\"},\"image\":{\"@id\":\"https:\/\/www.psib-psoe.org\/eivissa\/#\/schema\/logo\/image\/\"}},{\"@type\":\"Person\",\"@id\":\"https:\/\/www.psib-psoe.org\/eivissa\/#\/schema\/person\/7a9d2841fb36f32e34fc0e9b245e8117\",\"name\":\"Josep Ripoll\",\"sameAs\":[\"http:\/\/www.psib-psoe.org\/eivissa\/wp-login.php\"],\"url\":\"https:\/\/www.psib-psoe.org\/eivissa\/author\/josep\/\"}]}<\/script>\n<!-- \/ Yoast SEO plugin. -->","yoast_head_json":{"title":"Piotr Sadowski, del PSOE d\u2019Eivissa, formar\u00e0 part de la candidatura socialista a les eleccions europees - Federaci\u00f3 Socialista d&#039;Eivissa","robots":{"index":"index","follow":"follow","max-snippet":"max-snippet:-1","max-image-preview":"max-image-preview:large","max-video-preview":"max-video-preview:-1"},"canonical":"https:\/\/www.psib-psoe.org\/eivissa\/piotr-sadowski-del-psoe-deivissa-formara-part-de-la-candidatura-socialista-a-les-eleccions-europees\/","og_locale":"ca_ES","og_type":"article","og_title":"Piotr Sadowski, del PSOE d\u2019Eivissa, formar\u00e0 part de la candidatura socialista a les eleccions europees - Federaci\u00f3 Socialista d&#039;Eivissa","og_description":"Piotr Sadowski, del PSOE d\u2019Eivissa, formar\u00e0 part de la candidatura del socialista a les eleccions europees del pr\u00f2xim 9 de juny. La Comissi\u00f3 Federal de Llistes del PSOE ha aprovat aquest dimarts la candidatura encap\u00e7alada per la vicepresidenta tercera i ministra per a la Transici\u00f3 Ecol\u00f2gica, Teresa Ribera, i en la qual Piotr Sadowski ocupar\u00e0&hellip;","og_url":"https:\/\/www.psib-psoe.org\/eivissa\/piotr-sadowski-del-psoe-deivissa-formara-part-de-la-candidatura-socialista-a-les-eleccions-europees\/","og_site_name":"Federaci\u00f3 Socialista d&#039;Eivissa","article_published_time":"2024-04-30T18:58:29+00:00","article_modified_time":"2024-04-30T22:05:33+00:00","og_image":[{"width":1248,"height":1600,"url":"https:\/\/www.psib-psoe.org\/eivissa\/wp-content\/uploads\/8320b654-4244-4a06-9405-57deba99206d.jpeg","type":"image\/jpeg"}],"author":"Josep Ripoll","twitter_card":"summary_large_image","twitter_misc":{"Escrit per":"Josep Ripoll","Temps estimat de lectura":"1 minut"},"schema":{"@context":"https:\/\/schema.org","@graph":[{"@type":["Article","BlogPosting"],"@id":"https:\/\/www.psib-psoe.org\/eivissa\/piotr-sadowski-del-psoe-deivissa-formara-part-de-la-candidatura-socialista-a-les-eleccions-europees\/#article","isPartOf":{"@id":"https:\/\/www.psib-psoe.org\/eivissa\/piotr-sadowski-del-psoe-deivissa-formara-part-de-la-candidatura-socialista-a-les-eleccions-europees\/"},"author":{"name":"Josep Ripoll","@id":"https:\/\/www.psib-psoe.org\/eivissa\/#\/schema\/person\/7a9d2841fb36f32e34fc0e9b245e8117"},"headline":"Piotr Sadowski, del PSOE d\u2019Eivissa, formar\u00e0 part de la candidatura socialista a les eleccions europees","datePublished":"2024-04-30T18:58:29+00:00","dateModified":"2024-04-30T22:05:33+00:00","mainEntityOfPage":{"@id":"https:\/\/www.psib-psoe.org\/eivissa\/piotr-sadowski-del-psoe-deivissa-formara-part-de-la-candidatura-socialista-a-les-eleccions-europees\/"},"wordCount":210,"publisher":{"@id":"https:\/\/www.psib-psoe.org\/eivissa\/#organization"},"image":{"@id":"https:\/\/www.psib-psoe.org\/eivissa\/piotr-sadowski-del-psoe-deivissa-formara-part-de-la-candidatura-socialista-a-les-eleccions-europees\/#primaryimage"},"thumbnailUrl":"https:\/\/www.psib-psoe.org\/eivissa\/wp-content\/uploads\/8320b654-4244-4a06-9405-57deba99206d.jpeg","articleSection":["Federaci\u00f3 d'Eivissa - Portada","FSE-PSOE"],"inLanguage":"ca"},{"@type":"WebPage","@id":"https:\/\/www.psib-psoe.org\/eivissa\/piotr-sadowski-del-psoe-deivissa-formara-part-de-la-candidatura-socialista-a-les-eleccions-europees\/","url":"https:\/\/www.psib-psoe.org\/eivissa\/piotr-sadowski-del-psoe-deivissa-formara-part-de-la-candidatura-socialista-a-les-eleccions-europees\/","name":"Piotr Sadowski, del PSOE d\u2019Eivissa, formar\u00e0 part de la candidatura socialista a les eleccions europees - Federaci\u00f3 Socialista d&#039;Eivissa","isPartOf":{"@id":"https:\/\/www.psib-psoe.org\/eivissa\/#website"},"primaryImageOfPage":{"@id":"https:\/\/www.psib-psoe.org\/eivissa\/piotr-sadowski-del-psoe-deivissa-formara-part-de-la-candidatura-socialista-a-les-eleccions-europees\/#primaryimage"},"image":{"@id":"https:\/\/www.psib-psoe.org\/eivissa\/piotr-sadowski-del-psoe-deivissa-formara-part-de-la-candidatura-socialista-a-les-eleccions-europees\/#primaryimage"},"thumbnailUrl":"https:\/\/www.psib-psoe.org\/eivissa\/wp-content\/uploads\/8320b654-4244-4a06-9405-57deba99206d.jpeg","datePublished":"2024-04-30T18:58:29+00:00","dateModified":"2024-04-30T22:05:33+00:00","breadcrumb":{"@id":"https:\/\/www.psib-psoe.org\/eivissa\/piotr-sadowski-del-psoe-deivissa-formara-part-de-la-candidatura-socialista-a-les-eleccions-europees\/#breadcrumb"},"inLanguage":"ca","potentialAction":[{"@type":"ReadAction","target":["https:\/\/www.psib-psoe.org\/eivissa\/piotr-sadowski-del-psoe-deivissa-formara-part-de-la-candidatura-socialista-a-les-eleccions-europees\/"]}]},{"@type":"ImageObject","inLanguage":"ca","@id":"https:\/\/www.psib-psoe.org\/eivissa\/piotr-sadowski-del-psoe-deivissa-formara-part-de-la-candidatura-socialista-a-les-eleccions-europees\/#primaryimage","url":"https:\/\/www.psib-psoe.org\/eivissa\/wp-content\/uploads\/8320b654-4244-4a06-9405-57deba99206d.jpeg","contentUrl":"https:\/\/www.psib-psoe.org\/eivissa\/wp-content\/uploads\/8320b654-4244-4a06-9405-57deba99206d.jpeg","width":1248,"height":1600},{"@type":"BreadcrumbList","@id":"https:\/\/www.psib-psoe.org\/eivissa\/piotr-sadowski-del-psoe-deivissa-formara-part-de-la-candidatura-socialista-a-les-eleccions-europees\/#breadcrumb","itemListElement":[{"@type":"ListItem","position":1,"name":"Inici","item":"https:\/\/www.psib-psoe.org\/eivissa\/"},{"@type":"ListItem","position":2,"name":"Piotr Sadowski, del PSOE d\u2019Eivissa, formar\u00e0 part de la candidatura socialista a les eleccions europees"}]},{"@type":"WebSite","@id":"https:\/\/www.psib-psoe.org\/eivissa\/#website","url":"https:\/\/www.psib-psoe.org\/eivissa\/","name":"Federaci\u00f3 Socialista d'Eivissa","description":"Socialistes d&#039;Eivissa","publisher":{"@id":"https:\/\/www.psib-psoe.org\/eivissa\/#organization"},"potentialAction":[{"@type":"SearchAction","target":{"@type":"EntryPoint","urlTemplate":"https:\/\/www.psib-psoe.org\/eivissa\/?s={search_term_string}"},"query-input":{"@type":"PropertyValueSpecification","valueRequired":true,"valueName":"search_term_string"}}],"inLanguage":"ca"},{"@type":"Organization","@id":"https:\/\/www.psib-psoe.org\/eivissa\/#organization","name":"Federaci\u00f3 Socialista d'Eivissa","url":"https:\/\/www.psib-psoe.org\/eivissa\/","logo":{"@type":"ImageObject","inLanguage":"ca","@id":"https:\/\/www.psib-psoe.org\/eivissa\/#\/schema\/logo\/image\/","url":"https:\/\/www.psib-psoe.org\/eivissa\/wp-content\/uploads\/LOGO-FSE-SOCIALISTA-DEIVISSA-HORI.png","contentUrl":"https:\/\/www.psib-psoe.org\/eivissa\/wp-content\/uploads\/LOGO-FSE-SOCIALISTA-DEIVISSA-HORI.png","width":6000,"height":3104,"caption":"Federaci\u00f3 Socialista d'Eivissa"},"image":{"@id":"https:\/\/www.psib-psoe.org\/eivissa\/#\/schema\/logo\/image\/"}},{"@type":"Person","@id":"https:\/\/www.psib-psoe.org\/eivissa\/#\/schema\/person\/7a9d2841fb36f32e34fc0e9b245e8117","name":"Josep Ripoll","sameAs":["http:\/\/www.psib-psoe.org\/eivissa\/wp-login.php"],"url":"https:\/\/www.psib-psoe.org\/eivissa\/author\/josep\/"}]}},"_links":{"self":[{"href":"https:\/\/www.psib-psoe.org\/eivissa\/wp-json\/wp\/v2\/posts\/39112","targetHints":{"allow":["GET"]}}],"collection":[{"href":"https:\/\/www.psib-psoe.org\/eivissa\/wp-json\/wp\/v2\/posts"}],"about":[{"href":"https:\/\/www.psib-psoe.org\/eivissa\/wp-json\/wp\/v2\/types\/post"}],"author":[{"embeddable":true,"href":"https:\/\/www.psib-psoe.org\/eivissa\/wp-json\/wp\/v2\/users\/7"}],"replies":[{"embeddable":true,"href":"https:\/\/www.psib-psoe.org\/eivissa\/wp-json\/wp\/v2\/comments?post=39112"}],"version-history":[{"count":2,"href":"https:\/\/www.psib-psoe.org\/eivissa\/wp-json\/wp\/v2\/posts\/39112\/revisions"}],"predecessor-version":[{"id":39116,"href":"https:\/\/www.psib-psoe.org\/eivissa\/wp-json\/wp\/v2\/posts\/39112\/revisions\/39116"}],"wp:featuredmedia":[{"embeddable":true,"href":"https:\/\/www.psib-psoe.org\/eivissa\/wp-json\/wp\/v2\/media\/39115"}],"wp:attachment":[{"href":"https:\/\/www.psib-psoe.org\/eivissa\/wp-json\/wp\/v2\/media?parent=39112"}],"wp:term":[{"taxonomy":"category","embeddable":true,"href":"https:\/\/www.psib-psoe.org\/eivissa\/wp-json\/wp\/v2\/categories?post=39112"},{"taxonomy":"post_tag","embeddable":true,"href":"https:\/\/www.psib-psoe.org\/eivissa\/wp-json\/wp\/v2\/tags?post=39112"}],"curies":[{"name":"wp","href":"https:\/\/api.w.org\/{rel}","templated":true}]}}