{"id":39144,"date":"2024-05-06T17:48:21","date_gmt":"2024-05-06T15:48:21","guid":{"rendered":"https:\/\/www.psib-psoe.org\/eivissa\/?p=39144"},"modified":"2024-05-06T17:48:21","modified_gmt":"2024-05-06T15:48:21","slug":"el-psoe-treballa-al-congres-dels-diputats-per-la-jubilacio-anticipada-de-les-cambreres-de-pis-i-la-implantacio-a-tot-espanya-dels-llits-elevables-seguint-lexemple-de-les-illes-balears-felic","status":"publish","type":"post","link":"https:\/\/www.psib-psoe.org\/eivissa\/el-psoe-treballa-al-congres-dels-diputats-per-la-jubilacio-anticipada-de-les-cambreres-de-pis-i-la-implantacio-a-tot-espanya-dels-llits-elevables-seguint-lexemple-de-les-illes-balears-felic\/","title":{"rendered":"El PSOE treballa al Congr\u00e9s dels Diputats per la jubilaci\u00f3 anticipada de les cambreres de pis i la implantaci\u00f3 a tot Espanya dels llits elevables, seguint l\u2019exemple de les Illes Balears. Felicitaci\u00f3 a la nova secret\u00e0ria d&#8217;Estat de Turisme, Rosario S\u00e1nchez."},"content":{"rendered":"<p>La diputada eivissenca del PSOE al Congr\u00e9s dels Diputats, Milena Herrera, i el diputat de Menorca i portaveu de Turisme del PSOE, Pepe Mercadal, han explicat que el partit treballa per aprovar la jubilaci\u00f3 anticipada de les cambreres de pis i la implantaci\u00f3 dels llits elevables a tot el pa\u00eds, seguint l\u2019exemple de les Illes Balears. Aix\u00ed ho han informat en la Jornada sobre Turisme de la Federaci\u00f3 Socialista d\u2019Eivissa (FSE-PSOE), que aquesta tarda ha continuat amb una reuni\u00f3 amb representants de les associacions empresarials, despr\u00e9s que aquest mat\u00ed s\u2019ha mantengut una trobada amb els sindicats UGT i CCOO.<\/p>\n<p>Milena Herrera ha destacat que l\u2019objectiu \u00e9s implementar en el sector tur\u00edstic de tota Espanya les mesures aprovades de manera pionera a les Illes Balears durant els mandats de Francina Armengol. Justament, avui ha pres possessi\u00f3 del c\u00e0rrec de secret\u00e0ria d\u2019Estat de Turisme Rosario S\u00e1nchez, qui va ser consellera d\u2019Hisenda amb Francina Armengol. \u201cEls socialistes de les Balears estam avui d&#8217;enhorabona perqu\u00e8 es reconeix la feina que es va fer la passada legislatura en mat\u00e8ria tur\u00edstica, amb el nomenament de la nova secret\u00e0ria d&#8217;Estat de Turisme, a la qual volem felicitar des del partit\u201d, ha dit Milena Herrera.<\/p>\n<p>\u201c\u00c9s un reconeixement en el model de feina que v\u00e0rem implantar la passada legislatura, que pensa en la sostenibilitat ambiental, social i econ\u00f2mica de les Illes i molt especialment en les condicions de feina dels treballadors i de les treballadores, que han de poder fer feina de manera digna, han de tenir salaris d\u2019acord amb el cost de la vida, i aquest \u00e9s l&#8217;objectiu del Partit Socialista, que ara vol exportar en el Congr\u00e9s aquest model que v\u00e0rem implantar a les Balears la passada legislatura\u201d.<\/p>\n<p>El diputat Pepe Mercadal ha explicat que el turisme \u201c\u00e9s un sector que impulsa el creixement a Espanya\u201d, i que el pa\u00eds \u201ccreix en part gr\u00e0cies al sector serveis i espec\u00edficament en el sector tur\u00edstic\u201d. En aquest context, \u201chem d&#8217;aprofitar aquest creixement, aquest bon moment, no per conformar-nos, sin\u00f3 per transformar aquest sector, perqu\u00e8 dins el sector tamb\u00e9 tenim coses que no ens agraden\u201d, com s\u00f3n \u201calgunes injust\u00edcies en tema laboral\u201d. <\/p>\n<p>El PSOE considera que \u201cno hi ha qualitat tur\u00edstica sense qualitat laboral\u201d i que \u201csi hi ha injust\u00edcies, els socialistes estarem all\u00e0 per solucionar-ho\u201d. \u00c9s per aix\u00f2 que el Partit Socialista ha promogut \u201cuna proposta en el Congr\u00e9s de Diputats per estendre la mesura que v\u00e0rem prendre les Illes Balears dels llits elevables. Volem llits elevables a tots els hotels, no nom\u00e9s de les Balears, sin\u00f3 de tota Espanya\u201d. <\/p>\n<p>Una altra fita social molt important que defensa el PSOE \u00e9s la jubilaci\u00f3 anticipada de les cambreres de pis: \u201cVolem, i tamb\u00e9 ho hem demanat, aconseguir per a les cambreres de pis la tan demandada jubilaci\u00f3 anticipada\u201d, perqu\u00e8 \u201cs\u00f3n unes treballadores amb una feina que ha estat invisibilitzada; per\u00f2 indispensable per poder oferir un bon turisme, un turisme de qualitat\u201d. Unes treballadores \u201camb unes condicions laborals de vegades molt dures, amb lesions cr\u00f2niques, que han de ser considerades malalties laborals, i que mereixen de poder accedir a una jubilaci\u00f3 anticipada amb tota sa pensi\u00f3 sencera\u201d.<\/p>\n","protected":false},"excerpt":{"rendered":"<p>La diputada eivissenca del PSOE al Congr\u00e9s dels Diputats, Milena Herrera, i el diputat de Menorca i portaveu de Turisme del PSOE, Pepe Mercadal, han explicat que el partit treballa per aprovar la jubilaci\u00f3 anticipada de les cambreres de pis i la implantaci\u00f3 dels llits elevables a tot el pa\u00eds, seguint l\u2019exemple de les Illes&hellip;<\/p>\n","protected":false},"author":7,"featured_media":39145,"comment_status":"closed","ping_status":"closed","sticky":false,"template":"","format":"standard","meta":{"footnotes":""},"categories":[1,212,190],"tags":[],"class_list":["post-39144","post","type-post","status-publish","format-standard","has-post-thumbnail","hentry","category-federacio-de-eivissa-portada","category-fse-psoe","category-govern-despanya-congres-senat"],"yoast_head":"<!-- This site is optimized with the Yoast SEO plugin v26.9 - https:\/\/yoast.com\/product\/yoast-seo-wordpress\/ -->\n<title>El PSOE treballa al Congr\u00e9s dels Diputats per la jubilaci\u00f3 anticipada de les cambreres de pis i la implantaci\u00f3 a tot Espanya dels llits elevables, seguint l\u2019exemple de les Illes Balears. Felicitaci\u00f3 a la nova secret\u00e0ria d&#039;Estat de Turisme, Rosario S\u00e1nchez. - Federaci\u00f3 Socialista d&#039;Eivissa<\/title>\n<meta name=\"robots\" content=\"index, follow, max-snippet:-1, max-image-preview:large, max-video-preview:-1\" \/>\n<link rel=\"canonical\" href=\"https:\/\/www.psib-psoe.org\/eivissa\/el-psoe-treballa-al-congres-dels-diputats-per-la-jubilacio-anticipada-de-les-cambreres-de-pis-i-la-implantacio-a-tot-espanya-dels-llits-elevables-seguint-lexemple-de-les-illes-balears-felic\/\" \/>\n<meta property=\"og:locale\" content=\"ca_ES\" \/>\n<meta property=\"og:type\" content=\"article\" \/>\n<meta property=\"og:title\" content=\"El PSOE treballa al Congr\u00e9s dels Diputats per la jubilaci\u00f3 anticipada de les cambreres de pis i la implantaci\u00f3 a tot Espanya dels llits elevables, seguint l\u2019exemple de les Illes Balears. Felicitaci\u00f3 a la nova secret\u00e0ria d&#039;Estat de Turisme, Rosario S\u00e1nchez. - Federaci\u00f3 Socialista d&#039;Eivissa\" \/>\n<meta property=\"og:description\" content=\"La diputada eivissenca del PSOE al Congr\u00e9s dels Diputats, Milena Herrera, i el diputat de Menorca i portaveu de Turisme del PSOE, Pepe Mercadal, han explicat que el partit treballa per aprovar la jubilaci\u00f3 anticipada de les cambreres de pis i la implantaci\u00f3 dels llits elevables a tot el pa\u00eds, seguint l\u2019exemple de les Illes&hellip;\" \/>\n<meta property=\"og:url\" content=\"https:\/\/www.psib-psoe.org\/eivissa\/el-psoe-treballa-al-congres-dels-diputats-per-la-jubilacio-anticipada-de-les-cambreres-de-pis-i-la-implantacio-a-tot-espanya-dels-llits-elevables-seguint-lexemple-de-les-illes-balears-felic\/\" \/>\n<meta property=\"og:site_name\" content=\"Federaci\u00f3 Socialista d&#039;Eivissa\" \/>\n<meta property=\"article:published_time\" content=\"2024-05-06T15:48:21+00:00\" \/>\n<meta property=\"og:image\" content=\"https:\/\/www.psib-psoe.org\/eivissa\/wp-content\/uploads\/jornada-turisme-sindicats-scaled.jpg\" \/>\n\t<meta property=\"og:image:width\" content=\"2560\" \/>\n\t<meta property=\"og:image:height\" content=\"1437\" \/>\n\t<meta property=\"og:image:type\" content=\"image\/jpeg\" \/>\n<meta name=\"author\" content=\"Josep Ripoll\" \/>\n<meta name=\"twitter:card\" content=\"summary_large_image\" \/>\n<meta name=\"twitter:label1\" content=\"Escrit per\" \/>\n\t<meta name=\"twitter:data1\" content=\"Josep Ripoll\" \/>\n\t<meta name=\"twitter:label2\" content=\"Temps estimat de lectura\" \/>\n\t<meta name=\"twitter:data2\" content=\"3 minuts\" \/>\n<script type=\"application\/ld+json\" class=\"yoast-schema-graph\">{\"@context\":\"https:\/\/schema.org\",\"@graph\":[{\"@type\":[\"Article\",\"BlogPosting\"],\"@id\":\"https:\/\/www.psib-psoe.org\/eivissa\/el-psoe-treballa-al-congres-dels-diputats-per-la-jubilacio-anticipada-de-les-cambreres-de-pis-i-la-implantacio-a-tot-espanya-dels-llits-elevables-seguint-lexemple-de-les-illes-balears-felic\/#article\",\"isPartOf\":{\"@id\":\"https:\/\/www.psib-psoe.org\/eivissa\/el-psoe-treballa-al-congres-dels-diputats-per-la-jubilacio-anticipada-de-les-cambreres-de-pis-i-la-implantacio-a-tot-espanya-dels-llits-elevables-seguint-lexemple-de-les-illes-balears-felic\/\"},\"author\":{\"name\":\"Josep Ripoll\",\"@id\":\"https:\/\/www.psib-psoe.org\/eivissa\/#\/schema\/person\/7a9d2841fb36f32e34fc0e9b245e8117\"},\"headline\":\"El PSOE treballa al Congr\u00e9s dels Diputats per la jubilaci\u00f3 anticipada de les cambreres de pis i la implantaci\u00f3 a tot Espanya dels llits elevables, seguint l\u2019exemple de les Illes Balears. Felicitaci\u00f3 a la nova secret\u00e0ria d&#8217;Estat de Turisme, Rosario S\u00e1nchez.\",\"datePublished\":\"2024-05-06T15:48:21+00:00\",\"mainEntityOfPage\":{\"@id\":\"https:\/\/www.psib-psoe.org\/eivissa\/el-psoe-treballa-al-congres-dels-diputats-per-la-jubilacio-anticipada-de-les-cambreres-de-pis-i-la-implantacio-a-tot-espanya-dels-llits-elevables-seguint-lexemple-de-les-illes-balears-felic\/\"},\"wordCount\":596,\"publisher\":{\"@id\":\"https:\/\/www.psib-psoe.org\/eivissa\/#organization\"},\"image\":{\"@id\":\"https:\/\/www.psib-psoe.org\/eivissa\/el-psoe-treballa-al-congres-dels-diputats-per-la-jubilacio-anticipada-de-les-cambreres-de-pis-i-la-implantacio-a-tot-espanya-dels-llits-elevables-seguint-lexemple-de-les-illes-balears-felic\/#primaryimage\"},\"thumbnailUrl\":\"https:\/\/www.psib-psoe.org\/eivissa\/wp-content\/uploads\/jornada-turisme-sindicats-scaled.jpg\",\"articleSection\":[\"Federaci\u00f3 d'Eivissa - Portada\",\"FSE-PSOE\",\"Govern d'Espanya - Congr\u00e9s - Senat - PSOE Federal\"],\"inLanguage\":\"ca\"},{\"@type\":\"WebPage\",\"@id\":\"https:\/\/www.psib-psoe.org\/eivissa\/el-psoe-treballa-al-congres-dels-diputats-per-la-jubilacio-anticipada-de-les-cambreres-de-pis-i-la-implantacio-a-tot-espanya-dels-llits-elevables-seguint-lexemple-de-les-illes-balears-felic\/\",\"url\":\"https:\/\/www.psib-psoe.org\/eivissa\/el-psoe-treballa-al-congres-dels-diputats-per-la-jubilacio-anticipada-de-les-cambreres-de-pis-i-la-implantacio-a-tot-espanya-dels-llits-elevables-seguint-lexemple-de-les-illes-balears-felic\/\",\"name\":\"El PSOE treballa al Congr\u00e9s dels Diputats per la jubilaci\u00f3 anticipada de les cambreres de pis i la implantaci\u00f3 a tot Espanya dels llits elevables, seguint l\u2019exemple de les Illes Balears. Felicitaci\u00f3 a la nova secret\u00e0ria d'Estat de Turisme, Rosario S\u00e1nchez. - Federaci\u00f3 Socialista d&#039;Eivissa\",\"isPartOf\":{\"@id\":\"https:\/\/www.psib-psoe.org\/eivissa\/#website\"},\"primaryImageOfPage\":{\"@id\":\"https:\/\/www.psib-psoe.org\/eivissa\/el-psoe-treballa-al-congres-dels-diputats-per-la-jubilacio-anticipada-de-les-cambreres-de-pis-i-la-implantacio-a-tot-espanya-dels-llits-elevables-seguint-lexemple-de-les-illes-balears-felic\/#primaryimage\"},\"image\":{\"@id\":\"https:\/\/www.psib-psoe.org\/eivissa\/el-psoe-treballa-al-congres-dels-diputats-per-la-jubilacio-anticipada-de-les-cambreres-de-pis-i-la-implantacio-a-tot-espanya-dels-llits-elevables-seguint-lexemple-de-les-illes-balears-felic\/#primaryimage\"},\"thumbnailUrl\":\"https:\/\/www.psib-psoe.org\/eivissa\/wp-content\/uploads\/jornada-turisme-sindicats-scaled.jpg\",\"datePublished\":\"2024-05-06T15:48:21+00:00\",\"breadcrumb\":{\"@id\":\"https:\/\/www.psib-psoe.org\/eivissa\/el-psoe-treballa-al-congres-dels-diputats-per-la-jubilacio-anticipada-de-les-cambreres-de-pis-i-la-implantacio-a-tot-espanya-dels-llits-elevables-seguint-lexemple-de-les-illes-balears-felic\/#breadcrumb\"},\"inLanguage\":\"ca\",\"potentialAction\":[{\"@type\":\"ReadAction\",\"target\":[\"https:\/\/www.psib-psoe.org\/eivissa\/el-psoe-treballa-al-congres-dels-diputats-per-la-jubilacio-anticipada-de-les-cambreres-de-pis-i-la-implantacio-a-tot-espanya-dels-llits-elevables-seguint-lexemple-de-les-illes-balears-felic\/\"]}]},{\"@type\":\"ImageObject\",\"inLanguage\":\"ca\",\"@id\":\"https:\/\/www.psib-psoe.org\/eivissa\/el-psoe-treballa-al-congres-dels-diputats-per-la-jubilacio-anticipada-de-les-cambreres-de-pis-i-la-implantacio-a-tot-espanya-dels-llits-elevables-seguint-lexemple-de-les-illes-balears-felic\/#primaryimage\",\"url\":\"https:\/\/www.psib-psoe.org\/eivissa\/wp-content\/uploads\/jornada-turisme-sindicats-scaled.jpg\",\"contentUrl\":\"https:\/\/www.psib-psoe.org\/eivissa\/wp-content\/uploads\/jornada-turisme-sindicats-scaled.jpg\",\"width\":2560,\"height\":1437},{\"@type\":\"BreadcrumbList\",\"@id\":\"https:\/\/www.psib-psoe.org\/eivissa\/el-psoe-treballa-al-congres-dels-diputats-per-la-jubilacio-anticipada-de-les-cambreres-de-pis-i-la-implantacio-a-tot-espanya-dels-llits-elevables-seguint-lexemple-de-les-illes-balears-felic\/#breadcrumb\",\"itemListElement\":[{\"@type\":\"ListItem\",\"position\":1,\"name\":\"Inici\",\"item\":\"https:\/\/www.psib-psoe.org\/eivissa\/\"},{\"@type\":\"ListItem\",\"position\":2,\"name\":\"El PSOE treballa al Congr\u00e9s dels Diputats per la jubilaci\u00f3 anticipada de les cambreres de pis i la implantaci\u00f3 a tot Espanya dels llits elevables, seguint l\u2019exemple de les Illes Balears. Felicitaci\u00f3 a la nova secret\u00e0ria d&#8217;Estat de Turisme, Rosario S\u00e1nchez.\"}]},{\"@type\":\"WebSite\",\"@id\":\"https:\/\/www.psib-psoe.org\/eivissa\/#website\",\"url\":\"https:\/\/www.psib-psoe.org\/eivissa\/\",\"name\":\"Federaci\u00f3 Socialista d'Eivissa\",\"description\":\"Socialistes d&#039;Eivissa\",\"publisher\":{\"@id\":\"https:\/\/www.psib-psoe.org\/eivissa\/#organization\"},\"potentialAction\":[{\"@type\":\"SearchAction\",\"target\":{\"@type\":\"EntryPoint\",\"urlTemplate\":\"https:\/\/www.psib-psoe.org\/eivissa\/?s={search_term_string}\"},\"query-input\":{\"@type\":\"PropertyValueSpecification\",\"valueRequired\":true,\"valueName\":\"search_term_string\"}}],\"inLanguage\":\"ca\"},{\"@type\":\"Organization\",\"@id\":\"https:\/\/www.psib-psoe.org\/eivissa\/#organization\",\"name\":\"Federaci\u00f3 Socialista d'Eivissa\",\"url\":\"https:\/\/www.psib-psoe.org\/eivissa\/\",\"logo\":{\"@type\":\"ImageObject\",\"inLanguage\":\"ca\",\"@id\":\"https:\/\/www.psib-psoe.org\/eivissa\/#\/schema\/logo\/image\/\",\"url\":\"https:\/\/www.psib-psoe.org\/eivissa\/wp-content\/uploads\/LOGO-FSE-SOCIALISTA-DEIVISSA-HORI.png\",\"contentUrl\":\"https:\/\/www.psib-psoe.org\/eivissa\/wp-content\/uploads\/LOGO-FSE-SOCIALISTA-DEIVISSA-HORI.png\",\"width\":6000,\"height\":3104,\"caption\":\"Federaci\u00f3 Socialista d'Eivissa\"},\"image\":{\"@id\":\"https:\/\/www.psib-psoe.org\/eivissa\/#\/schema\/logo\/image\/\"}},{\"@type\":\"Person\",\"@id\":\"https:\/\/www.psib-psoe.org\/eivissa\/#\/schema\/person\/7a9d2841fb36f32e34fc0e9b245e8117\",\"name\":\"Josep Ripoll\",\"sameAs\":[\"http:\/\/www.psib-psoe.org\/eivissa\/wp-login.php\"],\"url\":\"https:\/\/www.psib-psoe.org\/eivissa\/author\/josep\/\"}]}<\/script>\n<!-- \/ Yoast SEO plugin. -->","yoast_head_json":{"title":"El PSOE treballa al Congr\u00e9s dels Diputats per la jubilaci\u00f3 anticipada de les cambreres de pis i la implantaci\u00f3 a tot Espanya dels llits elevables, seguint l\u2019exemple de les Illes Balears. Felicitaci\u00f3 a la nova secret\u00e0ria d'Estat de Turisme, Rosario S\u00e1nchez. - Federaci\u00f3 Socialista d&#039;Eivissa","robots":{"index":"index","follow":"follow","max-snippet":"max-snippet:-1","max-image-preview":"max-image-preview:large","max-video-preview":"max-video-preview:-1"},"canonical":"https:\/\/www.psib-psoe.org\/eivissa\/el-psoe-treballa-al-congres-dels-diputats-per-la-jubilacio-anticipada-de-les-cambreres-de-pis-i-la-implantacio-a-tot-espanya-dels-llits-elevables-seguint-lexemple-de-les-illes-balears-felic\/","og_locale":"ca_ES","og_type":"article","og_title":"El PSOE treballa al Congr\u00e9s dels Diputats per la jubilaci\u00f3 anticipada de les cambreres de pis i la implantaci\u00f3 a tot Espanya dels llits elevables, seguint l\u2019exemple de les Illes Balears. Felicitaci\u00f3 a la nova secret\u00e0ria d'Estat de Turisme, Rosario S\u00e1nchez. - Federaci\u00f3 Socialista d&#039;Eivissa","og_description":"La diputada eivissenca del PSOE al Congr\u00e9s dels Diputats, Milena Herrera, i el diputat de Menorca i portaveu de Turisme del PSOE, Pepe Mercadal, han explicat que el partit treballa per aprovar la jubilaci\u00f3 anticipada de les cambreres de pis i la implantaci\u00f3 dels llits elevables a tot el pa\u00eds, seguint l\u2019exemple de les Illes&hellip;","og_url":"https:\/\/www.psib-psoe.org\/eivissa\/el-psoe-treballa-al-congres-dels-diputats-per-la-jubilacio-anticipada-de-les-cambreres-de-pis-i-la-implantacio-a-tot-espanya-dels-llits-elevables-seguint-lexemple-de-les-illes-balears-felic\/","og_site_name":"Federaci\u00f3 Socialista d&#039;Eivissa","article_published_time":"2024-05-06T15:48:21+00:00","og_image":[{"width":2560,"height":1437,"url":"https:\/\/www.psib-psoe.org\/eivissa\/wp-content\/uploads\/jornada-turisme-sindicats-scaled.jpg","type":"image\/jpeg"}],"author":"Josep Ripoll","twitter_card":"summary_large_image","twitter_misc":{"Escrit per":"Josep Ripoll","Temps estimat de lectura":"3 minuts"},"schema":{"@context":"https:\/\/schema.org","@graph":[{"@type":["Article","BlogPosting"],"@id":"https:\/\/www.psib-psoe.org\/eivissa\/el-psoe-treballa-al-congres-dels-diputats-per-la-jubilacio-anticipada-de-les-cambreres-de-pis-i-la-implantacio-a-tot-espanya-dels-llits-elevables-seguint-lexemple-de-les-illes-balears-felic\/#article","isPartOf":{"@id":"https:\/\/www.psib-psoe.org\/eivissa\/el-psoe-treballa-al-congres-dels-diputats-per-la-jubilacio-anticipada-de-les-cambreres-de-pis-i-la-implantacio-a-tot-espanya-dels-llits-elevables-seguint-lexemple-de-les-illes-balears-felic\/"},"author":{"name":"Josep Ripoll","@id":"https:\/\/www.psib-psoe.org\/eivissa\/#\/schema\/person\/7a9d2841fb36f32e34fc0e9b245e8117"},"headline":"El PSOE treballa al Congr\u00e9s dels Diputats per la jubilaci\u00f3 anticipada de les cambreres de pis i la implantaci\u00f3 a tot Espanya dels llits elevables, seguint l\u2019exemple de les Illes Balears. Felicitaci\u00f3 a la nova secret\u00e0ria d&#8217;Estat de Turisme, Rosario S\u00e1nchez.","datePublished":"2024-05-06T15:48:21+00:00","mainEntityOfPage":{"@id":"https:\/\/www.psib-psoe.org\/eivissa\/el-psoe-treballa-al-congres-dels-diputats-per-la-jubilacio-anticipada-de-les-cambreres-de-pis-i-la-implantacio-a-tot-espanya-dels-llits-elevables-seguint-lexemple-de-les-illes-balears-felic\/"},"wordCount":596,"publisher":{"@id":"https:\/\/www.psib-psoe.org\/eivissa\/#organization"},"image":{"@id":"https:\/\/www.psib-psoe.org\/eivissa\/el-psoe-treballa-al-congres-dels-diputats-per-la-jubilacio-anticipada-de-les-cambreres-de-pis-i-la-implantacio-a-tot-espanya-dels-llits-elevables-seguint-lexemple-de-les-illes-balears-felic\/#primaryimage"},"thumbnailUrl":"https:\/\/www.psib-psoe.org\/eivissa\/wp-content\/uploads\/jornada-turisme-sindicats-scaled.jpg","articleSection":["Federaci\u00f3 d'Eivissa - Portada","FSE-PSOE","Govern d'Espanya - Congr\u00e9s - Senat - PSOE Federal"],"inLanguage":"ca"},{"@type":"WebPage","@id":"https:\/\/www.psib-psoe.org\/eivissa\/el-psoe-treballa-al-congres-dels-diputats-per-la-jubilacio-anticipada-de-les-cambreres-de-pis-i-la-implantacio-a-tot-espanya-dels-llits-elevables-seguint-lexemple-de-les-illes-balears-felic\/","url":"https:\/\/www.psib-psoe.org\/eivissa\/el-psoe-treballa-al-congres-dels-diputats-per-la-jubilacio-anticipada-de-les-cambreres-de-pis-i-la-implantacio-a-tot-espanya-dels-llits-elevables-seguint-lexemple-de-les-illes-balears-felic\/","name":"El PSOE treballa al Congr\u00e9s dels Diputats per la jubilaci\u00f3 anticipada de les cambreres de pis i la implantaci\u00f3 a tot Espanya dels llits elevables, seguint l\u2019exemple de les Illes Balears. Felicitaci\u00f3 a la nova secret\u00e0ria d'Estat de Turisme, Rosario S\u00e1nchez. - Federaci\u00f3 Socialista d&#039;Eivissa","isPartOf":{"@id":"https:\/\/www.psib-psoe.org\/eivissa\/#website"},"primaryImageOfPage":{"@id":"https:\/\/www.psib-psoe.org\/eivissa\/el-psoe-treballa-al-congres-dels-diputats-per-la-jubilacio-anticipada-de-les-cambreres-de-pis-i-la-implantacio-a-tot-espanya-dels-llits-elevables-seguint-lexemple-de-les-illes-balears-felic\/#primaryimage"},"image":{"@id":"https:\/\/www.psib-psoe.org\/eivissa\/el-psoe-treballa-al-congres-dels-diputats-per-la-jubilacio-anticipada-de-les-cambreres-de-pis-i-la-implantacio-a-tot-espanya-dels-llits-elevables-seguint-lexemple-de-les-illes-balears-felic\/#primaryimage"},"thumbnailUrl":"https:\/\/www.psib-psoe.org\/eivissa\/wp-content\/uploads\/jornada-turisme-sindicats-scaled.jpg","datePublished":"2024-05-06T15:48:21+00:00","breadcrumb":{"@id":"https:\/\/www.psib-psoe.org\/eivissa\/el-psoe-treballa-al-congres-dels-diputats-per-la-jubilacio-anticipada-de-les-cambreres-de-pis-i-la-implantacio-a-tot-espanya-dels-llits-elevables-seguint-lexemple-de-les-illes-balears-felic\/#breadcrumb"},"inLanguage":"ca","potentialAction":[{"@type":"ReadAction","target":["https:\/\/www.psib-psoe.org\/eivissa\/el-psoe-treballa-al-congres-dels-diputats-per-la-jubilacio-anticipada-de-les-cambreres-de-pis-i-la-implantacio-a-tot-espanya-dels-llits-elevables-seguint-lexemple-de-les-illes-balears-felic\/"]}]},{"@type":"ImageObject","inLanguage":"ca","@id":"https:\/\/www.psib-psoe.org\/eivissa\/el-psoe-treballa-al-congres-dels-diputats-per-la-jubilacio-anticipada-de-les-cambreres-de-pis-i-la-implantacio-a-tot-espanya-dels-llits-elevables-seguint-lexemple-de-les-illes-balears-felic\/#primaryimage","url":"https:\/\/www.psib-psoe.org\/eivissa\/wp-content\/uploads\/jornada-turisme-sindicats-scaled.jpg","contentUrl":"https:\/\/www.psib-psoe.org\/eivissa\/wp-content\/uploads\/jornada-turisme-sindicats-scaled.jpg","width":2560,"height":1437},{"@type":"BreadcrumbList","@id":"https:\/\/www.psib-psoe.org\/eivissa\/el-psoe-treballa-al-congres-dels-diputats-per-la-jubilacio-anticipada-de-les-cambreres-de-pis-i-la-implantacio-a-tot-espanya-dels-llits-elevables-seguint-lexemple-de-les-illes-balears-felic\/#breadcrumb","itemListElement":[{"@type":"ListItem","position":1,"name":"Inici","item":"https:\/\/www.psib-psoe.org\/eivissa\/"},{"@type":"ListItem","position":2,"name":"El PSOE treballa al Congr\u00e9s dels Diputats per la jubilaci\u00f3 anticipada de les cambreres de pis i la implantaci\u00f3 a tot Espanya dels llits elevables, seguint l\u2019exemple de les Illes Balears. Felicitaci\u00f3 a la nova secret\u00e0ria d&#8217;Estat de Turisme, Rosario S\u00e1nchez."}]},{"@type":"WebSite","@id":"https:\/\/www.psib-psoe.org\/eivissa\/#website","url":"https:\/\/www.psib-psoe.org\/eivissa\/","name":"Federaci\u00f3 Socialista d'Eivissa","description":"Socialistes d&#039;Eivissa","publisher":{"@id":"https:\/\/www.psib-psoe.org\/eivissa\/#organization"},"potentialAction":[{"@type":"SearchAction","target":{"@type":"EntryPoint","urlTemplate":"https:\/\/www.psib-psoe.org\/eivissa\/?s={search_term_string}"},"query-input":{"@type":"PropertyValueSpecification","valueRequired":true,"valueName":"search_term_string"}}],"inLanguage":"ca"},{"@type":"Organization","@id":"https:\/\/www.psib-psoe.org\/eivissa\/#organization","name":"Federaci\u00f3 Socialista d'Eivissa","url":"https:\/\/www.psib-psoe.org\/eivissa\/","logo":{"@type":"ImageObject","inLanguage":"ca","@id":"https:\/\/www.psib-psoe.org\/eivissa\/#\/schema\/logo\/image\/","url":"https:\/\/www.psib-psoe.org\/eivissa\/wp-content\/uploads\/LOGO-FSE-SOCIALISTA-DEIVISSA-HORI.png","contentUrl":"https:\/\/www.psib-psoe.org\/eivissa\/wp-content\/uploads\/LOGO-FSE-SOCIALISTA-DEIVISSA-HORI.png","width":6000,"height":3104,"caption":"Federaci\u00f3 Socialista d'Eivissa"},"image":{"@id":"https:\/\/www.psib-psoe.org\/eivissa\/#\/schema\/logo\/image\/"}},{"@type":"Person","@id":"https:\/\/www.psib-psoe.org\/eivissa\/#\/schema\/person\/7a9d2841fb36f32e34fc0e9b245e8117","name":"Josep Ripoll","sameAs":["http:\/\/www.psib-psoe.org\/eivissa\/wp-login.php"],"url":"https:\/\/www.psib-psoe.org\/eivissa\/author\/josep\/"}]}},"_links":{"self":[{"href":"https:\/\/www.psib-psoe.org\/eivissa\/wp-json\/wp\/v2\/posts\/39144","targetHints":{"allow":["GET"]}}],"collection":[{"href":"https:\/\/www.psib-psoe.org\/eivissa\/wp-json\/wp\/v2\/posts"}],"about":[{"href":"https:\/\/www.psib-psoe.org\/eivissa\/wp-json\/wp\/v2\/types\/post"}],"author":[{"embeddable":true,"href":"https:\/\/www.psib-psoe.org\/eivissa\/wp-json\/wp\/v2\/users\/7"}],"replies":[{"embeddable":true,"href":"https:\/\/www.psib-psoe.org\/eivissa\/wp-json\/wp\/v2\/comments?post=39144"}],"version-history":[{"count":1,"href":"https:\/\/www.psib-psoe.org\/eivissa\/wp-json\/wp\/v2\/posts\/39144\/revisions"}],"predecessor-version":[{"id":39146,"href":"https:\/\/www.psib-psoe.org\/eivissa\/wp-json\/wp\/v2\/posts\/39144\/revisions\/39146"}],"wp:featuredmedia":[{"embeddable":true,"href":"https:\/\/www.psib-psoe.org\/eivissa\/wp-json\/wp\/v2\/media\/39145"}],"wp:attachment":[{"href":"https:\/\/www.psib-psoe.org\/eivissa\/wp-json\/wp\/v2\/media?parent=39144"}],"wp:term":[{"taxonomy":"category","embeddable":true,"href":"https:\/\/www.psib-psoe.org\/eivissa\/wp-json\/wp\/v2\/categories?post=39144"},{"taxonomy":"post_tag","embeddable":true,"href":"https:\/\/www.psib-psoe.org\/eivissa\/wp-json\/wp\/v2\/tags?post=39144"}],"curies":[{"name":"wp","href":"https:\/\/api.w.org\/{rel}","templated":true}]}}