{"id":39164,"date":"2024-05-15T13:06:27","date_gmt":"2024-05-15T11:06:27","guid":{"rendered":"https:\/\/www.psib-psoe.org\/eivissa\/?p=39164"},"modified":"2024-05-15T13:06:27","modified_gmt":"2024-05-15T11:06:27","slug":"triguero-condemna-al-barri-des-pratet-a-un-any-daillament-a-causa-del-canvi-que-ha-fet-en-la-planificacio-de-lobra-de-remodelacio-del-carrer-de-pere-frances","status":"publish","type":"post","link":"https:\/\/www.psib-psoe.org\/eivissa\/triguero-condemna-al-barri-des-pratet-a-un-any-daillament-a-causa-del-canvi-que-ha-fet-en-la-planificacio-de-lobra-de-remodelacio-del-carrer-de-pere-frances\/","title":{"rendered":"Triguero condemna al barri des Pratet a un any d&#8217;a\u00efllament a causa del canvi que ha fet en la planificaci\u00f3 de l&#8217;obra de remodelaci\u00f3 del carrer de Pere Franc\u00e8s"},"content":{"rendered":"<p>L&#8217;Agrupaci\u00f3 Socialista d&#8217;Eivissa denuncia que el canvi en la planificaci\u00f3 de l&#8217;obra de Pere Franc\u00e8s, executat per Triguero i el seu equip, ha condemnat al barri des Pratet a un a\u00efllament motivat per l&#8217;any d&#8217;obres previst a la zona.<\/p>\n<p>Avui mateix, sense cap informaci\u00f3 pr\u00e8via ni av\u00eds al ve\u00efnat ni a les associacions que hi ha al barri, s&#8217;ha produ\u00eft un tall d&#8217;aigua que ha deixat sense aquest subministrament b\u00e0sic a tota la zona on es troben associacions de car\u00e0cter sanitari, un establiment hoteler i molts establiments comercials com perruqueries, botigues de subministraments, farm\u00e0cia, bars i restaurants.<\/p>\n<p>Els problemes van m\u00e9s enll\u00e0 d&#8217;aquesta situaci\u00f3 que s&#8217;est\u00e0 produint en aquests moments i que impliquen, des del comen\u00e7ament de l&#8217;obra, una manca generalitzada d&#8217;informaci\u00f3, tant a les associacions com a la ciutadania en general, dels carrers tancats a la circulaci\u00f3. Tamb\u00e9 es produeixen moltes dificultats de mobilitat al carrer, sense habilitar entrades adaptades als establiments comercials on s&#8217;han produ\u00eft accidents de caigudes al terra de ve\u00efns, i amb moltes dificultats perqu\u00e8 accedeixin els serveis sanitaris i d&#8217;emerg\u00e8ncia.<\/p>\n<p>El ve\u00efnat i el sector comercial es troben abandonats i a\u00efllats per Triguero i el seu equip que es dedica a fer-se fotos i v\u00eddeos fent-se autopromoci\u00f3 mentre deixen abandonat el barri des Pratet.<\/p>\n<p>Un dels exemples m\u00e9s clamorosos \u00e9s la farm\u00e0cia del barri i altres establiments com l&#8217;hoteler, que es troben a\u00efllats i per poder accedir-hi, les persones i clients han de sortir a l&#8217;avinguda d&#8217;Ignasi Wallis. L&#8217;actual equip del PP de l&#8217;Ajuntament d&#8217;Eivissa, encap\u00e7alat per Triguero i la regidora de Vies i Obres, Blanca Hern\u00e1ndez, encarregada de l&#8217;execuci\u00f3 de l&#8217;obra, han condemnat el barri a un a\u00efllament que s&#8217;allargar\u00e0 fins al mes de juliol o agost. Un any d&#8217;obres per a remodelar un carrer de la ciutat que est\u00e0 provocant caos en la circulaci\u00f3 i moltes dificultats i perill de mobilitat pel ve\u00efnat i comerciants. Les obres estan causant tamb\u00e9 talls de serveis b\u00e0sics sense av\u00eds previ ni informaci\u00f3.<\/p>\n<p>Les obres de remodelaci\u00f3 del carrer de Pere Franc\u00e8s van comen\u00e7ar al mes d&#8217;octubre i es tracta d&#8217;un projecte que els socialistes v\u00e0rem deixar redactat i licitat i que tenia una durada de 8 mesos, un termini amb el que les obres acabarien aquest mes de maig.<\/p>\n<p>La decisi\u00f3 de Triguero far\u00e0 que les obres continuin en plena temporada tur\u00edstica, un fet que s&#8217;hagu\u00e9s pogut evitar mantenint la planificaci\u00f3 original de l&#8217;obra. Ara, amb l&#8217;afany de Triguero de canviar la planificaci\u00f3 de l&#8217;obra a quasi un any, aquesta s&#8217;allarga sense dia d&#8217;acabament clar i causant molts de problemes a la ciutadania, al ve\u00efnat i als comer\u00e7os i establiments.<\/p>\n<p>Des del PSOE, reclamem que l&#8217;equip de govern es faci c\u00e0rrec de la situaci\u00f3 del barri i que atengui el ve\u00efnat com es mereix, amb informaci\u00f3, i impulsant l&#8217;obra per tal que acabi com m\u00e9s aviat millor.<\/p>\n","protected":false},"excerpt":{"rendered":"<p>L&#8217;Agrupaci\u00f3 Socialista d&#8217;Eivissa denuncia que el canvi en la planificaci\u00f3 de l&#8217;obra de Pere Franc\u00e8s, executat per Triguero i el seu equip, ha condemnat al barri des Pratet a un a\u00efllament motivat per l&#8217;any d&#8217;obres previst a la zona. Avui mateix, sense cap informaci\u00f3 pr\u00e8via ni av\u00eds al ve\u00efnat ni a les associacions que hi&hellip;<\/p>\n","protected":false},"author":15,"featured_media":39165,"comment_status":"closed","ping_status":"closed","sticky":false,"template":"","format":"standard","meta":{"footnotes":""},"categories":[183,1,234],"tags":[],"class_list":["post-39164","post","type-post","status-publish","format-standard","has-post-thumbnail","hentry","category-ciutat-deivissa","category-federacio-de-eivissa-portada","category-municipis"],"yoast_head":"<!-- This site is optimized with the Yoast SEO plugin v26.9 - https:\/\/yoast.com\/product\/yoast-seo-wordpress\/ -->\n<title>Triguero condemna al barri des Pratet a un any d&#039;a\u00efllament a causa del canvi que ha fet en la planificaci\u00f3 de l&#039;obra de remodelaci\u00f3 del carrer de Pere Franc\u00e8s - Federaci\u00f3 Socialista d&#039;Eivissa<\/title>\n<meta name=\"robots\" content=\"index, follow, max-snippet:-1, max-image-preview:large, max-video-preview:-1\" \/>\n<link rel=\"canonical\" href=\"https:\/\/www.psib-psoe.org\/eivissa\/triguero-condemna-al-barri-des-pratet-a-un-any-daillament-a-causa-del-canvi-que-ha-fet-en-la-planificacio-de-lobra-de-remodelacio-del-carrer-de-pere-frances\/\" \/>\n<meta property=\"og:locale\" content=\"ca_ES\" \/>\n<meta property=\"og:type\" content=\"article\" \/>\n<meta property=\"og:title\" content=\"Triguero condemna al barri des Pratet a un any d&#039;a\u00efllament a causa del canvi que ha fet en la planificaci\u00f3 de l&#039;obra de remodelaci\u00f3 del carrer de Pere Franc\u00e8s - Federaci\u00f3 Socialista d&#039;Eivissa\" \/>\n<meta property=\"og:description\" content=\"L&#8217;Agrupaci\u00f3 Socialista d&#8217;Eivissa denuncia que el canvi en la planificaci\u00f3 de l&#8217;obra de Pere Franc\u00e8s, executat per Triguero i el seu equip, ha condemnat al barri des Pratet a un a\u00efllament motivat per l&#8217;any d&#8217;obres previst a la zona. Avui mateix, sense cap informaci\u00f3 pr\u00e8via ni av\u00eds al ve\u00efnat ni a les associacions que hi&hellip;\" \/>\n<meta property=\"og:url\" content=\"https:\/\/www.psib-psoe.org\/eivissa\/triguero-condemna-al-barri-des-pratet-a-un-any-daillament-a-causa-del-canvi-que-ha-fet-en-la-planificacio-de-lobra-de-remodelacio-del-carrer-de-pere-frances\/\" \/>\n<meta property=\"og:site_name\" content=\"Federaci\u00f3 Socialista d&#039;Eivissa\" \/>\n<meta property=\"article:published_time\" content=\"2024-05-15T11:06:27+00:00\" \/>\n<meta property=\"og:image\" content=\"https:\/\/www.psib-psoe.org\/eivissa\/wp-content\/uploads\/image_123650291.jpg\" \/>\n\t<meta property=\"og:image:width\" content=\"2048\" \/>\n\t<meta property=\"og:image:height\" content=\"1536\" \/>\n\t<meta property=\"og:image:type\" content=\"image\/jpeg\" \/>\n<meta name=\"author\" content=\"Tita Tur\" \/>\n<meta name=\"twitter:card\" content=\"summary_large_image\" \/>\n<meta name=\"twitter:label1\" content=\"Escrit per\" \/>\n\t<meta name=\"twitter:data1\" content=\"Tita Tur\" \/>\n\t<meta name=\"twitter:label2\" content=\"Temps estimat de lectura\" \/>\n\t<meta name=\"twitter:data2\" content=\"3 minuts\" \/>\n<script type=\"application\/ld+json\" class=\"yoast-schema-graph\">{\"@context\":\"https:\/\/schema.org\",\"@graph\":[{\"@type\":[\"Article\",\"BlogPosting\"],\"@id\":\"https:\/\/www.psib-psoe.org\/eivissa\/triguero-condemna-al-barri-des-pratet-a-un-any-daillament-a-causa-del-canvi-que-ha-fet-en-la-planificacio-de-lobra-de-remodelacio-del-carrer-de-pere-frances\/#article\",\"isPartOf\":{\"@id\":\"https:\/\/www.psib-psoe.org\/eivissa\/triguero-condemna-al-barri-des-pratet-a-un-any-daillament-a-causa-del-canvi-que-ha-fet-en-la-planificacio-de-lobra-de-remodelacio-del-carrer-de-pere-frances\/\"},\"author\":{\"name\":\"Tita Tur\",\"@id\":\"https:\/\/www.psib-psoe.org\/eivissa\/#\/schema\/person\/706742f1e7e07ce08bd017f09ea62ace\"},\"headline\":\"Triguero condemna al barri des Pratet a un any d&#8217;a\u00efllament a causa del canvi que ha fet en la planificaci\u00f3 de l&#8217;obra de remodelaci\u00f3 del carrer de Pere Franc\u00e8s\",\"datePublished\":\"2024-05-15T11:06:27+00:00\",\"mainEntityOfPage\":{\"@id\":\"https:\/\/www.psib-psoe.org\/eivissa\/triguero-condemna-al-barri-des-pratet-a-un-any-daillament-a-causa-del-canvi-que-ha-fet-en-la-planificacio-de-lobra-de-remodelacio-del-carrer-de-pere-frances\/\"},\"wordCount\":537,\"publisher\":{\"@id\":\"https:\/\/www.psib-psoe.org\/eivissa\/#organization\"},\"image\":{\"@id\":\"https:\/\/www.psib-psoe.org\/eivissa\/triguero-condemna-al-barri-des-pratet-a-un-any-daillament-a-causa-del-canvi-que-ha-fet-en-la-planificacio-de-lobra-de-remodelacio-del-carrer-de-pere-frances\/#primaryimage\"},\"thumbnailUrl\":\"https:\/\/www.psib-psoe.org\/eivissa\/wp-content\/uploads\/image_123650291.jpg\",\"articleSection\":[\"Ciutat d'Eivissa\",\"Federaci\u00f3 d'Eivissa - Portada\",\"Municipis\"],\"inLanguage\":\"ca\"},{\"@type\":\"WebPage\",\"@id\":\"https:\/\/www.psib-psoe.org\/eivissa\/triguero-condemna-al-barri-des-pratet-a-un-any-daillament-a-causa-del-canvi-que-ha-fet-en-la-planificacio-de-lobra-de-remodelacio-del-carrer-de-pere-frances\/\",\"url\":\"https:\/\/www.psib-psoe.org\/eivissa\/triguero-condemna-al-barri-des-pratet-a-un-any-daillament-a-causa-del-canvi-que-ha-fet-en-la-planificacio-de-lobra-de-remodelacio-del-carrer-de-pere-frances\/\",\"name\":\"Triguero condemna al barri des Pratet a un any d'a\u00efllament a causa del canvi que ha fet en la planificaci\u00f3 de l'obra de remodelaci\u00f3 del carrer de Pere Franc\u00e8s - Federaci\u00f3 Socialista d&#039;Eivissa\",\"isPartOf\":{\"@id\":\"https:\/\/www.psib-psoe.org\/eivissa\/#website\"},\"primaryImageOfPage\":{\"@id\":\"https:\/\/www.psib-psoe.org\/eivissa\/triguero-condemna-al-barri-des-pratet-a-un-any-daillament-a-causa-del-canvi-que-ha-fet-en-la-planificacio-de-lobra-de-remodelacio-del-carrer-de-pere-frances\/#primaryimage\"},\"image\":{\"@id\":\"https:\/\/www.psib-psoe.org\/eivissa\/triguero-condemna-al-barri-des-pratet-a-un-any-daillament-a-causa-del-canvi-que-ha-fet-en-la-planificacio-de-lobra-de-remodelacio-del-carrer-de-pere-frances\/#primaryimage\"},\"thumbnailUrl\":\"https:\/\/www.psib-psoe.org\/eivissa\/wp-content\/uploads\/image_123650291.jpg\",\"datePublished\":\"2024-05-15T11:06:27+00:00\",\"breadcrumb\":{\"@id\":\"https:\/\/www.psib-psoe.org\/eivissa\/triguero-condemna-al-barri-des-pratet-a-un-any-daillament-a-causa-del-canvi-que-ha-fet-en-la-planificacio-de-lobra-de-remodelacio-del-carrer-de-pere-frances\/#breadcrumb\"},\"inLanguage\":\"ca\",\"potentialAction\":[{\"@type\":\"ReadAction\",\"target\":[\"https:\/\/www.psib-psoe.org\/eivissa\/triguero-condemna-al-barri-des-pratet-a-un-any-daillament-a-causa-del-canvi-que-ha-fet-en-la-planificacio-de-lobra-de-remodelacio-del-carrer-de-pere-frances\/\"]}]},{\"@type\":\"ImageObject\",\"inLanguage\":\"ca\",\"@id\":\"https:\/\/www.psib-psoe.org\/eivissa\/triguero-condemna-al-barri-des-pratet-a-un-any-daillament-a-causa-del-canvi-que-ha-fet-en-la-planificacio-de-lobra-de-remodelacio-del-carrer-de-pere-frances\/#primaryimage\",\"url\":\"https:\/\/www.psib-psoe.org\/eivissa\/wp-content\/uploads\/image_123650291.jpg\",\"contentUrl\":\"https:\/\/www.psib-psoe.org\/eivissa\/wp-content\/uploads\/image_123650291.jpg\",\"width\":2048,\"height\":1536},{\"@type\":\"BreadcrumbList\",\"@id\":\"https:\/\/www.psib-psoe.org\/eivissa\/triguero-condemna-al-barri-des-pratet-a-un-any-daillament-a-causa-del-canvi-que-ha-fet-en-la-planificacio-de-lobra-de-remodelacio-del-carrer-de-pere-frances\/#breadcrumb\",\"itemListElement\":[{\"@type\":\"ListItem\",\"position\":1,\"name\":\"Inici\",\"item\":\"https:\/\/www.psib-psoe.org\/eivissa\/\"},{\"@type\":\"ListItem\",\"position\":2,\"name\":\"Triguero condemna al barri des Pratet a un any d&#8217;a\u00efllament a causa del canvi que ha fet en la planificaci\u00f3 de l&#8217;obra de remodelaci\u00f3 del carrer de Pere Franc\u00e8s\"}]},{\"@type\":\"WebSite\",\"@id\":\"https:\/\/www.psib-psoe.org\/eivissa\/#website\",\"url\":\"https:\/\/www.psib-psoe.org\/eivissa\/\",\"name\":\"Federaci\u00f3 Socialista d'Eivissa\",\"description\":\"Socialistes d&#039;Eivissa\",\"publisher\":{\"@id\":\"https:\/\/www.psib-psoe.org\/eivissa\/#organization\"},\"potentialAction\":[{\"@type\":\"SearchAction\",\"target\":{\"@type\":\"EntryPoint\",\"urlTemplate\":\"https:\/\/www.psib-psoe.org\/eivissa\/?s={search_term_string}\"},\"query-input\":{\"@type\":\"PropertyValueSpecification\",\"valueRequired\":true,\"valueName\":\"search_term_string\"}}],\"inLanguage\":\"ca\"},{\"@type\":\"Organization\",\"@id\":\"https:\/\/www.psib-psoe.org\/eivissa\/#organization\",\"name\":\"Federaci\u00f3 Socialista d'Eivissa\",\"url\":\"https:\/\/www.psib-psoe.org\/eivissa\/\",\"logo\":{\"@type\":\"ImageObject\",\"inLanguage\":\"ca\",\"@id\":\"https:\/\/www.psib-psoe.org\/eivissa\/#\/schema\/logo\/image\/\",\"url\":\"https:\/\/www.psib-psoe.org\/eivissa\/wp-content\/uploads\/LOGO-FSE-SOCIALISTA-DEIVISSA-HORI.png\",\"contentUrl\":\"https:\/\/www.psib-psoe.org\/eivissa\/wp-content\/uploads\/LOGO-FSE-SOCIALISTA-DEIVISSA-HORI.png\",\"width\":6000,\"height\":3104,\"caption\":\"Federaci\u00f3 Socialista d'Eivissa\"},\"image\":{\"@id\":\"https:\/\/www.psib-psoe.org\/eivissa\/#\/schema\/logo\/image\/\"}},{\"@type\":\"Person\",\"@id\":\"https:\/\/www.psib-psoe.org\/eivissa\/#\/schema\/person\/706742f1e7e07ce08bd017f09ea62ace\",\"name\":\"Tita Tur\",\"url\":\"https:\/\/www.psib-psoe.org\/eivissa\/author\/tita\/\"}]}<\/script>\n<!-- \/ Yoast SEO plugin. -->","yoast_head_json":{"title":"Triguero condemna al barri des Pratet a un any d'a\u00efllament a causa del canvi que ha fet en la planificaci\u00f3 de l'obra de remodelaci\u00f3 del carrer de Pere Franc\u00e8s - Federaci\u00f3 Socialista d&#039;Eivissa","robots":{"index":"index","follow":"follow","max-snippet":"max-snippet:-1","max-image-preview":"max-image-preview:large","max-video-preview":"max-video-preview:-1"},"canonical":"https:\/\/www.psib-psoe.org\/eivissa\/triguero-condemna-al-barri-des-pratet-a-un-any-daillament-a-causa-del-canvi-que-ha-fet-en-la-planificacio-de-lobra-de-remodelacio-del-carrer-de-pere-frances\/","og_locale":"ca_ES","og_type":"article","og_title":"Triguero condemna al barri des Pratet a un any d'a\u00efllament a causa del canvi que ha fet en la planificaci\u00f3 de l'obra de remodelaci\u00f3 del carrer de Pere Franc\u00e8s - Federaci\u00f3 Socialista d&#039;Eivissa","og_description":"L&#8217;Agrupaci\u00f3 Socialista d&#8217;Eivissa denuncia que el canvi en la planificaci\u00f3 de l&#8217;obra de Pere Franc\u00e8s, executat per Triguero i el seu equip, ha condemnat al barri des Pratet a un a\u00efllament motivat per l&#8217;any d&#8217;obres previst a la zona. Avui mateix, sense cap informaci\u00f3 pr\u00e8via ni av\u00eds al ve\u00efnat ni a les associacions que hi&hellip;","og_url":"https:\/\/www.psib-psoe.org\/eivissa\/triguero-condemna-al-barri-des-pratet-a-un-any-daillament-a-causa-del-canvi-que-ha-fet-en-la-planificacio-de-lobra-de-remodelacio-del-carrer-de-pere-frances\/","og_site_name":"Federaci\u00f3 Socialista d&#039;Eivissa","article_published_time":"2024-05-15T11:06:27+00:00","og_image":[{"width":2048,"height":1536,"url":"https:\/\/www.psib-psoe.org\/eivissa\/wp-content\/uploads\/image_123650291.jpg","type":"image\/jpeg"}],"author":"Tita Tur","twitter_card":"summary_large_image","twitter_misc":{"Escrit per":"Tita Tur","Temps estimat de lectura":"3 minuts"},"schema":{"@context":"https:\/\/schema.org","@graph":[{"@type":["Article","BlogPosting"],"@id":"https:\/\/www.psib-psoe.org\/eivissa\/triguero-condemna-al-barri-des-pratet-a-un-any-daillament-a-causa-del-canvi-que-ha-fet-en-la-planificacio-de-lobra-de-remodelacio-del-carrer-de-pere-frances\/#article","isPartOf":{"@id":"https:\/\/www.psib-psoe.org\/eivissa\/triguero-condemna-al-barri-des-pratet-a-un-any-daillament-a-causa-del-canvi-que-ha-fet-en-la-planificacio-de-lobra-de-remodelacio-del-carrer-de-pere-frances\/"},"author":{"name":"Tita Tur","@id":"https:\/\/www.psib-psoe.org\/eivissa\/#\/schema\/person\/706742f1e7e07ce08bd017f09ea62ace"},"headline":"Triguero condemna al barri des Pratet a un any d&#8217;a\u00efllament a causa del canvi que ha fet en la planificaci\u00f3 de l&#8217;obra de remodelaci\u00f3 del carrer de Pere Franc\u00e8s","datePublished":"2024-05-15T11:06:27+00:00","mainEntityOfPage":{"@id":"https:\/\/www.psib-psoe.org\/eivissa\/triguero-condemna-al-barri-des-pratet-a-un-any-daillament-a-causa-del-canvi-que-ha-fet-en-la-planificacio-de-lobra-de-remodelacio-del-carrer-de-pere-frances\/"},"wordCount":537,"publisher":{"@id":"https:\/\/www.psib-psoe.org\/eivissa\/#organization"},"image":{"@id":"https:\/\/www.psib-psoe.org\/eivissa\/triguero-condemna-al-barri-des-pratet-a-un-any-daillament-a-causa-del-canvi-que-ha-fet-en-la-planificacio-de-lobra-de-remodelacio-del-carrer-de-pere-frances\/#primaryimage"},"thumbnailUrl":"https:\/\/www.psib-psoe.org\/eivissa\/wp-content\/uploads\/image_123650291.jpg","articleSection":["Ciutat d'Eivissa","Federaci\u00f3 d'Eivissa - Portada","Municipis"],"inLanguage":"ca"},{"@type":"WebPage","@id":"https:\/\/www.psib-psoe.org\/eivissa\/triguero-condemna-al-barri-des-pratet-a-un-any-daillament-a-causa-del-canvi-que-ha-fet-en-la-planificacio-de-lobra-de-remodelacio-del-carrer-de-pere-frances\/","url":"https:\/\/www.psib-psoe.org\/eivissa\/triguero-condemna-al-barri-des-pratet-a-un-any-daillament-a-causa-del-canvi-que-ha-fet-en-la-planificacio-de-lobra-de-remodelacio-del-carrer-de-pere-frances\/","name":"Triguero condemna al barri des Pratet a un any d'a\u00efllament a causa del canvi que ha fet en la planificaci\u00f3 de l'obra de remodelaci\u00f3 del carrer de Pere Franc\u00e8s - Federaci\u00f3 Socialista d&#039;Eivissa","isPartOf":{"@id":"https:\/\/www.psib-psoe.org\/eivissa\/#website"},"primaryImageOfPage":{"@id":"https:\/\/www.psib-psoe.org\/eivissa\/triguero-condemna-al-barri-des-pratet-a-un-any-daillament-a-causa-del-canvi-que-ha-fet-en-la-planificacio-de-lobra-de-remodelacio-del-carrer-de-pere-frances\/#primaryimage"},"image":{"@id":"https:\/\/www.psib-psoe.org\/eivissa\/triguero-condemna-al-barri-des-pratet-a-un-any-daillament-a-causa-del-canvi-que-ha-fet-en-la-planificacio-de-lobra-de-remodelacio-del-carrer-de-pere-frances\/#primaryimage"},"thumbnailUrl":"https:\/\/www.psib-psoe.org\/eivissa\/wp-content\/uploads\/image_123650291.jpg","datePublished":"2024-05-15T11:06:27+00:00","breadcrumb":{"@id":"https:\/\/www.psib-psoe.org\/eivissa\/triguero-condemna-al-barri-des-pratet-a-un-any-daillament-a-causa-del-canvi-que-ha-fet-en-la-planificacio-de-lobra-de-remodelacio-del-carrer-de-pere-frances\/#breadcrumb"},"inLanguage":"ca","potentialAction":[{"@type":"ReadAction","target":["https:\/\/www.psib-psoe.org\/eivissa\/triguero-condemna-al-barri-des-pratet-a-un-any-daillament-a-causa-del-canvi-que-ha-fet-en-la-planificacio-de-lobra-de-remodelacio-del-carrer-de-pere-frances\/"]}]},{"@type":"ImageObject","inLanguage":"ca","@id":"https:\/\/www.psib-psoe.org\/eivissa\/triguero-condemna-al-barri-des-pratet-a-un-any-daillament-a-causa-del-canvi-que-ha-fet-en-la-planificacio-de-lobra-de-remodelacio-del-carrer-de-pere-frances\/#primaryimage","url":"https:\/\/www.psib-psoe.org\/eivissa\/wp-content\/uploads\/image_123650291.jpg","contentUrl":"https:\/\/www.psib-psoe.org\/eivissa\/wp-content\/uploads\/image_123650291.jpg","width":2048,"height":1536},{"@type":"BreadcrumbList","@id":"https:\/\/www.psib-psoe.org\/eivissa\/triguero-condemna-al-barri-des-pratet-a-un-any-daillament-a-causa-del-canvi-que-ha-fet-en-la-planificacio-de-lobra-de-remodelacio-del-carrer-de-pere-frances\/#breadcrumb","itemListElement":[{"@type":"ListItem","position":1,"name":"Inici","item":"https:\/\/www.psib-psoe.org\/eivissa\/"},{"@type":"ListItem","position":2,"name":"Triguero condemna al barri des Pratet a un any d&#8217;a\u00efllament a causa del canvi que ha fet en la planificaci\u00f3 de l&#8217;obra de remodelaci\u00f3 del carrer de Pere Franc\u00e8s"}]},{"@type":"WebSite","@id":"https:\/\/www.psib-psoe.org\/eivissa\/#website","url":"https:\/\/www.psib-psoe.org\/eivissa\/","name":"Federaci\u00f3 Socialista d'Eivissa","description":"Socialistes d&#039;Eivissa","publisher":{"@id":"https:\/\/www.psib-psoe.org\/eivissa\/#organization"},"potentialAction":[{"@type":"SearchAction","target":{"@type":"EntryPoint","urlTemplate":"https:\/\/www.psib-psoe.org\/eivissa\/?s={search_term_string}"},"query-input":{"@type":"PropertyValueSpecification","valueRequired":true,"valueName":"search_term_string"}}],"inLanguage":"ca"},{"@type":"Organization","@id":"https:\/\/www.psib-psoe.org\/eivissa\/#organization","name":"Federaci\u00f3 Socialista d'Eivissa","url":"https:\/\/www.psib-psoe.org\/eivissa\/","logo":{"@type":"ImageObject","inLanguage":"ca","@id":"https:\/\/www.psib-psoe.org\/eivissa\/#\/schema\/logo\/image\/","url":"https:\/\/www.psib-psoe.org\/eivissa\/wp-content\/uploads\/LOGO-FSE-SOCIALISTA-DEIVISSA-HORI.png","contentUrl":"https:\/\/www.psib-psoe.org\/eivissa\/wp-content\/uploads\/LOGO-FSE-SOCIALISTA-DEIVISSA-HORI.png","width":6000,"height":3104,"caption":"Federaci\u00f3 Socialista d'Eivissa"},"image":{"@id":"https:\/\/www.psib-psoe.org\/eivissa\/#\/schema\/logo\/image\/"}},{"@type":"Person","@id":"https:\/\/www.psib-psoe.org\/eivissa\/#\/schema\/person\/706742f1e7e07ce08bd017f09ea62ace","name":"Tita Tur","url":"https:\/\/www.psib-psoe.org\/eivissa\/author\/tita\/"}]}},"_links":{"self":[{"href":"https:\/\/www.psib-psoe.org\/eivissa\/wp-json\/wp\/v2\/posts\/39164","targetHints":{"allow":["GET"]}}],"collection":[{"href":"https:\/\/www.psib-psoe.org\/eivissa\/wp-json\/wp\/v2\/posts"}],"about":[{"href":"https:\/\/www.psib-psoe.org\/eivissa\/wp-json\/wp\/v2\/types\/post"}],"author":[{"embeddable":true,"href":"https:\/\/www.psib-psoe.org\/eivissa\/wp-json\/wp\/v2\/users\/15"}],"replies":[{"embeddable":true,"href":"https:\/\/www.psib-psoe.org\/eivissa\/wp-json\/wp\/v2\/comments?post=39164"}],"version-history":[{"count":1,"href":"https:\/\/www.psib-psoe.org\/eivissa\/wp-json\/wp\/v2\/posts\/39164\/revisions"}],"predecessor-version":[{"id":39166,"href":"https:\/\/www.psib-psoe.org\/eivissa\/wp-json\/wp\/v2\/posts\/39164\/revisions\/39166"}],"wp:featuredmedia":[{"embeddable":true,"href":"https:\/\/www.psib-psoe.org\/eivissa\/wp-json\/wp\/v2\/media\/39165"}],"wp:attachment":[{"href":"https:\/\/www.psib-psoe.org\/eivissa\/wp-json\/wp\/v2\/media?parent=39164"}],"wp:term":[{"taxonomy":"category","embeddable":true,"href":"https:\/\/www.psib-psoe.org\/eivissa\/wp-json\/wp\/v2\/categories?post=39164"},{"taxonomy":"post_tag","embeddable":true,"href":"https:\/\/www.psib-psoe.org\/eivissa\/wp-json\/wp\/v2\/tags?post=39164"}],"curies":[{"name":"wp","href":"https:\/\/api.w.org\/{rel}","templated":true}]}}