{"id":39182,"date":"2024-05-21T15:59:33","date_gmt":"2024-05-21T13:59:33","guid":{"rendered":"https:\/\/www.psib-psoe.org\/eivissa\/?p=39182"},"modified":"2024-05-21T15:59:35","modified_gmt":"2024-05-21T13:59:35","slug":"el-parlament-aprova-admetre-la-proposicio-de-llei-del-psib-psoe-per-limitar-lentrada-de-vehicles-a-eivissa","status":"publish","type":"post","link":"https:\/\/www.psib-psoe.org\/eivissa\/el-parlament-aprova-admetre-la-proposicio-de-llei-del-psib-psoe-per-limitar-lentrada-de-vehicles-a-eivissa\/","title":{"rendered":"El Parlament aprova admetre la Proposici\u00f3 de llei del PSIB-PSOE per limitar l\u2019entrada de vehicles a Eivissa"},"content":{"rendered":"\n<p><strong>&nbsp;<\/strong><\/p>\n\n\n\n<p><em><u>La diputada socialista Pilar Costa defensa que la proposta habilita al Consell d\u2019Eivissa a definir els l\u00edmits, que se centrar\u00e0 en el control d\u2019acc\u00e9s al port<\/u><\/em><\/p>\n\n\n\n<p><\/p>\n\n\n\n<p>El Parlament de les Illes Balears ha aprovat avui, amb els vots positius de tots els grups excepte VOX, una presa en consideraci\u00f3 d\u2019una proposici\u00f3 de Llei presentada pel Grup Socialista, per a la Sostenibilitat mediambiental, econ\u00f2mica, social i tur\u00edstica de l\u2019Illa d\u2019Eivissa, enfocada a limitar i controlar els fluxos de vehicles rodats en aquest territori, d\u2019una forma an\u00e0loga a com ja est\u00e0 fixat a l\u2019illa de Formentera.<\/p>\n\n\n\n<p>&nbsp;<\/p>\n\n\n\n<p>La diputada socialista Pilar Costa ha estat l\u2019encarregada de defensar aquesta proposici\u00f3 de Llei. Costa ha afirmat que el redactat d\u2019aquesta normativa \u00e9s el mateix al que ja va aprovar el Consell d\u2019Eivissa el passat gener de 2023, i que havia d\u2019iniciar la seva tramitaci\u00f3 parlament\u00e0ria; tramitaci\u00f3 que va quedar suspesa i va decaure degut a la celebraci\u00f3 de les eleccions, el mes de maig d\u2019aquell any, sense que la llei inici\u00e0s el debat al Parlament.<\/p>\n\n\n\n<p>&nbsp;<\/p>\n\n\n\n<p>Costa ha recordat que en paral\u00b7lel, el Consell d\u2019Eivissa ha aprovat tamb\u00e9 una proposici\u00f3 de llei en termes similars a la que s\u2019aprova avui; en el moment que es posi a debat la presa en consideraci\u00f3 de la proposta aprovada pel Consell d\u2019Eivissa, el PSIB-PSOE reiterar\u00e0 l\u2019aprovada avui, perqu\u00e8 la tramitaci\u00f3 es faci d\u2019un sol text \u00fanic.<\/p>\n\n\n\n<p>&nbsp;<\/p>\n\n\n\n<p>No obstant, la diputada socialista ha afirmat que amb la presentaci\u00f3, avui, de la proposta socialista, \u201cs\u2019assegura la seva tramitaci\u00f3, amb l\u2019objectiu que es pugui aplicar la normativa de forma r\u00e0pida, a partir de l\u2019estiu de 2025\u201d.<\/p>\n\n\n\n<p>&nbsp;<\/p>\n\n\n\n<p>En el text aprovat avui, a m\u00e9s d\u2019habilitar el Consell perqu\u00e8 defineixi els l\u00edmits d\u2019acc\u00e9s de vehicles, en especial cotxes de lloguer, tamb\u00e9 s\u2019apunta a la necessitat de millorar la xarxa de transport p\u00fablic, perqu\u00e8 nom\u00e9s amb una xarxa digne de transport p\u00fablic tindr\u00e0 \u00e8xit la limitaci\u00f3 d\u2019acc\u00e9s de vehicles privats.<\/p>\n\n\n\n<p>&nbsp;<\/p>\n\n\n\n<p>Exceptua, no obstant, l\u2019entrada de vehicles de persones amb resid\u00e8ncia a Eivissa o propiet\u00e0ries d\u2019algun habitatge; persones despla\u00e7ades per motius laborals, persones amb mobilitats redu\u00efda i una quota espec\u00edfica pera residents de Formentera, que tenen els ports d\u2019Eivissa i de Formentera com a porta d\u2019entrada i sortida cap a la Pen\u00ednsula.<\/p>\n\n\n\n<p>&nbsp;<\/p>\n\n\n\n<p>En l\u2019argumentaci\u00f3 per defensar la proposici\u00f3 de Llei, Pilar Costa ha recordat que en els darrers 15 anys Eivissa s\u2019ha duplicat la poblaci\u00f3 i en els darrers 25 anys s\u2019ha duplicat el parc de vehicles; i en els darrers 20 anys s\u2019ha triplicat l\u2019entrada anual de vehicles.<\/p>\n\n\n\n<p>&nbsp;<\/p>\n\n\n\n<p>D\u2019altra banda, Pilar Costa ha recordat que a m\u00e9s de l\u2019aprovaci\u00f3 de la mesura d\u2019avui, Eivissa necessita m\u00e9s valentia i m\u00e9s decisi\u00f3 a l\u2019hora de decretar mesures per continuar avan\u00e7ant contra la saturaci\u00f3 i la pressi\u00f3 tur\u00edstica. En concret, s\u2019ha referit a la necessitat d\u2019eliminar les 9.000 places tur\u00edstiques que ara mateix hi ha en morat\u00f2ria; a continuar amb la suspensi\u00f3 del transport a trav\u00e9s del port de Sant Antoni; a lluitar contra l\u2019oferta il\u00b7legal, i a no fomentar cap amnistia urban\u00edstica,<\/p>\n","protected":false},"excerpt":{"rendered":"<p>&nbsp; La diputada socialista Pilar Costa defensa que la proposta habilita al Consell d\u2019Eivissa a definir els l\u00edmits, que se centrar\u00e0 en el control d\u2019acc\u00e9s al port El Parlament de les Illes Balears ha aprovat avui, amb els vots positius de tots els grups excepte VOX, una presa en consideraci\u00f3 d\u2019una proposici\u00f3 de Llei presentada&hellip;<\/p>\n","protected":false},"author":7,"featured_media":39181,"comment_status":"closed","ping_status":"closed","sticky":false,"template":"","format":"standard","meta":{"footnotes":""},"categories":[192,1,191],"tags":[],"class_list":["post-39182","post","type-post","status-publish","format-standard","has-post-thumbnail","hentry","category-consell-deivissa","category-federacio-de-eivissa-portada","category-govern-de-les-illes-balears-parlament"],"yoast_head":"<!-- This site is optimized with the Yoast SEO plugin v26.9 - https:\/\/yoast.com\/product\/yoast-seo-wordpress\/ -->\n<title>El Parlament aprova admetre la Proposici\u00f3 de llei del PSIB-PSOE per limitar l\u2019entrada de vehicles a Eivissa - Federaci\u00f3 Socialista d&#039;Eivissa<\/title>\n<meta name=\"robots\" content=\"index, follow, max-snippet:-1, max-image-preview:large, max-video-preview:-1\" \/>\n<link rel=\"canonical\" href=\"https:\/\/www.psib-psoe.org\/eivissa\/el-parlament-aprova-admetre-la-proposicio-de-llei-del-psib-psoe-per-limitar-lentrada-de-vehicles-a-eivissa\/\" \/>\n<meta property=\"og:locale\" content=\"ca_ES\" \/>\n<meta property=\"og:type\" content=\"article\" \/>\n<meta property=\"og:title\" content=\"El Parlament aprova admetre la Proposici\u00f3 de llei del PSIB-PSOE per limitar l\u2019entrada de vehicles a Eivissa - Federaci\u00f3 Socialista d&#039;Eivissa\" \/>\n<meta property=\"og:description\" content=\"&nbsp; La diputada socialista Pilar Costa defensa que la proposta habilita al Consell d\u2019Eivissa a definir els l\u00edmits, que se centrar\u00e0 en el control d\u2019acc\u00e9s al port El Parlament de les Illes Balears ha aprovat avui, amb els vots positius de tots els grups excepte VOX, una presa en consideraci\u00f3 d\u2019una proposici\u00f3 de Llei presentada&hellip;\" \/>\n<meta property=\"og:url\" content=\"https:\/\/www.psib-psoe.org\/eivissa\/el-parlament-aprova-admetre-la-proposicio-de-llei-del-psib-psoe-per-limitar-lentrada-de-vehicles-a-eivissa\/\" \/>\n<meta property=\"og:site_name\" content=\"Federaci\u00f3 Socialista d&#039;Eivissa\" \/>\n<meta property=\"article:published_time\" content=\"2024-05-21T13:59:33+00:00\" \/>\n<meta property=\"article:modified_time\" content=\"2024-05-21T13:59:35+00:00\" \/>\n<meta property=\"og:image\" content=\"https:\/\/www.psib-psoe.org\/eivissa\/wp-content\/uploads\/img_9019-1.jpg\" \/>\n\t<meta property=\"og:image:width\" content=\"1232\" \/>\n\t<meta property=\"og:image:height\" content=\"910\" \/>\n\t<meta property=\"og:image:type\" content=\"image\/jpeg\" \/>\n<meta name=\"author\" content=\"Josep Ripoll\" \/>\n<meta name=\"twitter:card\" content=\"summary_large_image\" \/>\n<meta name=\"twitter:label1\" content=\"Escrit per\" \/>\n\t<meta name=\"twitter:data1\" content=\"Josep Ripoll\" \/>\n\t<meta name=\"twitter:label2\" content=\"Temps estimat de lectura\" \/>\n\t<meta name=\"twitter:data2\" content=\"3 minuts\" \/>\n<script type=\"application\/ld+json\" class=\"yoast-schema-graph\">{\"@context\":\"https:\/\/schema.org\",\"@graph\":[{\"@type\":[\"Article\",\"BlogPosting\"],\"@id\":\"https:\/\/www.psib-psoe.org\/eivissa\/el-parlament-aprova-admetre-la-proposicio-de-llei-del-psib-psoe-per-limitar-lentrada-de-vehicles-a-eivissa\/#article\",\"isPartOf\":{\"@id\":\"https:\/\/www.psib-psoe.org\/eivissa\/el-parlament-aprova-admetre-la-proposicio-de-llei-del-psib-psoe-per-limitar-lentrada-de-vehicles-a-eivissa\/\"},\"author\":{\"name\":\"Josep Ripoll\",\"@id\":\"https:\/\/www.psib-psoe.org\/eivissa\/#\/schema\/person\/7a9d2841fb36f32e34fc0e9b245e8117\"},\"headline\":\"El Parlament aprova admetre la Proposici\u00f3 de llei del PSIB-PSOE per limitar l\u2019entrada de vehicles a Eivissa\",\"datePublished\":\"2024-05-21T13:59:33+00:00\",\"dateModified\":\"2024-05-21T13:59:35+00:00\",\"mainEntityOfPage\":{\"@id\":\"https:\/\/www.psib-psoe.org\/eivissa\/el-parlament-aprova-admetre-la-proposicio-de-llei-del-psib-psoe-per-limitar-lentrada-de-vehicles-a-eivissa\/\"},\"wordCount\":587,\"publisher\":{\"@id\":\"https:\/\/www.psib-psoe.org\/eivissa\/#organization\"},\"image\":{\"@id\":\"https:\/\/www.psib-psoe.org\/eivissa\/el-parlament-aprova-admetre-la-proposicio-de-llei-del-psib-psoe-per-limitar-lentrada-de-vehicles-a-eivissa\/#primaryimage\"},\"thumbnailUrl\":\"https:\/\/www.psib-psoe.org\/eivissa\/wp-content\/uploads\/img_9019-1.jpg\",\"articleSection\":[\"Consell d'Eivissa\",\"Federaci\u00f3 d'Eivissa - Portada\",\"Govern de les Illes Balears - Parlament - PSIB-PSOE\"],\"inLanguage\":\"ca\"},{\"@type\":\"WebPage\",\"@id\":\"https:\/\/www.psib-psoe.org\/eivissa\/el-parlament-aprova-admetre-la-proposicio-de-llei-del-psib-psoe-per-limitar-lentrada-de-vehicles-a-eivissa\/\",\"url\":\"https:\/\/www.psib-psoe.org\/eivissa\/el-parlament-aprova-admetre-la-proposicio-de-llei-del-psib-psoe-per-limitar-lentrada-de-vehicles-a-eivissa\/\",\"name\":\"El Parlament aprova admetre la Proposici\u00f3 de llei del PSIB-PSOE per limitar l\u2019entrada de vehicles a Eivissa - Federaci\u00f3 Socialista d&#039;Eivissa\",\"isPartOf\":{\"@id\":\"https:\/\/www.psib-psoe.org\/eivissa\/#website\"},\"primaryImageOfPage\":{\"@id\":\"https:\/\/www.psib-psoe.org\/eivissa\/el-parlament-aprova-admetre-la-proposicio-de-llei-del-psib-psoe-per-limitar-lentrada-de-vehicles-a-eivissa\/#primaryimage\"},\"image\":{\"@id\":\"https:\/\/www.psib-psoe.org\/eivissa\/el-parlament-aprova-admetre-la-proposicio-de-llei-del-psib-psoe-per-limitar-lentrada-de-vehicles-a-eivissa\/#primaryimage\"},\"thumbnailUrl\":\"https:\/\/www.psib-psoe.org\/eivissa\/wp-content\/uploads\/img_9019-1.jpg\",\"datePublished\":\"2024-05-21T13:59:33+00:00\",\"dateModified\":\"2024-05-21T13:59:35+00:00\",\"breadcrumb\":{\"@id\":\"https:\/\/www.psib-psoe.org\/eivissa\/el-parlament-aprova-admetre-la-proposicio-de-llei-del-psib-psoe-per-limitar-lentrada-de-vehicles-a-eivissa\/#breadcrumb\"},\"inLanguage\":\"ca\",\"potentialAction\":[{\"@type\":\"ReadAction\",\"target\":[\"https:\/\/www.psib-psoe.org\/eivissa\/el-parlament-aprova-admetre-la-proposicio-de-llei-del-psib-psoe-per-limitar-lentrada-de-vehicles-a-eivissa\/\"]}]},{\"@type\":\"ImageObject\",\"inLanguage\":\"ca\",\"@id\":\"https:\/\/www.psib-psoe.org\/eivissa\/el-parlament-aprova-admetre-la-proposicio-de-llei-del-psib-psoe-per-limitar-lentrada-de-vehicles-a-eivissa\/#primaryimage\",\"url\":\"https:\/\/www.psib-psoe.org\/eivissa\/wp-content\/uploads\/img_9019-1.jpg\",\"contentUrl\":\"https:\/\/www.psib-psoe.org\/eivissa\/wp-content\/uploads\/img_9019-1.jpg\",\"width\":1232,\"height\":910},{\"@type\":\"BreadcrumbList\",\"@id\":\"https:\/\/www.psib-psoe.org\/eivissa\/el-parlament-aprova-admetre-la-proposicio-de-llei-del-psib-psoe-per-limitar-lentrada-de-vehicles-a-eivissa\/#breadcrumb\",\"itemListElement\":[{\"@type\":\"ListItem\",\"position\":1,\"name\":\"Inici\",\"item\":\"https:\/\/www.psib-psoe.org\/eivissa\/\"},{\"@type\":\"ListItem\",\"position\":2,\"name\":\"El Parlament aprova admetre la Proposici\u00f3 de llei del PSIB-PSOE per limitar l\u2019entrada de vehicles a Eivissa\"}]},{\"@type\":\"WebSite\",\"@id\":\"https:\/\/www.psib-psoe.org\/eivissa\/#website\",\"url\":\"https:\/\/www.psib-psoe.org\/eivissa\/\",\"name\":\"Federaci\u00f3 Socialista d'Eivissa\",\"description\":\"Socialistes d&#039;Eivissa\",\"publisher\":{\"@id\":\"https:\/\/www.psib-psoe.org\/eivissa\/#organization\"},\"potentialAction\":[{\"@type\":\"SearchAction\",\"target\":{\"@type\":\"EntryPoint\",\"urlTemplate\":\"https:\/\/www.psib-psoe.org\/eivissa\/?s={search_term_string}\"},\"query-input\":{\"@type\":\"PropertyValueSpecification\",\"valueRequired\":true,\"valueName\":\"search_term_string\"}}],\"inLanguage\":\"ca\"},{\"@type\":\"Organization\",\"@id\":\"https:\/\/www.psib-psoe.org\/eivissa\/#organization\",\"name\":\"Federaci\u00f3 Socialista d'Eivissa\",\"url\":\"https:\/\/www.psib-psoe.org\/eivissa\/\",\"logo\":{\"@type\":\"ImageObject\",\"inLanguage\":\"ca\",\"@id\":\"https:\/\/www.psib-psoe.org\/eivissa\/#\/schema\/logo\/image\/\",\"url\":\"https:\/\/www.psib-psoe.org\/eivissa\/wp-content\/uploads\/LOGO-FSE-SOCIALISTA-DEIVISSA-HORI.png\",\"contentUrl\":\"https:\/\/www.psib-psoe.org\/eivissa\/wp-content\/uploads\/LOGO-FSE-SOCIALISTA-DEIVISSA-HORI.png\",\"width\":6000,\"height\":3104,\"caption\":\"Federaci\u00f3 Socialista d'Eivissa\"},\"image\":{\"@id\":\"https:\/\/www.psib-psoe.org\/eivissa\/#\/schema\/logo\/image\/\"}},{\"@type\":\"Person\",\"@id\":\"https:\/\/www.psib-psoe.org\/eivissa\/#\/schema\/person\/7a9d2841fb36f32e34fc0e9b245e8117\",\"name\":\"Josep Ripoll\",\"sameAs\":[\"http:\/\/www.psib-psoe.org\/eivissa\/wp-login.php\"],\"url\":\"https:\/\/www.psib-psoe.org\/eivissa\/author\/josep\/\"}]}<\/script>\n<!-- \/ Yoast SEO plugin. -->","yoast_head_json":{"title":"El Parlament aprova admetre la Proposici\u00f3 de llei del PSIB-PSOE per limitar l\u2019entrada de vehicles a Eivissa - Federaci\u00f3 Socialista d&#039;Eivissa","robots":{"index":"index","follow":"follow","max-snippet":"max-snippet:-1","max-image-preview":"max-image-preview:large","max-video-preview":"max-video-preview:-1"},"canonical":"https:\/\/www.psib-psoe.org\/eivissa\/el-parlament-aprova-admetre-la-proposicio-de-llei-del-psib-psoe-per-limitar-lentrada-de-vehicles-a-eivissa\/","og_locale":"ca_ES","og_type":"article","og_title":"El Parlament aprova admetre la Proposici\u00f3 de llei del PSIB-PSOE per limitar l\u2019entrada de vehicles a Eivissa - Federaci\u00f3 Socialista d&#039;Eivissa","og_description":"&nbsp; La diputada socialista Pilar Costa defensa que la proposta habilita al Consell d\u2019Eivissa a definir els l\u00edmits, que se centrar\u00e0 en el control d\u2019acc\u00e9s al port El Parlament de les Illes Balears ha aprovat avui, amb els vots positius de tots els grups excepte VOX, una presa en consideraci\u00f3 d\u2019una proposici\u00f3 de Llei presentada&hellip;","og_url":"https:\/\/www.psib-psoe.org\/eivissa\/el-parlament-aprova-admetre-la-proposicio-de-llei-del-psib-psoe-per-limitar-lentrada-de-vehicles-a-eivissa\/","og_site_name":"Federaci\u00f3 Socialista d&#039;Eivissa","article_published_time":"2024-05-21T13:59:33+00:00","article_modified_time":"2024-05-21T13:59:35+00:00","og_image":[{"width":1232,"height":910,"url":"https:\/\/www.psib-psoe.org\/eivissa\/wp-content\/uploads\/img_9019-1.jpg","type":"image\/jpeg"}],"author":"Josep Ripoll","twitter_card":"summary_large_image","twitter_misc":{"Escrit per":"Josep Ripoll","Temps estimat de lectura":"3 minuts"},"schema":{"@context":"https:\/\/schema.org","@graph":[{"@type":["Article","BlogPosting"],"@id":"https:\/\/www.psib-psoe.org\/eivissa\/el-parlament-aprova-admetre-la-proposicio-de-llei-del-psib-psoe-per-limitar-lentrada-de-vehicles-a-eivissa\/#article","isPartOf":{"@id":"https:\/\/www.psib-psoe.org\/eivissa\/el-parlament-aprova-admetre-la-proposicio-de-llei-del-psib-psoe-per-limitar-lentrada-de-vehicles-a-eivissa\/"},"author":{"name":"Josep Ripoll","@id":"https:\/\/www.psib-psoe.org\/eivissa\/#\/schema\/person\/7a9d2841fb36f32e34fc0e9b245e8117"},"headline":"El Parlament aprova admetre la Proposici\u00f3 de llei del PSIB-PSOE per limitar l\u2019entrada de vehicles a Eivissa","datePublished":"2024-05-21T13:59:33+00:00","dateModified":"2024-05-21T13:59:35+00:00","mainEntityOfPage":{"@id":"https:\/\/www.psib-psoe.org\/eivissa\/el-parlament-aprova-admetre-la-proposicio-de-llei-del-psib-psoe-per-limitar-lentrada-de-vehicles-a-eivissa\/"},"wordCount":587,"publisher":{"@id":"https:\/\/www.psib-psoe.org\/eivissa\/#organization"},"image":{"@id":"https:\/\/www.psib-psoe.org\/eivissa\/el-parlament-aprova-admetre-la-proposicio-de-llei-del-psib-psoe-per-limitar-lentrada-de-vehicles-a-eivissa\/#primaryimage"},"thumbnailUrl":"https:\/\/www.psib-psoe.org\/eivissa\/wp-content\/uploads\/img_9019-1.jpg","articleSection":["Consell d'Eivissa","Federaci\u00f3 d'Eivissa - Portada","Govern de les Illes Balears - Parlament - PSIB-PSOE"],"inLanguage":"ca"},{"@type":"WebPage","@id":"https:\/\/www.psib-psoe.org\/eivissa\/el-parlament-aprova-admetre-la-proposicio-de-llei-del-psib-psoe-per-limitar-lentrada-de-vehicles-a-eivissa\/","url":"https:\/\/www.psib-psoe.org\/eivissa\/el-parlament-aprova-admetre-la-proposicio-de-llei-del-psib-psoe-per-limitar-lentrada-de-vehicles-a-eivissa\/","name":"El Parlament aprova admetre la Proposici\u00f3 de llei del PSIB-PSOE per limitar l\u2019entrada de vehicles a Eivissa - Federaci\u00f3 Socialista d&#039;Eivissa","isPartOf":{"@id":"https:\/\/www.psib-psoe.org\/eivissa\/#website"},"primaryImageOfPage":{"@id":"https:\/\/www.psib-psoe.org\/eivissa\/el-parlament-aprova-admetre-la-proposicio-de-llei-del-psib-psoe-per-limitar-lentrada-de-vehicles-a-eivissa\/#primaryimage"},"image":{"@id":"https:\/\/www.psib-psoe.org\/eivissa\/el-parlament-aprova-admetre-la-proposicio-de-llei-del-psib-psoe-per-limitar-lentrada-de-vehicles-a-eivissa\/#primaryimage"},"thumbnailUrl":"https:\/\/www.psib-psoe.org\/eivissa\/wp-content\/uploads\/img_9019-1.jpg","datePublished":"2024-05-21T13:59:33+00:00","dateModified":"2024-05-21T13:59:35+00:00","breadcrumb":{"@id":"https:\/\/www.psib-psoe.org\/eivissa\/el-parlament-aprova-admetre-la-proposicio-de-llei-del-psib-psoe-per-limitar-lentrada-de-vehicles-a-eivissa\/#breadcrumb"},"inLanguage":"ca","potentialAction":[{"@type":"ReadAction","target":["https:\/\/www.psib-psoe.org\/eivissa\/el-parlament-aprova-admetre-la-proposicio-de-llei-del-psib-psoe-per-limitar-lentrada-de-vehicles-a-eivissa\/"]}]},{"@type":"ImageObject","inLanguage":"ca","@id":"https:\/\/www.psib-psoe.org\/eivissa\/el-parlament-aprova-admetre-la-proposicio-de-llei-del-psib-psoe-per-limitar-lentrada-de-vehicles-a-eivissa\/#primaryimage","url":"https:\/\/www.psib-psoe.org\/eivissa\/wp-content\/uploads\/img_9019-1.jpg","contentUrl":"https:\/\/www.psib-psoe.org\/eivissa\/wp-content\/uploads\/img_9019-1.jpg","width":1232,"height":910},{"@type":"BreadcrumbList","@id":"https:\/\/www.psib-psoe.org\/eivissa\/el-parlament-aprova-admetre-la-proposicio-de-llei-del-psib-psoe-per-limitar-lentrada-de-vehicles-a-eivissa\/#breadcrumb","itemListElement":[{"@type":"ListItem","position":1,"name":"Inici","item":"https:\/\/www.psib-psoe.org\/eivissa\/"},{"@type":"ListItem","position":2,"name":"El Parlament aprova admetre la Proposici\u00f3 de llei del PSIB-PSOE per limitar l\u2019entrada de vehicles a Eivissa"}]},{"@type":"WebSite","@id":"https:\/\/www.psib-psoe.org\/eivissa\/#website","url":"https:\/\/www.psib-psoe.org\/eivissa\/","name":"Federaci\u00f3 Socialista d'Eivissa","description":"Socialistes d&#039;Eivissa","publisher":{"@id":"https:\/\/www.psib-psoe.org\/eivissa\/#organization"},"potentialAction":[{"@type":"SearchAction","target":{"@type":"EntryPoint","urlTemplate":"https:\/\/www.psib-psoe.org\/eivissa\/?s={search_term_string}"},"query-input":{"@type":"PropertyValueSpecification","valueRequired":true,"valueName":"search_term_string"}}],"inLanguage":"ca"},{"@type":"Organization","@id":"https:\/\/www.psib-psoe.org\/eivissa\/#organization","name":"Federaci\u00f3 Socialista d'Eivissa","url":"https:\/\/www.psib-psoe.org\/eivissa\/","logo":{"@type":"ImageObject","inLanguage":"ca","@id":"https:\/\/www.psib-psoe.org\/eivissa\/#\/schema\/logo\/image\/","url":"https:\/\/www.psib-psoe.org\/eivissa\/wp-content\/uploads\/LOGO-FSE-SOCIALISTA-DEIVISSA-HORI.png","contentUrl":"https:\/\/www.psib-psoe.org\/eivissa\/wp-content\/uploads\/LOGO-FSE-SOCIALISTA-DEIVISSA-HORI.png","width":6000,"height":3104,"caption":"Federaci\u00f3 Socialista d'Eivissa"},"image":{"@id":"https:\/\/www.psib-psoe.org\/eivissa\/#\/schema\/logo\/image\/"}},{"@type":"Person","@id":"https:\/\/www.psib-psoe.org\/eivissa\/#\/schema\/person\/7a9d2841fb36f32e34fc0e9b245e8117","name":"Josep Ripoll","sameAs":["http:\/\/www.psib-psoe.org\/eivissa\/wp-login.php"],"url":"https:\/\/www.psib-psoe.org\/eivissa\/author\/josep\/"}]}},"_links":{"self":[{"href":"https:\/\/www.psib-psoe.org\/eivissa\/wp-json\/wp\/v2\/posts\/39182","targetHints":{"allow":["GET"]}}],"collection":[{"href":"https:\/\/www.psib-psoe.org\/eivissa\/wp-json\/wp\/v2\/posts"}],"about":[{"href":"https:\/\/www.psib-psoe.org\/eivissa\/wp-json\/wp\/v2\/types\/post"}],"author":[{"embeddable":true,"href":"https:\/\/www.psib-psoe.org\/eivissa\/wp-json\/wp\/v2\/users\/7"}],"replies":[{"embeddable":true,"href":"https:\/\/www.psib-psoe.org\/eivissa\/wp-json\/wp\/v2\/comments?post=39182"}],"version-history":[{"count":1,"href":"https:\/\/www.psib-psoe.org\/eivissa\/wp-json\/wp\/v2\/posts\/39182\/revisions"}],"predecessor-version":[{"id":39183,"href":"https:\/\/www.psib-psoe.org\/eivissa\/wp-json\/wp\/v2\/posts\/39182\/revisions\/39183"}],"wp:featuredmedia":[{"embeddable":true,"href":"https:\/\/www.psib-psoe.org\/eivissa\/wp-json\/wp\/v2\/media\/39181"}],"wp:attachment":[{"href":"https:\/\/www.psib-psoe.org\/eivissa\/wp-json\/wp\/v2\/media?parent=39182"}],"wp:term":[{"taxonomy":"category","embeddable":true,"href":"https:\/\/www.psib-psoe.org\/eivissa\/wp-json\/wp\/v2\/categories?post=39182"},{"taxonomy":"post_tag","embeddable":true,"href":"https:\/\/www.psib-psoe.org\/eivissa\/wp-json\/wp\/v2\/tags?post=39182"}],"curies":[{"name":"wp","href":"https:\/\/api.w.org\/{rel}","templated":true}]}}