{"id":39196,"date":"2024-05-25T12:21:37","date_gmt":"2024-05-25T10:21:37","guid":{"rendered":"https:\/\/www.psib-psoe.org\/eivissa\/?p=39196"},"modified":"2024-05-25T12:21:37","modified_gmt":"2024-05-25T10:21:37","slug":"amnistia-urbanistica-reobertura-del-port-de-sant-antoni-agustinet-el-pp-no-es-de-fiar-quan-parla-de-mesures-contra-la-massificacio","status":"publish","type":"post","link":"https:\/\/www.psib-psoe.org\/eivissa\/amnistia-urbanistica-reobertura-del-port-de-sant-antoni-agustinet-el-pp-no-es-de-fiar-quan-parla-de-mesures-contra-la-massificacio\/","title":{"rendered":"Amnistia urban\u00edstica, reobertura del port de Sant Antoni\u2026 \u2018Agustinet\u2019: \u201cEl PP no \u00e9s de fiar quan parla de mesures contra la massificaci\u00f3\u201d"},"content":{"rendered":"<p>El PSOE adverteix que el Partit Popular \u201cno \u00e9s de fiar\u201d quan parla de buscar mesures contra la massificaci\u00f3 que pateix la nostra illa. Aix\u00ed ho ha manifestat el secretari general de la FSE-PSOE i portaveu al Consell Insular, Josep Mar\u00ed Ribas, \u2018Agustinet\u2019, qui aquest divendres, en nom del Partit Socialista i acompanyat d\u2019altres representants del partit, va donar suport a la multitudin\u00e0ria concentraci\u00f3 ciutadana convocada per Prou!!! i que va ser un \u00e8xit de participaci\u00f3, mostrant \u201cel clamor de la ciutadania de la nostra illa perqu\u00e8 es prenguin mesures valentes\u201d.<\/p>\n<p>Una concentraci\u00f3 que justament ha coincidit amb la decisi\u00f3 del Govern de Marga Prohens d\u2019aprovar el Decret Llei d\u2019amnistia urban\u00edstica i moltes altres mesures de desprotecci\u00f3 imposades sense cap consens, amb mig centenar de lleis que es modifiquen. I avui mateix s\u2019ha sabut que el Govern Balear est\u00e0 preparant la reobertura del Port de Sant Antoni a grans ferris. Amb decisions com aquestes, segons \u2018Agustinet\u2019, qued\u00e0 clar que \u201cel Govern de Vicent Mar\u00ed i el Govern de les Illes Balears, en aquest sentit, no s\u00f3n governs de fiar\u201d.<\/p>\n<p>\u201cFan un discurs absolutament per a la galeria, pressionats per circumst\u00e0ncies, per les pr\u00f2pies manifestacions, i se sumen a una din\u00e0mica quan veuen que el poble exigeix\u201d. A pesar d\u2019aquest viratge del PP en el seu discurs, els fets i les decisions que prenen demostren que \u201csegueixen amb les seues creences de sempre\u201d.<\/p>\n<p>\u201cAquesta amnistia urban\u00edstica ho demostra\u201d, ha recalcat \u2018Agustinet\u2019. \u201cNaltros, com a organitzaci\u00f3 pol\u00edtica, com a Partit Socialista i gent d&#8217;esquerres, hem de seguir pressionant perqu\u00e8 les mesures siguin de veritat\u201d.<\/p>\n<p>El secretari general socialista ha recordat que el PP de Vicent Mar\u00ed t\u00e9 una oportunitat de rectificar i confirmar que efectivament est\u00e0 d&#8217;acord amb mesures contra la massificaci\u00f3, donant suport a la moci\u00f3 del PSOE que es debatr\u00e0 en el Ple del Consell Insular del pr\u00f2xim divendres, 31 de maig. El grup socialista presenta una dotzena de mesures concretes per aturar la saturaci\u00f3 i la massificaci\u00f3 que pateix l\u2019illa d\u2019Eivissa: Reducci\u00f3 de places tur\u00edstiques, m\u00e9s control i sancions de les activitats il\u00b7legals, frenar l\u2019especulaci\u00f3 urban\u00edstica, defensa del medi ambient i limitaci\u00f3 dels preus del lloguer formen el nucli de les propostes.<\/p>\n<p><strong>Les 12 propostes que presenta el PSOE al pr\u00f2xim Ple del Consell Insular s\u00f3n:<\/strong><\/p>\n<p>No autoritzar nous lloguers tur\u00edstics en habitatges.<\/p>\n<p>Eliminar la borsa de les aproximadament 9.000 places tur\u00edstiques que tenim actualment amb morat\u00f2ria i, en la futura redacci\u00f3 del Pla d\u2019Intervenci\u00f3 d\u2019\u00c0mbits Tur\u00edstics (PIAT), estudiar una reducci\u00f3 de les 100.000 places actualment autoritzades.<\/p>\n<p>Implementar una campanya informativa de gran abast dirigida als turistes que visiten Eivissa amb l&#8217;objectiu de conscienciar sobre els riscos de reservar i allotjar-se en habitatges tur\u00edstics no regulats i els perills associats a l&#8217;\u00fas de taxis il\u00b7legals.<\/p>\n<p>Refor\u00e7ar les mesures de control contra els infractors, contractant m\u00e9s inspectors tur\u00edstics i de transport per vigilar, controlar i fiscalitzar els lloguers tur\u00edstics il\u00b7legals, el turisme d\u2019excessos, les festes il\u00b7legals i els taxis pirates, i augmentar el nombre d&#8217;instructors i administratius dedicats a tramitar i agilitzar els expedients.<\/p>\n<p>Augmentar les sancions als lloguers tur\u00edstics il\u00b7legals, modificant la Llei de Turisme, per incrementar l&#8217;import m\u00ednim de les sancions amb l&#8217;objectiu de dissuadir aquestes activitats il\u00b7legals i protegir la reputaci\u00f3 d&#8217;Eivissa com a destinaci\u00f3 tur\u00edstica.<\/p>\n<p>Aplicar la limitaci\u00f3 d&#8217;entrada de vehicles a l&#8217;illa d&#8217;Eivissa a partir de 2025, no nom\u00e9s de cotxes de lloguer i caravanes, sin\u00f3 tamb\u00e9 de cotxes particulars.<\/p>\n<p>Posar en marxa un nou servei de transport p\u00fablic en 2025 i millorar totes les parades titularitat del Consell Insular. Tamb\u00e9 s\u2019ha d\u2019assegurar la gratu\u00eftat del transport p\u00fablic per als residents m\u00e9s enll\u00e0 de 2025 i connectar totes les platges amb autobusos llan\u00e7adora.<\/p>\n<p>Limitar les entrades per via a\u00e8ria i portu\u00e0ria a la nostra illa, concretament: mantenir la limitaci\u00f3 d&#8217;un m\u00e0xim de 60 metres d\u2019eslora els vaixells que vulguin operar en el port de Sant Antoni, limitar l\u2019arribada de creuers tur\u00edstics al port d\u2019Eivissa, i restringir l\u2019operaci\u00f3 de jets privats a l\u2019Aeroport d\u2019Eivissa.<\/p>\n<p>Protegir les praderes de posid\u00f2nia, limitar els fondejos d\u2019embarcacions amb l\u2019ampliaci\u00f3 dels camps de boies ecol\u00f2giques i incrementar els recursos de control i sanci\u00f3 dels fondejos il\u00b7legals.<\/p>\n<p>Rebuig a la intenci\u00f3 del Govern balear de Marga Prohens d\u2019aprovar una amnistia urban\u00edstica per a les edificacions il\u00b7legals.<\/p>\n<p>Retirada de la Modificaci\u00f3 2 del PTI aprovada inicialment pel Consell Insular de Vicent Mar\u00ed, ja que permet l\u2019autoritzaci\u00f3 d\u2019un total de 1.363 noves cases tur\u00edstiques, de les quals 424 serien en espais protegits. A m\u00e9s, tamb\u00e9 preveu un impacte amb la construcci\u00f3 de 320 noves cases al camp en nom\u00e9s 10 anys, i permet altres mesures com la legalitzaci\u00f3 de les &#8216;discoteques&#8217; constru\u00efdes en soterranis de cases, incrementar els par\u00e0metres de construcci\u00f3 i facilitar les condicions de parcel\u00b7laci\u00f3 per poder construir en s\u00f2l r\u00fastic.<\/p>\n<p>Declarar Eivissa zona tensada per poder aix\u00ed regular els preus de lloguer dels habitatges, d&#8217;acord amb la Llei estatal 12\/2023 de 24 de maig pel Dret a l\u2019Habitatge.<\/p>\n","protected":false},"excerpt":{"rendered":"<p>El PSOE adverteix que el Partit Popular \u201cno \u00e9s de fiar\u201d quan parla de buscar mesures contra la massificaci\u00f3 que pateix la nostra illa. Aix\u00ed ho ha manifestat el secretari general de la FSE-PSOE i portaveu al Consell Insular, Josep Mar\u00ed Ribas, \u2018Agustinet\u2019, qui aquest divendres, en nom del Partit Socialista i acompanyat d\u2019altres representants&hellip;<\/p>\n","protected":false},"author":7,"featured_media":39197,"comment_status":"closed","ping_status":"closed","sticky":false,"template":"","format":"standard","meta":{"footnotes":""},"categories":[192,1,191],"tags":[],"class_list":["post-39196","post","type-post","status-publish","format-standard","has-post-thumbnail","hentry","category-consell-deivissa","category-federacio-de-eivissa-portada","category-govern-de-les-illes-balears-parlament"],"yoast_head":"<!-- This site is optimized with the Yoast SEO plugin v26.9 - https:\/\/yoast.com\/product\/yoast-seo-wordpress\/ -->\n<title>Amnistia urban\u00edstica, reobertura del port de Sant Antoni\u2026 \u2018Agustinet\u2019: \u201cEl PP no \u00e9s de fiar quan parla de mesures contra la massificaci\u00f3\u201d - Federaci\u00f3 Socialista d&#039;Eivissa<\/title>\n<meta name=\"robots\" content=\"index, follow, max-snippet:-1, max-image-preview:large, max-video-preview:-1\" \/>\n<link rel=\"canonical\" href=\"https:\/\/www.psib-psoe.org\/eivissa\/amnistia-urbanistica-reobertura-del-port-de-sant-antoni-agustinet-el-pp-no-es-de-fiar-quan-parla-de-mesures-contra-la-massificacio\/\" \/>\n<meta property=\"og:locale\" content=\"ca_ES\" \/>\n<meta property=\"og:type\" content=\"article\" \/>\n<meta property=\"og:title\" content=\"Amnistia urban\u00edstica, reobertura del port de Sant Antoni\u2026 \u2018Agustinet\u2019: \u201cEl PP no \u00e9s de fiar quan parla de mesures contra la massificaci\u00f3\u201d - Federaci\u00f3 Socialista d&#039;Eivissa\" \/>\n<meta property=\"og:description\" content=\"El PSOE adverteix que el Partit Popular \u201cno \u00e9s de fiar\u201d quan parla de buscar mesures contra la massificaci\u00f3 que pateix la nostra illa. Aix\u00ed ho ha manifestat el secretari general de la FSE-PSOE i portaveu al Consell Insular, Josep Mar\u00ed Ribas, \u2018Agustinet\u2019, qui aquest divendres, en nom del Partit Socialista i acompanyat d\u2019altres representants&hellip;\" \/>\n<meta property=\"og:url\" content=\"https:\/\/www.psib-psoe.org\/eivissa\/amnistia-urbanistica-reobertura-del-port-de-sant-antoni-agustinet-el-pp-no-es-de-fiar-quan-parla-de-mesures-contra-la-massificacio\/\" \/>\n<meta property=\"og:site_name\" content=\"Federaci\u00f3 Socialista d&#039;Eivissa\" \/>\n<meta property=\"article:published_time\" content=\"2024-05-25T10:21:37+00:00\" \/>\n<meta property=\"og:image\" content=\"https:\/\/www.psib-psoe.org\/eivissa\/wp-content\/uploads\/IMG_9112-scaled.jpg\" \/>\n\t<meta property=\"og:image:width\" content=\"2560\" \/>\n\t<meta property=\"og:image:height\" content=\"1604\" \/>\n\t<meta property=\"og:image:type\" content=\"image\/jpeg\" \/>\n<meta name=\"author\" content=\"Josep Ripoll\" \/>\n<meta name=\"twitter:card\" content=\"summary_large_image\" \/>\n<meta name=\"twitter:label1\" content=\"Escrit per\" \/>\n\t<meta name=\"twitter:data1\" content=\"Josep Ripoll\" \/>\n\t<meta name=\"twitter:label2\" content=\"Temps estimat de lectura\" \/>\n\t<meta name=\"twitter:data2\" content=\"4 minuts\" \/>\n<script type=\"application\/ld+json\" class=\"yoast-schema-graph\">{\"@context\":\"https:\/\/schema.org\",\"@graph\":[{\"@type\":[\"Article\",\"BlogPosting\"],\"@id\":\"https:\/\/www.psib-psoe.org\/eivissa\/amnistia-urbanistica-reobertura-del-port-de-sant-antoni-agustinet-el-pp-no-es-de-fiar-quan-parla-de-mesures-contra-la-massificacio\/#article\",\"isPartOf\":{\"@id\":\"https:\/\/www.psib-psoe.org\/eivissa\/amnistia-urbanistica-reobertura-del-port-de-sant-antoni-agustinet-el-pp-no-es-de-fiar-quan-parla-de-mesures-contra-la-massificacio\/\"},\"author\":{\"name\":\"Josep Ripoll\",\"@id\":\"https:\/\/www.psib-psoe.org\/eivissa\/#\/schema\/person\/7a9d2841fb36f32e34fc0e9b245e8117\"},\"headline\":\"Amnistia urban\u00edstica, reobertura del port de Sant Antoni\u2026 \u2018Agustinet\u2019: \u201cEl PP no \u00e9s de fiar quan parla de mesures contra la massificaci\u00f3\u201d\",\"datePublished\":\"2024-05-25T10:21:37+00:00\",\"mainEntityOfPage\":{\"@id\":\"https:\/\/www.psib-psoe.org\/eivissa\/amnistia-urbanistica-reobertura-del-port-de-sant-antoni-agustinet-el-pp-no-es-de-fiar-quan-parla-de-mesures-contra-la-massificacio\/\"},\"wordCount\":906,\"publisher\":{\"@id\":\"https:\/\/www.psib-psoe.org\/eivissa\/#organization\"},\"image\":{\"@id\":\"https:\/\/www.psib-psoe.org\/eivissa\/amnistia-urbanistica-reobertura-del-port-de-sant-antoni-agustinet-el-pp-no-es-de-fiar-quan-parla-de-mesures-contra-la-massificacio\/#primaryimage\"},\"thumbnailUrl\":\"https:\/\/www.psib-psoe.org\/eivissa\/wp-content\/uploads\/IMG_9112-scaled.jpg\",\"articleSection\":[\"Consell d'Eivissa\",\"Federaci\u00f3 d'Eivissa - Portada\",\"Govern de les Illes Balears - Parlament - PSIB-PSOE\"],\"inLanguage\":\"ca\"},{\"@type\":\"WebPage\",\"@id\":\"https:\/\/www.psib-psoe.org\/eivissa\/amnistia-urbanistica-reobertura-del-port-de-sant-antoni-agustinet-el-pp-no-es-de-fiar-quan-parla-de-mesures-contra-la-massificacio\/\",\"url\":\"https:\/\/www.psib-psoe.org\/eivissa\/amnistia-urbanistica-reobertura-del-port-de-sant-antoni-agustinet-el-pp-no-es-de-fiar-quan-parla-de-mesures-contra-la-massificacio\/\",\"name\":\"Amnistia urban\u00edstica, reobertura del port de Sant Antoni\u2026 \u2018Agustinet\u2019: \u201cEl PP no \u00e9s de fiar quan parla de mesures contra la massificaci\u00f3\u201d - Federaci\u00f3 Socialista d&#039;Eivissa\",\"isPartOf\":{\"@id\":\"https:\/\/www.psib-psoe.org\/eivissa\/#website\"},\"primaryImageOfPage\":{\"@id\":\"https:\/\/www.psib-psoe.org\/eivissa\/amnistia-urbanistica-reobertura-del-port-de-sant-antoni-agustinet-el-pp-no-es-de-fiar-quan-parla-de-mesures-contra-la-massificacio\/#primaryimage\"},\"image\":{\"@id\":\"https:\/\/www.psib-psoe.org\/eivissa\/amnistia-urbanistica-reobertura-del-port-de-sant-antoni-agustinet-el-pp-no-es-de-fiar-quan-parla-de-mesures-contra-la-massificacio\/#primaryimage\"},\"thumbnailUrl\":\"https:\/\/www.psib-psoe.org\/eivissa\/wp-content\/uploads\/IMG_9112-scaled.jpg\",\"datePublished\":\"2024-05-25T10:21:37+00:00\",\"breadcrumb\":{\"@id\":\"https:\/\/www.psib-psoe.org\/eivissa\/amnistia-urbanistica-reobertura-del-port-de-sant-antoni-agustinet-el-pp-no-es-de-fiar-quan-parla-de-mesures-contra-la-massificacio\/#breadcrumb\"},\"inLanguage\":\"ca\",\"potentialAction\":[{\"@type\":\"ReadAction\",\"target\":[\"https:\/\/www.psib-psoe.org\/eivissa\/amnistia-urbanistica-reobertura-del-port-de-sant-antoni-agustinet-el-pp-no-es-de-fiar-quan-parla-de-mesures-contra-la-massificacio\/\"]}]},{\"@type\":\"ImageObject\",\"inLanguage\":\"ca\",\"@id\":\"https:\/\/www.psib-psoe.org\/eivissa\/amnistia-urbanistica-reobertura-del-port-de-sant-antoni-agustinet-el-pp-no-es-de-fiar-quan-parla-de-mesures-contra-la-massificacio\/#primaryimage\",\"url\":\"https:\/\/www.psib-psoe.org\/eivissa\/wp-content\/uploads\/IMG_9112-scaled.jpg\",\"contentUrl\":\"https:\/\/www.psib-psoe.org\/eivissa\/wp-content\/uploads\/IMG_9112-scaled.jpg\",\"width\":2560,\"height\":1604},{\"@type\":\"BreadcrumbList\",\"@id\":\"https:\/\/www.psib-psoe.org\/eivissa\/amnistia-urbanistica-reobertura-del-port-de-sant-antoni-agustinet-el-pp-no-es-de-fiar-quan-parla-de-mesures-contra-la-massificacio\/#breadcrumb\",\"itemListElement\":[{\"@type\":\"ListItem\",\"position\":1,\"name\":\"Inici\",\"item\":\"https:\/\/www.psib-psoe.org\/eivissa\/\"},{\"@type\":\"ListItem\",\"position\":2,\"name\":\"Amnistia urban\u00edstica, reobertura del port de Sant Antoni\u2026 \u2018Agustinet\u2019: \u201cEl PP no \u00e9s de fiar quan parla de mesures contra la massificaci\u00f3\u201d\"}]},{\"@type\":\"WebSite\",\"@id\":\"https:\/\/www.psib-psoe.org\/eivissa\/#website\",\"url\":\"https:\/\/www.psib-psoe.org\/eivissa\/\",\"name\":\"Federaci\u00f3 Socialista d'Eivissa\",\"description\":\"Socialistes d&#039;Eivissa\",\"publisher\":{\"@id\":\"https:\/\/www.psib-psoe.org\/eivissa\/#organization\"},\"potentialAction\":[{\"@type\":\"SearchAction\",\"target\":{\"@type\":\"EntryPoint\",\"urlTemplate\":\"https:\/\/www.psib-psoe.org\/eivissa\/?s={search_term_string}\"},\"query-input\":{\"@type\":\"PropertyValueSpecification\",\"valueRequired\":true,\"valueName\":\"search_term_string\"}}],\"inLanguage\":\"ca\"},{\"@type\":\"Organization\",\"@id\":\"https:\/\/www.psib-psoe.org\/eivissa\/#organization\",\"name\":\"Federaci\u00f3 Socialista d'Eivissa\",\"url\":\"https:\/\/www.psib-psoe.org\/eivissa\/\",\"logo\":{\"@type\":\"ImageObject\",\"inLanguage\":\"ca\",\"@id\":\"https:\/\/www.psib-psoe.org\/eivissa\/#\/schema\/logo\/image\/\",\"url\":\"https:\/\/www.psib-psoe.org\/eivissa\/wp-content\/uploads\/LOGO-FSE-SOCIALISTA-DEIVISSA-HORI.png\",\"contentUrl\":\"https:\/\/www.psib-psoe.org\/eivissa\/wp-content\/uploads\/LOGO-FSE-SOCIALISTA-DEIVISSA-HORI.png\",\"width\":6000,\"height\":3104,\"caption\":\"Federaci\u00f3 Socialista d'Eivissa\"},\"image\":{\"@id\":\"https:\/\/www.psib-psoe.org\/eivissa\/#\/schema\/logo\/image\/\"}},{\"@type\":\"Person\",\"@id\":\"https:\/\/www.psib-psoe.org\/eivissa\/#\/schema\/person\/7a9d2841fb36f32e34fc0e9b245e8117\",\"name\":\"Josep Ripoll\",\"sameAs\":[\"http:\/\/www.psib-psoe.org\/eivissa\/wp-login.php\"],\"url\":\"https:\/\/www.psib-psoe.org\/eivissa\/author\/josep\/\"}]}<\/script>\n<!-- \/ Yoast SEO plugin. -->","yoast_head_json":{"title":"Amnistia urban\u00edstica, reobertura del port de Sant Antoni\u2026 \u2018Agustinet\u2019: \u201cEl PP no \u00e9s de fiar quan parla de mesures contra la massificaci\u00f3\u201d - Federaci\u00f3 Socialista d&#039;Eivissa","robots":{"index":"index","follow":"follow","max-snippet":"max-snippet:-1","max-image-preview":"max-image-preview:large","max-video-preview":"max-video-preview:-1"},"canonical":"https:\/\/www.psib-psoe.org\/eivissa\/amnistia-urbanistica-reobertura-del-port-de-sant-antoni-agustinet-el-pp-no-es-de-fiar-quan-parla-de-mesures-contra-la-massificacio\/","og_locale":"ca_ES","og_type":"article","og_title":"Amnistia urban\u00edstica, reobertura del port de Sant Antoni\u2026 \u2018Agustinet\u2019: \u201cEl PP no \u00e9s de fiar quan parla de mesures contra la massificaci\u00f3\u201d - Federaci\u00f3 Socialista d&#039;Eivissa","og_description":"El PSOE adverteix que el Partit Popular \u201cno \u00e9s de fiar\u201d quan parla de buscar mesures contra la massificaci\u00f3 que pateix la nostra illa. Aix\u00ed ho ha manifestat el secretari general de la FSE-PSOE i portaveu al Consell Insular, Josep Mar\u00ed Ribas, \u2018Agustinet\u2019, qui aquest divendres, en nom del Partit Socialista i acompanyat d\u2019altres representants&hellip;","og_url":"https:\/\/www.psib-psoe.org\/eivissa\/amnistia-urbanistica-reobertura-del-port-de-sant-antoni-agustinet-el-pp-no-es-de-fiar-quan-parla-de-mesures-contra-la-massificacio\/","og_site_name":"Federaci\u00f3 Socialista d&#039;Eivissa","article_published_time":"2024-05-25T10:21:37+00:00","og_image":[{"width":2560,"height":1604,"url":"https:\/\/www.psib-psoe.org\/eivissa\/wp-content\/uploads\/IMG_9112-scaled.jpg","type":"image\/jpeg"}],"author":"Josep Ripoll","twitter_card":"summary_large_image","twitter_misc":{"Escrit per":"Josep Ripoll","Temps estimat de lectura":"4 minuts"},"schema":{"@context":"https:\/\/schema.org","@graph":[{"@type":["Article","BlogPosting"],"@id":"https:\/\/www.psib-psoe.org\/eivissa\/amnistia-urbanistica-reobertura-del-port-de-sant-antoni-agustinet-el-pp-no-es-de-fiar-quan-parla-de-mesures-contra-la-massificacio\/#article","isPartOf":{"@id":"https:\/\/www.psib-psoe.org\/eivissa\/amnistia-urbanistica-reobertura-del-port-de-sant-antoni-agustinet-el-pp-no-es-de-fiar-quan-parla-de-mesures-contra-la-massificacio\/"},"author":{"name":"Josep Ripoll","@id":"https:\/\/www.psib-psoe.org\/eivissa\/#\/schema\/person\/7a9d2841fb36f32e34fc0e9b245e8117"},"headline":"Amnistia urban\u00edstica, reobertura del port de Sant Antoni\u2026 \u2018Agustinet\u2019: \u201cEl PP no \u00e9s de fiar quan parla de mesures contra la massificaci\u00f3\u201d","datePublished":"2024-05-25T10:21:37+00:00","mainEntityOfPage":{"@id":"https:\/\/www.psib-psoe.org\/eivissa\/amnistia-urbanistica-reobertura-del-port-de-sant-antoni-agustinet-el-pp-no-es-de-fiar-quan-parla-de-mesures-contra-la-massificacio\/"},"wordCount":906,"publisher":{"@id":"https:\/\/www.psib-psoe.org\/eivissa\/#organization"},"image":{"@id":"https:\/\/www.psib-psoe.org\/eivissa\/amnistia-urbanistica-reobertura-del-port-de-sant-antoni-agustinet-el-pp-no-es-de-fiar-quan-parla-de-mesures-contra-la-massificacio\/#primaryimage"},"thumbnailUrl":"https:\/\/www.psib-psoe.org\/eivissa\/wp-content\/uploads\/IMG_9112-scaled.jpg","articleSection":["Consell d'Eivissa","Federaci\u00f3 d'Eivissa - Portada","Govern de les Illes Balears - Parlament - PSIB-PSOE"],"inLanguage":"ca"},{"@type":"WebPage","@id":"https:\/\/www.psib-psoe.org\/eivissa\/amnistia-urbanistica-reobertura-del-port-de-sant-antoni-agustinet-el-pp-no-es-de-fiar-quan-parla-de-mesures-contra-la-massificacio\/","url":"https:\/\/www.psib-psoe.org\/eivissa\/amnistia-urbanistica-reobertura-del-port-de-sant-antoni-agustinet-el-pp-no-es-de-fiar-quan-parla-de-mesures-contra-la-massificacio\/","name":"Amnistia urban\u00edstica, reobertura del port de Sant Antoni\u2026 \u2018Agustinet\u2019: \u201cEl PP no \u00e9s de fiar quan parla de mesures contra la massificaci\u00f3\u201d - Federaci\u00f3 Socialista d&#039;Eivissa","isPartOf":{"@id":"https:\/\/www.psib-psoe.org\/eivissa\/#website"},"primaryImageOfPage":{"@id":"https:\/\/www.psib-psoe.org\/eivissa\/amnistia-urbanistica-reobertura-del-port-de-sant-antoni-agustinet-el-pp-no-es-de-fiar-quan-parla-de-mesures-contra-la-massificacio\/#primaryimage"},"image":{"@id":"https:\/\/www.psib-psoe.org\/eivissa\/amnistia-urbanistica-reobertura-del-port-de-sant-antoni-agustinet-el-pp-no-es-de-fiar-quan-parla-de-mesures-contra-la-massificacio\/#primaryimage"},"thumbnailUrl":"https:\/\/www.psib-psoe.org\/eivissa\/wp-content\/uploads\/IMG_9112-scaled.jpg","datePublished":"2024-05-25T10:21:37+00:00","breadcrumb":{"@id":"https:\/\/www.psib-psoe.org\/eivissa\/amnistia-urbanistica-reobertura-del-port-de-sant-antoni-agustinet-el-pp-no-es-de-fiar-quan-parla-de-mesures-contra-la-massificacio\/#breadcrumb"},"inLanguage":"ca","potentialAction":[{"@type":"ReadAction","target":["https:\/\/www.psib-psoe.org\/eivissa\/amnistia-urbanistica-reobertura-del-port-de-sant-antoni-agustinet-el-pp-no-es-de-fiar-quan-parla-de-mesures-contra-la-massificacio\/"]}]},{"@type":"ImageObject","inLanguage":"ca","@id":"https:\/\/www.psib-psoe.org\/eivissa\/amnistia-urbanistica-reobertura-del-port-de-sant-antoni-agustinet-el-pp-no-es-de-fiar-quan-parla-de-mesures-contra-la-massificacio\/#primaryimage","url":"https:\/\/www.psib-psoe.org\/eivissa\/wp-content\/uploads\/IMG_9112-scaled.jpg","contentUrl":"https:\/\/www.psib-psoe.org\/eivissa\/wp-content\/uploads\/IMG_9112-scaled.jpg","width":2560,"height":1604},{"@type":"BreadcrumbList","@id":"https:\/\/www.psib-psoe.org\/eivissa\/amnistia-urbanistica-reobertura-del-port-de-sant-antoni-agustinet-el-pp-no-es-de-fiar-quan-parla-de-mesures-contra-la-massificacio\/#breadcrumb","itemListElement":[{"@type":"ListItem","position":1,"name":"Inici","item":"https:\/\/www.psib-psoe.org\/eivissa\/"},{"@type":"ListItem","position":2,"name":"Amnistia urban\u00edstica, reobertura del port de Sant Antoni\u2026 \u2018Agustinet\u2019: \u201cEl PP no \u00e9s de fiar quan parla de mesures contra la massificaci\u00f3\u201d"}]},{"@type":"WebSite","@id":"https:\/\/www.psib-psoe.org\/eivissa\/#website","url":"https:\/\/www.psib-psoe.org\/eivissa\/","name":"Federaci\u00f3 Socialista d'Eivissa","description":"Socialistes d&#039;Eivissa","publisher":{"@id":"https:\/\/www.psib-psoe.org\/eivissa\/#organization"},"potentialAction":[{"@type":"SearchAction","target":{"@type":"EntryPoint","urlTemplate":"https:\/\/www.psib-psoe.org\/eivissa\/?s={search_term_string}"},"query-input":{"@type":"PropertyValueSpecification","valueRequired":true,"valueName":"search_term_string"}}],"inLanguage":"ca"},{"@type":"Organization","@id":"https:\/\/www.psib-psoe.org\/eivissa\/#organization","name":"Federaci\u00f3 Socialista d'Eivissa","url":"https:\/\/www.psib-psoe.org\/eivissa\/","logo":{"@type":"ImageObject","inLanguage":"ca","@id":"https:\/\/www.psib-psoe.org\/eivissa\/#\/schema\/logo\/image\/","url":"https:\/\/www.psib-psoe.org\/eivissa\/wp-content\/uploads\/LOGO-FSE-SOCIALISTA-DEIVISSA-HORI.png","contentUrl":"https:\/\/www.psib-psoe.org\/eivissa\/wp-content\/uploads\/LOGO-FSE-SOCIALISTA-DEIVISSA-HORI.png","width":6000,"height":3104,"caption":"Federaci\u00f3 Socialista d'Eivissa"},"image":{"@id":"https:\/\/www.psib-psoe.org\/eivissa\/#\/schema\/logo\/image\/"}},{"@type":"Person","@id":"https:\/\/www.psib-psoe.org\/eivissa\/#\/schema\/person\/7a9d2841fb36f32e34fc0e9b245e8117","name":"Josep Ripoll","sameAs":["http:\/\/www.psib-psoe.org\/eivissa\/wp-login.php"],"url":"https:\/\/www.psib-psoe.org\/eivissa\/author\/josep\/"}]}},"_links":{"self":[{"href":"https:\/\/www.psib-psoe.org\/eivissa\/wp-json\/wp\/v2\/posts\/39196","targetHints":{"allow":["GET"]}}],"collection":[{"href":"https:\/\/www.psib-psoe.org\/eivissa\/wp-json\/wp\/v2\/posts"}],"about":[{"href":"https:\/\/www.psib-psoe.org\/eivissa\/wp-json\/wp\/v2\/types\/post"}],"author":[{"embeddable":true,"href":"https:\/\/www.psib-psoe.org\/eivissa\/wp-json\/wp\/v2\/users\/7"}],"replies":[{"embeddable":true,"href":"https:\/\/www.psib-psoe.org\/eivissa\/wp-json\/wp\/v2\/comments?post=39196"}],"version-history":[{"count":1,"href":"https:\/\/www.psib-psoe.org\/eivissa\/wp-json\/wp\/v2\/posts\/39196\/revisions"}],"predecessor-version":[{"id":39198,"href":"https:\/\/www.psib-psoe.org\/eivissa\/wp-json\/wp\/v2\/posts\/39196\/revisions\/39198"}],"wp:featuredmedia":[{"embeddable":true,"href":"https:\/\/www.psib-psoe.org\/eivissa\/wp-json\/wp\/v2\/media\/39197"}],"wp:attachment":[{"href":"https:\/\/www.psib-psoe.org\/eivissa\/wp-json\/wp\/v2\/media?parent=39196"}],"wp:term":[{"taxonomy":"category","embeddable":true,"href":"https:\/\/www.psib-psoe.org\/eivissa\/wp-json\/wp\/v2\/categories?post=39196"},{"taxonomy":"post_tag","embeddable":true,"href":"https:\/\/www.psib-psoe.org\/eivissa\/wp-json\/wp\/v2\/tags?post=39196"}],"curies":[{"name":"wp","href":"https:\/\/api.w.org\/{rel}","templated":true}]}}