{"id":39207,"date":"2024-05-27T17:01:11","date_gmt":"2024-05-27T15:01:11","guid":{"rendered":"https:\/\/www.psib-psoe.org\/eivissa\/?p=39207"},"modified":"2024-05-27T17:01:13","modified_gmt":"2024-05-27T15:01:13","slug":"el-psoe-denuncia-lamenaca-clara-de-reobertura-del-port-de-sant-antoni-davant-lambiguitat-de-vicent-mari-i-marcos-serra","status":"publish","type":"post","link":"https:\/\/www.psib-psoe.org\/eivissa\/el-psoe-denuncia-lamenaca-clara-de-reobertura-del-port-de-sant-antoni-davant-lambiguitat-de-vicent-mari-i-marcos-serra\/","title":{"rendered":"El PSOE denuncia \u201cl\u2019amena\u00e7a clara\u201d de reobertura del port de Sant Antoni\u201d, davant \u201cl\u2019ambig\u00fcitat de Vicent Mar\u00ed i Marcos Serra\u201d"},"content":{"rendered":"\n<p>El PSOE ha denunciat avui l\u2019\u201cambig\u00fcitat\u201d de Vicent Mar\u00ed i Marcos Serra respecte a l\u2019\u201camena\u00e7a clara\u201d de la reobertura del port de Sant Antoni. El secretari general socialista i portaveu al Consell, Josep Mar\u00ed Ribas, \u2018Agustinet\u2019, i el portaveu municipal a Sant Antoni, Antonio Lorenzo, han fet aquestes declaracions al passeig de ses Fonts, on aquest mat\u00ed han fet campanya electoral acompanyats d\u2019altres representants socialistes. \u2018Agustinet\u2019 ha advertit de \u201cl\u2019amena\u00e7a clara, amb un Partit Popular, que no s&#8217;ha definit com a partit pol\u00edtic sobre aquesta reobertura del port, i que mant\u00e9 aquesta ambig\u00fcitat que ja no t\u00e9 ning\u00fa\u201d.&nbsp;<\/p>\n\n\n\n<p>\u201cTots els empresaris, tots els comerciants, tots els vesins, totes les entitats s&#8217;han manifestat a favor de mantenir l&#8217;actual estructura. El fet que ara segueixin parlant de preparar el port per aquesta activitat ens torna a posar en gu\u00e0rdia davant d&#8217;aix\u00f2\u201d.&nbsp;<\/p>\n\n\n\n<p>\u201cNo \u00e9s possible que ara mateix es torni a obrir el port de Sant Antoni, si volem limitar el creixement, controlar l\u2019entrada de vehicles, de controlar moltes coses dels impactes del turisme. \u201cL\u2019obertura del port de Santa Ant\u00f2nia \u00e9s contradict\u00f2ria\u201d.<\/p>\n\n\n\n<p>Antonio Lorenzo ha coincidit a remarcar que \u201cla immensa majoria de la societat opina que l&#8217;arribada de grans ferris al municipi no beneficia Sant Antoni i aix\u00ed ho han demostrat les opinions d&#8217;associacions vesinals, sector empresarial, hoteler, associacions ecologistes, els grups de l&#8217;oposici\u00f3\u201d. \u00c9s el Partit Popular que no t\u00e9 una decisi\u00f3 presa i, per tant, la meva pregunta \u00e9s, a qui intenta beneficiar amb la reobertura d&#8217;aquest port que coneixem?\u201d&nbsp;<\/p>\n\n\n\n<p>\u201cJo em pregunt, quin paper t\u00e9 l&#8217;alcalde de Sant Antoni respecte a aquesta decisi\u00f3, que a m\u00e9s \u00e9s una persona que \u00e9s al consell d&#8217;administraci\u00f3 de Ports IB?\u201d.&nbsp;<\/p>\n\n\n\n<p>El portaveu socialista a Sant Antoni ha exigit \u201cque defensin els interessos generals del nostre municipi, que beneficien la majoria, i no prendre decisions unilaterals que nom\u00e9s beneficien uns quants. I a m\u00e9s a m\u00e9s, pensam que s&#8217;estan quedant tots sols davant d\u2019aquesta decisi\u00f3 de reobrir el port de Sant Antoni a grans bucs\u201d.<\/p>\n","protected":false},"excerpt":{"rendered":"<p>El PSOE ha denunciat avui l\u2019\u201cambig\u00fcitat\u201d de Vicent Mar\u00ed i Marcos Serra respecte a l\u2019\u201camena\u00e7a clara\u201d de la reobertura del port de Sant Antoni. El secretari general socialista i portaveu al Consell, Josep Mar\u00ed Ribas, \u2018Agustinet\u2019, i el portaveu municipal a Sant Antoni, Antonio Lorenzo, han fet aquestes declaracions al passeig de ses Fonts, on&hellip;<\/p>\n","protected":false},"author":7,"featured_media":39206,"comment_status":"closed","ping_status":"closed","sticky":false,"template":"","format":"standard","meta":{"footnotes":""},"categories":[192,1,234,188],"tags":[],"class_list":["post-39207","post","type-post","status-publish","format-standard","has-post-thumbnail","hentry","category-consell-deivissa","category-federacio-de-eivissa-portada","category-municipis","category-sant-antoni-de-portmany"],"yoast_head":"<!-- This site is optimized with the Yoast SEO plugin v26.9 - https:\/\/yoast.com\/product\/yoast-seo-wordpress\/ -->\n<title>El PSOE denuncia \u201cl\u2019amena\u00e7a clara\u201d de reobertura del port de Sant Antoni\u201d, davant \u201cl\u2019ambig\u00fcitat de Vicent Mar\u00ed i Marcos Serra\u201d - Federaci\u00f3 Socialista d&#039;Eivissa<\/title>\n<meta name=\"robots\" content=\"index, follow, max-snippet:-1, max-image-preview:large, max-video-preview:-1\" \/>\n<link rel=\"canonical\" href=\"https:\/\/www.psib-psoe.org\/eivissa\/el-psoe-denuncia-lamenaca-clara-de-reobertura-del-port-de-sant-antoni-davant-lambiguitat-de-vicent-mari-i-marcos-serra\/\" \/>\n<meta property=\"og:locale\" content=\"ca_ES\" \/>\n<meta property=\"og:type\" content=\"article\" \/>\n<meta property=\"og:title\" content=\"El PSOE denuncia \u201cl\u2019amena\u00e7a clara\u201d de reobertura del port de Sant Antoni\u201d, davant \u201cl\u2019ambig\u00fcitat de Vicent Mar\u00ed i Marcos Serra\u201d - Federaci\u00f3 Socialista d&#039;Eivissa\" \/>\n<meta property=\"og:description\" content=\"El PSOE ha denunciat avui l\u2019\u201cambig\u00fcitat\u201d de Vicent Mar\u00ed i Marcos Serra respecte a l\u2019\u201camena\u00e7a clara\u201d de la reobertura del port de Sant Antoni. El secretari general socialista i portaveu al Consell, Josep Mar\u00ed Ribas, \u2018Agustinet\u2019, i el portaveu municipal a Sant Antoni, Antonio Lorenzo, han fet aquestes declaracions al passeig de ses Fonts, on&hellip;\" \/>\n<meta property=\"og:url\" content=\"https:\/\/www.psib-psoe.org\/eivissa\/el-psoe-denuncia-lamenaca-clara-de-reobertura-del-port-de-sant-antoni-davant-lambiguitat-de-vicent-mari-i-marcos-serra\/\" \/>\n<meta property=\"og:site_name\" content=\"Federaci\u00f3 Socialista d&#039;Eivissa\" \/>\n<meta property=\"article:published_time\" content=\"2024-05-27T15:01:11+00:00\" \/>\n<meta property=\"article:modified_time\" content=\"2024-05-27T15:01:13+00:00\" \/>\n<meta property=\"og:image\" content=\"https:\/\/www.psib-psoe.org\/eivissa\/wp-content\/uploads\/d34fac3e-ec17-4234-85d6-d0937a7998d3-1.jpg\" \/>\n\t<meta property=\"og:image:width\" content=\"2000\" \/>\n\t<meta property=\"og:image:height\" content=\"1500\" \/>\n\t<meta property=\"og:image:type\" content=\"image\/jpeg\" \/>\n<meta name=\"author\" content=\"Josep Ripoll\" \/>\n<meta name=\"twitter:card\" content=\"summary_large_image\" \/>\n<meta name=\"twitter:label1\" content=\"Escrit per\" \/>\n\t<meta name=\"twitter:data1\" content=\"Josep Ripoll\" \/>\n\t<meta name=\"twitter:label2\" content=\"Temps estimat de lectura\" \/>\n\t<meta name=\"twitter:data2\" content=\"2 minuts\" \/>\n<script type=\"application\/ld+json\" class=\"yoast-schema-graph\">{\"@context\":\"https:\/\/schema.org\",\"@graph\":[{\"@type\":[\"Article\",\"BlogPosting\"],\"@id\":\"https:\/\/www.psib-psoe.org\/eivissa\/el-psoe-denuncia-lamenaca-clara-de-reobertura-del-port-de-sant-antoni-davant-lambiguitat-de-vicent-mari-i-marcos-serra\/#article\",\"isPartOf\":{\"@id\":\"https:\/\/www.psib-psoe.org\/eivissa\/el-psoe-denuncia-lamenaca-clara-de-reobertura-del-port-de-sant-antoni-davant-lambiguitat-de-vicent-mari-i-marcos-serra\/\"},\"author\":{\"name\":\"Josep Ripoll\",\"@id\":\"https:\/\/www.psib-psoe.org\/eivissa\/#\/schema\/person\/7a9d2841fb36f32e34fc0e9b245e8117\"},\"headline\":\"El PSOE denuncia \u201cl\u2019amena\u00e7a clara\u201d de reobertura del port de Sant Antoni\u201d, davant \u201cl\u2019ambig\u00fcitat de Vicent Mar\u00ed i Marcos Serra\u201d\",\"datePublished\":\"2024-05-27T15:01:11+00:00\",\"dateModified\":\"2024-05-27T15:01:13+00:00\",\"mainEntityOfPage\":{\"@id\":\"https:\/\/www.psib-psoe.org\/eivissa\/el-psoe-denuncia-lamenaca-clara-de-reobertura-del-port-de-sant-antoni-davant-lambiguitat-de-vicent-mari-i-marcos-serra\/\"},\"wordCount\":379,\"publisher\":{\"@id\":\"https:\/\/www.psib-psoe.org\/eivissa\/#organization\"},\"image\":{\"@id\":\"https:\/\/www.psib-psoe.org\/eivissa\/el-psoe-denuncia-lamenaca-clara-de-reobertura-del-port-de-sant-antoni-davant-lambiguitat-de-vicent-mari-i-marcos-serra\/#primaryimage\"},\"thumbnailUrl\":\"https:\/\/www.psib-psoe.org\/eivissa\/wp-content\/uploads\/d34fac3e-ec17-4234-85d6-d0937a7998d3-1.jpg\",\"articleSection\":[\"Consell d'Eivissa\",\"Federaci\u00f3 d'Eivissa - Portada\",\"Municipis\",\"Sant Antoni de Portmany\"],\"inLanguage\":\"ca\"},{\"@type\":\"WebPage\",\"@id\":\"https:\/\/www.psib-psoe.org\/eivissa\/el-psoe-denuncia-lamenaca-clara-de-reobertura-del-port-de-sant-antoni-davant-lambiguitat-de-vicent-mari-i-marcos-serra\/\",\"url\":\"https:\/\/www.psib-psoe.org\/eivissa\/el-psoe-denuncia-lamenaca-clara-de-reobertura-del-port-de-sant-antoni-davant-lambiguitat-de-vicent-mari-i-marcos-serra\/\",\"name\":\"El PSOE denuncia \u201cl\u2019amena\u00e7a clara\u201d de reobertura del port de Sant Antoni\u201d, davant \u201cl\u2019ambig\u00fcitat de Vicent Mar\u00ed i Marcos Serra\u201d - Federaci\u00f3 Socialista d&#039;Eivissa\",\"isPartOf\":{\"@id\":\"https:\/\/www.psib-psoe.org\/eivissa\/#website\"},\"primaryImageOfPage\":{\"@id\":\"https:\/\/www.psib-psoe.org\/eivissa\/el-psoe-denuncia-lamenaca-clara-de-reobertura-del-port-de-sant-antoni-davant-lambiguitat-de-vicent-mari-i-marcos-serra\/#primaryimage\"},\"image\":{\"@id\":\"https:\/\/www.psib-psoe.org\/eivissa\/el-psoe-denuncia-lamenaca-clara-de-reobertura-del-port-de-sant-antoni-davant-lambiguitat-de-vicent-mari-i-marcos-serra\/#primaryimage\"},\"thumbnailUrl\":\"https:\/\/www.psib-psoe.org\/eivissa\/wp-content\/uploads\/d34fac3e-ec17-4234-85d6-d0937a7998d3-1.jpg\",\"datePublished\":\"2024-05-27T15:01:11+00:00\",\"dateModified\":\"2024-05-27T15:01:13+00:00\",\"breadcrumb\":{\"@id\":\"https:\/\/www.psib-psoe.org\/eivissa\/el-psoe-denuncia-lamenaca-clara-de-reobertura-del-port-de-sant-antoni-davant-lambiguitat-de-vicent-mari-i-marcos-serra\/#breadcrumb\"},\"inLanguage\":\"ca\",\"potentialAction\":[{\"@type\":\"ReadAction\",\"target\":[\"https:\/\/www.psib-psoe.org\/eivissa\/el-psoe-denuncia-lamenaca-clara-de-reobertura-del-port-de-sant-antoni-davant-lambiguitat-de-vicent-mari-i-marcos-serra\/\"]}]},{\"@type\":\"ImageObject\",\"inLanguage\":\"ca\",\"@id\":\"https:\/\/www.psib-psoe.org\/eivissa\/el-psoe-denuncia-lamenaca-clara-de-reobertura-del-port-de-sant-antoni-davant-lambiguitat-de-vicent-mari-i-marcos-serra\/#primaryimage\",\"url\":\"https:\/\/www.psib-psoe.org\/eivissa\/wp-content\/uploads\/d34fac3e-ec17-4234-85d6-d0937a7998d3-1.jpg\",\"contentUrl\":\"https:\/\/www.psib-psoe.org\/eivissa\/wp-content\/uploads\/d34fac3e-ec17-4234-85d6-d0937a7998d3-1.jpg\",\"width\":2000,\"height\":1500},{\"@type\":\"BreadcrumbList\",\"@id\":\"https:\/\/www.psib-psoe.org\/eivissa\/el-psoe-denuncia-lamenaca-clara-de-reobertura-del-port-de-sant-antoni-davant-lambiguitat-de-vicent-mari-i-marcos-serra\/#breadcrumb\",\"itemListElement\":[{\"@type\":\"ListItem\",\"position\":1,\"name\":\"Inici\",\"item\":\"https:\/\/www.psib-psoe.org\/eivissa\/\"},{\"@type\":\"ListItem\",\"position\":2,\"name\":\"El PSOE denuncia \u201cl\u2019amena\u00e7a clara\u201d de reobertura del port de Sant Antoni\u201d, davant \u201cl\u2019ambig\u00fcitat de Vicent Mar\u00ed i Marcos Serra\u201d\"}]},{\"@type\":\"WebSite\",\"@id\":\"https:\/\/www.psib-psoe.org\/eivissa\/#website\",\"url\":\"https:\/\/www.psib-psoe.org\/eivissa\/\",\"name\":\"Federaci\u00f3 Socialista d'Eivissa\",\"description\":\"Socialistes d&#039;Eivissa\",\"publisher\":{\"@id\":\"https:\/\/www.psib-psoe.org\/eivissa\/#organization\"},\"potentialAction\":[{\"@type\":\"SearchAction\",\"target\":{\"@type\":\"EntryPoint\",\"urlTemplate\":\"https:\/\/www.psib-psoe.org\/eivissa\/?s={search_term_string}\"},\"query-input\":{\"@type\":\"PropertyValueSpecification\",\"valueRequired\":true,\"valueName\":\"search_term_string\"}}],\"inLanguage\":\"ca\"},{\"@type\":\"Organization\",\"@id\":\"https:\/\/www.psib-psoe.org\/eivissa\/#organization\",\"name\":\"Federaci\u00f3 Socialista d'Eivissa\",\"url\":\"https:\/\/www.psib-psoe.org\/eivissa\/\",\"logo\":{\"@type\":\"ImageObject\",\"inLanguage\":\"ca\",\"@id\":\"https:\/\/www.psib-psoe.org\/eivissa\/#\/schema\/logo\/image\/\",\"url\":\"https:\/\/www.psib-psoe.org\/eivissa\/wp-content\/uploads\/LOGO-FSE-SOCIALISTA-DEIVISSA-HORI.png\",\"contentUrl\":\"https:\/\/www.psib-psoe.org\/eivissa\/wp-content\/uploads\/LOGO-FSE-SOCIALISTA-DEIVISSA-HORI.png\",\"width\":6000,\"height\":3104,\"caption\":\"Federaci\u00f3 Socialista d'Eivissa\"},\"image\":{\"@id\":\"https:\/\/www.psib-psoe.org\/eivissa\/#\/schema\/logo\/image\/\"}},{\"@type\":\"Person\",\"@id\":\"https:\/\/www.psib-psoe.org\/eivissa\/#\/schema\/person\/7a9d2841fb36f32e34fc0e9b245e8117\",\"name\":\"Josep Ripoll\",\"sameAs\":[\"http:\/\/www.psib-psoe.org\/eivissa\/wp-login.php\"],\"url\":\"https:\/\/www.psib-psoe.org\/eivissa\/author\/josep\/\"}]}<\/script>\n<!-- \/ Yoast SEO plugin. -->","yoast_head_json":{"title":"El PSOE denuncia \u201cl\u2019amena\u00e7a clara\u201d de reobertura del port de Sant Antoni\u201d, davant \u201cl\u2019ambig\u00fcitat de Vicent Mar\u00ed i Marcos Serra\u201d - Federaci\u00f3 Socialista d&#039;Eivissa","robots":{"index":"index","follow":"follow","max-snippet":"max-snippet:-1","max-image-preview":"max-image-preview:large","max-video-preview":"max-video-preview:-1"},"canonical":"https:\/\/www.psib-psoe.org\/eivissa\/el-psoe-denuncia-lamenaca-clara-de-reobertura-del-port-de-sant-antoni-davant-lambiguitat-de-vicent-mari-i-marcos-serra\/","og_locale":"ca_ES","og_type":"article","og_title":"El PSOE denuncia \u201cl\u2019amena\u00e7a clara\u201d de reobertura del port de Sant Antoni\u201d, davant \u201cl\u2019ambig\u00fcitat de Vicent Mar\u00ed i Marcos Serra\u201d - Federaci\u00f3 Socialista d&#039;Eivissa","og_description":"El PSOE ha denunciat avui l\u2019\u201cambig\u00fcitat\u201d de Vicent Mar\u00ed i Marcos Serra respecte a l\u2019\u201camena\u00e7a clara\u201d de la reobertura del port de Sant Antoni. El secretari general socialista i portaveu al Consell, Josep Mar\u00ed Ribas, \u2018Agustinet\u2019, i el portaveu municipal a Sant Antoni, Antonio Lorenzo, han fet aquestes declaracions al passeig de ses Fonts, on&hellip;","og_url":"https:\/\/www.psib-psoe.org\/eivissa\/el-psoe-denuncia-lamenaca-clara-de-reobertura-del-port-de-sant-antoni-davant-lambiguitat-de-vicent-mari-i-marcos-serra\/","og_site_name":"Federaci\u00f3 Socialista d&#039;Eivissa","article_published_time":"2024-05-27T15:01:11+00:00","article_modified_time":"2024-05-27T15:01:13+00:00","og_image":[{"width":2000,"height":1500,"url":"https:\/\/www.psib-psoe.org\/eivissa\/wp-content\/uploads\/d34fac3e-ec17-4234-85d6-d0937a7998d3-1.jpg","type":"image\/jpeg"}],"author":"Josep Ripoll","twitter_card":"summary_large_image","twitter_misc":{"Escrit per":"Josep Ripoll","Temps estimat de lectura":"2 minuts"},"schema":{"@context":"https:\/\/schema.org","@graph":[{"@type":["Article","BlogPosting"],"@id":"https:\/\/www.psib-psoe.org\/eivissa\/el-psoe-denuncia-lamenaca-clara-de-reobertura-del-port-de-sant-antoni-davant-lambiguitat-de-vicent-mari-i-marcos-serra\/#article","isPartOf":{"@id":"https:\/\/www.psib-psoe.org\/eivissa\/el-psoe-denuncia-lamenaca-clara-de-reobertura-del-port-de-sant-antoni-davant-lambiguitat-de-vicent-mari-i-marcos-serra\/"},"author":{"name":"Josep Ripoll","@id":"https:\/\/www.psib-psoe.org\/eivissa\/#\/schema\/person\/7a9d2841fb36f32e34fc0e9b245e8117"},"headline":"El PSOE denuncia \u201cl\u2019amena\u00e7a clara\u201d de reobertura del port de Sant Antoni\u201d, davant \u201cl\u2019ambig\u00fcitat de Vicent Mar\u00ed i Marcos Serra\u201d","datePublished":"2024-05-27T15:01:11+00:00","dateModified":"2024-05-27T15:01:13+00:00","mainEntityOfPage":{"@id":"https:\/\/www.psib-psoe.org\/eivissa\/el-psoe-denuncia-lamenaca-clara-de-reobertura-del-port-de-sant-antoni-davant-lambiguitat-de-vicent-mari-i-marcos-serra\/"},"wordCount":379,"publisher":{"@id":"https:\/\/www.psib-psoe.org\/eivissa\/#organization"},"image":{"@id":"https:\/\/www.psib-psoe.org\/eivissa\/el-psoe-denuncia-lamenaca-clara-de-reobertura-del-port-de-sant-antoni-davant-lambiguitat-de-vicent-mari-i-marcos-serra\/#primaryimage"},"thumbnailUrl":"https:\/\/www.psib-psoe.org\/eivissa\/wp-content\/uploads\/d34fac3e-ec17-4234-85d6-d0937a7998d3-1.jpg","articleSection":["Consell d'Eivissa","Federaci\u00f3 d'Eivissa - Portada","Municipis","Sant Antoni de Portmany"],"inLanguage":"ca"},{"@type":"WebPage","@id":"https:\/\/www.psib-psoe.org\/eivissa\/el-psoe-denuncia-lamenaca-clara-de-reobertura-del-port-de-sant-antoni-davant-lambiguitat-de-vicent-mari-i-marcos-serra\/","url":"https:\/\/www.psib-psoe.org\/eivissa\/el-psoe-denuncia-lamenaca-clara-de-reobertura-del-port-de-sant-antoni-davant-lambiguitat-de-vicent-mari-i-marcos-serra\/","name":"El PSOE denuncia \u201cl\u2019amena\u00e7a clara\u201d de reobertura del port de Sant Antoni\u201d, davant \u201cl\u2019ambig\u00fcitat de Vicent Mar\u00ed i Marcos Serra\u201d - Federaci\u00f3 Socialista d&#039;Eivissa","isPartOf":{"@id":"https:\/\/www.psib-psoe.org\/eivissa\/#website"},"primaryImageOfPage":{"@id":"https:\/\/www.psib-psoe.org\/eivissa\/el-psoe-denuncia-lamenaca-clara-de-reobertura-del-port-de-sant-antoni-davant-lambiguitat-de-vicent-mari-i-marcos-serra\/#primaryimage"},"image":{"@id":"https:\/\/www.psib-psoe.org\/eivissa\/el-psoe-denuncia-lamenaca-clara-de-reobertura-del-port-de-sant-antoni-davant-lambiguitat-de-vicent-mari-i-marcos-serra\/#primaryimage"},"thumbnailUrl":"https:\/\/www.psib-psoe.org\/eivissa\/wp-content\/uploads\/d34fac3e-ec17-4234-85d6-d0937a7998d3-1.jpg","datePublished":"2024-05-27T15:01:11+00:00","dateModified":"2024-05-27T15:01:13+00:00","breadcrumb":{"@id":"https:\/\/www.psib-psoe.org\/eivissa\/el-psoe-denuncia-lamenaca-clara-de-reobertura-del-port-de-sant-antoni-davant-lambiguitat-de-vicent-mari-i-marcos-serra\/#breadcrumb"},"inLanguage":"ca","potentialAction":[{"@type":"ReadAction","target":["https:\/\/www.psib-psoe.org\/eivissa\/el-psoe-denuncia-lamenaca-clara-de-reobertura-del-port-de-sant-antoni-davant-lambiguitat-de-vicent-mari-i-marcos-serra\/"]}]},{"@type":"ImageObject","inLanguage":"ca","@id":"https:\/\/www.psib-psoe.org\/eivissa\/el-psoe-denuncia-lamenaca-clara-de-reobertura-del-port-de-sant-antoni-davant-lambiguitat-de-vicent-mari-i-marcos-serra\/#primaryimage","url":"https:\/\/www.psib-psoe.org\/eivissa\/wp-content\/uploads\/d34fac3e-ec17-4234-85d6-d0937a7998d3-1.jpg","contentUrl":"https:\/\/www.psib-psoe.org\/eivissa\/wp-content\/uploads\/d34fac3e-ec17-4234-85d6-d0937a7998d3-1.jpg","width":2000,"height":1500},{"@type":"BreadcrumbList","@id":"https:\/\/www.psib-psoe.org\/eivissa\/el-psoe-denuncia-lamenaca-clara-de-reobertura-del-port-de-sant-antoni-davant-lambiguitat-de-vicent-mari-i-marcos-serra\/#breadcrumb","itemListElement":[{"@type":"ListItem","position":1,"name":"Inici","item":"https:\/\/www.psib-psoe.org\/eivissa\/"},{"@type":"ListItem","position":2,"name":"El PSOE denuncia \u201cl\u2019amena\u00e7a clara\u201d de reobertura del port de Sant Antoni\u201d, davant \u201cl\u2019ambig\u00fcitat de Vicent Mar\u00ed i Marcos Serra\u201d"}]},{"@type":"WebSite","@id":"https:\/\/www.psib-psoe.org\/eivissa\/#website","url":"https:\/\/www.psib-psoe.org\/eivissa\/","name":"Federaci\u00f3 Socialista d'Eivissa","description":"Socialistes d&#039;Eivissa","publisher":{"@id":"https:\/\/www.psib-psoe.org\/eivissa\/#organization"},"potentialAction":[{"@type":"SearchAction","target":{"@type":"EntryPoint","urlTemplate":"https:\/\/www.psib-psoe.org\/eivissa\/?s={search_term_string}"},"query-input":{"@type":"PropertyValueSpecification","valueRequired":true,"valueName":"search_term_string"}}],"inLanguage":"ca"},{"@type":"Organization","@id":"https:\/\/www.psib-psoe.org\/eivissa\/#organization","name":"Federaci\u00f3 Socialista d'Eivissa","url":"https:\/\/www.psib-psoe.org\/eivissa\/","logo":{"@type":"ImageObject","inLanguage":"ca","@id":"https:\/\/www.psib-psoe.org\/eivissa\/#\/schema\/logo\/image\/","url":"https:\/\/www.psib-psoe.org\/eivissa\/wp-content\/uploads\/LOGO-FSE-SOCIALISTA-DEIVISSA-HORI.png","contentUrl":"https:\/\/www.psib-psoe.org\/eivissa\/wp-content\/uploads\/LOGO-FSE-SOCIALISTA-DEIVISSA-HORI.png","width":6000,"height":3104,"caption":"Federaci\u00f3 Socialista d'Eivissa"},"image":{"@id":"https:\/\/www.psib-psoe.org\/eivissa\/#\/schema\/logo\/image\/"}},{"@type":"Person","@id":"https:\/\/www.psib-psoe.org\/eivissa\/#\/schema\/person\/7a9d2841fb36f32e34fc0e9b245e8117","name":"Josep Ripoll","sameAs":["http:\/\/www.psib-psoe.org\/eivissa\/wp-login.php"],"url":"https:\/\/www.psib-psoe.org\/eivissa\/author\/josep\/"}]}},"_links":{"self":[{"href":"https:\/\/www.psib-psoe.org\/eivissa\/wp-json\/wp\/v2\/posts\/39207","targetHints":{"allow":["GET"]}}],"collection":[{"href":"https:\/\/www.psib-psoe.org\/eivissa\/wp-json\/wp\/v2\/posts"}],"about":[{"href":"https:\/\/www.psib-psoe.org\/eivissa\/wp-json\/wp\/v2\/types\/post"}],"author":[{"embeddable":true,"href":"https:\/\/www.psib-psoe.org\/eivissa\/wp-json\/wp\/v2\/users\/7"}],"replies":[{"embeddable":true,"href":"https:\/\/www.psib-psoe.org\/eivissa\/wp-json\/wp\/v2\/comments?post=39207"}],"version-history":[{"count":1,"href":"https:\/\/www.psib-psoe.org\/eivissa\/wp-json\/wp\/v2\/posts\/39207\/revisions"}],"predecessor-version":[{"id":39208,"href":"https:\/\/www.psib-psoe.org\/eivissa\/wp-json\/wp\/v2\/posts\/39207\/revisions\/39208"}],"wp:featuredmedia":[{"embeddable":true,"href":"https:\/\/www.psib-psoe.org\/eivissa\/wp-json\/wp\/v2\/media\/39206"}],"wp:attachment":[{"href":"https:\/\/www.psib-psoe.org\/eivissa\/wp-json\/wp\/v2\/media?parent=39207"}],"wp:term":[{"taxonomy":"category","embeddable":true,"href":"https:\/\/www.psib-psoe.org\/eivissa\/wp-json\/wp\/v2\/categories?post=39207"},{"taxonomy":"post_tag","embeddable":true,"href":"https:\/\/www.psib-psoe.org\/eivissa\/wp-json\/wp\/v2\/tags?post=39207"}],"curies":[{"name":"wp","href":"https:\/\/api.w.org\/{rel}","templated":true}]}}