{"id":39213,"date":"2024-05-28T17:54:31","date_gmt":"2024-05-28T15:54:31","guid":{"rendered":"https:\/\/www.psib-psoe.org\/eivissa\/?p=39213"},"modified":"2024-05-28T19:30:50","modified_gmt":"2024-05-28T17:30:50","slug":"el-psoe-rep-al-congres-representants-de-les-associacions-de-familiars-dusuaris-de-residencies-de-gent-gran-entre-els-quals-de-sa-residencia-colisee","status":"publish","type":"post","link":"https:\/\/www.psib-psoe.org\/eivissa\/el-psoe-rep-al-congres-representants-de-les-associacions-de-familiars-dusuaris-de-residencies-de-gent-gran-entre-els-quals-de-sa-residencia-colisee\/","title":{"rendered":"El PSOE rep al Congr\u00e9s representants de les associacions de familiars d&#8217;usuaris de resid\u00e8ncies de gent gran, entre els quals de Sa Resid\u00e8ncia Colis\u00e9e"},"content":{"rendered":"\r\n\r\n\r\n<p>Aquest mat\u00ed ha tengut lloc al Congr\u00e9s dels Diputats una reuni\u00f3 entre representants de l&#8217;associaci\u00f3 Plataforma per la Dignitat de les Persones Majors a les Resid\u00e8ncies (PLADIGMARE) i la Plataforma de Familiars per la defensa de la Dignitat dels Majors d&#8217;Eivissa ( FADIGMA) amb representants del grup parlamentari Socialista, entre elles la diputada eivissenca, Milena Herrera. La trobada s&#8217;ha celebrat amb l&#8217;objectiu d&#8217;analitzar i millorar la situaci\u00f3 a les resid\u00e8ncies de gent gran a Espanya.<\/p>\r\n<p>A la reuni\u00f3 han set presents Miguel V\u00e1zquez, president de PLADIGMARE i Carmen Ortiz i Micaela Comendeiro, totes dos portaveus de FADIGMA. Micaela Comendeiro tamb\u00e9 forma part del Comit\u00e8 de Fam\u00edlies de Colis\u00e9e Sa Resid\u00e8ncia.<\/p>\r\n\r\n\r\n\r\n<p>Per part del PSOE hi han assistit Sonia Guerra, portaveu de Drets Socials del partit, Maribel Garc\u00eda, diputada i membre de la direcci\u00f3 del Grup Parlamentari Socialista, i la mateixa Milena Herrera.<\/p>\r\n\r\n\r\n\r\n<p>Durant la trobada, s&#8217;han abordat q\u00fcestions relacionades amb la qualitat de vida dels residents, la gesti\u00f3 de les resid\u00e8ncies i la necessitat de reformes estructurals al sistema de cures a persones grans.<\/p>\r\n\r\n\r\n\r\n<p>Els representants de PLADIGMARE i FADIGMA han exposat les seves preocupacions i propostes per millorar les condicions a les resid\u00e8ncies, subratllant la import\u00e0ncia d&#8217;una major transpar\u00e8ncia, supervisi\u00f3 i recursos destinats a aquests centres.<\/p>\r\n\r\n\r\n\r\n<p>Per part seva, les diputades del PSOE han manifestat el seu comprom\u00eds a abordar les reivindicacions exposades i s&#8217;han mostrat disposades a treballar conjuntament en la implementaci\u00f3 de pol\u00edtiques que garanteixin el benestar dels usuaris de les resid\u00e8ncies, com \u00e9s la necessitat d&#8217;un marc legislatiu robust que asseguri la protecci\u00f3 dels drets de la gent gran i promogui la qualitat en latenci\u00f3.<\/p>\r\n\r\n\r\n\r\n<p>La reuni\u00f3 ha acabat amb el comprom\u00eds de continuar el di\u00e0leg i establir espais de treball que permetin desenvolupar solucions efectives per als problemes plantejats. Les dues parts han coincidit en la import\u00e0ncia de continuar col\u00b7laborant estretament per aconseguir aven\u00e7os significatius en la gesti\u00f3 de les resid\u00e8ncies de gent gran a Espanya.<\/p>\r\n","protected":false},"excerpt":{"rendered":"<p>Aquest mat\u00ed ha tengut lloc al Congr\u00e9s dels Diputats una reuni\u00f3 entre representants de l&#8217;associaci\u00f3 Plataforma per la Dignitat de les Persones Majors a les Resid\u00e8ncies (PLADIGMARE) i la Plataforma de Familiars per la defensa de la Dignitat dels Majors d&#8217;Eivissa ( FADIGMA) amb representants del grup parlamentari Socialista, entre elles la diputada eivissenca, Milena&hellip;<\/p>\n","protected":false},"author":7,"featured_media":39212,"comment_status":"closed","ping_status":"closed","sticky":false,"template":"","format":"standard","meta":{"footnotes":""},"categories":[1,190],"tags":[],"class_list":["post-39213","post","type-post","status-publish","format-standard","has-post-thumbnail","hentry","category-federacio-de-eivissa-portada","category-govern-despanya-congres-senat"],"yoast_head":"<!-- This site is optimized with the Yoast SEO plugin v26.9 - https:\/\/yoast.com\/product\/yoast-seo-wordpress\/ -->\n<title>El PSOE rep al Congr\u00e9s representants de les associacions de familiars d&#039;usuaris de resid\u00e8ncies de gent gran, entre els quals de Sa Resid\u00e8ncia Colis\u00e9e - Federaci\u00f3 Socialista d&#039;Eivissa<\/title>\n<meta name=\"robots\" content=\"index, follow, max-snippet:-1, max-image-preview:large, max-video-preview:-1\" \/>\n<link rel=\"canonical\" href=\"https:\/\/www.psib-psoe.org\/eivissa\/el-psoe-rep-al-congres-representants-de-les-associacions-de-familiars-dusuaris-de-residencies-de-gent-gran-entre-els-quals-de-sa-residencia-colisee\/\" \/>\n<meta property=\"og:locale\" content=\"ca_ES\" \/>\n<meta property=\"og:type\" content=\"article\" \/>\n<meta property=\"og:title\" content=\"El PSOE rep al Congr\u00e9s representants de les associacions de familiars d&#039;usuaris de resid\u00e8ncies de gent gran, entre els quals de Sa Resid\u00e8ncia Colis\u00e9e - Federaci\u00f3 Socialista d&#039;Eivissa\" \/>\n<meta property=\"og:description\" content=\"Aquest mat\u00ed ha tengut lloc al Congr\u00e9s dels Diputats una reuni\u00f3 entre representants de l&#8217;associaci\u00f3 Plataforma per la Dignitat de les Persones Majors a les Resid\u00e8ncies (PLADIGMARE) i la Plataforma de Familiars per la defensa de la Dignitat dels Majors d&#8217;Eivissa ( FADIGMA) amb representants del grup parlamentari Socialista, entre elles la diputada eivissenca, Milena&hellip;\" \/>\n<meta property=\"og:url\" content=\"https:\/\/www.psib-psoe.org\/eivissa\/el-psoe-rep-al-congres-representants-de-les-associacions-de-familiars-dusuaris-de-residencies-de-gent-gran-entre-els-quals-de-sa-residencia-colisee\/\" \/>\n<meta property=\"og:site_name\" content=\"Federaci\u00f3 Socialista d&#039;Eivissa\" \/>\n<meta property=\"article:published_time\" content=\"2024-05-28T15:54:31+00:00\" \/>\n<meta property=\"article:modified_time\" content=\"2024-05-28T17:30:50+00:00\" \/>\n<meta property=\"og:image\" content=\"https:\/\/www.psib-psoe.org\/eivissa\/wp-content\/uploads\/3f98afd4-3394-4b2b-a6e6-062032c72aa8-1.jpg\" \/>\n\t<meta property=\"og:image:width\" content=\"1200\" \/>\n\t<meta property=\"og:image:height\" content=\"900\" \/>\n\t<meta property=\"og:image:type\" content=\"image\/jpeg\" \/>\n<meta name=\"author\" content=\"Josep Ripoll\" \/>\n<meta name=\"twitter:card\" content=\"summary_large_image\" \/>\n<meta name=\"twitter:label1\" content=\"Escrit per\" \/>\n\t<meta name=\"twitter:data1\" content=\"Josep Ripoll\" \/>\n\t<meta name=\"twitter:label2\" content=\"Temps estimat de lectura\" \/>\n\t<meta name=\"twitter:data2\" content=\"2 minuts\" \/>\n<script type=\"application\/ld+json\" class=\"yoast-schema-graph\">{\"@context\":\"https:\/\/schema.org\",\"@graph\":[{\"@type\":[\"Article\",\"BlogPosting\"],\"@id\":\"https:\/\/www.psib-psoe.org\/eivissa\/el-psoe-rep-al-congres-representants-de-les-associacions-de-familiars-dusuaris-de-residencies-de-gent-gran-entre-els-quals-de-sa-residencia-colisee\/#article\",\"isPartOf\":{\"@id\":\"https:\/\/www.psib-psoe.org\/eivissa\/el-psoe-rep-al-congres-representants-de-les-associacions-de-familiars-dusuaris-de-residencies-de-gent-gran-entre-els-quals-de-sa-residencia-colisee\/\"},\"author\":{\"name\":\"Josep Ripoll\",\"@id\":\"https:\/\/www.psib-psoe.org\/eivissa\/#\/schema\/person\/7a9d2841fb36f32e34fc0e9b245e8117\"},\"headline\":\"El PSOE rep al Congr\u00e9s representants de les associacions de familiars d&#8217;usuaris de resid\u00e8ncies de gent gran, entre els quals de Sa Resid\u00e8ncia Colis\u00e9e\",\"datePublished\":\"2024-05-28T15:54:31+00:00\",\"dateModified\":\"2024-05-28T17:30:50+00:00\",\"mainEntityOfPage\":{\"@id\":\"https:\/\/www.psib-psoe.org\/eivissa\/el-psoe-rep-al-congres-representants-de-les-associacions-de-familiars-dusuaris-de-residencies-de-gent-gran-entre-els-quals-de-sa-residencia-colisee\/\"},\"wordCount\":370,\"publisher\":{\"@id\":\"https:\/\/www.psib-psoe.org\/eivissa\/#organization\"},\"image\":{\"@id\":\"https:\/\/www.psib-psoe.org\/eivissa\/el-psoe-rep-al-congres-representants-de-les-associacions-de-familiars-dusuaris-de-residencies-de-gent-gran-entre-els-quals-de-sa-residencia-colisee\/#primaryimage\"},\"thumbnailUrl\":\"https:\/\/www.psib-psoe.org\/eivissa\/wp-content\/uploads\/3f98afd4-3394-4b2b-a6e6-062032c72aa8-1.jpg\",\"articleSection\":[\"Federaci\u00f3 d'Eivissa - Portada\",\"Govern d'Espanya - Congr\u00e9s - Senat - PSOE Federal\"],\"inLanguage\":\"ca\"},{\"@type\":\"WebPage\",\"@id\":\"https:\/\/www.psib-psoe.org\/eivissa\/el-psoe-rep-al-congres-representants-de-les-associacions-de-familiars-dusuaris-de-residencies-de-gent-gran-entre-els-quals-de-sa-residencia-colisee\/\",\"url\":\"https:\/\/www.psib-psoe.org\/eivissa\/el-psoe-rep-al-congres-representants-de-les-associacions-de-familiars-dusuaris-de-residencies-de-gent-gran-entre-els-quals-de-sa-residencia-colisee\/\",\"name\":\"El PSOE rep al Congr\u00e9s representants de les associacions de familiars d'usuaris de resid\u00e8ncies de gent gran, entre els quals de Sa Resid\u00e8ncia Colis\u00e9e - Federaci\u00f3 Socialista d&#039;Eivissa\",\"isPartOf\":{\"@id\":\"https:\/\/www.psib-psoe.org\/eivissa\/#website\"},\"primaryImageOfPage\":{\"@id\":\"https:\/\/www.psib-psoe.org\/eivissa\/el-psoe-rep-al-congres-representants-de-les-associacions-de-familiars-dusuaris-de-residencies-de-gent-gran-entre-els-quals-de-sa-residencia-colisee\/#primaryimage\"},\"image\":{\"@id\":\"https:\/\/www.psib-psoe.org\/eivissa\/el-psoe-rep-al-congres-representants-de-les-associacions-de-familiars-dusuaris-de-residencies-de-gent-gran-entre-els-quals-de-sa-residencia-colisee\/#primaryimage\"},\"thumbnailUrl\":\"https:\/\/www.psib-psoe.org\/eivissa\/wp-content\/uploads\/3f98afd4-3394-4b2b-a6e6-062032c72aa8-1.jpg\",\"datePublished\":\"2024-05-28T15:54:31+00:00\",\"dateModified\":\"2024-05-28T17:30:50+00:00\",\"breadcrumb\":{\"@id\":\"https:\/\/www.psib-psoe.org\/eivissa\/el-psoe-rep-al-congres-representants-de-les-associacions-de-familiars-dusuaris-de-residencies-de-gent-gran-entre-els-quals-de-sa-residencia-colisee\/#breadcrumb\"},\"inLanguage\":\"ca\",\"potentialAction\":[{\"@type\":\"ReadAction\",\"target\":[\"https:\/\/www.psib-psoe.org\/eivissa\/el-psoe-rep-al-congres-representants-de-les-associacions-de-familiars-dusuaris-de-residencies-de-gent-gran-entre-els-quals-de-sa-residencia-colisee\/\"]}]},{\"@type\":\"ImageObject\",\"inLanguage\":\"ca\",\"@id\":\"https:\/\/www.psib-psoe.org\/eivissa\/el-psoe-rep-al-congres-representants-de-les-associacions-de-familiars-dusuaris-de-residencies-de-gent-gran-entre-els-quals-de-sa-residencia-colisee\/#primaryimage\",\"url\":\"https:\/\/www.psib-psoe.org\/eivissa\/wp-content\/uploads\/3f98afd4-3394-4b2b-a6e6-062032c72aa8-1.jpg\",\"contentUrl\":\"https:\/\/www.psib-psoe.org\/eivissa\/wp-content\/uploads\/3f98afd4-3394-4b2b-a6e6-062032c72aa8-1.jpg\",\"width\":1200,\"height\":900},{\"@type\":\"BreadcrumbList\",\"@id\":\"https:\/\/www.psib-psoe.org\/eivissa\/el-psoe-rep-al-congres-representants-de-les-associacions-de-familiars-dusuaris-de-residencies-de-gent-gran-entre-els-quals-de-sa-residencia-colisee\/#breadcrumb\",\"itemListElement\":[{\"@type\":\"ListItem\",\"position\":1,\"name\":\"Inici\",\"item\":\"https:\/\/www.psib-psoe.org\/eivissa\/\"},{\"@type\":\"ListItem\",\"position\":2,\"name\":\"El PSOE rep al Congr\u00e9s representants de les associacions de familiars d&#8217;usuaris de resid\u00e8ncies de gent gran, entre els quals de Sa Resid\u00e8ncia Colis\u00e9e\"}]},{\"@type\":\"WebSite\",\"@id\":\"https:\/\/www.psib-psoe.org\/eivissa\/#website\",\"url\":\"https:\/\/www.psib-psoe.org\/eivissa\/\",\"name\":\"Federaci\u00f3 Socialista d'Eivissa\",\"description\":\"Socialistes d&#039;Eivissa\",\"publisher\":{\"@id\":\"https:\/\/www.psib-psoe.org\/eivissa\/#organization\"},\"potentialAction\":[{\"@type\":\"SearchAction\",\"target\":{\"@type\":\"EntryPoint\",\"urlTemplate\":\"https:\/\/www.psib-psoe.org\/eivissa\/?s={search_term_string}\"},\"query-input\":{\"@type\":\"PropertyValueSpecification\",\"valueRequired\":true,\"valueName\":\"search_term_string\"}}],\"inLanguage\":\"ca\"},{\"@type\":\"Organization\",\"@id\":\"https:\/\/www.psib-psoe.org\/eivissa\/#organization\",\"name\":\"Federaci\u00f3 Socialista d'Eivissa\",\"url\":\"https:\/\/www.psib-psoe.org\/eivissa\/\",\"logo\":{\"@type\":\"ImageObject\",\"inLanguage\":\"ca\",\"@id\":\"https:\/\/www.psib-psoe.org\/eivissa\/#\/schema\/logo\/image\/\",\"url\":\"https:\/\/www.psib-psoe.org\/eivissa\/wp-content\/uploads\/LOGO-FSE-SOCIALISTA-DEIVISSA-HORI.png\",\"contentUrl\":\"https:\/\/www.psib-psoe.org\/eivissa\/wp-content\/uploads\/LOGO-FSE-SOCIALISTA-DEIVISSA-HORI.png\",\"width\":6000,\"height\":3104,\"caption\":\"Federaci\u00f3 Socialista d'Eivissa\"},\"image\":{\"@id\":\"https:\/\/www.psib-psoe.org\/eivissa\/#\/schema\/logo\/image\/\"}},{\"@type\":\"Person\",\"@id\":\"https:\/\/www.psib-psoe.org\/eivissa\/#\/schema\/person\/7a9d2841fb36f32e34fc0e9b245e8117\",\"name\":\"Josep Ripoll\",\"sameAs\":[\"http:\/\/www.psib-psoe.org\/eivissa\/wp-login.php\"],\"url\":\"https:\/\/www.psib-psoe.org\/eivissa\/author\/josep\/\"}]}<\/script>\n<!-- \/ Yoast SEO plugin. -->","yoast_head_json":{"title":"El PSOE rep al Congr\u00e9s representants de les associacions de familiars d'usuaris de resid\u00e8ncies de gent gran, entre els quals de Sa Resid\u00e8ncia Colis\u00e9e - Federaci\u00f3 Socialista d&#039;Eivissa","robots":{"index":"index","follow":"follow","max-snippet":"max-snippet:-1","max-image-preview":"max-image-preview:large","max-video-preview":"max-video-preview:-1"},"canonical":"https:\/\/www.psib-psoe.org\/eivissa\/el-psoe-rep-al-congres-representants-de-les-associacions-de-familiars-dusuaris-de-residencies-de-gent-gran-entre-els-quals-de-sa-residencia-colisee\/","og_locale":"ca_ES","og_type":"article","og_title":"El PSOE rep al Congr\u00e9s representants de les associacions de familiars d'usuaris de resid\u00e8ncies de gent gran, entre els quals de Sa Resid\u00e8ncia Colis\u00e9e - Federaci\u00f3 Socialista d&#039;Eivissa","og_description":"Aquest mat\u00ed ha tengut lloc al Congr\u00e9s dels Diputats una reuni\u00f3 entre representants de l&#8217;associaci\u00f3 Plataforma per la Dignitat de les Persones Majors a les Resid\u00e8ncies (PLADIGMARE) i la Plataforma de Familiars per la defensa de la Dignitat dels Majors d&#8217;Eivissa ( FADIGMA) amb representants del grup parlamentari Socialista, entre elles la diputada eivissenca, Milena&hellip;","og_url":"https:\/\/www.psib-psoe.org\/eivissa\/el-psoe-rep-al-congres-representants-de-les-associacions-de-familiars-dusuaris-de-residencies-de-gent-gran-entre-els-quals-de-sa-residencia-colisee\/","og_site_name":"Federaci\u00f3 Socialista d&#039;Eivissa","article_published_time":"2024-05-28T15:54:31+00:00","article_modified_time":"2024-05-28T17:30:50+00:00","og_image":[{"width":1200,"height":900,"url":"https:\/\/www.psib-psoe.org\/eivissa\/wp-content\/uploads\/3f98afd4-3394-4b2b-a6e6-062032c72aa8-1.jpg","type":"image\/jpeg"}],"author":"Josep Ripoll","twitter_card":"summary_large_image","twitter_misc":{"Escrit per":"Josep Ripoll","Temps estimat de lectura":"2 minuts"},"schema":{"@context":"https:\/\/schema.org","@graph":[{"@type":["Article","BlogPosting"],"@id":"https:\/\/www.psib-psoe.org\/eivissa\/el-psoe-rep-al-congres-representants-de-les-associacions-de-familiars-dusuaris-de-residencies-de-gent-gran-entre-els-quals-de-sa-residencia-colisee\/#article","isPartOf":{"@id":"https:\/\/www.psib-psoe.org\/eivissa\/el-psoe-rep-al-congres-representants-de-les-associacions-de-familiars-dusuaris-de-residencies-de-gent-gran-entre-els-quals-de-sa-residencia-colisee\/"},"author":{"name":"Josep Ripoll","@id":"https:\/\/www.psib-psoe.org\/eivissa\/#\/schema\/person\/7a9d2841fb36f32e34fc0e9b245e8117"},"headline":"El PSOE rep al Congr\u00e9s representants de les associacions de familiars d&#8217;usuaris de resid\u00e8ncies de gent gran, entre els quals de Sa Resid\u00e8ncia Colis\u00e9e","datePublished":"2024-05-28T15:54:31+00:00","dateModified":"2024-05-28T17:30:50+00:00","mainEntityOfPage":{"@id":"https:\/\/www.psib-psoe.org\/eivissa\/el-psoe-rep-al-congres-representants-de-les-associacions-de-familiars-dusuaris-de-residencies-de-gent-gran-entre-els-quals-de-sa-residencia-colisee\/"},"wordCount":370,"publisher":{"@id":"https:\/\/www.psib-psoe.org\/eivissa\/#organization"},"image":{"@id":"https:\/\/www.psib-psoe.org\/eivissa\/el-psoe-rep-al-congres-representants-de-les-associacions-de-familiars-dusuaris-de-residencies-de-gent-gran-entre-els-quals-de-sa-residencia-colisee\/#primaryimage"},"thumbnailUrl":"https:\/\/www.psib-psoe.org\/eivissa\/wp-content\/uploads\/3f98afd4-3394-4b2b-a6e6-062032c72aa8-1.jpg","articleSection":["Federaci\u00f3 d'Eivissa - Portada","Govern d'Espanya - Congr\u00e9s - Senat - PSOE Federal"],"inLanguage":"ca"},{"@type":"WebPage","@id":"https:\/\/www.psib-psoe.org\/eivissa\/el-psoe-rep-al-congres-representants-de-les-associacions-de-familiars-dusuaris-de-residencies-de-gent-gran-entre-els-quals-de-sa-residencia-colisee\/","url":"https:\/\/www.psib-psoe.org\/eivissa\/el-psoe-rep-al-congres-representants-de-les-associacions-de-familiars-dusuaris-de-residencies-de-gent-gran-entre-els-quals-de-sa-residencia-colisee\/","name":"El PSOE rep al Congr\u00e9s representants de les associacions de familiars d'usuaris de resid\u00e8ncies de gent gran, entre els quals de Sa Resid\u00e8ncia Colis\u00e9e - Federaci\u00f3 Socialista d&#039;Eivissa","isPartOf":{"@id":"https:\/\/www.psib-psoe.org\/eivissa\/#website"},"primaryImageOfPage":{"@id":"https:\/\/www.psib-psoe.org\/eivissa\/el-psoe-rep-al-congres-representants-de-les-associacions-de-familiars-dusuaris-de-residencies-de-gent-gran-entre-els-quals-de-sa-residencia-colisee\/#primaryimage"},"image":{"@id":"https:\/\/www.psib-psoe.org\/eivissa\/el-psoe-rep-al-congres-representants-de-les-associacions-de-familiars-dusuaris-de-residencies-de-gent-gran-entre-els-quals-de-sa-residencia-colisee\/#primaryimage"},"thumbnailUrl":"https:\/\/www.psib-psoe.org\/eivissa\/wp-content\/uploads\/3f98afd4-3394-4b2b-a6e6-062032c72aa8-1.jpg","datePublished":"2024-05-28T15:54:31+00:00","dateModified":"2024-05-28T17:30:50+00:00","breadcrumb":{"@id":"https:\/\/www.psib-psoe.org\/eivissa\/el-psoe-rep-al-congres-representants-de-les-associacions-de-familiars-dusuaris-de-residencies-de-gent-gran-entre-els-quals-de-sa-residencia-colisee\/#breadcrumb"},"inLanguage":"ca","potentialAction":[{"@type":"ReadAction","target":["https:\/\/www.psib-psoe.org\/eivissa\/el-psoe-rep-al-congres-representants-de-les-associacions-de-familiars-dusuaris-de-residencies-de-gent-gran-entre-els-quals-de-sa-residencia-colisee\/"]}]},{"@type":"ImageObject","inLanguage":"ca","@id":"https:\/\/www.psib-psoe.org\/eivissa\/el-psoe-rep-al-congres-representants-de-les-associacions-de-familiars-dusuaris-de-residencies-de-gent-gran-entre-els-quals-de-sa-residencia-colisee\/#primaryimage","url":"https:\/\/www.psib-psoe.org\/eivissa\/wp-content\/uploads\/3f98afd4-3394-4b2b-a6e6-062032c72aa8-1.jpg","contentUrl":"https:\/\/www.psib-psoe.org\/eivissa\/wp-content\/uploads\/3f98afd4-3394-4b2b-a6e6-062032c72aa8-1.jpg","width":1200,"height":900},{"@type":"BreadcrumbList","@id":"https:\/\/www.psib-psoe.org\/eivissa\/el-psoe-rep-al-congres-representants-de-les-associacions-de-familiars-dusuaris-de-residencies-de-gent-gran-entre-els-quals-de-sa-residencia-colisee\/#breadcrumb","itemListElement":[{"@type":"ListItem","position":1,"name":"Inici","item":"https:\/\/www.psib-psoe.org\/eivissa\/"},{"@type":"ListItem","position":2,"name":"El PSOE rep al Congr\u00e9s representants de les associacions de familiars d&#8217;usuaris de resid\u00e8ncies de gent gran, entre els quals de Sa Resid\u00e8ncia Colis\u00e9e"}]},{"@type":"WebSite","@id":"https:\/\/www.psib-psoe.org\/eivissa\/#website","url":"https:\/\/www.psib-psoe.org\/eivissa\/","name":"Federaci\u00f3 Socialista d'Eivissa","description":"Socialistes d&#039;Eivissa","publisher":{"@id":"https:\/\/www.psib-psoe.org\/eivissa\/#organization"},"potentialAction":[{"@type":"SearchAction","target":{"@type":"EntryPoint","urlTemplate":"https:\/\/www.psib-psoe.org\/eivissa\/?s={search_term_string}"},"query-input":{"@type":"PropertyValueSpecification","valueRequired":true,"valueName":"search_term_string"}}],"inLanguage":"ca"},{"@type":"Organization","@id":"https:\/\/www.psib-psoe.org\/eivissa\/#organization","name":"Federaci\u00f3 Socialista d'Eivissa","url":"https:\/\/www.psib-psoe.org\/eivissa\/","logo":{"@type":"ImageObject","inLanguage":"ca","@id":"https:\/\/www.psib-psoe.org\/eivissa\/#\/schema\/logo\/image\/","url":"https:\/\/www.psib-psoe.org\/eivissa\/wp-content\/uploads\/LOGO-FSE-SOCIALISTA-DEIVISSA-HORI.png","contentUrl":"https:\/\/www.psib-psoe.org\/eivissa\/wp-content\/uploads\/LOGO-FSE-SOCIALISTA-DEIVISSA-HORI.png","width":6000,"height":3104,"caption":"Federaci\u00f3 Socialista d'Eivissa"},"image":{"@id":"https:\/\/www.psib-psoe.org\/eivissa\/#\/schema\/logo\/image\/"}},{"@type":"Person","@id":"https:\/\/www.psib-psoe.org\/eivissa\/#\/schema\/person\/7a9d2841fb36f32e34fc0e9b245e8117","name":"Josep Ripoll","sameAs":["http:\/\/www.psib-psoe.org\/eivissa\/wp-login.php"],"url":"https:\/\/www.psib-psoe.org\/eivissa\/author\/josep\/"}]}},"_links":{"self":[{"href":"https:\/\/www.psib-psoe.org\/eivissa\/wp-json\/wp\/v2\/posts\/39213","targetHints":{"allow":["GET"]}}],"collection":[{"href":"https:\/\/www.psib-psoe.org\/eivissa\/wp-json\/wp\/v2\/posts"}],"about":[{"href":"https:\/\/www.psib-psoe.org\/eivissa\/wp-json\/wp\/v2\/types\/post"}],"author":[{"embeddable":true,"href":"https:\/\/www.psib-psoe.org\/eivissa\/wp-json\/wp\/v2\/users\/7"}],"replies":[{"embeddable":true,"href":"https:\/\/www.psib-psoe.org\/eivissa\/wp-json\/wp\/v2\/comments?post=39213"}],"version-history":[{"count":2,"href":"https:\/\/www.psib-psoe.org\/eivissa\/wp-json\/wp\/v2\/posts\/39213\/revisions"}],"predecessor-version":[{"id":39215,"href":"https:\/\/www.psib-psoe.org\/eivissa\/wp-json\/wp\/v2\/posts\/39213\/revisions\/39215"}],"wp:featuredmedia":[{"embeddable":true,"href":"https:\/\/www.psib-psoe.org\/eivissa\/wp-json\/wp\/v2\/media\/39212"}],"wp:attachment":[{"href":"https:\/\/www.psib-psoe.org\/eivissa\/wp-json\/wp\/v2\/media?parent=39213"}],"wp:term":[{"taxonomy":"category","embeddable":true,"href":"https:\/\/www.psib-psoe.org\/eivissa\/wp-json\/wp\/v2\/categories?post=39213"},{"taxonomy":"post_tag","embeddable":true,"href":"https:\/\/www.psib-psoe.org\/eivissa\/wp-json\/wp\/v2\/tags?post=39213"}],"curies":[{"name":"wp","href":"https:\/\/api.w.org\/{rel}","templated":true}]}}