{"id":39233,"date":"2024-05-30T11:40:26","date_gmt":"2024-05-30T09:40:26","guid":{"rendered":"https:\/\/www.psib-psoe.org\/eivissa\/?p=39233"},"modified":"2024-05-30T18:45:34","modified_gmt":"2024-05-30T16:45:34","slug":"el-psoe-fa-campanya-de-les-eleccions-europees-a-cala-de-bou-defensant-una-europa-que-garanteixi-llocs-de-treball-de-qualitat-i-millors-salaris","status":"publish","type":"post","link":"https:\/\/www.psib-psoe.org\/eivissa\/el-psoe-fa-campanya-de-les-eleccions-europees-a-cala-de-bou-defensant-una-europa-que-garanteixi-llocs-de-treball-de-qualitat-i-millors-salaris\/","title":{"rendered":"El PSOE fa campanya de les eleccions europees a Cala de Bou defensant una Europa que garanteixi llocs de treball de qualitat i millors salaris"},"content":{"rendered":"<p>A la taula informativa instal\u00b7lada avui a Cala de Bou, el candidat eivissenc del PSOE a les eleccions del 9 de juny, Piotr Sadowski, ha anunciat una s\u00e8rie de compromisos per millorar la qualitat de l&#8217;ocupaci\u00f3 i les condicions laborals. Sadowski ha ressaltat que \u201cl&#8217;augment dels llocs de treball ha d&#8217;implicar millors llocs de treball i salaris justos\u201d. &#8220;La nostra aspiraci\u00f3 \u00e9s una Uni\u00f3 Europea on la just\u00edcia social i la igualtat d&#8217;oportunitats siguin comunes i no excepcionals. \u00c9s fonamental enfortir una Europa que serveixi com a model global en termes de protecci\u00f3 laboral&#8221;.<\/p>\n<p>&#8220;Els salaris han de pujar per impulsar el poder adquisitiu dels treballadors davant de la inflaci\u00f3 i l&#8217;augment del cost de la vida&#8221;, ha declarat Sadowski, destacant la necessitat d&#8217;ajustar els ingressos dels treballadors a les realitats econ\u00f2miques actuals. Aquest comprom\u00eds busca contrarestar els efectes negatius que la inflaci\u00f3 i el creixent cost de vida estan tenint a les fam\u00edlies. \u201cTamb\u00e9 lluitarem per tancar les bretxes de g\u00e8nere, limitar les difer\u00e8ncies salarials entre treballadors i erradicar la pobresa laboral.\u201d<\/p>\n<p>A m\u00e9s, Sadowski ha posat \u00e8mfasi en la protecci\u00f3 dels drets dels sindicats. &#8220;Protegirem sempre els drets dels sindicats, encoratjarem la negociaci\u00f3 col\u00b7lectiva i el di\u00e0leg social, i vetllarem perqu\u00e8 la UE i els Estats membres respectin l&#8217;autonomia dels agents socials&#8221;, ha afirmat. Aquest comprom\u00eds subratlla la import\u00e0ncia de la negociaci\u00f3 col\u00b7lectiva i el di\u00e0leg social com a eines fonamentals per millorar les condicions laborals i protegir els drets dels treballadors.<\/p>\n<p>Despr\u00e9s d&#8217;haver defensat el Pilar Europeu de Drets Socials des de la seva primera proclamaci\u00f3 a G\u00f6teborg el 2017, el candidat tamb\u00e9 ha reafirmat la seva dedicaci\u00f3 a la seva plena aplicaci\u00f3. &#8220;El Pilar ha de ser un far que ens gui\u00ef cap a una Europa social forta, justa, integradora i plena d&#8217;oportunitats al segle XXI. Seguirem lluitant contra la desocupaci\u00f3, la pobresa i l&#8217;exclusi\u00f3 social. Ning\u00fa no s&#8217;hauria de quedar sense una renda m\u00ednima adequada&#8221; , ha assegurat Sadowski. Aquesta declaraci\u00f3 refor\u00e7a el comprom\u00eds del PSOE amb la protecci\u00f3 social i el suport a les persones en situaci\u00f3 de vulnerabilitat.<\/p>\n<p>Amb aquests compromisos, el PSOE treballar\u00e0 perqu\u00e8 \u201cel progr\u00e9s econ\u00f2mic vagi de la m\u00e0 amb la just\u00edcia social, clim\u00e0tica i la millora de les condicions laborals per a tots els ciutadans i ciutadanes d&#8217;Europa.<\/p>\n","protected":false},"excerpt":{"rendered":"<p>A la taula informativa instal\u00b7lada avui a Cala de Bou, el candidat eivissenc del PSOE a les eleccions del 9 de juny, Piotr Sadowski, ha anunciat una s\u00e8rie de compromisos per millorar la qualitat de l&#8217;ocupaci\u00f3 i les condicions laborals. Sadowski ha ressaltat que \u201cl&#8217;augment dels llocs de treball ha d&#8217;implicar millors llocs de treball&hellip;<\/p>\n","protected":false},"author":7,"featured_media":39245,"comment_status":"closed","ping_status":"closed","sticky":false,"template":"","format":"standard","meta":{"footnotes":""},"categories":[1,190],"tags":[],"class_list":["post-39233","post","type-post","status-publish","format-standard","has-post-thumbnail","hentry","category-federacio-de-eivissa-portada","category-govern-despanya-congres-senat"],"yoast_head":"<!-- This site is optimized with the Yoast SEO plugin v26.9 - https:\/\/yoast.com\/product\/yoast-seo-wordpress\/ -->\n<title>El PSOE fa campanya de les eleccions europees a Cala de Bou defensant una Europa que garanteixi llocs de treball de qualitat i millors salaris - Federaci\u00f3 Socialista d&#039;Eivissa<\/title>\n<meta name=\"robots\" content=\"index, follow, max-snippet:-1, max-image-preview:large, max-video-preview:-1\" \/>\n<link rel=\"canonical\" href=\"https:\/\/www.psib-psoe.org\/eivissa\/el-psoe-fa-campanya-de-les-eleccions-europees-a-cala-de-bou-defensant-una-europa-que-garanteixi-llocs-de-treball-de-qualitat-i-millors-salaris\/\" \/>\n<meta property=\"og:locale\" content=\"ca_ES\" \/>\n<meta property=\"og:type\" content=\"article\" \/>\n<meta property=\"og:title\" content=\"El PSOE fa campanya de les eleccions europees a Cala de Bou defensant una Europa que garanteixi llocs de treball de qualitat i millors salaris - Federaci\u00f3 Socialista d&#039;Eivissa\" \/>\n<meta property=\"og:description\" content=\"A la taula informativa instal\u00b7lada avui a Cala de Bou, el candidat eivissenc del PSOE a les eleccions del 9 de juny, Piotr Sadowski, ha anunciat una s\u00e8rie de compromisos per millorar la qualitat de l&#8217;ocupaci\u00f3 i les condicions laborals. Sadowski ha ressaltat que \u201cl&#8217;augment dels llocs de treball ha d&#8217;implicar millors llocs de treball&hellip;\" \/>\n<meta property=\"og:url\" content=\"https:\/\/www.psib-psoe.org\/eivissa\/el-psoe-fa-campanya-de-les-eleccions-europees-a-cala-de-bou-defensant-una-europa-que-garanteixi-llocs-de-treball-de-qualitat-i-millors-salaris\/\" \/>\n<meta property=\"og:site_name\" content=\"Federaci\u00f3 Socialista d&#039;Eivissa\" \/>\n<meta property=\"article:published_time\" content=\"2024-05-30T09:40:26+00:00\" \/>\n<meta property=\"article:modified_time\" content=\"2024-05-30T16:45:34+00:00\" \/>\n<meta property=\"og:image\" content=\"https:\/\/www.psib-psoe.org\/eivissa\/wp-content\/uploads\/dsc05233-1.jpg\" \/>\n\t<meta property=\"og:image:width\" content=\"2000\" \/>\n\t<meta property=\"og:image:height\" content=\"1123\" \/>\n\t<meta property=\"og:image:type\" content=\"image\/jpeg\" \/>\n<meta name=\"author\" content=\"Josep Ripoll\" \/>\n<meta name=\"twitter:card\" content=\"summary_large_image\" \/>\n<meta name=\"twitter:label1\" content=\"Escrit per\" \/>\n\t<meta name=\"twitter:data1\" content=\"Josep Ripoll\" \/>\n\t<meta name=\"twitter:label2\" content=\"Temps estimat de lectura\" \/>\n\t<meta name=\"twitter:data2\" content=\"2 minuts\" \/>\n<script type=\"application\/ld+json\" class=\"yoast-schema-graph\">{\"@context\":\"https:\/\/schema.org\",\"@graph\":[{\"@type\":[\"Article\",\"BlogPosting\"],\"@id\":\"https:\/\/www.psib-psoe.org\/eivissa\/el-psoe-fa-campanya-de-les-eleccions-europees-a-cala-de-bou-defensant-una-europa-que-garanteixi-llocs-de-treball-de-qualitat-i-millors-salaris\/#article\",\"isPartOf\":{\"@id\":\"https:\/\/www.psib-psoe.org\/eivissa\/el-psoe-fa-campanya-de-les-eleccions-europees-a-cala-de-bou-defensant-una-europa-que-garanteixi-llocs-de-treball-de-qualitat-i-millors-salaris\/\"},\"author\":{\"name\":\"Josep Ripoll\",\"@id\":\"https:\/\/www.psib-psoe.org\/eivissa\/#\/schema\/person\/7a9d2841fb36f32e34fc0e9b245e8117\"},\"headline\":\"El PSOE fa campanya de les eleccions europees a Cala de Bou defensant una Europa que garanteixi llocs de treball de qualitat i millors salaris\",\"datePublished\":\"2024-05-30T09:40:26+00:00\",\"dateModified\":\"2024-05-30T16:45:34+00:00\",\"mainEntityOfPage\":{\"@id\":\"https:\/\/www.psib-psoe.org\/eivissa\/el-psoe-fa-campanya-de-les-eleccions-europees-a-cala-de-bou-defensant-una-europa-que-garanteixi-llocs-de-treball-de-qualitat-i-millors-salaris\/\"},\"wordCount\":425,\"publisher\":{\"@id\":\"https:\/\/www.psib-psoe.org\/eivissa\/#organization\"},\"image\":{\"@id\":\"https:\/\/www.psib-psoe.org\/eivissa\/el-psoe-fa-campanya-de-les-eleccions-europees-a-cala-de-bou-defensant-una-europa-que-garanteixi-llocs-de-treball-de-qualitat-i-millors-salaris\/#primaryimage\"},\"thumbnailUrl\":\"https:\/\/www.psib-psoe.org\/eivissa\/wp-content\/uploads\/dsc05233-1.jpg\",\"articleSection\":[\"Federaci\u00f3 d'Eivissa - Portada\",\"Govern d'Espanya - Congr\u00e9s - Senat - PSOE Federal\"],\"inLanguage\":\"ca\"},{\"@type\":\"WebPage\",\"@id\":\"https:\/\/www.psib-psoe.org\/eivissa\/el-psoe-fa-campanya-de-les-eleccions-europees-a-cala-de-bou-defensant-una-europa-que-garanteixi-llocs-de-treball-de-qualitat-i-millors-salaris\/\",\"url\":\"https:\/\/www.psib-psoe.org\/eivissa\/el-psoe-fa-campanya-de-les-eleccions-europees-a-cala-de-bou-defensant-una-europa-que-garanteixi-llocs-de-treball-de-qualitat-i-millors-salaris\/\",\"name\":\"El PSOE fa campanya de les eleccions europees a Cala de Bou defensant una Europa que garanteixi llocs de treball de qualitat i millors salaris - Federaci\u00f3 Socialista d&#039;Eivissa\",\"isPartOf\":{\"@id\":\"https:\/\/www.psib-psoe.org\/eivissa\/#website\"},\"primaryImageOfPage\":{\"@id\":\"https:\/\/www.psib-psoe.org\/eivissa\/el-psoe-fa-campanya-de-les-eleccions-europees-a-cala-de-bou-defensant-una-europa-que-garanteixi-llocs-de-treball-de-qualitat-i-millors-salaris\/#primaryimage\"},\"image\":{\"@id\":\"https:\/\/www.psib-psoe.org\/eivissa\/el-psoe-fa-campanya-de-les-eleccions-europees-a-cala-de-bou-defensant-una-europa-que-garanteixi-llocs-de-treball-de-qualitat-i-millors-salaris\/#primaryimage\"},\"thumbnailUrl\":\"https:\/\/www.psib-psoe.org\/eivissa\/wp-content\/uploads\/dsc05233-1.jpg\",\"datePublished\":\"2024-05-30T09:40:26+00:00\",\"dateModified\":\"2024-05-30T16:45:34+00:00\",\"breadcrumb\":{\"@id\":\"https:\/\/www.psib-psoe.org\/eivissa\/el-psoe-fa-campanya-de-les-eleccions-europees-a-cala-de-bou-defensant-una-europa-que-garanteixi-llocs-de-treball-de-qualitat-i-millors-salaris\/#breadcrumb\"},\"inLanguage\":\"ca\",\"potentialAction\":[{\"@type\":\"ReadAction\",\"target\":[\"https:\/\/www.psib-psoe.org\/eivissa\/el-psoe-fa-campanya-de-les-eleccions-europees-a-cala-de-bou-defensant-una-europa-que-garanteixi-llocs-de-treball-de-qualitat-i-millors-salaris\/\"]}]},{\"@type\":\"ImageObject\",\"inLanguage\":\"ca\",\"@id\":\"https:\/\/www.psib-psoe.org\/eivissa\/el-psoe-fa-campanya-de-les-eleccions-europees-a-cala-de-bou-defensant-una-europa-que-garanteixi-llocs-de-treball-de-qualitat-i-millors-salaris\/#primaryimage\",\"url\":\"https:\/\/www.psib-psoe.org\/eivissa\/wp-content\/uploads\/dsc05233-1.jpg\",\"contentUrl\":\"https:\/\/www.psib-psoe.org\/eivissa\/wp-content\/uploads\/dsc05233-1.jpg\",\"width\":2000,\"height\":1123},{\"@type\":\"BreadcrumbList\",\"@id\":\"https:\/\/www.psib-psoe.org\/eivissa\/el-psoe-fa-campanya-de-les-eleccions-europees-a-cala-de-bou-defensant-una-europa-que-garanteixi-llocs-de-treball-de-qualitat-i-millors-salaris\/#breadcrumb\",\"itemListElement\":[{\"@type\":\"ListItem\",\"position\":1,\"name\":\"Inici\",\"item\":\"https:\/\/www.psib-psoe.org\/eivissa\/\"},{\"@type\":\"ListItem\",\"position\":2,\"name\":\"El PSOE fa campanya de les eleccions europees a Cala de Bou defensant una Europa que garanteixi llocs de treball de qualitat i millors salaris\"}]},{\"@type\":\"WebSite\",\"@id\":\"https:\/\/www.psib-psoe.org\/eivissa\/#website\",\"url\":\"https:\/\/www.psib-psoe.org\/eivissa\/\",\"name\":\"Federaci\u00f3 Socialista d'Eivissa\",\"description\":\"Socialistes d&#039;Eivissa\",\"publisher\":{\"@id\":\"https:\/\/www.psib-psoe.org\/eivissa\/#organization\"},\"potentialAction\":[{\"@type\":\"SearchAction\",\"target\":{\"@type\":\"EntryPoint\",\"urlTemplate\":\"https:\/\/www.psib-psoe.org\/eivissa\/?s={search_term_string}\"},\"query-input\":{\"@type\":\"PropertyValueSpecification\",\"valueRequired\":true,\"valueName\":\"search_term_string\"}}],\"inLanguage\":\"ca\"},{\"@type\":\"Organization\",\"@id\":\"https:\/\/www.psib-psoe.org\/eivissa\/#organization\",\"name\":\"Federaci\u00f3 Socialista d'Eivissa\",\"url\":\"https:\/\/www.psib-psoe.org\/eivissa\/\",\"logo\":{\"@type\":\"ImageObject\",\"inLanguage\":\"ca\",\"@id\":\"https:\/\/www.psib-psoe.org\/eivissa\/#\/schema\/logo\/image\/\",\"url\":\"https:\/\/www.psib-psoe.org\/eivissa\/wp-content\/uploads\/LOGO-FSE-SOCIALISTA-DEIVISSA-HORI.png\",\"contentUrl\":\"https:\/\/www.psib-psoe.org\/eivissa\/wp-content\/uploads\/LOGO-FSE-SOCIALISTA-DEIVISSA-HORI.png\",\"width\":6000,\"height\":3104,\"caption\":\"Federaci\u00f3 Socialista d'Eivissa\"},\"image\":{\"@id\":\"https:\/\/www.psib-psoe.org\/eivissa\/#\/schema\/logo\/image\/\"}},{\"@type\":\"Person\",\"@id\":\"https:\/\/www.psib-psoe.org\/eivissa\/#\/schema\/person\/7a9d2841fb36f32e34fc0e9b245e8117\",\"name\":\"Josep Ripoll\",\"sameAs\":[\"http:\/\/www.psib-psoe.org\/eivissa\/wp-login.php\"],\"url\":\"https:\/\/www.psib-psoe.org\/eivissa\/author\/josep\/\"}]}<\/script>\n<!-- \/ Yoast SEO plugin. -->","yoast_head_json":{"title":"El PSOE fa campanya de les eleccions europees a Cala de Bou defensant una Europa que garanteixi llocs de treball de qualitat i millors salaris - Federaci\u00f3 Socialista d&#039;Eivissa","robots":{"index":"index","follow":"follow","max-snippet":"max-snippet:-1","max-image-preview":"max-image-preview:large","max-video-preview":"max-video-preview:-1"},"canonical":"https:\/\/www.psib-psoe.org\/eivissa\/el-psoe-fa-campanya-de-les-eleccions-europees-a-cala-de-bou-defensant-una-europa-que-garanteixi-llocs-de-treball-de-qualitat-i-millors-salaris\/","og_locale":"ca_ES","og_type":"article","og_title":"El PSOE fa campanya de les eleccions europees a Cala de Bou defensant una Europa que garanteixi llocs de treball de qualitat i millors salaris - Federaci\u00f3 Socialista d&#039;Eivissa","og_description":"A la taula informativa instal\u00b7lada avui a Cala de Bou, el candidat eivissenc del PSOE a les eleccions del 9 de juny, Piotr Sadowski, ha anunciat una s\u00e8rie de compromisos per millorar la qualitat de l&#8217;ocupaci\u00f3 i les condicions laborals. Sadowski ha ressaltat que \u201cl&#8217;augment dels llocs de treball ha d&#8217;implicar millors llocs de treball&hellip;","og_url":"https:\/\/www.psib-psoe.org\/eivissa\/el-psoe-fa-campanya-de-les-eleccions-europees-a-cala-de-bou-defensant-una-europa-que-garanteixi-llocs-de-treball-de-qualitat-i-millors-salaris\/","og_site_name":"Federaci\u00f3 Socialista d&#039;Eivissa","article_published_time":"2024-05-30T09:40:26+00:00","article_modified_time":"2024-05-30T16:45:34+00:00","og_image":[{"width":2000,"height":1123,"url":"https:\/\/www.psib-psoe.org\/eivissa\/wp-content\/uploads\/dsc05233-1.jpg","type":"image\/jpeg"}],"author":"Josep Ripoll","twitter_card":"summary_large_image","twitter_misc":{"Escrit per":"Josep Ripoll","Temps estimat de lectura":"2 minuts"},"schema":{"@context":"https:\/\/schema.org","@graph":[{"@type":["Article","BlogPosting"],"@id":"https:\/\/www.psib-psoe.org\/eivissa\/el-psoe-fa-campanya-de-les-eleccions-europees-a-cala-de-bou-defensant-una-europa-que-garanteixi-llocs-de-treball-de-qualitat-i-millors-salaris\/#article","isPartOf":{"@id":"https:\/\/www.psib-psoe.org\/eivissa\/el-psoe-fa-campanya-de-les-eleccions-europees-a-cala-de-bou-defensant-una-europa-que-garanteixi-llocs-de-treball-de-qualitat-i-millors-salaris\/"},"author":{"name":"Josep Ripoll","@id":"https:\/\/www.psib-psoe.org\/eivissa\/#\/schema\/person\/7a9d2841fb36f32e34fc0e9b245e8117"},"headline":"El PSOE fa campanya de les eleccions europees a Cala de Bou defensant una Europa que garanteixi llocs de treball de qualitat i millors salaris","datePublished":"2024-05-30T09:40:26+00:00","dateModified":"2024-05-30T16:45:34+00:00","mainEntityOfPage":{"@id":"https:\/\/www.psib-psoe.org\/eivissa\/el-psoe-fa-campanya-de-les-eleccions-europees-a-cala-de-bou-defensant-una-europa-que-garanteixi-llocs-de-treball-de-qualitat-i-millors-salaris\/"},"wordCount":425,"publisher":{"@id":"https:\/\/www.psib-psoe.org\/eivissa\/#organization"},"image":{"@id":"https:\/\/www.psib-psoe.org\/eivissa\/el-psoe-fa-campanya-de-les-eleccions-europees-a-cala-de-bou-defensant-una-europa-que-garanteixi-llocs-de-treball-de-qualitat-i-millors-salaris\/#primaryimage"},"thumbnailUrl":"https:\/\/www.psib-psoe.org\/eivissa\/wp-content\/uploads\/dsc05233-1.jpg","articleSection":["Federaci\u00f3 d'Eivissa - Portada","Govern d'Espanya - Congr\u00e9s - Senat - PSOE Federal"],"inLanguage":"ca"},{"@type":"WebPage","@id":"https:\/\/www.psib-psoe.org\/eivissa\/el-psoe-fa-campanya-de-les-eleccions-europees-a-cala-de-bou-defensant-una-europa-que-garanteixi-llocs-de-treball-de-qualitat-i-millors-salaris\/","url":"https:\/\/www.psib-psoe.org\/eivissa\/el-psoe-fa-campanya-de-les-eleccions-europees-a-cala-de-bou-defensant-una-europa-que-garanteixi-llocs-de-treball-de-qualitat-i-millors-salaris\/","name":"El PSOE fa campanya de les eleccions europees a Cala de Bou defensant una Europa que garanteixi llocs de treball de qualitat i millors salaris - Federaci\u00f3 Socialista d&#039;Eivissa","isPartOf":{"@id":"https:\/\/www.psib-psoe.org\/eivissa\/#website"},"primaryImageOfPage":{"@id":"https:\/\/www.psib-psoe.org\/eivissa\/el-psoe-fa-campanya-de-les-eleccions-europees-a-cala-de-bou-defensant-una-europa-que-garanteixi-llocs-de-treball-de-qualitat-i-millors-salaris\/#primaryimage"},"image":{"@id":"https:\/\/www.psib-psoe.org\/eivissa\/el-psoe-fa-campanya-de-les-eleccions-europees-a-cala-de-bou-defensant-una-europa-que-garanteixi-llocs-de-treball-de-qualitat-i-millors-salaris\/#primaryimage"},"thumbnailUrl":"https:\/\/www.psib-psoe.org\/eivissa\/wp-content\/uploads\/dsc05233-1.jpg","datePublished":"2024-05-30T09:40:26+00:00","dateModified":"2024-05-30T16:45:34+00:00","breadcrumb":{"@id":"https:\/\/www.psib-psoe.org\/eivissa\/el-psoe-fa-campanya-de-les-eleccions-europees-a-cala-de-bou-defensant-una-europa-que-garanteixi-llocs-de-treball-de-qualitat-i-millors-salaris\/#breadcrumb"},"inLanguage":"ca","potentialAction":[{"@type":"ReadAction","target":["https:\/\/www.psib-psoe.org\/eivissa\/el-psoe-fa-campanya-de-les-eleccions-europees-a-cala-de-bou-defensant-una-europa-que-garanteixi-llocs-de-treball-de-qualitat-i-millors-salaris\/"]}]},{"@type":"ImageObject","inLanguage":"ca","@id":"https:\/\/www.psib-psoe.org\/eivissa\/el-psoe-fa-campanya-de-les-eleccions-europees-a-cala-de-bou-defensant-una-europa-que-garanteixi-llocs-de-treball-de-qualitat-i-millors-salaris\/#primaryimage","url":"https:\/\/www.psib-psoe.org\/eivissa\/wp-content\/uploads\/dsc05233-1.jpg","contentUrl":"https:\/\/www.psib-psoe.org\/eivissa\/wp-content\/uploads\/dsc05233-1.jpg","width":2000,"height":1123},{"@type":"BreadcrumbList","@id":"https:\/\/www.psib-psoe.org\/eivissa\/el-psoe-fa-campanya-de-les-eleccions-europees-a-cala-de-bou-defensant-una-europa-que-garanteixi-llocs-de-treball-de-qualitat-i-millors-salaris\/#breadcrumb","itemListElement":[{"@type":"ListItem","position":1,"name":"Inici","item":"https:\/\/www.psib-psoe.org\/eivissa\/"},{"@type":"ListItem","position":2,"name":"El PSOE fa campanya de les eleccions europees a Cala de Bou defensant una Europa que garanteixi llocs de treball de qualitat i millors salaris"}]},{"@type":"WebSite","@id":"https:\/\/www.psib-psoe.org\/eivissa\/#website","url":"https:\/\/www.psib-psoe.org\/eivissa\/","name":"Federaci\u00f3 Socialista d'Eivissa","description":"Socialistes d&#039;Eivissa","publisher":{"@id":"https:\/\/www.psib-psoe.org\/eivissa\/#organization"},"potentialAction":[{"@type":"SearchAction","target":{"@type":"EntryPoint","urlTemplate":"https:\/\/www.psib-psoe.org\/eivissa\/?s={search_term_string}"},"query-input":{"@type":"PropertyValueSpecification","valueRequired":true,"valueName":"search_term_string"}}],"inLanguage":"ca"},{"@type":"Organization","@id":"https:\/\/www.psib-psoe.org\/eivissa\/#organization","name":"Federaci\u00f3 Socialista d'Eivissa","url":"https:\/\/www.psib-psoe.org\/eivissa\/","logo":{"@type":"ImageObject","inLanguage":"ca","@id":"https:\/\/www.psib-psoe.org\/eivissa\/#\/schema\/logo\/image\/","url":"https:\/\/www.psib-psoe.org\/eivissa\/wp-content\/uploads\/LOGO-FSE-SOCIALISTA-DEIVISSA-HORI.png","contentUrl":"https:\/\/www.psib-psoe.org\/eivissa\/wp-content\/uploads\/LOGO-FSE-SOCIALISTA-DEIVISSA-HORI.png","width":6000,"height":3104,"caption":"Federaci\u00f3 Socialista d'Eivissa"},"image":{"@id":"https:\/\/www.psib-psoe.org\/eivissa\/#\/schema\/logo\/image\/"}},{"@type":"Person","@id":"https:\/\/www.psib-psoe.org\/eivissa\/#\/schema\/person\/7a9d2841fb36f32e34fc0e9b245e8117","name":"Josep Ripoll","sameAs":["http:\/\/www.psib-psoe.org\/eivissa\/wp-login.php"],"url":"https:\/\/www.psib-psoe.org\/eivissa\/author\/josep\/"}]}},"_links":{"self":[{"href":"https:\/\/www.psib-psoe.org\/eivissa\/wp-json\/wp\/v2\/posts\/39233","targetHints":{"allow":["GET"]}}],"collection":[{"href":"https:\/\/www.psib-psoe.org\/eivissa\/wp-json\/wp\/v2\/posts"}],"about":[{"href":"https:\/\/www.psib-psoe.org\/eivissa\/wp-json\/wp\/v2\/types\/post"}],"author":[{"embeddable":true,"href":"https:\/\/www.psib-psoe.org\/eivissa\/wp-json\/wp\/v2\/users\/7"}],"replies":[{"embeddable":true,"href":"https:\/\/www.psib-psoe.org\/eivissa\/wp-json\/wp\/v2\/comments?post=39233"}],"version-history":[{"count":2,"href":"https:\/\/www.psib-psoe.org\/eivissa\/wp-json\/wp\/v2\/posts\/39233\/revisions"}],"predecessor-version":[{"id":39241,"href":"https:\/\/www.psib-psoe.org\/eivissa\/wp-json\/wp\/v2\/posts\/39233\/revisions\/39241"}],"wp:featuredmedia":[{"embeddable":true,"href":"https:\/\/www.psib-psoe.org\/eivissa\/wp-json\/wp\/v2\/media\/39245"}],"wp:attachment":[{"href":"https:\/\/www.psib-psoe.org\/eivissa\/wp-json\/wp\/v2\/media?parent=39233"}],"wp:term":[{"taxonomy":"category","embeddable":true,"href":"https:\/\/www.psib-psoe.org\/eivissa\/wp-json\/wp\/v2\/categories?post=39233"},{"taxonomy":"post_tag","embeddable":true,"href":"https:\/\/www.psib-psoe.org\/eivissa\/wp-json\/wp\/v2\/tags?post=39233"}],"curies":[{"name":"wp","href":"https:\/\/api.w.org\/{rel}","templated":true}]}}