{"id":39265,"date":"2024-06-03T13:39:36","date_gmt":"2024-06-03T11:39:36","guid":{"rendered":"https:\/\/www.psib-psoe.org\/eivissa\/?p=39265"},"modified":"2024-06-03T13:39:36","modified_gmt":"2024-06-03T11:39:36","slug":"el-psoe-exigeix-transparencia-a-miquel-jerez-un-dels-46-senadors-del-pp-que-encara-no-ha-presentat-la-declaracio-dactivitats-davant-del-senat","status":"publish","type":"post","link":"https:\/\/www.psib-psoe.org\/eivissa\/el-psoe-exigeix-transparencia-a-miquel-jerez-un-dels-46-senadors-del-pp-que-encara-no-ha-presentat-la-declaracio-dactivitats-davant-del-senat\/","title":{"rendered":"El PSOE exigeix transpar\u00e8ncia a Miquel Jerez, un dels 46 senadors del PP que encara no ha presentat la declaraci\u00f3 d\u2019activitats davant del Senat"},"content":{"rendered":"<p>La Federaci\u00f3 Socialista d\u2019Eivissa (FSE-PSOE) vol expressar p\u00fablicament la seua preocupaci\u00f3 pel fet que un ter\u00e7 dels senadors del Partit Popular, entre els quals es troba el senador auton\u00f2mic del PP de Balears, l\u2019eivissenc Miquel Jerez, encara no ha presentat la declaraci\u00f3 d\u2019activitats, l\u2019\u00fanic de la nostra Comunitat. Es tracta d\u2019un proc\u00e9s d\u2019obligat compliment, per\u00f2 que encara no han realitzat 46 dels 143 senadors del PP, entre ells l\u2019eivissenc designat senador pel Parlament de les Illes Balears. Un fet que s&#8217;ha denunciat avui en la premsa nacional i que \u00e9s especialment escandal\u00f3s, tenint en compte que fa 10 mesos que va ser designat.<\/p>\n<p>El PSOE considera fonamental que els representants p\u00fablics compleixin amb les seves obligacions de transpar\u00e8ncia i rendici\u00f3 de comptes. La declaraci\u00f3 d\u2019activitats \u00e9s un mecanisme essencial per assegurar que els senadors actuen amb total integritat i sense conflictes d\u2019inter\u00e8s que puguin afectar la seva feina legislativa. L\u2019omissi\u00f3 d\u2019aquest tr\u00e0mit no nom\u00e9s infringeix les normes de bon govern, sin\u00f3 que tamb\u00e9 soscava la confian\u00e7a dels ciutadans en les seves institucions democr\u00e0tiques.<\/p>\n<p>Des del PSOE d\u2019Eivissa, exigim al senador Miquel Jerez que presenti immediatament la seva declaraci\u00f3 d\u2019activitats, tal com exigeix la normativa vigent.<\/p>\n<p>Recordem que l\u2019article 160 de la Llei Electoral estableix que \u201cels diputats i senadors, d&#8217;acord amb les determinacions dels reglaments respectius de les cambres, estan obligats a formular declaraci\u00f3 de totes les activitats que puguin constituir causa d&#8217;incompatibilitat d&#8217;acord amb el que estableix aquesta Llei org\u00e0nica i de qualssevol altres activitats que els proporcionin o puguin proporcionar ingressos econ\u00f2mics, aix\u00ed com dels seus b\u00e9ns patrimonials, tant en adquirir com en perdre la condici\u00f3 de parlamentaris, aix\u00ed com quan modifiquin les seves circumst\u00e0ncies\u201d.<\/p>\n<p>Tamb\u00e9 estableix que les declaracions sobre activitats i b\u00e9ns es formularan per separat d&#8217;acord amb els models que aprovaran les meses de les dues cambres en reuni\u00f3 conjunta i s&#8217;inscriuran en un Registre d&#8217;Interessos, constitu\u00eft en cadascuna de les mateixes cambres sota la depend\u00e8ncia directa dels respectius presidents, als efectes del present article i als que determinin els Reglaments de les mateixes Cambres\u201d.<\/p>\n<p>El PSOE continuar\u00e0 vigilant i comprom\u00e8s amb la defensa de l\u2019\u00e8tica i la transpar\u00e8ncia en tots els nivells de les institucions p\u00fabliques. No podem acceptar aquesta opacitat i falta de responsabilitat de determinats representants de la ciutadania.  <\/p>\n<p>Una falta de transpar\u00e8ncia que s\u2019ha agreujat preocupantment a la nostra comunitat, despr\u00e9s que el Partit Popular i Vox hagin eliminat l&#8217;Oficina de prevenci\u00f3 i lluita contra la corrupci\u00f3, un fet que demostra una falta de total i absoluta de comprom\u00eds amb la lluita contra les males pr\u00e0ctiques.<\/p>\n","protected":false},"excerpt":{"rendered":"<p>La Federaci\u00f3 Socialista d\u2019Eivissa (FSE-PSOE) vol expressar p\u00fablicament la seua preocupaci\u00f3 pel fet que un ter\u00e7 dels senadors del Partit Popular, entre els quals es troba el senador auton\u00f2mic del PP de Balears, l\u2019eivissenc Miquel Jerez, encara no ha presentat la declaraci\u00f3 d\u2019activitats, l\u2019\u00fanic de la nostra Comunitat. Es tracta d\u2019un proc\u00e9s d\u2019obligat compliment, per\u00f2&hellip;<\/p>\n","protected":false},"author":7,"featured_media":39266,"comment_status":"closed","ping_status":"closed","sticky":false,"template":"","format":"standard","meta":{"footnotes":""},"categories":[1,190],"tags":[],"class_list":["post-39265","post","type-post","status-publish","format-standard","has-post-thumbnail","hentry","category-federacio-de-eivissa-portada","category-govern-despanya-congres-senat"],"yoast_head":"<!-- This site is optimized with the Yoast SEO plugin v26.9 - https:\/\/yoast.com\/product\/yoast-seo-wordpress\/ -->\n<title>El PSOE exigeix transpar\u00e8ncia a Miquel Jerez, un dels 46 senadors del PP que encara no ha presentat la declaraci\u00f3 d\u2019activitats davant del Senat - Federaci\u00f3 Socialista d&#039;Eivissa<\/title>\n<meta name=\"robots\" content=\"index, follow, max-snippet:-1, max-image-preview:large, max-video-preview:-1\" \/>\n<link rel=\"canonical\" href=\"https:\/\/www.psib-psoe.org\/eivissa\/el-psoe-exigeix-transparencia-a-miquel-jerez-un-dels-46-senadors-del-pp-que-encara-no-ha-presentat-la-declaracio-dactivitats-davant-del-senat\/\" \/>\n<meta property=\"og:locale\" content=\"ca_ES\" \/>\n<meta property=\"og:type\" content=\"article\" \/>\n<meta property=\"og:title\" content=\"El PSOE exigeix transpar\u00e8ncia a Miquel Jerez, un dels 46 senadors del PP que encara no ha presentat la declaraci\u00f3 d\u2019activitats davant del Senat - Federaci\u00f3 Socialista d&#039;Eivissa\" \/>\n<meta property=\"og:description\" content=\"La Federaci\u00f3 Socialista d\u2019Eivissa (FSE-PSOE) vol expressar p\u00fablicament la seua preocupaci\u00f3 pel fet que un ter\u00e7 dels senadors del Partit Popular, entre els quals es troba el senador auton\u00f2mic del PP de Balears, l\u2019eivissenc Miquel Jerez, encara no ha presentat la declaraci\u00f3 d\u2019activitats, l\u2019\u00fanic de la nostra Comunitat. Es tracta d\u2019un proc\u00e9s d\u2019obligat compliment, per\u00f2&hellip;\" \/>\n<meta property=\"og:url\" content=\"https:\/\/www.psib-psoe.org\/eivissa\/el-psoe-exigeix-transparencia-a-miquel-jerez-un-dels-46-senadors-del-pp-que-encara-no-ha-presentat-la-declaracio-dactivitats-davant-del-senat\/\" \/>\n<meta property=\"og:site_name\" content=\"Federaci\u00f3 Socialista d&#039;Eivissa\" \/>\n<meta property=\"article:published_time\" content=\"2024-06-03T11:39:36+00:00\" \/>\n<meta property=\"og:image\" content=\"https:\/\/www.psib-psoe.org\/eivissa\/wp-content\/uploads\/senat-scaled.jpg\" \/>\n\t<meta property=\"og:image:width\" content=\"2560\" \/>\n\t<meta property=\"og:image:height\" content=\"1707\" \/>\n\t<meta property=\"og:image:type\" content=\"image\/jpeg\" \/>\n<meta name=\"author\" content=\"Josep Ripoll\" \/>\n<meta name=\"twitter:card\" content=\"summary_large_image\" \/>\n<meta name=\"twitter:label1\" content=\"Escrit per\" \/>\n\t<meta name=\"twitter:data1\" content=\"Josep Ripoll\" \/>\n\t<meta name=\"twitter:label2\" content=\"Temps estimat de lectura\" \/>\n\t<meta name=\"twitter:data2\" content=\"2 minuts\" \/>\n<script type=\"application\/ld+json\" class=\"yoast-schema-graph\">{\"@context\":\"https:\/\/schema.org\",\"@graph\":[{\"@type\":[\"Article\",\"BlogPosting\"],\"@id\":\"https:\/\/www.psib-psoe.org\/eivissa\/el-psoe-exigeix-transparencia-a-miquel-jerez-un-dels-46-senadors-del-pp-que-encara-no-ha-presentat-la-declaracio-dactivitats-davant-del-senat\/#article\",\"isPartOf\":{\"@id\":\"https:\/\/www.psib-psoe.org\/eivissa\/el-psoe-exigeix-transparencia-a-miquel-jerez-un-dels-46-senadors-del-pp-que-encara-no-ha-presentat-la-declaracio-dactivitats-davant-del-senat\/\"},\"author\":{\"name\":\"Josep Ripoll\",\"@id\":\"https:\/\/www.psib-psoe.org\/eivissa\/#\/schema\/person\/7a9d2841fb36f32e34fc0e9b245e8117\"},\"headline\":\"El PSOE exigeix transpar\u00e8ncia a Miquel Jerez, un dels 46 senadors del PP que encara no ha presentat la declaraci\u00f3 d\u2019activitats davant del Senat\",\"datePublished\":\"2024-06-03T11:39:36+00:00\",\"mainEntityOfPage\":{\"@id\":\"https:\/\/www.psib-psoe.org\/eivissa\/el-psoe-exigeix-transparencia-a-miquel-jerez-un-dels-46-senadors-del-pp-que-encara-no-ha-presentat-la-declaracio-dactivitats-davant-del-senat\/\"},\"wordCount\":487,\"publisher\":{\"@id\":\"https:\/\/www.psib-psoe.org\/eivissa\/#organization\"},\"image\":{\"@id\":\"https:\/\/www.psib-psoe.org\/eivissa\/el-psoe-exigeix-transparencia-a-miquel-jerez-un-dels-46-senadors-del-pp-que-encara-no-ha-presentat-la-declaracio-dactivitats-davant-del-senat\/#primaryimage\"},\"thumbnailUrl\":\"https:\/\/www.psib-psoe.org\/eivissa\/wp-content\/uploads\/senat-scaled.jpg\",\"articleSection\":[\"Federaci\u00f3 d'Eivissa - Portada\",\"Govern d'Espanya - Congr\u00e9s - Senat - PSOE Federal\"],\"inLanguage\":\"ca\"},{\"@type\":\"WebPage\",\"@id\":\"https:\/\/www.psib-psoe.org\/eivissa\/el-psoe-exigeix-transparencia-a-miquel-jerez-un-dels-46-senadors-del-pp-que-encara-no-ha-presentat-la-declaracio-dactivitats-davant-del-senat\/\",\"url\":\"https:\/\/www.psib-psoe.org\/eivissa\/el-psoe-exigeix-transparencia-a-miquel-jerez-un-dels-46-senadors-del-pp-que-encara-no-ha-presentat-la-declaracio-dactivitats-davant-del-senat\/\",\"name\":\"El PSOE exigeix transpar\u00e8ncia a Miquel Jerez, un dels 46 senadors del PP que encara no ha presentat la declaraci\u00f3 d\u2019activitats davant del Senat - Federaci\u00f3 Socialista d&#039;Eivissa\",\"isPartOf\":{\"@id\":\"https:\/\/www.psib-psoe.org\/eivissa\/#website\"},\"primaryImageOfPage\":{\"@id\":\"https:\/\/www.psib-psoe.org\/eivissa\/el-psoe-exigeix-transparencia-a-miquel-jerez-un-dels-46-senadors-del-pp-que-encara-no-ha-presentat-la-declaracio-dactivitats-davant-del-senat\/#primaryimage\"},\"image\":{\"@id\":\"https:\/\/www.psib-psoe.org\/eivissa\/el-psoe-exigeix-transparencia-a-miquel-jerez-un-dels-46-senadors-del-pp-que-encara-no-ha-presentat-la-declaracio-dactivitats-davant-del-senat\/#primaryimage\"},\"thumbnailUrl\":\"https:\/\/www.psib-psoe.org\/eivissa\/wp-content\/uploads\/senat-scaled.jpg\",\"datePublished\":\"2024-06-03T11:39:36+00:00\",\"breadcrumb\":{\"@id\":\"https:\/\/www.psib-psoe.org\/eivissa\/el-psoe-exigeix-transparencia-a-miquel-jerez-un-dels-46-senadors-del-pp-que-encara-no-ha-presentat-la-declaracio-dactivitats-davant-del-senat\/#breadcrumb\"},\"inLanguage\":\"ca\",\"potentialAction\":[{\"@type\":\"ReadAction\",\"target\":[\"https:\/\/www.psib-psoe.org\/eivissa\/el-psoe-exigeix-transparencia-a-miquel-jerez-un-dels-46-senadors-del-pp-que-encara-no-ha-presentat-la-declaracio-dactivitats-davant-del-senat\/\"]}]},{\"@type\":\"ImageObject\",\"inLanguage\":\"ca\",\"@id\":\"https:\/\/www.psib-psoe.org\/eivissa\/el-psoe-exigeix-transparencia-a-miquel-jerez-un-dels-46-senadors-del-pp-que-encara-no-ha-presentat-la-declaracio-dactivitats-davant-del-senat\/#primaryimage\",\"url\":\"https:\/\/www.psib-psoe.org\/eivissa\/wp-content\/uploads\/senat-scaled.jpg\",\"contentUrl\":\"https:\/\/www.psib-psoe.org\/eivissa\/wp-content\/uploads\/senat-scaled.jpg\",\"width\":2560,\"height\":1707},{\"@type\":\"BreadcrumbList\",\"@id\":\"https:\/\/www.psib-psoe.org\/eivissa\/el-psoe-exigeix-transparencia-a-miquel-jerez-un-dels-46-senadors-del-pp-que-encara-no-ha-presentat-la-declaracio-dactivitats-davant-del-senat\/#breadcrumb\",\"itemListElement\":[{\"@type\":\"ListItem\",\"position\":1,\"name\":\"Inici\",\"item\":\"https:\/\/www.psib-psoe.org\/eivissa\/\"},{\"@type\":\"ListItem\",\"position\":2,\"name\":\"El PSOE exigeix transpar\u00e8ncia a Miquel Jerez, un dels 46 senadors del PP que encara no ha presentat la declaraci\u00f3 d\u2019activitats davant del Senat\"}]},{\"@type\":\"WebSite\",\"@id\":\"https:\/\/www.psib-psoe.org\/eivissa\/#website\",\"url\":\"https:\/\/www.psib-psoe.org\/eivissa\/\",\"name\":\"Federaci\u00f3 Socialista d'Eivissa\",\"description\":\"Socialistes d&#039;Eivissa\",\"publisher\":{\"@id\":\"https:\/\/www.psib-psoe.org\/eivissa\/#organization\"},\"potentialAction\":[{\"@type\":\"SearchAction\",\"target\":{\"@type\":\"EntryPoint\",\"urlTemplate\":\"https:\/\/www.psib-psoe.org\/eivissa\/?s={search_term_string}\"},\"query-input\":{\"@type\":\"PropertyValueSpecification\",\"valueRequired\":true,\"valueName\":\"search_term_string\"}}],\"inLanguage\":\"ca\"},{\"@type\":\"Organization\",\"@id\":\"https:\/\/www.psib-psoe.org\/eivissa\/#organization\",\"name\":\"Federaci\u00f3 Socialista d'Eivissa\",\"url\":\"https:\/\/www.psib-psoe.org\/eivissa\/\",\"logo\":{\"@type\":\"ImageObject\",\"inLanguage\":\"ca\",\"@id\":\"https:\/\/www.psib-psoe.org\/eivissa\/#\/schema\/logo\/image\/\",\"url\":\"https:\/\/www.psib-psoe.org\/eivissa\/wp-content\/uploads\/LOGO-FSE-SOCIALISTA-DEIVISSA-HORI.png\",\"contentUrl\":\"https:\/\/www.psib-psoe.org\/eivissa\/wp-content\/uploads\/LOGO-FSE-SOCIALISTA-DEIVISSA-HORI.png\",\"width\":6000,\"height\":3104,\"caption\":\"Federaci\u00f3 Socialista d'Eivissa\"},\"image\":{\"@id\":\"https:\/\/www.psib-psoe.org\/eivissa\/#\/schema\/logo\/image\/\"}},{\"@type\":\"Person\",\"@id\":\"https:\/\/www.psib-psoe.org\/eivissa\/#\/schema\/person\/7a9d2841fb36f32e34fc0e9b245e8117\",\"name\":\"Josep Ripoll\",\"sameAs\":[\"http:\/\/www.psib-psoe.org\/eivissa\/wp-login.php\"],\"url\":\"https:\/\/www.psib-psoe.org\/eivissa\/author\/josep\/\"}]}<\/script>\n<!-- \/ Yoast SEO plugin. -->","yoast_head_json":{"title":"El PSOE exigeix transpar\u00e8ncia a Miquel Jerez, un dels 46 senadors del PP que encara no ha presentat la declaraci\u00f3 d\u2019activitats davant del Senat - Federaci\u00f3 Socialista d&#039;Eivissa","robots":{"index":"index","follow":"follow","max-snippet":"max-snippet:-1","max-image-preview":"max-image-preview:large","max-video-preview":"max-video-preview:-1"},"canonical":"https:\/\/www.psib-psoe.org\/eivissa\/el-psoe-exigeix-transparencia-a-miquel-jerez-un-dels-46-senadors-del-pp-que-encara-no-ha-presentat-la-declaracio-dactivitats-davant-del-senat\/","og_locale":"ca_ES","og_type":"article","og_title":"El PSOE exigeix transpar\u00e8ncia a Miquel Jerez, un dels 46 senadors del PP que encara no ha presentat la declaraci\u00f3 d\u2019activitats davant del Senat - Federaci\u00f3 Socialista d&#039;Eivissa","og_description":"La Federaci\u00f3 Socialista d\u2019Eivissa (FSE-PSOE) vol expressar p\u00fablicament la seua preocupaci\u00f3 pel fet que un ter\u00e7 dels senadors del Partit Popular, entre els quals es troba el senador auton\u00f2mic del PP de Balears, l\u2019eivissenc Miquel Jerez, encara no ha presentat la declaraci\u00f3 d\u2019activitats, l\u2019\u00fanic de la nostra Comunitat. Es tracta d\u2019un proc\u00e9s d\u2019obligat compliment, per\u00f2&hellip;","og_url":"https:\/\/www.psib-psoe.org\/eivissa\/el-psoe-exigeix-transparencia-a-miquel-jerez-un-dels-46-senadors-del-pp-que-encara-no-ha-presentat-la-declaracio-dactivitats-davant-del-senat\/","og_site_name":"Federaci\u00f3 Socialista d&#039;Eivissa","article_published_time":"2024-06-03T11:39:36+00:00","og_image":[{"width":2560,"height":1707,"url":"https:\/\/www.psib-psoe.org\/eivissa\/wp-content\/uploads\/senat-scaled.jpg","type":"image\/jpeg"}],"author":"Josep Ripoll","twitter_card":"summary_large_image","twitter_misc":{"Escrit per":"Josep Ripoll","Temps estimat de lectura":"2 minuts"},"schema":{"@context":"https:\/\/schema.org","@graph":[{"@type":["Article","BlogPosting"],"@id":"https:\/\/www.psib-psoe.org\/eivissa\/el-psoe-exigeix-transparencia-a-miquel-jerez-un-dels-46-senadors-del-pp-que-encara-no-ha-presentat-la-declaracio-dactivitats-davant-del-senat\/#article","isPartOf":{"@id":"https:\/\/www.psib-psoe.org\/eivissa\/el-psoe-exigeix-transparencia-a-miquel-jerez-un-dels-46-senadors-del-pp-que-encara-no-ha-presentat-la-declaracio-dactivitats-davant-del-senat\/"},"author":{"name":"Josep Ripoll","@id":"https:\/\/www.psib-psoe.org\/eivissa\/#\/schema\/person\/7a9d2841fb36f32e34fc0e9b245e8117"},"headline":"El PSOE exigeix transpar\u00e8ncia a Miquel Jerez, un dels 46 senadors del PP que encara no ha presentat la declaraci\u00f3 d\u2019activitats davant del Senat","datePublished":"2024-06-03T11:39:36+00:00","mainEntityOfPage":{"@id":"https:\/\/www.psib-psoe.org\/eivissa\/el-psoe-exigeix-transparencia-a-miquel-jerez-un-dels-46-senadors-del-pp-que-encara-no-ha-presentat-la-declaracio-dactivitats-davant-del-senat\/"},"wordCount":487,"publisher":{"@id":"https:\/\/www.psib-psoe.org\/eivissa\/#organization"},"image":{"@id":"https:\/\/www.psib-psoe.org\/eivissa\/el-psoe-exigeix-transparencia-a-miquel-jerez-un-dels-46-senadors-del-pp-que-encara-no-ha-presentat-la-declaracio-dactivitats-davant-del-senat\/#primaryimage"},"thumbnailUrl":"https:\/\/www.psib-psoe.org\/eivissa\/wp-content\/uploads\/senat-scaled.jpg","articleSection":["Federaci\u00f3 d'Eivissa - Portada","Govern d'Espanya - Congr\u00e9s - Senat - PSOE Federal"],"inLanguage":"ca"},{"@type":"WebPage","@id":"https:\/\/www.psib-psoe.org\/eivissa\/el-psoe-exigeix-transparencia-a-miquel-jerez-un-dels-46-senadors-del-pp-que-encara-no-ha-presentat-la-declaracio-dactivitats-davant-del-senat\/","url":"https:\/\/www.psib-psoe.org\/eivissa\/el-psoe-exigeix-transparencia-a-miquel-jerez-un-dels-46-senadors-del-pp-que-encara-no-ha-presentat-la-declaracio-dactivitats-davant-del-senat\/","name":"El PSOE exigeix transpar\u00e8ncia a Miquel Jerez, un dels 46 senadors del PP que encara no ha presentat la declaraci\u00f3 d\u2019activitats davant del Senat - Federaci\u00f3 Socialista d&#039;Eivissa","isPartOf":{"@id":"https:\/\/www.psib-psoe.org\/eivissa\/#website"},"primaryImageOfPage":{"@id":"https:\/\/www.psib-psoe.org\/eivissa\/el-psoe-exigeix-transparencia-a-miquel-jerez-un-dels-46-senadors-del-pp-que-encara-no-ha-presentat-la-declaracio-dactivitats-davant-del-senat\/#primaryimage"},"image":{"@id":"https:\/\/www.psib-psoe.org\/eivissa\/el-psoe-exigeix-transparencia-a-miquel-jerez-un-dels-46-senadors-del-pp-que-encara-no-ha-presentat-la-declaracio-dactivitats-davant-del-senat\/#primaryimage"},"thumbnailUrl":"https:\/\/www.psib-psoe.org\/eivissa\/wp-content\/uploads\/senat-scaled.jpg","datePublished":"2024-06-03T11:39:36+00:00","breadcrumb":{"@id":"https:\/\/www.psib-psoe.org\/eivissa\/el-psoe-exigeix-transparencia-a-miquel-jerez-un-dels-46-senadors-del-pp-que-encara-no-ha-presentat-la-declaracio-dactivitats-davant-del-senat\/#breadcrumb"},"inLanguage":"ca","potentialAction":[{"@type":"ReadAction","target":["https:\/\/www.psib-psoe.org\/eivissa\/el-psoe-exigeix-transparencia-a-miquel-jerez-un-dels-46-senadors-del-pp-que-encara-no-ha-presentat-la-declaracio-dactivitats-davant-del-senat\/"]}]},{"@type":"ImageObject","inLanguage":"ca","@id":"https:\/\/www.psib-psoe.org\/eivissa\/el-psoe-exigeix-transparencia-a-miquel-jerez-un-dels-46-senadors-del-pp-que-encara-no-ha-presentat-la-declaracio-dactivitats-davant-del-senat\/#primaryimage","url":"https:\/\/www.psib-psoe.org\/eivissa\/wp-content\/uploads\/senat-scaled.jpg","contentUrl":"https:\/\/www.psib-psoe.org\/eivissa\/wp-content\/uploads\/senat-scaled.jpg","width":2560,"height":1707},{"@type":"BreadcrumbList","@id":"https:\/\/www.psib-psoe.org\/eivissa\/el-psoe-exigeix-transparencia-a-miquel-jerez-un-dels-46-senadors-del-pp-que-encara-no-ha-presentat-la-declaracio-dactivitats-davant-del-senat\/#breadcrumb","itemListElement":[{"@type":"ListItem","position":1,"name":"Inici","item":"https:\/\/www.psib-psoe.org\/eivissa\/"},{"@type":"ListItem","position":2,"name":"El PSOE exigeix transpar\u00e8ncia a Miquel Jerez, un dels 46 senadors del PP que encara no ha presentat la declaraci\u00f3 d\u2019activitats davant del Senat"}]},{"@type":"WebSite","@id":"https:\/\/www.psib-psoe.org\/eivissa\/#website","url":"https:\/\/www.psib-psoe.org\/eivissa\/","name":"Federaci\u00f3 Socialista d'Eivissa","description":"Socialistes d&#039;Eivissa","publisher":{"@id":"https:\/\/www.psib-psoe.org\/eivissa\/#organization"},"potentialAction":[{"@type":"SearchAction","target":{"@type":"EntryPoint","urlTemplate":"https:\/\/www.psib-psoe.org\/eivissa\/?s={search_term_string}"},"query-input":{"@type":"PropertyValueSpecification","valueRequired":true,"valueName":"search_term_string"}}],"inLanguage":"ca"},{"@type":"Organization","@id":"https:\/\/www.psib-psoe.org\/eivissa\/#organization","name":"Federaci\u00f3 Socialista d'Eivissa","url":"https:\/\/www.psib-psoe.org\/eivissa\/","logo":{"@type":"ImageObject","inLanguage":"ca","@id":"https:\/\/www.psib-psoe.org\/eivissa\/#\/schema\/logo\/image\/","url":"https:\/\/www.psib-psoe.org\/eivissa\/wp-content\/uploads\/LOGO-FSE-SOCIALISTA-DEIVISSA-HORI.png","contentUrl":"https:\/\/www.psib-psoe.org\/eivissa\/wp-content\/uploads\/LOGO-FSE-SOCIALISTA-DEIVISSA-HORI.png","width":6000,"height":3104,"caption":"Federaci\u00f3 Socialista d'Eivissa"},"image":{"@id":"https:\/\/www.psib-psoe.org\/eivissa\/#\/schema\/logo\/image\/"}},{"@type":"Person","@id":"https:\/\/www.psib-psoe.org\/eivissa\/#\/schema\/person\/7a9d2841fb36f32e34fc0e9b245e8117","name":"Josep Ripoll","sameAs":["http:\/\/www.psib-psoe.org\/eivissa\/wp-login.php"],"url":"https:\/\/www.psib-psoe.org\/eivissa\/author\/josep\/"}]}},"_links":{"self":[{"href":"https:\/\/www.psib-psoe.org\/eivissa\/wp-json\/wp\/v2\/posts\/39265","targetHints":{"allow":["GET"]}}],"collection":[{"href":"https:\/\/www.psib-psoe.org\/eivissa\/wp-json\/wp\/v2\/posts"}],"about":[{"href":"https:\/\/www.psib-psoe.org\/eivissa\/wp-json\/wp\/v2\/types\/post"}],"author":[{"embeddable":true,"href":"https:\/\/www.psib-psoe.org\/eivissa\/wp-json\/wp\/v2\/users\/7"}],"replies":[{"embeddable":true,"href":"https:\/\/www.psib-psoe.org\/eivissa\/wp-json\/wp\/v2\/comments?post=39265"}],"version-history":[{"count":1,"href":"https:\/\/www.psib-psoe.org\/eivissa\/wp-json\/wp\/v2\/posts\/39265\/revisions"}],"predecessor-version":[{"id":39267,"href":"https:\/\/www.psib-psoe.org\/eivissa\/wp-json\/wp\/v2\/posts\/39265\/revisions\/39267"}],"wp:featuredmedia":[{"embeddable":true,"href":"https:\/\/www.psib-psoe.org\/eivissa\/wp-json\/wp\/v2\/media\/39266"}],"wp:attachment":[{"href":"https:\/\/www.psib-psoe.org\/eivissa\/wp-json\/wp\/v2\/media?parent=39265"}],"wp:term":[{"taxonomy":"category","embeddable":true,"href":"https:\/\/www.psib-psoe.org\/eivissa\/wp-json\/wp\/v2\/categories?post=39265"},{"taxonomy":"post_tag","embeddable":true,"href":"https:\/\/www.psib-psoe.org\/eivissa\/wp-json\/wp\/v2\/tags?post=39265"}],"curies":[{"name":"wp","href":"https:\/\/api.w.org\/{rel}","templated":true}]}}