{"id":39311,"date":"2024-06-07T13:47:57","date_gmt":"2024-06-07T11:47:57","guid":{"rendered":"https:\/\/www.psib-psoe.org\/eivissa\/?p=39311"},"modified":"2024-06-07T13:47:57","modified_gmt":"2024-06-07T11:47:57","slug":"el-psoe-exigeix-a-marcos-serra-la-cancellacio-del-festival-eivissa-global-radio-previst-a-lagost-a-la-platja-de-sarenal-el-2023-es-va-fer-sense-els-permisos-municipals-i-de-cost","status":"publish","type":"post","link":"https:\/\/www.psib-psoe.org\/eivissa\/el-psoe-exigeix-a-marcos-serra-la-cancellacio-del-festival-eivissa-global-radio-previst-a-lagost-a-la-platja-de-sarenal-el-2023-es-va-fer-sense-els-permisos-municipals-i-de-cost\/","title":{"rendered":"El PSOE exigeix \u200b\u200ba Marcos Serra la cancel\u00b7laci\u00f3 del festival Eivissa Global Radio previst a l&#8217;agost a la platja de s&#8217;Arenal: El 2023 es va fer sense els permisos municipals i de Costes, agreuja la imatge de Sant Antoni com a destinaci\u00f3 de festa i t\u00e9 com a \u00fanic objectiu pagar favors al grup Premsa Pitiusa"},"content":{"rendered":"<p>El Grup Municipal Socialista de Sant Antoni de Portmany exigeix \u200b\u200ba l&#8217;alcalde, Marcos Serra, que no permeti la celebraci\u00f3 de l&#8217;Ibiza Global Radio a la platja de l&#8217;Arenal, previst pels dies 9 i 10 d&#8217;agost. A m\u00e9s a m\u00e9s, exigim a l&#8217;alcalde que mostri p\u00fablicament totes les autoritzacions per a la celebraci\u00f3 de l&#8217;esdeveniment.<\/p>\n<p>Els progressistes acusen l&#8217;ajuntament d&#8217;haver perm\u00e8s la celebraci\u00f3 d&#8217;aquest festival el 2023 sense l&#8217;autoritzaci\u00f3 de l&#8217;activitat permanent major i tamb\u00e9 sense el perm\u00eds corresponent de la Demarcaci\u00f3 de Costes per a la realitzaci\u00f3 d&#8217;aquest esdeveniment.<\/p>\n<p>Documentaci\u00f3 que no constava a l&#8217;expedient a data 11 d&#8217;agost del 2023, mateix dia que comen\u00e7ava el festival i les autoritzacions del qual eren obligat\u00f2ries per poder fer \u00fas de l&#8217;espai p\u00fablic i poder fer aquest esdeveniment. El portaveu socialista, Antonio Lorenzo, ha manifestat: \u201cMalgrat que no estava autoritzat l&#8217;esdeveniment el mateix dia del seu comen\u00e7ament, es va realitzar. Tot aix\u00f2 ens fa pensar que es van cometre una s\u00e8rie d&#8217;irregularitats en haver-se perm\u00e8s la celebraci\u00f3 de l&#8217;esdeveniment sense complir tots els requisits per a l&#8217;autoritzaci\u00f3 de l&#8217;activitat no permanent m\u00e9s gran\u201d.<\/p>\n<p>D&#8217;altra banda, el grup progressista torna a denunciar que \u00e9s un gran esdeveniment que promociona el turisme de festa en plena temporada alta (agost) en una illa on una de les ofertes principals \u00e9s precisament l&#8217;oci. Realitzar aquest tipus d&#8217;esdeveniments dins del municipi, especialment dins del nucli urb\u00e0, nom\u00e9s refor\u00e7a la imatge de Sant Antoni = Festa, una etiqueta que invisibilitza la promoci\u00f3 de l&#8217;oferta alternativa del municipi.<\/p>\n<p>Antonio Lorenzo: \u201cDes que Marcos Serra \u00e9s alcalde \u00e9s evident que hem fet passos feia endarrere pel que fa al model tur\u00edstic que es vol per a Sant Antoni. Estam vivint una legislatura absolutista on no hi ha debat, ni hi ha consens pel que fa al turisme. Un exemple \u00e9s el que els ciutadans i ciutadanes estam tornant a veure als nostres carrers. Tot aix\u00f2 fruit d&#8217;un turisme d&#8217;excessos que veritablement no es vol combatre des de les institucions per afavorir-ne uns quants\u201d.<\/p>\n<p>Per als Socialistes, la celebraci\u00f3 d&#8217;aquest festival no deixa de ser un regal de l&#8217;alcalde Marcos Serra al grup Prensa Piti\u00fcsa, que, com hem dit, fa \u00fas d&#8217;un espai p\u00fablic en plena temporada d&#8217;estiu per fer negoci promocionant un estil musical que est\u00e0 sobreexplotat aquestes mateixes dates, no nom\u00e9s al municipi, sin\u00f3 a tota l&#8217;illa. I on la major de les fal\u00b7l\u00e0cies \u00e9s que amb m\u00e9s de 10.000 assistents a les edicions anteriors en un fr\u00e0gil espai natural com \u00e9s el de la platja de l&#8217;Arenal i la Badia de Portmany, el venen com a sostenible.<\/p>\n<p>Un festival no exempt d`altres pol\u00e8miques, com \u00e9s el fet que cobren 5.000 euros als DJ que vulguin actuar juntament amb els caps de cartell. En definitiva, un esdeveniment musical per obtenir un gran benefici econ\u00f2mic per part dels promotors, per\u00f2 que nom\u00e9s suposa problemes per a la ciutadania i el sector tur\u00edstic de Sant Antoni.<\/p>\n","protected":false},"excerpt":{"rendered":"<p>El Grup Municipal Socialista de Sant Antoni de Portmany exigeix \u200b\u200ba l&#8217;alcalde, Marcos Serra, que no permeti la celebraci\u00f3 de l&#8217;Ibiza Global Radio a la platja de l&#8217;Arenal, previst pels dies 9 i 10 d&#8217;agost. A m\u00e9s a m\u00e9s, exigim a l&#8217;alcalde que mostri p\u00fablicament totes les autoritzacions per a la celebraci\u00f3 de l&#8217;esdeveniment. Els&hellip;<\/p>\n","protected":false},"author":7,"featured_media":36104,"comment_status":"closed","ping_status":"closed","sticky":false,"template":"","format":"standard","meta":{"footnotes":""},"categories":[1,234,188],"tags":[],"class_list":["post-39311","post","type-post","status-publish","format-standard","has-post-thumbnail","hentry","category-federacio-de-eivissa-portada","category-municipis","category-sant-antoni-de-portmany"],"yoast_head":"<!-- This site is optimized with the Yoast SEO plugin v26.9 - https:\/\/yoast.com\/product\/yoast-seo-wordpress\/ -->\n<title>El PSOE exigeix \u200b\u200ba Marcos Serra la cancel\u00b7laci\u00f3 del festival Eivissa Global Radio previst a l&#039;agost a la platja de s&#039;Arenal: El 2023 es va fer sense els permisos municipals i de Costes, agreuja la imatge de Sant Antoni com a destinaci\u00f3 de festa i t\u00e9 com a \u00fanic objectiu pagar favors al grup Premsa Pitiusa - Federaci\u00f3 Socialista d&#039;Eivissa<\/title>\n<meta name=\"robots\" content=\"index, follow, max-snippet:-1, max-image-preview:large, max-video-preview:-1\" \/>\n<link rel=\"canonical\" href=\"https:\/\/www.psib-psoe.org\/eivissa\/el-psoe-exigeix-a-marcos-serra-la-cancellacio-del-festival-eivissa-global-radio-previst-a-lagost-a-la-platja-de-sarenal-el-2023-es-va-fer-sense-els-permisos-municipals-i-de-cost\/\" \/>\n<meta property=\"og:locale\" content=\"ca_ES\" \/>\n<meta property=\"og:type\" content=\"article\" \/>\n<meta property=\"og:title\" content=\"El PSOE exigeix \u200b\u200ba Marcos Serra la cancel\u00b7laci\u00f3 del festival Eivissa Global Radio previst a l&#039;agost a la platja de s&#039;Arenal: El 2023 es va fer sense els permisos municipals i de Costes, agreuja la imatge de Sant Antoni com a destinaci\u00f3 de festa i t\u00e9 com a \u00fanic objectiu pagar favors al grup Premsa Pitiusa - Federaci\u00f3 Socialista d&#039;Eivissa\" \/>\n<meta property=\"og:description\" content=\"El Grup Municipal Socialista de Sant Antoni de Portmany exigeix \u200b\u200ba l&#8217;alcalde, Marcos Serra, que no permeti la celebraci\u00f3 de l&#8217;Ibiza Global Radio a la platja de l&#8217;Arenal, previst pels dies 9 i 10 d&#8217;agost. A m\u00e9s a m\u00e9s, exigim a l&#8217;alcalde que mostri p\u00fablicament totes les autoritzacions per a la celebraci\u00f3 de l&#8217;esdeveniment. Els&hellip;\" \/>\n<meta property=\"og:url\" content=\"https:\/\/www.psib-psoe.org\/eivissa\/el-psoe-exigeix-a-marcos-serra-la-cancellacio-del-festival-eivissa-global-radio-previst-a-lagost-a-la-platja-de-sarenal-el-2023-es-va-fer-sense-els-permisos-municipals-i-de-cost\/\" \/>\n<meta property=\"og:site_name\" content=\"Federaci\u00f3 Socialista d&#039;Eivissa\" \/>\n<meta property=\"article:published_time\" content=\"2024-06-07T11:47:57+00:00\" \/>\n<meta property=\"og:image\" content=\"https:\/\/www.psib-psoe.org\/eivissa\/wp-content\/uploads\/festival-ibiza-global.jpg\" \/>\n\t<meta property=\"og:image:width\" content=\"492\" \/>\n\t<meta property=\"og:image:height\" content=\"463\" \/>\n\t<meta property=\"og:image:type\" content=\"image\/jpeg\" \/>\n<meta name=\"author\" content=\"Josep Ripoll\" \/>\n<meta name=\"twitter:card\" content=\"summary_large_image\" \/>\n<meta name=\"twitter:label1\" content=\"Escrit per\" \/>\n\t<meta name=\"twitter:data1\" content=\"Josep Ripoll\" \/>\n\t<meta name=\"twitter:label2\" content=\"Temps estimat de lectura\" \/>\n\t<meta name=\"twitter:data2\" content=\"3 minuts\" \/>\n<script type=\"application\/ld+json\" class=\"yoast-schema-graph\">{\"@context\":\"https:\/\/schema.org\",\"@graph\":[{\"@type\":[\"Article\",\"BlogPosting\"],\"@id\":\"https:\/\/www.psib-psoe.org\/eivissa\/el-psoe-exigeix-a-marcos-serra-la-cancellacio-del-festival-eivissa-global-radio-previst-a-lagost-a-la-platja-de-sarenal-el-2023-es-va-fer-sense-els-permisos-municipals-i-de-cost\/#article\",\"isPartOf\":{\"@id\":\"https:\/\/www.psib-psoe.org\/eivissa\/el-psoe-exigeix-a-marcos-serra-la-cancellacio-del-festival-eivissa-global-radio-previst-a-lagost-a-la-platja-de-sarenal-el-2023-es-va-fer-sense-els-permisos-municipals-i-de-cost\/\"},\"author\":{\"name\":\"Josep Ripoll\",\"@id\":\"https:\/\/www.psib-psoe.org\/eivissa\/#\/schema\/person\/7a9d2841fb36f32e34fc0e9b245e8117\"},\"headline\":\"El PSOE exigeix \u200b\u200ba Marcos Serra la cancel\u00b7laci\u00f3 del festival Eivissa Global Radio previst a l&#8217;agost a la platja de s&#8217;Arenal: El 2023 es va fer sense els permisos municipals i de Costes, agreuja la imatge de Sant Antoni com a destinaci\u00f3 de festa i t\u00e9 com a \u00fanic objectiu pagar favors al grup Premsa Pitiusa\",\"datePublished\":\"2024-06-07T11:47:57+00:00\",\"mainEntityOfPage\":{\"@id\":\"https:\/\/www.psib-psoe.org\/eivissa\/el-psoe-exigeix-a-marcos-serra-la-cancellacio-del-festival-eivissa-global-radio-previst-a-lagost-a-la-platja-de-sarenal-el-2023-es-va-fer-sense-els-permisos-municipals-i-de-cost\/\"},\"wordCount\":560,\"publisher\":{\"@id\":\"https:\/\/www.psib-psoe.org\/eivissa\/#organization\"},\"image\":{\"@id\":\"https:\/\/www.psib-psoe.org\/eivissa\/el-psoe-exigeix-a-marcos-serra-la-cancellacio-del-festival-eivissa-global-radio-previst-a-lagost-a-la-platja-de-sarenal-el-2023-es-va-fer-sense-els-permisos-municipals-i-de-cost\/#primaryimage\"},\"thumbnailUrl\":\"https:\/\/www.psib-psoe.org\/eivissa\/wp-content\/uploads\/festival-ibiza-global.jpg\",\"articleSection\":[\"Federaci\u00f3 d'Eivissa - Portada\",\"Municipis\",\"Sant Antoni de Portmany\"],\"inLanguage\":\"ca\"},{\"@type\":\"WebPage\",\"@id\":\"https:\/\/www.psib-psoe.org\/eivissa\/el-psoe-exigeix-a-marcos-serra-la-cancellacio-del-festival-eivissa-global-radio-previst-a-lagost-a-la-platja-de-sarenal-el-2023-es-va-fer-sense-els-permisos-municipals-i-de-cost\/\",\"url\":\"https:\/\/www.psib-psoe.org\/eivissa\/el-psoe-exigeix-a-marcos-serra-la-cancellacio-del-festival-eivissa-global-radio-previst-a-lagost-a-la-platja-de-sarenal-el-2023-es-va-fer-sense-els-permisos-municipals-i-de-cost\/\",\"name\":\"El PSOE exigeix \u200b\u200ba Marcos Serra la cancel\u00b7laci\u00f3 del festival Eivissa Global Radio previst a l'agost a la platja de s'Arenal: El 2023 es va fer sense els permisos municipals i de Costes, agreuja la imatge de Sant Antoni com a destinaci\u00f3 de festa i t\u00e9 com a \u00fanic objectiu pagar favors al grup Premsa Pitiusa - Federaci\u00f3 Socialista d&#039;Eivissa\",\"isPartOf\":{\"@id\":\"https:\/\/www.psib-psoe.org\/eivissa\/#website\"},\"primaryImageOfPage\":{\"@id\":\"https:\/\/www.psib-psoe.org\/eivissa\/el-psoe-exigeix-a-marcos-serra-la-cancellacio-del-festival-eivissa-global-radio-previst-a-lagost-a-la-platja-de-sarenal-el-2023-es-va-fer-sense-els-permisos-municipals-i-de-cost\/#primaryimage\"},\"image\":{\"@id\":\"https:\/\/www.psib-psoe.org\/eivissa\/el-psoe-exigeix-a-marcos-serra-la-cancellacio-del-festival-eivissa-global-radio-previst-a-lagost-a-la-platja-de-sarenal-el-2023-es-va-fer-sense-els-permisos-municipals-i-de-cost\/#primaryimage\"},\"thumbnailUrl\":\"https:\/\/www.psib-psoe.org\/eivissa\/wp-content\/uploads\/festival-ibiza-global.jpg\",\"datePublished\":\"2024-06-07T11:47:57+00:00\",\"breadcrumb\":{\"@id\":\"https:\/\/www.psib-psoe.org\/eivissa\/el-psoe-exigeix-a-marcos-serra-la-cancellacio-del-festival-eivissa-global-radio-previst-a-lagost-a-la-platja-de-sarenal-el-2023-es-va-fer-sense-els-permisos-municipals-i-de-cost\/#breadcrumb\"},\"inLanguage\":\"ca\",\"potentialAction\":[{\"@type\":\"ReadAction\",\"target\":[\"https:\/\/www.psib-psoe.org\/eivissa\/el-psoe-exigeix-a-marcos-serra-la-cancellacio-del-festival-eivissa-global-radio-previst-a-lagost-a-la-platja-de-sarenal-el-2023-es-va-fer-sense-els-permisos-municipals-i-de-cost\/\"]}]},{\"@type\":\"ImageObject\",\"inLanguage\":\"ca\",\"@id\":\"https:\/\/www.psib-psoe.org\/eivissa\/el-psoe-exigeix-a-marcos-serra-la-cancellacio-del-festival-eivissa-global-radio-previst-a-lagost-a-la-platja-de-sarenal-el-2023-es-va-fer-sense-els-permisos-municipals-i-de-cost\/#primaryimage\",\"url\":\"https:\/\/www.psib-psoe.org\/eivissa\/wp-content\/uploads\/festival-ibiza-global.jpg\",\"contentUrl\":\"https:\/\/www.psib-psoe.org\/eivissa\/wp-content\/uploads\/festival-ibiza-global.jpg\",\"width\":492,\"height\":463},{\"@type\":\"BreadcrumbList\",\"@id\":\"https:\/\/www.psib-psoe.org\/eivissa\/el-psoe-exigeix-a-marcos-serra-la-cancellacio-del-festival-eivissa-global-radio-previst-a-lagost-a-la-platja-de-sarenal-el-2023-es-va-fer-sense-els-permisos-municipals-i-de-cost\/#breadcrumb\",\"itemListElement\":[{\"@type\":\"ListItem\",\"position\":1,\"name\":\"Inici\",\"item\":\"https:\/\/www.psib-psoe.org\/eivissa\/\"},{\"@type\":\"ListItem\",\"position\":2,\"name\":\"El PSOE exigeix \u200b\u200ba Marcos Serra la cancel\u00b7laci\u00f3 del festival Eivissa Global Radio previst a l&#8217;agost a la platja de s&#8217;Arenal: El 2023 es va fer sense els permisos municipals i de Costes, agreuja la imatge de Sant Antoni com a destinaci\u00f3 de festa i t\u00e9 com a \u00fanic objectiu pagar favors al grup Premsa Pitiusa\"}]},{\"@type\":\"WebSite\",\"@id\":\"https:\/\/www.psib-psoe.org\/eivissa\/#website\",\"url\":\"https:\/\/www.psib-psoe.org\/eivissa\/\",\"name\":\"Federaci\u00f3 Socialista d'Eivissa\",\"description\":\"Socialistes d&#039;Eivissa\",\"publisher\":{\"@id\":\"https:\/\/www.psib-psoe.org\/eivissa\/#organization\"},\"potentialAction\":[{\"@type\":\"SearchAction\",\"target\":{\"@type\":\"EntryPoint\",\"urlTemplate\":\"https:\/\/www.psib-psoe.org\/eivissa\/?s={search_term_string}\"},\"query-input\":{\"@type\":\"PropertyValueSpecification\",\"valueRequired\":true,\"valueName\":\"search_term_string\"}}],\"inLanguage\":\"ca\"},{\"@type\":\"Organization\",\"@id\":\"https:\/\/www.psib-psoe.org\/eivissa\/#organization\",\"name\":\"Federaci\u00f3 Socialista d'Eivissa\",\"url\":\"https:\/\/www.psib-psoe.org\/eivissa\/\",\"logo\":{\"@type\":\"ImageObject\",\"inLanguage\":\"ca\",\"@id\":\"https:\/\/www.psib-psoe.org\/eivissa\/#\/schema\/logo\/image\/\",\"url\":\"https:\/\/www.psib-psoe.org\/eivissa\/wp-content\/uploads\/LOGO-FSE-SOCIALISTA-DEIVISSA-HORI.png\",\"contentUrl\":\"https:\/\/www.psib-psoe.org\/eivissa\/wp-content\/uploads\/LOGO-FSE-SOCIALISTA-DEIVISSA-HORI.png\",\"width\":6000,\"height\":3104,\"caption\":\"Federaci\u00f3 Socialista d'Eivissa\"},\"image\":{\"@id\":\"https:\/\/www.psib-psoe.org\/eivissa\/#\/schema\/logo\/image\/\"}},{\"@type\":\"Person\",\"@id\":\"https:\/\/www.psib-psoe.org\/eivissa\/#\/schema\/person\/7a9d2841fb36f32e34fc0e9b245e8117\",\"name\":\"Josep Ripoll\",\"sameAs\":[\"http:\/\/www.psib-psoe.org\/eivissa\/wp-login.php\"],\"url\":\"https:\/\/www.psib-psoe.org\/eivissa\/author\/josep\/\"}]}<\/script>\n<!-- \/ Yoast SEO plugin. -->","yoast_head_json":{"title":"El PSOE exigeix \u200b\u200ba Marcos Serra la cancel\u00b7laci\u00f3 del festival Eivissa Global Radio previst a l'agost a la platja de s'Arenal: El 2023 es va fer sense els permisos municipals i de Costes, agreuja la imatge de Sant Antoni com a destinaci\u00f3 de festa i t\u00e9 com a \u00fanic objectiu pagar favors al grup Premsa Pitiusa - Federaci\u00f3 Socialista d&#039;Eivissa","robots":{"index":"index","follow":"follow","max-snippet":"max-snippet:-1","max-image-preview":"max-image-preview:large","max-video-preview":"max-video-preview:-1"},"canonical":"https:\/\/www.psib-psoe.org\/eivissa\/el-psoe-exigeix-a-marcos-serra-la-cancellacio-del-festival-eivissa-global-radio-previst-a-lagost-a-la-platja-de-sarenal-el-2023-es-va-fer-sense-els-permisos-municipals-i-de-cost\/","og_locale":"ca_ES","og_type":"article","og_title":"El PSOE exigeix \u200b\u200ba Marcos Serra la cancel\u00b7laci\u00f3 del festival Eivissa Global Radio previst a l'agost a la platja de s'Arenal: El 2023 es va fer sense els permisos municipals i de Costes, agreuja la imatge de Sant Antoni com a destinaci\u00f3 de festa i t\u00e9 com a \u00fanic objectiu pagar favors al grup Premsa Pitiusa - Federaci\u00f3 Socialista d&#039;Eivissa","og_description":"El Grup Municipal Socialista de Sant Antoni de Portmany exigeix \u200b\u200ba l&#8217;alcalde, Marcos Serra, que no permeti la celebraci\u00f3 de l&#8217;Ibiza Global Radio a la platja de l&#8217;Arenal, previst pels dies 9 i 10 d&#8217;agost. A m\u00e9s a m\u00e9s, exigim a l&#8217;alcalde que mostri p\u00fablicament totes les autoritzacions per a la celebraci\u00f3 de l&#8217;esdeveniment. Els&hellip;","og_url":"https:\/\/www.psib-psoe.org\/eivissa\/el-psoe-exigeix-a-marcos-serra-la-cancellacio-del-festival-eivissa-global-radio-previst-a-lagost-a-la-platja-de-sarenal-el-2023-es-va-fer-sense-els-permisos-municipals-i-de-cost\/","og_site_name":"Federaci\u00f3 Socialista d&#039;Eivissa","article_published_time":"2024-06-07T11:47:57+00:00","og_image":[{"width":492,"height":463,"url":"https:\/\/www.psib-psoe.org\/eivissa\/wp-content\/uploads\/festival-ibiza-global.jpg","type":"image\/jpeg"}],"author":"Josep Ripoll","twitter_card":"summary_large_image","twitter_misc":{"Escrit per":"Josep Ripoll","Temps estimat de lectura":"3 minuts"},"schema":{"@context":"https:\/\/schema.org","@graph":[{"@type":["Article","BlogPosting"],"@id":"https:\/\/www.psib-psoe.org\/eivissa\/el-psoe-exigeix-a-marcos-serra-la-cancellacio-del-festival-eivissa-global-radio-previst-a-lagost-a-la-platja-de-sarenal-el-2023-es-va-fer-sense-els-permisos-municipals-i-de-cost\/#article","isPartOf":{"@id":"https:\/\/www.psib-psoe.org\/eivissa\/el-psoe-exigeix-a-marcos-serra-la-cancellacio-del-festival-eivissa-global-radio-previst-a-lagost-a-la-platja-de-sarenal-el-2023-es-va-fer-sense-els-permisos-municipals-i-de-cost\/"},"author":{"name":"Josep Ripoll","@id":"https:\/\/www.psib-psoe.org\/eivissa\/#\/schema\/person\/7a9d2841fb36f32e34fc0e9b245e8117"},"headline":"El PSOE exigeix \u200b\u200ba Marcos Serra la cancel\u00b7laci\u00f3 del festival Eivissa Global Radio previst a l&#8217;agost a la platja de s&#8217;Arenal: El 2023 es va fer sense els permisos municipals i de Costes, agreuja la imatge de Sant Antoni com a destinaci\u00f3 de festa i t\u00e9 com a \u00fanic objectiu pagar favors al grup Premsa Pitiusa","datePublished":"2024-06-07T11:47:57+00:00","mainEntityOfPage":{"@id":"https:\/\/www.psib-psoe.org\/eivissa\/el-psoe-exigeix-a-marcos-serra-la-cancellacio-del-festival-eivissa-global-radio-previst-a-lagost-a-la-platja-de-sarenal-el-2023-es-va-fer-sense-els-permisos-municipals-i-de-cost\/"},"wordCount":560,"publisher":{"@id":"https:\/\/www.psib-psoe.org\/eivissa\/#organization"},"image":{"@id":"https:\/\/www.psib-psoe.org\/eivissa\/el-psoe-exigeix-a-marcos-serra-la-cancellacio-del-festival-eivissa-global-radio-previst-a-lagost-a-la-platja-de-sarenal-el-2023-es-va-fer-sense-els-permisos-municipals-i-de-cost\/#primaryimage"},"thumbnailUrl":"https:\/\/www.psib-psoe.org\/eivissa\/wp-content\/uploads\/festival-ibiza-global.jpg","articleSection":["Federaci\u00f3 d'Eivissa - Portada","Municipis","Sant Antoni de Portmany"],"inLanguage":"ca"},{"@type":"WebPage","@id":"https:\/\/www.psib-psoe.org\/eivissa\/el-psoe-exigeix-a-marcos-serra-la-cancellacio-del-festival-eivissa-global-radio-previst-a-lagost-a-la-platja-de-sarenal-el-2023-es-va-fer-sense-els-permisos-municipals-i-de-cost\/","url":"https:\/\/www.psib-psoe.org\/eivissa\/el-psoe-exigeix-a-marcos-serra-la-cancellacio-del-festival-eivissa-global-radio-previst-a-lagost-a-la-platja-de-sarenal-el-2023-es-va-fer-sense-els-permisos-municipals-i-de-cost\/","name":"El PSOE exigeix \u200b\u200ba Marcos Serra la cancel\u00b7laci\u00f3 del festival Eivissa Global Radio previst a l'agost a la platja de s'Arenal: El 2023 es va fer sense els permisos municipals i de Costes, agreuja la imatge de Sant Antoni com a destinaci\u00f3 de festa i t\u00e9 com a \u00fanic objectiu pagar favors al grup Premsa Pitiusa - Federaci\u00f3 Socialista d&#039;Eivissa","isPartOf":{"@id":"https:\/\/www.psib-psoe.org\/eivissa\/#website"},"primaryImageOfPage":{"@id":"https:\/\/www.psib-psoe.org\/eivissa\/el-psoe-exigeix-a-marcos-serra-la-cancellacio-del-festival-eivissa-global-radio-previst-a-lagost-a-la-platja-de-sarenal-el-2023-es-va-fer-sense-els-permisos-municipals-i-de-cost\/#primaryimage"},"image":{"@id":"https:\/\/www.psib-psoe.org\/eivissa\/el-psoe-exigeix-a-marcos-serra-la-cancellacio-del-festival-eivissa-global-radio-previst-a-lagost-a-la-platja-de-sarenal-el-2023-es-va-fer-sense-els-permisos-municipals-i-de-cost\/#primaryimage"},"thumbnailUrl":"https:\/\/www.psib-psoe.org\/eivissa\/wp-content\/uploads\/festival-ibiza-global.jpg","datePublished":"2024-06-07T11:47:57+00:00","breadcrumb":{"@id":"https:\/\/www.psib-psoe.org\/eivissa\/el-psoe-exigeix-a-marcos-serra-la-cancellacio-del-festival-eivissa-global-radio-previst-a-lagost-a-la-platja-de-sarenal-el-2023-es-va-fer-sense-els-permisos-municipals-i-de-cost\/#breadcrumb"},"inLanguage":"ca","potentialAction":[{"@type":"ReadAction","target":["https:\/\/www.psib-psoe.org\/eivissa\/el-psoe-exigeix-a-marcos-serra-la-cancellacio-del-festival-eivissa-global-radio-previst-a-lagost-a-la-platja-de-sarenal-el-2023-es-va-fer-sense-els-permisos-municipals-i-de-cost\/"]}]},{"@type":"ImageObject","inLanguage":"ca","@id":"https:\/\/www.psib-psoe.org\/eivissa\/el-psoe-exigeix-a-marcos-serra-la-cancellacio-del-festival-eivissa-global-radio-previst-a-lagost-a-la-platja-de-sarenal-el-2023-es-va-fer-sense-els-permisos-municipals-i-de-cost\/#primaryimage","url":"https:\/\/www.psib-psoe.org\/eivissa\/wp-content\/uploads\/festival-ibiza-global.jpg","contentUrl":"https:\/\/www.psib-psoe.org\/eivissa\/wp-content\/uploads\/festival-ibiza-global.jpg","width":492,"height":463},{"@type":"BreadcrumbList","@id":"https:\/\/www.psib-psoe.org\/eivissa\/el-psoe-exigeix-a-marcos-serra-la-cancellacio-del-festival-eivissa-global-radio-previst-a-lagost-a-la-platja-de-sarenal-el-2023-es-va-fer-sense-els-permisos-municipals-i-de-cost\/#breadcrumb","itemListElement":[{"@type":"ListItem","position":1,"name":"Inici","item":"https:\/\/www.psib-psoe.org\/eivissa\/"},{"@type":"ListItem","position":2,"name":"El PSOE exigeix \u200b\u200ba Marcos Serra la cancel\u00b7laci\u00f3 del festival Eivissa Global Radio previst a l&#8217;agost a la platja de s&#8217;Arenal: El 2023 es va fer sense els permisos municipals i de Costes, agreuja la imatge de Sant Antoni com a destinaci\u00f3 de festa i t\u00e9 com a \u00fanic objectiu pagar favors al grup Premsa Pitiusa"}]},{"@type":"WebSite","@id":"https:\/\/www.psib-psoe.org\/eivissa\/#website","url":"https:\/\/www.psib-psoe.org\/eivissa\/","name":"Federaci\u00f3 Socialista d'Eivissa","description":"Socialistes d&#039;Eivissa","publisher":{"@id":"https:\/\/www.psib-psoe.org\/eivissa\/#organization"},"potentialAction":[{"@type":"SearchAction","target":{"@type":"EntryPoint","urlTemplate":"https:\/\/www.psib-psoe.org\/eivissa\/?s={search_term_string}"},"query-input":{"@type":"PropertyValueSpecification","valueRequired":true,"valueName":"search_term_string"}}],"inLanguage":"ca"},{"@type":"Organization","@id":"https:\/\/www.psib-psoe.org\/eivissa\/#organization","name":"Federaci\u00f3 Socialista d'Eivissa","url":"https:\/\/www.psib-psoe.org\/eivissa\/","logo":{"@type":"ImageObject","inLanguage":"ca","@id":"https:\/\/www.psib-psoe.org\/eivissa\/#\/schema\/logo\/image\/","url":"https:\/\/www.psib-psoe.org\/eivissa\/wp-content\/uploads\/LOGO-FSE-SOCIALISTA-DEIVISSA-HORI.png","contentUrl":"https:\/\/www.psib-psoe.org\/eivissa\/wp-content\/uploads\/LOGO-FSE-SOCIALISTA-DEIVISSA-HORI.png","width":6000,"height":3104,"caption":"Federaci\u00f3 Socialista d'Eivissa"},"image":{"@id":"https:\/\/www.psib-psoe.org\/eivissa\/#\/schema\/logo\/image\/"}},{"@type":"Person","@id":"https:\/\/www.psib-psoe.org\/eivissa\/#\/schema\/person\/7a9d2841fb36f32e34fc0e9b245e8117","name":"Josep Ripoll","sameAs":["http:\/\/www.psib-psoe.org\/eivissa\/wp-login.php"],"url":"https:\/\/www.psib-psoe.org\/eivissa\/author\/josep\/"}]}},"_links":{"self":[{"href":"https:\/\/www.psib-psoe.org\/eivissa\/wp-json\/wp\/v2\/posts\/39311","targetHints":{"allow":["GET"]}}],"collection":[{"href":"https:\/\/www.psib-psoe.org\/eivissa\/wp-json\/wp\/v2\/posts"}],"about":[{"href":"https:\/\/www.psib-psoe.org\/eivissa\/wp-json\/wp\/v2\/types\/post"}],"author":[{"embeddable":true,"href":"https:\/\/www.psib-psoe.org\/eivissa\/wp-json\/wp\/v2\/users\/7"}],"replies":[{"embeddable":true,"href":"https:\/\/www.psib-psoe.org\/eivissa\/wp-json\/wp\/v2\/comments?post=39311"}],"version-history":[{"count":2,"href":"https:\/\/www.psib-psoe.org\/eivissa\/wp-json\/wp\/v2\/posts\/39311\/revisions"}],"predecessor-version":[{"id":39313,"href":"https:\/\/www.psib-psoe.org\/eivissa\/wp-json\/wp\/v2\/posts\/39311\/revisions\/39313"}],"wp:featuredmedia":[{"embeddable":true,"href":"https:\/\/www.psib-psoe.org\/eivissa\/wp-json\/wp\/v2\/media\/36104"}],"wp:attachment":[{"href":"https:\/\/www.psib-psoe.org\/eivissa\/wp-json\/wp\/v2\/media?parent=39311"}],"wp:term":[{"taxonomy":"category","embeddable":true,"href":"https:\/\/www.psib-psoe.org\/eivissa\/wp-json\/wp\/v2\/categories?post=39311"},{"taxonomy":"post_tag","embeddable":true,"href":"https:\/\/www.psib-psoe.org\/eivissa\/wp-json\/wp\/v2\/tags?post=39311"}],"curies":[{"name":"wp","href":"https:\/\/api.w.org\/{rel}","templated":true}]}}