{"id":39321,"date":"2024-06-12T19:00:05","date_gmt":"2024-06-12T17:00:05","guid":{"rendered":"https:\/\/www.psib-psoe.org\/eivissa\/?p=39321"},"modified":"2024-06-12T18:27:20","modified_gmt":"2024-06-12T16:27:20","slug":"el-psoe-denuncia-que-lajuntament-de-santa-eularia-ha-destinat-mes-de-800-000-euros-a-una-empresa-del-tinent-dalcalde-del-partit-popular-miguel-tur-rubio","status":"publish","type":"post","link":"https:\/\/www.psib-psoe.org\/eivissa\/el-psoe-denuncia-que-lajuntament-de-santa-eularia-ha-destinat-mes-de-800-000-euros-a-una-empresa-del-tinent-dalcalde-del-partit-popular-miguel-tur-rubio\/","title":{"rendered":"El PSOE denuncia que l\u2019Ajuntament de Santa Eul\u00e0ria ha destinat m\u00e9s de 800.000 euros a una empresa del tinent d\u2019alcalde del Partit Popular Miguel Tur Rubio"},"content":{"rendered":"<p>El grup municipal Socialista de l&#8217;Ajuntament de Santa Eul\u00e0ria ha denunciat avui les \u201cgrav\u00edssimes irregularitats\u201d de l\u2019equip de govern del Partit Popular de Carmen Ferrer per destinar m\u00e9s de 800.000 euros a una empresa propietat del seu regidor i tinent d\u2019alcalde Miguel Tur Rubio. Ho va fer a trav\u00e9s d\u2019un contracte d\u2019arrendament d\u2019un local per 500.000 euros i la posterior reforma integral del mateix per 334.000 euros m\u00e9s. <\/p>\n<p>El PSOE ha anunciat el registre d\u2019un escrit a l\u2019Ajuntament de Santa Eul\u00e0ria per sol\u00b7licitar l\u2019inici\u00ef de la revisi\u00f3 d&#8217;ofici per nul\u00b7litat de ple dret del contracte, la declaraci\u00f3 d\u2019incompatibilitat del tinent d&#8217;alcalde Miguel Tur Rubio i la ren\u00fancia de la seua acta de regidor. En ser propietari del 17,35% de l\u2019empresa \u201cTur Rubio SL\u201d, aquesta tenia \u201cprohibici\u00f3 absoluta\u201d de contractar amb l\u2019Ajuntament de Santa Eul\u00e0ria.<\/p>\n<p>\u201cUnes greus irregularitats que han de ser conegudes, denunciades i corregides de manera immediata per part de l&#8217;Ajuntament que presideix la senyora Carmen Ferrer\u201d, ha manifestat el portaveu del PSOE, Alan Ripoll, qui ha ofert una roda de premsa acompanyat de la resta de regidors i regidores del grup.<\/p>\n<p>El portaveu socialista ha explicat la cronologia dels fets, que \u00e9s la seg\u00fcent: <\/p>\n<p>El mar\u00e7 del 2020, l&#8217;Ajuntament de Santa Eul\u00e0ria des Riu va iniciar un proc\u00e9s per llogar un local destinat al Departament de Benestar Social mitjan\u00e7ant un concurs p\u00fablic.<\/p>\n<p>El 21 de juliol del 2020, per decret d&#8217;Alcaldia, es va aprovar iniciar l&#8217;expedient de contractaci\u00f3. Dos dies despr\u00e9s, el 23 de juliol del 2020, la Junta de Govern Local va aprovar aquest expedient.<\/p>\n<p>El 21 de setembre de 2020, es va adjudicar el contracte a l&#8217;empresa Tur Rubio SL, formalitzant-se el 23 de novembre de 2020. La seua va ser l\u2019\u00fanica oferta que es va presentar. El valor del contracte d&#8217;arrendament signat per l&#8217;Ajuntament amb aquesta empresa ascendia a 499.590 euros.<\/p>\n<p>Posteriorment, l&#8217;Ajuntament ha invertit un total de 333.815,22 euros en la reforma integral del local. Unes millores que quedaran, \u00f2bviament, en benefici d&#8217;aquesta empresa en finalitzar el contracte d&#8217;arrendament.<\/p>\n<p>Es tracta d\u2019una empresa propietat en un 17,35% del regidor i tinent d&#8217;alcalde Miguel Tur Rubio. Una empresa, a m\u00e9s, l&#8217;objecte social de la qual no \u00e9s el lloguer de locals, sin\u00f3 que es dedica a la venda d&#8217;electrodom\u00e8stics.<\/p>\n<p>A causa de sospites, el grup Socialista va presentar en el seu moment una den\u00fancia davant l&#8217;Oficina de Prevenci\u00f3 i Lluita contra la Corrupci\u00f3 de les Illes Balears, que a la seva mem\u00f2ria de 2023, va concloure que el regidor en q\u00fcesti\u00f3 tenia un conflicte d&#8217;inter\u00e8s a influir en el proc\u00e9s de contractaci\u00f3 per beneficiar la seva empresa familiar. Aquest conflicte d\u201finter\u00e8s constitueix una infracci\u00f3 molt greu segons la llei 19\/2013 de transpar\u00e8ncia, acc\u00e9s a la informaci\u00f3 p\u00fablica i bon govern. Es considera que l\u2019empresa adjudicat\u00e0ria estava en una situaci\u00f3 de prohibici\u00f3 de contractar a causa dels vincles familiars i econ\u00f2mics del regidor.<\/p>\n<p>Despr\u00e9s de l&#8217;informe de l&#8217;Oficina Anticorrupci\u00f3, es va confirmar que Tur Rubio SL era propietat del regidor Miguel Tur Rubio en un percentatge del 17,35%. Aquesta informaci\u00f3 va ser declarada al seu moment davant de l&#8217;Oficina Anticorrupci\u00f3.<\/p>\n<p>L&#8217;alcaldessa i la Junta de Govern Local del Partit Popular estaven al corrent d&#8217;aquesta situaci\u00f3, per\u00f2 en cap moment no han informat al Ple ni han iniciat els procediments administratius corresponents.<br \/>\nLa Llei de Contractes del Sector P\u00fablic i la Llei Org\u00e0nica del R\u00e8gim Electoral General estableixen clarament la incompatibilitat d&#8217;un regidor per ser contractista de l&#8217;Ajuntament si \u00e9s propietari de m\u00e9s del 10% de l&#8217;empresa que pret\u00e9n contractar amb la corporaci\u00f3 de qu\u00e8 forma part.<\/p>\n<p>\u201cLa llei \u00e9s clara i contundent. I a partir d&#8217;aqu\u00ed, comeses aquestes greus irregularitats, s&#8217;han de prendre mesures que exigirem a l&#8217;Ajuntament, a trav\u00e9s del registre d&#8217;un escrit que farem dem\u00e0 mateix\u201d, ha explicat Alan Ripoll.<\/p>\n<p>\u201cExigim a l&#8217;Ajuntament de Santa Eul\u00e0ria l&#8217;inici del procediment de revisi\u00f3 d&#8217;ofici per nul\u00b7litat radical del contracte 27\/2020, a causa de la prohibici\u00f3 de contractar de l&#8217;empresa Tur Rubio SL, en ser propietat en un 17,35% del regidor i tinent d&#8217;alcalde Miguel Tur Rubio.\u201d <\/p>\n<p>\u201cExigim a l&#8217;Ajuntament iniciar el procediment per procedir pel Ple a la declaraci\u00f3 de la incompatibilitat del regidor Miguel Tur Rubio, per aplicaci\u00f3 de l&#8217;article 178 LOREG, en haver-se constatat la seva participaci\u00f3 simult\u00e0nia com a contractista amb l&#8217;Ajuntament.\u201d <\/p>\n<p>I, finalment, \u201cen aplicaci\u00f3 de l&#8217;article 10 del ROF, Reglament d&#8217;Organitzaci\u00f3, Funcionament i R\u00e8gim Jur\u00eddic de les Entitats Locals, exigim que es notifiqui a l&#8217;interessat aquest acord perqu\u00e8 en el termini de 10 dies procedeixi a la ren\u00fancia de la condici\u00f3 de regidor\u201d. <\/p>\n<p>Com ha explicat el portaveu del PSOE, \u201cen cas que no ho fes, i com recull el ROF, s&#8217;entendr\u00e0 igualment que l&#8217;afectat ha renunciat al seu lloc de regidor, i ha de declarar pel Ple corporatiu la vacant corresponent\u201d. En el cas que l&#8217;Ajuntament no compleixi amb la sol\u00b7licitud que registrar\u00e0 dem\u00e0 el PSOE, \u201cens reservam el dret a prendre les accions legals que corresponguin\u201d.<\/p>\n<p>\u201cAquestes irregularitats del PP de Santa Eul\u00e0ria s\u00f3n grav\u00edssimes: Adjudicar un contracte de 500.000 euros, m\u00e9s una inversi\u00f3 de m\u00e9s de 300.000 euros, a una empresa propietat d&#8217;un regidor i tinent d&#8217;alcalde del govern municipal\u201d.<\/p>\n<p>Irregularitats que \u201cs\u00f3n una mostra m\u00e9s de la forma clientelar de funcionar de l&#8217;Ajuntament de Carmen Ferrer i anteriorment de Vicent Mar\u00ed, un Partit Popular que fa anys, molts anys, que utilitza l&#8217;Ajuntament de Santa Eul\u00e0ria des Riu en benefici d&#8217;uns quants, els seus, i en detriment dels interessos de la majoria\u201d.<\/p>\n","protected":false},"excerpt":{"rendered":"<p>El grup municipal Socialista de l&#8217;Ajuntament de Santa Eul\u00e0ria ha denunciat avui les \u201cgrav\u00edssimes irregularitats\u201d de l\u2019equip de govern del Partit Popular de Carmen Ferrer per destinar m\u00e9s de 800.000 euros a una empresa propietat del seu regidor i tinent d\u2019alcalde Miguel Tur Rubio. Ho va fer a trav\u00e9s d\u2019un contracte d\u2019arrendament d\u2019un local per&hellip;<\/p>\n","protected":false},"author":7,"featured_media":39322,"comment_status":"closed","ping_status":"closed","sticky":false,"template":"","format":"standard","meta":{"footnotes":""},"categories":[1,234,186],"tags":[],"class_list":["post-39321","post","type-post","status-publish","format-standard","has-post-thumbnail","hentry","category-federacio-de-eivissa-portada","category-municipis","category-santa-eularia-des-riu"],"yoast_head":"<!-- This site is optimized with the Yoast SEO plugin v26.9 - https:\/\/yoast.com\/product\/yoast-seo-wordpress\/ -->\n<title>El PSOE denuncia que l\u2019Ajuntament de Santa Eul\u00e0ria ha destinat m\u00e9s de 800.000 euros a una empresa del tinent d\u2019alcalde del Partit Popular Miguel Tur Rubio - Federaci\u00f3 Socialista d&#039;Eivissa<\/title>\n<meta name=\"robots\" content=\"index, follow, max-snippet:-1, max-image-preview:large, max-video-preview:-1\" \/>\n<link rel=\"canonical\" href=\"https:\/\/www.psib-psoe.org\/eivissa\/el-psoe-denuncia-que-lajuntament-de-santa-eularia-ha-destinat-mes-de-800-000-euros-a-una-empresa-del-tinent-dalcalde-del-partit-popular-miguel-tur-rubio\/\" \/>\n<meta property=\"og:locale\" content=\"ca_ES\" \/>\n<meta property=\"og:type\" content=\"article\" \/>\n<meta property=\"og:title\" content=\"El PSOE denuncia que l\u2019Ajuntament de Santa Eul\u00e0ria ha destinat m\u00e9s de 800.000 euros a una empresa del tinent d\u2019alcalde del Partit Popular Miguel Tur Rubio - Federaci\u00f3 Socialista d&#039;Eivissa\" \/>\n<meta property=\"og:description\" content=\"El grup municipal Socialista de l&#8217;Ajuntament de Santa Eul\u00e0ria ha denunciat avui les \u201cgrav\u00edssimes irregularitats\u201d de l\u2019equip de govern del Partit Popular de Carmen Ferrer per destinar m\u00e9s de 800.000 euros a una empresa propietat del seu regidor i tinent d\u2019alcalde Miguel Tur Rubio. Ho va fer a trav\u00e9s d\u2019un contracte d\u2019arrendament d\u2019un local per&hellip;\" \/>\n<meta property=\"og:url\" content=\"https:\/\/www.psib-psoe.org\/eivissa\/el-psoe-denuncia-que-lajuntament-de-santa-eularia-ha-destinat-mes-de-800-000-euros-a-una-empresa-del-tinent-dalcalde-del-partit-popular-miguel-tur-rubio\/\" \/>\n<meta property=\"og:site_name\" content=\"Federaci\u00f3 Socialista d&#039;Eivissa\" \/>\n<meta property=\"article:published_time\" content=\"2024-06-12T17:00:05+00:00\" \/>\n<meta property=\"og:image\" content=\"https:\/\/www.psib-psoe.org\/eivissa\/wp-content\/uploads\/2roda-de-premsa-santa-eularia-scaled.jpg\" \/>\n\t<meta property=\"og:image:width\" content=\"2560\" \/>\n\t<meta property=\"og:image:height\" content=\"1436\" \/>\n\t<meta property=\"og:image:type\" content=\"image\/jpeg\" \/>\n<meta name=\"author\" content=\"Josep Ripoll\" \/>\n<meta name=\"twitter:card\" content=\"summary_large_image\" \/>\n<meta name=\"twitter:label1\" content=\"Escrit per\" \/>\n\t<meta name=\"twitter:data1\" content=\"Josep Ripoll\" \/>\n\t<meta name=\"twitter:label2\" content=\"Temps estimat de lectura\" \/>\n\t<meta name=\"twitter:data2\" content=\"5 minuts\" \/>\n<script type=\"application\/ld+json\" class=\"yoast-schema-graph\">{\"@context\":\"https:\/\/schema.org\",\"@graph\":[{\"@type\":[\"Article\",\"BlogPosting\"],\"@id\":\"https:\/\/www.psib-psoe.org\/eivissa\/el-psoe-denuncia-que-lajuntament-de-santa-eularia-ha-destinat-mes-de-800-000-euros-a-una-empresa-del-tinent-dalcalde-del-partit-popular-miguel-tur-rubio\/#article\",\"isPartOf\":{\"@id\":\"https:\/\/www.psib-psoe.org\/eivissa\/el-psoe-denuncia-que-lajuntament-de-santa-eularia-ha-destinat-mes-de-800-000-euros-a-una-empresa-del-tinent-dalcalde-del-partit-popular-miguel-tur-rubio\/\"},\"author\":{\"name\":\"Josep Ripoll\",\"@id\":\"https:\/\/www.psib-psoe.org\/eivissa\/#\/schema\/person\/7a9d2841fb36f32e34fc0e9b245e8117\"},\"headline\":\"El PSOE denuncia que l\u2019Ajuntament de Santa Eul\u00e0ria ha destinat m\u00e9s de 800.000 euros a una empresa del tinent d\u2019alcalde del Partit Popular Miguel Tur Rubio\",\"datePublished\":\"2024-06-12T17:00:05+00:00\",\"mainEntityOfPage\":{\"@id\":\"https:\/\/www.psib-psoe.org\/eivissa\/el-psoe-denuncia-que-lajuntament-de-santa-eularia-ha-destinat-mes-de-800-000-euros-a-una-empresa-del-tinent-dalcalde-del-partit-popular-miguel-tur-rubio\/\"},\"wordCount\":972,\"publisher\":{\"@id\":\"https:\/\/www.psib-psoe.org\/eivissa\/#organization\"},\"image\":{\"@id\":\"https:\/\/www.psib-psoe.org\/eivissa\/el-psoe-denuncia-que-lajuntament-de-santa-eularia-ha-destinat-mes-de-800-000-euros-a-una-empresa-del-tinent-dalcalde-del-partit-popular-miguel-tur-rubio\/#primaryimage\"},\"thumbnailUrl\":\"https:\/\/www.psib-psoe.org\/eivissa\/wp-content\/uploads\/2roda-de-premsa-santa-eularia-scaled.jpg\",\"articleSection\":[\"Federaci\u00f3 d'Eivissa - Portada\",\"Municipis\",\"Santa Eul\u00e0ria des Riu\"],\"inLanguage\":\"ca\"},{\"@type\":\"WebPage\",\"@id\":\"https:\/\/www.psib-psoe.org\/eivissa\/el-psoe-denuncia-que-lajuntament-de-santa-eularia-ha-destinat-mes-de-800-000-euros-a-una-empresa-del-tinent-dalcalde-del-partit-popular-miguel-tur-rubio\/\",\"url\":\"https:\/\/www.psib-psoe.org\/eivissa\/el-psoe-denuncia-que-lajuntament-de-santa-eularia-ha-destinat-mes-de-800-000-euros-a-una-empresa-del-tinent-dalcalde-del-partit-popular-miguel-tur-rubio\/\",\"name\":\"El PSOE denuncia que l\u2019Ajuntament de Santa Eul\u00e0ria ha destinat m\u00e9s de 800.000 euros a una empresa del tinent d\u2019alcalde del Partit Popular Miguel Tur Rubio - Federaci\u00f3 Socialista d&#039;Eivissa\",\"isPartOf\":{\"@id\":\"https:\/\/www.psib-psoe.org\/eivissa\/#website\"},\"primaryImageOfPage\":{\"@id\":\"https:\/\/www.psib-psoe.org\/eivissa\/el-psoe-denuncia-que-lajuntament-de-santa-eularia-ha-destinat-mes-de-800-000-euros-a-una-empresa-del-tinent-dalcalde-del-partit-popular-miguel-tur-rubio\/#primaryimage\"},\"image\":{\"@id\":\"https:\/\/www.psib-psoe.org\/eivissa\/el-psoe-denuncia-que-lajuntament-de-santa-eularia-ha-destinat-mes-de-800-000-euros-a-una-empresa-del-tinent-dalcalde-del-partit-popular-miguel-tur-rubio\/#primaryimage\"},\"thumbnailUrl\":\"https:\/\/www.psib-psoe.org\/eivissa\/wp-content\/uploads\/2roda-de-premsa-santa-eularia-scaled.jpg\",\"datePublished\":\"2024-06-12T17:00:05+00:00\",\"breadcrumb\":{\"@id\":\"https:\/\/www.psib-psoe.org\/eivissa\/el-psoe-denuncia-que-lajuntament-de-santa-eularia-ha-destinat-mes-de-800-000-euros-a-una-empresa-del-tinent-dalcalde-del-partit-popular-miguel-tur-rubio\/#breadcrumb\"},\"inLanguage\":\"ca\",\"potentialAction\":[{\"@type\":\"ReadAction\",\"target\":[\"https:\/\/www.psib-psoe.org\/eivissa\/el-psoe-denuncia-que-lajuntament-de-santa-eularia-ha-destinat-mes-de-800-000-euros-a-una-empresa-del-tinent-dalcalde-del-partit-popular-miguel-tur-rubio\/\"]}]},{\"@type\":\"ImageObject\",\"inLanguage\":\"ca\",\"@id\":\"https:\/\/www.psib-psoe.org\/eivissa\/el-psoe-denuncia-que-lajuntament-de-santa-eularia-ha-destinat-mes-de-800-000-euros-a-una-empresa-del-tinent-dalcalde-del-partit-popular-miguel-tur-rubio\/#primaryimage\",\"url\":\"https:\/\/www.psib-psoe.org\/eivissa\/wp-content\/uploads\/2roda-de-premsa-santa-eularia-scaled.jpg\",\"contentUrl\":\"https:\/\/www.psib-psoe.org\/eivissa\/wp-content\/uploads\/2roda-de-premsa-santa-eularia-scaled.jpg\",\"width\":2560,\"height\":1436},{\"@type\":\"BreadcrumbList\",\"@id\":\"https:\/\/www.psib-psoe.org\/eivissa\/el-psoe-denuncia-que-lajuntament-de-santa-eularia-ha-destinat-mes-de-800-000-euros-a-una-empresa-del-tinent-dalcalde-del-partit-popular-miguel-tur-rubio\/#breadcrumb\",\"itemListElement\":[{\"@type\":\"ListItem\",\"position\":1,\"name\":\"Inici\",\"item\":\"https:\/\/www.psib-psoe.org\/eivissa\/\"},{\"@type\":\"ListItem\",\"position\":2,\"name\":\"El PSOE denuncia que l\u2019Ajuntament de Santa Eul\u00e0ria ha destinat m\u00e9s de 800.000 euros a una empresa del tinent d\u2019alcalde del Partit Popular Miguel Tur Rubio\"}]},{\"@type\":\"WebSite\",\"@id\":\"https:\/\/www.psib-psoe.org\/eivissa\/#website\",\"url\":\"https:\/\/www.psib-psoe.org\/eivissa\/\",\"name\":\"Federaci\u00f3 Socialista d'Eivissa\",\"description\":\"Socialistes d&#039;Eivissa\",\"publisher\":{\"@id\":\"https:\/\/www.psib-psoe.org\/eivissa\/#organization\"},\"potentialAction\":[{\"@type\":\"SearchAction\",\"target\":{\"@type\":\"EntryPoint\",\"urlTemplate\":\"https:\/\/www.psib-psoe.org\/eivissa\/?s={search_term_string}\"},\"query-input\":{\"@type\":\"PropertyValueSpecification\",\"valueRequired\":true,\"valueName\":\"search_term_string\"}}],\"inLanguage\":\"ca\"},{\"@type\":\"Organization\",\"@id\":\"https:\/\/www.psib-psoe.org\/eivissa\/#organization\",\"name\":\"Federaci\u00f3 Socialista d'Eivissa\",\"url\":\"https:\/\/www.psib-psoe.org\/eivissa\/\",\"logo\":{\"@type\":\"ImageObject\",\"inLanguage\":\"ca\",\"@id\":\"https:\/\/www.psib-psoe.org\/eivissa\/#\/schema\/logo\/image\/\",\"url\":\"https:\/\/www.psib-psoe.org\/eivissa\/wp-content\/uploads\/LOGO-FSE-SOCIALISTA-DEIVISSA-HORI.png\",\"contentUrl\":\"https:\/\/www.psib-psoe.org\/eivissa\/wp-content\/uploads\/LOGO-FSE-SOCIALISTA-DEIVISSA-HORI.png\",\"width\":6000,\"height\":3104,\"caption\":\"Federaci\u00f3 Socialista d'Eivissa\"},\"image\":{\"@id\":\"https:\/\/www.psib-psoe.org\/eivissa\/#\/schema\/logo\/image\/\"}},{\"@type\":\"Person\",\"@id\":\"https:\/\/www.psib-psoe.org\/eivissa\/#\/schema\/person\/7a9d2841fb36f32e34fc0e9b245e8117\",\"name\":\"Josep Ripoll\",\"sameAs\":[\"http:\/\/www.psib-psoe.org\/eivissa\/wp-login.php\"],\"url\":\"https:\/\/www.psib-psoe.org\/eivissa\/author\/josep\/\"}]}<\/script>\n<!-- \/ Yoast SEO plugin. -->","yoast_head_json":{"title":"El PSOE denuncia que l\u2019Ajuntament de Santa Eul\u00e0ria ha destinat m\u00e9s de 800.000 euros a una empresa del tinent d\u2019alcalde del Partit Popular Miguel Tur Rubio - Federaci\u00f3 Socialista d&#039;Eivissa","robots":{"index":"index","follow":"follow","max-snippet":"max-snippet:-1","max-image-preview":"max-image-preview:large","max-video-preview":"max-video-preview:-1"},"canonical":"https:\/\/www.psib-psoe.org\/eivissa\/el-psoe-denuncia-que-lajuntament-de-santa-eularia-ha-destinat-mes-de-800-000-euros-a-una-empresa-del-tinent-dalcalde-del-partit-popular-miguel-tur-rubio\/","og_locale":"ca_ES","og_type":"article","og_title":"El PSOE denuncia que l\u2019Ajuntament de Santa Eul\u00e0ria ha destinat m\u00e9s de 800.000 euros a una empresa del tinent d\u2019alcalde del Partit Popular Miguel Tur Rubio - Federaci\u00f3 Socialista d&#039;Eivissa","og_description":"El grup municipal Socialista de l&#8217;Ajuntament de Santa Eul\u00e0ria ha denunciat avui les \u201cgrav\u00edssimes irregularitats\u201d de l\u2019equip de govern del Partit Popular de Carmen Ferrer per destinar m\u00e9s de 800.000 euros a una empresa propietat del seu regidor i tinent d\u2019alcalde Miguel Tur Rubio. Ho va fer a trav\u00e9s d\u2019un contracte d\u2019arrendament d\u2019un local per&hellip;","og_url":"https:\/\/www.psib-psoe.org\/eivissa\/el-psoe-denuncia-que-lajuntament-de-santa-eularia-ha-destinat-mes-de-800-000-euros-a-una-empresa-del-tinent-dalcalde-del-partit-popular-miguel-tur-rubio\/","og_site_name":"Federaci\u00f3 Socialista d&#039;Eivissa","article_published_time":"2024-06-12T17:00:05+00:00","og_image":[{"width":2560,"height":1436,"url":"https:\/\/www.psib-psoe.org\/eivissa\/wp-content\/uploads\/2roda-de-premsa-santa-eularia-scaled.jpg","type":"image\/jpeg"}],"author":"Josep Ripoll","twitter_card":"summary_large_image","twitter_misc":{"Escrit per":"Josep Ripoll","Temps estimat de lectura":"5 minuts"},"schema":{"@context":"https:\/\/schema.org","@graph":[{"@type":["Article","BlogPosting"],"@id":"https:\/\/www.psib-psoe.org\/eivissa\/el-psoe-denuncia-que-lajuntament-de-santa-eularia-ha-destinat-mes-de-800-000-euros-a-una-empresa-del-tinent-dalcalde-del-partit-popular-miguel-tur-rubio\/#article","isPartOf":{"@id":"https:\/\/www.psib-psoe.org\/eivissa\/el-psoe-denuncia-que-lajuntament-de-santa-eularia-ha-destinat-mes-de-800-000-euros-a-una-empresa-del-tinent-dalcalde-del-partit-popular-miguel-tur-rubio\/"},"author":{"name":"Josep Ripoll","@id":"https:\/\/www.psib-psoe.org\/eivissa\/#\/schema\/person\/7a9d2841fb36f32e34fc0e9b245e8117"},"headline":"El PSOE denuncia que l\u2019Ajuntament de Santa Eul\u00e0ria ha destinat m\u00e9s de 800.000 euros a una empresa del tinent d\u2019alcalde del Partit Popular Miguel Tur Rubio","datePublished":"2024-06-12T17:00:05+00:00","mainEntityOfPage":{"@id":"https:\/\/www.psib-psoe.org\/eivissa\/el-psoe-denuncia-que-lajuntament-de-santa-eularia-ha-destinat-mes-de-800-000-euros-a-una-empresa-del-tinent-dalcalde-del-partit-popular-miguel-tur-rubio\/"},"wordCount":972,"publisher":{"@id":"https:\/\/www.psib-psoe.org\/eivissa\/#organization"},"image":{"@id":"https:\/\/www.psib-psoe.org\/eivissa\/el-psoe-denuncia-que-lajuntament-de-santa-eularia-ha-destinat-mes-de-800-000-euros-a-una-empresa-del-tinent-dalcalde-del-partit-popular-miguel-tur-rubio\/#primaryimage"},"thumbnailUrl":"https:\/\/www.psib-psoe.org\/eivissa\/wp-content\/uploads\/2roda-de-premsa-santa-eularia-scaled.jpg","articleSection":["Federaci\u00f3 d'Eivissa - Portada","Municipis","Santa Eul\u00e0ria des Riu"],"inLanguage":"ca"},{"@type":"WebPage","@id":"https:\/\/www.psib-psoe.org\/eivissa\/el-psoe-denuncia-que-lajuntament-de-santa-eularia-ha-destinat-mes-de-800-000-euros-a-una-empresa-del-tinent-dalcalde-del-partit-popular-miguel-tur-rubio\/","url":"https:\/\/www.psib-psoe.org\/eivissa\/el-psoe-denuncia-que-lajuntament-de-santa-eularia-ha-destinat-mes-de-800-000-euros-a-una-empresa-del-tinent-dalcalde-del-partit-popular-miguel-tur-rubio\/","name":"El PSOE denuncia que l\u2019Ajuntament de Santa Eul\u00e0ria ha destinat m\u00e9s de 800.000 euros a una empresa del tinent d\u2019alcalde del Partit Popular Miguel Tur Rubio - Federaci\u00f3 Socialista d&#039;Eivissa","isPartOf":{"@id":"https:\/\/www.psib-psoe.org\/eivissa\/#website"},"primaryImageOfPage":{"@id":"https:\/\/www.psib-psoe.org\/eivissa\/el-psoe-denuncia-que-lajuntament-de-santa-eularia-ha-destinat-mes-de-800-000-euros-a-una-empresa-del-tinent-dalcalde-del-partit-popular-miguel-tur-rubio\/#primaryimage"},"image":{"@id":"https:\/\/www.psib-psoe.org\/eivissa\/el-psoe-denuncia-que-lajuntament-de-santa-eularia-ha-destinat-mes-de-800-000-euros-a-una-empresa-del-tinent-dalcalde-del-partit-popular-miguel-tur-rubio\/#primaryimage"},"thumbnailUrl":"https:\/\/www.psib-psoe.org\/eivissa\/wp-content\/uploads\/2roda-de-premsa-santa-eularia-scaled.jpg","datePublished":"2024-06-12T17:00:05+00:00","breadcrumb":{"@id":"https:\/\/www.psib-psoe.org\/eivissa\/el-psoe-denuncia-que-lajuntament-de-santa-eularia-ha-destinat-mes-de-800-000-euros-a-una-empresa-del-tinent-dalcalde-del-partit-popular-miguel-tur-rubio\/#breadcrumb"},"inLanguage":"ca","potentialAction":[{"@type":"ReadAction","target":["https:\/\/www.psib-psoe.org\/eivissa\/el-psoe-denuncia-que-lajuntament-de-santa-eularia-ha-destinat-mes-de-800-000-euros-a-una-empresa-del-tinent-dalcalde-del-partit-popular-miguel-tur-rubio\/"]}]},{"@type":"ImageObject","inLanguage":"ca","@id":"https:\/\/www.psib-psoe.org\/eivissa\/el-psoe-denuncia-que-lajuntament-de-santa-eularia-ha-destinat-mes-de-800-000-euros-a-una-empresa-del-tinent-dalcalde-del-partit-popular-miguel-tur-rubio\/#primaryimage","url":"https:\/\/www.psib-psoe.org\/eivissa\/wp-content\/uploads\/2roda-de-premsa-santa-eularia-scaled.jpg","contentUrl":"https:\/\/www.psib-psoe.org\/eivissa\/wp-content\/uploads\/2roda-de-premsa-santa-eularia-scaled.jpg","width":2560,"height":1436},{"@type":"BreadcrumbList","@id":"https:\/\/www.psib-psoe.org\/eivissa\/el-psoe-denuncia-que-lajuntament-de-santa-eularia-ha-destinat-mes-de-800-000-euros-a-una-empresa-del-tinent-dalcalde-del-partit-popular-miguel-tur-rubio\/#breadcrumb","itemListElement":[{"@type":"ListItem","position":1,"name":"Inici","item":"https:\/\/www.psib-psoe.org\/eivissa\/"},{"@type":"ListItem","position":2,"name":"El PSOE denuncia que l\u2019Ajuntament de Santa Eul\u00e0ria ha destinat m\u00e9s de 800.000 euros a una empresa del tinent d\u2019alcalde del Partit Popular Miguel Tur Rubio"}]},{"@type":"WebSite","@id":"https:\/\/www.psib-psoe.org\/eivissa\/#website","url":"https:\/\/www.psib-psoe.org\/eivissa\/","name":"Federaci\u00f3 Socialista d'Eivissa","description":"Socialistes d&#039;Eivissa","publisher":{"@id":"https:\/\/www.psib-psoe.org\/eivissa\/#organization"},"potentialAction":[{"@type":"SearchAction","target":{"@type":"EntryPoint","urlTemplate":"https:\/\/www.psib-psoe.org\/eivissa\/?s={search_term_string}"},"query-input":{"@type":"PropertyValueSpecification","valueRequired":true,"valueName":"search_term_string"}}],"inLanguage":"ca"},{"@type":"Organization","@id":"https:\/\/www.psib-psoe.org\/eivissa\/#organization","name":"Federaci\u00f3 Socialista d'Eivissa","url":"https:\/\/www.psib-psoe.org\/eivissa\/","logo":{"@type":"ImageObject","inLanguage":"ca","@id":"https:\/\/www.psib-psoe.org\/eivissa\/#\/schema\/logo\/image\/","url":"https:\/\/www.psib-psoe.org\/eivissa\/wp-content\/uploads\/LOGO-FSE-SOCIALISTA-DEIVISSA-HORI.png","contentUrl":"https:\/\/www.psib-psoe.org\/eivissa\/wp-content\/uploads\/LOGO-FSE-SOCIALISTA-DEIVISSA-HORI.png","width":6000,"height":3104,"caption":"Federaci\u00f3 Socialista d'Eivissa"},"image":{"@id":"https:\/\/www.psib-psoe.org\/eivissa\/#\/schema\/logo\/image\/"}},{"@type":"Person","@id":"https:\/\/www.psib-psoe.org\/eivissa\/#\/schema\/person\/7a9d2841fb36f32e34fc0e9b245e8117","name":"Josep Ripoll","sameAs":["http:\/\/www.psib-psoe.org\/eivissa\/wp-login.php"],"url":"https:\/\/www.psib-psoe.org\/eivissa\/author\/josep\/"}]}},"_links":{"self":[{"href":"https:\/\/www.psib-psoe.org\/eivissa\/wp-json\/wp\/v2\/posts\/39321","targetHints":{"allow":["GET"]}}],"collection":[{"href":"https:\/\/www.psib-psoe.org\/eivissa\/wp-json\/wp\/v2\/posts"}],"about":[{"href":"https:\/\/www.psib-psoe.org\/eivissa\/wp-json\/wp\/v2\/types\/post"}],"author":[{"embeddable":true,"href":"https:\/\/www.psib-psoe.org\/eivissa\/wp-json\/wp\/v2\/users\/7"}],"replies":[{"embeddable":true,"href":"https:\/\/www.psib-psoe.org\/eivissa\/wp-json\/wp\/v2\/comments?post=39321"}],"version-history":[{"count":4,"href":"https:\/\/www.psib-psoe.org\/eivissa\/wp-json\/wp\/v2\/posts\/39321\/revisions"}],"predecessor-version":[{"id":39326,"href":"https:\/\/www.psib-psoe.org\/eivissa\/wp-json\/wp\/v2\/posts\/39321\/revisions\/39326"}],"wp:featuredmedia":[{"embeddable":true,"href":"https:\/\/www.psib-psoe.org\/eivissa\/wp-json\/wp\/v2\/media\/39322"}],"wp:attachment":[{"href":"https:\/\/www.psib-psoe.org\/eivissa\/wp-json\/wp\/v2\/media?parent=39321"}],"wp:term":[{"taxonomy":"category","embeddable":true,"href":"https:\/\/www.psib-psoe.org\/eivissa\/wp-json\/wp\/v2\/categories?post=39321"},{"taxonomy":"post_tag","embeddable":true,"href":"https:\/\/www.psib-psoe.org\/eivissa\/wp-json\/wp\/v2\/tags?post=39321"}],"curies":[{"name":"wp","href":"https:\/\/api.w.org\/{rel}","templated":true}]}}