{"id":39409,"date":"2024-06-27T15:25:16","date_gmt":"2024-06-27T13:25:16","guid":{"rendered":"https:\/\/www.psib-psoe.org\/eivissa\/?p=39409"},"modified":"2024-06-27T15:25:54","modified_gmt":"2024-06-27T13:25:54","slug":"l-psoe-es-mostra-satisfet-per-laprovacio-del-plec-de-la-contracta-daigua-redactat-per-lequip-socialista-durant-lanterior-legislatura","status":"publish","type":"post","link":"https:\/\/www.psib-psoe.org\/eivissa\/l-psoe-es-mostra-satisfet-per-laprovacio-del-plec-de-la-contracta-daigua-redactat-per-lequip-socialista-durant-lanterior-legislatura\/","title":{"rendered":"El PSOE es mostra satisfet per l&#8217;aprovaci\u00f3 del plec de la contracta d&#8217;aigua, redactat per l&#8217;equip socialista durant l&#8217;anterior legislatura"},"content":{"rendered":"<p>El PSOE es mostra molt satisfet per l&#8217;aprovaci\u00f3 del plec de la contracta de l&#8217;aigua, la m\u00e9s elevada de la hist\u00f2ria de l&#8217;Ajuntament d&#8217;Eivissa i que preveu iniciar tot un seguit de millores a la xarxa d&#8217;aigua i a la ciutadania, donat que es tracta d&#8217;un treball executat pels socialistes i aquesta aprovaci\u00f3 demostra la bona feina feta durant l&#8217;anterior legislatura.<\/p>\n<p>Des del PSOE volem felicitar els serveis t\u00e8cnics de diversos departaments de l&#8217;Ajuntament, medi ambient, serveis jur\u00eddics i econ\u00f2mics, que han treballat per a tirar endavant aquest document cabdal per a la ciutat i per dur al ple els documents d&#8217;aprovaci\u00f3 definitiva del reglament del servei p\u00fablic de prove\u00efment d&#8217;aigua potable i clavegueram del municipi d&#8217;Eivissa.<br \/>\nD&#8217;altra banda, volem recordar que els plecs varen ser aprovats de manera inicial a finals de mar\u00e7 de l&#8217;any 2023 en ple i que l&#8217;aprovaci\u00f3 d&#8217;avui \u00e9s un tr\u00e0mit administratiu que s&#8217;havia de fer. &#8216;El reglament aprovat, s&#8217;ha modificat en 9 punts i, tal com diu el t\u00e8cnic de medi ambient en el seu informe, es consideren errors de redacci\u00f3, no hi ha canvis substancials, per tant, aix\u00f2 demostra la seva inefic\u00e0cia com a gestors pol\u00edtics donat que han tardat un any sencer en portar-lo a aprovaci\u00f3 definitiva&#8217;, ha afirmat el regidor socialista, Jordi Salewski.<\/p>\n<p>Pel que fa a l&#8217;avantprojecte d&#8217;obres del contracte de la concessi\u00f3 del servei p\u00fablic de prove\u00efment d&#8217;aigua potable, el PSOE s&#8217;ha abstingut donat el canvi realitzat pel PP amb relaci\u00f3 a excloure l&#8217;obra de millora de l&#8217;avinguda d&#8217;Espanya per unes altres al barri de la Marina, suposar\u00e0 un endarreriment de les obres tan necess\u00e0ries a aquesta avinguda.<\/p>\n<p>El PSOE qualifica de &#8216;fum&#8217; la presentaci\u00f3 del Pla d&#8217;Habitatge presentat pel PP fa unes setmanes.<\/p>\n<p>Des del grup municipal socialista, s&#8217;ha presentat una moci\u00f3 de control a la qual no s&#8217;ha respost per part de l&#8217;equip del PP a l&#8217;Ajuntament en relaci\u00f3 amb el Pla d&#8217;Habitatge que el PP ha presentat als mitjans de comunicaci\u00f3 fa unes setmanes.<br \/>\nL&#8217;equip de govern no ha sabut respondre a les preguntes realitzades pel PSOE i es demostra clarament que aquest pla inexistent \u00e9s una &#8216;venda de fum&#8217;.<\/p>\n<p>&#8216;En aquests moments, el pla \u00e9s una foto m\u00e9s del servei de propaganda d&#8217;aquest ajuntament, no saben quan comen\u00e7aran a construir les HPO promeses, no saben quan podran lliurar claus, no saben on reubicaran les infraestructures educatives i sanit\u00e0ries donat que per fer HPO volen utilitzar els solars que estan previstos per aquests serveis. El que si sabem \u00e9s que volen regalar terreny p\u00fablic a empreses privades per a la construcci\u00f3 d&#8217;HPO, una pol\u00edtica en la qual nosaltres no hi estem d&#8217;acord i estarem molt vigilants&#8217;, ha dit el portaveu del grup municipal, Rafa Ruiz.<\/p>\n<p>El PP vota en contra de la petici\u00f3 de subvencions als comer\u00e7os del carrer de Pere Franc\u00e8s.<\/p>\n<p>D&#8217;altra banda, el Partit Socialista ha presentat una moci\u00f3 amb proposta d&#8217;acord per a posar en marxa una l\u00ednia de subvencions als comer\u00e7os del carrer de Pere Franc\u00e8s i el partit Popular ha votat en contra.<\/p>\n<p>Des del PSOE ens sorpr\u00e8n aquest vot en contra donat que, precisament per un canvi de l&#8217;equip de govern del PP en la planificaci\u00f3 de les obres, aquestes s&#8217;estan perllongant m\u00e9s del que estava previst i votar en contra d&#8217;aquesta moci\u00f3 significa donar l&#8217;esquena a la ciutadania i al sector comercial. Des del partit Socialista continuarem demanant la correcta atenci\u00f3 al sector comercial d&#8217;aquest i d&#8217;altres barris donada la poca sensibilitat amb la qual est\u00e0 treballant l&#8217;equip de govern del PP a l&#8217;Ajuntament d&#8217;Eivissa en l&#8217;atenci\u00f3 dels comerciants, especialment els del barri des Pratet.<\/p>\n<p>El PSOE demana la inclusi\u00f3 de cl\u00e0usules amb perspectiva de g\u00e8nere a les subvencions p\u00fabliques<\/p>\n<p>Pel que fa a la moci\u00f3 presentadaper a la inclusi\u00f3 de cl\u00e0usules amb perspectiva de g\u00e8nere a les subvencions p\u00fabliques, el PSOE ha sol\u00b7licitat a l&#8217;Ajuntament d&#8217;Eivissa que modifiqui, de cara als seg\u00fcents pressupostos, el Pla estrat\u00e8gic de subvencions per tal que es garanteixi el compliment de la perspectiva de g\u00e8nere i la igualtat real entre dones i homes i que l&#8217;Ajuntament d&#8217;Eivissa garanteixi l&#8217;elaboraci\u00f3 de les bases de les subvencions, sempre que en el compliment l&#8217;objectiu d&#8217;aquestes sigui possible, inclogui la perspectiva de g\u00e8nere.<br \/>\nAquesta proposta socialista ha estat rebutjada amb els vots en contra del PP i Vox i els vots a favor de Podem.<\/p>\n<p>La regidora Clara Rossell\u00f3, ha destacat que &#8216;\u00e9s imprescindible, doncs, assegurar que les subvencions atorgades per aquest ajuntament cerquin una igualtat real i incloguin cl\u00e0usules amb perspectiva de g\u00e8nere per tal de garantir-la. No podem obviar, per molt que hi hagi qui ho negui, que la nostra societat no \u00e9s realment igualit\u00e0ria. Les dones continuem havent de portar les c\u00e0rregues familiars, renunciant moltes vegades a una vida laboral plena que no ens permet promocionar malgrat els m\u00e8rits i la dedicaci\u00f3, al m\u00f3n de l&#8217;esport, continuem sense ser equiparades als hom\u00f2legs masculins i, per tant, rebem menor quantia econ\u00f2mica, tant pel que fa a les n\u00f2mines com als premis a campionats. I aix\u00ed amb una llista infinita d&#8217;obstacles a lluitar dia a dia&#8217;.<\/p>\n<p>En relaci\u00f3 amb la moci\u00f3 d&#8217;urg\u00e8ncia presentada pel PSOE pels greus esdeveniments que van passar al Parlament de les Illes Balears en dates passades, quan el president d&#8217;aquesta instituci\u00f3, la segona autoritat a la nostra comunitat aut\u00f2noma, en una clara i violenta sortida de to va arrancar i esgarrar una fotografia aferrada a l&#8217;ordinador de la diputada i vicepresidenta segona de la cambra, Mercedes Garrido, en la que figurava la sindicalista Aurora Picornell, assassinada pel franquisme junt amb les conegudes com a Roges del Molinar.<\/p>\n<p>El regidor socialista, Pep Tur, ha defensat la urg\u00e8ncia de la moci\u00f3 que venia motivada perqu\u00e8 el senyor Gabriel Le Senne, president del Parlament de les Illes Balears, no pot seguir ni un minut m\u00e9s en el seu c\u00e0rrec. Per aquest motiu, el partit socialista ha posat els seus vots a disposici\u00f3 del PP sense cap contrapartida per poder substituir-lo com m\u00e9s aviat millor per un president del Partit Popular.<br \/>\nLa urg\u00e8ncia de la moci\u00f3 ha estat votada en contra per part de l&#8217;equip de govern i de VOX, per tant, no ha pogut ser debatuda al ple de l&#8217;Ajuntament d&#8217;Eivissa.<br \/>\nEn la defensa de la urg\u00e8ncia, el regidor, Pep Tur, ha dit que &#8216;des del Partit Socialista entenem que actituds com la mostrada pel senyor Le Senne han de ser completament erradicades de les institucions p\u00fabliques i m\u00e9s si es tracta d&#8217;una posici\u00f3 institucional com la que ocupa aquest ultradret\u00e0. Som plenament conscients que no \u00e9s tasca d&#8217;aquest ajuntament la de retirar la presid\u00e8ncia del Parlament, per\u00f2 si pensem que tenim una enorme responsabilitat p\u00fablica com a instituci\u00f3 per fer arribar al Govern la necessitat que aquesta persona no continu\u00ef posant en evid\u00e8ncia a la nostra comunitat aut\u00f2noma, com hem pogut comprovar en tots els mitjans de comunicaci\u00f3 del pa\u00eds&#8217;. <\/p>\n","protected":false},"excerpt":{"rendered":"<p>El PSOE es mostra molt satisfet per l&#8217;aprovaci\u00f3 del plec de la contracta de l&#8217;aigua, la m\u00e9s elevada de la hist\u00f2ria de l&#8217;Ajuntament d&#8217;Eivissa i que preveu iniciar tot un seguit de millores a la xarxa d&#8217;aigua i a la ciutadania, donat que es tracta d&#8217;un treball executat pels socialistes i aquesta aprovaci\u00f3 demostra la&hellip;<\/p>\n","protected":false},"author":15,"featured_media":39410,"comment_status":"closed","ping_status":"closed","sticky":false,"template":"","format":"standard","meta":{"footnotes":""},"categories":[183,1,234],"tags":[],"class_list":["post-39409","post","type-post","status-publish","format-standard","has-post-thumbnail","hentry","category-ciutat-deivissa","category-federacio-de-eivissa-portada","category-municipis"],"yoast_head":"<!-- This site is optimized with the Yoast SEO plugin v26.9 - https:\/\/yoast.com\/product\/yoast-seo-wordpress\/ -->\n<title>El PSOE es mostra satisfet per l&#039;aprovaci\u00f3 del plec de la contracta d&#039;aigua, redactat per l&#039;equip socialista durant l&#039;anterior legislatura - Federaci\u00f3 Socialista d&#039;Eivissa<\/title>\n<meta name=\"robots\" content=\"index, follow, max-snippet:-1, max-image-preview:large, max-video-preview:-1\" \/>\n<link rel=\"canonical\" href=\"https:\/\/www.psib-psoe.org\/eivissa\/l-psoe-es-mostra-satisfet-per-laprovacio-del-plec-de-la-contracta-daigua-redactat-per-lequip-socialista-durant-lanterior-legislatura\/\" \/>\n<meta property=\"og:locale\" content=\"ca_ES\" \/>\n<meta property=\"og:type\" content=\"article\" \/>\n<meta property=\"og:title\" content=\"El PSOE es mostra satisfet per l&#039;aprovaci\u00f3 del plec de la contracta d&#039;aigua, redactat per l&#039;equip socialista durant l&#039;anterior legislatura - Federaci\u00f3 Socialista d&#039;Eivissa\" \/>\n<meta property=\"og:description\" content=\"El PSOE es mostra molt satisfet per l&#8217;aprovaci\u00f3 del plec de la contracta de l&#8217;aigua, la m\u00e9s elevada de la hist\u00f2ria de l&#8217;Ajuntament d&#8217;Eivissa i que preveu iniciar tot un seguit de millores a la xarxa d&#8217;aigua i a la ciutadania, donat que es tracta d&#8217;un treball executat pels socialistes i aquesta aprovaci\u00f3 demostra la&hellip;\" \/>\n<meta property=\"og:url\" content=\"https:\/\/www.psib-psoe.org\/eivissa\/l-psoe-es-mostra-satisfet-per-laprovacio-del-plec-de-la-contracta-daigua-redactat-per-lequip-socialista-durant-lanterior-legislatura\/\" \/>\n<meta property=\"og:site_name\" content=\"Federaci\u00f3 Socialista d&#039;Eivissa\" \/>\n<meta property=\"article:published_time\" content=\"2024-06-27T13:25:16+00:00\" \/>\n<meta property=\"article:modified_time\" content=\"2024-06-27T13:25:54+00:00\" \/>\n<meta property=\"og:image\" content=\"https:\/\/www.psib-psoe.org\/eivissa\/wp-content\/uploads\/IMG_2143-scaled.jpg\" \/>\n\t<meta property=\"og:image:width\" content=\"2560\" \/>\n\t<meta property=\"og:image:height\" content=\"1920\" \/>\n\t<meta property=\"og:image:type\" content=\"image\/jpeg\" \/>\n<meta name=\"author\" content=\"Tita Tur\" \/>\n<meta name=\"twitter:card\" content=\"summary_large_image\" \/>\n<meta name=\"twitter:label1\" content=\"Escrit per\" \/>\n\t<meta name=\"twitter:data1\" content=\"Tita Tur\" \/>\n\t<meta name=\"twitter:label2\" content=\"Temps estimat de lectura\" \/>\n\t<meta name=\"twitter:data2\" content=\"6 minuts\" \/>\n<script type=\"application\/ld+json\" class=\"yoast-schema-graph\">{\"@context\":\"https:\/\/schema.org\",\"@graph\":[{\"@type\":[\"Article\",\"BlogPosting\"],\"@id\":\"https:\/\/www.psib-psoe.org\/eivissa\/l-psoe-es-mostra-satisfet-per-laprovacio-del-plec-de-la-contracta-daigua-redactat-per-lequip-socialista-durant-lanterior-legislatura\/#article\",\"isPartOf\":{\"@id\":\"https:\/\/www.psib-psoe.org\/eivissa\/l-psoe-es-mostra-satisfet-per-laprovacio-del-plec-de-la-contracta-daigua-redactat-per-lequip-socialista-durant-lanterior-legislatura\/\"},\"author\":{\"name\":\"Tita Tur\",\"@id\":\"https:\/\/www.psib-psoe.org\/eivissa\/#\/schema\/person\/706742f1e7e07ce08bd017f09ea62ace\"},\"headline\":\"El PSOE es mostra satisfet per l&#8217;aprovaci\u00f3 del plec de la contracta d&#8217;aigua, redactat per l&#8217;equip socialista durant l&#8217;anterior legislatura\",\"datePublished\":\"2024-06-27T13:25:16+00:00\",\"dateModified\":\"2024-06-27T13:25:54+00:00\",\"mainEntityOfPage\":{\"@id\":\"https:\/\/www.psib-psoe.org\/eivissa\/l-psoe-es-mostra-satisfet-per-laprovacio-del-plec-de-la-contracta-daigua-redactat-per-lequip-socialista-durant-lanterior-legislatura\/\"},\"wordCount\":1216,\"publisher\":{\"@id\":\"https:\/\/www.psib-psoe.org\/eivissa\/#organization\"},\"image\":{\"@id\":\"https:\/\/www.psib-psoe.org\/eivissa\/l-psoe-es-mostra-satisfet-per-laprovacio-del-plec-de-la-contracta-daigua-redactat-per-lequip-socialista-durant-lanterior-legislatura\/#primaryimage\"},\"thumbnailUrl\":\"https:\/\/www.psib-psoe.org\/eivissa\/wp-content\/uploads\/IMG_2143-scaled.jpg\",\"articleSection\":[\"Ciutat d'Eivissa\",\"Federaci\u00f3 d'Eivissa - Portada\",\"Municipis\"],\"inLanguage\":\"ca\"},{\"@type\":\"WebPage\",\"@id\":\"https:\/\/www.psib-psoe.org\/eivissa\/l-psoe-es-mostra-satisfet-per-laprovacio-del-plec-de-la-contracta-daigua-redactat-per-lequip-socialista-durant-lanterior-legislatura\/\",\"url\":\"https:\/\/www.psib-psoe.org\/eivissa\/l-psoe-es-mostra-satisfet-per-laprovacio-del-plec-de-la-contracta-daigua-redactat-per-lequip-socialista-durant-lanterior-legislatura\/\",\"name\":\"El PSOE es mostra satisfet per l'aprovaci\u00f3 del plec de la contracta d'aigua, redactat per l'equip socialista durant l'anterior legislatura - Federaci\u00f3 Socialista d&#039;Eivissa\",\"isPartOf\":{\"@id\":\"https:\/\/www.psib-psoe.org\/eivissa\/#website\"},\"primaryImageOfPage\":{\"@id\":\"https:\/\/www.psib-psoe.org\/eivissa\/l-psoe-es-mostra-satisfet-per-laprovacio-del-plec-de-la-contracta-daigua-redactat-per-lequip-socialista-durant-lanterior-legislatura\/#primaryimage\"},\"image\":{\"@id\":\"https:\/\/www.psib-psoe.org\/eivissa\/l-psoe-es-mostra-satisfet-per-laprovacio-del-plec-de-la-contracta-daigua-redactat-per-lequip-socialista-durant-lanterior-legislatura\/#primaryimage\"},\"thumbnailUrl\":\"https:\/\/www.psib-psoe.org\/eivissa\/wp-content\/uploads\/IMG_2143-scaled.jpg\",\"datePublished\":\"2024-06-27T13:25:16+00:00\",\"dateModified\":\"2024-06-27T13:25:54+00:00\",\"breadcrumb\":{\"@id\":\"https:\/\/www.psib-psoe.org\/eivissa\/l-psoe-es-mostra-satisfet-per-laprovacio-del-plec-de-la-contracta-daigua-redactat-per-lequip-socialista-durant-lanterior-legislatura\/#breadcrumb\"},\"inLanguage\":\"ca\",\"potentialAction\":[{\"@type\":\"ReadAction\",\"target\":[\"https:\/\/www.psib-psoe.org\/eivissa\/l-psoe-es-mostra-satisfet-per-laprovacio-del-plec-de-la-contracta-daigua-redactat-per-lequip-socialista-durant-lanterior-legislatura\/\"]}]},{\"@type\":\"ImageObject\",\"inLanguage\":\"ca\",\"@id\":\"https:\/\/www.psib-psoe.org\/eivissa\/l-psoe-es-mostra-satisfet-per-laprovacio-del-plec-de-la-contracta-daigua-redactat-per-lequip-socialista-durant-lanterior-legislatura\/#primaryimage\",\"url\":\"https:\/\/www.psib-psoe.org\/eivissa\/wp-content\/uploads\/IMG_2143-scaled.jpg\",\"contentUrl\":\"https:\/\/www.psib-psoe.org\/eivissa\/wp-content\/uploads\/IMG_2143-scaled.jpg\",\"width\":2560,\"height\":1920},{\"@type\":\"BreadcrumbList\",\"@id\":\"https:\/\/www.psib-psoe.org\/eivissa\/l-psoe-es-mostra-satisfet-per-laprovacio-del-plec-de-la-contracta-daigua-redactat-per-lequip-socialista-durant-lanterior-legislatura\/#breadcrumb\",\"itemListElement\":[{\"@type\":\"ListItem\",\"position\":1,\"name\":\"Inici\",\"item\":\"https:\/\/www.psib-psoe.org\/eivissa\/\"},{\"@type\":\"ListItem\",\"position\":2,\"name\":\"El PSOE es mostra satisfet per l&#8217;aprovaci\u00f3 del plec de la contracta d&#8217;aigua, redactat per l&#8217;equip socialista durant l&#8217;anterior legislatura\"}]},{\"@type\":\"WebSite\",\"@id\":\"https:\/\/www.psib-psoe.org\/eivissa\/#website\",\"url\":\"https:\/\/www.psib-psoe.org\/eivissa\/\",\"name\":\"Federaci\u00f3 Socialista d'Eivissa\",\"description\":\"Socialistes d&#039;Eivissa\",\"publisher\":{\"@id\":\"https:\/\/www.psib-psoe.org\/eivissa\/#organization\"},\"potentialAction\":[{\"@type\":\"SearchAction\",\"target\":{\"@type\":\"EntryPoint\",\"urlTemplate\":\"https:\/\/www.psib-psoe.org\/eivissa\/?s={search_term_string}\"},\"query-input\":{\"@type\":\"PropertyValueSpecification\",\"valueRequired\":true,\"valueName\":\"search_term_string\"}}],\"inLanguage\":\"ca\"},{\"@type\":\"Organization\",\"@id\":\"https:\/\/www.psib-psoe.org\/eivissa\/#organization\",\"name\":\"Federaci\u00f3 Socialista d'Eivissa\",\"url\":\"https:\/\/www.psib-psoe.org\/eivissa\/\",\"logo\":{\"@type\":\"ImageObject\",\"inLanguage\":\"ca\",\"@id\":\"https:\/\/www.psib-psoe.org\/eivissa\/#\/schema\/logo\/image\/\",\"url\":\"https:\/\/www.psib-psoe.org\/eivissa\/wp-content\/uploads\/LOGO-FSE-SOCIALISTA-DEIVISSA-HORI.png\",\"contentUrl\":\"https:\/\/www.psib-psoe.org\/eivissa\/wp-content\/uploads\/LOGO-FSE-SOCIALISTA-DEIVISSA-HORI.png\",\"width\":6000,\"height\":3104,\"caption\":\"Federaci\u00f3 Socialista d'Eivissa\"},\"image\":{\"@id\":\"https:\/\/www.psib-psoe.org\/eivissa\/#\/schema\/logo\/image\/\"}},{\"@type\":\"Person\",\"@id\":\"https:\/\/www.psib-psoe.org\/eivissa\/#\/schema\/person\/706742f1e7e07ce08bd017f09ea62ace\",\"name\":\"Tita Tur\",\"url\":\"https:\/\/www.psib-psoe.org\/eivissa\/author\/tita\/\"}]}<\/script>\n<!-- \/ Yoast SEO plugin. -->","yoast_head_json":{"title":"El PSOE es mostra satisfet per l'aprovaci\u00f3 del plec de la contracta d'aigua, redactat per l'equip socialista durant l'anterior legislatura - Federaci\u00f3 Socialista d&#039;Eivissa","robots":{"index":"index","follow":"follow","max-snippet":"max-snippet:-1","max-image-preview":"max-image-preview:large","max-video-preview":"max-video-preview:-1"},"canonical":"https:\/\/www.psib-psoe.org\/eivissa\/l-psoe-es-mostra-satisfet-per-laprovacio-del-plec-de-la-contracta-daigua-redactat-per-lequip-socialista-durant-lanterior-legislatura\/","og_locale":"ca_ES","og_type":"article","og_title":"El PSOE es mostra satisfet per l'aprovaci\u00f3 del plec de la contracta d'aigua, redactat per l'equip socialista durant l'anterior legislatura - Federaci\u00f3 Socialista d&#039;Eivissa","og_description":"El PSOE es mostra molt satisfet per l&#8217;aprovaci\u00f3 del plec de la contracta de l&#8217;aigua, la m\u00e9s elevada de la hist\u00f2ria de l&#8217;Ajuntament d&#8217;Eivissa i que preveu iniciar tot un seguit de millores a la xarxa d&#8217;aigua i a la ciutadania, donat que es tracta d&#8217;un treball executat pels socialistes i aquesta aprovaci\u00f3 demostra la&hellip;","og_url":"https:\/\/www.psib-psoe.org\/eivissa\/l-psoe-es-mostra-satisfet-per-laprovacio-del-plec-de-la-contracta-daigua-redactat-per-lequip-socialista-durant-lanterior-legislatura\/","og_site_name":"Federaci\u00f3 Socialista d&#039;Eivissa","article_published_time":"2024-06-27T13:25:16+00:00","article_modified_time":"2024-06-27T13:25:54+00:00","og_image":[{"width":2560,"height":1920,"url":"https:\/\/www.psib-psoe.org\/eivissa\/wp-content\/uploads\/IMG_2143-scaled.jpg","type":"image\/jpeg"}],"author":"Tita Tur","twitter_card":"summary_large_image","twitter_misc":{"Escrit per":"Tita Tur","Temps estimat de lectura":"6 minuts"},"schema":{"@context":"https:\/\/schema.org","@graph":[{"@type":["Article","BlogPosting"],"@id":"https:\/\/www.psib-psoe.org\/eivissa\/l-psoe-es-mostra-satisfet-per-laprovacio-del-plec-de-la-contracta-daigua-redactat-per-lequip-socialista-durant-lanterior-legislatura\/#article","isPartOf":{"@id":"https:\/\/www.psib-psoe.org\/eivissa\/l-psoe-es-mostra-satisfet-per-laprovacio-del-plec-de-la-contracta-daigua-redactat-per-lequip-socialista-durant-lanterior-legislatura\/"},"author":{"name":"Tita Tur","@id":"https:\/\/www.psib-psoe.org\/eivissa\/#\/schema\/person\/706742f1e7e07ce08bd017f09ea62ace"},"headline":"El PSOE es mostra satisfet per l&#8217;aprovaci\u00f3 del plec de la contracta d&#8217;aigua, redactat per l&#8217;equip socialista durant l&#8217;anterior legislatura","datePublished":"2024-06-27T13:25:16+00:00","dateModified":"2024-06-27T13:25:54+00:00","mainEntityOfPage":{"@id":"https:\/\/www.psib-psoe.org\/eivissa\/l-psoe-es-mostra-satisfet-per-laprovacio-del-plec-de-la-contracta-daigua-redactat-per-lequip-socialista-durant-lanterior-legislatura\/"},"wordCount":1216,"publisher":{"@id":"https:\/\/www.psib-psoe.org\/eivissa\/#organization"},"image":{"@id":"https:\/\/www.psib-psoe.org\/eivissa\/l-psoe-es-mostra-satisfet-per-laprovacio-del-plec-de-la-contracta-daigua-redactat-per-lequip-socialista-durant-lanterior-legislatura\/#primaryimage"},"thumbnailUrl":"https:\/\/www.psib-psoe.org\/eivissa\/wp-content\/uploads\/IMG_2143-scaled.jpg","articleSection":["Ciutat d'Eivissa","Federaci\u00f3 d'Eivissa - Portada","Municipis"],"inLanguage":"ca"},{"@type":"WebPage","@id":"https:\/\/www.psib-psoe.org\/eivissa\/l-psoe-es-mostra-satisfet-per-laprovacio-del-plec-de-la-contracta-daigua-redactat-per-lequip-socialista-durant-lanterior-legislatura\/","url":"https:\/\/www.psib-psoe.org\/eivissa\/l-psoe-es-mostra-satisfet-per-laprovacio-del-plec-de-la-contracta-daigua-redactat-per-lequip-socialista-durant-lanterior-legislatura\/","name":"El PSOE es mostra satisfet per l'aprovaci\u00f3 del plec de la contracta d'aigua, redactat per l'equip socialista durant l'anterior legislatura - Federaci\u00f3 Socialista d&#039;Eivissa","isPartOf":{"@id":"https:\/\/www.psib-psoe.org\/eivissa\/#website"},"primaryImageOfPage":{"@id":"https:\/\/www.psib-psoe.org\/eivissa\/l-psoe-es-mostra-satisfet-per-laprovacio-del-plec-de-la-contracta-daigua-redactat-per-lequip-socialista-durant-lanterior-legislatura\/#primaryimage"},"image":{"@id":"https:\/\/www.psib-psoe.org\/eivissa\/l-psoe-es-mostra-satisfet-per-laprovacio-del-plec-de-la-contracta-daigua-redactat-per-lequip-socialista-durant-lanterior-legislatura\/#primaryimage"},"thumbnailUrl":"https:\/\/www.psib-psoe.org\/eivissa\/wp-content\/uploads\/IMG_2143-scaled.jpg","datePublished":"2024-06-27T13:25:16+00:00","dateModified":"2024-06-27T13:25:54+00:00","breadcrumb":{"@id":"https:\/\/www.psib-psoe.org\/eivissa\/l-psoe-es-mostra-satisfet-per-laprovacio-del-plec-de-la-contracta-daigua-redactat-per-lequip-socialista-durant-lanterior-legislatura\/#breadcrumb"},"inLanguage":"ca","potentialAction":[{"@type":"ReadAction","target":["https:\/\/www.psib-psoe.org\/eivissa\/l-psoe-es-mostra-satisfet-per-laprovacio-del-plec-de-la-contracta-daigua-redactat-per-lequip-socialista-durant-lanterior-legislatura\/"]}]},{"@type":"ImageObject","inLanguage":"ca","@id":"https:\/\/www.psib-psoe.org\/eivissa\/l-psoe-es-mostra-satisfet-per-laprovacio-del-plec-de-la-contracta-daigua-redactat-per-lequip-socialista-durant-lanterior-legislatura\/#primaryimage","url":"https:\/\/www.psib-psoe.org\/eivissa\/wp-content\/uploads\/IMG_2143-scaled.jpg","contentUrl":"https:\/\/www.psib-psoe.org\/eivissa\/wp-content\/uploads\/IMG_2143-scaled.jpg","width":2560,"height":1920},{"@type":"BreadcrumbList","@id":"https:\/\/www.psib-psoe.org\/eivissa\/l-psoe-es-mostra-satisfet-per-laprovacio-del-plec-de-la-contracta-daigua-redactat-per-lequip-socialista-durant-lanterior-legislatura\/#breadcrumb","itemListElement":[{"@type":"ListItem","position":1,"name":"Inici","item":"https:\/\/www.psib-psoe.org\/eivissa\/"},{"@type":"ListItem","position":2,"name":"El PSOE es mostra satisfet per l&#8217;aprovaci\u00f3 del plec de la contracta d&#8217;aigua, redactat per l&#8217;equip socialista durant l&#8217;anterior legislatura"}]},{"@type":"WebSite","@id":"https:\/\/www.psib-psoe.org\/eivissa\/#website","url":"https:\/\/www.psib-psoe.org\/eivissa\/","name":"Federaci\u00f3 Socialista d'Eivissa","description":"Socialistes d&#039;Eivissa","publisher":{"@id":"https:\/\/www.psib-psoe.org\/eivissa\/#organization"},"potentialAction":[{"@type":"SearchAction","target":{"@type":"EntryPoint","urlTemplate":"https:\/\/www.psib-psoe.org\/eivissa\/?s={search_term_string}"},"query-input":{"@type":"PropertyValueSpecification","valueRequired":true,"valueName":"search_term_string"}}],"inLanguage":"ca"},{"@type":"Organization","@id":"https:\/\/www.psib-psoe.org\/eivissa\/#organization","name":"Federaci\u00f3 Socialista d'Eivissa","url":"https:\/\/www.psib-psoe.org\/eivissa\/","logo":{"@type":"ImageObject","inLanguage":"ca","@id":"https:\/\/www.psib-psoe.org\/eivissa\/#\/schema\/logo\/image\/","url":"https:\/\/www.psib-psoe.org\/eivissa\/wp-content\/uploads\/LOGO-FSE-SOCIALISTA-DEIVISSA-HORI.png","contentUrl":"https:\/\/www.psib-psoe.org\/eivissa\/wp-content\/uploads\/LOGO-FSE-SOCIALISTA-DEIVISSA-HORI.png","width":6000,"height":3104,"caption":"Federaci\u00f3 Socialista d'Eivissa"},"image":{"@id":"https:\/\/www.psib-psoe.org\/eivissa\/#\/schema\/logo\/image\/"}},{"@type":"Person","@id":"https:\/\/www.psib-psoe.org\/eivissa\/#\/schema\/person\/706742f1e7e07ce08bd017f09ea62ace","name":"Tita Tur","url":"https:\/\/www.psib-psoe.org\/eivissa\/author\/tita\/"}]}},"_links":{"self":[{"href":"https:\/\/www.psib-psoe.org\/eivissa\/wp-json\/wp\/v2\/posts\/39409","targetHints":{"allow":["GET"]}}],"collection":[{"href":"https:\/\/www.psib-psoe.org\/eivissa\/wp-json\/wp\/v2\/posts"}],"about":[{"href":"https:\/\/www.psib-psoe.org\/eivissa\/wp-json\/wp\/v2\/types\/post"}],"author":[{"embeddable":true,"href":"https:\/\/www.psib-psoe.org\/eivissa\/wp-json\/wp\/v2\/users\/15"}],"replies":[{"embeddable":true,"href":"https:\/\/www.psib-psoe.org\/eivissa\/wp-json\/wp\/v2\/comments?post=39409"}],"version-history":[{"count":2,"href":"https:\/\/www.psib-psoe.org\/eivissa\/wp-json\/wp\/v2\/posts\/39409\/revisions"}],"predecessor-version":[{"id":39412,"href":"https:\/\/www.psib-psoe.org\/eivissa\/wp-json\/wp\/v2\/posts\/39409\/revisions\/39412"}],"wp:featuredmedia":[{"embeddable":true,"href":"https:\/\/www.psib-psoe.org\/eivissa\/wp-json\/wp\/v2\/media\/39410"}],"wp:attachment":[{"href":"https:\/\/www.psib-psoe.org\/eivissa\/wp-json\/wp\/v2\/media?parent=39409"}],"wp:term":[{"taxonomy":"category","embeddable":true,"href":"https:\/\/www.psib-psoe.org\/eivissa\/wp-json\/wp\/v2\/categories?post=39409"},{"taxonomy":"post_tag","embeddable":true,"href":"https:\/\/www.psib-psoe.org\/eivissa\/wp-json\/wp\/v2\/tags?post=39409"}],"curies":[{"name":"wp","href":"https:\/\/api.w.org\/{rel}","templated":true}]}}