{"id":39618,"date":"2024-08-08T16:39:45","date_gmt":"2024-08-08T14:39:45","guid":{"rendered":"https:\/\/www.psib-psoe.org\/eivissa\/?p=39618"},"modified":"2024-08-08T16:39:46","modified_gmt":"2024-08-08T14:39:46","slug":"8-dagost-vicent-rosello-manifesta-la-seua-decepcio-pel-discurs-de-vicent-mari-i-li-recorda-que-fa-mes-de-cinc-anys-que-presideix-el-consell-insular","status":"publish","type":"post","link":"https:\/\/www.psib-psoe.org\/eivissa\/8-dagost-vicent-rosello-manifesta-la-seua-decepcio-pel-discurs-de-vicent-mari-i-li-recorda-que-fa-mes-de-cinc-anys-que-presideix-el-consell-insular\/","title":{"rendered":"8 d\u2019Agost: Vicent Rosell\u00f3 manifesta la seua \u201cdecepci\u00f3\u201d pel discurs de Vicent Mar\u00ed i li recorda que \u201cfa m\u00e9s de cinc anys que presideix el Consell Insular\u201d"},"content":{"rendered":"\n<p>El secretari general de la Federaci\u00f3 Socialista d\u2019Eivissa (FSE-PSOE), Vicent Rosell\u00f3, ha manifestat la seua \u201cdecepci\u00f3\u201d pel discurs institucional de Vicent Mar\u00ed en l\u2019acte del 8 d\u2019Agost. Rosell\u00f3 ha recordat que Vicent Mar\u00ed \u201cfa m\u00e9s de cinc anys que presideix el Consell Insular sense actuar per resoldre els problemes que planteja\u201d. \u201cContinua parlant de grans pactes i de reunions on no es posa absolutament cap mesura ferma damunt la taula, i aquelles que es podrien prendre, es deixen de costat, com el fet de poder declarar a Eivissa com una illa tensada i poder regular el preu de l\u2019habitatge\u201d.<\/p>\n\n\n\n<p>Per contra, el secretari general del PSOE ha lamentat que el PP&nbsp; \u201ccontinua fent normes, com aquest decret \u00f2mnibus que permet continuar urbanitzant el s\u00f2l r\u00fastic i continuant fent m\u00e9s habitatge amb l&#8217;objectiu de poder llogar-lo a turistes, m\u00e9s turisme i d&#8217;una forma m\u00e9s desordenada i sense cap tipus de control\u201d.<\/p>\n\n\n\n<p>Vicent Rosell\u00f3 tamb\u00e9 ha lamentat que Vicent Mar\u00ed no hagi fet cap tipus de proposta amb relaci\u00f3 amb els afectats pel campament de Can Rova \u201cdespr\u00e9s de m\u00e9s d\u2019una setmana d\u2019absolut silenci i sense donar la cara\u201d. \u201cNo se&#8217;ls ha donat cap tipus de soluci\u00f3 i eludeix qualsevol de responsabilitat en relaci\u00f3 amb aquesta q\u00fcesti\u00f3\u201d.<\/p>\n\n\n\n<p>\u201cVicent Mar\u00ed va ser alcalde durant tres mandats de l&#8217;Ajuntament de Santa Eul\u00e0ria i porta un mandat i un any al capdavant del Consell Insular d&#8217;Eivissa i no s&#8217;ha fet absolutament res per intentar, primer de tot, evitar aquesta situaci\u00f3, i llav\u00f2 intentar que es vagi reduint. Al contrari, el que hem vist \u00e9s que aquest campament ha anat augmentant al llarg dels anys\u201d.<\/p>\n\n\n\n<p>Vicent Rosell\u00f3 ha rebutjat la \u201chipocresia\u201d de Vicent Mar\u00ed, reclamant \u201cajuda\u201d al Govern d\u2019Espanya en l\u2019atenci\u00f3 als immigrants que arriben en pastera, quan justament \u00e9s l\u2019Estat qui assumeix aquesta responsabilitat, mentre que la que correspon al Consell Insular, l\u2019acollida de menors d\u2019edat, compet\u00e8ncia de Vicent Mar\u00ed, \u201cen m\u00e9s de cinc anys no hi ha destinat els recursos que pertoca, ni en equipaments ni en personal&#8221;.&nbsp; A m\u00e9s a m\u00e9s, Rosell\u00f3 recorda que &#8220;el PP ha votat en contra de la Llei d&#8217;estrangeria, que garantia una distribuci\u00f3 vinculant dels menors&#8221;.<\/p>\n\n\n\n<p>En definitiva, Vicent Rosell\u00f3 lamenta que Mar\u00ed hagi demanat \u201cm\u00e9s autogovern\u201d, quan \u201cno sap gestionar les compet\u00e8ncies que ja t\u00e9, com Menors o com la lluita contra l\u2019intrusisme el lloguer il\u00b7legal\u201d.<\/p>\n\n\n\n<p>En ordenaci\u00f3 tur\u00edstica, el secretari general socialista ha recordat que \u201cjustament va ser el Partit Popular qui va esmenar la Directiva europea sobre les plataformes de lloguer tur\u00edstic per no obligar-les a requerir llic\u00e8ncia tur\u00edstica als pisos i cases que s\u2019hi comercialitzen\u201d.<\/p>\n\n\n\n<p>Vicent Rosell\u00f3 ha reclamat a Mar\u00ed que \u201cen comptes de discursos, prengui mesures reals per la ciutadania, per la gent d&#8217;Eivissa, per la gent que ens ve a visitar i per la gent que ve a treballar i a donar la seua m\u00e0 d&#8217;obra a una ind\u00fastria com \u00e9s el turisme a l\u2019illa d&#8217;Eivissa\u201d.<\/p>\n","protected":false},"excerpt":{"rendered":"<p>El secretari general de la Federaci\u00f3 Socialista d\u2019Eivissa (FSE-PSOE), Vicent Rosell\u00f3, ha manifestat la seua \u201cdecepci\u00f3\u201d pel discurs institucional de Vicent Mar\u00ed en l\u2019acte del 8 d\u2019Agost. Rosell\u00f3 ha recordat que Vicent Mar\u00ed \u201cfa m\u00e9s de cinc anys que presideix el Consell Insular sense actuar per resoldre els problemes que planteja\u201d. \u201cContinua parlant de grans&hellip;<\/p>\n","protected":false},"author":7,"featured_media":39617,"comment_status":"closed","ping_status":"closed","sticky":false,"template":"","format":"standard","meta":{"footnotes":""},"categories":[192,1,212],"tags":[],"class_list":["post-39618","post","type-post","status-publish","format-standard","has-post-thumbnail","hentry","category-consell-deivissa","category-federacio-de-eivissa-portada","category-fse-psoe"],"yoast_head":"<!-- This site is optimized with the Yoast SEO plugin v26.9 - https:\/\/yoast.com\/product\/yoast-seo-wordpress\/ -->\n<title>8 d\u2019Agost: Vicent Rosell\u00f3 manifesta la seua \u201cdecepci\u00f3\u201d pel discurs de Vicent Mar\u00ed i li recorda que \u201cfa m\u00e9s de cinc anys que presideix el Consell Insular\u201d - Federaci\u00f3 Socialista d&#039;Eivissa<\/title>\n<meta name=\"robots\" content=\"index, follow, max-snippet:-1, max-image-preview:large, max-video-preview:-1\" \/>\n<link rel=\"canonical\" href=\"https:\/\/www.psib-psoe.org\/eivissa\/8-dagost-vicent-rosello-manifesta-la-seua-decepcio-pel-discurs-de-vicent-mari-i-li-recorda-que-fa-mes-de-cinc-anys-que-presideix-el-consell-insular\/\" \/>\n<meta property=\"og:locale\" content=\"ca_ES\" \/>\n<meta property=\"og:type\" content=\"article\" \/>\n<meta property=\"og:title\" content=\"8 d\u2019Agost: Vicent Rosell\u00f3 manifesta la seua \u201cdecepci\u00f3\u201d pel discurs de Vicent Mar\u00ed i li recorda que \u201cfa m\u00e9s de cinc anys que presideix el Consell Insular\u201d - Federaci\u00f3 Socialista d&#039;Eivissa\" \/>\n<meta property=\"og:description\" content=\"El secretari general de la Federaci\u00f3 Socialista d\u2019Eivissa (FSE-PSOE), Vicent Rosell\u00f3, ha manifestat la seua \u201cdecepci\u00f3\u201d pel discurs institucional de Vicent Mar\u00ed en l\u2019acte del 8 d\u2019Agost. Rosell\u00f3 ha recordat que Vicent Mar\u00ed \u201cfa m\u00e9s de cinc anys que presideix el Consell Insular sense actuar per resoldre els problemes que planteja\u201d. \u201cContinua parlant de grans&hellip;\" \/>\n<meta property=\"og:url\" content=\"https:\/\/www.psib-psoe.org\/eivissa\/8-dagost-vicent-rosello-manifesta-la-seua-decepcio-pel-discurs-de-vicent-mari-i-li-recorda-que-fa-mes-de-cinc-anys-que-presideix-el-consell-insular\/\" \/>\n<meta property=\"og:site_name\" content=\"Federaci\u00f3 Socialista d&#039;Eivissa\" \/>\n<meta property=\"article:published_time\" content=\"2024-08-08T14:39:45+00:00\" \/>\n<meta property=\"article:modified_time\" content=\"2024-08-08T14:39:46+00:00\" \/>\n<meta property=\"og:image\" content=\"https:\/\/www.psib-psoe.org\/eivissa\/wp-content\/uploads\/img_0233-1.jpg\" \/>\n\t<meta property=\"og:image:width\" content=\"2000\" \/>\n\t<meta property=\"og:image:height\" content=\"1500\" \/>\n\t<meta property=\"og:image:type\" content=\"image\/jpeg\" \/>\n<meta name=\"author\" content=\"Josep Ripoll\" \/>\n<meta name=\"twitter:card\" content=\"summary_large_image\" \/>\n<meta name=\"twitter:label1\" content=\"Escrit per\" \/>\n\t<meta name=\"twitter:data1\" content=\"Josep Ripoll\" \/>\n\t<meta name=\"twitter:label2\" content=\"Temps estimat de lectura\" \/>\n\t<meta name=\"twitter:data2\" content=\"3 minuts\" \/>\n<script type=\"application\/ld+json\" class=\"yoast-schema-graph\">{\"@context\":\"https:\/\/schema.org\",\"@graph\":[{\"@type\":[\"Article\",\"BlogPosting\"],\"@id\":\"https:\/\/www.psib-psoe.org\/eivissa\/8-dagost-vicent-rosello-manifesta-la-seua-decepcio-pel-discurs-de-vicent-mari-i-li-recorda-que-fa-mes-de-cinc-anys-que-presideix-el-consell-insular\/#article\",\"isPartOf\":{\"@id\":\"https:\/\/www.psib-psoe.org\/eivissa\/8-dagost-vicent-rosello-manifesta-la-seua-decepcio-pel-discurs-de-vicent-mari-i-li-recorda-que-fa-mes-de-cinc-anys-que-presideix-el-consell-insular\/\"},\"author\":{\"name\":\"Josep Ripoll\",\"@id\":\"https:\/\/www.psib-psoe.org\/eivissa\/#\/schema\/person\/7a9d2841fb36f32e34fc0e9b245e8117\"},\"headline\":\"8 d\u2019Agost: Vicent Rosell\u00f3 manifesta la seua \u201cdecepci\u00f3\u201d pel discurs de Vicent Mar\u00ed i li recorda que \u201cfa m\u00e9s de cinc anys que presideix el Consell Insular\u201d\",\"datePublished\":\"2024-08-08T14:39:45+00:00\",\"dateModified\":\"2024-08-08T14:39:46+00:00\",\"mainEntityOfPage\":{\"@id\":\"https:\/\/www.psib-psoe.org\/eivissa\/8-dagost-vicent-rosello-manifesta-la-seua-decepcio-pel-discurs-de-vicent-mari-i-li-recorda-que-fa-mes-de-cinc-anys-que-presideix-el-consell-insular\/\"},\"wordCount\":550,\"publisher\":{\"@id\":\"https:\/\/www.psib-psoe.org\/eivissa\/#organization\"},\"image\":{\"@id\":\"https:\/\/www.psib-psoe.org\/eivissa\/8-dagost-vicent-rosello-manifesta-la-seua-decepcio-pel-discurs-de-vicent-mari-i-li-recorda-que-fa-mes-de-cinc-anys-que-presideix-el-consell-insular\/#primaryimage\"},\"thumbnailUrl\":\"https:\/\/www.psib-psoe.org\/eivissa\/wp-content\/uploads\/img_0233-1.jpg\",\"articleSection\":[\"Consell d'Eivissa\",\"Federaci\u00f3 d'Eivissa - Portada\",\"FSE-PSOE\"],\"inLanguage\":\"ca\"},{\"@type\":\"WebPage\",\"@id\":\"https:\/\/www.psib-psoe.org\/eivissa\/8-dagost-vicent-rosello-manifesta-la-seua-decepcio-pel-discurs-de-vicent-mari-i-li-recorda-que-fa-mes-de-cinc-anys-que-presideix-el-consell-insular\/\",\"url\":\"https:\/\/www.psib-psoe.org\/eivissa\/8-dagost-vicent-rosello-manifesta-la-seua-decepcio-pel-discurs-de-vicent-mari-i-li-recorda-que-fa-mes-de-cinc-anys-que-presideix-el-consell-insular\/\",\"name\":\"8 d\u2019Agost: Vicent Rosell\u00f3 manifesta la seua \u201cdecepci\u00f3\u201d pel discurs de Vicent Mar\u00ed i li recorda que \u201cfa m\u00e9s de cinc anys que presideix el Consell Insular\u201d - Federaci\u00f3 Socialista d&#039;Eivissa\",\"isPartOf\":{\"@id\":\"https:\/\/www.psib-psoe.org\/eivissa\/#website\"},\"primaryImageOfPage\":{\"@id\":\"https:\/\/www.psib-psoe.org\/eivissa\/8-dagost-vicent-rosello-manifesta-la-seua-decepcio-pel-discurs-de-vicent-mari-i-li-recorda-que-fa-mes-de-cinc-anys-que-presideix-el-consell-insular\/#primaryimage\"},\"image\":{\"@id\":\"https:\/\/www.psib-psoe.org\/eivissa\/8-dagost-vicent-rosello-manifesta-la-seua-decepcio-pel-discurs-de-vicent-mari-i-li-recorda-que-fa-mes-de-cinc-anys-que-presideix-el-consell-insular\/#primaryimage\"},\"thumbnailUrl\":\"https:\/\/www.psib-psoe.org\/eivissa\/wp-content\/uploads\/img_0233-1.jpg\",\"datePublished\":\"2024-08-08T14:39:45+00:00\",\"dateModified\":\"2024-08-08T14:39:46+00:00\",\"breadcrumb\":{\"@id\":\"https:\/\/www.psib-psoe.org\/eivissa\/8-dagost-vicent-rosello-manifesta-la-seua-decepcio-pel-discurs-de-vicent-mari-i-li-recorda-que-fa-mes-de-cinc-anys-que-presideix-el-consell-insular\/#breadcrumb\"},\"inLanguage\":\"ca\",\"potentialAction\":[{\"@type\":\"ReadAction\",\"target\":[\"https:\/\/www.psib-psoe.org\/eivissa\/8-dagost-vicent-rosello-manifesta-la-seua-decepcio-pel-discurs-de-vicent-mari-i-li-recorda-que-fa-mes-de-cinc-anys-que-presideix-el-consell-insular\/\"]}]},{\"@type\":\"ImageObject\",\"inLanguage\":\"ca\",\"@id\":\"https:\/\/www.psib-psoe.org\/eivissa\/8-dagost-vicent-rosello-manifesta-la-seua-decepcio-pel-discurs-de-vicent-mari-i-li-recorda-que-fa-mes-de-cinc-anys-que-presideix-el-consell-insular\/#primaryimage\",\"url\":\"https:\/\/www.psib-psoe.org\/eivissa\/wp-content\/uploads\/img_0233-1.jpg\",\"contentUrl\":\"https:\/\/www.psib-psoe.org\/eivissa\/wp-content\/uploads\/img_0233-1.jpg\",\"width\":2000,\"height\":1500},{\"@type\":\"BreadcrumbList\",\"@id\":\"https:\/\/www.psib-psoe.org\/eivissa\/8-dagost-vicent-rosello-manifesta-la-seua-decepcio-pel-discurs-de-vicent-mari-i-li-recorda-que-fa-mes-de-cinc-anys-que-presideix-el-consell-insular\/#breadcrumb\",\"itemListElement\":[{\"@type\":\"ListItem\",\"position\":1,\"name\":\"Inici\",\"item\":\"https:\/\/www.psib-psoe.org\/eivissa\/\"},{\"@type\":\"ListItem\",\"position\":2,\"name\":\"8 d\u2019Agost: Vicent Rosell\u00f3 manifesta la seua \u201cdecepci\u00f3\u201d pel discurs de Vicent Mar\u00ed i li recorda que \u201cfa m\u00e9s de cinc anys que presideix el Consell Insular\u201d\"}]},{\"@type\":\"WebSite\",\"@id\":\"https:\/\/www.psib-psoe.org\/eivissa\/#website\",\"url\":\"https:\/\/www.psib-psoe.org\/eivissa\/\",\"name\":\"Federaci\u00f3 Socialista d'Eivissa\",\"description\":\"Socialistes d&#039;Eivissa\",\"publisher\":{\"@id\":\"https:\/\/www.psib-psoe.org\/eivissa\/#organization\"},\"potentialAction\":[{\"@type\":\"SearchAction\",\"target\":{\"@type\":\"EntryPoint\",\"urlTemplate\":\"https:\/\/www.psib-psoe.org\/eivissa\/?s={search_term_string}\"},\"query-input\":{\"@type\":\"PropertyValueSpecification\",\"valueRequired\":true,\"valueName\":\"search_term_string\"}}],\"inLanguage\":\"ca\"},{\"@type\":\"Organization\",\"@id\":\"https:\/\/www.psib-psoe.org\/eivissa\/#organization\",\"name\":\"Federaci\u00f3 Socialista d'Eivissa\",\"url\":\"https:\/\/www.psib-psoe.org\/eivissa\/\",\"logo\":{\"@type\":\"ImageObject\",\"inLanguage\":\"ca\",\"@id\":\"https:\/\/www.psib-psoe.org\/eivissa\/#\/schema\/logo\/image\/\",\"url\":\"https:\/\/www.psib-psoe.org\/eivissa\/wp-content\/uploads\/LOGO-FSE-SOCIALISTA-DEIVISSA-HORI.png\",\"contentUrl\":\"https:\/\/www.psib-psoe.org\/eivissa\/wp-content\/uploads\/LOGO-FSE-SOCIALISTA-DEIVISSA-HORI.png\",\"width\":6000,\"height\":3104,\"caption\":\"Federaci\u00f3 Socialista d'Eivissa\"},\"image\":{\"@id\":\"https:\/\/www.psib-psoe.org\/eivissa\/#\/schema\/logo\/image\/\"}},{\"@type\":\"Person\",\"@id\":\"https:\/\/www.psib-psoe.org\/eivissa\/#\/schema\/person\/7a9d2841fb36f32e34fc0e9b245e8117\",\"name\":\"Josep Ripoll\",\"sameAs\":[\"http:\/\/www.psib-psoe.org\/eivissa\/wp-login.php\"],\"url\":\"https:\/\/www.psib-psoe.org\/eivissa\/author\/josep\/\"}]}<\/script>\n<!-- \/ Yoast SEO plugin. -->","yoast_head_json":{"title":"8 d\u2019Agost: Vicent Rosell\u00f3 manifesta la seua \u201cdecepci\u00f3\u201d pel discurs de Vicent Mar\u00ed i li recorda que \u201cfa m\u00e9s de cinc anys que presideix el Consell Insular\u201d - Federaci\u00f3 Socialista d&#039;Eivissa","robots":{"index":"index","follow":"follow","max-snippet":"max-snippet:-1","max-image-preview":"max-image-preview:large","max-video-preview":"max-video-preview:-1"},"canonical":"https:\/\/www.psib-psoe.org\/eivissa\/8-dagost-vicent-rosello-manifesta-la-seua-decepcio-pel-discurs-de-vicent-mari-i-li-recorda-que-fa-mes-de-cinc-anys-que-presideix-el-consell-insular\/","og_locale":"ca_ES","og_type":"article","og_title":"8 d\u2019Agost: Vicent Rosell\u00f3 manifesta la seua \u201cdecepci\u00f3\u201d pel discurs de Vicent Mar\u00ed i li recorda que \u201cfa m\u00e9s de cinc anys que presideix el Consell Insular\u201d - Federaci\u00f3 Socialista d&#039;Eivissa","og_description":"El secretari general de la Federaci\u00f3 Socialista d\u2019Eivissa (FSE-PSOE), Vicent Rosell\u00f3, ha manifestat la seua \u201cdecepci\u00f3\u201d pel discurs institucional de Vicent Mar\u00ed en l\u2019acte del 8 d\u2019Agost. Rosell\u00f3 ha recordat que Vicent Mar\u00ed \u201cfa m\u00e9s de cinc anys que presideix el Consell Insular sense actuar per resoldre els problemes que planteja\u201d. \u201cContinua parlant de grans&hellip;","og_url":"https:\/\/www.psib-psoe.org\/eivissa\/8-dagost-vicent-rosello-manifesta-la-seua-decepcio-pel-discurs-de-vicent-mari-i-li-recorda-que-fa-mes-de-cinc-anys-que-presideix-el-consell-insular\/","og_site_name":"Federaci\u00f3 Socialista d&#039;Eivissa","article_published_time":"2024-08-08T14:39:45+00:00","article_modified_time":"2024-08-08T14:39:46+00:00","og_image":[{"width":2000,"height":1500,"url":"https:\/\/www.psib-psoe.org\/eivissa\/wp-content\/uploads\/img_0233-1.jpg","type":"image\/jpeg"}],"author":"Josep Ripoll","twitter_card":"summary_large_image","twitter_misc":{"Escrit per":"Josep Ripoll","Temps estimat de lectura":"3 minuts"},"schema":{"@context":"https:\/\/schema.org","@graph":[{"@type":["Article","BlogPosting"],"@id":"https:\/\/www.psib-psoe.org\/eivissa\/8-dagost-vicent-rosello-manifesta-la-seua-decepcio-pel-discurs-de-vicent-mari-i-li-recorda-que-fa-mes-de-cinc-anys-que-presideix-el-consell-insular\/#article","isPartOf":{"@id":"https:\/\/www.psib-psoe.org\/eivissa\/8-dagost-vicent-rosello-manifesta-la-seua-decepcio-pel-discurs-de-vicent-mari-i-li-recorda-que-fa-mes-de-cinc-anys-que-presideix-el-consell-insular\/"},"author":{"name":"Josep Ripoll","@id":"https:\/\/www.psib-psoe.org\/eivissa\/#\/schema\/person\/7a9d2841fb36f32e34fc0e9b245e8117"},"headline":"8 d\u2019Agost: Vicent Rosell\u00f3 manifesta la seua \u201cdecepci\u00f3\u201d pel discurs de Vicent Mar\u00ed i li recorda que \u201cfa m\u00e9s de cinc anys que presideix el Consell Insular\u201d","datePublished":"2024-08-08T14:39:45+00:00","dateModified":"2024-08-08T14:39:46+00:00","mainEntityOfPage":{"@id":"https:\/\/www.psib-psoe.org\/eivissa\/8-dagost-vicent-rosello-manifesta-la-seua-decepcio-pel-discurs-de-vicent-mari-i-li-recorda-que-fa-mes-de-cinc-anys-que-presideix-el-consell-insular\/"},"wordCount":550,"publisher":{"@id":"https:\/\/www.psib-psoe.org\/eivissa\/#organization"},"image":{"@id":"https:\/\/www.psib-psoe.org\/eivissa\/8-dagost-vicent-rosello-manifesta-la-seua-decepcio-pel-discurs-de-vicent-mari-i-li-recorda-que-fa-mes-de-cinc-anys-que-presideix-el-consell-insular\/#primaryimage"},"thumbnailUrl":"https:\/\/www.psib-psoe.org\/eivissa\/wp-content\/uploads\/img_0233-1.jpg","articleSection":["Consell d'Eivissa","Federaci\u00f3 d'Eivissa - Portada","FSE-PSOE"],"inLanguage":"ca"},{"@type":"WebPage","@id":"https:\/\/www.psib-psoe.org\/eivissa\/8-dagost-vicent-rosello-manifesta-la-seua-decepcio-pel-discurs-de-vicent-mari-i-li-recorda-que-fa-mes-de-cinc-anys-que-presideix-el-consell-insular\/","url":"https:\/\/www.psib-psoe.org\/eivissa\/8-dagost-vicent-rosello-manifesta-la-seua-decepcio-pel-discurs-de-vicent-mari-i-li-recorda-que-fa-mes-de-cinc-anys-que-presideix-el-consell-insular\/","name":"8 d\u2019Agost: Vicent Rosell\u00f3 manifesta la seua \u201cdecepci\u00f3\u201d pel discurs de Vicent Mar\u00ed i li recorda que \u201cfa m\u00e9s de cinc anys que presideix el Consell Insular\u201d - Federaci\u00f3 Socialista d&#039;Eivissa","isPartOf":{"@id":"https:\/\/www.psib-psoe.org\/eivissa\/#website"},"primaryImageOfPage":{"@id":"https:\/\/www.psib-psoe.org\/eivissa\/8-dagost-vicent-rosello-manifesta-la-seua-decepcio-pel-discurs-de-vicent-mari-i-li-recorda-que-fa-mes-de-cinc-anys-que-presideix-el-consell-insular\/#primaryimage"},"image":{"@id":"https:\/\/www.psib-psoe.org\/eivissa\/8-dagost-vicent-rosello-manifesta-la-seua-decepcio-pel-discurs-de-vicent-mari-i-li-recorda-que-fa-mes-de-cinc-anys-que-presideix-el-consell-insular\/#primaryimage"},"thumbnailUrl":"https:\/\/www.psib-psoe.org\/eivissa\/wp-content\/uploads\/img_0233-1.jpg","datePublished":"2024-08-08T14:39:45+00:00","dateModified":"2024-08-08T14:39:46+00:00","breadcrumb":{"@id":"https:\/\/www.psib-psoe.org\/eivissa\/8-dagost-vicent-rosello-manifesta-la-seua-decepcio-pel-discurs-de-vicent-mari-i-li-recorda-que-fa-mes-de-cinc-anys-que-presideix-el-consell-insular\/#breadcrumb"},"inLanguage":"ca","potentialAction":[{"@type":"ReadAction","target":["https:\/\/www.psib-psoe.org\/eivissa\/8-dagost-vicent-rosello-manifesta-la-seua-decepcio-pel-discurs-de-vicent-mari-i-li-recorda-que-fa-mes-de-cinc-anys-que-presideix-el-consell-insular\/"]}]},{"@type":"ImageObject","inLanguage":"ca","@id":"https:\/\/www.psib-psoe.org\/eivissa\/8-dagost-vicent-rosello-manifesta-la-seua-decepcio-pel-discurs-de-vicent-mari-i-li-recorda-que-fa-mes-de-cinc-anys-que-presideix-el-consell-insular\/#primaryimage","url":"https:\/\/www.psib-psoe.org\/eivissa\/wp-content\/uploads\/img_0233-1.jpg","contentUrl":"https:\/\/www.psib-psoe.org\/eivissa\/wp-content\/uploads\/img_0233-1.jpg","width":2000,"height":1500},{"@type":"BreadcrumbList","@id":"https:\/\/www.psib-psoe.org\/eivissa\/8-dagost-vicent-rosello-manifesta-la-seua-decepcio-pel-discurs-de-vicent-mari-i-li-recorda-que-fa-mes-de-cinc-anys-que-presideix-el-consell-insular\/#breadcrumb","itemListElement":[{"@type":"ListItem","position":1,"name":"Inici","item":"https:\/\/www.psib-psoe.org\/eivissa\/"},{"@type":"ListItem","position":2,"name":"8 d\u2019Agost: Vicent Rosell\u00f3 manifesta la seua \u201cdecepci\u00f3\u201d pel discurs de Vicent Mar\u00ed i li recorda que \u201cfa m\u00e9s de cinc anys que presideix el Consell Insular\u201d"}]},{"@type":"WebSite","@id":"https:\/\/www.psib-psoe.org\/eivissa\/#website","url":"https:\/\/www.psib-psoe.org\/eivissa\/","name":"Federaci\u00f3 Socialista d'Eivissa","description":"Socialistes d&#039;Eivissa","publisher":{"@id":"https:\/\/www.psib-psoe.org\/eivissa\/#organization"},"potentialAction":[{"@type":"SearchAction","target":{"@type":"EntryPoint","urlTemplate":"https:\/\/www.psib-psoe.org\/eivissa\/?s={search_term_string}"},"query-input":{"@type":"PropertyValueSpecification","valueRequired":true,"valueName":"search_term_string"}}],"inLanguage":"ca"},{"@type":"Organization","@id":"https:\/\/www.psib-psoe.org\/eivissa\/#organization","name":"Federaci\u00f3 Socialista d'Eivissa","url":"https:\/\/www.psib-psoe.org\/eivissa\/","logo":{"@type":"ImageObject","inLanguage":"ca","@id":"https:\/\/www.psib-psoe.org\/eivissa\/#\/schema\/logo\/image\/","url":"https:\/\/www.psib-psoe.org\/eivissa\/wp-content\/uploads\/LOGO-FSE-SOCIALISTA-DEIVISSA-HORI.png","contentUrl":"https:\/\/www.psib-psoe.org\/eivissa\/wp-content\/uploads\/LOGO-FSE-SOCIALISTA-DEIVISSA-HORI.png","width":6000,"height":3104,"caption":"Federaci\u00f3 Socialista d'Eivissa"},"image":{"@id":"https:\/\/www.psib-psoe.org\/eivissa\/#\/schema\/logo\/image\/"}},{"@type":"Person","@id":"https:\/\/www.psib-psoe.org\/eivissa\/#\/schema\/person\/7a9d2841fb36f32e34fc0e9b245e8117","name":"Josep Ripoll","sameAs":["http:\/\/www.psib-psoe.org\/eivissa\/wp-login.php"],"url":"https:\/\/www.psib-psoe.org\/eivissa\/author\/josep\/"}]}},"_links":{"self":[{"href":"https:\/\/www.psib-psoe.org\/eivissa\/wp-json\/wp\/v2\/posts\/39618","targetHints":{"allow":["GET"]}}],"collection":[{"href":"https:\/\/www.psib-psoe.org\/eivissa\/wp-json\/wp\/v2\/posts"}],"about":[{"href":"https:\/\/www.psib-psoe.org\/eivissa\/wp-json\/wp\/v2\/types\/post"}],"author":[{"embeddable":true,"href":"https:\/\/www.psib-psoe.org\/eivissa\/wp-json\/wp\/v2\/users\/7"}],"replies":[{"embeddable":true,"href":"https:\/\/www.psib-psoe.org\/eivissa\/wp-json\/wp\/v2\/comments?post=39618"}],"version-history":[{"count":1,"href":"https:\/\/www.psib-psoe.org\/eivissa\/wp-json\/wp\/v2\/posts\/39618\/revisions"}],"predecessor-version":[{"id":39619,"href":"https:\/\/www.psib-psoe.org\/eivissa\/wp-json\/wp\/v2\/posts\/39618\/revisions\/39619"}],"wp:featuredmedia":[{"embeddable":true,"href":"https:\/\/www.psib-psoe.org\/eivissa\/wp-json\/wp\/v2\/media\/39617"}],"wp:attachment":[{"href":"https:\/\/www.psib-psoe.org\/eivissa\/wp-json\/wp\/v2\/media?parent=39618"}],"wp:term":[{"taxonomy":"category","embeddable":true,"href":"https:\/\/www.psib-psoe.org\/eivissa\/wp-json\/wp\/v2\/categories?post=39618"},{"taxonomy":"post_tag","embeddable":true,"href":"https:\/\/www.psib-psoe.org\/eivissa\/wp-json\/wp\/v2\/tags?post=39618"}],"curies":[{"name":"wp","href":"https:\/\/api.w.org\/{rel}","templated":true}]}}