{"id":39707,"date":"2024-08-30T14:00:51","date_gmt":"2024-08-30T12:00:51","guid":{"rendered":"https:\/\/www.psib-psoe.org\/eivissa\/?p=39707"},"modified":"2024-08-30T14:00:51","modified_gmt":"2024-08-30T12:00:51","slug":"el-grup-municipal-del-psoe-denuncia-que-carmen-ferrer-es-amaga-i-es-nega-per-segona-vegada-a-convocar-un-ple-extraordinari-urgent-per-donar-explicacions-publiques-sobre-la-seva-actuacio-en-la-crisi-de","status":"publish","type":"post","link":"https:\/\/www.psib-psoe.org\/eivissa\/el-grup-municipal-del-psoe-denuncia-que-carmen-ferrer-es-amaga-i-es-nega-per-segona-vegada-a-convocar-un-ple-extraordinari-urgent-per-donar-explicacions-publiques-sobre-la-seva-actuacio-en-la-crisi-de\/","title":{"rendered":"El grup municipal del PSOE denuncia que Carmen Ferrer es amaga i es nega per segona vegada a convocar un ple extraordinari urgent per donar explicacions p\u00fabliques sobre la seva actuaci\u00f3 en la crisi de Can Rova"},"content":{"rendered":"<p>El grup municipal del PSOE a l\u2019Ajuntament de Santa Eul\u00e0ria des Riu vol denunciar p\u00fablicament la negativa, per segona vegada, de l\u2019alcaldessa Carmen Ferrer a convocar un ple extraordinari urgent sol\u00b7licitat conjuntament pels regidors del PSOE i Unides Podem, per tractar la cr\u00edtica situaci\u00f3 de Can Rova.<\/p>\n<p>L\u2019alcaldessa Carmen Ferrer, en lloc de donar la cara i oferir explicacions a la ciutadania, ha optat novament per denegar la petici\u00f3 del ple extraordinari, negant-se a debatre i a oferir respostes p\u00fabliques davant el conjunt dels ve\u00efns i ve\u00efnes del municipi. Des del grup municipal del PSOE considerem aquesta decisi\u00f3 com un clar intent d\u2019amagar la seva actuaci\u00f3 respecte a la problem\u00e0tica de Can Rova, evitant un di\u00e0leg necessari i transparent sobre un tema que afecta directament desenes de fam\u00edlies.<\/p>\n<p>El grup municipal del PSOE sol\u00b7licitava que, a m\u00e9s de la convocat\u00f2ria del ple, s\u2019inclogu\u00e9s la proposta dels seg\u00fcents acords:<\/p>\n<p>Creaci\u00f3 d\u2019una Comissi\u00f3 de Seguiment Permanent: Encargada d\u2019avaluar de manera cont\u00ednua les mesures adoptades per a la reubicaci\u00f3 de les fam\u00edlies afectades i garantir que es compleixin els drets b\u00e0sics d\u2019aquestes persones.<\/p>\n<p>Convocat\u00f2ria d\u2019una Taula de Di\u00e0leg: Incloure representants de les fam\u00edlies afectades, t\u00e8cnics municipals i organitzacions socials per garantir una gesti\u00f3 participativa i consensuada de la situaci\u00f3.<\/p>\n<p>Establiment d\u2019un Pla d\u2019Emerg\u00e8ncia Social: Que contempli recursos municipals i coordinaci\u00f3 amb altres administracions per proporcionar solucions habitacionals adequades i permanents per als afectats de Can Rova.<\/p>\n<p>L\u2019alcaldessa Carmen Ferrer ha justificat la seva negativa afirmant que \u201cno consta que l\u2019evacuaci\u00f3 de Can Rova hagi causat alarma ni impacte social de gravetat a la ciutadania del municipi de Santa Eul\u00e0ria des Riu que obligui a adoptar mesures immediates urgents\u201d. Aquesta afirmaci\u00f3, per\u00f2, contrasta amb la realitat de les fam\u00edlies afectades, que es troben en una situaci\u00f3 de risc d\u2019exclusi\u00f3 social i sense alternatives residencials, exposades a l\u2019exterior en plena temporada alta.<\/p>\n<p>L\u2019urgent d\u2019aquest ple extraordinari no nom\u00e9s es fonamenta en la necessitat de donar explicacions p\u00fabliques i transparents a la ciutadania, sin\u00f3 tamb\u00e9 en la premura d\u2019adoptar mesures que mitiguen l\u2019impacte social d\u2019aquesta crisi humanit\u00e0ria. Ignorar l\u2019urg\u00e8ncia d\u2019aquesta convocat\u00f2ria \u00e9s desatendre les necessitats m\u00e9s b\u00e0siques d\u2019aquestes persones, que s\u00f3n ve\u00efns i ve\u00efnes del municipi en una situaci\u00f3 de desemparament.<\/p>\n<p>A m\u00e9s, \u00e9s essencial que l\u2019actuaci\u00f3 de l\u2019Ajuntament davant del drama de Can Rova es debati p\u00fablicament en el ple municipal. La magnitud de l\u2019impacte d\u2019aquesta situaci\u00f3 sobre la ciutadania i la seva repercussi\u00f3 als mitjans de comunicaci\u00f3 locals i nacionals fan que les explicacions de l\u2019equip de govern no puguin ni hagin de quedar limitades a reunions a porta tancada amb l\u2019oposici\u00f3. La convocat\u00f2ria d\u2019aquest ple extraordinari est\u00e0 m\u00e9s que justificada per donar respostes clares i transparents a la ciutadania, que t\u00e9 dret a con\u00e8ixer les accions i omissions de l\u2019Ajuntament en la gesti\u00f3 d\u2019aquesta crisi.<\/p>\n<p>El grup municipal del PSOE continuar\u00e0 exigint respostes i una gesti\u00f3 responsable per part de l\u2019equip de govern, defensant els drets de les fam\u00edlies afectades i la transpar\u00e8ncia en l\u2019actuaci\u00f3 municipal.<\/p>\n","protected":false},"excerpt":{"rendered":"<p>El grup municipal del PSOE a l\u2019Ajuntament de Santa Eul\u00e0ria des Riu vol denunciar p\u00fablicament la negativa, per segona vegada, de l\u2019alcaldessa Carmen Ferrer a convocar un ple extraordinari urgent sol\u00b7licitat conjuntament pels regidors del PSOE i Unides Podem, per tractar la cr\u00edtica situaci\u00f3 de Can Rova. L\u2019alcaldessa Carmen Ferrer, en lloc de donar la&hellip;<\/p>\n","protected":false},"author":13,"featured_media":0,"comment_status":"closed","ping_status":"closed","sticky":false,"template":"","format":"standard","meta":{"footnotes":""},"categories":[212,234,186],"tags":[],"class_list":["post-39707","post","type-post","status-publish","format-standard","hentry","category-fse-psoe","category-municipis","category-santa-eularia-des-riu"],"yoast_head":"<!-- This site is optimized with the Yoast SEO plugin v26.9 - https:\/\/yoast.com\/product\/yoast-seo-wordpress\/ -->\n<title>El grup municipal del PSOE denuncia que Carmen Ferrer es amaga i es nega per segona vegada a convocar un ple extraordinari urgent per donar explicacions p\u00fabliques sobre la seva actuaci\u00f3 en la crisi de Can Rova - Federaci\u00f3 Socialista d&#039;Eivissa<\/title>\n<meta name=\"robots\" content=\"index, follow, max-snippet:-1, max-image-preview:large, max-video-preview:-1\" \/>\n<link rel=\"canonical\" href=\"https:\/\/www.psib-psoe.org\/eivissa\/el-grup-municipal-del-psoe-denuncia-que-carmen-ferrer-es-amaga-i-es-nega-per-segona-vegada-a-convocar-un-ple-extraordinari-urgent-per-donar-explicacions-publiques-sobre-la-seva-actuacio-en-la-crisi-de\/\" \/>\n<meta property=\"og:locale\" content=\"ca_ES\" \/>\n<meta property=\"og:type\" content=\"article\" \/>\n<meta property=\"og:title\" content=\"El grup municipal del PSOE denuncia que Carmen Ferrer es amaga i es nega per segona vegada a convocar un ple extraordinari urgent per donar explicacions p\u00fabliques sobre la seva actuaci\u00f3 en la crisi de Can Rova - Federaci\u00f3 Socialista d&#039;Eivissa\" \/>\n<meta property=\"og:description\" content=\"El grup municipal del PSOE a l\u2019Ajuntament de Santa Eul\u00e0ria des Riu vol denunciar p\u00fablicament la negativa, per segona vegada, de l\u2019alcaldessa Carmen Ferrer a convocar un ple extraordinari urgent sol\u00b7licitat conjuntament pels regidors del PSOE i Unides Podem, per tractar la cr\u00edtica situaci\u00f3 de Can Rova. L\u2019alcaldessa Carmen Ferrer, en lloc de donar la&hellip;\" \/>\n<meta property=\"og:url\" content=\"https:\/\/www.psib-psoe.org\/eivissa\/el-grup-municipal-del-psoe-denuncia-que-carmen-ferrer-es-amaga-i-es-nega-per-segona-vegada-a-convocar-un-ple-extraordinari-urgent-per-donar-explicacions-publiques-sobre-la-seva-actuacio-en-la-crisi-de\/\" \/>\n<meta property=\"og:site_name\" content=\"Federaci\u00f3 Socialista d&#039;Eivissa\" \/>\n<meta property=\"article:published_time\" content=\"2024-08-30T12:00:51+00:00\" \/>\n<meta name=\"author\" content=\"Youssef Tissei\" \/>\n<meta name=\"twitter:card\" content=\"summary_large_image\" \/>\n<meta name=\"twitter:label1\" content=\"Escrit per\" \/>\n\t<meta name=\"twitter:data1\" content=\"Youssef Tissei\" \/>\n\t<meta name=\"twitter:label2\" content=\"Temps estimat de lectura\" \/>\n\t<meta name=\"twitter:data2\" content=\"3 minuts\" \/>\n<script type=\"application\/ld+json\" class=\"yoast-schema-graph\">{\"@context\":\"https:\/\/schema.org\",\"@graph\":[{\"@type\":[\"Article\",\"BlogPosting\"],\"@id\":\"https:\/\/www.psib-psoe.org\/eivissa\/el-grup-municipal-del-psoe-denuncia-que-carmen-ferrer-es-amaga-i-es-nega-per-segona-vegada-a-convocar-un-ple-extraordinari-urgent-per-donar-explicacions-publiques-sobre-la-seva-actuacio-en-la-crisi-de\/#article\",\"isPartOf\":{\"@id\":\"https:\/\/www.psib-psoe.org\/eivissa\/el-grup-municipal-del-psoe-denuncia-que-carmen-ferrer-es-amaga-i-es-nega-per-segona-vegada-a-convocar-un-ple-extraordinari-urgent-per-donar-explicacions-publiques-sobre-la-seva-actuacio-en-la-crisi-de\/\"},\"author\":{\"name\":\"Youssef Tissei\",\"@id\":\"https:\/\/www.psib-psoe.org\/eivissa\/#\/schema\/person\/09dc97c6dbd7193472bedd9f78914ee6\"},\"headline\":\"El grup municipal del PSOE denuncia que Carmen Ferrer es amaga i es nega per segona vegada a convocar un ple extraordinari urgent per donar explicacions p\u00fabliques sobre la seva actuaci\u00f3 en la crisi de Can Rova\",\"datePublished\":\"2024-08-30T12:00:51+00:00\",\"mainEntityOfPage\":{\"@id\":\"https:\/\/www.psib-psoe.org\/eivissa\/el-grup-municipal-del-psoe-denuncia-que-carmen-ferrer-es-amaga-i-es-nega-per-segona-vegada-a-convocar-un-ple-extraordinari-urgent-per-donar-explicacions-publiques-sobre-la-seva-actuacio-en-la-crisi-de\/\"},\"wordCount\":607,\"publisher\":{\"@id\":\"https:\/\/www.psib-psoe.org\/eivissa\/#organization\"},\"articleSection\":[\"FSE-PSOE\",\"Municipis\",\"Santa Eul\u00e0ria des Riu\"],\"inLanguage\":\"ca\"},{\"@type\":\"WebPage\",\"@id\":\"https:\/\/www.psib-psoe.org\/eivissa\/el-grup-municipal-del-psoe-denuncia-que-carmen-ferrer-es-amaga-i-es-nega-per-segona-vegada-a-convocar-un-ple-extraordinari-urgent-per-donar-explicacions-publiques-sobre-la-seva-actuacio-en-la-crisi-de\/\",\"url\":\"https:\/\/www.psib-psoe.org\/eivissa\/el-grup-municipal-del-psoe-denuncia-que-carmen-ferrer-es-amaga-i-es-nega-per-segona-vegada-a-convocar-un-ple-extraordinari-urgent-per-donar-explicacions-publiques-sobre-la-seva-actuacio-en-la-crisi-de\/\",\"name\":\"El grup municipal del PSOE denuncia que Carmen Ferrer es amaga i es nega per segona vegada a convocar un ple extraordinari urgent per donar explicacions p\u00fabliques sobre la seva actuaci\u00f3 en la crisi de Can Rova - Federaci\u00f3 Socialista d&#039;Eivissa\",\"isPartOf\":{\"@id\":\"https:\/\/www.psib-psoe.org\/eivissa\/#website\"},\"datePublished\":\"2024-08-30T12:00:51+00:00\",\"breadcrumb\":{\"@id\":\"https:\/\/www.psib-psoe.org\/eivissa\/el-grup-municipal-del-psoe-denuncia-que-carmen-ferrer-es-amaga-i-es-nega-per-segona-vegada-a-convocar-un-ple-extraordinari-urgent-per-donar-explicacions-publiques-sobre-la-seva-actuacio-en-la-crisi-de\/#breadcrumb\"},\"inLanguage\":\"ca\",\"potentialAction\":[{\"@type\":\"ReadAction\",\"target\":[\"https:\/\/www.psib-psoe.org\/eivissa\/el-grup-municipal-del-psoe-denuncia-que-carmen-ferrer-es-amaga-i-es-nega-per-segona-vegada-a-convocar-un-ple-extraordinari-urgent-per-donar-explicacions-publiques-sobre-la-seva-actuacio-en-la-crisi-de\/\"]}]},{\"@type\":\"BreadcrumbList\",\"@id\":\"https:\/\/www.psib-psoe.org\/eivissa\/el-grup-municipal-del-psoe-denuncia-que-carmen-ferrer-es-amaga-i-es-nega-per-segona-vegada-a-convocar-un-ple-extraordinari-urgent-per-donar-explicacions-publiques-sobre-la-seva-actuacio-en-la-crisi-de\/#breadcrumb\",\"itemListElement\":[{\"@type\":\"ListItem\",\"position\":1,\"name\":\"Inici\",\"item\":\"https:\/\/www.psib-psoe.org\/eivissa\/\"},{\"@type\":\"ListItem\",\"position\":2,\"name\":\"El grup municipal del PSOE denuncia que Carmen Ferrer es amaga i es nega per segona vegada a convocar un ple extraordinari urgent per donar explicacions p\u00fabliques sobre la seva actuaci\u00f3 en la crisi de Can Rova\"}]},{\"@type\":\"WebSite\",\"@id\":\"https:\/\/www.psib-psoe.org\/eivissa\/#website\",\"url\":\"https:\/\/www.psib-psoe.org\/eivissa\/\",\"name\":\"Federaci\u00f3 Socialista d'Eivissa\",\"description\":\"Socialistes d&#039;Eivissa\",\"publisher\":{\"@id\":\"https:\/\/www.psib-psoe.org\/eivissa\/#organization\"},\"potentialAction\":[{\"@type\":\"SearchAction\",\"target\":{\"@type\":\"EntryPoint\",\"urlTemplate\":\"https:\/\/www.psib-psoe.org\/eivissa\/?s={search_term_string}\"},\"query-input\":{\"@type\":\"PropertyValueSpecification\",\"valueRequired\":true,\"valueName\":\"search_term_string\"}}],\"inLanguage\":\"ca\"},{\"@type\":\"Organization\",\"@id\":\"https:\/\/www.psib-psoe.org\/eivissa\/#organization\",\"name\":\"Federaci\u00f3 Socialista d'Eivissa\",\"url\":\"https:\/\/www.psib-psoe.org\/eivissa\/\",\"logo\":{\"@type\":\"ImageObject\",\"inLanguage\":\"ca\",\"@id\":\"https:\/\/www.psib-psoe.org\/eivissa\/#\/schema\/logo\/image\/\",\"url\":\"https:\/\/www.psib-psoe.org\/eivissa\/wp-content\/uploads\/LOGO-FSE-SOCIALISTA-DEIVISSA-HORI.png\",\"contentUrl\":\"https:\/\/www.psib-psoe.org\/eivissa\/wp-content\/uploads\/LOGO-FSE-SOCIALISTA-DEIVISSA-HORI.png\",\"width\":6000,\"height\":3104,\"caption\":\"Federaci\u00f3 Socialista d'Eivissa\"},\"image\":{\"@id\":\"https:\/\/www.psib-psoe.org\/eivissa\/#\/schema\/logo\/image\/\"}},{\"@type\":\"Person\",\"@id\":\"https:\/\/www.psib-psoe.org\/eivissa\/#\/schema\/person\/09dc97c6dbd7193472bedd9f78914ee6\",\"name\":\"Youssef Tissei\",\"url\":\"https:\/\/www.psib-psoe.org\/eivissa\/author\/tisseiyusef\/\"}]}<\/script>\n<!-- \/ Yoast SEO plugin. -->","yoast_head_json":{"title":"El grup municipal del PSOE denuncia que Carmen Ferrer es amaga i es nega per segona vegada a convocar un ple extraordinari urgent per donar explicacions p\u00fabliques sobre la seva actuaci\u00f3 en la crisi de Can Rova - Federaci\u00f3 Socialista d&#039;Eivissa","robots":{"index":"index","follow":"follow","max-snippet":"max-snippet:-1","max-image-preview":"max-image-preview:large","max-video-preview":"max-video-preview:-1"},"canonical":"https:\/\/www.psib-psoe.org\/eivissa\/el-grup-municipal-del-psoe-denuncia-que-carmen-ferrer-es-amaga-i-es-nega-per-segona-vegada-a-convocar-un-ple-extraordinari-urgent-per-donar-explicacions-publiques-sobre-la-seva-actuacio-en-la-crisi-de\/","og_locale":"ca_ES","og_type":"article","og_title":"El grup municipal del PSOE denuncia que Carmen Ferrer es amaga i es nega per segona vegada a convocar un ple extraordinari urgent per donar explicacions p\u00fabliques sobre la seva actuaci\u00f3 en la crisi de Can Rova - Federaci\u00f3 Socialista d&#039;Eivissa","og_description":"El grup municipal del PSOE a l\u2019Ajuntament de Santa Eul\u00e0ria des Riu vol denunciar p\u00fablicament la negativa, per segona vegada, de l\u2019alcaldessa Carmen Ferrer a convocar un ple extraordinari urgent sol\u00b7licitat conjuntament pels regidors del PSOE i Unides Podem, per tractar la cr\u00edtica situaci\u00f3 de Can Rova. L\u2019alcaldessa Carmen Ferrer, en lloc de donar la&hellip;","og_url":"https:\/\/www.psib-psoe.org\/eivissa\/el-grup-municipal-del-psoe-denuncia-que-carmen-ferrer-es-amaga-i-es-nega-per-segona-vegada-a-convocar-un-ple-extraordinari-urgent-per-donar-explicacions-publiques-sobre-la-seva-actuacio-en-la-crisi-de\/","og_site_name":"Federaci\u00f3 Socialista d&#039;Eivissa","article_published_time":"2024-08-30T12:00:51+00:00","author":"Youssef Tissei","twitter_card":"summary_large_image","twitter_misc":{"Escrit per":"Youssef Tissei","Temps estimat de lectura":"3 minuts"},"schema":{"@context":"https:\/\/schema.org","@graph":[{"@type":["Article","BlogPosting"],"@id":"https:\/\/www.psib-psoe.org\/eivissa\/el-grup-municipal-del-psoe-denuncia-que-carmen-ferrer-es-amaga-i-es-nega-per-segona-vegada-a-convocar-un-ple-extraordinari-urgent-per-donar-explicacions-publiques-sobre-la-seva-actuacio-en-la-crisi-de\/#article","isPartOf":{"@id":"https:\/\/www.psib-psoe.org\/eivissa\/el-grup-municipal-del-psoe-denuncia-que-carmen-ferrer-es-amaga-i-es-nega-per-segona-vegada-a-convocar-un-ple-extraordinari-urgent-per-donar-explicacions-publiques-sobre-la-seva-actuacio-en-la-crisi-de\/"},"author":{"name":"Youssef Tissei","@id":"https:\/\/www.psib-psoe.org\/eivissa\/#\/schema\/person\/09dc97c6dbd7193472bedd9f78914ee6"},"headline":"El grup municipal del PSOE denuncia que Carmen Ferrer es amaga i es nega per segona vegada a convocar un ple extraordinari urgent per donar explicacions p\u00fabliques sobre la seva actuaci\u00f3 en la crisi de Can Rova","datePublished":"2024-08-30T12:00:51+00:00","mainEntityOfPage":{"@id":"https:\/\/www.psib-psoe.org\/eivissa\/el-grup-municipal-del-psoe-denuncia-que-carmen-ferrer-es-amaga-i-es-nega-per-segona-vegada-a-convocar-un-ple-extraordinari-urgent-per-donar-explicacions-publiques-sobre-la-seva-actuacio-en-la-crisi-de\/"},"wordCount":607,"publisher":{"@id":"https:\/\/www.psib-psoe.org\/eivissa\/#organization"},"articleSection":["FSE-PSOE","Municipis","Santa Eul\u00e0ria des Riu"],"inLanguage":"ca"},{"@type":"WebPage","@id":"https:\/\/www.psib-psoe.org\/eivissa\/el-grup-municipal-del-psoe-denuncia-que-carmen-ferrer-es-amaga-i-es-nega-per-segona-vegada-a-convocar-un-ple-extraordinari-urgent-per-donar-explicacions-publiques-sobre-la-seva-actuacio-en-la-crisi-de\/","url":"https:\/\/www.psib-psoe.org\/eivissa\/el-grup-municipal-del-psoe-denuncia-que-carmen-ferrer-es-amaga-i-es-nega-per-segona-vegada-a-convocar-un-ple-extraordinari-urgent-per-donar-explicacions-publiques-sobre-la-seva-actuacio-en-la-crisi-de\/","name":"El grup municipal del PSOE denuncia que Carmen Ferrer es amaga i es nega per segona vegada a convocar un ple extraordinari urgent per donar explicacions p\u00fabliques sobre la seva actuaci\u00f3 en la crisi de Can Rova - Federaci\u00f3 Socialista d&#039;Eivissa","isPartOf":{"@id":"https:\/\/www.psib-psoe.org\/eivissa\/#website"},"datePublished":"2024-08-30T12:00:51+00:00","breadcrumb":{"@id":"https:\/\/www.psib-psoe.org\/eivissa\/el-grup-municipal-del-psoe-denuncia-que-carmen-ferrer-es-amaga-i-es-nega-per-segona-vegada-a-convocar-un-ple-extraordinari-urgent-per-donar-explicacions-publiques-sobre-la-seva-actuacio-en-la-crisi-de\/#breadcrumb"},"inLanguage":"ca","potentialAction":[{"@type":"ReadAction","target":["https:\/\/www.psib-psoe.org\/eivissa\/el-grup-municipal-del-psoe-denuncia-que-carmen-ferrer-es-amaga-i-es-nega-per-segona-vegada-a-convocar-un-ple-extraordinari-urgent-per-donar-explicacions-publiques-sobre-la-seva-actuacio-en-la-crisi-de\/"]}]},{"@type":"BreadcrumbList","@id":"https:\/\/www.psib-psoe.org\/eivissa\/el-grup-municipal-del-psoe-denuncia-que-carmen-ferrer-es-amaga-i-es-nega-per-segona-vegada-a-convocar-un-ple-extraordinari-urgent-per-donar-explicacions-publiques-sobre-la-seva-actuacio-en-la-crisi-de\/#breadcrumb","itemListElement":[{"@type":"ListItem","position":1,"name":"Inici","item":"https:\/\/www.psib-psoe.org\/eivissa\/"},{"@type":"ListItem","position":2,"name":"El grup municipal del PSOE denuncia que Carmen Ferrer es amaga i es nega per segona vegada a convocar un ple extraordinari urgent per donar explicacions p\u00fabliques sobre la seva actuaci\u00f3 en la crisi de Can Rova"}]},{"@type":"WebSite","@id":"https:\/\/www.psib-psoe.org\/eivissa\/#website","url":"https:\/\/www.psib-psoe.org\/eivissa\/","name":"Federaci\u00f3 Socialista d'Eivissa","description":"Socialistes d&#039;Eivissa","publisher":{"@id":"https:\/\/www.psib-psoe.org\/eivissa\/#organization"},"potentialAction":[{"@type":"SearchAction","target":{"@type":"EntryPoint","urlTemplate":"https:\/\/www.psib-psoe.org\/eivissa\/?s={search_term_string}"},"query-input":{"@type":"PropertyValueSpecification","valueRequired":true,"valueName":"search_term_string"}}],"inLanguage":"ca"},{"@type":"Organization","@id":"https:\/\/www.psib-psoe.org\/eivissa\/#organization","name":"Federaci\u00f3 Socialista d'Eivissa","url":"https:\/\/www.psib-psoe.org\/eivissa\/","logo":{"@type":"ImageObject","inLanguage":"ca","@id":"https:\/\/www.psib-psoe.org\/eivissa\/#\/schema\/logo\/image\/","url":"https:\/\/www.psib-psoe.org\/eivissa\/wp-content\/uploads\/LOGO-FSE-SOCIALISTA-DEIVISSA-HORI.png","contentUrl":"https:\/\/www.psib-psoe.org\/eivissa\/wp-content\/uploads\/LOGO-FSE-SOCIALISTA-DEIVISSA-HORI.png","width":6000,"height":3104,"caption":"Federaci\u00f3 Socialista d'Eivissa"},"image":{"@id":"https:\/\/www.psib-psoe.org\/eivissa\/#\/schema\/logo\/image\/"}},{"@type":"Person","@id":"https:\/\/www.psib-psoe.org\/eivissa\/#\/schema\/person\/09dc97c6dbd7193472bedd9f78914ee6","name":"Youssef Tissei","url":"https:\/\/www.psib-psoe.org\/eivissa\/author\/tisseiyusef\/"}]}},"_links":{"self":[{"href":"https:\/\/www.psib-psoe.org\/eivissa\/wp-json\/wp\/v2\/posts\/39707","targetHints":{"allow":["GET"]}}],"collection":[{"href":"https:\/\/www.psib-psoe.org\/eivissa\/wp-json\/wp\/v2\/posts"}],"about":[{"href":"https:\/\/www.psib-psoe.org\/eivissa\/wp-json\/wp\/v2\/types\/post"}],"author":[{"embeddable":true,"href":"https:\/\/www.psib-psoe.org\/eivissa\/wp-json\/wp\/v2\/users\/13"}],"replies":[{"embeddable":true,"href":"https:\/\/www.psib-psoe.org\/eivissa\/wp-json\/wp\/v2\/comments?post=39707"}],"version-history":[{"count":1,"href":"https:\/\/www.psib-psoe.org\/eivissa\/wp-json\/wp\/v2\/posts\/39707\/revisions"}],"predecessor-version":[{"id":39708,"href":"https:\/\/www.psib-psoe.org\/eivissa\/wp-json\/wp\/v2\/posts\/39707\/revisions\/39708"}],"wp:attachment":[{"href":"https:\/\/www.psib-psoe.org\/eivissa\/wp-json\/wp\/v2\/media?parent=39707"}],"wp:term":[{"taxonomy":"category","embeddable":true,"href":"https:\/\/www.psib-psoe.org\/eivissa\/wp-json\/wp\/v2\/categories?post=39707"},{"taxonomy":"post_tag","embeddable":true,"href":"https:\/\/www.psib-psoe.org\/eivissa\/wp-json\/wp\/v2\/tags?post=39707"}],"curies":[{"name":"wp","href":"https:\/\/api.w.org\/{rel}","templated":true}]}}