{"id":39713,"date":"2024-09-02T12:13:31","date_gmt":"2024-09-02T10:13:31","guid":{"rendered":"https:\/\/www.psib-psoe.org\/eivissa\/?p=39713"},"modified":"2024-09-02T12:13:31","modified_gmt":"2024-09-02T10:13:31","slug":"el-psoe-de-santa-eularia-denuncia-labandonament-de-jesus-per-part-del-govern-local-del-pp","status":"publish","type":"post","link":"https:\/\/www.psib-psoe.org\/eivissa\/el-psoe-de-santa-eularia-denuncia-labandonament-de-jesus-per-part-del-govern-local-del-pp\/","title":{"rendered":"El PSOE de Santa Eul\u00e0ria denuncia l&#8217;abandonament de Jes\u00fas per part del Govern Local del PP"},"content":{"rendered":"<p>El grup municipal del PSOE a l&#8217;Ajuntament de\u00a0Santa Eul\u00e0ria vol denunciar la situaci\u00f3 insostenible que viuen els ve\u00efns de Jes\u00fas a causa de la falta d&#8217;acci\u00f3 i gesti\u00f3 efectiva per part de l&#8217;equip de govern municipal del Partit Popular, liderat per l&#8217;alcaldessa Carmen Ferrer. Les m\u00faltiples problem\u00e0tiques que afronta el poble continuen sense soluci\u00f3, afectant greument la qualitat de vida dels seus residents.<\/p>\n<p><strong>Caos circulatori i mala gesti\u00f3 del tr\u00e0nsit<\/strong><br \/>\nLa mobilitat i la circulaci\u00f3 del tr\u00e0nsit a Jes\u00fas s&#8217;han convertit en un veritable problema, especialment a l&#8217;avinguda Cap Martinet, on el caos \u00e9s ja habitual. Camions, cotxes en doble fila, canvis de sentit inadequats i estacionaments indeguts s\u00f3n nom\u00e9s algunes de les situacions di\u00e0ries que suporten els ve\u00efns sense que s&#8217;adoptin mesures efectives per millorar la situaci\u00f3.<\/p>\n<p>El desordre va augmentar amb l&#8217;execuci\u00f3 d&#8217;obres al carrer Gavina, que van desviar el tr\u00e0nsit cap a altres carrers com el carrer Tuc\u00e0, incrementant la pressi\u00f3 sobre les vies circumdants i creant m\u00e9s complicacions per als residents. Com si aix\u00f2 no fos prou, la instal\u00b7laci\u00f3 de sem\u00e0fors al centre del poble per part del Consell Insular, lluny de solucionar el problema, ha generat cues interminables i confusi\u00f3 tant per a conductors com per a vianants. Una inversi\u00f3 costosa que, a dia d&#8217;avui, segueix sense aportar millores visibles.<\/p>\n<p><strong>Obres inacabades i promeses incomplertes<\/strong><br \/>\nLa manca de planificaci\u00f3 i la gesti\u00f3 deficient tamb\u00e9 es reflecteixen al carrer Canari, que es va reobrir al tr\u00e0nsit amb m\u00e9s d&#8217;un mes de retard i m\u00faltiples defici\u00e8ncies encara per resoldre. De la mateixa manera, les promeses de millores al cam\u00ed de Ses Pitreres continuen sent promeses buides, amb anys de reunions entre els ve\u00efns i l&#8217;equip de govern sense resultats tangibles.<\/p>\n<p><strong>Proliferaci\u00f3 de males olors i falta d&#8217;higiene<\/strong><br \/>\nJes\u00fas tamb\u00e9 pateix les males olors procedents de l&#8217;abocador de Ca na Putxa, que juntament amb la deficient neteja dels carrers, els vessaments fecals al Torrent de sa Llavanera i la pres\u00e8ncia d&#8217;animals solts, creen un entorn insalubre. Tot i les queixes dels ve\u00efns, les autoritats del Partit Popular no han ofert solucions reals, limitant-se a culpar l&#8217;incivisme dels residents.<\/p>\n<p><strong>Sorolls i falta de control de les festes<\/strong><br \/>\nEl descontrol de les festes \u00e9s una altra de les greus problem\u00e0tiques que afecta el poble. El complex hoteler a Cap Martinet, que inicialment havia acordat celebrar un m\u00e0xim de 12 macrofestes, ha incrementat aquest nombre a 14, generant m\u00e9s soroll i caos a la zona sense que l&#8217;Ajuntament prengui mesures. A aix\u00f2 s&#8217;hi sumen les festes il\u00b7legals a vil\u00b7les privades, amb m\u00fasica a tot volum i sense cap supervisi\u00f3. La manca de recursos per a la Policia Local fa impossible un control efectiu, mentre els ve\u00efns suporten la impunitat d&#8217;aquests esdeveniments.<\/p>\n<p><strong>Falta d&#8217;infraestructures esportives i educatives<\/strong><br \/>\nJes\u00fas continua sense rebre la inversi\u00f3 necess\u00e0ria en infraestructures esportives i educatives. La promesa de la creaci\u00f3 d&#8217;una escoleta p\u00fablica segueix sense complir-se, tot i comptar amb un terreny disponible al costat del CEIP Nuestra Se\u00f1ora de Jes\u00fas. L&#8217;espai esportiu al costat del camp de futbol, licitat fa gaireb\u00e9 un any, segueix sense materialitzar-se, reflectint la manca de comprom\u00eds de l&#8217;equip de govern del PP amb les necessitats del poble.<\/p>\n<p>Des del PSOE de Santa Eul\u00e0ria exigim que l&#8217;equip de govern del Partit Popular deixi d&#8217;excusar-se i assumeixi les seves responsabilitats. Jes\u00fas necessita solucions efectives i un govern que estigui a l&#8217;altura dels seus ciutadans. \u00c9s inacceptable que l&#8217;alcaldessa Carmen Ferrer continu\u00ef presumint de la seva gesti\u00f3 mentre els problemes reals dels ve\u00efns s\u00f3n ignorats. Els residents de Jes\u00fas no poden seguir esperant m\u00e9s.<\/p>\n<p>\u00c9s hora que l&#8217;equip de govern del Partit Popular gestioni i inverteixi m\u00e9s enll\u00e0 de les fronteres del nucli poblacional de Santa Eul\u00e0ria des Riu i ofereixi respostes concretes a les demandes d&#8217;un poble que se sent oblidat. Jes\u00fas mereix un equip de govern que estigui a l&#8217;altura de les seves expectatives i necessitats.<\/p>\n","protected":false},"excerpt":{"rendered":"<p>El grup municipal del PSOE a l&#8217;Ajuntament de\u00a0Santa Eul\u00e0ria vol denunciar la situaci\u00f3 insostenible que viuen els ve\u00efns de Jes\u00fas a causa de la falta d&#8217;acci\u00f3 i gesti\u00f3 efectiva per part de l&#8217;equip de govern municipal del Partit Popular, liderat per l&#8217;alcaldessa Carmen Ferrer. Les m\u00faltiples problem\u00e0tiques que afronta el poble continuen sense soluci\u00f3, afectant&hellip;<\/p>\n","protected":false},"author":13,"featured_media":38675,"comment_status":"closed","ping_status":"closed","sticky":false,"template":"","format":"standard","meta":{"footnotes":""},"categories":[1,234,186],"tags":[],"class_list":["post-39713","post","type-post","status-publish","format-standard","has-post-thumbnail","hentry","category-federacio-de-eivissa-portada","category-municipis","category-santa-eularia-des-riu"],"yoast_head":"<!-- This site is optimized with the Yoast SEO plugin v26.9 - https:\/\/yoast.com\/product\/yoast-seo-wordpress\/ -->\n<title>El PSOE de Santa Eul\u00e0ria denuncia l&#039;abandonament de Jes\u00fas per part del Govern Local del PP - Federaci\u00f3 Socialista d&#039;Eivissa<\/title>\n<meta name=\"robots\" content=\"index, follow, max-snippet:-1, max-image-preview:large, max-video-preview:-1\" \/>\n<link rel=\"canonical\" href=\"https:\/\/www.psib-psoe.org\/eivissa\/el-psoe-de-santa-eularia-denuncia-labandonament-de-jesus-per-part-del-govern-local-del-pp\/\" \/>\n<meta property=\"og:locale\" content=\"ca_ES\" \/>\n<meta property=\"og:type\" content=\"article\" \/>\n<meta property=\"og:title\" content=\"El PSOE de Santa Eul\u00e0ria denuncia l&#039;abandonament de Jes\u00fas per part del Govern Local del PP - Federaci\u00f3 Socialista d&#039;Eivissa\" \/>\n<meta property=\"og:description\" content=\"El grup municipal del PSOE a l&#8217;Ajuntament de\u00a0Santa Eul\u00e0ria vol denunciar la situaci\u00f3 insostenible que viuen els ve\u00efns de Jes\u00fas a causa de la falta d&#8217;acci\u00f3 i gesti\u00f3 efectiva per part de l&#8217;equip de govern municipal del Partit Popular, liderat per l&#8217;alcaldessa Carmen Ferrer. Les m\u00faltiples problem\u00e0tiques que afronta el poble continuen sense soluci\u00f3, afectant&hellip;\" \/>\n<meta property=\"og:url\" content=\"https:\/\/www.psib-psoe.org\/eivissa\/el-psoe-de-santa-eularia-denuncia-labandonament-de-jesus-per-part-del-govern-local-del-pp\/\" \/>\n<meta property=\"og:site_name\" content=\"Federaci\u00f3 Socialista d&#039;Eivissa\" \/>\n<meta property=\"article:published_time\" content=\"2024-09-02T10:13:31+00:00\" \/>\n<meta property=\"og:image\" content=\"https:\/\/www.psib-psoe.org\/eivissa\/wp-content\/uploads\/1caos-a-jesus.jpeg\" \/>\n\t<meta property=\"og:image:width\" content=\"1247\" \/>\n\t<meta property=\"og:image:height\" content=\"935\" \/>\n\t<meta property=\"og:image:type\" content=\"image\/jpeg\" \/>\n<meta name=\"author\" content=\"Youssef Tissei\" \/>\n<meta name=\"twitter:card\" content=\"summary_large_image\" \/>\n<meta name=\"twitter:label1\" content=\"Escrit per\" \/>\n\t<meta name=\"twitter:data1\" content=\"Youssef Tissei\" \/>\n\t<meta name=\"twitter:label2\" content=\"Temps estimat de lectura\" \/>\n\t<meta name=\"twitter:data2\" content=\"3 minuts\" \/>\n<script type=\"application\/ld+json\" class=\"yoast-schema-graph\">{\"@context\":\"https:\/\/schema.org\",\"@graph\":[{\"@type\":[\"Article\",\"BlogPosting\"],\"@id\":\"https:\/\/www.psib-psoe.org\/eivissa\/el-psoe-de-santa-eularia-denuncia-labandonament-de-jesus-per-part-del-govern-local-del-pp\/#article\",\"isPartOf\":{\"@id\":\"https:\/\/www.psib-psoe.org\/eivissa\/el-psoe-de-santa-eularia-denuncia-labandonament-de-jesus-per-part-del-govern-local-del-pp\/\"},\"author\":{\"name\":\"Youssef Tissei\",\"@id\":\"https:\/\/www.psib-psoe.org\/eivissa\/#\/schema\/person\/09dc97c6dbd7193472bedd9f78914ee6\"},\"headline\":\"El PSOE de Santa Eul\u00e0ria denuncia l&#8217;abandonament de Jes\u00fas per part del Govern Local del PP\",\"datePublished\":\"2024-09-02T10:13:31+00:00\",\"mainEntityOfPage\":{\"@id\":\"https:\/\/www.psib-psoe.org\/eivissa\/el-psoe-de-santa-eularia-denuncia-labandonament-de-jesus-per-part-del-govern-local-del-pp\/\"},\"wordCount\":706,\"publisher\":{\"@id\":\"https:\/\/www.psib-psoe.org\/eivissa\/#organization\"},\"image\":{\"@id\":\"https:\/\/www.psib-psoe.org\/eivissa\/el-psoe-de-santa-eularia-denuncia-labandonament-de-jesus-per-part-del-govern-local-del-pp\/#primaryimage\"},\"thumbnailUrl\":\"https:\/\/www.psib-psoe.org\/eivissa\/wp-content\/uploads\/1caos-a-jesus.jpeg\",\"articleSection\":[\"Federaci\u00f3 d'Eivissa - Portada\",\"Municipis\",\"Santa Eul\u00e0ria des Riu\"],\"inLanguage\":\"ca\"},{\"@type\":\"WebPage\",\"@id\":\"https:\/\/www.psib-psoe.org\/eivissa\/el-psoe-de-santa-eularia-denuncia-labandonament-de-jesus-per-part-del-govern-local-del-pp\/\",\"url\":\"https:\/\/www.psib-psoe.org\/eivissa\/el-psoe-de-santa-eularia-denuncia-labandonament-de-jesus-per-part-del-govern-local-del-pp\/\",\"name\":\"El PSOE de Santa Eul\u00e0ria denuncia l'abandonament de Jes\u00fas per part del Govern Local del PP - Federaci\u00f3 Socialista d&#039;Eivissa\",\"isPartOf\":{\"@id\":\"https:\/\/www.psib-psoe.org\/eivissa\/#website\"},\"primaryImageOfPage\":{\"@id\":\"https:\/\/www.psib-psoe.org\/eivissa\/el-psoe-de-santa-eularia-denuncia-labandonament-de-jesus-per-part-del-govern-local-del-pp\/#primaryimage\"},\"image\":{\"@id\":\"https:\/\/www.psib-psoe.org\/eivissa\/el-psoe-de-santa-eularia-denuncia-labandonament-de-jesus-per-part-del-govern-local-del-pp\/#primaryimage\"},\"thumbnailUrl\":\"https:\/\/www.psib-psoe.org\/eivissa\/wp-content\/uploads\/1caos-a-jesus.jpeg\",\"datePublished\":\"2024-09-02T10:13:31+00:00\",\"breadcrumb\":{\"@id\":\"https:\/\/www.psib-psoe.org\/eivissa\/el-psoe-de-santa-eularia-denuncia-labandonament-de-jesus-per-part-del-govern-local-del-pp\/#breadcrumb\"},\"inLanguage\":\"ca\",\"potentialAction\":[{\"@type\":\"ReadAction\",\"target\":[\"https:\/\/www.psib-psoe.org\/eivissa\/el-psoe-de-santa-eularia-denuncia-labandonament-de-jesus-per-part-del-govern-local-del-pp\/\"]}]},{\"@type\":\"ImageObject\",\"inLanguage\":\"ca\",\"@id\":\"https:\/\/www.psib-psoe.org\/eivissa\/el-psoe-de-santa-eularia-denuncia-labandonament-de-jesus-per-part-del-govern-local-del-pp\/#primaryimage\",\"url\":\"https:\/\/www.psib-psoe.org\/eivissa\/wp-content\/uploads\/1caos-a-jesus.jpeg\",\"contentUrl\":\"https:\/\/www.psib-psoe.org\/eivissa\/wp-content\/uploads\/1caos-a-jesus.jpeg\",\"width\":1247,\"height\":935},{\"@type\":\"BreadcrumbList\",\"@id\":\"https:\/\/www.psib-psoe.org\/eivissa\/el-psoe-de-santa-eularia-denuncia-labandonament-de-jesus-per-part-del-govern-local-del-pp\/#breadcrumb\",\"itemListElement\":[{\"@type\":\"ListItem\",\"position\":1,\"name\":\"Inici\",\"item\":\"https:\/\/www.psib-psoe.org\/eivissa\/\"},{\"@type\":\"ListItem\",\"position\":2,\"name\":\"El PSOE de Santa Eul\u00e0ria denuncia l&#8217;abandonament de Jes\u00fas per part del Govern Local del PP\"}]},{\"@type\":\"WebSite\",\"@id\":\"https:\/\/www.psib-psoe.org\/eivissa\/#website\",\"url\":\"https:\/\/www.psib-psoe.org\/eivissa\/\",\"name\":\"Federaci\u00f3 Socialista d'Eivissa\",\"description\":\"Socialistes d&#039;Eivissa\",\"publisher\":{\"@id\":\"https:\/\/www.psib-psoe.org\/eivissa\/#organization\"},\"potentialAction\":[{\"@type\":\"SearchAction\",\"target\":{\"@type\":\"EntryPoint\",\"urlTemplate\":\"https:\/\/www.psib-psoe.org\/eivissa\/?s={search_term_string}\"},\"query-input\":{\"@type\":\"PropertyValueSpecification\",\"valueRequired\":true,\"valueName\":\"search_term_string\"}}],\"inLanguage\":\"ca\"},{\"@type\":\"Organization\",\"@id\":\"https:\/\/www.psib-psoe.org\/eivissa\/#organization\",\"name\":\"Federaci\u00f3 Socialista d'Eivissa\",\"url\":\"https:\/\/www.psib-psoe.org\/eivissa\/\",\"logo\":{\"@type\":\"ImageObject\",\"inLanguage\":\"ca\",\"@id\":\"https:\/\/www.psib-psoe.org\/eivissa\/#\/schema\/logo\/image\/\",\"url\":\"https:\/\/www.psib-psoe.org\/eivissa\/wp-content\/uploads\/LOGO-FSE-SOCIALISTA-DEIVISSA-HORI.png\",\"contentUrl\":\"https:\/\/www.psib-psoe.org\/eivissa\/wp-content\/uploads\/LOGO-FSE-SOCIALISTA-DEIVISSA-HORI.png\",\"width\":6000,\"height\":3104,\"caption\":\"Federaci\u00f3 Socialista d'Eivissa\"},\"image\":{\"@id\":\"https:\/\/www.psib-psoe.org\/eivissa\/#\/schema\/logo\/image\/\"}},{\"@type\":\"Person\",\"@id\":\"https:\/\/www.psib-psoe.org\/eivissa\/#\/schema\/person\/09dc97c6dbd7193472bedd9f78914ee6\",\"name\":\"Youssef Tissei\",\"url\":\"https:\/\/www.psib-psoe.org\/eivissa\/author\/tisseiyusef\/\"}]}<\/script>\n<!-- \/ Yoast SEO plugin. -->","yoast_head_json":{"title":"El PSOE de Santa Eul\u00e0ria denuncia l'abandonament de Jes\u00fas per part del Govern Local del PP - Federaci\u00f3 Socialista d&#039;Eivissa","robots":{"index":"index","follow":"follow","max-snippet":"max-snippet:-1","max-image-preview":"max-image-preview:large","max-video-preview":"max-video-preview:-1"},"canonical":"https:\/\/www.psib-psoe.org\/eivissa\/el-psoe-de-santa-eularia-denuncia-labandonament-de-jesus-per-part-del-govern-local-del-pp\/","og_locale":"ca_ES","og_type":"article","og_title":"El PSOE de Santa Eul\u00e0ria denuncia l'abandonament de Jes\u00fas per part del Govern Local del PP - Federaci\u00f3 Socialista d&#039;Eivissa","og_description":"El grup municipal del PSOE a l&#8217;Ajuntament de\u00a0Santa Eul\u00e0ria vol denunciar la situaci\u00f3 insostenible que viuen els ve\u00efns de Jes\u00fas a causa de la falta d&#8217;acci\u00f3 i gesti\u00f3 efectiva per part de l&#8217;equip de govern municipal del Partit Popular, liderat per l&#8217;alcaldessa Carmen Ferrer. Les m\u00faltiples problem\u00e0tiques que afronta el poble continuen sense soluci\u00f3, afectant&hellip;","og_url":"https:\/\/www.psib-psoe.org\/eivissa\/el-psoe-de-santa-eularia-denuncia-labandonament-de-jesus-per-part-del-govern-local-del-pp\/","og_site_name":"Federaci\u00f3 Socialista d&#039;Eivissa","article_published_time":"2024-09-02T10:13:31+00:00","og_image":[{"width":1247,"height":935,"url":"https:\/\/www.psib-psoe.org\/eivissa\/wp-content\/uploads\/1caos-a-jesus.jpeg","type":"image\/jpeg"}],"author":"Youssef Tissei","twitter_card":"summary_large_image","twitter_misc":{"Escrit per":"Youssef Tissei","Temps estimat de lectura":"3 minuts"},"schema":{"@context":"https:\/\/schema.org","@graph":[{"@type":["Article","BlogPosting"],"@id":"https:\/\/www.psib-psoe.org\/eivissa\/el-psoe-de-santa-eularia-denuncia-labandonament-de-jesus-per-part-del-govern-local-del-pp\/#article","isPartOf":{"@id":"https:\/\/www.psib-psoe.org\/eivissa\/el-psoe-de-santa-eularia-denuncia-labandonament-de-jesus-per-part-del-govern-local-del-pp\/"},"author":{"name":"Youssef Tissei","@id":"https:\/\/www.psib-psoe.org\/eivissa\/#\/schema\/person\/09dc97c6dbd7193472bedd9f78914ee6"},"headline":"El PSOE de Santa Eul\u00e0ria denuncia l&#8217;abandonament de Jes\u00fas per part del Govern Local del PP","datePublished":"2024-09-02T10:13:31+00:00","mainEntityOfPage":{"@id":"https:\/\/www.psib-psoe.org\/eivissa\/el-psoe-de-santa-eularia-denuncia-labandonament-de-jesus-per-part-del-govern-local-del-pp\/"},"wordCount":706,"publisher":{"@id":"https:\/\/www.psib-psoe.org\/eivissa\/#organization"},"image":{"@id":"https:\/\/www.psib-psoe.org\/eivissa\/el-psoe-de-santa-eularia-denuncia-labandonament-de-jesus-per-part-del-govern-local-del-pp\/#primaryimage"},"thumbnailUrl":"https:\/\/www.psib-psoe.org\/eivissa\/wp-content\/uploads\/1caos-a-jesus.jpeg","articleSection":["Federaci\u00f3 d'Eivissa - Portada","Municipis","Santa Eul\u00e0ria des Riu"],"inLanguage":"ca"},{"@type":"WebPage","@id":"https:\/\/www.psib-psoe.org\/eivissa\/el-psoe-de-santa-eularia-denuncia-labandonament-de-jesus-per-part-del-govern-local-del-pp\/","url":"https:\/\/www.psib-psoe.org\/eivissa\/el-psoe-de-santa-eularia-denuncia-labandonament-de-jesus-per-part-del-govern-local-del-pp\/","name":"El PSOE de Santa Eul\u00e0ria denuncia l'abandonament de Jes\u00fas per part del Govern Local del PP - Federaci\u00f3 Socialista d&#039;Eivissa","isPartOf":{"@id":"https:\/\/www.psib-psoe.org\/eivissa\/#website"},"primaryImageOfPage":{"@id":"https:\/\/www.psib-psoe.org\/eivissa\/el-psoe-de-santa-eularia-denuncia-labandonament-de-jesus-per-part-del-govern-local-del-pp\/#primaryimage"},"image":{"@id":"https:\/\/www.psib-psoe.org\/eivissa\/el-psoe-de-santa-eularia-denuncia-labandonament-de-jesus-per-part-del-govern-local-del-pp\/#primaryimage"},"thumbnailUrl":"https:\/\/www.psib-psoe.org\/eivissa\/wp-content\/uploads\/1caos-a-jesus.jpeg","datePublished":"2024-09-02T10:13:31+00:00","breadcrumb":{"@id":"https:\/\/www.psib-psoe.org\/eivissa\/el-psoe-de-santa-eularia-denuncia-labandonament-de-jesus-per-part-del-govern-local-del-pp\/#breadcrumb"},"inLanguage":"ca","potentialAction":[{"@type":"ReadAction","target":["https:\/\/www.psib-psoe.org\/eivissa\/el-psoe-de-santa-eularia-denuncia-labandonament-de-jesus-per-part-del-govern-local-del-pp\/"]}]},{"@type":"ImageObject","inLanguage":"ca","@id":"https:\/\/www.psib-psoe.org\/eivissa\/el-psoe-de-santa-eularia-denuncia-labandonament-de-jesus-per-part-del-govern-local-del-pp\/#primaryimage","url":"https:\/\/www.psib-psoe.org\/eivissa\/wp-content\/uploads\/1caos-a-jesus.jpeg","contentUrl":"https:\/\/www.psib-psoe.org\/eivissa\/wp-content\/uploads\/1caos-a-jesus.jpeg","width":1247,"height":935},{"@type":"BreadcrumbList","@id":"https:\/\/www.psib-psoe.org\/eivissa\/el-psoe-de-santa-eularia-denuncia-labandonament-de-jesus-per-part-del-govern-local-del-pp\/#breadcrumb","itemListElement":[{"@type":"ListItem","position":1,"name":"Inici","item":"https:\/\/www.psib-psoe.org\/eivissa\/"},{"@type":"ListItem","position":2,"name":"El PSOE de Santa Eul\u00e0ria denuncia l&#8217;abandonament de Jes\u00fas per part del Govern Local del PP"}]},{"@type":"WebSite","@id":"https:\/\/www.psib-psoe.org\/eivissa\/#website","url":"https:\/\/www.psib-psoe.org\/eivissa\/","name":"Federaci\u00f3 Socialista d'Eivissa","description":"Socialistes d&#039;Eivissa","publisher":{"@id":"https:\/\/www.psib-psoe.org\/eivissa\/#organization"},"potentialAction":[{"@type":"SearchAction","target":{"@type":"EntryPoint","urlTemplate":"https:\/\/www.psib-psoe.org\/eivissa\/?s={search_term_string}"},"query-input":{"@type":"PropertyValueSpecification","valueRequired":true,"valueName":"search_term_string"}}],"inLanguage":"ca"},{"@type":"Organization","@id":"https:\/\/www.psib-psoe.org\/eivissa\/#organization","name":"Federaci\u00f3 Socialista d'Eivissa","url":"https:\/\/www.psib-psoe.org\/eivissa\/","logo":{"@type":"ImageObject","inLanguage":"ca","@id":"https:\/\/www.psib-psoe.org\/eivissa\/#\/schema\/logo\/image\/","url":"https:\/\/www.psib-psoe.org\/eivissa\/wp-content\/uploads\/LOGO-FSE-SOCIALISTA-DEIVISSA-HORI.png","contentUrl":"https:\/\/www.psib-psoe.org\/eivissa\/wp-content\/uploads\/LOGO-FSE-SOCIALISTA-DEIVISSA-HORI.png","width":6000,"height":3104,"caption":"Federaci\u00f3 Socialista d'Eivissa"},"image":{"@id":"https:\/\/www.psib-psoe.org\/eivissa\/#\/schema\/logo\/image\/"}},{"@type":"Person","@id":"https:\/\/www.psib-psoe.org\/eivissa\/#\/schema\/person\/09dc97c6dbd7193472bedd9f78914ee6","name":"Youssef Tissei","url":"https:\/\/www.psib-psoe.org\/eivissa\/author\/tisseiyusef\/"}]}},"_links":{"self":[{"href":"https:\/\/www.psib-psoe.org\/eivissa\/wp-json\/wp\/v2\/posts\/39713","targetHints":{"allow":["GET"]}}],"collection":[{"href":"https:\/\/www.psib-psoe.org\/eivissa\/wp-json\/wp\/v2\/posts"}],"about":[{"href":"https:\/\/www.psib-psoe.org\/eivissa\/wp-json\/wp\/v2\/types\/post"}],"author":[{"embeddable":true,"href":"https:\/\/www.psib-psoe.org\/eivissa\/wp-json\/wp\/v2\/users\/13"}],"replies":[{"embeddable":true,"href":"https:\/\/www.psib-psoe.org\/eivissa\/wp-json\/wp\/v2\/comments?post=39713"}],"version-history":[{"count":5,"href":"https:\/\/www.psib-psoe.org\/eivissa\/wp-json\/wp\/v2\/posts\/39713\/revisions"}],"predecessor-version":[{"id":39719,"href":"https:\/\/www.psib-psoe.org\/eivissa\/wp-json\/wp\/v2\/posts\/39713\/revisions\/39719"}],"wp:featuredmedia":[{"embeddable":true,"href":"https:\/\/www.psib-psoe.org\/eivissa\/wp-json\/wp\/v2\/media\/38675"}],"wp:attachment":[{"href":"https:\/\/www.psib-psoe.org\/eivissa\/wp-json\/wp\/v2\/media?parent=39713"}],"wp:term":[{"taxonomy":"category","embeddable":true,"href":"https:\/\/www.psib-psoe.org\/eivissa\/wp-json\/wp\/v2\/categories?post=39713"},{"taxonomy":"post_tag","embeddable":true,"href":"https:\/\/www.psib-psoe.org\/eivissa\/wp-json\/wp\/v2\/tags?post=39713"}],"curies":[{"name":"wp","href":"https:\/\/api.w.org\/{rel}","templated":true}]}}