{"id":39749,"date":"2024-09-05T11:02:18","date_gmt":"2024-09-05T09:02:18","guid":{"rendered":"https:\/\/www.psib-psoe.org\/eivissa\/?p=39749"},"modified":"2024-09-05T11:02:18","modified_gmt":"2024-09-05T09:02:18","slug":"el-grup-municipal-socialista-denuncia-la-falta-de-transparencia-del-govern-de-carmen-ferrer-ja-que-tres-mesos-despres-de-sollicitar-copia-de-lexpedient-de-contractacions-del-local-de-servei","status":"publish","type":"post","link":"https:\/\/www.psib-psoe.org\/eivissa\/el-grup-municipal-socialista-denuncia-la-falta-de-transparencia-del-govern-de-carmen-ferrer-ja-que-tres-mesos-despres-de-sollicitar-copia-de-lexpedient-de-contractacions-del-local-de-servei\/","title":{"rendered":"El grup municipal socialista denuncia la falta de transpar\u00e8ncia del govern de Carmen Ferrer, ja que, tres mesos despr\u00e9s de sol\u00b7licitar c\u00f2pia de l\u2019expedient de contractacions del local de Serveis Socials, no s\u2019ha obtingut resposta."},"content":{"rendered":"<p><span translate=\"no\"> El Grup Municipal Socialista a l\u2019Ajuntament de Santa Eul\u00e0ria \u00a0des Riu vol denunciar p\u00fablicament la manca de transpar\u00e8ncia i l\u2019obstrucci\u00f3 a la feina de l\u2019oposici\u00f3 per part de l\u2019equip de govern encap\u00e7alat per Carmen Ferrer. M\u00e9s de tres mesos despr\u00e9s de sol\u00b7licitar formalment c\u00f2pia de l\u2019expedient de contractaci\u00f3 del local per a Serveis Socials amb l\u2019empresa Tur Rubio S.L., encara no s\u2019ha rebut cap resposta, cosa que impedeix l\u2019exercici adequat de control i fiscalitzaci\u00f3 que correspon a l\u2019oposici\u00f3.<\/p>\n<p>La negativa reiterada de l\u2019Ajuntament a proporcionar aquesta documentaci\u00f3 evidencia una clara falta de transpar\u00e8ncia i una preocupant manca de voluntat per actuar davant unes irregularitats d\u2019extrema gravetat. Com es va denunciar el passat 12 de juny, el tinent d\u2019alcalde, Miguel Tur Rubio, va adjudicar un contracte de lloguer a la seva pr\u00f2pia empresa per un valor de 500.000 euros durant 15 anys, a m\u00e9s de beneficiar-se d\u2019una reforma integral del local per un import addicional de 334.000 euros, la qual cosa eleva l\u2019import total adjudicat a la seva empresa a m\u00e9s de 800.000 euros.<\/p>\n<p>El Grup Socialista a l\u2019Ajuntament de <span translate=\"no\"> Santa Eul\u00e0ria des Riu\u00a0va presentar el passat 28 de maig una sol\u00b7licitud per obtenir c\u00f2pia de tot l\u2019expedient de contractaci\u00f3 del local de Serveis Socials que es troba sota sospita. Passats m\u00e9s de 3 mesos des de la sol\u00b7licitud, sense haver rebut resposta per part de Carmen Ferrer i el seu equip, el grup municipal del PSOE exigeix que es faciliti aquesta informaci\u00f3 de manera immediata.<\/p>\n<p>El grup municipal del PSOE considera que la ciutadania de\u00a0Santa Eul\u00e0ria des Riu mereix una gesti\u00f3 municipal transparent i lliure de sospites d\u2019irregularitats, ajustada estrictament a la legalitat vigent. Si Carmen Ferrer continua ocultant informaci\u00f3 a l\u2019oposici\u00f3, des del Grup Socialista acudirem al Consell de Transpar\u00e8ncia i Bon Govern perqu\u00e8 l\u2019obligui a facilitar la informaci\u00f3 que, com a grup pol\u00edtic, tenim dret a obtenir.<\/p>\n<p><strong>Cronologia de la den\u00fancia:<\/strong><\/p>\n<ul>\n<li>El mar\u00e7 de 2020, l\u2019Ajuntament de \u00a0<span translate=\"no\"> Santa Eul\u00e0ria \u00a0va iniciar un proc\u00e9s per llogar un local destinat al Departament de Benestar Social mitjan\u00e7ant un concurs p\u00fablic.<\/li>\n<li>Al setembre de 2020, el contracte va ser adjudicat a l\u2019empresa Tur Rubio S.L., propietat en un 17,35% de Miguel Tur Rubio, sent aquesta l\u2019\u00fanica oferta presentada.<\/li>\n<li>El contracte de lloguer ascendia a 499.590 euros, als quals es va sumar una inversi\u00f3 de 333.815,22 euros per a la reforma del local, la qual cosa beneficia directament l\u2019empresa un cop finalitzat el contracte.<\/li>\n<li>L\u2019empresa Tur Rubio S.L., la principal activitat de la qual \u00e9s la venda d\u2019electrodom\u00e8stics, no es dedica al lloguer de locals, fet que refor\u00e7a les sospites d\u2019irregularitats en l\u2019adjudicaci\u00f3.<\/li>\n<\/ul>\n<p>El Grup Municipal Socialista insta Carmen Ferrer i el seu equip de govern a complir amb la seva obligaci\u00f3 de respondre a les sol\u00b7licituds de l\u2019oposici\u00f3 i facilitar tota la documentaci\u00f3 requerida per garantir la transpar\u00e8ncia i la correcta gesti\u00f3 dels recursos p\u00fablics. Aix\u00ed mateix, s\u2019exigeix que es prenguin mesures urgents per corregir aquesta situaci\u00f3.<\/p>\n","protected":false},"excerpt":{"rendered":"<p>El Grup Municipal Socialista a l\u2019Ajuntament de Santa Eul\u00e0ria \u00a0des Riu vol denunciar p\u00fablicament la manca de transpar\u00e8ncia i l\u2019obstrucci\u00f3 a la feina de l\u2019oposici\u00f3 per part de l\u2019equip de govern encap\u00e7alat per Carmen Ferrer. M\u00e9s de tres mesos despr\u00e9s de sol\u00b7licitar formalment c\u00f2pia de l\u2019expedient de contractaci\u00f3 del local per a Serveis Socials amb&hellip;<\/p>\n","protected":false},"author":13,"featured_media":39322,"comment_status":"closed","ping_status":"closed","sticky":false,"template":"","format":"standard","meta":{"footnotes":""},"categories":[212,234,186],"tags":[],"class_list":["post-39749","post","type-post","status-publish","format-standard","has-post-thumbnail","hentry","category-fse-psoe","category-municipis","category-santa-eularia-des-riu"],"yoast_head":"<!-- This site is optimized with the Yoast SEO plugin v26.9 - https:\/\/yoast.com\/product\/yoast-seo-wordpress\/ -->\n<title>El grup municipal socialista denuncia la falta de transpar\u00e8ncia del govern de Carmen Ferrer, ja que, tres mesos despr\u00e9s de sol\u00b7licitar c\u00f2pia de l\u2019expedient de contractacions del local de Serveis Socials, no s\u2019ha obtingut resposta. - Federaci\u00f3 Socialista d&#039;Eivissa<\/title>\n<meta name=\"robots\" content=\"index, follow, max-snippet:-1, max-image-preview:large, max-video-preview:-1\" \/>\n<link rel=\"canonical\" href=\"https:\/\/www.psib-psoe.org\/eivissa\/el-grup-municipal-socialista-denuncia-la-falta-de-transparencia-del-govern-de-carmen-ferrer-ja-que-tres-mesos-despres-de-sollicitar-copia-de-lexpedient-de-contractacions-del-local-de-servei\/\" \/>\n<meta property=\"og:locale\" content=\"ca_ES\" \/>\n<meta property=\"og:type\" content=\"article\" \/>\n<meta property=\"og:title\" content=\"El grup municipal socialista denuncia la falta de transpar\u00e8ncia del govern de Carmen Ferrer, ja que, tres mesos despr\u00e9s de sol\u00b7licitar c\u00f2pia de l\u2019expedient de contractacions del local de Serveis Socials, no s\u2019ha obtingut resposta. - Federaci\u00f3 Socialista d&#039;Eivissa\" \/>\n<meta property=\"og:description\" content=\"El Grup Municipal Socialista a l\u2019Ajuntament de Santa Eul\u00e0ria \u00a0des Riu vol denunciar p\u00fablicament la manca de transpar\u00e8ncia i l\u2019obstrucci\u00f3 a la feina de l\u2019oposici\u00f3 per part de l\u2019equip de govern encap\u00e7alat per Carmen Ferrer. M\u00e9s de tres mesos despr\u00e9s de sol\u00b7licitar formalment c\u00f2pia de l\u2019expedient de contractaci\u00f3 del local per a Serveis Socials amb&hellip;\" \/>\n<meta property=\"og:url\" content=\"https:\/\/www.psib-psoe.org\/eivissa\/el-grup-municipal-socialista-denuncia-la-falta-de-transparencia-del-govern-de-carmen-ferrer-ja-que-tres-mesos-despres-de-sollicitar-copia-de-lexpedient-de-contractacions-del-local-de-servei\/\" \/>\n<meta property=\"og:site_name\" content=\"Federaci\u00f3 Socialista d&#039;Eivissa\" \/>\n<meta property=\"article:published_time\" content=\"2024-09-05T09:02:18+00:00\" \/>\n<meta property=\"og:image\" content=\"https:\/\/www.psib-psoe.org\/eivissa\/wp-content\/uploads\/2roda-de-premsa-santa-eularia-scaled.jpg\" \/>\n\t<meta property=\"og:image:width\" content=\"2560\" \/>\n\t<meta property=\"og:image:height\" content=\"1436\" \/>\n\t<meta property=\"og:image:type\" content=\"image\/jpeg\" \/>\n<meta name=\"author\" content=\"Youssef Tissei\" \/>\n<meta name=\"twitter:card\" content=\"summary_large_image\" \/>\n<meta name=\"twitter:label1\" content=\"Escrit per\" \/>\n\t<meta name=\"twitter:data1\" content=\"Youssef Tissei\" \/>\n\t<meta name=\"twitter:label2\" content=\"Temps estimat de lectura\" \/>\n\t<meta name=\"twitter:data2\" content=\"3 minuts\" \/>\n<script type=\"application\/ld+json\" class=\"yoast-schema-graph\">{\"@context\":\"https:\/\/schema.org\",\"@graph\":[{\"@type\":[\"Article\",\"BlogPosting\"],\"@id\":\"https:\/\/www.psib-psoe.org\/eivissa\/el-grup-municipal-socialista-denuncia-la-falta-de-transparencia-del-govern-de-carmen-ferrer-ja-que-tres-mesos-despres-de-sollicitar-copia-de-lexpedient-de-contractacions-del-local-de-servei\/#article\",\"isPartOf\":{\"@id\":\"https:\/\/www.psib-psoe.org\/eivissa\/el-grup-municipal-socialista-denuncia-la-falta-de-transparencia-del-govern-de-carmen-ferrer-ja-que-tres-mesos-despres-de-sollicitar-copia-de-lexpedient-de-contractacions-del-local-de-servei\/\"},\"author\":{\"name\":\"Youssef Tissei\",\"@id\":\"https:\/\/www.psib-psoe.org\/eivissa\/#\/schema\/person\/09dc97c6dbd7193472bedd9f78914ee6\"},\"headline\":\"El grup municipal socialista denuncia la falta de transpar\u00e8ncia del govern de Carmen Ferrer, ja que, tres mesos despr\u00e9s de sol\u00b7licitar c\u00f2pia de l\u2019expedient de contractacions del local de Serveis Socials, no s\u2019ha obtingut resposta.\",\"datePublished\":\"2024-09-05T09:02:18+00:00\",\"mainEntityOfPage\":{\"@id\":\"https:\/\/www.psib-psoe.org\/eivissa\/el-grup-municipal-socialista-denuncia-la-falta-de-transparencia-del-govern-de-carmen-ferrer-ja-que-tres-mesos-despres-de-sollicitar-copia-de-lexpedient-de-contractacions-del-local-de-servei\/\"},\"wordCount\":578,\"publisher\":{\"@id\":\"https:\/\/www.psib-psoe.org\/eivissa\/#organization\"},\"image\":{\"@id\":\"https:\/\/www.psib-psoe.org\/eivissa\/el-grup-municipal-socialista-denuncia-la-falta-de-transparencia-del-govern-de-carmen-ferrer-ja-que-tres-mesos-despres-de-sollicitar-copia-de-lexpedient-de-contractacions-del-local-de-servei\/#primaryimage\"},\"thumbnailUrl\":\"https:\/\/www.psib-psoe.org\/eivissa\/wp-content\/uploads\/2roda-de-premsa-santa-eularia-scaled.jpg\",\"articleSection\":[\"FSE-PSOE\",\"Municipis\",\"Santa Eul\u00e0ria des Riu\"],\"inLanguage\":\"ca\"},{\"@type\":\"WebPage\",\"@id\":\"https:\/\/www.psib-psoe.org\/eivissa\/el-grup-municipal-socialista-denuncia-la-falta-de-transparencia-del-govern-de-carmen-ferrer-ja-que-tres-mesos-despres-de-sollicitar-copia-de-lexpedient-de-contractacions-del-local-de-servei\/\",\"url\":\"https:\/\/www.psib-psoe.org\/eivissa\/el-grup-municipal-socialista-denuncia-la-falta-de-transparencia-del-govern-de-carmen-ferrer-ja-que-tres-mesos-despres-de-sollicitar-copia-de-lexpedient-de-contractacions-del-local-de-servei\/\",\"name\":\"El grup municipal socialista denuncia la falta de transpar\u00e8ncia del govern de Carmen Ferrer, ja que, tres mesos despr\u00e9s de sol\u00b7licitar c\u00f2pia de l\u2019expedient de contractacions del local de Serveis Socials, no s\u2019ha obtingut resposta. - Federaci\u00f3 Socialista d&#039;Eivissa\",\"isPartOf\":{\"@id\":\"https:\/\/www.psib-psoe.org\/eivissa\/#website\"},\"primaryImageOfPage\":{\"@id\":\"https:\/\/www.psib-psoe.org\/eivissa\/el-grup-municipal-socialista-denuncia-la-falta-de-transparencia-del-govern-de-carmen-ferrer-ja-que-tres-mesos-despres-de-sollicitar-copia-de-lexpedient-de-contractacions-del-local-de-servei\/#primaryimage\"},\"image\":{\"@id\":\"https:\/\/www.psib-psoe.org\/eivissa\/el-grup-municipal-socialista-denuncia-la-falta-de-transparencia-del-govern-de-carmen-ferrer-ja-que-tres-mesos-despres-de-sollicitar-copia-de-lexpedient-de-contractacions-del-local-de-servei\/#primaryimage\"},\"thumbnailUrl\":\"https:\/\/www.psib-psoe.org\/eivissa\/wp-content\/uploads\/2roda-de-premsa-santa-eularia-scaled.jpg\",\"datePublished\":\"2024-09-05T09:02:18+00:00\",\"breadcrumb\":{\"@id\":\"https:\/\/www.psib-psoe.org\/eivissa\/el-grup-municipal-socialista-denuncia-la-falta-de-transparencia-del-govern-de-carmen-ferrer-ja-que-tres-mesos-despres-de-sollicitar-copia-de-lexpedient-de-contractacions-del-local-de-servei\/#breadcrumb\"},\"inLanguage\":\"ca\",\"potentialAction\":[{\"@type\":\"ReadAction\",\"target\":[\"https:\/\/www.psib-psoe.org\/eivissa\/el-grup-municipal-socialista-denuncia-la-falta-de-transparencia-del-govern-de-carmen-ferrer-ja-que-tres-mesos-despres-de-sollicitar-copia-de-lexpedient-de-contractacions-del-local-de-servei\/\"]}]},{\"@type\":\"ImageObject\",\"inLanguage\":\"ca\",\"@id\":\"https:\/\/www.psib-psoe.org\/eivissa\/el-grup-municipal-socialista-denuncia-la-falta-de-transparencia-del-govern-de-carmen-ferrer-ja-que-tres-mesos-despres-de-sollicitar-copia-de-lexpedient-de-contractacions-del-local-de-servei\/#primaryimage\",\"url\":\"https:\/\/www.psib-psoe.org\/eivissa\/wp-content\/uploads\/2roda-de-premsa-santa-eularia-scaled.jpg\",\"contentUrl\":\"https:\/\/www.psib-psoe.org\/eivissa\/wp-content\/uploads\/2roda-de-premsa-santa-eularia-scaled.jpg\",\"width\":2560,\"height\":1436},{\"@type\":\"BreadcrumbList\",\"@id\":\"https:\/\/www.psib-psoe.org\/eivissa\/el-grup-municipal-socialista-denuncia-la-falta-de-transparencia-del-govern-de-carmen-ferrer-ja-que-tres-mesos-despres-de-sollicitar-copia-de-lexpedient-de-contractacions-del-local-de-servei\/#breadcrumb\",\"itemListElement\":[{\"@type\":\"ListItem\",\"position\":1,\"name\":\"Inici\",\"item\":\"https:\/\/www.psib-psoe.org\/eivissa\/\"},{\"@type\":\"ListItem\",\"position\":2,\"name\":\"El grup municipal socialista denuncia la falta de transpar\u00e8ncia del govern de Carmen Ferrer, ja que, tres mesos despr\u00e9s de sol\u00b7licitar c\u00f2pia de l\u2019expedient de contractacions del local de Serveis Socials, no s\u2019ha obtingut resposta.\"}]},{\"@type\":\"WebSite\",\"@id\":\"https:\/\/www.psib-psoe.org\/eivissa\/#website\",\"url\":\"https:\/\/www.psib-psoe.org\/eivissa\/\",\"name\":\"Federaci\u00f3 Socialista d'Eivissa\",\"description\":\"Socialistes d&#039;Eivissa\",\"publisher\":{\"@id\":\"https:\/\/www.psib-psoe.org\/eivissa\/#organization\"},\"potentialAction\":[{\"@type\":\"SearchAction\",\"target\":{\"@type\":\"EntryPoint\",\"urlTemplate\":\"https:\/\/www.psib-psoe.org\/eivissa\/?s={search_term_string}\"},\"query-input\":{\"@type\":\"PropertyValueSpecification\",\"valueRequired\":true,\"valueName\":\"search_term_string\"}}],\"inLanguage\":\"ca\"},{\"@type\":\"Organization\",\"@id\":\"https:\/\/www.psib-psoe.org\/eivissa\/#organization\",\"name\":\"Federaci\u00f3 Socialista d'Eivissa\",\"url\":\"https:\/\/www.psib-psoe.org\/eivissa\/\",\"logo\":{\"@type\":\"ImageObject\",\"inLanguage\":\"ca\",\"@id\":\"https:\/\/www.psib-psoe.org\/eivissa\/#\/schema\/logo\/image\/\",\"url\":\"https:\/\/www.psib-psoe.org\/eivissa\/wp-content\/uploads\/LOGO-FSE-SOCIALISTA-DEIVISSA-HORI.png\",\"contentUrl\":\"https:\/\/www.psib-psoe.org\/eivissa\/wp-content\/uploads\/LOGO-FSE-SOCIALISTA-DEIVISSA-HORI.png\",\"width\":6000,\"height\":3104,\"caption\":\"Federaci\u00f3 Socialista d'Eivissa\"},\"image\":{\"@id\":\"https:\/\/www.psib-psoe.org\/eivissa\/#\/schema\/logo\/image\/\"}},{\"@type\":\"Person\",\"@id\":\"https:\/\/www.psib-psoe.org\/eivissa\/#\/schema\/person\/09dc97c6dbd7193472bedd9f78914ee6\",\"name\":\"Youssef Tissei\",\"url\":\"https:\/\/www.psib-psoe.org\/eivissa\/author\/tisseiyusef\/\"}]}<\/script>\n<!-- \/ Yoast SEO plugin. -->","yoast_head_json":{"title":"El grup municipal socialista denuncia la falta de transpar\u00e8ncia del govern de Carmen Ferrer, ja que, tres mesos despr\u00e9s de sol\u00b7licitar c\u00f2pia de l\u2019expedient de contractacions del local de Serveis Socials, no s\u2019ha obtingut resposta. - Federaci\u00f3 Socialista d&#039;Eivissa","robots":{"index":"index","follow":"follow","max-snippet":"max-snippet:-1","max-image-preview":"max-image-preview:large","max-video-preview":"max-video-preview:-1"},"canonical":"https:\/\/www.psib-psoe.org\/eivissa\/el-grup-municipal-socialista-denuncia-la-falta-de-transparencia-del-govern-de-carmen-ferrer-ja-que-tres-mesos-despres-de-sollicitar-copia-de-lexpedient-de-contractacions-del-local-de-servei\/","og_locale":"ca_ES","og_type":"article","og_title":"El grup municipal socialista denuncia la falta de transpar\u00e8ncia del govern de Carmen Ferrer, ja que, tres mesos despr\u00e9s de sol\u00b7licitar c\u00f2pia de l\u2019expedient de contractacions del local de Serveis Socials, no s\u2019ha obtingut resposta. - Federaci\u00f3 Socialista d&#039;Eivissa","og_description":"El Grup Municipal Socialista a l\u2019Ajuntament de Santa Eul\u00e0ria \u00a0des Riu vol denunciar p\u00fablicament la manca de transpar\u00e8ncia i l\u2019obstrucci\u00f3 a la feina de l\u2019oposici\u00f3 per part de l\u2019equip de govern encap\u00e7alat per Carmen Ferrer. M\u00e9s de tres mesos despr\u00e9s de sol\u00b7licitar formalment c\u00f2pia de l\u2019expedient de contractaci\u00f3 del local per a Serveis Socials amb&hellip;","og_url":"https:\/\/www.psib-psoe.org\/eivissa\/el-grup-municipal-socialista-denuncia-la-falta-de-transparencia-del-govern-de-carmen-ferrer-ja-que-tres-mesos-despres-de-sollicitar-copia-de-lexpedient-de-contractacions-del-local-de-servei\/","og_site_name":"Federaci\u00f3 Socialista d&#039;Eivissa","article_published_time":"2024-09-05T09:02:18+00:00","og_image":[{"width":2560,"height":1436,"url":"https:\/\/www.psib-psoe.org\/eivissa\/wp-content\/uploads\/2roda-de-premsa-santa-eularia-scaled.jpg","type":"image\/jpeg"}],"author":"Youssef Tissei","twitter_card":"summary_large_image","twitter_misc":{"Escrit per":"Youssef Tissei","Temps estimat de lectura":"3 minuts"},"schema":{"@context":"https:\/\/schema.org","@graph":[{"@type":["Article","BlogPosting"],"@id":"https:\/\/www.psib-psoe.org\/eivissa\/el-grup-municipal-socialista-denuncia-la-falta-de-transparencia-del-govern-de-carmen-ferrer-ja-que-tres-mesos-despres-de-sollicitar-copia-de-lexpedient-de-contractacions-del-local-de-servei\/#article","isPartOf":{"@id":"https:\/\/www.psib-psoe.org\/eivissa\/el-grup-municipal-socialista-denuncia-la-falta-de-transparencia-del-govern-de-carmen-ferrer-ja-que-tres-mesos-despres-de-sollicitar-copia-de-lexpedient-de-contractacions-del-local-de-servei\/"},"author":{"name":"Youssef Tissei","@id":"https:\/\/www.psib-psoe.org\/eivissa\/#\/schema\/person\/09dc97c6dbd7193472bedd9f78914ee6"},"headline":"El grup municipal socialista denuncia la falta de transpar\u00e8ncia del govern de Carmen Ferrer, ja que, tres mesos despr\u00e9s de sol\u00b7licitar c\u00f2pia de l\u2019expedient de contractacions del local de Serveis Socials, no s\u2019ha obtingut resposta.","datePublished":"2024-09-05T09:02:18+00:00","mainEntityOfPage":{"@id":"https:\/\/www.psib-psoe.org\/eivissa\/el-grup-municipal-socialista-denuncia-la-falta-de-transparencia-del-govern-de-carmen-ferrer-ja-que-tres-mesos-despres-de-sollicitar-copia-de-lexpedient-de-contractacions-del-local-de-servei\/"},"wordCount":578,"publisher":{"@id":"https:\/\/www.psib-psoe.org\/eivissa\/#organization"},"image":{"@id":"https:\/\/www.psib-psoe.org\/eivissa\/el-grup-municipal-socialista-denuncia-la-falta-de-transparencia-del-govern-de-carmen-ferrer-ja-que-tres-mesos-despres-de-sollicitar-copia-de-lexpedient-de-contractacions-del-local-de-servei\/#primaryimage"},"thumbnailUrl":"https:\/\/www.psib-psoe.org\/eivissa\/wp-content\/uploads\/2roda-de-premsa-santa-eularia-scaled.jpg","articleSection":["FSE-PSOE","Municipis","Santa Eul\u00e0ria des Riu"],"inLanguage":"ca"},{"@type":"WebPage","@id":"https:\/\/www.psib-psoe.org\/eivissa\/el-grup-municipal-socialista-denuncia-la-falta-de-transparencia-del-govern-de-carmen-ferrer-ja-que-tres-mesos-despres-de-sollicitar-copia-de-lexpedient-de-contractacions-del-local-de-servei\/","url":"https:\/\/www.psib-psoe.org\/eivissa\/el-grup-municipal-socialista-denuncia-la-falta-de-transparencia-del-govern-de-carmen-ferrer-ja-que-tres-mesos-despres-de-sollicitar-copia-de-lexpedient-de-contractacions-del-local-de-servei\/","name":"El grup municipal socialista denuncia la falta de transpar\u00e8ncia del govern de Carmen Ferrer, ja que, tres mesos despr\u00e9s de sol\u00b7licitar c\u00f2pia de l\u2019expedient de contractacions del local de Serveis Socials, no s\u2019ha obtingut resposta. - Federaci\u00f3 Socialista d&#039;Eivissa","isPartOf":{"@id":"https:\/\/www.psib-psoe.org\/eivissa\/#website"},"primaryImageOfPage":{"@id":"https:\/\/www.psib-psoe.org\/eivissa\/el-grup-municipal-socialista-denuncia-la-falta-de-transparencia-del-govern-de-carmen-ferrer-ja-que-tres-mesos-despres-de-sollicitar-copia-de-lexpedient-de-contractacions-del-local-de-servei\/#primaryimage"},"image":{"@id":"https:\/\/www.psib-psoe.org\/eivissa\/el-grup-municipal-socialista-denuncia-la-falta-de-transparencia-del-govern-de-carmen-ferrer-ja-que-tres-mesos-despres-de-sollicitar-copia-de-lexpedient-de-contractacions-del-local-de-servei\/#primaryimage"},"thumbnailUrl":"https:\/\/www.psib-psoe.org\/eivissa\/wp-content\/uploads\/2roda-de-premsa-santa-eularia-scaled.jpg","datePublished":"2024-09-05T09:02:18+00:00","breadcrumb":{"@id":"https:\/\/www.psib-psoe.org\/eivissa\/el-grup-municipal-socialista-denuncia-la-falta-de-transparencia-del-govern-de-carmen-ferrer-ja-que-tres-mesos-despres-de-sollicitar-copia-de-lexpedient-de-contractacions-del-local-de-servei\/#breadcrumb"},"inLanguage":"ca","potentialAction":[{"@type":"ReadAction","target":["https:\/\/www.psib-psoe.org\/eivissa\/el-grup-municipal-socialista-denuncia-la-falta-de-transparencia-del-govern-de-carmen-ferrer-ja-que-tres-mesos-despres-de-sollicitar-copia-de-lexpedient-de-contractacions-del-local-de-servei\/"]}]},{"@type":"ImageObject","inLanguage":"ca","@id":"https:\/\/www.psib-psoe.org\/eivissa\/el-grup-municipal-socialista-denuncia-la-falta-de-transparencia-del-govern-de-carmen-ferrer-ja-que-tres-mesos-despres-de-sollicitar-copia-de-lexpedient-de-contractacions-del-local-de-servei\/#primaryimage","url":"https:\/\/www.psib-psoe.org\/eivissa\/wp-content\/uploads\/2roda-de-premsa-santa-eularia-scaled.jpg","contentUrl":"https:\/\/www.psib-psoe.org\/eivissa\/wp-content\/uploads\/2roda-de-premsa-santa-eularia-scaled.jpg","width":2560,"height":1436},{"@type":"BreadcrumbList","@id":"https:\/\/www.psib-psoe.org\/eivissa\/el-grup-municipal-socialista-denuncia-la-falta-de-transparencia-del-govern-de-carmen-ferrer-ja-que-tres-mesos-despres-de-sollicitar-copia-de-lexpedient-de-contractacions-del-local-de-servei\/#breadcrumb","itemListElement":[{"@type":"ListItem","position":1,"name":"Inici","item":"https:\/\/www.psib-psoe.org\/eivissa\/"},{"@type":"ListItem","position":2,"name":"El grup municipal socialista denuncia la falta de transpar\u00e8ncia del govern de Carmen Ferrer, ja que, tres mesos despr\u00e9s de sol\u00b7licitar c\u00f2pia de l\u2019expedient de contractacions del local de Serveis Socials, no s\u2019ha obtingut resposta."}]},{"@type":"WebSite","@id":"https:\/\/www.psib-psoe.org\/eivissa\/#website","url":"https:\/\/www.psib-psoe.org\/eivissa\/","name":"Federaci\u00f3 Socialista d'Eivissa","description":"Socialistes d&#039;Eivissa","publisher":{"@id":"https:\/\/www.psib-psoe.org\/eivissa\/#organization"},"potentialAction":[{"@type":"SearchAction","target":{"@type":"EntryPoint","urlTemplate":"https:\/\/www.psib-psoe.org\/eivissa\/?s={search_term_string}"},"query-input":{"@type":"PropertyValueSpecification","valueRequired":true,"valueName":"search_term_string"}}],"inLanguage":"ca"},{"@type":"Organization","@id":"https:\/\/www.psib-psoe.org\/eivissa\/#organization","name":"Federaci\u00f3 Socialista d'Eivissa","url":"https:\/\/www.psib-psoe.org\/eivissa\/","logo":{"@type":"ImageObject","inLanguage":"ca","@id":"https:\/\/www.psib-psoe.org\/eivissa\/#\/schema\/logo\/image\/","url":"https:\/\/www.psib-psoe.org\/eivissa\/wp-content\/uploads\/LOGO-FSE-SOCIALISTA-DEIVISSA-HORI.png","contentUrl":"https:\/\/www.psib-psoe.org\/eivissa\/wp-content\/uploads\/LOGO-FSE-SOCIALISTA-DEIVISSA-HORI.png","width":6000,"height":3104,"caption":"Federaci\u00f3 Socialista d'Eivissa"},"image":{"@id":"https:\/\/www.psib-psoe.org\/eivissa\/#\/schema\/logo\/image\/"}},{"@type":"Person","@id":"https:\/\/www.psib-psoe.org\/eivissa\/#\/schema\/person\/09dc97c6dbd7193472bedd9f78914ee6","name":"Youssef Tissei","url":"https:\/\/www.psib-psoe.org\/eivissa\/author\/tisseiyusef\/"}]}},"_links":{"self":[{"href":"https:\/\/www.psib-psoe.org\/eivissa\/wp-json\/wp\/v2\/posts\/39749","targetHints":{"allow":["GET"]}}],"collection":[{"href":"https:\/\/www.psib-psoe.org\/eivissa\/wp-json\/wp\/v2\/posts"}],"about":[{"href":"https:\/\/www.psib-psoe.org\/eivissa\/wp-json\/wp\/v2\/types\/post"}],"author":[{"embeddable":true,"href":"https:\/\/www.psib-psoe.org\/eivissa\/wp-json\/wp\/v2\/users\/13"}],"replies":[{"embeddable":true,"href":"https:\/\/www.psib-psoe.org\/eivissa\/wp-json\/wp\/v2\/comments?post=39749"}],"version-history":[{"count":5,"href":"https:\/\/www.psib-psoe.org\/eivissa\/wp-json\/wp\/v2\/posts\/39749\/revisions"}],"predecessor-version":[{"id":39774,"href":"https:\/\/www.psib-psoe.org\/eivissa\/wp-json\/wp\/v2\/posts\/39749\/revisions\/39774"}],"wp:featuredmedia":[{"embeddable":true,"href":"https:\/\/www.psib-psoe.org\/eivissa\/wp-json\/wp\/v2\/media\/39322"}],"wp:attachment":[{"href":"https:\/\/www.psib-psoe.org\/eivissa\/wp-json\/wp\/v2\/media?parent=39749"}],"wp:term":[{"taxonomy":"category","embeddable":true,"href":"https:\/\/www.psib-psoe.org\/eivissa\/wp-json\/wp\/v2\/categories?post=39749"},{"taxonomy":"post_tag","embeddable":true,"href":"https:\/\/www.psib-psoe.org\/eivissa\/wp-json\/wp\/v2\/tags?post=39749"}],"curies":[{"name":"wp","href":"https:\/\/api.w.org\/{rel}","templated":true}]}}