{"id":39832,"date":"2024-09-18T10:57:53","date_gmt":"2024-09-18T08:57:53","guid":{"rendered":"https:\/\/www.psib-psoe.org\/eivissa\/?p=39832"},"modified":"2024-09-18T12:41:06","modified_gmt":"2024-09-18T10:41:06","slug":"el-psoe-denuncia-que-el-pp-a-lajuntament-deivissa-no-cobreix-places-de-personal-ja-pressupostades-des-de-2023-al-patronat-de-musica-i-utilitza-els-diners-per-a-organitzar-concerts","status":"publish","type":"post","link":"https:\/\/www.psib-psoe.org\/eivissa\/el-psoe-denuncia-que-el-pp-a-lajuntament-deivissa-no-cobreix-places-de-personal-ja-pressupostades-des-de-2023-al-patronat-de-musica-i-utilitza-els-diners-per-a-organitzar-concerts\/","title":{"rendered":"El PSOE denuncia que el PP a l&#8217;Ajuntament d&#8217;Eivissa no cobreix places de personal, ja pressupostades des de 2023, al Patronat de M\u00fasica i utilitza els diners per a organitzar concerts"},"content":{"rendered":"<p>El PSOE denuncia que la regidoria de Cultura de l&#8217;Ajuntament d&#8217;Eivissa, encap\u00e7alada per Carmen Dom\u00ednguez, no est\u00e0 cobrint les places de personal pendents al Patronat de M\u00fasica ja pressupostades des de l&#8217;any 2023 i est\u00e0 utilitzant aquests diners per a organitzar concerts.<\/p>\n<p>Des del PSOE hav\u00edem denunciat que el Patronat de M\u00fasica pateix una manca de refor\u00e7ament de personal i, als darrers pressuposts elaborats per l&#8217;equip del PSOE, es van pressupostar 4 places de personal del Patronat de M\u00fasica: dues places de professors\/professores, una pla\u00e7a de canvi d&#8217;auxiliar administratiu a administratiu i el canvi a jornada completa de l&#8217;auxiliar de serveis.<\/p>\n<p>Des de la primera junta de Patronat, celebrada en 2023, i totes les que s&#8217;ha celebrat amb posterioritat del 23 i en totes les celebrades amb posterioritat des del PSOE s&#8217;ha demanat per l&#8217;estat de les places i l&#8217;\u00fanica resposta per part de Dom\u00ednguez \u00e9s que &#8216;era imminent&#8217;, \u2018s&#8217;hi est\u00e0 treballant&#8217;, o semblants.<\/p>\n<p>El que est\u00e0 passant, en primer lloc, \u00e9s que la Sra. Dom\u00ednguez ha decidit ampliar l&#8217;activitat del Patronat, en l&#8217;\u00e0mbit de concerts, per\u00f2 sense augmentar les hores de l&#8217;auxiliar i sense fer el canvi d\u2019auxiliar administratiu a administratiu. \u00c9s a dir, m\u00e9s activitat, per\u00f2 amb els mateixos mitjans, el que demostra una important neglig\u00e8ncia de gesti\u00f3.<\/p>\n<p>En segon lloc, els sous pressupostats per a personal s&#8217;estan derivant a organitzar aquests concerts i des del PSOE pensam que, en realitat, al PP i a la Sra. Dom\u00ednguez el que m\u00e9s els conv\u00e9 \u00e9s no cobrir les places per crear una programaci\u00f3 que \u00e9s fict\u00edcia pressupost\u00e0riament parlant, ja que no es correspon amb la partida anunciada amb els pressupostos de 2024.<\/p>\n<p>Per al regidor del grup municipal socialista Pep Tur, &#8216;aquesta manera d&#8217;actuar amb el Patronat de M\u00fasica posa de manifest una improvisaci\u00f3 constant en la realitzaci\u00f3 d&#8217;activitats amb sous que no corresponen a concerts i que en el darrer any ha suposat incorporar a la partida d\u2019activitats culturals m\u00e9s de 130.000 euros destinats a cobrir les quatre places esmentades&#8217;.<br \/>\nEl regidor, Pep Tur, ha concl\u00f2s afirmant que &#8216;no \u00e9s molt seri\u00f3s que es presentin uns comptes per l\u2019activitat cultural del Patronat Municipal de M\u00fasica als pressupostos de 2024 i que hi hagi que fer incorporacions de cr\u00e8dit constants en detriment de les necessitats del personal del Patronat&#8217;.<\/p>\n","protected":false},"excerpt":{"rendered":"<p>El PSOE denuncia que la regidoria de Cultura de l&#8217;Ajuntament d&#8217;Eivissa, encap\u00e7alada per Carmen Dom\u00ednguez, no est\u00e0 cobrint les places de personal pendents al Patronat de M\u00fasica ja pressupostades des de l&#8217;any 2023 i est\u00e0 utilitzant aquests diners per a organitzar concerts. Des del PSOE hav\u00edem denunciat que el Patronat de M\u00fasica pateix una manca&hellip;<\/p>\n","protected":false},"author":15,"featured_media":39833,"comment_status":"closed","ping_status":"closed","sticky":false,"template":"","format":"standard","meta":{"footnotes":""},"categories":[183,1,234],"tags":[],"class_list":["post-39832","post","type-post","status-publish","format-standard","has-post-thumbnail","hentry","category-ciutat-deivissa","category-federacio-de-eivissa-portada","category-municipis"],"yoast_head":"<!-- This site is optimized with the Yoast SEO plugin v26.9 - https:\/\/yoast.com\/product\/yoast-seo-wordpress\/ -->\n<title>El PSOE denuncia que el PP a l&#039;Ajuntament d&#039;Eivissa no cobreix places de personal, ja pressupostades des de 2023, al Patronat de M\u00fasica i utilitza els diners per a organitzar concerts - Federaci\u00f3 Socialista d&#039;Eivissa<\/title>\n<meta name=\"robots\" content=\"index, follow, max-snippet:-1, max-image-preview:large, max-video-preview:-1\" \/>\n<link rel=\"canonical\" href=\"https:\/\/www.psib-psoe.org\/eivissa\/el-psoe-denuncia-que-el-pp-a-lajuntament-deivissa-no-cobreix-places-de-personal-ja-pressupostades-des-de-2023-al-patronat-de-musica-i-utilitza-els-diners-per-a-organitzar-concerts\/\" \/>\n<meta property=\"og:locale\" content=\"ca_ES\" \/>\n<meta property=\"og:type\" content=\"article\" \/>\n<meta property=\"og:title\" content=\"El PSOE denuncia que el PP a l&#039;Ajuntament d&#039;Eivissa no cobreix places de personal, ja pressupostades des de 2023, al Patronat de M\u00fasica i utilitza els diners per a organitzar concerts - Federaci\u00f3 Socialista d&#039;Eivissa\" \/>\n<meta property=\"og:description\" content=\"El PSOE denuncia que la regidoria de Cultura de l&#8217;Ajuntament d&#8217;Eivissa, encap\u00e7alada per Carmen Dom\u00ednguez, no est\u00e0 cobrint les places de personal pendents al Patronat de M\u00fasica ja pressupostades des de l&#8217;any 2023 i est\u00e0 utilitzant aquests diners per a organitzar concerts. Des del PSOE hav\u00edem denunciat que el Patronat de M\u00fasica pateix una manca&hellip;\" \/>\n<meta property=\"og:url\" content=\"https:\/\/www.psib-psoe.org\/eivissa\/el-psoe-denuncia-que-el-pp-a-lajuntament-deivissa-no-cobreix-places-de-personal-ja-pressupostades-des-de-2023-al-patronat-de-musica-i-utilitza-els-diners-per-a-organitzar-concerts\/\" \/>\n<meta property=\"og:site_name\" content=\"Federaci\u00f3 Socialista d&#039;Eivissa\" \/>\n<meta property=\"article:published_time\" content=\"2024-09-18T08:57:53+00:00\" \/>\n<meta property=\"article:modified_time\" content=\"2024-09-18T10:41:06+00:00\" \/>\n<meta property=\"og:image\" content=\"https:\/\/www.psib-psoe.org\/eivissa\/wp-content\/uploads\/Patronat-de-Musica.jpg\" \/>\n\t<meta property=\"og:image:width\" content=\"1280\" \/>\n\t<meta property=\"og:image:height\" content=\"960\" \/>\n\t<meta property=\"og:image:type\" content=\"image\/jpeg\" \/>\n<meta name=\"author\" content=\"Tita Tur\" \/>\n<meta name=\"twitter:card\" content=\"summary_large_image\" \/>\n<meta name=\"twitter:label1\" content=\"Escrit per\" \/>\n\t<meta name=\"twitter:data1\" content=\"Tita Tur\" \/>\n\t<meta name=\"twitter:label2\" content=\"Temps estimat de lectura\" \/>\n\t<meta name=\"twitter:data2\" content=\"2 minuts\" \/>\n<script type=\"application\/ld+json\" class=\"yoast-schema-graph\">{\"@context\":\"https:\/\/schema.org\",\"@graph\":[{\"@type\":[\"Article\",\"BlogPosting\"],\"@id\":\"https:\/\/www.psib-psoe.org\/eivissa\/el-psoe-denuncia-que-el-pp-a-lajuntament-deivissa-no-cobreix-places-de-personal-ja-pressupostades-des-de-2023-al-patronat-de-musica-i-utilitza-els-diners-per-a-organitzar-concerts\/#article\",\"isPartOf\":{\"@id\":\"https:\/\/www.psib-psoe.org\/eivissa\/el-psoe-denuncia-que-el-pp-a-lajuntament-deivissa-no-cobreix-places-de-personal-ja-pressupostades-des-de-2023-al-patronat-de-musica-i-utilitza-els-diners-per-a-organitzar-concerts\/\"},\"author\":{\"name\":\"Tita Tur\",\"@id\":\"https:\/\/www.psib-psoe.org\/eivissa\/#\/schema\/person\/706742f1e7e07ce08bd017f09ea62ace\"},\"headline\":\"El PSOE denuncia que el PP a l&#8217;Ajuntament d&#8217;Eivissa no cobreix places de personal, ja pressupostades des de 2023, al Patronat de M\u00fasica i utilitza els diners per a organitzar concerts\",\"datePublished\":\"2024-09-18T08:57:53+00:00\",\"dateModified\":\"2024-09-18T10:41:06+00:00\",\"mainEntityOfPage\":{\"@id\":\"https:\/\/www.psib-psoe.org\/eivissa\/el-psoe-denuncia-que-el-pp-a-lajuntament-deivissa-no-cobreix-places-de-personal-ja-pressupostades-des-de-2023-al-patronat-de-musica-i-utilitza-els-diners-per-a-organitzar-concerts\/\"},\"wordCount\":432,\"publisher\":{\"@id\":\"https:\/\/www.psib-psoe.org\/eivissa\/#organization\"},\"image\":{\"@id\":\"https:\/\/www.psib-psoe.org\/eivissa\/el-psoe-denuncia-que-el-pp-a-lajuntament-deivissa-no-cobreix-places-de-personal-ja-pressupostades-des-de-2023-al-patronat-de-musica-i-utilitza-els-diners-per-a-organitzar-concerts\/#primaryimage\"},\"thumbnailUrl\":\"https:\/\/www.psib-psoe.org\/eivissa\/wp-content\/uploads\/Patronat-de-Musica.jpg\",\"articleSection\":[\"Ciutat d'Eivissa\",\"Federaci\u00f3 d'Eivissa - Portada\",\"Municipis\"],\"inLanguage\":\"ca\"},{\"@type\":\"WebPage\",\"@id\":\"https:\/\/www.psib-psoe.org\/eivissa\/el-psoe-denuncia-que-el-pp-a-lajuntament-deivissa-no-cobreix-places-de-personal-ja-pressupostades-des-de-2023-al-patronat-de-musica-i-utilitza-els-diners-per-a-organitzar-concerts\/\",\"url\":\"https:\/\/www.psib-psoe.org\/eivissa\/el-psoe-denuncia-que-el-pp-a-lajuntament-deivissa-no-cobreix-places-de-personal-ja-pressupostades-des-de-2023-al-patronat-de-musica-i-utilitza-els-diners-per-a-organitzar-concerts\/\",\"name\":\"El PSOE denuncia que el PP a l'Ajuntament d'Eivissa no cobreix places de personal, ja pressupostades des de 2023, al Patronat de M\u00fasica i utilitza els diners per a organitzar concerts - Federaci\u00f3 Socialista d&#039;Eivissa\",\"isPartOf\":{\"@id\":\"https:\/\/www.psib-psoe.org\/eivissa\/#website\"},\"primaryImageOfPage\":{\"@id\":\"https:\/\/www.psib-psoe.org\/eivissa\/el-psoe-denuncia-que-el-pp-a-lajuntament-deivissa-no-cobreix-places-de-personal-ja-pressupostades-des-de-2023-al-patronat-de-musica-i-utilitza-els-diners-per-a-organitzar-concerts\/#primaryimage\"},\"image\":{\"@id\":\"https:\/\/www.psib-psoe.org\/eivissa\/el-psoe-denuncia-que-el-pp-a-lajuntament-deivissa-no-cobreix-places-de-personal-ja-pressupostades-des-de-2023-al-patronat-de-musica-i-utilitza-els-diners-per-a-organitzar-concerts\/#primaryimage\"},\"thumbnailUrl\":\"https:\/\/www.psib-psoe.org\/eivissa\/wp-content\/uploads\/Patronat-de-Musica.jpg\",\"datePublished\":\"2024-09-18T08:57:53+00:00\",\"dateModified\":\"2024-09-18T10:41:06+00:00\",\"breadcrumb\":{\"@id\":\"https:\/\/www.psib-psoe.org\/eivissa\/el-psoe-denuncia-que-el-pp-a-lajuntament-deivissa-no-cobreix-places-de-personal-ja-pressupostades-des-de-2023-al-patronat-de-musica-i-utilitza-els-diners-per-a-organitzar-concerts\/#breadcrumb\"},\"inLanguage\":\"ca\",\"potentialAction\":[{\"@type\":\"ReadAction\",\"target\":[\"https:\/\/www.psib-psoe.org\/eivissa\/el-psoe-denuncia-que-el-pp-a-lajuntament-deivissa-no-cobreix-places-de-personal-ja-pressupostades-des-de-2023-al-patronat-de-musica-i-utilitza-els-diners-per-a-organitzar-concerts\/\"]}]},{\"@type\":\"ImageObject\",\"inLanguage\":\"ca\",\"@id\":\"https:\/\/www.psib-psoe.org\/eivissa\/el-psoe-denuncia-que-el-pp-a-lajuntament-deivissa-no-cobreix-places-de-personal-ja-pressupostades-des-de-2023-al-patronat-de-musica-i-utilitza-els-diners-per-a-organitzar-concerts\/#primaryimage\",\"url\":\"https:\/\/www.psib-psoe.org\/eivissa\/wp-content\/uploads\/Patronat-de-Musica.jpg\",\"contentUrl\":\"https:\/\/www.psib-psoe.org\/eivissa\/wp-content\/uploads\/Patronat-de-Musica.jpg\",\"width\":1280,\"height\":960},{\"@type\":\"BreadcrumbList\",\"@id\":\"https:\/\/www.psib-psoe.org\/eivissa\/el-psoe-denuncia-que-el-pp-a-lajuntament-deivissa-no-cobreix-places-de-personal-ja-pressupostades-des-de-2023-al-patronat-de-musica-i-utilitza-els-diners-per-a-organitzar-concerts\/#breadcrumb\",\"itemListElement\":[{\"@type\":\"ListItem\",\"position\":1,\"name\":\"Inici\",\"item\":\"https:\/\/www.psib-psoe.org\/eivissa\/\"},{\"@type\":\"ListItem\",\"position\":2,\"name\":\"El PSOE denuncia que el PP a l&#8217;Ajuntament d&#8217;Eivissa no cobreix places de personal, ja pressupostades des de 2023, al Patronat de M\u00fasica i utilitza els diners per a organitzar concerts\"}]},{\"@type\":\"WebSite\",\"@id\":\"https:\/\/www.psib-psoe.org\/eivissa\/#website\",\"url\":\"https:\/\/www.psib-psoe.org\/eivissa\/\",\"name\":\"Federaci\u00f3 Socialista d'Eivissa\",\"description\":\"Socialistes d&#039;Eivissa\",\"publisher\":{\"@id\":\"https:\/\/www.psib-psoe.org\/eivissa\/#organization\"},\"potentialAction\":[{\"@type\":\"SearchAction\",\"target\":{\"@type\":\"EntryPoint\",\"urlTemplate\":\"https:\/\/www.psib-psoe.org\/eivissa\/?s={search_term_string}\"},\"query-input\":{\"@type\":\"PropertyValueSpecification\",\"valueRequired\":true,\"valueName\":\"search_term_string\"}}],\"inLanguage\":\"ca\"},{\"@type\":\"Organization\",\"@id\":\"https:\/\/www.psib-psoe.org\/eivissa\/#organization\",\"name\":\"Federaci\u00f3 Socialista d'Eivissa\",\"url\":\"https:\/\/www.psib-psoe.org\/eivissa\/\",\"logo\":{\"@type\":\"ImageObject\",\"inLanguage\":\"ca\",\"@id\":\"https:\/\/www.psib-psoe.org\/eivissa\/#\/schema\/logo\/image\/\",\"url\":\"https:\/\/www.psib-psoe.org\/eivissa\/wp-content\/uploads\/LOGO-FSE-SOCIALISTA-DEIVISSA-HORI.png\",\"contentUrl\":\"https:\/\/www.psib-psoe.org\/eivissa\/wp-content\/uploads\/LOGO-FSE-SOCIALISTA-DEIVISSA-HORI.png\",\"width\":6000,\"height\":3104,\"caption\":\"Federaci\u00f3 Socialista d'Eivissa\"},\"image\":{\"@id\":\"https:\/\/www.psib-psoe.org\/eivissa\/#\/schema\/logo\/image\/\"}},{\"@type\":\"Person\",\"@id\":\"https:\/\/www.psib-psoe.org\/eivissa\/#\/schema\/person\/706742f1e7e07ce08bd017f09ea62ace\",\"name\":\"Tita Tur\",\"url\":\"https:\/\/www.psib-psoe.org\/eivissa\/author\/tita\/\"}]}<\/script>\n<!-- \/ Yoast SEO plugin. -->","yoast_head_json":{"title":"El PSOE denuncia que el PP a l'Ajuntament d'Eivissa no cobreix places de personal, ja pressupostades des de 2023, al Patronat de M\u00fasica i utilitza els diners per a organitzar concerts - Federaci\u00f3 Socialista d&#039;Eivissa","robots":{"index":"index","follow":"follow","max-snippet":"max-snippet:-1","max-image-preview":"max-image-preview:large","max-video-preview":"max-video-preview:-1"},"canonical":"https:\/\/www.psib-psoe.org\/eivissa\/el-psoe-denuncia-que-el-pp-a-lajuntament-deivissa-no-cobreix-places-de-personal-ja-pressupostades-des-de-2023-al-patronat-de-musica-i-utilitza-els-diners-per-a-organitzar-concerts\/","og_locale":"ca_ES","og_type":"article","og_title":"El PSOE denuncia que el PP a l'Ajuntament d'Eivissa no cobreix places de personal, ja pressupostades des de 2023, al Patronat de M\u00fasica i utilitza els diners per a organitzar concerts - Federaci\u00f3 Socialista d&#039;Eivissa","og_description":"El PSOE denuncia que la regidoria de Cultura de l&#8217;Ajuntament d&#8217;Eivissa, encap\u00e7alada per Carmen Dom\u00ednguez, no est\u00e0 cobrint les places de personal pendents al Patronat de M\u00fasica ja pressupostades des de l&#8217;any 2023 i est\u00e0 utilitzant aquests diners per a organitzar concerts. Des del PSOE hav\u00edem denunciat que el Patronat de M\u00fasica pateix una manca&hellip;","og_url":"https:\/\/www.psib-psoe.org\/eivissa\/el-psoe-denuncia-que-el-pp-a-lajuntament-deivissa-no-cobreix-places-de-personal-ja-pressupostades-des-de-2023-al-patronat-de-musica-i-utilitza-els-diners-per-a-organitzar-concerts\/","og_site_name":"Federaci\u00f3 Socialista d&#039;Eivissa","article_published_time":"2024-09-18T08:57:53+00:00","article_modified_time":"2024-09-18T10:41:06+00:00","og_image":[{"width":1280,"height":960,"url":"https:\/\/www.psib-psoe.org\/eivissa\/wp-content\/uploads\/Patronat-de-Musica.jpg","type":"image\/jpeg"}],"author":"Tita Tur","twitter_card":"summary_large_image","twitter_misc":{"Escrit per":"Tita Tur","Temps estimat de lectura":"2 minuts"},"schema":{"@context":"https:\/\/schema.org","@graph":[{"@type":["Article","BlogPosting"],"@id":"https:\/\/www.psib-psoe.org\/eivissa\/el-psoe-denuncia-que-el-pp-a-lajuntament-deivissa-no-cobreix-places-de-personal-ja-pressupostades-des-de-2023-al-patronat-de-musica-i-utilitza-els-diners-per-a-organitzar-concerts\/#article","isPartOf":{"@id":"https:\/\/www.psib-psoe.org\/eivissa\/el-psoe-denuncia-que-el-pp-a-lajuntament-deivissa-no-cobreix-places-de-personal-ja-pressupostades-des-de-2023-al-patronat-de-musica-i-utilitza-els-diners-per-a-organitzar-concerts\/"},"author":{"name":"Tita Tur","@id":"https:\/\/www.psib-psoe.org\/eivissa\/#\/schema\/person\/706742f1e7e07ce08bd017f09ea62ace"},"headline":"El PSOE denuncia que el PP a l&#8217;Ajuntament d&#8217;Eivissa no cobreix places de personal, ja pressupostades des de 2023, al Patronat de M\u00fasica i utilitza els diners per a organitzar concerts","datePublished":"2024-09-18T08:57:53+00:00","dateModified":"2024-09-18T10:41:06+00:00","mainEntityOfPage":{"@id":"https:\/\/www.psib-psoe.org\/eivissa\/el-psoe-denuncia-que-el-pp-a-lajuntament-deivissa-no-cobreix-places-de-personal-ja-pressupostades-des-de-2023-al-patronat-de-musica-i-utilitza-els-diners-per-a-organitzar-concerts\/"},"wordCount":432,"publisher":{"@id":"https:\/\/www.psib-psoe.org\/eivissa\/#organization"},"image":{"@id":"https:\/\/www.psib-psoe.org\/eivissa\/el-psoe-denuncia-que-el-pp-a-lajuntament-deivissa-no-cobreix-places-de-personal-ja-pressupostades-des-de-2023-al-patronat-de-musica-i-utilitza-els-diners-per-a-organitzar-concerts\/#primaryimage"},"thumbnailUrl":"https:\/\/www.psib-psoe.org\/eivissa\/wp-content\/uploads\/Patronat-de-Musica.jpg","articleSection":["Ciutat d'Eivissa","Federaci\u00f3 d'Eivissa - Portada","Municipis"],"inLanguage":"ca"},{"@type":"WebPage","@id":"https:\/\/www.psib-psoe.org\/eivissa\/el-psoe-denuncia-que-el-pp-a-lajuntament-deivissa-no-cobreix-places-de-personal-ja-pressupostades-des-de-2023-al-patronat-de-musica-i-utilitza-els-diners-per-a-organitzar-concerts\/","url":"https:\/\/www.psib-psoe.org\/eivissa\/el-psoe-denuncia-que-el-pp-a-lajuntament-deivissa-no-cobreix-places-de-personal-ja-pressupostades-des-de-2023-al-patronat-de-musica-i-utilitza-els-diners-per-a-organitzar-concerts\/","name":"El PSOE denuncia que el PP a l'Ajuntament d'Eivissa no cobreix places de personal, ja pressupostades des de 2023, al Patronat de M\u00fasica i utilitza els diners per a organitzar concerts - Federaci\u00f3 Socialista d&#039;Eivissa","isPartOf":{"@id":"https:\/\/www.psib-psoe.org\/eivissa\/#website"},"primaryImageOfPage":{"@id":"https:\/\/www.psib-psoe.org\/eivissa\/el-psoe-denuncia-que-el-pp-a-lajuntament-deivissa-no-cobreix-places-de-personal-ja-pressupostades-des-de-2023-al-patronat-de-musica-i-utilitza-els-diners-per-a-organitzar-concerts\/#primaryimage"},"image":{"@id":"https:\/\/www.psib-psoe.org\/eivissa\/el-psoe-denuncia-que-el-pp-a-lajuntament-deivissa-no-cobreix-places-de-personal-ja-pressupostades-des-de-2023-al-patronat-de-musica-i-utilitza-els-diners-per-a-organitzar-concerts\/#primaryimage"},"thumbnailUrl":"https:\/\/www.psib-psoe.org\/eivissa\/wp-content\/uploads\/Patronat-de-Musica.jpg","datePublished":"2024-09-18T08:57:53+00:00","dateModified":"2024-09-18T10:41:06+00:00","breadcrumb":{"@id":"https:\/\/www.psib-psoe.org\/eivissa\/el-psoe-denuncia-que-el-pp-a-lajuntament-deivissa-no-cobreix-places-de-personal-ja-pressupostades-des-de-2023-al-patronat-de-musica-i-utilitza-els-diners-per-a-organitzar-concerts\/#breadcrumb"},"inLanguage":"ca","potentialAction":[{"@type":"ReadAction","target":["https:\/\/www.psib-psoe.org\/eivissa\/el-psoe-denuncia-que-el-pp-a-lajuntament-deivissa-no-cobreix-places-de-personal-ja-pressupostades-des-de-2023-al-patronat-de-musica-i-utilitza-els-diners-per-a-organitzar-concerts\/"]}]},{"@type":"ImageObject","inLanguage":"ca","@id":"https:\/\/www.psib-psoe.org\/eivissa\/el-psoe-denuncia-que-el-pp-a-lajuntament-deivissa-no-cobreix-places-de-personal-ja-pressupostades-des-de-2023-al-patronat-de-musica-i-utilitza-els-diners-per-a-organitzar-concerts\/#primaryimage","url":"https:\/\/www.psib-psoe.org\/eivissa\/wp-content\/uploads\/Patronat-de-Musica.jpg","contentUrl":"https:\/\/www.psib-psoe.org\/eivissa\/wp-content\/uploads\/Patronat-de-Musica.jpg","width":1280,"height":960},{"@type":"BreadcrumbList","@id":"https:\/\/www.psib-psoe.org\/eivissa\/el-psoe-denuncia-que-el-pp-a-lajuntament-deivissa-no-cobreix-places-de-personal-ja-pressupostades-des-de-2023-al-patronat-de-musica-i-utilitza-els-diners-per-a-organitzar-concerts\/#breadcrumb","itemListElement":[{"@type":"ListItem","position":1,"name":"Inici","item":"https:\/\/www.psib-psoe.org\/eivissa\/"},{"@type":"ListItem","position":2,"name":"El PSOE denuncia que el PP a l&#8217;Ajuntament d&#8217;Eivissa no cobreix places de personal, ja pressupostades des de 2023, al Patronat de M\u00fasica i utilitza els diners per a organitzar concerts"}]},{"@type":"WebSite","@id":"https:\/\/www.psib-psoe.org\/eivissa\/#website","url":"https:\/\/www.psib-psoe.org\/eivissa\/","name":"Federaci\u00f3 Socialista d'Eivissa","description":"Socialistes d&#039;Eivissa","publisher":{"@id":"https:\/\/www.psib-psoe.org\/eivissa\/#organization"},"potentialAction":[{"@type":"SearchAction","target":{"@type":"EntryPoint","urlTemplate":"https:\/\/www.psib-psoe.org\/eivissa\/?s={search_term_string}"},"query-input":{"@type":"PropertyValueSpecification","valueRequired":true,"valueName":"search_term_string"}}],"inLanguage":"ca"},{"@type":"Organization","@id":"https:\/\/www.psib-psoe.org\/eivissa\/#organization","name":"Federaci\u00f3 Socialista d'Eivissa","url":"https:\/\/www.psib-psoe.org\/eivissa\/","logo":{"@type":"ImageObject","inLanguage":"ca","@id":"https:\/\/www.psib-psoe.org\/eivissa\/#\/schema\/logo\/image\/","url":"https:\/\/www.psib-psoe.org\/eivissa\/wp-content\/uploads\/LOGO-FSE-SOCIALISTA-DEIVISSA-HORI.png","contentUrl":"https:\/\/www.psib-psoe.org\/eivissa\/wp-content\/uploads\/LOGO-FSE-SOCIALISTA-DEIVISSA-HORI.png","width":6000,"height":3104,"caption":"Federaci\u00f3 Socialista d'Eivissa"},"image":{"@id":"https:\/\/www.psib-psoe.org\/eivissa\/#\/schema\/logo\/image\/"}},{"@type":"Person","@id":"https:\/\/www.psib-psoe.org\/eivissa\/#\/schema\/person\/706742f1e7e07ce08bd017f09ea62ace","name":"Tita Tur","url":"https:\/\/www.psib-psoe.org\/eivissa\/author\/tita\/"}]}},"_links":{"self":[{"href":"https:\/\/www.psib-psoe.org\/eivissa\/wp-json\/wp\/v2\/posts\/39832","targetHints":{"allow":["GET"]}}],"collection":[{"href":"https:\/\/www.psib-psoe.org\/eivissa\/wp-json\/wp\/v2\/posts"}],"about":[{"href":"https:\/\/www.psib-psoe.org\/eivissa\/wp-json\/wp\/v2\/types\/post"}],"author":[{"embeddable":true,"href":"https:\/\/www.psib-psoe.org\/eivissa\/wp-json\/wp\/v2\/users\/15"}],"replies":[{"embeddable":true,"href":"https:\/\/www.psib-psoe.org\/eivissa\/wp-json\/wp\/v2\/comments?post=39832"}],"version-history":[{"count":3,"href":"https:\/\/www.psib-psoe.org\/eivissa\/wp-json\/wp\/v2\/posts\/39832\/revisions"}],"predecessor-version":[{"id":39837,"href":"https:\/\/www.psib-psoe.org\/eivissa\/wp-json\/wp\/v2\/posts\/39832\/revisions\/39837"}],"wp:featuredmedia":[{"embeddable":true,"href":"https:\/\/www.psib-psoe.org\/eivissa\/wp-json\/wp\/v2\/media\/39833"}],"wp:attachment":[{"href":"https:\/\/www.psib-psoe.org\/eivissa\/wp-json\/wp\/v2\/media?parent=39832"}],"wp:term":[{"taxonomy":"category","embeddable":true,"href":"https:\/\/www.psib-psoe.org\/eivissa\/wp-json\/wp\/v2\/categories?post=39832"},{"taxonomy":"post_tag","embeddable":true,"href":"https:\/\/www.psib-psoe.org\/eivissa\/wp-json\/wp\/v2\/tags?post=39832"}],"curies":[{"name":"wp","href":"https:\/\/api.w.org\/{rel}","templated":true}]}}