{"id":39852,"date":"2024-09-23T12:54:14","date_gmt":"2024-09-23T10:54:14","guid":{"rendered":"https:\/\/www.psib-psoe.org\/eivissa\/?p=39852"},"modified":"2024-09-23T12:54:14","modified_gmt":"2024-09-23T10:54:14","slug":"el-psoe-reclama-al-pp-que-doni-totes-les-explicacions-davant-la-justicia-en-el-cas-de-presumpta-utilitzacio-de-recursos-del-consell-insular-per-organitzar-el-miting-de-presentacio-de-la-candidatura-d","status":"publish","type":"post","link":"https:\/\/www.psib-psoe.org\/eivissa\/el-psoe-reclama-al-pp-que-doni-totes-les-explicacions-davant-la-justicia-en-el-cas-de-presumpta-utilitzacio-de-recursos-del-consell-insular-per-organitzar-el-miting-de-presentacio-de-la-candidatura-d\/","title":{"rendered":"El PSOE reclama al PP que doni totes les explicacions davant la Just\u00edcia, en el cas de presumpta utilitzaci\u00f3 de recursos del Consell Insular per organitzar el m\u00edting de presentaci\u00f3 de la candidatura de Vicent Mar\u00ed i Antoni Costa a les eleccions del 2023 i al qual va assistir la presidenta del Govern, Marga Prohens"},"content":{"rendered":"<p>La Federaci\u00f3 Socialista d\u2019Eivissa reclama al Partit Popular que doni totes les explicacions davant la Just\u00edcia, en el cas de presumpta utilitzaci\u00f3 de recursos p\u00fablics per organitzar el m\u00edting del PP de presentaci\u00f3 de la candidatura de Vicent Mar\u00ed al Consell Insular i de l\u2019actual vicepresident del Govern balear, Antoni Costa, a les eleccions del 2023. Com ja va denunciar el PSOE en el seu moment, el PP va organitzar el m\u00edting de presentaci\u00f3 de les seues candidatures al Consell i al Parlament en el Recinte Firal el dia 29 d\u2019abril de 2023, just l\u2019endem\u00e0 de l\u2019acte de les Medalles d\u2019Or de la instituci\u00f3, aprofitant tota la infraestructura de la celebraci\u00f3 institucional i per un cost econ\u00f2mic molt inferior.<\/p>\n<p>En el seu moment, i per indicaci\u00f3 de la Junta Electoral, el PSOE va denunciar davant del Jutjat de gu\u00e0rdia la utilitzaci\u00f3 de recursos del Consell Insular per organitzar el m\u00edting del PP, al qual va assistir l\u2019actual presidenta del Govern balear, Marga Prohens, que va tenir lloc el 29 d&#8217;abril de 2023 al Recinte Firal d\u2019Eivissa.<\/p>\n<p>El PSOE va denunciar que el PP va aprofitar-se de la infraestructura utilitzada el dia abans per a la celebraci\u00f3 de l&#8217;acte d&#8217;Honors i Distincions del Consell Insular d\u2019Eivissa, pel qual la instituci\u00f3 va pagar 58.000 euros, per muntar l&#8217;acte del PP de presentaci\u00f3 de la seua candidatura, que nom\u00e9s li va costar 3.300 euros al Partit Popular. A m\u00e9s, l&#8217;organitzaci\u00f3 dels dos actes varen ser planificats conjuntament, consideram des del PSOE, pel fet que no existia cap registre d&#8217;entrada a FECOEV, l&#8217;empresa p\u00fablica que gestiona el recinte, que presideix el mateix Vicent Mar\u00ed, de sol\u00b7licitud de reserva d&#8217;espai per part del Partit Popular.<\/p>\n<p>El PSOE va denunciar la utilitzaci\u00f3 per part del PP d\u2019informaci\u00f3 privilegiada, directament a trav\u00e9s dels seus c\u00e0rrecs al Consell Insular, per coordinar la celebraci\u00f3 del seu m\u00edting 24 hores despr\u00e9s de l\u2019acte institucional, i aix\u00ed aprofitar tota la infraestructura a un cost \u00ednfim.<\/p>\n<p>El PSOE va registrar la den\u00fancia, primerament, davant de la Junta Electoral, la qual va contestar que, tractant-se de la presumpta comissi\u00f3 de delicte, l&#8217;assumpte s\u2019havia de traslladar als Jutjats, com aix\u00ed va fer el Partit Socialista.<\/p>\n<p>El dia 28 d&#8217;abril de 2023, el Recinte Firal d&#8217;Eivissa va acollir l&#8217;acte institucional del Consell Insular d&#8217;Eivissa de lliurament d&#8217;Honors i Distincions de la instituci\u00f3, presidit per Vicent Mar\u00ed i amb la participaci\u00f3 de tota la corporaci\u00f3. Era la primera vegada que l&#8217;acte se celebrava al Recinte Firal, gestionat per l&#8217;empresa FECOEV (propietat del Consell Insular). Tots els anys anteriors de l&#8217;actual i anterior legislatura, l&#8217;acte s&#8217;havia celebrat a l&#8217;auditori del centre sociocultural de Cas Serres, propietat igualment del Consell Insular, per\u00f2 un espai m\u00e9s redu\u00eft en dimensions i de menors costos econ\u00f2mics.<\/p>\n<p>El dia 29 d&#8217;abril de 2023, nom\u00e9s 24 hores despr\u00e9s, el Partit Popular d&#8217;Eivissa va celebrar al mateix Recinte Firal el m\u00edting de presentaci\u00f3 de les seues candidatures al Consell Insular i al Parlament de les Illes Balears. El PP va utilitzar en el seu m\u00edting exactament el mateix espai i tota la infraestructura que el dia abans en l&#8217;acte d&#8217;Honors i Distincions del Consell Insular, com es pot comprovar en les fotografies dels dos actes.<\/p>\n<p>Despr\u00e9s de con\u00e8ixer els fets, el PSOE va demanar accedir a tota documentaci\u00f3 i factures d&#8217;aquestos actes. A FECOEV no constava cap registre d&#8217;entrada del Partit Popular sol\u00b7licitant reserva d&#8217;espai i pressupost per a la celebraci\u00f3 del seu acte del dia 29 d&#8217;abril. La documentaci\u00f3 que hi ha \u00e9s la seg\u00fcent: Una factura en concepte de serveis prestats al Consell Insular d&#8217;Eivissa per a la celebraci\u00f3 de l&#8217;acte de Lliurament d&#8217;Honors i Distincions 2023 celebrat el 28 d&#8217;abril de 2023 en el Recinte Firal (factura no subjecta a IVA per l&#8217;art. 7.8 de la Llei de l&#8217;IVA) per un import total de 58.179,46 euros. Entre els conceptes que s&#8217;hi facturen hi ha un escenari 14 per 10 metres, per un import de 5.885,00 euros, moqueta per 1.551 euros, equip de so i il\u00b7luminaci\u00f3 per 2.530 euros, altres equips de so i il\u00b7luminaci\u00f3 per 5.088 euros i altres conceptes fins a arribar a un total de 58.179,46 euros,<\/p>\n<p>Pel que fa al Partit Popular, hi havia una factura en concepte d&#8217;\u00fas d&#8217;instal\u00b7lacions del Recinte Firal d&#8217;Eivissa del 29 abril de 2023, amb un pressupost de data del dia abans, en el qual no figura cap firma d&#8217;acceptaci\u00f3, i un total IVA incl\u00f2s de 3.336,09 euros. La factura del PP inclou els conceptes d&#8217;\u00fas de l&#8217;espai nau del Recinte Firal per 4.400 euros\/dia, amb un 90% de descompte, subtotal de 440 euros. Consum el\u00e8ctric 385 euros\/dia, amb un 50% de descompte, 192,50 euros. Personal de manteniment, 4 persones durant 5 hores, 440 euros. Neteja 1 persona per 5 hores, 125 euros. Col\u00b7locaci\u00f3 posterior, 44 euros. Moqueta escenari, 765,80 euros. Adequaci\u00f3 escenari, 750 euros. Tot fa un total, IVA incl\u00f2s, de 3.336,09 euros.<\/p>\n<p>Dos actes celebrats en dies consecutius en el mateix espai, utilitzant la mateixa infraestructura d&#8217;escenari i plataformes, al Consell Insular li va costar 58.000 euros, i al Partit Popular, nom\u00e9s, 3.300 euros. En el seu dia, el Partit Socialista ja va alertar p\u00fablicament dels fets, d&#8217;un aprofitament per part de Vicent Mar\u00ed dels recursos p\u00fablics del Consell Insular en favor d&#8217;un m\u00edting del Partit Popular. La resposta del PP va ser que hi havia factura i que s&#8217;havia pagat. Efectivament, com va comprovar el PSOE i aix\u00ed ho va posar en coneixement de la Just\u00edcia, hi havia una factura infinitament inferior per al PP, per poder celebrar un acte en perfecta coordinaci\u00f3 i aprofitant-se econ\u00f2micament i organitzativament d&#8217;un acte institucional del Consell Insular. Fets d&#8217;extrema gravetat que s&#8217;havien de posar en coneixement de la Just\u00edcia, com aix\u00ed va fer el Partit Socialista, i que desitjam que s\u2019aclareixin completament.<\/p>\n","protected":false},"excerpt":{"rendered":"<p>La Federaci\u00f3 Socialista d\u2019Eivissa reclama al Partit Popular que doni totes les explicacions davant la Just\u00edcia, en el cas de presumpta utilitzaci\u00f3 de recursos p\u00fablics per organitzar el m\u00edting del PP de presentaci\u00f3 de la candidatura de Vicent Mar\u00ed al Consell Insular i de l\u2019actual vicepresident del Govern balear, Antoni Costa, a les eleccions del&hellip;<\/p>\n","protected":false},"author":7,"featured_media":36661,"comment_status":"closed","ping_status":"closed","sticky":false,"template":"","format":"standard","meta":{"footnotes":""},"categories":[192,1,212,191],"tags":[],"class_list":["post-39852","post","type-post","status-publish","format-standard","has-post-thumbnail","hentry","category-consell-deivissa","category-federacio-de-eivissa-portada","category-fse-psoe","category-govern-de-les-illes-balears-parlament"],"yoast_head":"<!-- This site is optimized with the Yoast SEO plugin v26.9 - https:\/\/yoast.com\/product\/yoast-seo-wordpress\/ -->\n<title>El PSOE reclama al PP que doni totes les explicacions davant la Just\u00edcia, en el cas de presumpta utilitzaci\u00f3 de recursos del Consell Insular per organitzar el m\u00edting de presentaci\u00f3 de la candidatura de Vicent Mar\u00ed i Antoni Costa a les eleccions del 2023 i al qual va assistir la presidenta del Govern, Marga Prohens - Federaci\u00f3 Socialista d&#039;Eivissa<\/title>\n<meta name=\"robots\" content=\"index, follow, max-snippet:-1, max-image-preview:large, max-video-preview:-1\" \/>\n<link rel=\"canonical\" href=\"https:\/\/www.psib-psoe.org\/eivissa\/el-psoe-reclama-al-pp-que-doni-totes-les-explicacions-davant-la-justicia-en-el-cas-de-presumpta-utilitzacio-de-recursos-del-consell-insular-per-organitzar-el-miting-de-presentacio-de-la-candidatura-d\/\" \/>\n<meta property=\"og:locale\" content=\"ca_ES\" \/>\n<meta property=\"og:type\" content=\"article\" \/>\n<meta property=\"og:title\" content=\"El PSOE reclama al PP que doni totes les explicacions davant la Just\u00edcia, en el cas de presumpta utilitzaci\u00f3 de recursos del Consell Insular per organitzar el m\u00edting de presentaci\u00f3 de la candidatura de Vicent Mar\u00ed i Antoni Costa a les eleccions del 2023 i al qual va assistir la presidenta del Govern, Marga Prohens - Federaci\u00f3 Socialista d&#039;Eivissa\" \/>\n<meta property=\"og:description\" content=\"La Federaci\u00f3 Socialista d\u2019Eivissa reclama al Partit Popular que doni totes les explicacions davant la Just\u00edcia, en el cas de presumpta utilitzaci\u00f3 de recursos p\u00fablics per organitzar el m\u00edting del PP de presentaci\u00f3 de la candidatura de Vicent Mar\u00ed al Consell Insular i de l\u2019actual vicepresident del Govern balear, Antoni Costa, a les eleccions del&hellip;\" \/>\n<meta property=\"og:url\" content=\"https:\/\/www.psib-psoe.org\/eivissa\/el-psoe-reclama-al-pp-que-doni-totes-les-explicacions-davant-la-justicia-en-el-cas-de-presumpta-utilitzacio-de-recursos-del-consell-insular-per-organitzar-el-miting-de-presentacio-de-la-candidatura-d\/\" \/>\n<meta property=\"og:site_name\" content=\"Federaci\u00f3 Socialista d&#039;Eivissa\" \/>\n<meta property=\"article:published_time\" content=\"2024-09-23T10:54:14+00:00\" \/>\n<meta property=\"og:image\" content=\"https:\/\/www.psib-psoe.org\/eivissa\/wp-content\/uploads\/LOGO-FSE-SOCIALISTA-DEIVISSA-HORI.png\" \/>\n\t<meta property=\"og:image:width\" content=\"6000\" \/>\n\t<meta property=\"og:image:height\" content=\"3104\" \/>\n\t<meta property=\"og:image:type\" content=\"image\/png\" \/>\n<meta name=\"author\" content=\"Josep Ripoll\" \/>\n<meta name=\"twitter:card\" content=\"summary_large_image\" \/>\n<meta name=\"twitter:label1\" content=\"Escrit per\" \/>\n\t<meta name=\"twitter:data1\" content=\"Josep Ripoll\" \/>\n\t<meta name=\"twitter:label2\" content=\"Temps estimat de lectura\" \/>\n\t<meta name=\"twitter:data2\" content=\"5 minuts\" \/>\n<script type=\"application\/ld+json\" class=\"yoast-schema-graph\">{\"@context\":\"https:\/\/schema.org\",\"@graph\":[{\"@type\":[\"Article\",\"BlogPosting\"],\"@id\":\"https:\/\/www.psib-psoe.org\/eivissa\/el-psoe-reclama-al-pp-que-doni-totes-les-explicacions-davant-la-justicia-en-el-cas-de-presumpta-utilitzacio-de-recursos-del-consell-insular-per-organitzar-el-miting-de-presentacio-de-la-candidatura-d\/#article\",\"isPartOf\":{\"@id\":\"https:\/\/www.psib-psoe.org\/eivissa\/el-psoe-reclama-al-pp-que-doni-totes-les-explicacions-davant-la-justicia-en-el-cas-de-presumpta-utilitzacio-de-recursos-del-consell-insular-per-organitzar-el-miting-de-presentacio-de-la-candidatura-d\/\"},\"author\":{\"name\":\"Josep Ripoll\",\"@id\":\"https:\/\/www.psib-psoe.org\/eivissa\/#\/schema\/person\/7a9d2841fb36f32e34fc0e9b245e8117\"},\"headline\":\"El PSOE reclama al PP que doni totes les explicacions davant la Just\u00edcia, en el cas de presumpta utilitzaci\u00f3 de recursos del Consell Insular per organitzar el m\u00edting de presentaci\u00f3 de la candidatura de Vicent Mar\u00ed i Antoni Costa a les eleccions del 2023 i al qual va assistir la presidenta del Govern, Marga Prohens\",\"datePublished\":\"2024-09-23T10:54:14+00:00\",\"mainEntityOfPage\":{\"@id\":\"https:\/\/www.psib-psoe.org\/eivissa\/el-psoe-reclama-al-pp-que-doni-totes-les-explicacions-davant-la-justicia-en-el-cas-de-presumpta-utilitzacio-de-recursos-del-consell-insular-per-organitzar-el-miting-de-presentacio-de-la-candidatura-d\/\"},\"wordCount\":1026,\"publisher\":{\"@id\":\"https:\/\/www.psib-psoe.org\/eivissa\/#organization\"},\"image\":{\"@id\":\"https:\/\/www.psib-psoe.org\/eivissa\/el-psoe-reclama-al-pp-que-doni-totes-les-explicacions-davant-la-justicia-en-el-cas-de-presumpta-utilitzacio-de-recursos-del-consell-insular-per-organitzar-el-miting-de-presentacio-de-la-candidatura-d\/#primaryimage\"},\"thumbnailUrl\":\"https:\/\/www.psib-psoe.org\/eivissa\/wp-content\/uploads\/LOGO-FSE-SOCIALISTA-DEIVISSA-HORI.png\",\"articleSection\":[\"Consell d'Eivissa\",\"Federaci\u00f3 d'Eivissa - Portada\",\"FSE-PSOE\",\"Govern de les Illes Balears - Parlament - PSIB-PSOE\"],\"inLanguage\":\"ca\"},{\"@type\":\"WebPage\",\"@id\":\"https:\/\/www.psib-psoe.org\/eivissa\/el-psoe-reclama-al-pp-que-doni-totes-les-explicacions-davant-la-justicia-en-el-cas-de-presumpta-utilitzacio-de-recursos-del-consell-insular-per-organitzar-el-miting-de-presentacio-de-la-candidatura-d\/\",\"url\":\"https:\/\/www.psib-psoe.org\/eivissa\/el-psoe-reclama-al-pp-que-doni-totes-les-explicacions-davant-la-justicia-en-el-cas-de-presumpta-utilitzacio-de-recursos-del-consell-insular-per-organitzar-el-miting-de-presentacio-de-la-candidatura-d\/\",\"name\":\"El PSOE reclama al PP que doni totes les explicacions davant la Just\u00edcia, en el cas de presumpta utilitzaci\u00f3 de recursos del Consell Insular per organitzar el m\u00edting de presentaci\u00f3 de la candidatura de Vicent Mar\u00ed i Antoni Costa a les eleccions del 2023 i al qual va assistir la presidenta del Govern, Marga Prohens - Federaci\u00f3 Socialista d&#039;Eivissa\",\"isPartOf\":{\"@id\":\"https:\/\/www.psib-psoe.org\/eivissa\/#website\"},\"primaryImageOfPage\":{\"@id\":\"https:\/\/www.psib-psoe.org\/eivissa\/el-psoe-reclama-al-pp-que-doni-totes-les-explicacions-davant-la-justicia-en-el-cas-de-presumpta-utilitzacio-de-recursos-del-consell-insular-per-organitzar-el-miting-de-presentacio-de-la-candidatura-d\/#primaryimage\"},\"image\":{\"@id\":\"https:\/\/www.psib-psoe.org\/eivissa\/el-psoe-reclama-al-pp-que-doni-totes-les-explicacions-davant-la-justicia-en-el-cas-de-presumpta-utilitzacio-de-recursos-del-consell-insular-per-organitzar-el-miting-de-presentacio-de-la-candidatura-d\/#primaryimage\"},\"thumbnailUrl\":\"https:\/\/www.psib-psoe.org\/eivissa\/wp-content\/uploads\/LOGO-FSE-SOCIALISTA-DEIVISSA-HORI.png\",\"datePublished\":\"2024-09-23T10:54:14+00:00\",\"breadcrumb\":{\"@id\":\"https:\/\/www.psib-psoe.org\/eivissa\/el-psoe-reclama-al-pp-que-doni-totes-les-explicacions-davant-la-justicia-en-el-cas-de-presumpta-utilitzacio-de-recursos-del-consell-insular-per-organitzar-el-miting-de-presentacio-de-la-candidatura-d\/#breadcrumb\"},\"inLanguage\":\"ca\",\"potentialAction\":[{\"@type\":\"ReadAction\",\"target\":[\"https:\/\/www.psib-psoe.org\/eivissa\/el-psoe-reclama-al-pp-que-doni-totes-les-explicacions-davant-la-justicia-en-el-cas-de-presumpta-utilitzacio-de-recursos-del-consell-insular-per-organitzar-el-miting-de-presentacio-de-la-candidatura-d\/\"]}]},{\"@type\":\"ImageObject\",\"inLanguage\":\"ca\",\"@id\":\"https:\/\/www.psib-psoe.org\/eivissa\/el-psoe-reclama-al-pp-que-doni-totes-les-explicacions-davant-la-justicia-en-el-cas-de-presumpta-utilitzacio-de-recursos-del-consell-insular-per-organitzar-el-miting-de-presentacio-de-la-candidatura-d\/#primaryimage\",\"url\":\"https:\/\/www.psib-psoe.org\/eivissa\/wp-content\/uploads\/LOGO-FSE-SOCIALISTA-DEIVISSA-HORI.png\",\"contentUrl\":\"https:\/\/www.psib-psoe.org\/eivissa\/wp-content\/uploads\/LOGO-FSE-SOCIALISTA-DEIVISSA-HORI.png\",\"width\":6000,\"height\":3104},{\"@type\":\"BreadcrumbList\",\"@id\":\"https:\/\/www.psib-psoe.org\/eivissa\/el-psoe-reclama-al-pp-que-doni-totes-les-explicacions-davant-la-justicia-en-el-cas-de-presumpta-utilitzacio-de-recursos-del-consell-insular-per-organitzar-el-miting-de-presentacio-de-la-candidatura-d\/#breadcrumb\",\"itemListElement\":[{\"@type\":\"ListItem\",\"position\":1,\"name\":\"Inici\",\"item\":\"https:\/\/www.psib-psoe.org\/eivissa\/\"},{\"@type\":\"ListItem\",\"position\":2,\"name\":\"El PSOE reclama al PP que doni totes les explicacions davant la Just\u00edcia, en el cas de presumpta utilitzaci\u00f3 de recursos del Consell Insular per organitzar el m\u00edting de presentaci\u00f3 de la candidatura de Vicent Mar\u00ed i Antoni Costa a les eleccions del 2023 i al qual va assistir la presidenta del Govern, Marga Prohens\"}]},{\"@type\":\"WebSite\",\"@id\":\"https:\/\/www.psib-psoe.org\/eivissa\/#website\",\"url\":\"https:\/\/www.psib-psoe.org\/eivissa\/\",\"name\":\"Federaci\u00f3 Socialista d'Eivissa\",\"description\":\"Socialistes d&#039;Eivissa\",\"publisher\":{\"@id\":\"https:\/\/www.psib-psoe.org\/eivissa\/#organization\"},\"potentialAction\":[{\"@type\":\"SearchAction\",\"target\":{\"@type\":\"EntryPoint\",\"urlTemplate\":\"https:\/\/www.psib-psoe.org\/eivissa\/?s={search_term_string}\"},\"query-input\":{\"@type\":\"PropertyValueSpecification\",\"valueRequired\":true,\"valueName\":\"search_term_string\"}}],\"inLanguage\":\"ca\"},{\"@type\":\"Organization\",\"@id\":\"https:\/\/www.psib-psoe.org\/eivissa\/#organization\",\"name\":\"Federaci\u00f3 Socialista d'Eivissa\",\"url\":\"https:\/\/www.psib-psoe.org\/eivissa\/\",\"logo\":{\"@type\":\"ImageObject\",\"inLanguage\":\"ca\",\"@id\":\"https:\/\/www.psib-psoe.org\/eivissa\/#\/schema\/logo\/image\/\",\"url\":\"https:\/\/www.psib-psoe.org\/eivissa\/wp-content\/uploads\/LOGO-FSE-SOCIALISTA-DEIVISSA-HORI.png\",\"contentUrl\":\"https:\/\/www.psib-psoe.org\/eivissa\/wp-content\/uploads\/LOGO-FSE-SOCIALISTA-DEIVISSA-HORI.png\",\"width\":6000,\"height\":3104,\"caption\":\"Federaci\u00f3 Socialista d'Eivissa\"},\"image\":{\"@id\":\"https:\/\/www.psib-psoe.org\/eivissa\/#\/schema\/logo\/image\/\"}},{\"@type\":\"Person\",\"@id\":\"https:\/\/www.psib-psoe.org\/eivissa\/#\/schema\/person\/7a9d2841fb36f32e34fc0e9b245e8117\",\"name\":\"Josep Ripoll\",\"sameAs\":[\"http:\/\/www.psib-psoe.org\/eivissa\/wp-login.php\"],\"url\":\"https:\/\/www.psib-psoe.org\/eivissa\/author\/josep\/\"}]}<\/script>\n<!-- \/ Yoast SEO plugin. -->","yoast_head_json":{"title":"El PSOE reclama al PP que doni totes les explicacions davant la Just\u00edcia, en el cas de presumpta utilitzaci\u00f3 de recursos del Consell Insular per organitzar el m\u00edting de presentaci\u00f3 de la candidatura de Vicent Mar\u00ed i Antoni Costa a les eleccions del 2023 i al qual va assistir la presidenta del Govern, Marga Prohens - Federaci\u00f3 Socialista d&#039;Eivissa","robots":{"index":"index","follow":"follow","max-snippet":"max-snippet:-1","max-image-preview":"max-image-preview:large","max-video-preview":"max-video-preview:-1"},"canonical":"https:\/\/www.psib-psoe.org\/eivissa\/el-psoe-reclama-al-pp-que-doni-totes-les-explicacions-davant-la-justicia-en-el-cas-de-presumpta-utilitzacio-de-recursos-del-consell-insular-per-organitzar-el-miting-de-presentacio-de-la-candidatura-d\/","og_locale":"ca_ES","og_type":"article","og_title":"El PSOE reclama al PP que doni totes les explicacions davant la Just\u00edcia, en el cas de presumpta utilitzaci\u00f3 de recursos del Consell Insular per organitzar el m\u00edting de presentaci\u00f3 de la candidatura de Vicent Mar\u00ed i Antoni Costa a les eleccions del 2023 i al qual va assistir la presidenta del Govern, Marga Prohens - Federaci\u00f3 Socialista d&#039;Eivissa","og_description":"La Federaci\u00f3 Socialista d\u2019Eivissa reclama al Partit Popular que doni totes les explicacions davant la Just\u00edcia, en el cas de presumpta utilitzaci\u00f3 de recursos p\u00fablics per organitzar el m\u00edting del PP de presentaci\u00f3 de la candidatura de Vicent Mar\u00ed al Consell Insular i de l\u2019actual vicepresident del Govern balear, Antoni Costa, a les eleccions del&hellip;","og_url":"https:\/\/www.psib-psoe.org\/eivissa\/el-psoe-reclama-al-pp-que-doni-totes-les-explicacions-davant-la-justicia-en-el-cas-de-presumpta-utilitzacio-de-recursos-del-consell-insular-per-organitzar-el-miting-de-presentacio-de-la-candidatura-d\/","og_site_name":"Federaci\u00f3 Socialista d&#039;Eivissa","article_published_time":"2024-09-23T10:54:14+00:00","og_image":[{"width":6000,"height":3104,"url":"https:\/\/www.psib-psoe.org\/eivissa\/wp-content\/uploads\/LOGO-FSE-SOCIALISTA-DEIVISSA-HORI.png","type":"image\/png"}],"author":"Josep Ripoll","twitter_card":"summary_large_image","twitter_misc":{"Escrit per":"Josep Ripoll","Temps estimat de lectura":"5 minuts"},"schema":{"@context":"https:\/\/schema.org","@graph":[{"@type":["Article","BlogPosting"],"@id":"https:\/\/www.psib-psoe.org\/eivissa\/el-psoe-reclama-al-pp-que-doni-totes-les-explicacions-davant-la-justicia-en-el-cas-de-presumpta-utilitzacio-de-recursos-del-consell-insular-per-organitzar-el-miting-de-presentacio-de-la-candidatura-d\/#article","isPartOf":{"@id":"https:\/\/www.psib-psoe.org\/eivissa\/el-psoe-reclama-al-pp-que-doni-totes-les-explicacions-davant-la-justicia-en-el-cas-de-presumpta-utilitzacio-de-recursos-del-consell-insular-per-organitzar-el-miting-de-presentacio-de-la-candidatura-d\/"},"author":{"name":"Josep Ripoll","@id":"https:\/\/www.psib-psoe.org\/eivissa\/#\/schema\/person\/7a9d2841fb36f32e34fc0e9b245e8117"},"headline":"El PSOE reclama al PP que doni totes les explicacions davant la Just\u00edcia, en el cas de presumpta utilitzaci\u00f3 de recursos del Consell Insular per organitzar el m\u00edting de presentaci\u00f3 de la candidatura de Vicent Mar\u00ed i Antoni Costa a les eleccions del 2023 i al qual va assistir la presidenta del Govern, Marga Prohens","datePublished":"2024-09-23T10:54:14+00:00","mainEntityOfPage":{"@id":"https:\/\/www.psib-psoe.org\/eivissa\/el-psoe-reclama-al-pp-que-doni-totes-les-explicacions-davant-la-justicia-en-el-cas-de-presumpta-utilitzacio-de-recursos-del-consell-insular-per-organitzar-el-miting-de-presentacio-de-la-candidatura-d\/"},"wordCount":1026,"publisher":{"@id":"https:\/\/www.psib-psoe.org\/eivissa\/#organization"},"image":{"@id":"https:\/\/www.psib-psoe.org\/eivissa\/el-psoe-reclama-al-pp-que-doni-totes-les-explicacions-davant-la-justicia-en-el-cas-de-presumpta-utilitzacio-de-recursos-del-consell-insular-per-organitzar-el-miting-de-presentacio-de-la-candidatura-d\/#primaryimage"},"thumbnailUrl":"https:\/\/www.psib-psoe.org\/eivissa\/wp-content\/uploads\/LOGO-FSE-SOCIALISTA-DEIVISSA-HORI.png","articleSection":["Consell d'Eivissa","Federaci\u00f3 d'Eivissa - Portada","FSE-PSOE","Govern de les Illes Balears - Parlament - PSIB-PSOE"],"inLanguage":"ca"},{"@type":"WebPage","@id":"https:\/\/www.psib-psoe.org\/eivissa\/el-psoe-reclama-al-pp-que-doni-totes-les-explicacions-davant-la-justicia-en-el-cas-de-presumpta-utilitzacio-de-recursos-del-consell-insular-per-organitzar-el-miting-de-presentacio-de-la-candidatura-d\/","url":"https:\/\/www.psib-psoe.org\/eivissa\/el-psoe-reclama-al-pp-que-doni-totes-les-explicacions-davant-la-justicia-en-el-cas-de-presumpta-utilitzacio-de-recursos-del-consell-insular-per-organitzar-el-miting-de-presentacio-de-la-candidatura-d\/","name":"El PSOE reclama al PP que doni totes les explicacions davant la Just\u00edcia, en el cas de presumpta utilitzaci\u00f3 de recursos del Consell Insular per organitzar el m\u00edting de presentaci\u00f3 de la candidatura de Vicent Mar\u00ed i Antoni Costa a les eleccions del 2023 i al qual va assistir la presidenta del Govern, Marga Prohens - Federaci\u00f3 Socialista d&#039;Eivissa","isPartOf":{"@id":"https:\/\/www.psib-psoe.org\/eivissa\/#website"},"primaryImageOfPage":{"@id":"https:\/\/www.psib-psoe.org\/eivissa\/el-psoe-reclama-al-pp-que-doni-totes-les-explicacions-davant-la-justicia-en-el-cas-de-presumpta-utilitzacio-de-recursos-del-consell-insular-per-organitzar-el-miting-de-presentacio-de-la-candidatura-d\/#primaryimage"},"image":{"@id":"https:\/\/www.psib-psoe.org\/eivissa\/el-psoe-reclama-al-pp-que-doni-totes-les-explicacions-davant-la-justicia-en-el-cas-de-presumpta-utilitzacio-de-recursos-del-consell-insular-per-organitzar-el-miting-de-presentacio-de-la-candidatura-d\/#primaryimage"},"thumbnailUrl":"https:\/\/www.psib-psoe.org\/eivissa\/wp-content\/uploads\/LOGO-FSE-SOCIALISTA-DEIVISSA-HORI.png","datePublished":"2024-09-23T10:54:14+00:00","breadcrumb":{"@id":"https:\/\/www.psib-psoe.org\/eivissa\/el-psoe-reclama-al-pp-que-doni-totes-les-explicacions-davant-la-justicia-en-el-cas-de-presumpta-utilitzacio-de-recursos-del-consell-insular-per-organitzar-el-miting-de-presentacio-de-la-candidatura-d\/#breadcrumb"},"inLanguage":"ca","potentialAction":[{"@type":"ReadAction","target":["https:\/\/www.psib-psoe.org\/eivissa\/el-psoe-reclama-al-pp-que-doni-totes-les-explicacions-davant-la-justicia-en-el-cas-de-presumpta-utilitzacio-de-recursos-del-consell-insular-per-organitzar-el-miting-de-presentacio-de-la-candidatura-d\/"]}]},{"@type":"ImageObject","inLanguage":"ca","@id":"https:\/\/www.psib-psoe.org\/eivissa\/el-psoe-reclama-al-pp-que-doni-totes-les-explicacions-davant-la-justicia-en-el-cas-de-presumpta-utilitzacio-de-recursos-del-consell-insular-per-organitzar-el-miting-de-presentacio-de-la-candidatura-d\/#primaryimage","url":"https:\/\/www.psib-psoe.org\/eivissa\/wp-content\/uploads\/LOGO-FSE-SOCIALISTA-DEIVISSA-HORI.png","contentUrl":"https:\/\/www.psib-psoe.org\/eivissa\/wp-content\/uploads\/LOGO-FSE-SOCIALISTA-DEIVISSA-HORI.png","width":6000,"height":3104},{"@type":"BreadcrumbList","@id":"https:\/\/www.psib-psoe.org\/eivissa\/el-psoe-reclama-al-pp-que-doni-totes-les-explicacions-davant-la-justicia-en-el-cas-de-presumpta-utilitzacio-de-recursos-del-consell-insular-per-organitzar-el-miting-de-presentacio-de-la-candidatura-d\/#breadcrumb","itemListElement":[{"@type":"ListItem","position":1,"name":"Inici","item":"https:\/\/www.psib-psoe.org\/eivissa\/"},{"@type":"ListItem","position":2,"name":"El PSOE reclama al PP que doni totes les explicacions davant la Just\u00edcia, en el cas de presumpta utilitzaci\u00f3 de recursos del Consell Insular per organitzar el m\u00edting de presentaci\u00f3 de la candidatura de Vicent Mar\u00ed i Antoni Costa a les eleccions del 2023 i al qual va assistir la presidenta del Govern, Marga Prohens"}]},{"@type":"WebSite","@id":"https:\/\/www.psib-psoe.org\/eivissa\/#website","url":"https:\/\/www.psib-psoe.org\/eivissa\/","name":"Federaci\u00f3 Socialista d'Eivissa","description":"Socialistes d&#039;Eivissa","publisher":{"@id":"https:\/\/www.psib-psoe.org\/eivissa\/#organization"},"potentialAction":[{"@type":"SearchAction","target":{"@type":"EntryPoint","urlTemplate":"https:\/\/www.psib-psoe.org\/eivissa\/?s={search_term_string}"},"query-input":{"@type":"PropertyValueSpecification","valueRequired":true,"valueName":"search_term_string"}}],"inLanguage":"ca"},{"@type":"Organization","@id":"https:\/\/www.psib-psoe.org\/eivissa\/#organization","name":"Federaci\u00f3 Socialista d'Eivissa","url":"https:\/\/www.psib-psoe.org\/eivissa\/","logo":{"@type":"ImageObject","inLanguage":"ca","@id":"https:\/\/www.psib-psoe.org\/eivissa\/#\/schema\/logo\/image\/","url":"https:\/\/www.psib-psoe.org\/eivissa\/wp-content\/uploads\/LOGO-FSE-SOCIALISTA-DEIVISSA-HORI.png","contentUrl":"https:\/\/www.psib-psoe.org\/eivissa\/wp-content\/uploads\/LOGO-FSE-SOCIALISTA-DEIVISSA-HORI.png","width":6000,"height":3104,"caption":"Federaci\u00f3 Socialista d'Eivissa"},"image":{"@id":"https:\/\/www.psib-psoe.org\/eivissa\/#\/schema\/logo\/image\/"}},{"@type":"Person","@id":"https:\/\/www.psib-psoe.org\/eivissa\/#\/schema\/person\/7a9d2841fb36f32e34fc0e9b245e8117","name":"Josep Ripoll","sameAs":["http:\/\/www.psib-psoe.org\/eivissa\/wp-login.php"],"url":"https:\/\/www.psib-psoe.org\/eivissa\/author\/josep\/"}]}},"_links":{"self":[{"href":"https:\/\/www.psib-psoe.org\/eivissa\/wp-json\/wp\/v2\/posts\/39852","targetHints":{"allow":["GET"]}}],"collection":[{"href":"https:\/\/www.psib-psoe.org\/eivissa\/wp-json\/wp\/v2\/posts"}],"about":[{"href":"https:\/\/www.psib-psoe.org\/eivissa\/wp-json\/wp\/v2\/types\/post"}],"author":[{"embeddable":true,"href":"https:\/\/www.psib-psoe.org\/eivissa\/wp-json\/wp\/v2\/users\/7"}],"replies":[{"embeddable":true,"href":"https:\/\/www.psib-psoe.org\/eivissa\/wp-json\/wp\/v2\/comments?post=39852"}],"version-history":[{"count":1,"href":"https:\/\/www.psib-psoe.org\/eivissa\/wp-json\/wp\/v2\/posts\/39852\/revisions"}],"predecessor-version":[{"id":39853,"href":"https:\/\/www.psib-psoe.org\/eivissa\/wp-json\/wp\/v2\/posts\/39852\/revisions\/39853"}],"wp:featuredmedia":[{"embeddable":true,"href":"https:\/\/www.psib-psoe.org\/eivissa\/wp-json\/wp\/v2\/media\/36661"}],"wp:attachment":[{"href":"https:\/\/www.psib-psoe.org\/eivissa\/wp-json\/wp\/v2\/media?parent=39852"}],"wp:term":[{"taxonomy":"category","embeddable":true,"href":"https:\/\/www.psib-psoe.org\/eivissa\/wp-json\/wp\/v2\/categories?post=39852"},{"taxonomy":"post_tag","embeddable":true,"href":"https:\/\/www.psib-psoe.org\/eivissa\/wp-json\/wp\/v2\/tags?post=39852"}],"curies":[{"name":"wp","href":"https:\/\/api.w.org\/{rel}","templated":true}]}}