{"id":39915,"date":"2024-10-01T13:03:40","date_gmt":"2024-10-01T11:03:40","guid":{"rendered":"https:\/\/www.psib-psoe.org\/eivissa\/?p=39915"},"modified":"2024-10-01T13:07:24","modified_gmt":"2024-10-01T11:07:24","slug":"el-psoe-denuncia-la-paralisi-de-la-nova-escola-dhoteleria-d-eivissa-que-encara-no-ha-contractat-ni-a-un-sol-professor","status":"publish","type":"post","link":"https:\/\/www.psib-psoe.org\/eivissa\/el-psoe-denuncia-la-paralisi-de-la-nova-escola-dhoteleria-d-eivissa-que-encara-no-ha-contractat-ni-a-un-sol-professor\/","title":{"rendered":"El PSOE denuncia la par\u00e0lisi de la nova Escola d&#8217;Hoteleria d&#8217;<span translate=\"no\"> Eivissa<\/span>, que encara no ha contractat ni a un sol professor"},"content":{"rendered":"<p>El Grup PSOE del <span translate=\"no\"> Consell Insular <\/span> denuncia la par\u00e0lisi absoluta de la nova Escola d&#8217;Hoteleria d&#8217; <span translate=\"no\"> Eivissa<\/span>, que encara no ha contractat ni un sol professor per al curs 2024-2025. El **PSOE** considera vergony\u00f3s que, a pesar de la necessitat de professionals qualificats en el sector tur\u00edstic, i m\u00e9s d\u2019un any despr\u00e9s d\u2019acabar les obres, no es faci res per posar en marxa una formaci\u00f3 professional de qualitat.<\/p>\n<p>Recordem que la creaci\u00f3 de l&#8217;Escola d&#8217;Hoteleria d&#8217; <span translate=\"no\"> Eivissa <\/span> va ser un projecte impulsat durant el mandat progressista de Vicent Torres al <span translate=\"no\"> Consell Insular <\/span> i Francina Armengol al <span translate=\"no\"> Govern Balear<\/span>. L&#8217;objectiu del projecte era convertir <span translate=\"no\"> Eivissa <\/span> en un referent de formaci\u00f3 en el sector tur\u00edstic, creant una seu de l&#8217;Escola d&#8217;Hoteleria de les <span translate=\"no\"> Illes Balears <\/span> amb unes instal\u00b7lacions punteres ubicades al <span translate=\"no\"> Campus de Sa Coma<\/span>.<\/p>\n<p>El projecte constructiu i d\u2019equipament va anar a c\u00e0rrec del <span translate=\"no\"> Consell Insular<\/span>, cofinan\u00e7at pel <span translate=\"no\"> Govern de les Illes Balears <\/span> a trav\u00e9s de l\u2019<span translate=\"no\"> Impost del Turisme Sostenible<\/span>, i tenia per objectiu cobrir la creixent demanda de professionals qualificats en el sector hoteler i de restauraci\u00f3. Durant aquell mandat, es va redactar el projecte i licitar unes obres que havien de dotar l&#8217;illa d&#8217;unes instal\u00b7lacions modernes i ben equipades, que actualment s\u00f3n considerades de les millors d&#8217; <span translate=\"no\"> Europa<\/span>, i que havien de ser gestionades a trav\u00e9s de l&#8217;Escola d&#8217;Hoteleria de les <span translate=\"no\"> Illes Balears<\/span>.<\/p>\n<p>L\u2019anterior <span translate=\"no\"> Govern balear <\/span> va deixar un projecte ben definit i avan\u00e7at, amb la contractaci\u00f3 d&#8217;un director el 2023 i les places de personal docent ja dotades. No obstant aix\u00f2, en l&#8217;\u00faltim any i mig, no s&#8217;ha fet cap progr\u00e9s significatiu. En arribar al <span translate=\"no\"> Govern<\/span>, el **Partit Popular** va nomenar una nova directora, **Pepita Costa**, per\u00f2 l&#8217;\u00fanic que s\u2019ha fet en tots aquestos mesos ha set traslladar els cursos d&#8217; <span translate=\"no\"> FP <\/span> no reglada del <span translate=\"no\"> SOIB<\/span>, abans ubicats al centre de <span translate=\"no\"> Sa Blanca Dona<\/span>, cap a les noves instal\u00b7lacions de l&#8217;Escola d&#8217;Hoteleria, la qual cosa mostra una clara falta de projecte educatiu.<\/p>\n<p>La proposta formativa per al curs 2024-2025 es limita a accions formatives puntuals, algun m\u00e0ster amb professorat extern i els mateixos cursos del <span translate=\"no\"> SOIB<\/span>. Aix\u00f2 \u00e9s una mostra clara de deixadesa i improvisaci\u00f3. No hi ha un projecte seri\u00f3s, l&#8217;escola est\u00e0 orfe i els professionals es contracten nom\u00e9s per a accions puntuals. Davant d\u2019aquesta situaci\u00f3, des del PSOE exigim que l&#8217;Escola es posi en marxa a ple rendiment, com es fa la seu de l&#8217;Escola d&#8217;Hoteleria de les <span translate=\"no\"> Illes Balears <\/span> situada al <span translate=\"no\"> Campus de Valldemossa<\/span>, on s&#8217;ofereixen graus mitjans i superiors d\u2019Hoteleria.<\/p>\n<p>El Grup **PSOE** exigeix responsabilitats al Partit Popular i a la directora de l&#8217;escola, Pepita Costa, qui despr\u00e9s de m\u00e9s d&#8217;un any encara no ha contractat el professorat necessari. <span translate=\"no\"> Eivissa <\/span> no pot permetre&#8217;s tenir unes instal\u00b7lacions que s\u00f3n de les millors d&#8217; <span translate=\"no\"> Europa <\/span> i no ser capa\u00e7os de replicar el model d&#8217;\u00e8xit que ja funciona a <span translate=\"no\"> Mallorca<\/span>. L&#8217;Escola d&#8217;Hoteleria d\u2019 <span translate=\"no\"> Eivissa <\/span> no pot ser una escola de segona, ha de ser una eina clau per formar els professionals que el nostre sector tur\u00edstic tant necessita.<\/p>\n","protected":false},"excerpt":{"rendered":"<p>El Grup PSOE del Consell Insular denuncia la par\u00e0lisi absoluta de la nova Escola d&#8217;Hoteleria d&#8217; Eivissa, que encara no ha contractat ni un sol professor per al curs 2024-2025. El **PSOE** considera vergony\u00f3s que, a pesar de la necessitat de professionals qualificats en el sector tur\u00edstic, i m\u00e9s d\u2019un any despr\u00e9s d\u2019acabar les obres,&hellip;<\/p>\n","protected":false},"author":7,"featured_media":39918,"comment_status":"closed","ping_status":"closed","sticky":false,"template":"","format":"standard","meta":{"footnotes":""},"categories":[1,191],"tags":[],"class_list":["post-39915","post","type-post","status-publish","format-standard","has-post-thumbnail","hentry","category-federacio-de-eivissa-portada","category-govern-de-les-illes-balears-parlament"],"yoast_head":"<!-- This site is optimized with the Yoast SEO plugin v26.9 - https:\/\/yoast.com\/product\/yoast-seo-wordpress\/ -->\n<title>El PSOE denuncia la par\u00e0lisi de la nova Escola d&#039;Hoteleria d&#039; Eivissa, que encara no ha contractat ni a un sol professor - Federaci\u00f3 Socialista d&#039;Eivissa<\/title>\n<meta name=\"robots\" content=\"index, follow, max-snippet:-1, max-image-preview:large, max-video-preview:-1\" \/>\n<link rel=\"canonical\" href=\"https:\/\/www.psib-psoe.org\/eivissa\/el-psoe-denuncia-la-paralisi-de-la-nova-escola-dhoteleria-d-eivissa-que-encara-no-ha-contractat-ni-a-un-sol-professor\/\" \/>\n<meta property=\"og:locale\" content=\"ca_ES\" \/>\n<meta property=\"og:type\" content=\"article\" \/>\n<meta property=\"og:title\" content=\"El PSOE denuncia la par\u00e0lisi de la nova Escola d&#039;Hoteleria d&#039; Eivissa, que encara no ha contractat ni a un sol professor - Federaci\u00f3 Socialista d&#039;Eivissa\" \/>\n<meta property=\"og:description\" content=\"El Grup PSOE del Consell Insular denuncia la par\u00e0lisi absoluta de la nova Escola d&#8217;Hoteleria d&#8217; Eivissa, que encara no ha contractat ni un sol professor per al curs 2024-2025. El **PSOE** considera vergony\u00f3s que, a pesar de la necessitat de professionals qualificats en el sector tur\u00edstic, i m\u00e9s d\u2019un any despr\u00e9s d\u2019acabar les obres,&hellip;\" \/>\n<meta property=\"og:url\" content=\"https:\/\/www.psib-psoe.org\/eivissa\/el-psoe-denuncia-la-paralisi-de-la-nova-escola-dhoteleria-d-eivissa-que-encara-no-ha-contractat-ni-a-un-sol-professor\/\" \/>\n<meta property=\"og:site_name\" content=\"Federaci\u00f3 Socialista d&#039;Eivissa\" \/>\n<meta property=\"article:published_time\" content=\"2024-10-01T11:03:40+00:00\" \/>\n<meta property=\"article:modified_time\" content=\"2024-10-01T11:07:24+00:00\" \/>\n<meta property=\"og:image\" content=\"https:\/\/www.psib-psoe.org\/eivissa\/wp-content\/uploads\/escola-hoteleria-eivissa-sa-coma.png\" \/>\n\t<meta property=\"og:image:width\" content=\"838\" \/>\n\t<meta property=\"og:image:height\" content=\"431\" \/>\n\t<meta property=\"og:image:type\" content=\"image\/png\" \/>\n<meta name=\"author\" content=\"Josep Ripoll\" \/>\n<meta name=\"twitter:card\" content=\"summary_large_image\" \/>\n<meta name=\"twitter:label1\" content=\"Escrit per\" \/>\n\t<meta name=\"twitter:data1\" content=\"Josep Ripoll\" \/>\n\t<meta name=\"twitter:label2\" content=\"Temps estimat de lectura\" \/>\n\t<meta name=\"twitter:data2\" content=\"3 minuts\" \/>\n<script type=\"application\/ld+json\" class=\"yoast-schema-graph\">{\"@context\":\"https:\/\/schema.org\",\"@graph\":[{\"@type\":[\"Article\",\"BlogPosting\"],\"@id\":\"https:\/\/www.psib-psoe.org\/eivissa\/el-psoe-denuncia-la-paralisi-de-la-nova-escola-dhoteleria-d-eivissa-que-encara-no-ha-contractat-ni-a-un-sol-professor\/#article\",\"isPartOf\":{\"@id\":\"https:\/\/www.psib-psoe.org\/eivissa\/el-psoe-denuncia-la-paralisi-de-la-nova-escola-dhoteleria-d-eivissa-que-encara-no-ha-contractat-ni-a-un-sol-professor\/\"},\"author\":{\"name\":\"Josep Ripoll\",\"@id\":\"https:\/\/www.psib-psoe.org\/eivissa\/#\/schema\/person\/7a9d2841fb36f32e34fc0e9b245e8117\"},\"headline\":\"El PSOE denuncia la par\u00e0lisi de la nova Escola d&#8217;Hoteleria d&#8217; Eivissa, que encara no ha contractat ni a un sol professor\",\"datePublished\":\"2024-10-01T11:03:40+00:00\",\"dateModified\":\"2024-10-01T11:07:24+00:00\",\"mainEntityOfPage\":{\"@id\":\"https:\/\/www.psib-psoe.org\/eivissa\/el-psoe-denuncia-la-paralisi-de-la-nova-escola-dhoteleria-d-eivissa-que-encara-no-ha-contractat-ni-a-un-sol-professor\/\"},\"wordCount\":559,\"publisher\":{\"@id\":\"https:\/\/www.psib-psoe.org\/eivissa\/#organization\"},\"image\":{\"@id\":\"https:\/\/www.psib-psoe.org\/eivissa\/el-psoe-denuncia-la-paralisi-de-la-nova-escola-dhoteleria-d-eivissa-que-encara-no-ha-contractat-ni-a-un-sol-professor\/#primaryimage\"},\"thumbnailUrl\":\"https:\/\/www.psib-psoe.org\/eivissa\/wp-content\/uploads\/escola-hoteleria-eivissa-sa-coma.png\",\"articleSection\":[\"Federaci\u00f3 d'Eivissa - Portada\",\"Govern de les Illes Balears - Parlament - PSIB-PSOE\"],\"inLanguage\":\"ca\"},{\"@type\":\"WebPage\",\"@id\":\"https:\/\/www.psib-psoe.org\/eivissa\/el-psoe-denuncia-la-paralisi-de-la-nova-escola-dhoteleria-d-eivissa-que-encara-no-ha-contractat-ni-a-un-sol-professor\/\",\"url\":\"https:\/\/www.psib-psoe.org\/eivissa\/el-psoe-denuncia-la-paralisi-de-la-nova-escola-dhoteleria-d-eivissa-que-encara-no-ha-contractat-ni-a-un-sol-professor\/\",\"name\":\"El PSOE denuncia la par\u00e0lisi de la nova Escola d'Hoteleria d' Eivissa, que encara no ha contractat ni a un sol professor - Federaci\u00f3 Socialista d&#039;Eivissa\",\"isPartOf\":{\"@id\":\"https:\/\/www.psib-psoe.org\/eivissa\/#website\"},\"primaryImageOfPage\":{\"@id\":\"https:\/\/www.psib-psoe.org\/eivissa\/el-psoe-denuncia-la-paralisi-de-la-nova-escola-dhoteleria-d-eivissa-que-encara-no-ha-contractat-ni-a-un-sol-professor\/#primaryimage\"},\"image\":{\"@id\":\"https:\/\/www.psib-psoe.org\/eivissa\/el-psoe-denuncia-la-paralisi-de-la-nova-escola-dhoteleria-d-eivissa-que-encara-no-ha-contractat-ni-a-un-sol-professor\/#primaryimage\"},\"thumbnailUrl\":\"https:\/\/www.psib-psoe.org\/eivissa\/wp-content\/uploads\/escola-hoteleria-eivissa-sa-coma.png\",\"datePublished\":\"2024-10-01T11:03:40+00:00\",\"dateModified\":\"2024-10-01T11:07:24+00:00\",\"breadcrumb\":{\"@id\":\"https:\/\/www.psib-psoe.org\/eivissa\/el-psoe-denuncia-la-paralisi-de-la-nova-escola-dhoteleria-d-eivissa-que-encara-no-ha-contractat-ni-a-un-sol-professor\/#breadcrumb\"},\"inLanguage\":\"ca\",\"potentialAction\":[{\"@type\":\"ReadAction\",\"target\":[\"https:\/\/www.psib-psoe.org\/eivissa\/el-psoe-denuncia-la-paralisi-de-la-nova-escola-dhoteleria-d-eivissa-que-encara-no-ha-contractat-ni-a-un-sol-professor\/\"]}]},{\"@type\":\"ImageObject\",\"inLanguage\":\"ca\",\"@id\":\"https:\/\/www.psib-psoe.org\/eivissa\/el-psoe-denuncia-la-paralisi-de-la-nova-escola-dhoteleria-d-eivissa-que-encara-no-ha-contractat-ni-a-un-sol-professor\/#primaryimage\",\"url\":\"https:\/\/www.psib-psoe.org\/eivissa\/wp-content\/uploads\/escola-hoteleria-eivissa-sa-coma.png\",\"contentUrl\":\"https:\/\/www.psib-psoe.org\/eivissa\/wp-content\/uploads\/escola-hoteleria-eivissa-sa-coma.png\",\"width\":838,\"height\":431},{\"@type\":\"BreadcrumbList\",\"@id\":\"https:\/\/www.psib-psoe.org\/eivissa\/el-psoe-denuncia-la-paralisi-de-la-nova-escola-dhoteleria-d-eivissa-que-encara-no-ha-contractat-ni-a-un-sol-professor\/#breadcrumb\",\"itemListElement\":[{\"@type\":\"ListItem\",\"position\":1,\"name\":\"Inici\",\"item\":\"https:\/\/www.psib-psoe.org\/eivissa\/\"},{\"@type\":\"ListItem\",\"position\":2,\"name\":\"El PSOE denuncia la par\u00e0lisi de la nova Escola d&#8217;Hoteleria d&#8217; Eivissa, que encara no ha contractat ni a un sol professor\"}]},{\"@type\":\"WebSite\",\"@id\":\"https:\/\/www.psib-psoe.org\/eivissa\/#website\",\"url\":\"https:\/\/www.psib-psoe.org\/eivissa\/\",\"name\":\"Federaci\u00f3 Socialista d'Eivissa\",\"description\":\"Socialistes d&#039;Eivissa\",\"publisher\":{\"@id\":\"https:\/\/www.psib-psoe.org\/eivissa\/#organization\"},\"potentialAction\":[{\"@type\":\"SearchAction\",\"target\":{\"@type\":\"EntryPoint\",\"urlTemplate\":\"https:\/\/www.psib-psoe.org\/eivissa\/?s={search_term_string}\"},\"query-input\":{\"@type\":\"PropertyValueSpecification\",\"valueRequired\":true,\"valueName\":\"search_term_string\"}}],\"inLanguage\":\"ca\"},{\"@type\":\"Organization\",\"@id\":\"https:\/\/www.psib-psoe.org\/eivissa\/#organization\",\"name\":\"Federaci\u00f3 Socialista d'Eivissa\",\"url\":\"https:\/\/www.psib-psoe.org\/eivissa\/\",\"logo\":{\"@type\":\"ImageObject\",\"inLanguage\":\"ca\",\"@id\":\"https:\/\/www.psib-psoe.org\/eivissa\/#\/schema\/logo\/image\/\",\"url\":\"https:\/\/www.psib-psoe.org\/eivissa\/wp-content\/uploads\/LOGO-FSE-SOCIALISTA-DEIVISSA-HORI.png\",\"contentUrl\":\"https:\/\/www.psib-psoe.org\/eivissa\/wp-content\/uploads\/LOGO-FSE-SOCIALISTA-DEIVISSA-HORI.png\",\"width\":6000,\"height\":3104,\"caption\":\"Federaci\u00f3 Socialista d'Eivissa\"},\"image\":{\"@id\":\"https:\/\/www.psib-psoe.org\/eivissa\/#\/schema\/logo\/image\/\"}},{\"@type\":\"Person\",\"@id\":\"https:\/\/www.psib-psoe.org\/eivissa\/#\/schema\/person\/7a9d2841fb36f32e34fc0e9b245e8117\",\"name\":\"Josep Ripoll\",\"sameAs\":[\"http:\/\/www.psib-psoe.org\/eivissa\/wp-login.php\"],\"url\":\"https:\/\/www.psib-psoe.org\/eivissa\/author\/josep\/\"}]}<\/script>\n<!-- \/ Yoast SEO plugin. -->","yoast_head_json":{"title":"El PSOE denuncia la par\u00e0lisi de la nova Escola d'Hoteleria d' Eivissa, que encara no ha contractat ni a un sol professor - Federaci\u00f3 Socialista d&#039;Eivissa","robots":{"index":"index","follow":"follow","max-snippet":"max-snippet:-1","max-image-preview":"max-image-preview:large","max-video-preview":"max-video-preview:-1"},"canonical":"https:\/\/www.psib-psoe.org\/eivissa\/el-psoe-denuncia-la-paralisi-de-la-nova-escola-dhoteleria-d-eivissa-que-encara-no-ha-contractat-ni-a-un-sol-professor\/","og_locale":"ca_ES","og_type":"article","og_title":"El PSOE denuncia la par\u00e0lisi de la nova Escola d'Hoteleria d' Eivissa, que encara no ha contractat ni a un sol professor - Federaci\u00f3 Socialista d&#039;Eivissa","og_description":"El Grup PSOE del Consell Insular denuncia la par\u00e0lisi absoluta de la nova Escola d&#8217;Hoteleria d&#8217; Eivissa, que encara no ha contractat ni un sol professor per al curs 2024-2025. El **PSOE** considera vergony\u00f3s que, a pesar de la necessitat de professionals qualificats en el sector tur\u00edstic, i m\u00e9s d\u2019un any despr\u00e9s d\u2019acabar les obres,&hellip;","og_url":"https:\/\/www.psib-psoe.org\/eivissa\/el-psoe-denuncia-la-paralisi-de-la-nova-escola-dhoteleria-d-eivissa-que-encara-no-ha-contractat-ni-a-un-sol-professor\/","og_site_name":"Federaci\u00f3 Socialista d&#039;Eivissa","article_published_time":"2024-10-01T11:03:40+00:00","article_modified_time":"2024-10-01T11:07:24+00:00","og_image":[{"width":838,"height":431,"url":"https:\/\/www.psib-psoe.org\/eivissa\/wp-content\/uploads\/escola-hoteleria-eivissa-sa-coma.png","type":"image\/png"}],"author":"Josep Ripoll","twitter_card":"summary_large_image","twitter_misc":{"Escrit per":"Josep Ripoll","Temps estimat de lectura":"3 minuts"},"schema":{"@context":"https:\/\/schema.org","@graph":[{"@type":["Article","BlogPosting"],"@id":"https:\/\/www.psib-psoe.org\/eivissa\/el-psoe-denuncia-la-paralisi-de-la-nova-escola-dhoteleria-d-eivissa-que-encara-no-ha-contractat-ni-a-un-sol-professor\/#article","isPartOf":{"@id":"https:\/\/www.psib-psoe.org\/eivissa\/el-psoe-denuncia-la-paralisi-de-la-nova-escola-dhoteleria-d-eivissa-que-encara-no-ha-contractat-ni-a-un-sol-professor\/"},"author":{"name":"Josep Ripoll","@id":"https:\/\/www.psib-psoe.org\/eivissa\/#\/schema\/person\/7a9d2841fb36f32e34fc0e9b245e8117"},"headline":"El PSOE denuncia la par\u00e0lisi de la nova Escola d&#8217;Hoteleria d&#8217; Eivissa, que encara no ha contractat ni a un sol professor","datePublished":"2024-10-01T11:03:40+00:00","dateModified":"2024-10-01T11:07:24+00:00","mainEntityOfPage":{"@id":"https:\/\/www.psib-psoe.org\/eivissa\/el-psoe-denuncia-la-paralisi-de-la-nova-escola-dhoteleria-d-eivissa-que-encara-no-ha-contractat-ni-a-un-sol-professor\/"},"wordCount":559,"publisher":{"@id":"https:\/\/www.psib-psoe.org\/eivissa\/#organization"},"image":{"@id":"https:\/\/www.psib-psoe.org\/eivissa\/el-psoe-denuncia-la-paralisi-de-la-nova-escola-dhoteleria-d-eivissa-que-encara-no-ha-contractat-ni-a-un-sol-professor\/#primaryimage"},"thumbnailUrl":"https:\/\/www.psib-psoe.org\/eivissa\/wp-content\/uploads\/escola-hoteleria-eivissa-sa-coma.png","articleSection":["Federaci\u00f3 d'Eivissa - Portada","Govern de les Illes Balears - Parlament - PSIB-PSOE"],"inLanguage":"ca"},{"@type":"WebPage","@id":"https:\/\/www.psib-psoe.org\/eivissa\/el-psoe-denuncia-la-paralisi-de-la-nova-escola-dhoteleria-d-eivissa-que-encara-no-ha-contractat-ni-a-un-sol-professor\/","url":"https:\/\/www.psib-psoe.org\/eivissa\/el-psoe-denuncia-la-paralisi-de-la-nova-escola-dhoteleria-d-eivissa-que-encara-no-ha-contractat-ni-a-un-sol-professor\/","name":"El PSOE denuncia la par\u00e0lisi de la nova Escola d'Hoteleria d' Eivissa, que encara no ha contractat ni a un sol professor - Federaci\u00f3 Socialista d&#039;Eivissa","isPartOf":{"@id":"https:\/\/www.psib-psoe.org\/eivissa\/#website"},"primaryImageOfPage":{"@id":"https:\/\/www.psib-psoe.org\/eivissa\/el-psoe-denuncia-la-paralisi-de-la-nova-escola-dhoteleria-d-eivissa-que-encara-no-ha-contractat-ni-a-un-sol-professor\/#primaryimage"},"image":{"@id":"https:\/\/www.psib-psoe.org\/eivissa\/el-psoe-denuncia-la-paralisi-de-la-nova-escola-dhoteleria-d-eivissa-que-encara-no-ha-contractat-ni-a-un-sol-professor\/#primaryimage"},"thumbnailUrl":"https:\/\/www.psib-psoe.org\/eivissa\/wp-content\/uploads\/escola-hoteleria-eivissa-sa-coma.png","datePublished":"2024-10-01T11:03:40+00:00","dateModified":"2024-10-01T11:07:24+00:00","breadcrumb":{"@id":"https:\/\/www.psib-psoe.org\/eivissa\/el-psoe-denuncia-la-paralisi-de-la-nova-escola-dhoteleria-d-eivissa-que-encara-no-ha-contractat-ni-a-un-sol-professor\/#breadcrumb"},"inLanguage":"ca","potentialAction":[{"@type":"ReadAction","target":["https:\/\/www.psib-psoe.org\/eivissa\/el-psoe-denuncia-la-paralisi-de-la-nova-escola-dhoteleria-d-eivissa-que-encara-no-ha-contractat-ni-a-un-sol-professor\/"]}]},{"@type":"ImageObject","inLanguage":"ca","@id":"https:\/\/www.psib-psoe.org\/eivissa\/el-psoe-denuncia-la-paralisi-de-la-nova-escola-dhoteleria-d-eivissa-que-encara-no-ha-contractat-ni-a-un-sol-professor\/#primaryimage","url":"https:\/\/www.psib-psoe.org\/eivissa\/wp-content\/uploads\/escola-hoteleria-eivissa-sa-coma.png","contentUrl":"https:\/\/www.psib-psoe.org\/eivissa\/wp-content\/uploads\/escola-hoteleria-eivissa-sa-coma.png","width":838,"height":431},{"@type":"BreadcrumbList","@id":"https:\/\/www.psib-psoe.org\/eivissa\/el-psoe-denuncia-la-paralisi-de-la-nova-escola-dhoteleria-d-eivissa-que-encara-no-ha-contractat-ni-a-un-sol-professor\/#breadcrumb","itemListElement":[{"@type":"ListItem","position":1,"name":"Inici","item":"https:\/\/www.psib-psoe.org\/eivissa\/"},{"@type":"ListItem","position":2,"name":"El PSOE denuncia la par\u00e0lisi de la nova Escola d&#8217;Hoteleria d&#8217; Eivissa, que encara no ha contractat ni a un sol professor"}]},{"@type":"WebSite","@id":"https:\/\/www.psib-psoe.org\/eivissa\/#website","url":"https:\/\/www.psib-psoe.org\/eivissa\/","name":"Federaci\u00f3 Socialista d'Eivissa","description":"Socialistes d&#039;Eivissa","publisher":{"@id":"https:\/\/www.psib-psoe.org\/eivissa\/#organization"},"potentialAction":[{"@type":"SearchAction","target":{"@type":"EntryPoint","urlTemplate":"https:\/\/www.psib-psoe.org\/eivissa\/?s={search_term_string}"},"query-input":{"@type":"PropertyValueSpecification","valueRequired":true,"valueName":"search_term_string"}}],"inLanguage":"ca"},{"@type":"Organization","@id":"https:\/\/www.psib-psoe.org\/eivissa\/#organization","name":"Federaci\u00f3 Socialista d'Eivissa","url":"https:\/\/www.psib-psoe.org\/eivissa\/","logo":{"@type":"ImageObject","inLanguage":"ca","@id":"https:\/\/www.psib-psoe.org\/eivissa\/#\/schema\/logo\/image\/","url":"https:\/\/www.psib-psoe.org\/eivissa\/wp-content\/uploads\/LOGO-FSE-SOCIALISTA-DEIVISSA-HORI.png","contentUrl":"https:\/\/www.psib-psoe.org\/eivissa\/wp-content\/uploads\/LOGO-FSE-SOCIALISTA-DEIVISSA-HORI.png","width":6000,"height":3104,"caption":"Federaci\u00f3 Socialista d'Eivissa"},"image":{"@id":"https:\/\/www.psib-psoe.org\/eivissa\/#\/schema\/logo\/image\/"}},{"@type":"Person","@id":"https:\/\/www.psib-psoe.org\/eivissa\/#\/schema\/person\/7a9d2841fb36f32e34fc0e9b245e8117","name":"Josep Ripoll","sameAs":["http:\/\/www.psib-psoe.org\/eivissa\/wp-login.php"],"url":"https:\/\/www.psib-psoe.org\/eivissa\/author\/josep\/"}]}},"_links":{"self":[{"href":"https:\/\/www.psib-psoe.org\/eivissa\/wp-json\/wp\/v2\/posts\/39915","targetHints":{"allow":["GET"]}}],"collection":[{"href":"https:\/\/www.psib-psoe.org\/eivissa\/wp-json\/wp\/v2\/posts"}],"about":[{"href":"https:\/\/www.psib-psoe.org\/eivissa\/wp-json\/wp\/v2\/types\/post"}],"author":[{"embeddable":true,"href":"https:\/\/www.psib-psoe.org\/eivissa\/wp-json\/wp\/v2\/users\/7"}],"replies":[{"embeddable":true,"href":"https:\/\/www.psib-psoe.org\/eivissa\/wp-json\/wp\/v2\/comments?post=39915"}],"version-history":[{"count":2,"href":"https:\/\/www.psib-psoe.org\/eivissa\/wp-json\/wp\/v2\/posts\/39915\/revisions"}],"predecessor-version":[{"id":39919,"href":"https:\/\/www.psib-psoe.org\/eivissa\/wp-json\/wp\/v2\/posts\/39915\/revisions\/39919"}],"wp:featuredmedia":[{"embeddable":true,"href":"https:\/\/www.psib-psoe.org\/eivissa\/wp-json\/wp\/v2\/media\/39918"}],"wp:attachment":[{"href":"https:\/\/www.psib-psoe.org\/eivissa\/wp-json\/wp\/v2\/media?parent=39915"}],"wp:term":[{"taxonomy":"category","embeddable":true,"href":"https:\/\/www.psib-psoe.org\/eivissa\/wp-json\/wp\/v2\/categories?post=39915"},{"taxonomy":"post_tag","embeddable":true,"href":"https:\/\/www.psib-psoe.org\/eivissa\/wp-json\/wp\/v2\/tags?post=39915"}],"curies":[{"name":"wp","href":"https:\/\/api.w.org\/{rel}","templated":true}]}}