{"id":39934,"date":"2024-10-05T11:26:24","date_gmt":"2024-10-05T09:26:24","guid":{"rendered":"https:\/\/www.psib-psoe.org\/eivissa\/?p=39934"},"modified":"2024-10-05T11:29:49","modified_gmt":"2024-10-05T09:29:49","slug":"vicent-rosello-exigeix-mesures-contundents-contra-la-massificacio-i-la-falta-dhabitatge-i-critica-la-nulla-coherencia-del-partit-popular-el-primer-comite","status":"publish","type":"post","link":"https:\/\/www.psib-psoe.org\/eivissa\/vicent-rosello-exigeix-mesures-contundents-contra-la-massificacio-i-la-falta-dhabitatge-i-critica-la-nulla-coherencia-del-partit-popular-el-primer-comite\/","title":{"rendered":"Vicent Rosell\u00f3 exigeix mesures \u201ccontundents\u201d contra la massificaci\u00f3 i la falta d\u2019habitatge i critica \u201cla nul\u00b7la coher\u00e8ncia\u201d del Partit Popular. El primer Comit\u00e8 Insular de la FSE-PSOE aprova una resoluci\u00f3 per reclamar la limitaci\u00f3 dels preus dels lloguers i inversi\u00f3 p\u00fablica en noves promocions d\u2019HPO."},"content":{"rendered":"<p>El secretari general de la Federaci\u00f3 Socialista d\u2019Eivissa (FSE-PSOE), Vicent Rosell\u00f3, ha exigit mesures \u201ccontundents\u201d contra la massificaci\u00f3 i la falta d\u2019habitatge, i ha criticat \u201cla nul\u00b7la coher\u00e8ncia\u201d del Partit Popular, que \u201cdiu una cosa i fa la contr\u00e0ria\u201d. La FSE-PSOE ha celebrat avui el primer Comit\u00e8 Insular despr\u00e9s del 6\u00e8 Congr\u00e9s, el m\u00e0xim \u00f2rgan entre congressos, que ha escollit Pep Mar\u00ed \u2018Marge\u2019 com a president, Mar\u00eda \u00c1ngeles Mar\u00ed Sunyer com a vicepresidenta, i Gloria Corral com a secret\u00e0ria d\u2019actes.\u00a0<\/p>\n<p>El secretari general ha destacat que el partit inicia aquesta tardor una nova etapa, a partir de novembre amb el Congr\u00e9s Federal i posteriorment la resta de processos auton\u00f2mics i locals, \u201cper agafar un nou impuls, a Espanya, amb Pedro S\u00e1nchez, per continuar governant amb \u00e8xit, a pesar de les campanyes de la dreta en la seua contra, i a Eivissa i a Balears, per construir l\u2019alternativa que amb nom\u00e9s un any de governs del PP s\u2019est\u00e0 veient que ser\u00e0 molt necess\u00e0ria\u201d.<\/p>\n<p>Aix\u00ed, Rosell\u00f3 ha criticat que ens trobam davant d\u2019una falta de \u201ccoher\u00e8ncia\u201d i de \u201cmesures per donar resposta a les necessitats de la nostra illa\u201d. Un exemple ha estat l\u2019anunci de Marga Prohens d\u2019apujar l\u2019Impost Tur\u00edstic, quan \u201cdurant m\u00e9s de 20 anys, el PP havia dit que l\u2019impost esfondraria el turisme, i ara diu, no nom\u00e9s que el mant\u00e9, sin\u00f3 que l\u2019incrementa\u201d.<br \/>\nVicent Rosell\u00f3 ha recordat que l\u2019ITS \u201cno serveix per regular l\u2019entrada de turistes\u201d, sin\u00f3 que \u201cl\u2019objectiu \u00e9s obtenir recursos, directament dels nostres visitants per invertir en infraestructures i serveis que ajudin a la sostenibilitat social, econ\u00f2mica i mediambiental de la destinaci\u00f3\u201d.<\/p>\n<p>\u201cAra tocaria a Mar\u00ed Bos\u00f3 i Vicent Mar\u00ed i a tot el PP d\u2019Eivissa explicar per qu\u00e8 sempre han estat en contra de l\u2019Impost Tur\u00edstic, i ara no nom\u00e9s els pareix una meravella, sin\u00f3 que pensen que es paga massa poc i que s\u2019ha d\u2019apujar\u201d, ha dit el secretari general socialista. En tot cas, ha dit, \u201cbenvinguts a la necessitat de l\u2019Impost Tur\u00edstic, encara que sigui 20 anys tard\u201d.<\/p>\n<p>Respecte a la necessitat de posar l\u00edmits al turisme, el secretari general ha criticat que el PP \u201cdiu una cosa i fa la contr\u00e0ria\u201d, com \u00e9s la decisi\u00f3 de Vicent Mar\u00ed d\u2019aprovar \u201cun nou PTI que permetr\u00e0 l\u2019autoritzaci\u00f3 de 1.400 noves cases tur\u00edstiques\u201d.<\/p>\n<p>El PSOE defensa \u201cni una casa tur\u00edstica m\u00e9s a la nostra illa\u201d, aix\u00f2 com \u201celiminar la borsa de 9.000 places que es podrien autoritzar si s\u2019aixeca la morat\u00f2ria aprovada per l\u2019anterior Govern balear de Francina Armengol\u201d.<\/p>\n<p>La reuni\u00f3 del Comit\u00e8 Insular de la FSE-PSOE ha centrat bona part del debat en el problema de l\u2019habitatge, en l\u2019actual situaci\u00f3 \u201cd\u2019anuncis i m\u00e9s anuncis que queden en res, mentre es neguen a prendre mesures sobre les quals seguim insistint\u201d, com ha dit Vicent Rosell\u00f3.<\/p>\n<p><strong>Resoluci\u00f3 en defensa del dret a l&#8217;habitatge digne i assequible<\/strong><br \/>\nEl Comit\u00e8 Insular de la Federaci\u00f3 Socialista d&#8217;Eivissa ha aprovat per unanimitat una resoluci\u00f3 en defensa del dret a l&#8217;habitatge digne i assequible, destacant la greu crisi habitacional que afecta l&#8217;illa. En la resoluci\u00f3, es condemna la passivitat del Consell Insular d&#8217;Eivissa, presidit per Vicent Mar\u00ed, i del Govern de Marga Prohens, aix\u00ed com la inacci\u00f3 dels ajuntaments per fer front a aquesta problem\u00e0tica.<\/p>\n<p>Segons el document aprovat, la situaci\u00f3 de l&#8217;habitatge a Eivissa s&#8217;ha deteriorat a causa de la falta de regulaci\u00f3 efectiva del lloguer tur\u00edstic il\u00b7legal i la negativa del Govern Balear a aplicar la Llei Estatal d&#8217;Habitatge. Aquesta llei, impulsada pel govern de Pedro S\u00e1nchez, permetria rebaixar els preus del lloguer i limitar l&#8217;especulaci\u00f3, una mesura que el Partit Popular s&#8217;ha negat a implementar a l&#8217;illa.<\/p>\n<p>El Partit Socialista denuncia que gaireb\u00e9 el 40% dels anuncis de lloguer tur\u00edstic en les principals plataformes s\u00f3n il\u00b7legals, fet que empitjora la situaci\u00f3 habitacional dels residents. A m\u00e9s, exigeix al Consell Insular i als ajuntaments que intensifiquin els controls i apliquin la normativa per reduir aquesta oferta il\u00b7l\u00edcita.<\/p>\n<p>La resoluci\u00f3 tamb\u00e9 reclama una planificaci\u00f3 urban\u00edstica que prioritzi la construcci\u00f3 d&#8217;habitatges assequibles, en contraposici\u00f3 a l&#8217;actual creixement d&#8217;habitatges de luxe, i defensa la necessitat de desenvolupar m\u00e9s promocions d&#8217;habitatge de protecci\u00f3 oficial (HPO).<\/p>\n<p>El Partit Socialista recorda que, durant els mandats de Francina Armengol, es va impulsar l&#8217;ampliaci\u00f3 m\u00e9s grossa del parc d&#8217;habitatge p\u00fablic de les Illes Balears, i insta les institucions locals i regionals a seguir aquest cam\u00ed. A m\u00e9s, el document critica les pol\u00edtiques urban\u00edstiques del Govern de Marga Prohens, qualificades de &#8220;depredadores&#8221;, amb especial menci\u00f3 al recent decret de &#8220;simplificaci\u00f3 administrativa&#8221;, que segons el PSOE nom\u00e9s beneficia uns pocs interessos especulatius.<\/p>\n<p>Finalment, la resoluci\u00f3 anima els delegats socialistes que seran elegits al 41\u00e8 Congr\u00e9s Federal del PSOE a defensar els interessos d&#8217;Eivissa i les Illes Balears, i a continuar treballant per garantir un acc\u00e9s just i assequible a l&#8217;habitatge.<\/p>\n","protected":false},"excerpt":{"rendered":"<p>El secretari general de la Federaci\u00f3 Socialista d\u2019Eivissa (FSE-PSOE), Vicent Rosell\u00f3, ha exigit mesures \u201ccontundents\u201d contra la massificaci\u00f3 i la falta d\u2019habitatge, i ha criticat \u201cla nul\u00b7la coher\u00e8ncia\u201d del Partit Popular, que \u201cdiu una cosa i fa la contr\u00e0ria\u201d. La FSE-PSOE ha celebrat avui el primer Comit\u00e8 Insular despr\u00e9s del 6\u00e8 Congr\u00e9s, el m\u00e0xim \u00f2rgan&hellip;<\/p>\n","protected":false},"author":7,"featured_media":39935,"comment_status":"closed","ping_status":"closed","sticky":false,"template":"","format":"standard","meta":{"footnotes":""},"categories":[1,212],"tags":[],"class_list":["post-39934","post","type-post","status-publish","format-standard","has-post-thumbnail","hentry","category-federacio-de-eivissa-portada","category-fse-psoe"],"yoast_head":"<!-- This site is optimized with the Yoast SEO plugin v26.9 - https:\/\/yoast.com\/product\/yoast-seo-wordpress\/ -->\n<title>Vicent Rosell\u00f3 exigeix mesures \u201ccontundents\u201d contra la massificaci\u00f3 i la falta d\u2019habitatge i critica \u201cla nul\u00b7la coher\u00e8ncia\u201d del Partit Popular. El primer Comit\u00e8 Insular de la FSE-PSOE aprova una resoluci\u00f3 per reclamar la limitaci\u00f3 dels preus dels lloguers i inversi\u00f3 p\u00fablica en noves promocions d\u2019HPO. - Federaci\u00f3 Socialista d&#039;Eivissa<\/title>\n<meta name=\"robots\" content=\"index, follow, max-snippet:-1, max-image-preview:large, max-video-preview:-1\" \/>\n<link rel=\"canonical\" href=\"https:\/\/www.psib-psoe.org\/eivissa\/vicent-rosello-exigeix-mesures-contundents-contra-la-massificacio-i-la-falta-dhabitatge-i-critica-la-nulla-coherencia-del-partit-popular-el-primer-comite\/\" \/>\n<meta property=\"og:locale\" content=\"ca_ES\" \/>\n<meta property=\"og:type\" content=\"article\" \/>\n<meta property=\"og:title\" content=\"Vicent Rosell\u00f3 exigeix mesures \u201ccontundents\u201d contra la massificaci\u00f3 i la falta d\u2019habitatge i critica \u201cla nul\u00b7la coher\u00e8ncia\u201d del Partit Popular. El primer Comit\u00e8 Insular de la FSE-PSOE aprova una resoluci\u00f3 per reclamar la limitaci\u00f3 dels preus dels lloguers i inversi\u00f3 p\u00fablica en noves promocions d\u2019HPO. - Federaci\u00f3 Socialista d&#039;Eivissa\" \/>\n<meta property=\"og:description\" content=\"El secretari general de la Federaci\u00f3 Socialista d\u2019Eivissa (FSE-PSOE), Vicent Rosell\u00f3, ha exigit mesures \u201ccontundents\u201d contra la massificaci\u00f3 i la falta d\u2019habitatge, i ha criticat \u201cla nul\u00b7la coher\u00e8ncia\u201d del Partit Popular, que \u201cdiu una cosa i fa la contr\u00e0ria\u201d. La FSE-PSOE ha celebrat avui el primer Comit\u00e8 Insular despr\u00e9s del 6\u00e8 Congr\u00e9s, el m\u00e0xim \u00f2rgan&hellip;\" \/>\n<meta property=\"og:url\" content=\"https:\/\/www.psib-psoe.org\/eivissa\/vicent-rosello-exigeix-mesures-contundents-contra-la-massificacio-i-la-falta-dhabitatge-i-critica-la-nulla-coherencia-del-partit-popular-el-primer-comite\/\" \/>\n<meta property=\"og:site_name\" content=\"Federaci\u00f3 Socialista d&#039;Eivissa\" \/>\n<meta property=\"article:published_time\" content=\"2024-10-05T09:26:24+00:00\" \/>\n<meta property=\"article:modified_time\" content=\"2024-10-05T09:29:49+00:00\" \/>\n<meta property=\"og:image\" content=\"https:\/\/www.psib-psoe.org\/eivissa\/wp-content\/uploads\/comite-insular-5-octubre-20241.jpg\" \/>\n\t<meta property=\"og:image:width\" content=\"1500\" \/>\n\t<meta property=\"og:image:height\" content=\"841\" \/>\n\t<meta property=\"og:image:type\" content=\"image\/jpeg\" \/>\n<meta name=\"author\" content=\"Josep Ripoll\" \/>\n<meta name=\"twitter:card\" content=\"summary_large_image\" \/>\n<meta name=\"twitter:label1\" content=\"Escrit per\" \/>\n\t<meta name=\"twitter:data1\" content=\"Josep Ripoll\" \/>\n\t<meta name=\"twitter:label2\" content=\"Temps estimat de lectura\" \/>\n\t<meta name=\"twitter:data2\" content=\"4 minuts\" \/>\n<script type=\"application\/ld+json\" class=\"yoast-schema-graph\">{\"@context\":\"https:\/\/schema.org\",\"@graph\":[{\"@type\":[\"Article\",\"BlogPosting\"],\"@id\":\"https:\/\/www.psib-psoe.org\/eivissa\/vicent-rosello-exigeix-mesures-contundents-contra-la-massificacio-i-la-falta-dhabitatge-i-critica-la-nulla-coherencia-del-partit-popular-el-primer-comite\/#article\",\"isPartOf\":{\"@id\":\"https:\/\/www.psib-psoe.org\/eivissa\/vicent-rosello-exigeix-mesures-contundents-contra-la-massificacio-i-la-falta-dhabitatge-i-critica-la-nulla-coherencia-del-partit-popular-el-primer-comite\/\"},\"author\":{\"name\":\"Josep Ripoll\",\"@id\":\"https:\/\/www.psib-psoe.org\/eivissa\/#\/schema\/person\/7a9d2841fb36f32e34fc0e9b245e8117\"},\"headline\":\"Vicent Rosell\u00f3 exigeix mesures \u201ccontundents\u201d contra la massificaci\u00f3 i la falta d\u2019habitatge i critica \u201cla nul\u00b7la coher\u00e8ncia\u201d del Partit Popular. El primer Comit\u00e8 Insular de la FSE-PSOE aprova una resoluci\u00f3 per reclamar la limitaci\u00f3 dels preus dels lloguers i inversi\u00f3 p\u00fablica en noves promocions d\u2019HPO.\",\"datePublished\":\"2024-10-05T09:26:24+00:00\",\"dateModified\":\"2024-10-05T09:29:49+00:00\",\"mainEntityOfPage\":{\"@id\":\"https:\/\/www.psib-psoe.org\/eivissa\/vicent-rosello-exigeix-mesures-contundents-contra-la-massificacio-i-la-falta-dhabitatge-i-critica-la-nulla-coherencia-del-partit-popular-el-primer-comite\/\"},\"wordCount\":907,\"publisher\":{\"@id\":\"https:\/\/www.psib-psoe.org\/eivissa\/#organization\"},\"image\":{\"@id\":\"https:\/\/www.psib-psoe.org\/eivissa\/vicent-rosello-exigeix-mesures-contundents-contra-la-massificacio-i-la-falta-dhabitatge-i-critica-la-nulla-coherencia-del-partit-popular-el-primer-comite\/#primaryimage\"},\"thumbnailUrl\":\"https:\/\/www.psib-psoe.org\/eivissa\/wp-content\/uploads\/comite-insular-5-octubre-20241.jpg\",\"articleSection\":[\"Federaci\u00f3 d'Eivissa - Portada\",\"FSE-PSOE\"],\"inLanguage\":\"ca\"},{\"@type\":\"WebPage\",\"@id\":\"https:\/\/www.psib-psoe.org\/eivissa\/vicent-rosello-exigeix-mesures-contundents-contra-la-massificacio-i-la-falta-dhabitatge-i-critica-la-nulla-coherencia-del-partit-popular-el-primer-comite\/\",\"url\":\"https:\/\/www.psib-psoe.org\/eivissa\/vicent-rosello-exigeix-mesures-contundents-contra-la-massificacio-i-la-falta-dhabitatge-i-critica-la-nulla-coherencia-del-partit-popular-el-primer-comite\/\",\"name\":\"Vicent Rosell\u00f3 exigeix mesures \u201ccontundents\u201d contra la massificaci\u00f3 i la falta d\u2019habitatge i critica \u201cla nul\u00b7la coher\u00e8ncia\u201d del Partit Popular. El primer Comit\u00e8 Insular de la FSE-PSOE aprova una resoluci\u00f3 per reclamar la limitaci\u00f3 dels preus dels lloguers i inversi\u00f3 p\u00fablica en noves promocions d\u2019HPO. - Federaci\u00f3 Socialista d&#039;Eivissa\",\"isPartOf\":{\"@id\":\"https:\/\/www.psib-psoe.org\/eivissa\/#website\"},\"primaryImageOfPage\":{\"@id\":\"https:\/\/www.psib-psoe.org\/eivissa\/vicent-rosello-exigeix-mesures-contundents-contra-la-massificacio-i-la-falta-dhabitatge-i-critica-la-nulla-coherencia-del-partit-popular-el-primer-comite\/#primaryimage\"},\"image\":{\"@id\":\"https:\/\/www.psib-psoe.org\/eivissa\/vicent-rosello-exigeix-mesures-contundents-contra-la-massificacio-i-la-falta-dhabitatge-i-critica-la-nulla-coherencia-del-partit-popular-el-primer-comite\/#primaryimage\"},\"thumbnailUrl\":\"https:\/\/www.psib-psoe.org\/eivissa\/wp-content\/uploads\/comite-insular-5-octubre-20241.jpg\",\"datePublished\":\"2024-10-05T09:26:24+00:00\",\"dateModified\":\"2024-10-05T09:29:49+00:00\",\"breadcrumb\":{\"@id\":\"https:\/\/www.psib-psoe.org\/eivissa\/vicent-rosello-exigeix-mesures-contundents-contra-la-massificacio-i-la-falta-dhabitatge-i-critica-la-nulla-coherencia-del-partit-popular-el-primer-comite\/#breadcrumb\"},\"inLanguage\":\"ca\",\"potentialAction\":[{\"@type\":\"ReadAction\",\"target\":[\"https:\/\/www.psib-psoe.org\/eivissa\/vicent-rosello-exigeix-mesures-contundents-contra-la-massificacio-i-la-falta-dhabitatge-i-critica-la-nulla-coherencia-del-partit-popular-el-primer-comite\/\"]}]},{\"@type\":\"ImageObject\",\"inLanguage\":\"ca\",\"@id\":\"https:\/\/www.psib-psoe.org\/eivissa\/vicent-rosello-exigeix-mesures-contundents-contra-la-massificacio-i-la-falta-dhabitatge-i-critica-la-nulla-coherencia-del-partit-popular-el-primer-comite\/#primaryimage\",\"url\":\"https:\/\/www.psib-psoe.org\/eivissa\/wp-content\/uploads\/comite-insular-5-octubre-20241.jpg\",\"contentUrl\":\"https:\/\/www.psib-psoe.org\/eivissa\/wp-content\/uploads\/comite-insular-5-octubre-20241.jpg\",\"width\":1500,\"height\":841},{\"@type\":\"BreadcrumbList\",\"@id\":\"https:\/\/www.psib-psoe.org\/eivissa\/vicent-rosello-exigeix-mesures-contundents-contra-la-massificacio-i-la-falta-dhabitatge-i-critica-la-nulla-coherencia-del-partit-popular-el-primer-comite\/#breadcrumb\",\"itemListElement\":[{\"@type\":\"ListItem\",\"position\":1,\"name\":\"Inici\",\"item\":\"https:\/\/www.psib-psoe.org\/eivissa\/\"},{\"@type\":\"ListItem\",\"position\":2,\"name\":\"Vicent Rosell\u00f3 exigeix mesures \u201ccontundents\u201d contra la massificaci\u00f3 i la falta d\u2019habitatge i critica \u201cla nul\u00b7la coher\u00e8ncia\u201d del Partit Popular. El primer Comit\u00e8 Insular de la FSE-PSOE aprova una resoluci\u00f3 per reclamar la limitaci\u00f3 dels preus dels lloguers i inversi\u00f3 p\u00fablica en noves promocions d\u2019HPO.\"}]},{\"@type\":\"WebSite\",\"@id\":\"https:\/\/www.psib-psoe.org\/eivissa\/#website\",\"url\":\"https:\/\/www.psib-psoe.org\/eivissa\/\",\"name\":\"Federaci\u00f3 Socialista d'Eivissa\",\"description\":\"Socialistes d&#039;Eivissa\",\"publisher\":{\"@id\":\"https:\/\/www.psib-psoe.org\/eivissa\/#organization\"},\"potentialAction\":[{\"@type\":\"SearchAction\",\"target\":{\"@type\":\"EntryPoint\",\"urlTemplate\":\"https:\/\/www.psib-psoe.org\/eivissa\/?s={search_term_string}\"},\"query-input\":{\"@type\":\"PropertyValueSpecification\",\"valueRequired\":true,\"valueName\":\"search_term_string\"}}],\"inLanguage\":\"ca\"},{\"@type\":\"Organization\",\"@id\":\"https:\/\/www.psib-psoe.org\/eivissa\/#organization\",\"name\":\"Federaci\u00f3 Socialista d'Eivissa\",\"url\":\"https:\/\/www.psib-psoe.org\/eivissa\/\",\"logo\":{\"@type\":\"ImageObject\",\"inLanguage\":\"ca\",\"@id\":\"https:\/\/www.psib-psoe.org\/eivissa\/#\/schema\/logo\/image\/\",\"url\":\"https:\/\/www.psib-psoe.org\/eivissa\/wp-content\/uploads\/LOGO-FSE-SOCIALISTA-DEIVISSA-HORI.png\",\"contentUrl\":\"https:\/\/www.psib-psoe.org\/eivissa\/wp-content\/uploads\/LOGO-FSE-SOCIALISTA-DEIVISSA-HORI.png\",\"width\":6000,\"height\":3104,\"caption\":\"Federaci\u00f3 Socialista d'Eivissa\"},\"image\":{\"@id\":\"https:\/\/www.psib-psoe.org\/eivissa\/#\/schema\/logo\/image\/\"}},{\"@type\":\"Person\",\"@id\":\"https:\/\/www.psib-psoe.org\/eivissa\/#\/schema\/person\/7a9d2841fb36f32e34fc0e9b245e8117\",\"name\":\"Josep Ripoll\",\"sameAs\":[\"http:\/\/www.psib-psoe.org\/eivissa\/wp-login.php\"],\"url\":\"https:\/\/www.psib-psoe.org\/eivissa\/author\/josep\/\"}]}<\/script>\n<!-- \/ Yoast SEO plugin. -->","yoast_head_json":{"title":"Vicent Rosell\u00f3 exigeix mesures \u201ccontundents\u201d contra la massificaci\u00f3 i la falta d\u2019habitatge i critica \u201cla nul\u00b7la coher\u00e8ncia\u201d del Partit Popular. El primer Comit\u00e8 Insular de la FSE-PSOE aprova una resoluci\u00f3 per reclamar la limitaci\u00f3 dels preus dels lloguers i inversi\u00f3 p\u00fablica en noves promocions d\u2019HPO. - Federaci\u00f3 Socialista d&#039;Eivissa","robots":{"index":"index","follow":"follow","max-snippet":"max-snippet:-1","max-image-preview":"max-image-preview:large","max-video-preview":"max-video-preview:-1"},"canonical":"https:\/\/www.psib-psoe.org\/eivissa\/vicent-rosello-exigeix-mesures-contundents-contra-la-massificacio-i-la-falta-dhabitatge-i-critica-la-nulla-coherencia-del-partit-popular-el-primer-comite\/","og_locale":"ca_ES","og_type":"article","og_title":"Vicent Rosell\u00f3 exigeix mesures \u201ccontundents\u201d contra la massificaci\u00f3 i la falta d\u2019habitatge i critica \u201cla nul\u00b7la coher\u00e8ncia\u201d del Partit Popular. El primer Comit\u00e8 Insular de la FSE-PSOE aprova una resoluci\u00f3 per reclamar la limitaci\u00f3 dels preus dels lloguers i inversi\u00f3 p\u00fablica en noves promocions d\u2019HPO. - Federaci\u00f3 Socialista d&#039;Eivissa","og_description":"El secretari general de la Federaci\u00f3 Socialista d\u2019Eivissa (FSE-PSOE), Vicent Rosell\u00f3, ha exigit mesures \u201ccontundents\u201d contra la massificaci\u00f3 i la falta d\u2019habitatge, i ha criticat \u201cla nul\u00b7la coher\u00e8ncia\u201d del Partit Popular, que \u201cdiu una cosa i fa la contr\u00e0ria\u201d. La FSE-PSOE ha celebrat avui el primer Comit\u00e8 Insular despr\u00e9s del 6\u00e8 Congr\u00e9s, el m\u00e0xim \u00f2rgan&hellip;","og_url":"https:\/\/www.psib-psoe.org\/eivissa\/vicent-rosello-exigeix-mesures-contundents-contra-la-massificacio-i-la-falta-dhabitatge-i-critica-la-nulla-coherencia-del-partit-popular-el-primer-comite\/","og_site_name":"Federaci\u00f3 Socialista d&#039;Eivissa","article_published_time":"2024-10-05T09:26:24+00:00","article_modified_time":"2024-10-05T09:29:49+00:00","og_image":[{"width":1500,"height":841,"url":"https:\/\/www.psib-psoe.org\/eivissa\/wp-content\/uploads\/comite-insular-5-octubre-20241.jpg","type":"image\/jpeg"}],"author":"Josep Ripoll","twitter_card":"summary_large_image","twitter_misc":{"Escrit per":"Josep Ripoll","Temps estimat de lectura":"4 minuts"},"schema":{"@context":"https:\/\/schema.org","@graph":[{"@type":["Article","BlogPosting"],"@id":"https:\/\/www.psib-psoe.org\/eivissa\/vicent-rosello-exigeix-mesures-contundents-contra-la-massificacio-i-la-falta-dhabitatge-i-critica-la-nulla-coherencia-del-partit-popular-el-primer-comite\/#article","isPartOf":{"@id":"https:\/\/www.psib-psoe.org\/eivissa\/vicent-rosello-exigeix-mesures-contundents-contra-la-massificacio-i-la-falta-dhabitatge-i-critica-la-nulla-coherencia-del-partit-popular-el-primer-comite\/"},"author":{"name":"Josep Ripoll","@id":"https:\/\/www.psib-psoe.org\/eivissa\/#\/schema\/person\/7a9d2841fb36f32e34fc0e9b245e8117"},"headline":"Vicent Rosell\u00f3 exigeix mesures \u201ccontundents\u201d contra la massificaci\u00f3 i la falta d\u2019habitatge i critica \u201cla nul\u00b7la coher\u00e8ncia\u201d del Partit Popular. El primer Comit\u00e8 Insular de la FSE-PSOE aprova una resoluci\u00f3 per reclamar la limitaci\u00f3 dels preus dels lloguers i inversi\u00f3 p\u00fablica en noves promocions d\u2019HPO.","datePublished":"2024-10-05T09:26:24+00:00","dateModified":"2024-10-05T09:29:49+00:00","mainEntityOfPage":{"@id":"https:\/\/www.psib-psoe.org\/eivissa\/vicent-rosello-exigeix-mesures-contundents-contra-la-massificacio-i-la-falta-dhabitatge-i-critica-la-nulla-coherencia-del-partit-popular-el-primer-comite\/"},"wordCount":907,"publisher":{"@id":"https:\/\/www.psib-psoe.org\/eivissa\/#organization"},"image":{"@id":"https:\/\/www.psib-psoe.org\/eivissa\/vicent-rosello-exigeix-mesures-contundents-contra-la-massificacio-i-la-falta-dhabitatge-i-critica-la-nulla-coherencia-del-partit-popular-el-primer-comite\/#primaryimage"},"thumbnailUrl":"https:\/\/www.psib-psoe.org\/eivissa\/wp-content\/uploads\/comite-insular-5-octubre-20241.jpg","articleSection":["Federaci\u00f3 d'Eivissa - Portada","FSE-PSOE"],"inLanguage":"ca"},{"@type":"WebPage","@id":"https:\/\/www.psib-psoe.org\/eivissa\/vicent-rosello-exigeix-mesures-contundents-contra-la-massificacio-i-la-falta-dhabitatge-i-critica-la-nulla-coherencia-del-partit-popular-el-primer-comite\/","url":"https:\/\/www.psib-psoe.org\/eivissa\/vicent-rosello-exigeix-mesures-contundents-contra-la-massificacio-i-la-falta-dhabitatge-i-critica-la-nulla-coherencia-del-partit-popular-el-primer-comite\/","name":"Vicent Rosell\u00f3 exigeix mesures \u201ccontundents\u201d contra la massificaci\u00f3 i la falta d\u2019habitatge i critica \u201cla nul\u00b7la coher\u00e8ncia\u201d del Partit Popular. El primer Comit\u00e8 Insular de la FSE-PSOE aprova una resoluci\u00f3 per reclamar la limitaci\u00f3 dels preus dels lloguers i inversi\u00f3 p\u00fablica en noves promocions d\u2019HPO. - Federaci\u00f3 Socialista d&#039;Eivissa","isPartOf":{"@id":"https:\/\/www.psib-psoe.org\/eivissa\/#website"},"primaryImageOfPage":{"@id":"https:\/\/www.psib-psoe.org\/eivissa\/vicent-rosello-exigeix-mesures-contundents-contra-la-massificacio-i-la-falta-dhabitatge-i-critica-la-nulla-coherencia-del-partit-popular-el-primer-comite\/#primaryimage"},"image":{"@id":"https:\/\/www.psib-psoe.org\/eivissa\/vicent-rosello-exigeix-mesures-contundents-contra-la-massificacio-i-la-falta-dhabitatge-i-critica-la-nulla-coherencia-del-partit-popular-el-primer-comite\/#primaryimage"},"thumbnailUrl":"https:\/\/www.psib-psoe.org\/eivissa\/wp-content\/uploads\/comite-insular-5-octubre-20241.jpg","datePublished":"2024-10-05T09:26:24+00:00","dateModified":"2024-10-05T09:29:49+00:00","breadcrumb":{"@id":"https:\/\/www.psib-psoe.org\/eivissa\/vicent-rosello-exigeix-mesures-contundents-contra-la-massificacio-i-la-falta-dhabitatge-i-critica-la-nulla-coherencia-del-partit-popular-el-primer-comite\/#breadcrumb"},"inLanguage":"ca","potentialAction":[{"@type":"ReadAction","target":["https:\/\/www.psib-psoe.org\/eivissa\/vicent-rosello-exigeix-mesures-contundents-contra-la-massificacio-i-la-falta-dhabitatge-i-critica-la-nulla-coherencia-del-partit-popular-el-primer-comite\/"]}]},{"@type":"ImageObject","inLanguage":"ca","@id":"https:\/\/www.psib-psoe.org\/eivissa\/vicent-rosello-exigeix-mesures-contundents-contra-la-massificacio-i-la-falta-dhabitatge-i-critica-la-nulla-coherencia-del-partit-popular-el-primer-comite\/#primaryimage","url":"https:\/\/www.psib-psoe.org\/eivissa\/wp-content\/uploads\/comite-insular-5-octubre-20241.jpg","contentUrl":"https:\/\/www.psib-psoe.org\/eivissa\/wp-content\/uploads\/comite-insular-5-octubre-20241.jpg","width":1500,"height":841},{"@type":"BreadcrumbList","@id":"https:\/\/www.psib-psoe.org\/eivissa\/vicent-rosello-exigeix-mesures-contundents-contra-la-massificacio-i-la-falta-dhabitatge-i-critica-la-nulla-coherencia-del-partit-popular-el-primer-comite\/#breadcrumb","itemListElement":[{"@type":"ListItem","position":1,"name":"Inici","item":"https:\/\/www.psib-psoe.org\/eivissa\/"},{"@type":"ListItem","position":2,"name":"Vicent Rosell\u00f3 exigeix mesures \u201ccontundents\u201d contra la massificaci\u00f3 i la falta d\u2019habitatge i critica \u201cla nul\u00b7la coher\u00e8ncia\u201d del Partit Popular. El primer Comit\u00e8 Insular de la FSE-PSOE aprova una resoluci\u00f3 per reclamar la limitaci\u00f3 dels preus dels lloguers i inversi\u00f3 p\u00fablica en noves promocions d\u2019HPO."}]},{"@type":"WebSite","@id":"https:\/\/www.psib-psoe.org\/eivissa\/#website","url":"https:\/\/www.psib-psoe.org\/eivissa\/","name":"Federaci\u00f3 Socialista d'Eivissa","description":"Socialistes d&#039;Eivissa","publisher":{"@id":"https:\/\/www.psib-psoe.org\/eivissa\/#organization"},"potentialAction":[{"@type":"SearchAction","target":{"@type":"EntryPoint","urlTemplate":"https:\/\/www.psib-psoe.org\/eivissa\/?s={search_term_string}"},"query-input":{"@type":"PropertyValueSpecification","valueRequired":true,"valueName":"search_term_string"}}],"inLanguage":"ca"},{"@type":"Organization","@id":"https:\/\/www.psib-psoe.org\/eivissa\/#organization","name":"Federaci\u00f3 Socialista d'Eivissa","url":"https:\/\/www.psib-psoe.org\/eivissa\/","logo":{"@type":"ImageObject","inLanguage":"ca","@id":"https:\/\/www.psib-psoe.org\/eivissa\/#\/schema\/logo\/image\/","url":"https:\/\/www.psib-psoe.org\/eivissa\/wp-content\/uploads\/LOGO-FSE-SOCIALISTA-DEIVISSA-HORI.png","contentUrl":"https:\/\/www.psib-psoe.org\/eivissa\/wp-content\/uploads\/LOGO-FSE-SOCIALISTA-DEIVISSA-HORI.png","width":6000,"height":3104,"caption":"Federaci\u00f3 Socialista d'Eivissa"},"image":{"@id":"https:\/\/www.psib-psoe.org\/eivissa\/#\/schema\/logo\/image\/"}},{"@type":"Person","@id":"https:\/\/www.psib-psoe.org\/eivissa\/#\/schema\/person\/7a9d2841fb36f32e34fc0e9b245e8117","name":"Josep Ripoll","sameAs":["http:\/\/www.psib-psoe.org\/eivissa\/wp-login.php"],"url":"https:\/\/www.psib-psoe.org\/eivissa\/author\/josep\/"}]}},"_links":{"self":[{"href":"https:\/\/www.psib-psoe.org\/eivissa\/wp-json\/wp\/v2\/posts\/39934","targetHints":{"allow":["GET"]}}],"collection":[{"href":"https:\/\/www.psib-psoe.org\/eivissa\/wp-json\/wp\/v2\/posts"}],"about":[{"href":"https:\/\/www.psib-psoe.org\/eivissa\/wp-json\/wp\/v2\/types\/post"}],"author":[{"embeddable":true,"href":"https:\/\/www.psib-psoe.org\/eivissa\/wp-json\/wp\/v2\/users\/7"}],"replies":[{"embeddable":true,"href":"https:\/\/www.psib-psoe.org\/eivissa\/wp-json\/wp\/v2\/comments?post=39934"}],"version-history":[{"count":2,"href":"https:\/\/www.psib-psoe.org\/eivissa\/wp-json\/wp\/v2\/posts\/39934\/revisions"}],"predecessor-version":[{"id":39940,"href":"https:\/\/www.psib-psoe.org\/eivissa\/wp-json\/wp\/v2\/posts\/39934\/revisions\/39940"}],"wp:featuredmedia":[{"embeddable":true,"href":"https:\/\/www.psib-psoe.org\/eivissa\/wp-json\/wp\/v2\/media\/39935"}],"wp:attachment":[{"href":"https:\/\/www.psib-psoe.org\/eivissa\/wp-json\/wp\/v2\/media?parent=39934"}],"wp:term":[{"taxonomy":"category","embeddable":true,"href":"https:\/\/www.psib-psoe.org\/eivissa\/wp-json\/wp\/v2\/categories?post=39934"},{"taxonomy":"post_tag","embeddable":true,"href":"https:\/\/www.psib-psoe.org\/eivissa\/wp-json\/wp\/v2\/tags?post=39934"}],"curies":[{"name":"wp","href":"https:\/\/api.w.org\/{rel}","templated":true}]}}