{"id":39994,"date":"2024-10-25T13:05:10","date_gmt":"2024-10-25T11:05:10","guid":{"rendered":"https:\/\/www.psib-psoe.org\/eivissa\/?p=39994"},"modified":"2024-10-25T13:05:43","modified_gmt":"2024-10-25T11:05:43","slug":"el-psoe-de-santa-eularia-demana-la-creacio-urgent-de-nous-centres-de-dia-per-a-persones-majors","status":"publish","type":"post","link":"https:\/\/www.psib-psoe.org\/eivissa\/el-psoe-de-santa-eularia-demana-la-creacio-urgent-de-nous-centres-de-dia-per-a-persones-majors\/","title":{"rendered":"El PSOE de Santa Eul\u00e0ria demana la creaci\u00f3 urgent de nous centres de dia per a persones majors"},"content":{"rendered":"<p>El grup municipal Socialista a l\u2019Ajuntament de Santa Eul\u00e0ria des Riu ha registrat una moci\u00f3 per impulsar la creaci\u00f3 urgent de nous centres de dia per a persones majors al municipi, atesa la creixent demanda d\u2019aquests serveis entre la poblaci\u00f3 de m\u00e9s de 65 anys. Un 15% dels 41.000 habitants de Santa Eul\u00e0ria supera aquesta edat, una xifra que augmenta constantment. No obstant aix\u00f2, el municipi disposa actualment de nom\u00e9s 20 places de centre de dia, ubicades a la resid\u00e8ncia Can Blai, insuficients per cobrir les necessitats d\u2019atenci\u00f3 di\u00fcrna de les persones majors dependents.<\/p>\n<p>\u201cEl benestar de la nostra gent gran i el suport a les fam\u00edlies que en tenen cura s\u00f3n responsabilitats clares de l\u2019Ajuntament. La creaci\u00f3 de nous centres de dia al municipi de Santa Eul\u00e0ria \u00e9s una necessitat urgent que no podem ajornar m\u00e9s\u201d, ha destacat Alan Ripoll, portaveu del grup municipal socialista.<\/p>\n<p>El PSOE demana l\u2019Ajuntament de Santa Eul\u00e0ria la creaci\u00f3 de nous centres de dia en punts estrat\u00e8gics del municipi, que eviti llargs despla\u00e7aments com han de fer actualment les persones usu\u00e0ries de Can Blai. Tamb\u00e9 demana la col\u00b7laboraci\u00f3 del Govern Balear i el Consell Insular d\u2019Eivissa per finan\u00e7ar i implementar aquests nous centres de dia, assegurant que es contemplin els recursos necessaris en els pressupostos de 2025.<\/p>\n<p>El PSOE tamb\u00e9 proposa l\u2019elaboraci\u00f3 d\u2019un estudi detallat per identificar les necessitats espec\u00edfiques de la poblaci\u00f3 major al municipi, amb l\u2019objectiu de dissenyar els nous centres de dia segons els requeriments reals de les persones usu\u00e0ries.<\/p>\n<p>Els centres de dia tenen un paper fonamental per a les persones amb disfuncions i malalties neurodegeneratives en fases inicials, com l\u2019Alzheimer, el Parkinson o els ictus, i ofereixen una atenci\u00f3 especialitzada que inclou ter\u00e0pies d&#8217;estimulaci\u00f3 cognitiva, f\u00edsica i ocupacional, aix\u00ed com activitats de socialitzaci\u00f3 que milloren la qualitat de vida dels pacients i ajuden les fam\u00edlies a conciliar millor.<\/p>\n<p>\u201cL\u2019Ajuntament de Santa Eul\u00e0ria des Riu t\u00e9 el deure de vetllar pel benestar i la qualitat de vida de tots els seus ciutadans i ciutadanes, amb especial atenci\u00f3 a les persones majors, malaltes i fr\u00e0gils. La creaci\u00f3 d\u2019aquests nous centres \u00e9s una necessitat urgent\u201d, recalca el portaveu del PSOE.<\/p>\n","protected":false},"excerpt":{"rendered":"<p>El grup municipal Socialista a l\u2019Ajuntament de Santa Eul\u00e0ria des Riu ha registrat una moci\u00f3 per impulsar la creaci\u00f3 urgent de nous centres de dia per a persones majors al municipi, atesa la creixent demanda d\u2019aquests serveis entre la poblaci\u00f3 de m\u00e9s de 65 anys. Un 15% dels 41.000 habitants de Santa Eul\u00e0ria supera aquesta&hellip;<\/p>\n","protected":false},"author":7,"featured_media":39995,"comment_status":"closed","ping_status":"closed","sticky":false,"template":"","format":"standard","meta":{"footnotes":""},"categories":[1,234,186],"tags":[],"class_list":["post-39994","post","type-post","status-publish","format-standard","has-post-thumbnail","hentry","category-federacio-de-eivissa-portada","category-municipis","category-santa-eularia-des-riu"],"yoast_head":"<!-- This site is optimized with the Yoast SEO plugin v26.9 - https:\/\/yoast.com\/product\/yoast-seo-wordpress\/ -->\n<title>El PSOE de Santa Eul\u00e0ria demana la creaci\u00f3 urgent de nous centres de dia per a persones majors - Federaci\u00f3 Socialista d&#039;Eivissa<\/title>\n<meta name=\"robots\" content=\"index, follow, max-snippet:-1, max-image-preview:large, max-video-preview:-1\" \/>\n<link rel=\"canonical\" href=\"https:\/\/www.psib-psoe.org\/eivissa\/el-psoe-de-santa-eularia-demana-la-creacio-urgent-de-nous-centres-de-dia-per-a-persones-majors\/\" \/>\n<meta property=\"og:locale\" content=\"ca_ES\" \/>\n<meta property=\"og:type\" content=\"article\" \/>\n<meta property=\"og:title\" content=\"El PSOE de Santa Eul\u00e0ria demana la creaci\u00f3 urgent de nous centres de dia per a persones majors - Federaci\u00f3 Socialista d&#039;Eivissa\" \/>\n<meta property=\"og:description\" content=\"El grup municipal Socialista a l\u2019Ajuntament de Santa Eul\u00e0ria des Riu ha registrat una moci\u00f3 per impulsar la creaci\u00f3 urgent de nous centres de dia per a persones majors al municipi, atesa la creixent demanda d\u2019aquests serveis entre la poblaci\u00f3 de m\u00e9s de 65 anys. Un 15% dels 41.000 habitants de Santa Eul\u00e0ria supera aquesta&hellip;\" \/>\n<meta property=\"og:url\" content=\"https:\/\/www.psib-psoe.org\/eivissa\/el-psoe-de-santa-eularia-demana-la-creacio-urgent-de-nous-centres-de-dia-per-a-persones-majors\/\" \/>\n<meta property=\"og:site_name\" content=\"Federaci\u00f3 Socialista d&#039;Eivissa\" \/>\n<meta property=\"article:published_time\" content=\"2024-10-25T11:05:10+00:00\" \/>\n<meta property=\"article:modified_time\" content=\"2024-10-25T11:05:43+00:00\" \/>\n<meta property=\"og:image\" content=\"https:\/\/www.psib-psoe.org\/eivissa\/wp-content\/uploads\/centre-de-dia-persones-majors.png\" \/>\n\t<meta property=\"og:image:width\" content=\"781\" \/>\n\t<meta property=\"og:image:height\" content=\"521\" \/>\n\t<meta property=\"og:image:type\" content=\"image\/png\" \/>\n<meta name=\"author\" content=\"Josep Ripoll\" \/>\n<meta name=\"twitter:card\" content=\"summary_large_image\" \/>\n<meta name=\"twitter:label1\" content=\"Escrit per\" \/>\n\t<meta name=\"twitter:data1\" content=\"Josep Ripoll\" \/>\n\t<meta name=\"twitter:label2\" content=\"Temps estimat de lectura\" \/>\n\t<meta name=\"twitter:data2\" content=\"2 minuts\" \/>\n<script type=\"application\/ld+json\" class=\"yoast-schema-graph\">{\"@context\":\"https:\/\/schema.org\",\"@graph\":[{\"@type\":[\"Article\",\"BlogPosting\"],\"@id\":\"https:\/\/www.psib-psoe.org\/eivissa\/el-psoe-de-santa-eularia-demana-la-creacio-urgent-de-nous-centres-de-dia-per-a-persones-majors\/#article\",\"isPartOf\":{\"@id\":\"https:\/\/www.psib-psoe.org\/eivissa\/el-psoe-de-santa-eularia-demana-la-creacio-urgent-de-nous-centres-de-dia-per-a-persones-majors\/\"},\"author\":{\"name\":\"Josep Ripoll\",\"@id\":\"https:\/\/www.psib-psoe.org\/eivissa\/#\/schema\/person\/7a9d2841fb36f32e34fc0e9b245e8117\"},\"headline\":\"El PSOE de Santa Eul\u00e0ria demana la creaci\u00f3 urgent de nous centres de dia per a persones majors\",\"datePublished\":\"2024-10-25T11:05:10+00:00\",\"dateModified\":\"2024-10-25T11:05:43+00:00\",\"mainEntityOfPage\":{\"@id\":\"https:\/\/www.psib-psoe.org\/eivissa\/el-psoe-de-santa-eularia-demana-la-creacio-urgent-de-nous-centres-de-dia-per-a-persones-majors\/\"},\"wordCount\":407,\"publisher\":{\"@id\":\"https:\/\/www.psib-psoe.org\/eivissa\/#organization\"},\"image\":{\"@id\":\"https:\/\/www.psib-psoe.org\/eivissa\/el-psoe-de-santa-eularia-demana-la-creacio-urgent-de-nous-centres-de-dia-per-a-persones-majors\/#primaryimage\"},\"thumbnailUrl\":\"https:\/\/www.psib-psoe.org\/eivissa\/wp-content\/uploads\/centre-de-dia-persones-majors.png\",\"articleSection\":[\"Federaci\u00f3 d'Eivissa - Portada\",\"Municipis\",\"Santa Eul\u00e0ria des Riu\"],\"inLanguage\":\"ca\"},{\"@type\":\"WebPage\",\"@id\":\"https:\/\/www.psib-psoe.org\/eivissa\/el-psoe-de-santa-eularia-demana-la-creacio-urgent-de-nous-centres-de-dia-per-a-persones-majors\/\",\"url\":\"https:\/\/www.psib-psoe.org\/eivissa\/el-psoe-de-santa-eularia-demana-la-creacio-urgent-de-nous-centres-de-dia-per-a-persones-majors\/\",\"name\":\"El PSOE de Santa Eul\u00e0ria demana la creaci\u00f3 urgent de nous centres de dia per a persones majors - Federaci\u00f3 Socialista d&#039;Eivissa\",\"isPartOf\":{\"@id\":\"https:\/\/www.psib-psoe.org\/eivissa\/#website\"},\"primaryImageOfPage\":{\"@id\":\"https:\/\/www.psib-psoe.org\/eivissa\/el-psoe-de-santa-eularia-demana-la-creacio-urgent-de-nous-centres-de-dia-per-a-persones-majors\/#primaryimage\"},\"image\":{\"@id\":\"https:\/\/www.psib-psoe.org\/eivissa\/el-psoe-de-santa-eularia-demana-la-creacio-urgent-de-nous-centres-de-dia-per-a-persones-majors\/#primaryimage\"},\"thumbnailUrl\":\"https:\/\/www.psib-psoe.org\/eivissa\/wp-content\/uploads\/centre-de-dia-persones-majors.png\",\"datePublished\":\"2024-10-25T11:05:10+00:00\",\"dateModified\":\"2024-10-25T11:05:43+00:00\",\"breadcrumb\":{\"@id\":\"https:\/\/www.psib-psoe.org\/eivissa\/el-psoe-de-santa-eularia-demana-la-creacio-urgent-de-nous-centres-de-dia-per-a-persones-majors\/#breadcrumb\"},\"inLanguage\":\"ca\",\"potentialAction\":[{\"@type\":\"ReadAction\",\"target\":[\"https:\/\/www.psib-psoe.org\/eivissa\/el-psoe-de-santa-eularia-demana-la-creacio-urgent-de-nous-centres-de-dia-per-a-persones-majors\/\"]}]},{\"@type\":\"ImageObject\",\"inLanguage\":\"ca\",\"@id\":\"https:\/\/www.psib-psoe.org\/eivissa\/el-psoe-de-santa-eularia-demana-la-creacio-urgent-de-nous-centres-de-dia-per-a-persones-majors\/#primaryimage\",\"url\":\"https:\/\/www.psib-psoe.org\/eivissa\/wp-content\/uploads\/centre-de-dia-persones-majors.png\",\"contentUrl\":\"https:\/\/www.psib-psoe.org\/eivissa\/wp-content\/uploads\/centre-de-dia-persones-majors.png\",\"width\":781,\"height\":521},{\"@type\":\"BreadcrumbList\",\"@id\":\"https:\/\/www.psib-psoe.org\/eivissa\/el-psoe-de-santa-eularia-demana-la-creacio-urgent-de-nous-centres-de-dia-per-a-persones-majors\/#breadcrumb\",\"itemListElement\":[{\"@type\":\"ListItem\",\"position\":1,\"name\":\"Inici\",\"item\":\"https:\/\/www.psib-psoe.org\/eivissa\/\"},{\"@type\":\"ListItem\",\"position\":2,\"name\":\"El PSOE de Santa Eul\u00e0ria demana la creaci\u00f3 urgent de nous centres de dia per a persones majors\"}]},{\"@type\":\"WebSite\",\"@id\":\"https:\/\/www.psib-psoe.org\/eivissa\/#website\",\"url\":\"https:\/\/www.psib-psoe.org\/eivissa\/\",\"name\":\"Federaci\u00f3 Socialista d'Eivissa\",\"description\":\"Socialistes d&#039;Eivissa\",\"publisher\":{\"@id\":\"https:\/\/www.psib-psoe.org\/eivissa\/#organization\"},\"potentialAction\":[{\"@type\":\"SearchAction\",\"target\":{\"@type\":\"EntryPoint\",\"urlTemplate\":\"https:\/\/www.psib-psoe.org\/eivissa\/?s={search_term_string}\"},\"query-input\":{\"@type\":\"PropertyValueSpecification\",\"valueRequired\":true,\"valueName\":\"search_term_string\"}}],\"inLanguage\":\"ca\"},{\"@type\":\"Organization\",\"@id\":\"https:\/\/www.psib-psoe.org\/eivissa\/#organization\",\"name\":\"Federaci\u00f3 Socialista d'Eivissa\",\"url\":\"https:\/\/www.psib-psoe.org\/eivissa\/\",\"logo\":{\"@type\":\"ImageObject\",\"inLanguage\":\"ca\",\"@id\":\"https:\/\/www.psib-psoe.org\/eivissa\/#\/schema\/logo\/image\/\",\"url\":\"https:\/\/www.psib-psoe.org\/eivissa\/wp-content\/uploads\/LOGO-FSE-SOCIALISTA-DEIVISSA-HORI.png\",\"contentUrl\":\"https:\/\/www.psib-psoe.org\/eivissa\/wp-content\/uploads\/LOGO-FSE-SOCIALISTA-DEIVISSA-HORI.png\",\"width\":6000,\"height\":3104,\"caption\":\"Federaci\u00f3 Socialista d'Eivissa\"},\"image\":{\"@id\":\"https:\/\/www.psib-psoe.org\/eivissa\/#\/schema\/logo\/image\/\"}},{\"@type\":\"Person\",\"@id\":\"https:\/\/www.psib-psoe.org\/eivissa\/#\/schema\/person\/7a9d2841fb36f32e34fc0e9b245e8117\",\"name\":\"Josep Ripoll\",\"sameAs\":[\"http:\/\/www.psib-psoe.org\/eivissa\/wp-login.php\"],\"url\":\"https:\/\/www.psib-psoe.org\/eivissa\/author\/josep\/\"}]}<\/script>\n<!-- \/ Yoast SEO plugin. -->","yoast_head_json":{"title":"El PSOE de Santa Eul\u00e0ria demana la creaci\u00f3 urgent de nous centres de dia per a persones majors - Federaci\u00f3 Socialista d&#039;Eivissa","robots":{"index":"index","follow":"follow","max-snippet":"max-snippet:-1","max-image-preview":"max-image-preview:large","max-video-preview":"max-video-preview:-1"},"canonical":"https:\/\/www.psib-psoe.org\/eivissa\/el-psoe-de-santa-eularia-demana-la-creacio-urgent-de-nous-centres-de-dia-per-a-persones-majors\/","og_locale":"ca_ES","og_type":"article","og_title":"El PSOE de Santa Eul\u00e0ria demana la creaci\u00f3 urgent de nous centres de dia per a persones majors - Federaci\u00f3 Socialista d&#039;Eivissa","og_description":"El grup municipal Socialista a l\u2019Ajuntament de Santa Eul\u00e0ria des Riu ha registrat una moci\u00f3 per impulsar la creaci\u00f3 urgent de nous centres de dia per a persones majors al municipi, atesa la creixent demanda d\u2019aquests serveis entre la poblaci\u00f3 de m\u00e9s de 65 anys. Un 15% dels 41.000 habitants de Santa Eul\u00e0ria supera aquesta&hellip;","og_url":"https:\/\/www.psib-psoe.org\/eivissa\/el-psoe-de-santa-eularia-demana-la-creacio-urgent-de-nous-centres-de-dia-per-a-persones-majors\/","og_site_name":"Federaci\u00f3 Socialista d&#039;Eivissa","article_published_time":"2024-10-25T11:05:10+00:00","article_modified_time":"2024-10-25T11:05:43+00:00","og_image":[{"width":781,"height":521,"url":"https:\/\/www.psib-psoe.org\/eivissa\/wp-content\/uploads\/centre-de-dia-persones-majors.png","type":"image\/png"}],"author":"Josep Ripoll","twitter_card":"summary_large_image","twitter_misc":{"Escrit per":"Josep Ripoll","Temps estimat de lectura":"2 minuts"},"schema":{"@context":"https:\/\/schema.org","@graph":[{"@type":["Article","BlogPosting"],"@id":"https:\/\/www.psib-psoe.org\/eivissa\/el-psoe-de-santa-eularia-demana-la-creacio-urgent-de-nous-centres-de-dia-per-a-persones-majors\/#article","isPartOf":{"@id":"https:\/\/www.psib-psoe.org\/eivissa\/el-psoe-de-santa-eularia-demana-la-creacio-urgent-de-nous-centres-de-dia-per-a-persones-majors\/"},"author":{"name":"Josep Ripoll","@id":"https:\/\/www.psib-psoe.org\/eivissa\/#\/schema\/person\/7a9d2841fb36f32e34fc0e9b245e8117"},"headline":"El PSOE de Santa Eul\u00e0ria demana la creaci\u00f3 urgent de nous centres de dia per a persones majors","datePublished":"2024-10-25T11:05:10+00:00","dateModified":"2024-10-25T11:05:43+00:00","mainEntityOfPage":{"@id":"https:\/\/www.psib-psoe.org\/eivissa\/el-psoe-de-santa-eularia-demana-la-creacio-urgent-de-nous-centres-de-dia-per-a-persones-majors\/"},"wordCount":407,"publisher":{"@id":"https:\/\/www.psib-psoe.org\/eivissa\/#organization"},"image":{"@id":"https:\/\/www.psib-psoe.org\/eivissa\/el-psoe-de-santa-eularia-demana-la-creacio-urgent-de-nous-centres-de-dia-per-a-persones-majors\/#primaryimage"},"thumbnailUrl":"https:\/\/www.psib-psoe.org\/eivissa\/wp-content\/uploads\/centre-de-dia-persones-majors.png","articleSection":["Federaci\u00f3 d'Eivissa - Portada","Municipis","Santa Eul\u00e0ria des Riu"],"inLanguage":"ca"},{"@type":"WebPage","@id":"https:\/\/www.psib-psoe.org\/eivissa\/el-psoe-de-santa-eularia-demana-la-creacio-urgent-de-nous-centres-de-dia-per-a-persones-majors\/","url":"https:\/\/www.psib-psoe.org\/eivissa\/el-psoe-de-santa-eularia-demana-la-creacio-urgent-de-nous-centres-de-dia-per-a-persones-majors\/","name":"El PSOE de Santa Eul\u00e0ria demana la creaci\u00f3 urgent de nous centres de dia per a persones majors - Federaci\u00f3 Socialista d&#039;Eivissa","isPartOf":{"@id":"https:\/\/www.psib-psoe.org\/eivissa\/#website"},"primaryImageOfPage":{"@id":"https:\/\/www.psib-psoe.org\/eivissa\/el-psoe-de-santa-eularia-demana-la-creacio-urgent-de-nous-centres-de-dia-per-a-persones-majors\/#primaryimage"},"image":{"@id":"https:\/\/www.psib-psoe.org\/eivissa\/el-psoe-de-santa-eularia-demana-la-creacio-urgent-de-nous-centres-de-dia-per-a-persones-majors\/#primaryimage"},"thumbnailUrl":"https:\/\/www.psib-psoe.org\/eivissa\/wp-content\/uploads\/centre-de-dia-persones-majors.png","datePublished":"2024-10-25T11:05:10+00:00","dateModified":"2024-10-25T11:05:43+00:00","breadcrumb":{"@id":"https:\/\/www.psib-psoe.org\/eivissa\/el-psoe-de-santa-eularia-demana-la-creacio-urgent-de-nous-centres-de-dia-per-a-persones-majors\/#breadcrumb"},"inLanguage":"ca","potentialAction":[{"@type":"ReadAction","target":["https:\/\/www.psib-psoe.org\/eivissa\/el-psoe-de-santa-eularia-demana-la-creacio-urgent-de-nous-centres-de-dia-per-a-persones-majors\/"]}]},{"@type":"ImageObject","inLanguage":"ca","@id":"https:\/\/www.psib-psoe.org\/eivissa\/el-psoe-de-santa-eularia-demana-la-creacio-urgent-de-nous-centres-de-dia-per-a-persones-majors\/#primaryimage","url":"https:\/\/www.psib-psoe.org\/eivissa\/wp-content\/uploads\/centre-de-dia-persones-majors.png","contentUrl":"https:\/\/www.psib-psoe.org\/eivissa\/wp-content\/uploads\/centre-de-dia-persones-majors.png","width":781,"height":521},{"@type":"BreadcrumbList","@id":"https:\/\/www.psib-psoe.org\/eivissa\/el-psoe-de-santa-eularia-demana-la-creacio-urgent-de-nous-centres-de-dia-per-a-persones-majors\/#breadcrumb","itemListElement":[{"@type":"ListItem","position":1,"name":"Inici","item":"https:\/\/www.psib-psoe.org\/eivissa\/"},{"@type":"ListItem","position":2,"name":"El PSOE de Santa Eul\u00e0ria demana la creaci\u00f3 urgent de nous centres de dia per a persones majors"}]},{"@type":"WebSite","@id":"https:\/\/www.psib-psoe.org\/eivissa\/#website","url":"https:\/\/www.psib-psoe.org\/eivissa\/","name":"Federaci\u00f3 Socialista d'Eivissa","description":"Socialistes d&#039;Eivissa","publisher":{"@id":"https:\/\/www.psib-psoe.org\/eivissa\/#organization"},"potentialAction":[{"@type":"SearchAction","target":{"@type":"EntryPoint","urlTemplate":"https:\/\/www.psib-psoe.org\/eivissa\/?s={search_term_string}"},"query-input":{"@type":"PropertyValueSpecification","valueRequired":true,"valueName":"search_term_string"}}],"inLanguage":"ca"},{"@type":"Organization","@id":"https:\/\/www.psib-psoe.org\/eivissa\/#organization","name":"Federaci\u00f3 Socialista d'Eivissa","url":"https:\/\/www.psib-psoe.org\/eivissa\/","logo":{"@type":"ImageObject","inLanguage":"ca","@id":"https:\/\/www.psib-psoe.org\/eivissa\/#\/schema\/logo\/image\/","url":"https:\/\/www.psib-psoe.org\/eivissa\/wp-content\/uploads\/LOGO-FSE-SOCIALISTA-DEIVISSA-HORI.png","contentUrl":"https:\/\/www.psib-psoe.org\/eivissa\/wp-content\/uploads\/LOGO-FSE-SOCIALISTA-DEIVISSA-HORI.png","width":6000,"height":3104,"caption":"Federaci\u00f3 Socialista d'Eivissa"},"image":{"@id":"https:\/\/www.psib-psoe.org\/eivissa\/#\/schema\/logo\/image\/"}},{"@type":"Person","@id":"https:\/\/www.psib-psoe.org\/eivissa\/#\/schema\/person\/7a9d2841fb36f32e34fc0e9b245e8117","name":"Josep Ripoll","sameAs":["http:\/\/www.psib-psoe.org\/eivissa\/wp-login.php"],"url":"https:\/\/www.psib-psoe.org\/eivissa\/author\/josep\/"}]}},"_links":{"self":[{"href":"https:\/\/www.psib-psoe.org\/eivissa\/wp-json\/wp\/v2\/posts\/39994","targetHints":{"allow":["GET"]}}],"collection":[{"href":"https:\/\/www.psib-psoe.org\/eivissa\/wp-json\/wp\/v2\/posts"}],"about":[{"href":"https:\/\/www.psib-psoe.org\/eivissa\/wp-json\/wp\/v2\/types\/post"}],"author":[{"embeddable":true,"href":"https:\/\/www.psib-psoe.org\/eivissa\/wp-json\/wp\/v2\/users\/7"}],"replies":[{"embeddable":true,"href":"https:\/\/www.psib-psoe.org\/eivissa\/wp-json\/wp\/v2\/comments?post=39994"}],"version-history":[{"count":1,"href":"https:\/\/www.psib-psoe.org\/eivissa\/wp-json\/wp\/v2\/posts\/39994\/revisions"}],"predecessor-version":[{"id":39996,"href":"https:\/\/www.psib-psoe.org\/eivissa\/wp-json\/wp\/v2\/posts\/39994\/revisions\/39996"}],"wp:featuredmedia":[{"embeddable":true,"href":"https:\/\/www.psib-psoe.org\/eivissa\/wp-json\/wp\/v2\/media\/39995"}],"wp:attachment":[{"href":"https:\/\/www.psib-psoe.org\/eivissa\/wp-json\/wp\/v2\/media?parent=39994"}],"wp:term":[{"taxonomy":"category","embeddable":true,"href":"https:\/\/www.psib-psoe.org\/eivissa\/wp-json\/wp\/v2\/categories?post=39994"},{"taxonomy":"post_tag","embeddable":true,"href":"https:\/\/www.psib-psoe.org\/eivissa\/wp-json\/wp\/v2\/tags?post=39994"}],"curies":[{"name":"wp","href":"https:\/\/api.w.org\/{rel}","templated":true}]}}