{"id":40004,"date":"2024-10-28T14:58:47","date_gmt":"2024-10-28T12:58:47","guid":{"rendered":"https:\/\/www.psib-psoe.org\/eivissa\/?p=40004"},"modified":"2024-10-28T14:59:31","modified_gmt":"2024-10-28T12:59:31","slug":"el-psoe-demana-ajudes-del-govern-consell-i-ajuntaments-a-particulars-i-empreses-per-a-la-retirada-de-lamiant-a-eivissa","status":"publish","type":"post","link":"https:\/\/www.psib-psoe.org\/eivissa\/el-psoe-demana-ajudes-del-govern-consell-i-ajuntaments-a-particulars-i-empreses-per-a-la-retirada-de-lamiant-a-eivissa\/","title":{"rendered":"El PSOE demana ajudes del Govern balear, Consell i ajuntaments a particulars i empreses per a la retirada de l\u2019amiant a Eivissa"},"content":{"rendered":"<p>El PSOE ha presentat una moci\u00f3 a les diferents institucions per demanar al Govern balear, Consell d&#8217;Eivissa i ajuntaments mesures per afavorir la retirada i gesti\u00f3 segura de l\u2019amiant d\u2019edificis i instal\u00b7lacions de l\u2019illa. Aquesta iniciativa proposa establir ajudes econ\u00f2miques per a particulars i empreses, aix\u00ed com de promoure campanyes informatives que sensibilitzin sobre els riscos d\u2019aquest material.<\/p>\n<p>L\u2019amiant va ser \u00e0mpliament utilitzat durant el segle XX gr\u00e0cies a les seues propietats de resist\u00e8ncia al foc i durabilitat. Tot i aix\u00f2, la investigaci\u00f3 cient\u00edfica ha demostrat els greus riscos que les seues fibres microsc\u00f2piques representen per a la salut quan s\u00f3n inhalades, augmentant el risc de malalties respirat\u00f2ries greus i c\u00e0ncer. Tot i la prohibici\u00f3 del seu \u00fas a Espanya l\u2019any 2002, molts edificis encara contenen aquest material, i el seu deteriorament suposa una amena\u00e7a per a la salut p\u00fablica.<\/p>\n<p>Davant aquesta situaci\u00f3, el PSOE demana al Govern de les Illes Balears establir, en col\u00b7laboracio\u0301 amb el consell insular i els ajuntaments, una li\u0301nia d&#8217;ajuts directes destinada a empreses i particulars per a la retirada i gestio\u0301 de materials que continguin amiant.<\/p>\n<p>La moci\u00f3 tamb\u00e9 insta a assegurar que tots els treballs de retirada compleixin estrictament amb les normatives de seguretat estatals i europees, especialment el Reial decret 396\/2006, i la Directiva 83\/477\/CEE, per tal de minimitzar els riscos per a treballadors i ciutadania.<\/p>\n<p>A m\u00e9s de les ajudes econ\u00f2miques i la seguretat en la retirada, el PSOE demana que es desenvolupin campanyes informatives per conscienciar la ciutadania sobre els perills de l\u2019amiant i la import\u00e0ncia d\u2019una correcta gesti\u00f3 d\u2019aquest material. Aquesta sensibilitzaci\u00f3 \u00e9s fonamental per garantir que els ciutadans entenguin el risc que representa l\u2019amiant i la necessitat de la seua eliminaci\u00f3 a trav\u00e9s de les empreses autoritzades.<\/p>\n","protected":false},"excerpt":{"rendered":"<p>El PSOE ha presentat una moci\u00f3 a les diferents institucions per demanar al Govern balear, Consell d&#8217;Eivissa i ajuntaments mesures per afavorir la retirada i gesti\u00f3 segura de l\u2019amiant d\u2019edificis i instal\u00b7lacions de l\u2019illa. Aquesta iniciativa proposa establir ajudes econ\u00f2miques per a particulars i empreses, aix\u00ed com de promoure campanyes informatives que sensibilitzin sobre els&hellip;<\/p>\n","protected":false},"author":7,"featured_media":40005,"comment_status":"closed","ping_status":"closed","sticky":false,"template":"","format":"standard","meta":{"footnotes":""},"categories":[192,1,191,234],"tags":[],"class_list":["post-40004","post","type-post","status-publish","format-standard","has-post-thumbnail","hentry","category-consell-deivissa","category-federacio-de-eivissa-portada","category-govern-de-les-illes-balears-parlament","category-municipis"],"yoast_head":"<!-- This site is optimized with the Yoast SEO plugin v26.9 - https:\/\/yoast.com\/product\/yoast-seo-wordpress\/ -->\n<title>El PSOE demana ajudes del Govern balear, Consell i ajuntaments a particulars i empreses per a la retirada de l\u2019amiant a Eivissa - Federaci\u00f3 Socialista d&#039;Eivissa<\/title>\n<meta name=\"robots\" content=\"index, follow, max-snippet:-1, max-image-preview:large, max-video-preview:-1\" \/>\n<link rel=\"canonical\" href=\"https:\/\/www.psib-psoe.org\/eivissa\/el-psoe-demana-ajudes-del-govern-consell-i-ajuntaments-a-particulars-i-empreses-per-a-la-retirada-de-lamiant-a-eivissa\/\" \/>\n<meta property=\"og:locale\" content=\"ca_ES\" \/>\n<meta property=\"og:type\" content=\"article\" \/>\n<meta property=\"og:title\" content=\"El PSOE demana ajudes del Govern balear, Consell i ajuntaments a particulars i empreses per a la retirada de l\u2019amiant a Eivissa - Federaci\u00f3 Socialista d&#039;Eivissa\" \/>\n<meta property=\"og:description\" content=\"El PSOE ha presentat una moci\u00f3 a les diferents institucions per demanar al Govern balear, Consell d&#8217;Eivissa i ajuntaments mesures per afavorir la retirada i gesti\u00f3 segura de l\u2019amiant d\u2019edificis i instal\u00b7lacions de l\u2019illa. Aquesta iniciativa proposa establir ajudes econ\u00f2miques per a particulars i empreses, aix\u00ed com de promoure campanyes informatives que sensibilitzin sobre els&hellip;\" \/>\n<meta property=\"og:url\" content=\"https:\/\/www.psib-psoe.org\/eivissa\/el-psoe-demana-ajudes-del-govern-consell-i-ajuntaments-a-particulars-i-empreses-per-a-la-retirada-de-lamiant-a-eivissa\/\" \/>\n<meta property=\"og:site_name\" content=\"Federaci\u00f3 Socialista d&#039;Eivissa\" \/>\n<meta property=\"article:published_time\" content=\"2024-10-28T12:58:47+00:00\" \/>\n<meta property=\"article:modified_time\" content=\"2024-10-28T12:59:31+00:00\" \/>\n<meta property=\"og:image\" content=\"https:\/\/www.psib-psoe.org\/eivissa\/wp-content\/uploads\/amiant.png\" \/>\n\t<meta property=\"og:image:width\" content=\"783\" \/>\n\t<meta property=\"og:image:height\" content=\"498\" \/>\n\t<meta property=\"og:image:type\" content=\"image\/png\" \/>\n<meta name=\"author\" content=\"Josep Ripoll\" \/>\n<meta name=\"twitter:card\" content=\"summary_large_image\" \/>\n<meta name=\"twitter:label1\" content=\"Escrit per\" \/>\n\t<meta name=\"twitter:data1\" content=\"Josep Ripoll\" \/>\n\t<meta name=\"twitter:label2\" content=\"Temps estimat de lectura\" \/>\n\t<meta name=\"twitter:data2\" content=\"2 minuts\" \/>\n<script type=\"application\/ld+json\" class=\"yoast-schema-graph\">{\"@context\":\"https:\/\/schema.org\",\"@graph\":[{\"@type\":[\"Article\",\"BlogPosting\"],\"@id\":\"https:\/\/www.psib-psoe.org\/eivissa\/el-psoe-demana-ajudes-del-govern-consell-i-ajuntaments-a-particulars-i-empreses-per-a-la-retirada-de-lamiant-a-eivissa\/#article\",\"isPartOf\":{\"@id\":\"https:\/\/www.psib-psoe.org\/eivissa\/el-psoe-demana-ajudes-del-govern-consell-i-ajuntaments-a-particulars-i-empreses-per-a-la-retirada-de-lamiant-a-eivissa\/\"},\"author\":{\"name\":\"Josep Ripoll\",\"@id\":\"https:\/\/www.psib-psoe.org\/eivissa\/#\/schema\/person\/7a9d2841fb36f32e34fc0e9b245e8117\"},\"headline\":\"El PSOE demana ajudes del Govern balear, Consell i ajuntaments a particulars i empreses per a la retirada de l\u2019amiant a Eivissa\",\"datePublished\":\"2024-10-28T12:58:47+00:00\",\"dateModified\":\"2024-10-28T12:59:31+00:00\",\"mainEntityOfPage\":{\"@id\":\"https:\/\/www.psib-psoe.org\/eivissa\/el-psoe-demana-ajudes-del-govern-consell-i-ajuntaments-a-particulars-i-empreses-per-a-la-retirada-de-lamiant-a-eivissa\/\"},\"wordCount\":337,\"publisher\":{\"@id\":\"https:\/\/www.psib-psoe.org\/eivissa\/#organization\"},\"image\":{\"@id\":\"https:\/\/www.psib-psoe.org\/eivissa\/el-psoe-demana-ajudes-del-govern-consell-i-ajuntaments-a-particulars-i-empreses-per-a-la-retirada-de-lamiant-a-eivissa\/#primaryimage\"},\"thumbnailUrl\":\"https:\/\/www.psib-psoe.org\/eivissa\/wp-content\/uploads\/amiant.png\",\"articleSection\":[\"Consell d'Eivissa\",\"Federaci\u00f3 d'Eivissa - Portada\",\"Govern de les Illes Balears - Parlament - PSIB-PSOE\",\"Municipis\"],\"inLanguage\":\"ca\"},{\"@type\":\"WebPage\",\"@id\":\"https:\/\/www.psib-psoe.org\/eivissa\/el-psoe-demana-ajudes-del-govern-consell-i-ajuntaments-a-particulars-i-empreses-per-a-la-retirada-de-lamiant-a-eivissa\/\",\"url\":\"https:\/\/www.psib-psoe.org\/eivissa\/el-psoe-demana-ajudes-del-govern-consell-i-ajuntaments-a-particulars-i-empreses-per-a-la-retirada-de-lamiant-a-eivissa\/\",\"name\":\"El PSOE demana ajudes del Govern balear, Consell i ajuntaments a particulars i empreses per a la retirada de l\u2019amiant a Eivissa - Federaci\u00f3 Socialista d&#039;Eivissa\",\"isPartOf\":{\"@id\":\"https:\/\/www.psib-psoe.org\/eivissa\/#website\"},\"primaryImageOfPage\":{\"@id\":\"https:\/\/www.psib-psoe.org\/eivissa\/el-psoe-demana-ajudes-del-govern-consell-i-ajuntaments-a-particulars-i-empreses-per-a-la-retirada-de-lamiant-a-eivissa\/#primaryimage\"},\"image\":{\"@id\":\"https:\/\/www.psib-psoe.org\/eivissa\/el-psoe-demana-ajudes-del-govern-consell-i-ajuntaments-a-particulars-i-empreses-per-a-la-retirada-de-lamiant-a-eivissa\/#primaryimage\"},\"thumbnailUrl\":\"https:\/\/www.psib-psoe.org\/eivissa\/wp-content\/uploads\/amiant.png\",\"datePublished\":\"2024-10-28T12:58:47+00:00\",\"dateModified\":\"2024-10-28T12:59:31+00:00\",\"breadcrumb\":{\"@id\":\"https:\/\/www.psib-psoe.org\/eivissa\/el-psoe-demana-ajudes-del-govern-consell-i-ajuntaments-a-particulars-i-empreses-per-a-la-retirada-de-lamiant-a-eivissa\/#breadcrumb\"},\"inLanguage\":\"ca\",\"potentialAction\":[{\"@type\":\"ReadAction\",\"target\":[\"https:\/\/www.psib-psoe.org\/eivissa\/el-psoe-demana-ajudes-del-govern-consell-i-ajuntaments-a-particulars-i-empreses-per-a-la-retirada-de-lamiant-a-eivissa\/\"]}]},{\"@type\":\"ImageObject\",\"inLanguage\":\"ca\",\"@id\":\"https:\/\/www.psib-psoe.org\/eivissa\/el-psoe-demana-ajudes-del-govern-consell-i-ajuntaments-a-particulars-i-empreses-per-a-la-retirada-de-lamiant-a-eivissa\/#primaryimage\",\"url\":\"https:\/\/www.psib-psoe.org\/eivissa\/wp-content\/uploads\/amiant.png\",\"contentUrl\":\"https:\/\/www.psib-psoe.org\/eivissa\/wp-content\/uploads\/amiant.png\",\"width\":783,\"height\":498},{\"@type\":\"BreadcrumbList\",\"@id\":\"https:\/\/www.psib-psoe.org\/eivissa\/el-psoe-demana-ajudes-del-govern-consell-i-ajuntaments-a-particulars-i-empreses-per-a-la-retirada-de-lamiant-a-eivissa\/#breadcrumb\",\"itemListElement\":[{\"@type\":\"ListItem\",\"position\":1,\"name\":\"Inici\",\"item\":\"https:\/\/www.psib-psoe.org\/eivissa\/\"},{\"@type\":\"ListItem\",\"position\":2,\"name\":\"El PSOE demana ajudes del Govern balear, Consell i ajuntaments a particulars i empreses per a la retirada de l\u2019amiant a Eivissa\"}]},{\"@type\":\"WebSite\",\"@id\":\"https:\/\/www.psib-psoe.org\/eivissa\/#website\",\"url\":\"https:\/\/www.psib-psoe.org\/eivissa\/\",\"name\":\"Federaci\u00f3 Socialista d'Eivissa\",\"description\":\"Socialistes d&#039;Eivissa\",\"publisher\":{\"@id\":\"https:\/\/www.psib-psoe.org\/eivissa\/#organization\"},\"potentialAction\":[{\"@type\":\"SearchAction\",\"target\":{\"@type\":\"EntryPoint\",\"urlTemplate\":\"https:\/\/www.psib-psoe.org\/eivissa\/?s={search_term_string}\"},\"query-input\":{\"@type\":\"PropertyValueSpecification\",\"valueRequired\":true,\"valueName\":\"search_term_string\"}}],\"inLanguage\":\"ca\"},{\"@type\":\"Organization\",\"@id\":\"https:\/\/www.psib-psoe.org\/eivissa\/#organization\",\"name\":\"Federaci\u00f3 Socialista d'Eivissa\",\"url\":\"https:\/\/www.psib-psoe.org\/eivissa\/\",\"logo\":{\"@type\":\"ImageObject\",\"inLanguage\":\"ca\",\"@id\":\"https:\/\/www.psib-psoe.org\/eivissa\/#\/schema\/logo\/image\/\",\"url\":\"https:\/\/www.psib-psoe.org\/eivissa\/wp-content\/uploads\/LOGO-FSE-SOCIALISTA-DEIVISSA-HORI.png\",\"contentUrl\":\"https:\/\/www.psib-psoe.org\/eivissa\/wp-content\/uploads\/LOGO-FSE-SOCIALISTA-DEIVISSA-HORI.png\",\"width\":6000,\"height\":3104,\"caption\":\"Federaci\u00f3 Socialista d'Eivissa\"},\"image\":{\"@id\":\"https:\/\/www.psib-psoe.org\/eivissa\/#\/schema\/logo\/image\/\"}},{\"@type\":\"Person\",\"@id\":\"https:\/\/www.psib-psoe.org\/eivissa\/#\/schema\/person\/7a9d2841fb36f32e34fc0e9b245e8117\",\"name\":\"Josep Ripoll\",\"sameAs\":[\"http:\/\/www.psib-psoe.org\/eivissa\/wp-login.php\"],\"url\":\"https:\/\/www.psib-psoe.org\/eivissa\/author\/josep\/\"}]}<\/script>\n<!-- \/ Yoast SEO plugin. -->","yoast_head_json":{"title":"El PSOE demana ajudes del Govern balear, Consell i ajuntaments a particulars i empreses per a la retirada de l\u2019amiant a Eivissa - Federaci\u00f3 Socialista d&#039;Eivissa","robots":{"index":"index","follow":"follow","max-snippet":"max-snippet:-1","max-image-preview":"max-image-preview:large","max-video-preview":"max-video-preview:-1"},"canonical":"https:\/\/www.psib-psoe.org\/eivissa\/el-psoe-demana-ajudes-del-govern-consell-i-ajuntaments-a-particulars-i-empreses-per-a-la-retirada-de-lamiant-a-eivissa\/","og_locale":"ca_ES","og_type":"article","og_title":"El PSOE demana ajudes del Govern balear, Consell i ajuntaments a particulars i empreses per a la retirada de l\u2019amiant a Eivissa - Federaci\u00f3 Socialista d&#039;Eivissa","og_description":"El PSOE ha presentat una moci\u00f3 a les diferents institucions per demanar al Govern balear, Consell d&#8217;Eivissa i ajuntaments mesures per afavorir la retirada i gesti\u00f3 segura de l\u2019amiant d\u2019edificis i instal\u00b7lacions de l\u2019illa. Aquesta iniciativa proposa establir ajudes econ\u00f2miques per a particulars i empreses, aix\u00ed com de promoure campanyes informatives que sensibilitzin sobre els&hellip;","og_url":"https:\/\/www.psib-psoe.org\/eivissa\/el-psoe-demana-ajudes-del-govern-consell-i-ajuntaments-a-particulars-i-empreses-per-a-la-retirada-de-lamiant-a-eivissa\/","og_site_name":"Federaci\u00f3 Socialista d&#039;Eivissa","article_published_time":"2024-10-28T12:58:47+00:00","article_modified_time":"2024-10-28T12:59:31+00:00","og_image":[{"width":783,"height":498,"url":"https:\/\/www.psib-psoe.org\/eivissa\/wp-content\/uploads\/amiant.png","type":"image\/png"}],"author":"Josep Ripoll","twitter_card":"summary_large_image","twitter_misc":{"Escrit per":"Josep Ripoll","Temps estimat de lectura":"2 minuts"},"schema":{"@context":"https:\/\/schema.org","@graph":[{"@type":["Article","BlogPosting"],"@id":"https:\/\/www.psib-psoe.org\/eivissa\/el-psoe-demana-ajudes-del-govern-consell-i-ajuntaments-a-particulars-i-empreses-per-a-la-retirada-de-lamiant-a-eivissa\/#article","isPartOf":{"@id":"https:\/\/www.psib-psoe.org\/eivissa\/el-psoe-demana-ajudes-del-govern-consell-i-ajuntaments-a-particulars-i-empreses-per-a-la-retirada-de-lamiant-a-eivissa\/"},"author":{"name":"Josep Ripoll","@id":"https:\/\/www.psib-psoe.org\/eivissa\/#\/schema\/person\/7a9d2841fb36f32e34fc0e9b245e8117"},"headline":"El PSOE demana ajudes del Govern balear, Consell i ajuntaments a particulars i empreses per a la retirada de l\u2019amiant a Eivissa","datePublished":"2024-10-28T12:58:47+00:00","dateModified":"2024-10-28T12:59:31+00:00","mainEntityOfPage":{"@id":"https:\/\/www.psib-psoe.org\/eivissa\/el-psoe-demana-ajudes-del-govern-consell-i-ajuntaments-a-particulars-i-empreses-per-a-la-retirada-de-lamiant-a-eivissa\/"},"wordCount":337,"publisher":{"@id":"https:\/\/www.psib-psoe.org\/eivissa\/#organization"},"image":{"@id":"https:\/\/www.psib-psoe.org\/eivissa\/el-psoe-demana-ajudes-del-govern-consell-i-ajuntaments-a-particulars-i-empreses-per-a-la-retirada-de-lamiant-a-eivissa\/#primaryimage"},"thumbnailUrl":"https:\/\/www.psib-psoe.org\/eivissa\/wp-content\/uploads\/amiant.png","articleSection":["Consell d'Eivissa","Federaci\u00f3 d'Eivissa - Portada","Govern de les Illes Balears - Parlament - PSIB-PSOE","Municipis"],"inLanguage":"ca"},{"@type":"WebPage","@id":"https:\/\/www.psib-psoe.org\/eivissa\/el-psoe-demana-ajudes-del-govern-consell-i-ajuntaments-a-particulars-i-empreses-per-a-la-retirada-de-lamiant-a-eivissa\/","url":"https:\/\/www.psib-psoe.org\/eivissa\/el-psoe-demana-ajudes-del-govern-consell-i-ajuntaments-a-particulars-i-empreses-per-a-la-retirada-de-lamiant-a-eivissa\/","name":"El PSOE demana ajudes del Govern balear, Consell i ajuntaments a particulars i empreses per a la retirada de l\u2019amiant a Eivissa - Federaci\u00f3 Socialista d&#039;Eivissa","isPartOf":{"@id":"https:\/\/www.psib-psoe.org\/eivissa\/#website"},"primaryImageOfPage":{"@id":"https:\/\/www.psib-psoe.org\/eivissa\/el-psoe-demana-ajudes-del-govern-consell-i-ajuntaments-a-particulars-i-empreses-per-a-la-retirada-de-lamiant-a-eivissa\/#primaryimage"},"image":{"@id":"https:\/\/www.psib-psoe.org\/eivissa\/el-psoe-demana-ajudes-del-govern-consell-i-ajuntaments-a-particulars-i-empreses-per-a-la-retirada-de-lamiant-a-eivissa\/#primaryimage"},"thumbnailUrl":"https:\/\/www.psib-psoe.org\/eivissa\/wp-content\/uploads\/amiant.png","datePublished":"2024-10-28T12:58:47+00:00","dateModified":"2024-10-28T12:59:31+00:00","breadcrumb":{"@id":"https:\/\/www.psib-psoe.org\/eivissa\/el-psoe-demana-ajudes-del-govern-consell-i-ajuntaments-a-particulars-i-empreses-per-a-la-retirada-de-lamiant-a-eivissa\/#breadcrumb"},"inLanguage":"ca","potentialAction":[{"@type":"ReadAction","target":["https:\/\/www.psib-psoe.org\/eivissa\/el-psoe-demana-ajudes-del-govern-consell-i-ajuntaments-a-particulars-i-empreses-per-a-la-retirada-de-lamiant-a-eivissa\/"]}]},{"@type":"ImageObject","inLanguage":"ca","@id":"https:\/\/www.psib-psoe.org\/eivissa\/el-psoe-demana-ajudes-del-govern-consell-i-ajuntaments-a-particulars-i-empreses-per-a-la-retirada-de-lamiant-a-eivissa\/#primaryimage","url":"https:\/\/www.psib-psoe.org\/eivissa\/wp-content\/uploads\/amiant.png","contentUrl":"https:\/\/www.psib-psoe.org\/eivissa\/wp-content\/uploads\/amiant.png","width":783,"height":498},{"@type":"BreadcrumbList","@id":"https:\/\/www.psib-psoe.org\/eivissa\/el-psoe-demana-ajudes-del-govern-consell-i-ajuntaments-a-particulars-i-empreses-per-a-la-retirada-de-lamiant-a-eivissa\/#breadcrumb","itemListElement":[{"@type":"ListItem","position":1,"name":"Inici","item":"https:\/\/www.psib-psoe.org\/eivissa\/"},{"@type":"ListItem","position":2,"name":"El PSOE demana ajudes del Govern balear, Consell i ajuntaments a particulars i empreses per a la retirada de l\u2019amiant a Eivissa"}]},{"@type":"WebSite","@id":"https:\/\/www.psib-psoe.org\/eivissa\/#website","url":"https:\/\/www.psib-psoe.org\/eivissa\/","name":"Federaci\u00f3 Socialista d'Eivissa","description":"Socialistes d&#039;Eivissa","publisher":{"@id":"https:\/\/www.psib-psoe.org\/eivissa\/#organization"},"potentialAction":[{"@type":"SearchAction","target":{"@type":"EntryPoint","urlTemplate":"https:\/\/www.psib-psoe.org\/eivissa\/?s={search_term_string}"},"query-input":{"@type":"PropertyValueSpecification","valueRequired":true,"valueName":"search_term_string"}}],"inLanguage":"ca"},{"@type":"Organization","@id":"https:\/\/www.psib-psoe.org\/eivissa\/#organization","name":"Federaci\u00f3 Socialista d'Eivissa","url":"https:\/\/www.psib-psoe.org\/eivissa\/","logo":{"@type":"ImageObject","inLanguage":"ca","@id":"https:\/\/www.psib-psoe.org\/eivissa\/#\/schema\/logo\/image\/","url":"https:\/\/www.psib-psoe.org\/eivissa\/wp-content\/uploads\/LOGO-FSE-SOCIALISTA-DEIVISSA-HORI.png","contentUrl":"https:\/\/www.psib-psoe.org\/eivissa\/wp-content\/uploads\/LOGO-FSE-SOCIALISTA-DEIVISSA-HORI.png","width":6000,"height":3104,"caption":"Federaci\u00f3 Socialista d'Eivissa"},"image":{"@id":"https:\/\/www.psib-psoe.org\/eivissa\/#\/schema\/logo\/image\/"}},{"@type":"Person","@id":"https:\/\/www.psib-psoe.org\/eivissa\/#\/schema\/person\/7a9d2841fb36f32e34fc0e9b245e8117","name":"Josep Ripoll","sameAs":["http:\/\/www.psib-psoe.org\/eivissa\/wp-login.php"],"url":"https:\/\/www.psib-psoe.org\/eivissa\/author\/josep\/"}]}},"_links":{"self":[{"href":"https:\/\/www.psib-psoe.org\/eivissa\/wp-json\/wp\/v2\/posts\/40004","targetHints":{"allow":["GET"]}}],"collection":[{"href":"https:\/\/www.psib-psoe.org\/eivissa\/wp-json\/wp\/v2\/posts"}],"about":[{"href":"https:\/\/www.psib-psoe.org\/eivissa\/wp-json\/wp\/v2\/types\/post"}],"author":[{"embeddable":true,"href":"https:\/\/www.psib-psoe.org\/eivissa\/wp-json\/wp\/v2\/users\/7"}],"replies":[{"embeddable":true,"href":"https:\/\/www.psib-psoe.org\/eivissa\/wp-json\/wp\/v2\/comments?post=40004"}],"version-history":[{"count":2,"href":"https:\/\/www.psib-psoe.org\/eivissa\/wp-json\/wp\/v2\/posts\/40004\/revisions"}],"predecessor-version":[{"id":40007,"href":"https:\/\/www.psib-psoe.org\/eivissa\/wp-json\/wp\/v2\/posts\/40004\/revisions\/40007"}],"wp:featuredmedia":[{"embeddable":true,"href":"https:\/\/www.psib-psoe.org\/eivissa\/wp-json\/wp\/v2\/media\/40005"}],"wp:attachment":[{"href":"https:\/\/www.psib-psoe.org\/eivissa\/wp-json\/wp\/v2\/media?parent=40004"}],"wp:term":[{"taxonomy":"category","embeddable":true,"href":"https:\/\/www.psib-psoe.org\/eivissa\/wp-json\/wp\/v2\/categories?post=40004"},{"taxonomy":"post_tag","embeddable":true,"href":"https:\/\/www.psib-psoe.org\/eivissa\/wp-json\/wp\/v2\/tags?post=40004"}],"curies":[{"name":"wp","href":"https:\/\/api.w.org\/{rel}","templated":true}]}}