{"id":40059,"date":"2024-11-13T15:09:39","date_gmt":"2024-11-13T13:09:39","guid":{"rendered":"https:\/\/www.psib-psoe.org\/eivissa\/?p=40059"},"modified":"2024-11-13T15:20:37","modified_gmt":"2024-11-13T13:20:37","slug":"el-psoe-critica-el-silenci-de-vicent-mari-davant-la-retallada-de-marga-prohens-dun-6-al-consell-deivissa-la-primera-vegada-en-10-anys-que-el-govern-balear-redueix-el-financament-a-la-nos","status":"publish","type":"post","link":"https:\/\/www.psib-psoe.org\/eivissa\/el-psoe-critica-el-silenci-de-vicent-mari-davant-la-retallada-de-marga-prohens-dun-6-al-consell-deivissa-la-primera-vegada-en-10-anys-que-el-govern-balear-redueix-el-financament-a-la-nos\/","title":{"rendered":"El PSOE critica el silenci de Vicent Mar\u00ed davant la retallada de Marga Prohens d&#8217;un 6% al <span translate=no> Consell <\/span> d\u2019Eivissa, la primera vegada en 10 anys que el Govern balear redueix el finan\u00e7ament a la nostra illa"},"content":{"rendered":"<p>El Grup PSOE critica que Vicent Mar\u00ed acoti el cap davant de Marga Prohens, que ha decidit retallar 5 milions d\u2019euros al <span translate=no> Consell <\/span> Insular, la primera vegada en 10 anys que el Govern balear redueix el finan\u00e7ament a la nostra illa. L\u2019aportaci\u00f3 del Govern auton\u00f2mic als <span translate=no> consells <\/span> insulars s\u2019havia anat incrementant progressivament des de 2014 fins a 2024, quan va arribar als 82,3 milions d&#8217;euros per al <span translate=no> Consell <\/span> d\u2019Eivissa. El projecte de pressupostos de 2025 del Govern balear del PP retalla un 6% el finan\u00e7ament del <span translate=no> Consell <\/span> d\u2019Eivissa, deixant-lo en 77,4 milions d\u2019euros. Una retallada de Prohens a Eivissa, a m\u00e9s a m\u00e9s, a pesar que el total del pressupost de la comunitat per a l\u2019any que ve s&#8217;incrementa del 2% fins arribar als 7.469,1 milions d\u2019euros, 148,4 milions m\u00e9s que l&#8217;exercici anterior.<\/p>\n<p>El portaveu del PSOE, Josep Mar\u00ed Ribas, &#8216;Agustinet&#8217;, lamenta el silenci de Vicent Mar\u00ed en plena tramitaci\u00f3 del pressupost de la comunitat, en comptes de defensar els interessos d\u2019Eivissa, en un dels moments m\u00e9s importants del curs pol\u00edtic com \u00e9s l\u2019aprovaci\u00f3 del pressupost auton\u00f2mic: &#8220;\u00c9s molt sorprenent que despr\u00e9s de deu anys que cont\u00ednuament s&#8217;ha apujat el finan\u00e7ament dels <span translate=no> consells <\/span> insulars per part del Govern de les Illes Balears, ara per primera vegada es baixin les aportacions que fa el Govern al <span translate=no> Consell <\/span> i tenguem el president del <span translate=no> Consell <\/span>, del Partit Popular d&#8217;Eivissa, absolutament amagat, sense dir res, sense dir qu\u00e8 li pareix&#8221;.<\/p>\n<p>Despr\u00e9s d&#8217;anys de queixar-se del finan\u00e7ament del Govern balear progressista, a pesar que aquest s\u2019incrementava any darrere d\u2019any, Vicent Mar\u00ed calla quan justament \u00e9s la primera vegada en 10 anys que el govern auton\u00f2mic retalla el pressupost al <span translate=no> Consell <\/span> Insular d\u2019Eivissa, com ha lamentat el portaveu del PSOE: &#8220;Mentre ha governat el Partit Socialista al Govern Balear sempre s&#8217;han apujat les aportacions al <span translate=no> Consell <\/span> i, tot i aix\u00f2, el Partit Popular era molt reivindicatiu. Es veu que nom\u00e9s ho \u00e9s quan manen els altres, perqu\u00e8 quan manen els seus, qu\u00e8 fa? Resulta que baixen les aportacions i aqu\u00ed no sentim a ning\u00fa queixar-se&#8221;, ha dit &#8216;Agustinet&#8217;.<\/p>\n<p>Per tot aix\u00f2, el PSOE exigeix a Vicent Mar\u00ed &#8220;que reclami per a la nostra illa un increment del finan\u00e7ament de, com a m\u00ednim, el 2%, el mateix que incrementa el total del seu pressupost el Govern balear per a 2025&#8221;.<\/p>\n","protected":false},"excerpt":{"rendered":"<p>El Grup PSOE critica que Vicent Mar\u00ed acoti el cap davant de Marga Prohens, que ha decidit retallar 5 milions d\u2019euros al Consell Insular, la primera vegada en 10 anys que el Govern balear redueix el finan\u00e7ament a la nostra illa. L\u2019aportaci\u00f3 del Govern auton\u00f2mic als consells insulars s\u2019havia anat incrementant progressivament des de 2014&hellip;<\/p>\n","protected":false},"author":1,"featured_media":40063,"comment_status":"closed","ping_status":"closed","sticky":false,"template":"","format":"standard","meta":{"footnotes":""},"categories":[192,1,191],"tags":[],"class_list":["post-40059","post","type-post","status-publish","format-standard","has-post-thumbnail","hentry","category-consell-deivissa","category-federacio-de-eivissa-portada","category-govern-de-les-illes-balears-parlament"],"yoast_head":"<!-- This site is optimized with the Yoast SEO plugin v26.9 - https:\/\/yoast.com\/product\/yoast-seo-wordpress\/ -->\n<title>El PSOE critica el silenci de Vicent Mar\u00ed davant la retallada de Marga Prohens d&#039;un 6% al  Consell  d\u2019Eivissa, la primera vegada en 10 anys que el Govern balear redueix el finan\u00e7ament a la nostra illa - Federaci\u00f3 Socialista d&#039;Eivissa<\/title>\n<meta name=\"robots\" content=\"index, follow, max-snippet:-1, max-image-preview:large, max-video-preview:-1\" \/>\n<link rel=\"canonical\" href=\"https:\/\/www.psib-psoe.org\/eivissa\/el-psoe-critica-el-silenci-de-vicent-mari-davant-la-retallada-de-marga-prohens-dun-6-al-consell-deivissa-la-primera-vegada-en-10-anys-que-el-govern-balear-redueix-el-financament-a-la-nos\/\" \/>\n<meta property=\"og:locale\" content=\"ca_ES\" \/>\n<meta property=\"og:type\" content=\"article\" \/>\n<meta property=\"og:title\" content=\"El PSOE critica el silenci de Vicent Mar\u00ed davant la retallada de Marga Prohens d&#039;un 6% al  Consell  d\u2019Eivissa, la primera vegada en 10 anys que el Govern balear redueix el finan\u00e7ament a la nostra illa - Federaci\u00f3 Socialista d&#039;Eivissa\" \/>\n<meta property=\"og:description\" content=\"El Grup PSOE critica que Vicent Mar\u00ed acoti el cap davant de Marga Prohens, que ha decidit retallar 5 milions d\u2019euros al Consell Insular, la primera vegada en 10 anys que el Govern balear redueix el finan\u00e7ament a la nostra illa. L\u2019aportaci\u00f3 del Govern auton\u00f2mic als consells insulars s\u2019havia anat incrementant progressivament des de 2014&hellip;\" \/>\n<meta property=\"og:url\" content=\"https:\/\/www.psib-psoe.org\/eivissa\/el-psoe-critica-el-silenci-de-vicent-mari-davant-la-retallada-de-marga-prohens-dun-6-al-consell-deivissa-la-primera-vegada-en-10-anys-que-el-govern-balear-redueix-el-financament-a-la-nos\/\" \/>\n<meta property=\"og:site_name\" content=\"Federaci\u00f3 Socialista d&#039;Eivissa\" \/>\n<meta property=\"article:published_time\" content=\"2024-11-13T13:09:39+00:00\" \/>\n<meta property=\"article:modified_time\" content=\"2024-11-13T13:20:37+00:00\" \/>\n<meta property=\"og:image\" content=\"https:\/\/www.psib-psoe.org\/eivissa\/wp-content\/uploads\/retallada-prohens-vicent-mari.png\" \/>\n\t<meta property=\"og:image:width\" content=\"487\" \/>\n\t<meta property=\"og:image:height\" content=\"336\" \/>\n\t<meta property=\"og:image:type\" content=\"image\/png\" \/>\n<meta name=\"author\" content=\"adminpsib\" \/>\n<meta name=\"twitter:card\" content=\"summary_large_image\" \/>\n<meta name=\"twitter:label1\" content=\"Escrit per\" \/>\n\t<meta name=\"twitter:data1\" content=\"adminpsib\" \/>\n\t<meta name=\"twitter:label2\" content=\"Temps estimat de lectura\" \/>\n\t<meta name=\"twitter:data2\" content=\"2 minuts\" \/>\n<script type=\"application\/ld+json\" class=\"yoast-schema-graph\">{\"@context\":\"https:\/\/schema.org\",\"@graph\":[{\"@type\":[\"Article\",\"BlogPosting\"],\"@id\":\"https:\/\/www.psib-psoe.org\/eivissa\/el-psoe-critica-el-silenci-de-vicent-mari-davant-la-retallada-de-marga-prohens-dun-6-al-consell-deivissa-la-primera-vegada-en-10-anys-que-el-govern-balear-redueix-el-financament-a-la-nos\/#article\",\"isPartOf\":{\"@id\":\"https:\/\/www.psib-psoe.org\/eivissa\/el-psoe-critica-el-silenci-de-vicent-mari-davant-la-retallada-de-marga-prohens-dun-6-al-consell-deivissa-la-primera-vegada-en-10-anys-que-el-govern-balear-redueix-el-financament-a-la-nos\/\"},\"author\":{\"name\":\"adminpsib\",\"@id\":\"https:\/\/www.psib-psoe.org\/eivissa\/#\/schema\/person\/099ab3ef73a3645a1d7f303518e6ce24\"},\"headline\":\"El PSOE critica el silenci de Vicent Mar\u00ed davant la retallada de Marga Prohens d&#8217;un 6% al Consell d\u2019Eivissa, la primera vegada en 10 anys que el Govern balear redueix el finan\u00e7ament a la nostra illa\",\"datePublished\":\"2024-11-13T13:09:39+00:00\",\"dateModified\":\"2024-11-13T13:20:37+00:00\",\"mainEntityOfPage\":{\"@id\":\"https:\/\/www.psib-psoe.org\/eivissa\/el-psoe-critica-el-silenci-de-vicent-mari-davant-la-retallada-de-marga-prohens-dun-6-al-consell-deivissa-la-primera-vegada-en-10-anys-que-el-govern-balear-redueix-el-financament-a-la-nos\/\"},\"wordCount\":436,\"publisher\":{\"@id\":\"https:\/\/www.psib-psoe.org\/eivissa\/#organization\"},\"image\":{\"@id\":\"https:\/\/www.psib-psoe.org\/eivissa\/el-psoe-critica-el-silenci-de-vicent-mari-davant-la-retallada-de-marga-prohens-dun-6-al-consell-deivissa-la-primera-vegada-en-10-anys-que-el-govern-balear-redueix-el-financament-a-la-nos\/#primaryimage\"},\"thumbnailUrl\":\"https:\/\/www.psib-psoe.org\/eivissa\/wp-content\/uploads\/retallada-prohens-vicent-mari.png\",\"articleSection\":[\"Consell d'Eivissa\",\"Federaci\u00f3 d'Eivissa - Portada\",\"Govern de les Illes Balears - Parlament - PSIB-PSOE\"],\"inLanguage\":\"ca\"},{\"@type\":\"WebPage\",\"@id\":\"https:\/\/www.psib-psoe.org\/eivissa\/el-psoe-critica-el-silenci-de-vicent-mari-davant-la-retallada-de-marga-prohens-dun-6-al-consell-deivissa-la-primera-vegada-en-10-anys-que-el-govern-balear-redueix-el-financament-a-la-nos\/\",\"url\":\"https:\/\/www.psib-psoe.org\/eivissa\/el-psoe-critica-el-silenci-de-vicent-mari-davant-la-retallada-de-marga-prohens-dun-6-al-consell-deivissa-la-primera-vegada-en-10-anys-que-el-govern-balear-redueix-el-financament-a-la-nos\/\",\"name\":\"El PSOE critica el silenci de Vicent Mar\u00ed davant la retallada de Marga Prohens d'un 6% al Consell d\u2019Eivissa, la primera vegada en 10 anys que el Govern balear redueix el finan\u00e7ament a la nostra illa - Federaci\u00f3 Socialista d&#039;Eivissa\",\"isPartOf\":{\"@id\":\"https:\/\/www.psib-psoe.org\/eivissa\/#website\"},\"primaryImageOfPage\":{\"@id\":\"https:\/\/www.psib-psoe.org\/eivissa\/el-psoe-critica-el-silenci-de-vicent-mari-davant-la-retallada-de-marga-prohens-dun-6-al-consell-deivissa-la-primera-vegada-en-10-anys-que-el-govern-balear-redueix-el-financament-a-la-nos\/#primaryimage\"},\"image\":{\"@id\":\"https:\/\/www.psib-psoe.org\/eivissa\/el-psoe-critica-el-silenci-de-vicent-mari-davant-la-retallada-de-marga-prohens-dun-6-al-consell-deivissa-la-primera-vegada-en-10-anys-que-el-govern-balear-redueix-el-financament-a-la-nos\/#primaryimage\"},\"thumbnailUrl\":\"https:\/\/www.psib-psoe.org\/eivissa\/wp-content\/uploads\/retallada-prohens-vicent-mari.png\",\"datePublished\":\"2024-11-13T13:09:39+00:00\",\"dateModified\":\"2024-11-13T13:20:37+00:00\",\"breadcrumb\":{\"@id\":\"https:\/\/www.psib-psoe.org\/eivissa\/el-psoe-critica-el-silenci-de-vicent-mari-davant-la-retallada-de-marga-prohens-dun-6-al-consell-deivissa-la-primera-vegada-en-10-anys-que-el-govern-balear-redueix-el-financament-a-la-nos\/#breadcrumb\"},\"inLanguage\":\"ca\",\"potentialAction\":[{\"@type\":\"ReadAction\",\"target\":[\"https:\/\/www.psib-psoe.org\/eivissa\/el-psoe-critica-el-silenci-de-vicent-mari-davant-la-retallada-de-marga-prohens-dun-6-al-consell-deivissa-la-primera-vegada-en-10-anys-que-el-govern-balear-redueix-el-financament-a-la-nos\/\"]}]},{\"@type\":\"ImageObject\",\"inLanguage\":\"ca\",\"@id\":\"https:\/\/www.psib-psoe.org\/eivissa\/el-psoe-critica-el-silenci-de-vicent-mari-davant-la-retallada-de-marga-prohens-dun-6-al-consell-deivissa-la-primera-vegada-en-10-anys-que-el-govern-balear-redueix-el-financament-a-la-nos\/#primaryimage\",\"url\":\"https:\/\/www.psib-psoe.org\/eivissa\/wp-content\/uploads\/retallada-prohens-vicent-mari.png\",\"contentUrl\":\"https:\/\/www.psib-psoe.org\/eivissa\/wp-content\/uploads\/retallada-prohens-vicent-mari.png\",\"width\":487,\"height\":336},{\"@type\":\"BreadcrumbList\",\"@id\":\"https:\/\/www.psib-psoe.org\/eivissa\/el-psoe-critica-el-silenci-de-vicent-mari-davant-la-retallada-de-marga-prohens-dun-6-al-consell-deivissa-la-primera-vegada-en-10-anys-que-el-govern-balear-redueix-el-financament-a-la-nos\/#breadcrumb\",\"itemListElement\":[{\"@type\":\"ListItem\",\"position\":1,\"name\":\"Inici\",\"item\":\"https:\/\/www.psib-psoe.org\/eivissa\/\"},{\"@type\":\"ListItem\",\"position\":2,\"name\":\"El PSOE critica el silenci de Vicent Mar\u00ed davant la retallada de Marga Prohens d&#8217;un 6% al Consell d\u2019Eivissa, la primera vegada en 10 anys que el Govern balear redueix el finan\u00e7ament a la nostra illa\"}]},{\"@type\":\"WebSite\",\"@id\":\"https:\/\/www.psib-psoe.org\/eivissa\/#website\",\"url\":\"https:\/\/www.psib-psoe.org\/eivissa\/\",\"name\":\"Federaci\u00f3 Socialista d'Eivissa\",\"description\":\"Socialistes d&#039;Eivissa\",\"publisher\":{\"@id\":\"https:\/\/www.psib-psoe.org\/eivissa\/#organization\"},\"potentialAction\":[{\"@type\":\"SearchAction\",\"target\":{\"@type\":\"EntryPoint\",\"urlTemplate\":\"https:\/\/www.psib-psoe.org\/eivissa\/?s={search_term_string}\"},\"query-input\":{\"@type\":\"PropertyValueSpecification\",\"valueRequired\":true,\"valueName\":\"search_term_string\"}}],\"inLanguage\":\"ca\"},{\"@type\":\"Organization\",\"@id\":\"https:\/\/www.psib-psoe.org\/eivissa\/#organization\",\"name\":\"Federaci\u00f3 Socialista d'Eivissa\",\"url\":\"https:\/\/www.psib-psoe.org\/eivissa\/\",\"logo\":{\"@type\":\"ImageObject\",\"inLanguage\":\"ca\",\"@id\":\"https:\/\/www.psib-psoe.org\/eivissa\/#\/schema\/logo\/image\/\",\"url\":\"https:\/\/www.psib-psoe.org\/eivissa\/wp-content\/uploads\/LOGO-FSE-SOCIALISTA-DEIVISSA-HORI.png\",\"contentUrl\":\"https:\/\/www.psib-psoe.org\/eivissa\/wp-content\/uploads\/LOGO-FSE-SOCIALISTA-DEIVISSA-HORI.png\",\"width\":6000,\"height\":3104,\"caption\":\"Federaci\u00f3 Socialista d'Eivissa\"},\"image\":{\"@id\":\"https:\/\/www.psib-psoe.org\/eivissa\/#\/schema\/logo\/image\/\"}},{\"@type\":\"Person\",\"@id\":\"https:\/\/www.psib-psoe.org\/eivissa\/#\/schema\/person\/099ab3ef73a3645a1d7f303518e6ce24\",\"name\":\"adminpsib\",\"url\":\"https:\/\/www.psib-psoe.org\/eivissa\/author\/adminpsib\/\"}]}<\/script>\n<!-- \/ Yoast SEO plugin. -->","yoast_head_json":{"title":"El PSOE critica el silenci de Vicent Mar\u00ed davant la retallada de Marga Prohens d'un 6% al  Consell  d\u2019Eivissa, la primera vegada en 10 anys que el Govern balear redueix el finan\u00e7ament a la nostra illa - Federaci\u00f3 Socialista d&#039;Eivissa","robots":{"index":"index","follow":"follow","max-snippet":"max-snippet:-1","max-image-preview":"max-image-preview:large","max-video-preview":"max-video-preview:-1"},"canonical":"https:\/\/www.psib-psoe.org\/eivissa\/el-psoe-critica-el-silenci-de-vicent-mari-davant-la-retallada-de-marga-prohens-dun-6-al-consell-deivissa-la-primera-vegada-en-10-anys-que-el-govern-balear-redueix-el-financament-a-la-nos\/","og_locale":"ca_ES","og_type":"article","og_title":"El PSOE critica el silenci de Vicent Mar\u00ed davant la retallada de Marga Prohens d'un 6% al  Consell  d\u2019Eivissa, la primera vegada en 10 anys que el Govern balear redueix el finan\u00e7ament a la nostra illa - Federaci\u00f3 Socialista d&#039;Eivissa","og_description":"El Grup PSOE critica que Vicent Mar\u00ed acoti el cap davant de Marga Prohens, que ha decidit retallar 5 milions d\u2019euros al Consell Insular, la primera vegada en 10 anys que el Govern balear redueix el finan\u00e7ament a la nostra illa. L\u2019aportaci\u00f3 del Govern auton\u00f2mic als consells insulars s\u2019havia anat incrementant progressivament des de 2014&hellip;","og_url":"https:\/\/www.psib-psoe.org\/eivissa\/el-psoe-critica-el-silenci-de-vicent-mari-davant-la-retallada-de-marga-prohens-dun-6-al-consell-deivissa-la-primera-vegada-en-10-anys-que-el-govern-balear-redueix-el-financament-a-la-nos\/","og_site_name":"Federaci\u00f3 Socialista d&#039;Eivissa","article_published_time":"2024-11-13T13:09:39+00:00","article_modified_time":"2024-11-13T13:20:37+00:00","og_image":[{"width":487,"height":336,"url":"https:\/\/www.psib-psoe.org\/eivissa\/wp-content\/uploads\/retallada-prohens-vicent-mari.png","type":"image\/png"}],"author":"adminpsib","twitter_card":"summary_large_image","twitter_misc":{"Escrit per":"adminpsib","Temps estimat de lectura":"2 minuts"},"schema":{"@context":"https:\/\/schema.org","@graph":[{"@type":["Article","BlogPosting"],"@id":"https:\/\/www.psib-psoe.org\/eivissa\/el-psoe-critica-el-silenci-de-vicent-mari-davant-la-retallada-de-marga-prohens-dun-6-al-consell-deivissa-la-primera-vegada-en-10-anys-que-el-govern-balear-redueix-el-financament-a-la-nos\/#article","isPartOf":{"@id":"https:\/\/www.psib-psoe.org\/eivissa\/el-psoe-critica-el-silenci-de-vicent-mari-davant-la-retallada-de-marga-prohens-dun-6-al-consell-deivissa-la-primera-vegada-en-10-anys-que-el-govern-balear-redueix-el-financament-a-la-nos\/"},"author":{"name":"adminpsib","@id":"https:\/\/www.psib-psoe.org\/eivissa\/#\/schema\/person\/099ab3ef73a3645a1d7f303518e6ce24"},"headline":"El PSOE critica el silenci de Vicent Mar\u00ed davant la retallada de Marga Prohens d&#8217;un 6% al Consell d\u2019Eivissa, la primera vegada en 10 anys que el Govern balear redueix el finan\u00e7ament a la nostra illa","datePublished":"2024-11-13T13:09:39+00:00","dateModified":"2024-11-13T13:20:37+00:00","mainEntityOfPage":{"@id":"https:\/\/www.psib-psoe.org\/eivissa\/el-psoe-critica-el-silenci-de-vicent-mari-davant-la-retallada-de-marga-prohens-dun-6-al-consell-deivissa-la-primera-vegada-en-10-anys-que-el-govern-balear-redueix-el-financament-a-la-nos\/"},"wordCount":436,"publisher":{"@id":"https:\/\/www.psib-psoe.org\/eivissa\/#organization"},"image":{"@id":"https:\/\/www.psib-psoe.org\/eivissa\/el-psoe-critica-el-silenci-de-vicent-mari-davant-la-retallada-de-marga-prohens-dun-6-al-consell-deivissa-la-primera-vegada-en-10-anys-que-el-govern-balear-redueix-el-financament-a-la-nos\/#primaryimage"},"thumbnailUrl":"https:\/\/www.psib-psoe.org\/eivissa\/wp-content\/uploads\/retallada-prohens-vicent-mari.png","articleSection":["Consell d'Eivissa","Federaci\u00f3 d'Eivissa - Portada","Govern de les Illes Balears - Parlament - PSIB-PSOE"],"inLanguage":"ca"},{"@type":"WebPage","@id":"https:\/\/www.psib-psoe.org\/eivissa\/el-psoe-critica-el-silenci-de-vicent-mari-davant-la-retallada-de-marga-prohens-dun-6-al-consell-deivissa-la-primera-vegada-en-10-anys-que-el-govern-balear-redueix-el-financament-a-la-nos\/","url":"https:\/\/www.psib-psoe.org\/eivissa\/el-psoe-critica-el-silenci-de-vicent-mari-davant-la-retallada-de-marga-prohens-dun-6-al-consell-deivissa-la-primera-vegada-en-10-anys-que-el-govern-balear-redueix-el-financament-a-la-nos\/","name":"El PSOE critica el silenci de Vicent Mar\u00ed davant la retallada de Marga Prohens d'un 6% al Consell d\u2019Eivissa, la primera vegada en 10 anys que el Govern balear redueix el finan\u00e7ament a la nostra illa - Federaci\u00f3 Socialista d&#039;Eivissa","isPartOf":{"@id":"https:\/\/www.psib-psoe.org\/eivissa\/#website"},"primaryImageOfPage":{"@id":"https:\/\/www.psib-psoe.org\/eivissa\/el-psoe-critica-el-silenci-de-vicent-mari-davant-la-retallada-de-marga-prohens-dun-6-al-consell-deivissa-la-primera-vegada-en-10-anys-que-el-govern-balear-redueix-el-financament-a-la-nos\/#primaryimage"},"image":{"@id":"https:\/\/www.psib-psoe.org\/eivissa\/el-psoe-critica-el-silenci-de-vicent-mari-davant-la-retallada-de-marga-prohens-dun-6-al-consell-deivissa-la-primera-vegada-en-10-anys-que-el-govern-balear-redueix-el-financament-a-la-nos\/#primaryimage"},"thumbnailUrl":"https:\/\/www.psib-psoe.org\/eivissa\/wp-content\/uploads\/retallada-prohens-vicent-mari.png","datePublished":"2024-11-13T13:09:39+00:00","dateModified":"2024-11-13T13:20:37+00:00","breadcrumb":{"@id":"https:\/\/www.psib-psoe.org\/eivissa\/el-psoe-critica-el-silenci-de-vicent-mari-davant-la-retallada-de-marga-prohens-dun-6-al-consell-deivissa-la-primera-vegada-en-10-anys-que-el-govern-balear-redueix-el-financament-a-la-nos\/#breadcrumb"},"inLanguage":"ca","potentialAction":[{"@type":"ReadAction","target":["https:\/\/www.psib-psoe.org\/eivissa\/el-psoe-critica-el-silenci-de-vicent-mari-davant-la-retallada-de-marga-prohens-dun-6-al-consell-deivissa-la-primera-vegada-en-10-anys-que-el-govern-balear-redueix-el-financament-a-la-nos\/"]}]},{"@type":"ImageObject","inLanguage":"ca","@id":"https:\/\/www.psib-psoe.org\/eivissa\/el-psoe-critica-el-silenci-de-vicent-mari-davant-la-retallada-de-marga-prohens-dun-6-al-consell-deivissa-la-primera-vegada-en-10-anys-que-el-govern-balear-redueix-el-financament-a-la-nos\/#primaryimage","url":"https:\/\/www.psib-psoe.org\/eivissa\/wp-content\/uploads\/retallada-prohens-vicent-mari.png","contentUrl":"https:\/\/www.psib-psoe.org\/eivissa\/wp-content\/uploads\/retallada-prohens-vicent-mari.png","width":487,"height":336},{"@type":"BreadcrumbList","@id":"https:\/\/www.psib-psoe.org\/eivissa\/el-psoe-critica-el-silenci-de-vicent-mari-davant-la-retallada-de-marga-prohens-dun-6-al-consell-deivissa-la-primera-vegada-en-10-anys-que-el-govern-balear-redueix-el-financament-a-la-nos\/#breadcrumb","itemListElement":[{"@type":"ListItem","position":1,"name":"Inici","item":"https:\/\/www.psib-psoe.org\/eivissa\/"},{"@type":"ListItem","position":2,"name":"El PSOE critica el silenci de Vicent Mar\u00ed davant la retallada de Marga Prohens d&#8217;un 6% al Consell d\u2019Eivissa, la primera vegada en 10 anys que el Govern balear redueix el finan\u00e7ament a la nostra illa"}]},{"@type":"WebSite","@id":"https:\/\/www.psib-psoe.org\/eivissa\/#website","url":"https:\/\/www.psib-psoe.org\/eivissa\/","name":"Federaci\u00f3 Socialista d'Eivissa","description":"Socialistes d&#039;Eivissa","publisher":{"@id":"https:\/\/www.psib-psoe.org\/eivissa\/#organization"},"potentialAction":[{"@type":"SearchAction","target":{"@type":"EntryPoint","urlTemplate":"https:\/\/www.psib-psoe.org\/eivissa\/?s={search_term_string}"},"query-input":{"@type":"PropertyValueSpecification","valueRequired":true,"valueName":"search_term_string"}}],"inLanguage":"ca"},{"@type":"Organization","@id":"https:\/\/www.psib-psoe.org\/eivissa\/#organization","name":"Federaci\u00f3 Socialista d'Eivissa","url":"https:\/\/www.psib-psoe.org\/eivissa\/","logo":{"@type":"ImageObject","inLanguage":"ca","@id":"https:\/\/www.psib-psoe.org\/eivissa\/#\/schema\/logo\/image\/","url":"https:\/\/www.psib-psoe.org\/eivissa\/wp-content\/uploads\/LOGO-FSE-SOCIALISTA-DEIVISSA-HORI.png","contentUrl":"https:\/\/www.psib-psoe.org\/eivissa\/wp-content\/uploads\/LOGO-FSE-SOCIALISTA-DEIVISSA-HORI.png","width":6000,"height":3104,"caption":"Federaci\u00f3 Socialista d'Eivissa"},"image":{"@id":"https:\/\/www.psib-psoe.org\/eivissa\/#\/schema\/logo\/image\/"}},{"@type":"Person","@id":"https:\/\/www.psib-psoe.org\/eivissa\/#\/schema\/person\/099ab3ef73a3645a1d7f303518e6ce24","name":"adminpsib","url":"https:\/\/www.psib-psoe.org\/eivissa\/author\/adminpsib\/"}]}},"_links":{"self":[{"href":"https:\/\/www.psib-psoe.org\/eivissa\/wp-json\/wp\/v2\/posts\/40059","targetHints":{"allow":["GET"]}}],"collection":[{"href":"https:\/\/www.psib-psoe.org\/eivissa\/wp-json\/wp\/v2\/posts"}],"about":[{"href":"https:\/\/www.psib-psoe.org\/eivissa\/wp-json\/wp\/v2\/types\/post"}],"author":[{"embeddable":true,"href":"https:\/\/www.psib-psoe.org\/eivissa\/wp-json\/wp\/v2\/users\/1"}],"replies":[{"embeddable":true,"href":"https:\/\/www.psib-psoe.org\/eivissa\/wp-json\/wp\/v2\/comments?post=40059"}],"version-history":[{"count":1,"href":"https:\/\/www.psib-psoe.org\/eivissa\/wp-json\/wp\/v2\/posts\/40059\/revisions"}],"predecessor-version":[{"id":40061,"href":"https:\/\/www.psib-psoe.org\/eivissa\/wp-json\/wp\/v2\/posts\/40059\/revisions\/40061"}],"wp:featuredmedia":[{"embeddable":true,"href":"https:\/\/www.psib-psoe.org\/eivissa\/wp-json\/wp\/v2\/media\/40063"}],"wp:attachment":[{"href":"https:\/\/www.psib-psoe.org\/eivissa\/wp-json\/wp\/v2\/media?parent=40059"}],"wp:term":[{"taxonomy":"category","embeddable":true,"href":"https:\/\/www.psib-psoe.org\/eivissa\/wp-json\/wp\/v2\/categories?post=40059"},{"taxonomy":"post_tag","embeddable":true,"href":"https:\/\/www.psib-psoe.org\/eivissa\/wp-json\/wp\/v2\/tags?post=40059"}],"curies":[{"name":"wp","href":"https:\/\/api.w.org\/{rel}","templated":true}]}}