{"id":40157,"date":"2024-12-15T20:07:05","date_gmt":"2024-12-15T18:07:05","guid":{"rendered":"https:\/\/www.psib-psoe.org\/eivissa\/?p=40157"},"modified":"2024-12-15T20:07:05","modified_gmt":"2024-12-15T18:07:05","slug":"francina-armengol-culpa-al-pp-del-caos-i-la-inestabilitat-que-pateixen-les-balears-es-prohens-qui-va-deixar-entrar-vox-a-les-institucions","status":"publish","type":"post","link":"https:\/\/www.psib-psoe.org\/eivissa\/francina-armengol-culpa-al-pp-del-caos-i-la-inestabilitat-que-pateixen-les-balears-es-prohens-qui-va-deixar-entrar-vox-a-les-institucions\/","title":{"rendered":"Francina Armengol culpa al PP del caos i la inestabilitat que pateixen les Balears: \u201c\u00e9s Prohens qui va deixar entrar Vox a les institucions\u201d"},"content":{"rendered":"\n<p class=\"MsoNormal\">Els Socialistes d\u2019Eivissa han celebrat avui el seu tradicional dinar de Nadal, en el qual la secret\u00e0ria general del PSIB-PSOE, Francina Armengol, i el secretari general insular, Vicent Rossell\u00f3, han retut juntament amb tots els i les assistents un emotiu homenatge a Josep Mar\u00ed Ribas \u2018Agustinet\u2019, qui deixa la pol\u00edtica activa.&nbsp;<\/p>\n\n\n\n<p class=\"MsoNormal\">Durant la trobada, Armengol ha advertit que \u201cel 2027 anam a governar a la comunitat aut\u00f2noma, als consells insulars i als ajuntaments, perqu\u00e8 \u00e9s l\u2019\u00fanica forma seriosa de tirar endavant els projectes que la gent necessita\u201d, a la qual cosa ha afegit que \u201cperqu\u00e8 la gent ens necessita i s\u2019ho mereix, perqu\u00e8 necessiten pol\u00edtiques valentes que pensin amb ells i elles, i aix\u00f2 nom\u00e9s ho podem fer possible nosaltres\u201d.&nbsp;<\/p>\n\n\n\n<p class=\"MsoNormal\">En aquest sentit, la secret\u00e0ria general ha assegurat que \u201cimagineu que en temps nostre no hagu\u00e9ssim aprovat els pressuposts per una clara incapacitat, incompet\u00e8ncia, deslleialtat i poques ganes de fer feina, i que ens qued\u00e9ssim sense fer res\u201d, perqu\u00e8, a criteri seu, \u00e9s el que est\u00e0 passant a les nostres illes.&nbsp;<\/p>\n\n\n\n<p class=\"MsoNormal\">Per aix\u00f2, ha afirmat que \u201cel PP i Marga Prohens s\u00f3n el pitjor Govern de la hist\u00f2ria democr\u00e0tica de les nostres illes, perqu\u00e8 en nom\u00e9s un any i mig han produ\u00eft un caos, una inestabilitat i una desconfian\u00e7a total amb les institucions, i la gent no s\u2019ho mereix\u201d.&nbsp;<\/p>\n\n\n\n<p class=\"MsoNormal\">Armengol ha culpat al PP de la situaci\u00f3 pol\u00edtica actual, perqu\u00e8 \u201cqui ha entrat a Vox a les institucions \u00e9s el PP, i el fet que es barallin no \u00e9s una q\u00fcesti\u00f3 ideol\u00f2gica, perqu\u00e8 sin\u00f3 haurien romput a tots els consells insulars i ajuntaments on Governen\u201d, per la qual cosa \u201c\u00e9s una q\u00fcesti\u00f3 d\u2019irresponsabilitat i d\u2019incapacitat\u201d.&nbsp;<\/p>\n\n\n\n<p class=\"MsoNormal\">Davant el desgavell provocat pel PP, permetent construir en zones inundables i acceptant 34 esmenes de Vox que suposen un desbarat legislatiu, la secret\u00e0ria general ha destacat el PSIB-PSOE com \u201cl\u2019alternativa real, perqu\u00e8 estam amb la gent i salvant els drets de la ciutadania\u201d.&nbsp;<\/p>\n\n\n\n<p class=\"MsoNormal\">\u201cCom ara tot els ha explotat a la cara, hem sortit nosaltres, amb valentia, amb decisi\u00f3, sent fidels a la nostra terra i a la nostra gent, i tendran el nostre vot per eliminar els seus desbarats, per\u00f2 la llei de mem\u00f2ria democr\u00e0tica no es tomar\u00e0 a les Illes Balears, i dimarts ho aconseguirem\u201d, ha destacat Armengol.&nbsp;<\/p>\n\n\n\n<p class=\"MsoNormal\">A m\u00e9s a m\u00e9s, la dirigent socialista tamb\u00e9 ha posat de manifest la inestabilitat que provoca el PP en altres indrets on governa, com a Menorca, on s\u00f3n incapa\u00e7os d\u2019aprovar els pressuposts, a Formentera, on tendran una moci\u00f3 de censura, o a Eivissa, on \u201cdurant vuit anys tot el que no anava b\u00e9 era culpa del Govern i ara \u00e9s culpa de Pedro S\u00e1nchez, i continuen sense afrontar els problemes i qui dies passa anys empeny, i a viure\u201d.&nbsp;<\/p>\n\n\n\n<p class=\"MsoNormal\">Per aix\u00f2, la secret\u00e0ria general ha encoratjat a tota la milit\u00e0ncia socialista d\u2019Eivissa a lluitar i empoderar-se, perqu\u00e8 \u201cfa 25 anys vam tenir el primer pacte de progr\u00e9s, i en aquell moment semblava impossible tombar el PP, i ho vam aconseguir\u201d. Per aix\u00f2, ha dit que \u201cno hi ha res impossible, estic conven\u00e7uda que els tombam el 2027 i aix\u00f2 tomba perqu\u00e8 teniu un secretari general meravell\u00f3s\u201d.&nbsp;<\/p>\n\n\n\n<p class=\"MsoNormal\">Precisament, en la seua intervenci\u00f3, el secretari general de la Federaci\u00f3 Socialista d\u2019Eivissa, Vicent Rosell\u00f3, ha subratllat la necessitat urgent de regular el mercat de lloguer d\u2019habitatge: \u201cExigim que l\u2019any 2025 es topin els preus dels lloguers a l\u2019illa d\u2019Eivissa. L\u2019acc\u00e9s a l\u2019habitatge ha de ser un dret per a totes les persones que resideixen aqu\u00ed. Aix\u00f2 \u00e9s el que s\u2019ha de fer: propostes clares i contundents que ens permetin viure millor, desenvolupar-nos com a persones i treballar per viure, no viure per treballar\u201d.<\/p>\n\n\n\n<p class=\"MsoNormal\">Rosell\u00f3 ha valorat l\u2019\u00faltima reuni\u00f3 del Consell d\u2019Alcaldes d\u2019Eivissa, referint-se a les paraules el president del Consell Insular, Vicent Mar\u00ed, qui va plantejar que \u201ctal vegada l\u2019any que ve hi haur\u00e0 restriccions d\u2019aigua\u201d. Vicent Rosell\u00f3 ha qualificat aquesta declaraci\u00f3 com \u201cinadmissible per part d\u2019un president del Consell Insular i inadmissible tamb\u00e9 per als alcaldes que governen els diferents ajuntaments d\u2019Eivissa\u201d.<\/p>\n\n\n\n<p class=\"MsoNormal\">El l\u00edder socialista ha exigit mesures clares i eficaces per abordar aquesta problem\u00e0tica: \u201cNo fer res no pot ser mai la resposta a un problema. Durant aquest estiu hem viscut una situaci\u00f3 molt cr\u00edtica i no s\u2019ha fet res. Per aix\u00f2, exigim al Consell Insular que reclami la gesti\u00f3 directa de l\u2019aigua des d\u2019Eivissa, com un b\u00e9 natural i necessari\u201d.<\/p>\n\n\n\n<p class=\"MsoNormal\">Durant la seva intervenci\u00f3, Rosell\u00f3 ha destacat la renovaci\u00f3 i l\u2019impuls dels grups de treball dins la Federaci\u00f3 Socialista: \u201cEstam forts, tenim ganes i veim com s\u2019han dinamitzat els diferents grups. Hi ha molta gent que s\u2019apropa i molta preocupaci\u00f3 per les pol\u00edtiques de la dreta i l\u2019extrema dreta\u201d.<\/p>\n\n\n\n<p class=\"MsoNormal\">En l\u2019acte, Francina Armengol i Vicent Rosell\u00f3 han fet un reconeixement a Josep Mar\u00ed Ribas, qui aquest mes de desembre deixar\u00e0 la pol\u00edtica activa, despr\u00e9s d\u2019una traject\u00f2ria en el partit que l\u2019ha dut a guanyar quatre vegades consecutives les eleccions al seu municipi, Sant Josep de sa Talaia, i ocupar altres responsabilitats, com a conseller insular, diputat auton\u00f2mic i conseller del Govern de les Illes Balears amb Francina Armengol.&nbsp;<\/p>\n\n\n\n<p class=\"MsoNormal\">\u201cJo us ho he d&#8217;agrair molt. El que jo he fet no \u00e9s nom\u00e9s per m\u00e8rit meu. \u00c9s m\u00e8rit de tots vosaltres i de tota la gent que ens ha donat suport durant aquests anys\u201d, ha dit Mar\u00ed Ribas entre els aplaudiments dels assistents al dinar solidari de Nadal de la Federaci\u00f3 Socialista d\u2019Eivissa.<\/p>\n","protected":false},"excerpt":{"rendered":"<p>Els Socialistes d\u2019Eivissa han celebrat avui el seu tradicional dinar de Nadal, en el qual la secret\u00e0ria general del PSIB-PSOE, Francina Armengol, i el secretari general insular, Vicent Rossell\u00f3, han retut juntament amb tots els i les assistents un emotiu homenatge a Josep Mar\u00ed Ribas \u2018Agustinet\u2019, qui deixa la pol\u00edtica activa.&nbsp; Durant la trobada, Armengol&hellip;<\/p>\n","protected":false},"author":1,"featured_media":40156,"comment_status":"closed","ping_status":"closed","sticky":false,"template":"","format":"standard","meta":{"footnotes":""},"categories":[1,212,191],"tags":[],"class_list":["post-40157","post","type-post","status-publish","format-standard","has-post-thumbnail","hentry","category-federacio-de-eivissa-portada","category-fse-psoe","category-govern-de-les-illes-balears-parlament"],"yoast_head":"<!-- This site is optimized with the Yoast SEO plugin v26.9 - https:\/\/yoast.com\/product\/yoast-seo-wordpress\/ -->\n<title>Francina Armengol culpa al PP del caos i la inestabilitat que pateixen les Balears: \u201c\u00e9s Prohens qui va deixar entrar Vox a les institucions\u201d - Federaci\u00f3 Socialista d&#039;Eivissa<\/title>\n<meta name=\"robots\" content=\"index, follow, max-snippet:-1, max-image-preview:large, max-video-preview:-1\" \/>\n<link rel=\"canonical\" href=\"https:\/\/www.psib-psoe.org\/eivissa\/francina-armengol-culpa-al-pp-del-caos-i-la-inestabilitat-que-pateixen-les-balears-es-prohens-qui-va-deixar-entrar-vox-a-les-institucions\/\" \/>\n<meta property=\"og:locale\" content=\"ca_ES\" \/>\n<meta property=\"og:type\" content=\"article\" \/>\n<meta property=\"og:title\" content=\"Francina Armengol culpa al PP del caos i la inestabilitat que pateixen les Balears: \u201c\u00e9s Prohens qui va deixar entrar Vox a les institucions\u201d - Federaci\u00f3 Socialista d&#039;Eivissa\" \/>\n<meta property=\"og:description\" content=\"Els Socialistes d\u2019Eivissa han celebrat avui el seu tradicional dinar de Nadal, en el qual la secret\u00e0ria general del PSIB-PSOE, Francina Armengol, i el secretari general insular, Vicent Rossell\u00f3, han retut juntament amb tots els i les assistents un emotiu homenatge a Josep Mar\u00ed Ribas \u2018Agustinet\u2019, qui deixa la pol\u00edtica activa.&nbsp; Durant la trobada, Armengol&hellip;\" \/>\n<meta property=\"og:url\" content=\"https:\/\/www.psib-psoe.org\/eivissa\/francina-armengol-culpa-al-pp-del-caos-i-la-inestabilitat-que-pateixen-les-balears-es-prohens-qui-va-deixar-entrar-vox-a-les-institucions\/\" \/>\n<meta property=\"og:site_name\" content=\"Federaci\u00f3 Socialista d&#039;Eivissa\" \/>\n<meta property=\"article:published_time\" content=\"2024-12-15T18:07:05+00:00\" \/>\n<meta property=\"og:image\" content=\"https:\/\/www.psib-psoe.org\/eivissa\/wp-content\/uploads\/img_0972-1.jpg\" \/>\n\t<meta property=\"og:image:width\" content=\"2000\" \/>\n\t<meta property=\"og:image:height\" content=\"1500\" \/>\n\t<meta property=\"og:image:type\" content=\"image\/jpeg\" \/>\n<meta name=\"author\" content=\"adminpsib\" \/>\n<meta name=\"twitter:card\" content=\"summary_large_image\" \/>\n<meta name=\"twitter:label1\" content=\"Escrit per\" \/>\n\t<meta name=\"twitter:data1\" content=\"adminpsib\" \/>\n\t<meta name=\"twitter:label2\" content=\"Temps estimat de lectura\" \/>\n\t<meta name=\"twitter:data2\" content=\"5 minuts\" \/>\n<script type=\"application\/ld+json\" class=\"yoast-schema-graph\">{\"@context\":\"https:\/\/schema.org\",\"@graph\":[{\"@type\":[\"Article\",\"BlogPosting\"],\"@id\":\"https:\/\/www.psib-psoe.org\/eivissa\/francina-armengol-culpa-al-pp-del-caos-i-la-inestabilitat-que-pateixen-les-balears-es-prohens-qui-va-deixar-entrar-vox-a-les-institucions\/#article\",\"isPartOf\":{\"@id\":\"https:\/\/www.psib-psoe.org\/eivissa\/francina-armengol-culpa-al-pp-del-caos-i-la-inestabilitat-que-pateixen-les-balears-es-prohens-qui-va-deixar-entrar-vox-a-les-institucions\/\"},\"author\":{\"name\":\"adminpsib\",\"@id\":\"https:\/\/www.psib-psoe.org\/eivissa\/#\/schema\/person\/099ab3ef73a3645a1d7f303518e6ce24\"},\"headline\":\"Francina Armengol culpa al PP del caos i la inestabilitat que pateixen les Balears: \u201c\u00e9s Prohens qui va deixar entrar Vox a les institucions\u201d\",\"datePublished\":\"2024-12-15T18:07:05+00:00\",\"mainEntityOfPage\":{\"@id\":\"https:\/\/www.psib-psoe.org\/eivissa\/francina-armengol-culpa-al-pp-del-caos-i-la-inestabilitat-que-pateixen-les-balears-es-prohens-qui-va-deixar-entrar-vox-a-les-institucions\/\"},\"wordCount\":1006,\"publisher\":{\"@id\":\"https:\/\/www.psib-psoe.org\/eivissa\/#organization\"},\"image\":{\"@id\":\"https:\/\/www.psib-psoe.org\/eivissa\/francina-armengol-culpa-al-pp-del-caos-i-la-inestabilitat-que-pateixen-les-balears-es-prohens-qui-va-deixar-entrar-vox-a-les-institucions\/#primaryimage\"},\"thumbnailUrl\":\"https:\/\/www.psib-psoe.org\/eivissa\/wp-content\/uploads\/img_0972-1.jpg\",\"articleSection\":[\"Federaci\u00f3 d'Eivissa - Portada\",\"FSE-PSOE\",\"Govern de les Illes Balears - Parlament - PSIB-PSOE\"],\"inLanguage\":\"ca\"},{\"@type\":\"WebPage\",\"@id\":\"https:\/\/www.psib-psoe.org\/eivissa\/francina-armengol-culpa-al-pp-del-caos-i-la-inestabilitat-que-pateixen-les-balears-es-prohens-qui-va-deixar-entrar-vox-a-les-institucions\/\",\"url\":\"https:\/\/www.psib-psoe.org\/eivissa\/francina-armengol-culpa-al-pp-del-caos-i-la-inestabilitat-que-pateixen-les-balears-es-prohens-qui-va-deixar-entrar-vox-a-les-institucions\/\",\"name\":\"Francina Armengol culpa al PP del caos i la inestabilitat que pateixen les Balears: \u201c\u00e9s Prohens qui va deixar entrar Vox a les institucions\u201d - Federaci\u00f3 Socialista d&#039;Eivissa\",\"isPartOf\":{\"@id\":\"https:\/\/www.psib-psoe.org\/eivissa\/#website\"},\"primaryImageOfPage\":{\"@id\":\"https:\/\/www.psib-psoe.org\/eivissa\/francina-armengol-culpa-al-pp-del-caos-i-la-inestabilitat-que-pateixen-les-balears-es-prohens-qui-va-deixar-entrar-vox-a-les-institucions\/#primaryimage\"},\"image\":{\"@id\":\"https:\/\/www.psib-psoe.org\/eivissa\/francina-armengol-culpa-al-pp-del-caos-i-la-inestabilitat-que-pateixen-les-balears-es-prohens-qui-va-deixar-entrar-vox-a-les-institucions\/#primaryimage\"},\"thumbnailUrl\":\"https:\/\/www.psib-psoe.org\/eivissa\/wp-content\/uploads\/img_0972-1.jpg\",\"datePublished\":\"2024-12-15T18:07:05+00:00\",\"breadcrumb\":{\"@id\":\"https:\/\/www.psib-psoe.org\/eivissa\/francina-armengol-culpa-al-pp-del-caos-i-la-inestabilitat-que-pateixen-les-balears-es-prohens-qui-va-deixar-entrar-vox-a-les-institucions\/#breadcrumb\"},\"inLanguage\":\"ca\",\"potentialAction\":[{\"@type\":\"ReadAction\",\"target\":[\"https:\/\/www.psib-psoe.org\/eivissa\/francina-armengol-culpa-al-pp-del-caos-i-la-inestabilitat-que-pateixen-les-balears-es-prohens-qui-va-deixar-entrar-vox-a-les-institucions\/\"]}]},{\"@type\":\"ImageObject\",\"inLanguage\":\"ca\",\"@id\":\"https:\/\/www.psib-psoe.org\/eivissa\/francina-armengol-culpa-al-pp-del-caos-i-la-inestabilitat-que-pateixen-les-balears-es-prohens-qui-va-deixar-entrar-vox-a-les-institucions\/#primaryimage\",\"url\":\"https:\/\/www.psib-psoe.org\/eivissa\/wp-content\/uploads\/img_0972-1.jpg\",\"contentUrl\":\"https:\/\/www.psib-psoe.org\/eivissa\/wp-content\/uploads\/img_0972-1.jpg\",\"width\":2000,\"height\":1500},{\"@type\":\"BreadcrumbList\",\"@id\":\"https:\/\/www.psib-psoe.org\/eivissa\/francina-armengol-culpa-al-pp-del-caos-i-la-inestabilitat-que-pateixen-les-balears-es-prohens-qui-va-deixar-entrar-vox-a-les-institucions\/#breadcrumb\",\"itemListElement\":[{\"@type\":\"ListItem\",\"position\":1,\"name\":\"Inici\",\"item\":\"https:\/\/www.psib-psoe.org\/eivissa\/\"},{\"@type\":\"ListItem\",\"position\":2,\"name\":\"Francina Armengol culpa al PP del caos i la inestabilitat que pateixen les Balears: \u201c\u00e9s Prohens qui va deixar entrar Vox a les institucions\u201d\"}]},{\"@type\":\"WebSite\",\"@id\":\"https:\/\/www.psib-psoe.org\/eivissa\/#website\",\"url\":\"https:\/\/www.psib-psoe.org\/eivissa\/\",\"name\":\"Federaci\u00f3 Socialista d'Eivissa\",\"description\":\"Socialistes d&#039;Eivissa\",\"publisher\":{\"@id\":\"https:\/\/www.psib-psoe.org\/eivissa\/#organization\"},\"potentialAction\":[{\"@type\":\"SearchAction\",\"target\":{\"@type\":\"EntryPoint\",\"urlTemplate\":\"https:\/\/www.psib-psoe.org\/eivissa\/?s={search_term_string}\"},\"query-input\":{\"@type\":\"PropertyValueSpecification\",\"valueRequired\":true,\"valueName\":\"search_term_string\"}}],\"inLanguage\":\"ca\"},{\"@type\":\"Organization\",\"@id\":\"https:\/\/www.psib-psoe.org\/eivissa\/#organization\",\"name\":\"Federaci\u00f3 Socialista d'Eivissa\",\"url\":\"https:\/\/www.psib-psoe.org\/eivissa\/\",\"logo\":{\"@type\":\"ImageObject\",\"inLanguage\":\"ca\",\"@id\":\"https:\/\/www.psib-psoe.org\/eivissa\/#\/schema\/logo\/image\/\",\"url\":\"https:\/\/www.psib-psoe.org\/eivissa\/wp-content\/uploads\/LOGO-FSE-SOCIALISTA-DEIVISSA-HORI.png\",\"contentUrl\":\"https:\/\/www.psib-psoe.org\/eivissa\/wp-content\/uploads\/LOGO-FSE-SOCIALISTA-DEIVISSA-HORI.png\",\"width\":6000,\"height\":3104,\"caption\":\"Federaci\u00f3 Socialista d'Eivissa\"},\"image\":{\"@id\":\"https:\/\/www.psib-psoe.org\/eivissa\/#\/schema\/logo\/image\/\"}},{\"@type\":\"Person\",\"@id\":\"https:\/\/www.psib-psoe.org\/eivissa\/#\/schema\/person\/099ab3ef73a3645a1d7f303518e6ce24\",\"name\":\"adminpsib\",\"url\":\"https:\/\/www.psib-psoe.org\/eivissa\/author\/adminpsib\/\"}]}<\/script>\n<!-- \/ Yoast SEO plugin. -->","yoast_head_json":{"title":"Francina Armengol culpa al PP del caos i la inestabilitat que pateixen les Balears: \u201c\u00e9s Prohens qui va deixar entrar Vox a les institucions\u201d - Federaci\u00f3 Socialista d&#039;Eivissa","robots":{"index":"index","follow":"follow","max-snippet":"max-snippet:-1","max-image-preview":"max-image-preview:large","max-video-preview":"max-video-preview:-1"},"canonical":"https:\/\/www.psib-psoe.org\/eivissa\/francina-armengol-culpa-al-pp-del-caos-i-la-inestabilitat-que-pateixen-les-balears-es-prohens-qui-va-deixar-entrar-vox-a-les-institucions\/","og_locale":"ca_ES","og_type":"article","og_title":"Francina Armengol culpa al PP del caos i la inestabilitat que pateixen les Balears: \u201c\u00e9s Prohens qui va deixar entrar Vox a les institucions\u201d - Federaci\u00f3 Socialista d&#039;Eivissa","og_description":"Els Socialistes d\u2019Eivissa han celebrat avui el seu tradicional dinar de Nadal, en el qual la secret\u00e0ria general del PSIB-PSOE, Francina Armengol, i el secretari general insular, Vicent Rossell\u00f3, han retut juntament amb tots els i les assistents un emotiu homenatge a Josep Mar\u00ed Ribas \u2018Agustinet\u2019, qui deixa la pol\u00edtica activa.&nbsp; Durant la trobada, Armengol&hellip;","og_url":"https:\/\/www.psib-psoe.org\/eivissa\/francina-armengol-culpa-al-pp-del-caos-i-la-inestabilitat-que-pateixen-les-balears-es-prohens-qui-va-deixar-entrar-vox-a-les-institucions\/","og_site_name":"Federaci\u00f3 Socialista d&#039;Eivissa","article_published_time":"2024-12-15T18:07:05+00:00","og_image":[{"width":2000,"height":1500,"url":"https:\/\/www.psib-psoe.org\/eivissa\/wp-content\/uploads\/img_0972-1.jpg","type":"image\/jpeg"}],"author":"adminpsib","twitter_card":"summary_large_image","twitter_misc":{"Escrit per":"adminpsib","Temps estimat de lectura":"5 minuts"},"schema":{"@context":"https:\/\/schema.org","@graph":[{"@type":["Article","BlogPosting"],"@id":"https:\/\/www.psib-psoe.org\/eivissa\/francina-armengol-culpa-al-pp-del-caos-i-la-inestabilitat-que-pateixen-les-balears-es-prohens-qui-va-deixar-entrar-vox-a-les-institucions\/#article","isPartOf":{"@id":"https:\/\/www.psib-psoe.org\/eivissa\/francina-armengol-culpa-al-pp-del-caos-i-la-inestabilitat-que-pateixen-les-balears-es-prohens-qui-va-deixar-entrar-vox-a-les-institucions\/"},"author":{"name":"adminpsib","@id":"https:\/\/www.psib-psoe.org\/eivissa\/#\/schema\/person\/099ab3ef73a3645a1d7f303518e6ce24"},"headline":"Francina Armengol culpa al PP del caos i la inestabilitat que pateixen les Balears: \u201c\u00e9s Prohens qui va deixar entrar Vox a les institucions\u201d","datePublished":"2024-12-15T18:07:05+00:00","mainEntityOfPage":{"@id":"https:\/\/www.psib-psoe.org\/eivissa\/francina-armengol-culpa-al-pp-del-caos-i-la-inestabilitat-que-pateixen-les-balears-es-prohens-qui-va-deixar-entrar-vox-a-les-institucions\/"},"wordCount":1006,"publisher":{"@id":"https:\/\/www.psib-psoe.org\/eivissa\/#organization"},"image":{"@id":"https:\/\/www.psib-psoe.org\/eivissa\/francina-armengol-culpa-al-pp-del-caos-i-la-inestabilitat-que-pateixen-les-balears-es-prohens-qui-va-deixar-entrar-vox-a-les-institucions\/#primaryimage"},"thumbnailUrl":"https:\/\/www.psib-psoe.org\/eivissa\/wp-content\/uploads\/img_0972-1.jpg","articleSection":["Federaci\u00f3 d'Eivissa - Portada","FSE-PSOE","Govern de les Illes Balears - Parlament - PSIB-PSOE"],"inLanguage":"ca"},{"@type":"WebPage","@id":"https:\/\/www.psib-psoe.org\/eivissa\/francina-armengol-culpa-al-pp-del-caos-i-la-inestabilitat-que-pateixen-les-balears-es-prohens-qui-va-deixar-entrar-vox-a-les-institucions\/","url":"https:\/\/www.psib-psoe.org\/eivissa\/francina-armengol-culpa-al-pp-del-caos-i-la-inestabilitat-que-pateixen-les-balears-es-prohens-qui-va-deixar-entrar-vox-a-les-institucions\/","name":"Francina Armengol culpa al PP del caos i la inestabilitat que pateixen les Balears: \u201c\u00e9s Prohens qui va deixar entrar Vox a les institucions\u201d - Federaci\u00f3 Socialista d&#039;Eivissa","isPartOf":{"@id":"https:\/\/www.psib-psoe.org\/eivissa\/#website"},"primaryImageOfPage":{"@id":"https:\/\/www.psib-psoe.org\/eivissa\/francina-armengol-culpa-al-pp-del-caos-i-la-inestabilitat-que-pateixen-les-balears-es-prohens-qui-va-deixar-entrar-vox-a-les-institucions\/#primaryimage"},"image":{"@id":"https:\/\/www.psib-psoe.org\/eivissa\/francina-armengol-culpa-al-pp-del-caos-i-la-inestabilitat-que-pateixen-les-balears-es-prohens-qui-va-deixar-entrar-vox-a-les-institucions\/#primaryimage"},"thumbnailUrl":"https:\/\/www.psib-psoe.org\/eivissa\/wp-content\/uploads\/img_0972-1.jpg","datePublished":"2024-12-15T18:07:05+00:00","breadcrumb":{"@id":"https:\/\/www.psib-psoe.org\/eivissa\/francina-armengol-culpa-al-pp-del-caos-i-la-inestabilitat-que-pateixen-les-balears-es-prohens-qui-va-deixar-entrar-vox-a-les-institucions\/#breadcrumb"},"inLanguage":"ca","potentialAction":[{"@type":"ReadAction","target":["https:\/\/www.psib-psoe.org\/eivissa\/francina-armengol-culpa-al-pp-del-caos-i-la-inestabilitat-que-pateixen-les-balears-es-prohens-qui-va-deixar-entrar-vox-a-les-institucions\/"]}]},{"@type":"ImageObject","inLanguage":"ca","@id":"https:\/\/www.psib-psoe.org\/eivissa\/francina-armengol-culpa-al-pp-del-caos-i-la-inestabilitat-que-pateixen-les-balears-es-prohens-qui-va-deixar-entrar-vox-a-les-institucions\/#primaryimage","url":"https:\/\/www.psib-psoe.org\/eivissa\/wp-content\/uploads\/img_0972-1.jpg","contentUrl":"https:\/\/www.psib-psoe.org\/eivissa\/wp-content\/uploads\/img_0972-1.jpg","width":2000,"height":1500},{"@type":"BreadcrumbList","@id":"https:\/\/www.psib-psoe.org\/eivissa\/francina-armengol-culpa-al-pp-del-caos-i-la-inestabilitat-que-pateixen-les-balears-es-prohens-qui-va-deixar-entrar-vox-a-les-institucions\/#breadcrumb","itemListElement":[{"@type":"ListItem","position":1,"name":"Inici","item":"https:\/\/www.psib-psoe.org\/eivissa\/"},{"@type":"ListItem","position":2,"name":"Francina Armengol culpa al PP del caos i la inestabilitat que pateixen les Balears: \u201c\u00e9s Prohens qui va deixar entrar Vox a les institucions\u201d"}]},{"@type":"WebSite","@id":"https:\/\/www.psib-psoe.org\/eivissa\/#website","url":"https:\/\/www.psib-psoe.org\/eivissa\/","name":"Federaci\u00f3 Socialista d'Eivissa","description":"Socialistes d&#039;Eivissa","publisher":{"@id":"https:\/\/www.psib-psoe.org\/eivissa\/#organization"},"potentialAction":[{"@type":"SearchAction","target":{"@type":"EntryPoint","urlTemplate":"https:\/\/www.psib-psoe.org\/eivissa\/?s={search_term_string}"},"query-input":{"@type":"PropertyValueSpecification","valueRequired":true,"valueName":"search_term_string"}}],"inLanguage":"ca"},{"@type":"Organization","@id":"https:\/\/www.psib-psoe.org\/eivissa\/#organization","name":"Federaci\u00f3 Socialista d'Eivissa","url":"https:\/\/www.psib-psoe.org\/eivissa\/","logo":{"@type":"ImageObject","inLanguage":"ca","@id":"https:\/\/www.psib-psoe.org\/eivissa\/#\/schema\/logo\/image\/","url":"https:\/\/www.psib-psoe.org\/eivissa\/wp-content\/uploads\/LOGO-FSE-SOCIALISTA-DEIVISSA-HORI.png","contentUrl":"https:\/\/www.psib-psoe.org\/eivissa\/wp-content\/uploads\/LOGO-FSE-SOCIALISTA-DEIVISSA-HORI.png","width":6000,"height":3104,"caption":"Federaci\u00f3 Socialista d'Eivissa"},"image":{"@id":"https:\/\/www.psib-psoe.org\/eivissa\/#\/schema\/logo\/image\/"}},{"@type":"Person","@id":"https:\/\/www.psib-psoe.org\/eivissa\/#\/schema\/person\/099ab3ef73a3645a1d7f303518e6ce24","name":"adminpsib","url":"https:\/\/www.psib-psoe.org\/eivissa\/author\/adminpsib\/"}]}},"_links":{"self":[{"href":"https:\/\/www.psib-psoe.org\/eivissa\/wp-json\/wp\/v2\/posts\/40157","targetHints":{"allow":["GET"]}}],"collection":[{"href":"https:\/\/www.psib-psoe.org\/eivissa\/wp-json\/wp\/v2\/posts"}],"about":[{"href":"https:\/\/www.psib-psoe.org\/eivissa\/wp-json\/wp\/v2\/types\/post"}],"author":[{"embeddable":true,"href":"https:\/\/www.psib-psoe.org\/eivissa\/wp-json\/wp\/v2\/users\/1"}],"replies":[{"embeddable":true,"href":"https:\/\/www.psib-psoe.org\/eivissa\/wp-json\/wp\/v2\/comments?post=40157"}],"version-history":[{"count":1,"href":"https:\/\/www.psib-psoe.org\/eivissa\/wp-json\/wp\/v2\/posts\/40157\/revisions"}],"predecessor-version":[{"id":40158,"href":"https:\/\/www.psib-psoe.org\/eivissa\/wp-json\/wp\/v2\/posts\/40157\/revisions\/40158"}],"wp:featuredmedia":[{"embeddable":true,"href":"https:\/\/www.psib-psoe.org\/eivissa\/wp-json\/wp\/v2\/media\/40156"}],"wp:attachment":[{"href":"https:\/\/www.psib-psoe.org\/eivissa\/wp-json\/wp\/v2\/media?parent=40157"}],"wp:term":[{"taxonomy":"category","embeddable":true,"href":"https:\/\/www.psib-psoe.org\/eivissa\/wp-json\/wp\/v2\/categories?post=40157"},{"taxonomy":"post_tag","embeddable":true,"href":"https:\/\/www.psib-psoe.org\/eivissa\/wp-json\/wp\/v2\/tags?post=40157"}],"curies":[{"name":"wp","href":"https:\/\/api.w.org\/{rel}","templated":true}]}}