{"id":40183,"date":"2024-12-30T12:41:56","date_gmt":"2024-12-30T10:41:56","guid":{"rendered":"https:\/\/www.psib-psoe.org\/eivissa\/?p=40183"},"modified":"2024-12-30T12:41:56","modified_gmt":"2024-12-30T10:41:56","slug":"22-000-pensionistas-de-eivissa-y-formentera-ven-revalorizada-su-pension-un-28-a-partir-de-enero-milena-herrera-destaca-el-cumplimiento-un-ano-mas-del-compromiso-del-gobierno-de-subir-las","status":"publish","type":"post","link":"https:\/\/www.psib-psoe.org\/eivissa\/22-000-pensionistas-de-eivissa-y-formentera-ven-revalorizada-su-pension-un-28-a-partir-de-enero-milena-herrera-destaca-el-cumplimiento-un-ano-mas-del-compromiso-del-gobierno-de-subir-las\/","title":{"rendered":"22.000 pensionistas de Eivissa y Formentera ven revalorizada su pensi\u00f3n un 2,8% a partir de enero. Milena Herrera destaca \u201cel cumplimiento, un a\u00f1o m\u00e1s, del compromiso del Gobierno de subir las pensiones de acuerdo con el IPC\u201d."},"content":{"rendered":"<p>Un total de 21.915 pensionistas de Eivissa y Formentera ver\u00e1n revalorizada su pensi\u00f3n a partir del 1 de enero. El Gobierno de Pedro S\u00e1nchez aplicar\u00e1 un incremento del 2,8% de las pensiones del sistema de Seguridad Social y de Clases Pasivas del Estado. Por municipios, Eivissa tiene un n\u00famero de pensionistas de 7.749, mientras que la pensi\u00f3n media queda situada en 1.236,32 euros al mes. En Santa Eul\u00e0ria des Riu, 4.854 pensionistas con una pensi\u00f3n media de 1.078,47 euros al mes. En Sant Josep de sa Talaia, 3.374 pensionistas y una pensi\u00f3n media de 1.144,00 euros al mes. En Sant Antoni de Portmany, un n\u00famero de pensionistas de 3.957 y la pensi\u00f3n media queda en 1.043,50 euros al mes. Y en Sant Joan de Labritja, 869 pensionistas y 949,30 euros al mes de pensi\u00f3n media. En Formentera, los datos son 1.112 pensionistas y una pensi\u00f3n media de 975,13 euros al mes.<\/p>\n<p>La diputada ibicenca del PSOE en el Congreso de los Diputados, Milena Herrera, ha destacado el \u201ccumplimiento del compromiso del Gobierno, un a\u00f1o m\u00e1s, de incrementar las pensiones de acuerdo al IPC, para que los pensionistas de nuestro pa\u00eds no pierdan poder adquisitivo\u201d. El incremento se debe a la aplicaci\u00f3n de la Ley 20\/2021, de garant\u00eda del poder adquisitivo de las pensiones, aprobada en 2021 por el Gobierno de Pedro S\u00e1nchez y acordada con los interlocutores sociales.<\/p>\n<p>&#8220;Con la Ley anterior del Gobierno del PP, una pensi\u00f3n de 1.090 euros habr\u00eda incrementado solo 19 euros mensuales en siete a\u00f1os, de 2018 a 2025. Sin embargo, gracias a este Gobierno, que ha asegurado por ley la revalorizaci\u00f3n de las pensiones acorde al aumento del coste de la vida, esa misma pensi\u00f3n ha subido 270 euros al mes, lo que supone 4.000 euros m\u00e1s al a\u00f1o&#8221;, ha explicado Milena Herrera.<\/p>\n<p>Adem\u00e1s, seg\u00fan ha informado la diputada ibicenca, el Gobierno tambi\u00e9n ha aprobado el aumento de las pensiones m\u00ednimas, las no contributivas (PNC) y el Ingreso M\u00ednimo Vital (IMV), siguiendo lo establecido en el Real Decreto-ley 2\/2023 y en cumplimiento de la recomendaci\u00f3n 15\u00aa del Pacto de Toledo. Las pensiones m\u00ednimas experimentan un incremento aproximado del 6%. Sin embargo, este porcentaje ser\u00e1 superior en casos espec\u00edficos, como las pensiones con c\u00f3nyuge a cargo y las de viudedad con cargas familiares, que crecer\u00e1n un 9,1%. Las pensiones no contributivas y el IMV tambi\u00e9n aumentan un 9%.<\/p>\n<p>Por otro lado, las pensiones SOVI (Seguro Obligatorio de Vejez e Invalidez) subir\u00e1n un 6% en 2025, situ\u00e1ndose en 560 euros mensuales para las no concurrentes y en 543,60 euros para las concurrentes.<\/p>\n<p>La pensi\u00f3n m\u00ednima de jubilaci\u00f3n para personas que viven solas ser\u00e1 de 12.241,6 euros anuales, frente a los 11.552,8 euros de 2024. Para quienes tengan c\u00f3nyuge a cargo, la cuant\u00eda ser\u00e1 de 15.786,4 euros al a\u00f1o, frente a los 14.466,2 euros del a\u00f1o anterior.<\/p>\n<p>Adem\u00e1s, la asignaci\u00f3n por hijo o menor con discapacidad reconocida del 65% o m\u00e1s ser\u00e1 de 5.805,6 euros anuales en 2025. Para discapacidades iguales o superiores al 75%, esta cantidad ascender\u00e1 a 8.707,2 euros anuales, lo que representa un aumento del 2,8% respecto al a\u00f1o anterior.<\/p>\n","protected":false},"excerpt":{"rendered":"<p>Un total de 21.915 pensionistas de Eivissa y Formentera ver\u00e1n revalorizada su pensi\u00f3n a partir del 1 de enero. El Gobierno de Pedro S\u00e1nchez aplicar\u00e1 un incremento del 2,8% de las pensiones del sistema de Seguridad Social y de Clases Pasivas del Estado. Por municipios, Eivissa tiene un n\u00famero de pensionistas de 7.749, mientras que&hellip;<\/p>\n","protected":false},"author":1,"featured_media":39980,"comment_status":"closed","ping_status":"closed","sticky":false,"template":"","format":"standard","meta":{"footnotes":""},"categories":[1,190],"tags":[],"class_list":["post-40183","post","type-post","status-publish","format-standard","has-post-thumbnail","hentry","category-federacio-de-eivissa-portada","category-govern-despanya-congres-senat"],"yoast_head":"<!-- This site is optimized with the Yoast SEO plugin v26.9 - https:\/\/yoast.com\/product\/yoast-seo-wordpress\/ -->\n<title>22.000 pensionistas de Eivissa y Formentera ven revalorizada su pensi\u00f3n un 2,8% a partir de enero. Milena Herrera destaca \u201cel cumplimiento, un a\u00f1o m\u00e1s, del compromiso del Gobierno de subir las pensiones de acuerdo con el IPC\u201d. - Federaci\u00f3 Socialista d&#039;Eivissa<\/title>\n<meta name=\"robots\" content=\"index, follow, max-snippet:-1, max-image-preview:large, max-video-preview:-1\" \/>\n<link rel=\"canonical\" href=\"https:\/\/www.psib-psoe.org\/eivissa\/22-000-pensionistas-de-eivissa-y-formentera-ven-revalorizada-su-pension-un-28-a-partir-de-enero-milena-herrera-destaca-el-cumplimiento-un-ano-mas-del-compromiso-del-gobierno-de-subir-las\/\" \/>\n<meta property=\"og:locale\" content=\"ca_ES\" \/>\n<meta property=\"og:type\" content=\"article\" \/>\n<meta property=\"og:title\" content=\"22.000 pensionistas de Eivissa y Formentera ven revalorizada su pensi\u00f3n un 2,8% a partir de enero. Milena Herrera destaca \u201cel cumplimiento, un a\u00f1o m\u00e1s, del compromiso del Gobierno de subir las pensiones de acuerdo con el IPC\u201d. - Federaci\u00f3 Socialista d&#039;Eivissa\" \/>\n<meta property=\"og:description\" content=\"Un total de 21.915 pensionistas de Eivissa y Formentera ver\u00e1n revalorizada su pensi\u00f3n a partir del 1 de enero. El Gobierno de Pedro S\u00e1nchez aplicar\u00e1 un incremento del 2,8% de las pensiones del sistema de Seguridad Social y de Clases Pasivas del Estado. Por municipios, Eivissa tiene un n\u00famero de pensionistas de 7.749, mientras que&hellip;\" \/>\n<meta property=\"og:url\" content=\"https:\/\/www.psib-psoe.org\/eivissa\/22-000-pensionistas-de-eivissa-y-formentera-ven-revalorizada-su-pension-un-28-a-partir-de-enero-milena-herrera-destaca-el-cumplimiento-un-ano-mas-del-compromiso-del-gobierno-de-subir-las\/\" \/>\n<meta property=\"og:site_name\" content=\"Federaci\u00f3 Socialista d&#039;Eivissa\" \/>\n<meta property=\"article:published_time\" content=\"2024-12-30T10:41:56+00:00\" \/>\n<meta property=\"og:image\" content=\"https:\/\/www.psib-psoe.org\/eivissa\/wp-content\/uploads\/milena-herrera-congreso-15-octubre-2024.jpg\" \/>\n\t<meta property=\"og:image:width\" content=\"799\" \/>\n\t<meta property=\"og:image:height\" content=\"533\" \/>\n\t<meta property=\"og:image:type\" content=\"image\/jpeg\" \/>\n<meta name=\"author\" content=\"adminpsib\" \/>\n<meta name=\"twitter:card\" content=\"summary_large_image\" \/>\n<meta name=\"twitter:label1\" content=\"Escrit per\" \/>\n\t<meta name=\"twitter:data1\" content=\"adminpsib\" \/>\n\t<meta name=\"twitter:label2\" content=\"Temps estimat de lectura\" \/>\n\t<meta name=\"twitter:data2\" content=\"3 minuts\" \/>\n<script type=\"application\/ld+json\" class=\"yoast-schema-graph\">{\"@context\":\"https:\/\/schema.org\",\"@graph\":[{\"@type\":[\"Article\",\"BlogPosting\"],\"@id\":\"https:\/\/www.psib-psoe.org\/eivissa\/22-000-pensionistas-de-eivissa-y-formentera-ven-revalorizada-su-pension-un-28-a-partir-de-enero-milena-herrera-destaca-el-cumplimiento-un-ano-mas-del-compromiso-del-gobierno-de-subir-las\/#article\",\"isPartOf\":{\"@id\":\"https:\/\/www.psib-psoe.org\/eivissa\/22-000-pensionistas-de-eivissa-y-formentera-ven-revalorizada-su-pension-un-28-a-partir-de-enero-milena-herrera-destaca-el-cumplimiento-un-ano-mas-del-compromiso-del-gobierno-de-subir-las\/\"},\"author\":{\"name\":\"adminpsib\",\"@id\":\"https:\/\/www.psib-psoe.org\/eivissa\/#\/schema\/person\/099ab3ef73a3645a1d7f303518e6ce24\"},\"headline\":\"22.000 pensionistas de Eivissa y Formentera ven revalorizada su pensi\u00f3n un 2,8% a partir de enero. Milena Herrera destaca \u201cel cumplimiento, un a\u00f1o m\u00e1s, del compromiso del Gobierno de subir las pensiones de acuerdo con el IPC\u201d.\",\"datePublished\":\"2024-12-30T10:41:56+00:00\",\"mainEntityOfPage\":{\"@id\":\"https:\/\/www.psib-psoe.org\/eivissa\/22-000-pensionistas-de-eivissa-y-formentera-ven-revalorizada-su-pension-un-28-a-partir-de-enero-milena-herrera-destaca-el-cumplimiento-un-ano-mas-del-compromiso-del-gobierno-de-subir-las\/\"},\"wordCount\":560,\"publisher\":{\"@id\":\"https:\/\/www.psib-psoe.org\/eivissa\/#organization\"},\"image\":{\"@id\":\"https:\/\/www.psib-psoe.org\/eivissa\/22-000-pensionistas-de-eivissa-y-formentera-ven-revalorizada-su-pension-un-28-a-partir-de-enero-milena-herrera-destaca-el-cumplimiento-un-ano-mas-del-compromiso-del-gobierno-de-subir-las\/#primaryimage\"},\"thumbnailUrl\":\"https:\/\/www.psib-psoe.org\/eivissa\/wp-content\/uploads\/milena-herrera-congreso-15-octubre-2024.jpg\",\"articleSection\":[\"Federaci\u00f3 d'Eivissa - Portada\",\"Govern d'Espanya - Congr\u00e9s - Senat - PSOE Federal\"],\"inLanguage\":\"ca\"},{\"@type\":\"WebPage\",\"@id\":\"https:\/\/www.psib-psoe.org\/eivissa\/22-000-pensionistas-de-eivissa-y-formentera-ven-revalorizada-su-pension-un-28-a-partir-de-enero-milena-herrera-destaca-el-cumplimiento-un-ano-mas-del-compromiso-del-gobierno-de-subir-las\/\",\"url\":\"https:\/\/www.psib-psoe.org\/eivissa\/22-000-pensionistas-de-eivissa-y-formentera-ven-revalorizada-su-pension-un-28-a-partir-de-enero-milena-herrera-destaca-el-cumplimiento-un-ano-mas-del-compromiso-del-gobierno-de-subir-las\/\",\"name\":\"22.000 pensionistas de Eivissa y Formentera ven revalorizada su pensi\u00f3n un 2,8% a partir de enero. Milena Herrera destaca \u201cel cumplimiento, un a\u00f1o m\u00e1s, del compromiso del Gobierno de subir las pensiones de acuerdo con el IPC\u201d. - Federaci\u00f3 Socialista d&#039;Eivissa\",\"isPartOf\":{\"@id\":\"https:\/\/www.psib-psoe.org\/eivissa\/#website\"},\"primaryImageOfPage\":{\"@id\":\"https:\/\/www.psib-psoe.org\/eivissa\/22-000-pensionistas-de-eivissa-y-formentera-ven-revalorizada-su-pension-un-28-a-partir-de-enero-milena-herrera-destaca-el-cumplimiento-un-ano-mas-del-compromiso-del-gobierno-de-subir-las\/#primaryimage\"},\"image\":{\"@id\":\"https:\/\/www.psib-psoe.org\/eivissa\/22-000-pensionistas-de-eivissa-y-formentera-ven-revalorizada-su-pension-un-28-a-partir-de-enero-milena-herrera-destaca-el-cumplimiento-un-ano-mas-del-compromiso-del-gobierno-de-subir-las\/#primaryimage\"},\"thumbnailUrl\":\"https:\/\/www.psib-psoe.org\/eivissa\/wp-content\/uploads\/milena-herrera-congreso-15-octubre-2024.jpg\",\"datePublished\":\"2024-12-30T10:41:56+00:00\",\"breadcrumb\":{\"@id\":\"https:\/\/www.psib-psoe.org\/eivissa\/22-000-pensionistas-de-eivissa-y-formentera-ven-revalorizada-su-pension-un-28-a-partir-de-enero-milena-herrera-destaca-el-cumplimiento-un-ano-mas-del-compromiso-del-gobierno-de-subir-las\/#breadcrumb\"},\"inLanguage\":\"ca\",\"potentialAction\":[{\"@type\":\"ReadAction\",\"target\":[\"https:\/\/www.psib-psoe.org\/eivissa\/22-000-pensionistas-de-eivissa-y-formentera-ven-revalorizada-su-pension-un-28-a-partir-de-enero-milena-herrera-destaca-el-cumplimiento-un-ano-mas-del-compromiso-del-gobierno-de-subir-las\/\"]}]},{\"@type\":\"ImageObject\",\"inLanguage\":\"ca\",\"@id\":\"https:\/\/www.psib-psoe.org\/eivissa\/22-000-pensionistas-de-eivissa-y-formentera-ven-revalorizada-su-pension-un-28-a-partir-de-enero-milena-herrera-destaca-el-cumplimiento-un-ano-mas-del-compromiso-del-gobierno-de-subir-las\/#primaryimage\",\"url\":\"https:\/\/www.psib-psoe.org\/eivissa\/wp-content\/uploads\/milena-herrera-congreso-15-octubre-2024.jpg\",\"contentUrl\":\"https:\/\/www.psib-psoe.org\/eivissa\/wp-content\/uploads\/milena-herrera-congreso-15-octubre-2024.jpg\",\"width\":799,\"height\":533},{\"@type\":\"BreadcrumbList\",\"@id\":\"https:\/\/www.psib-psoe.org\/eivissa\/22-000-pensionistas-de-eivissa-y-formentera-ven-revalorizada-su-pension-un-28-a-partir-de-enero-milena-herrera-destaca-el-cumplimiento-un-ano-mas-del-compromiso-del-gobierno-de-subir-las\/#breadcrumb\",\"itemListElement\":[{\"@type\":\"ListItem\",\"position\":1,\"name\":\"Inici\",\"item\":\"https:\/\/www.psib-psoe.org\/eivissa\/\"},{\"@type\":\"ListItem\",\"position\":2,\"name\":\"22.000 pensionistas de Eivissa y Formentera ven revalorizada su pensi\u00f3n un 2,8% a partir de enero. Milena Herrera destaca \u201cel cumplimiento, un a\u00f1o m\u00e1s, del compromiso del Gobierno de subir las pensiones de acuerdo con el IPC\u201d.\"}]},{\"@type\":\"WebSite\",\"@id\":\"https:\/\/www.psib-psoe.org\/eivissa\/#website\",\"url\":\"https:\/\/www.psib-psoe.org\/eivissa\/\",\"name\":\"Federaci\u00f3 Socialista d'Eivissa\",\"description\":\"Socialistes d&#039;Eivissa\",\"publisher\":{\"@id\":\"https:\/\/www.psib-psoe.org\/eivissa\/#organization\"},\"potentialAction\":[{\"@type\":\"SearchAction\",\"target\":{\"@type\":\"EntryPoint\",\"urlTemplate\":\"https:\/\/www.psib-psoe.org\/eivissa\/?s={search_term_string}\"},\"query-input\":{\"@type\":\"PropertyValueSpecification\",\"valueRequired\":true,\"valueName\":\"search_term_string\"}}],\"inLanguage\":\"ca\"},{\"@type\":\"Organization\",\"@id\":\"https:\/\/www.psib-psoe.org\/eivissa\/#organization\",\"name\":\"Federaci\u00f3 Socialista d'Eivissa\",\"url\":\"https:\/\/www.psib-psoe.org\/eivissa\/\",\"logo\":{\"@type\":\"ImageObject\",\"inLanguage\":\"ca\",\"@id\":\"https:\/\/www.psib-psoe.org\/eivissa\/#\/schema\/logo\/image\/\",\"url\":\"https:\/\/www.psib-psoe.org\/eivissa\/wp-content\/uploads\/LOGO-FSE-SOCIALISTA-DEIVISSA-HORI.png\",\"contentUrl\":\"https:\/\/www.psib-psoe.org\/eivissa\/wp-content\/uploads\/LOGO-FSE-SOCIALISTA-DEIVISSA-HORI.png\",\"width\":6000,\"height\":3104,\"caption\":\"Federaci\u00f3 Socialista d'Eivissa\"},\"image\":{\"@id\":\"https:\/\/www.psib-psoe.org\/eivissa\/#\/schema\/logo\/image\/\"}},{\"@type\":\"Person\",\"@id\":\"https:\/\/www.psib-psoe.org\/eivissa\/#\/schema\/person\/099ab3ef73a3645a1d7f303518e6ce24\",\"name\":\"adminpsib\",\"url\":\"https:\/\/www.psib-psoe.org\/eivissa\/author\/adminpsib\/\"}]}<\/script>\n<!-- \/ Yoast SEO plugin. -->","yoast_head_json":{"title":"22.000 pensionistas de Eivissa y Formentera ven revalorizada su pensi\u00f3n un 2,8% a partir de enero. Milena Herrera destaca \u201cel cumplimiento, un a\u00f1o m\u00e1s, del compromiso del Gobierno de subir las pensiones de acuerdo con el IPC\u201d. - Federaci\u00f3 Socialista d&#039;Eivissa","robots":{"index":"index","follow":"follow","max-snippet":"max-snippet:-1","max-image-preview":"max-image-preview:large","max-video-preview":"max-video-preview:-1"},"canonical":"https:\/\/www.psib-psoe.org\/eivissa\/22-000-pensionistas-de-eivissa-y-formentera-ven-revalorizada-su-pension-un-28-a-partir-de-enero-milena-herrera-destaca-el-cumplimiento-un-ano-mas-del-compromiso-del-gobierno-de-subir-las\/","og_locale":"ca_ES","og_type":"article","og_title":"22.000 pensionistas de Eivissa y Formentera ven revalorizada su pensi\u00f3n un 2,8% a partir de enero. Milena Herrera destaca \u201cel cumplimiento, un a\u00f1o m\u00e1s, del compromiso del Gobierno de subir las pensiones de acuerdo con el IPC\u201d. - Federaci\u00f3 Socialista d&#039;Eivissa","og_description":"Un total de 21.915 pensionistas de Eivissa y Formentera ver\u00e1n revalorizada su pensi\u00f3n a partir del 1 de enero. El Gobierno de Pedro S\u00e1nchez aplicar\u00e1 un incremento del 2,8% de las pensiones del sistema de Seguridad Social y de Clases Pasivas del Estado. Por municipios, Eivissa tiene un n\u00famero de pensionistas de 7.749, mientras que&hellip;","og_url":"https:\/\/www.psib-psoe.org\/eivissa\/22-000-pensionistas-de-eivissa-y-formentera-ven-revalorizada-su-pension-un-28-a-partir-de-enero-milena-herrera-destaca-el-cumplimiento-un-ano-mas-del-compromiso-del-gobierno-de-subir-las\/","og_site_name":"Federaci\u00f3 Socialista d&#039;Eivissa","article_published_time":"2024-12-30T10:41:56+00:00","og_image":[{"width":799,"height":533,"url":"https:\/\/www.psib-psoe.org\/eivissa\/wp-content\/uploads\/milena-herrera-congreso-15-octubre-2024.jpg","type":"image\/jpeg"}],"author":"adminpsib","twitter_card":"summary_large_image","twitter_misc":{"Escrit per":"adminpsib","Temps estimat de lectura":"3 minuts"},"schema":{"@context":"https:\/\/schema.org","@graph":[{"@type":["Article","BlogPosting"],"@id":"https:\/\/www.psib-psoe.org\/eivissa\/22-000-pensionistas-de-eivissa-y-formentera-ven-revalorizada-su-pension-un-28-a-partir-de-enero-milena-herrera-destaca-el-cumplimiento-un-ano-mas-del-compromiso-del-gobierno-de-subir-las\/#article","isPartOf":{"@id":"https:\/\/www.psib-psoe.org\/eivissa\/22-000-pensionistas-de-eivissa-y-formentera-ven-revalorizada-su-pension-un-28-a-partir-de-enero-milena-herrera-destaca-el-cumplimiento-un-ano-mas-del-compromiso-del-gobierno-de-subir-las\/"},"author":{"name":"adminpsib","@id":"https:\/\/www.psib-psoe.org\/eivissa\/#\/schema\/person\/099ab3ef73a3645a1d7f303518e6ce24"},"headline":"22.000 pensionistas de Eivissa y Formentera ven revalorizada su pensi\u00f3n un 2,8% a partir de enero. Milena Herrera destaca \u201cel cumplimiento, un a\u00f1o m\u00e1s, del compromiso del Gobierno de subir las pensiones de acuerdo con el IPC\u201d.","datePublished":"2024-12-30T10:41:56+00:00","mainEntityOfPage":{"@id":"https:\/\/www.psib-psoe.org\/eivissa\/22-000-pensionistas-de-eivissa-y-formentera-ven-revalorizada-su-pension-un-28-a-partir-de-enero-milena-herrera-destaca-el-cumplimiento-un-ano-mas-del-compromiso-del-gobierno-de-subir-las\/"},"wordCount":560,"publisher":{"@id":"https:\/\/www.psib-psoe.org\/eivissa\/#organization"},"image":{"@id":"https:\/\/www.psib-psoe.org\/eivissa\/22-000-pensionistas-de-eivissa-y-formentera-ven-revalorizada-su-pension-un-28-a-partir-de-enero-milena-herrera-destaca-el-cumplimiento-un-ano-mas-del-compromiso-del-gobierno-de-subir-las\/#primaryimage"},"thumbnailUrl":"https:\/\/www.psib-psoe.org\/eivissa\/wp-content\/uploads\/milena-herrera-congreso-15-octubre-2024.jpg","articleSection":["Federaci\u00f3 d'Eivissa - Portada","Govern d'Espanya - Congr\u00e9s - Senat - PSOE Federal"],"inLanguage":"ca"},{"@type":"WebPage","@id":"https:\/\/www.psib-psoe.org\/eivissa\/22-000-pensionistas-de-eivissa-y-formentera-ven-revalorizada-su-pension-un-28-a-partir-de-enero-milena-herrera-destaca-el-cumplimiento-un-ano-mas-del-compromiso-del-gobierno-de-subir-las\/","url":"https:\/\/www.psib-psoe.org\/eivissa\/22-000-pensionistas-de-eivissa-y-formentera-ven-revalorizada-su-pension-un-28-a-partir-de-enero-milena-herrera-destaca-el-cumplimiento-un-ano-mas-del-compromiso-del-gobierno-de-subir-las\/","name":"22.000 pensionistas de Eivissa y Formentera ven revalorizada su pensi\u00f3n un 2,8% a partir de enero. Milena Herrera destaca \u201cel cumplimiento, un a\u00f1o m\u00e1s, del compromiso del Gobierno de subir las pensiones de acuerdo con el IPC\u201d. - Federaci\u00f3 Socialista d&#039;Eivissa","isPartOf":{"@id":"https:\/\/www.psib-psoe.org\/eivissa\/#website"},"primaryImageOfPage":{"@id":"https:\/\/www.psib-psoe.org\/eivissa\/22-000-pensionistas-de-eivissa-y-formentera-ven-revalorizada-su-pension-un-28-a-partir-de-enero-milena-herrera-destaca-el-cumplimiento-un-ano-mas-del-compromiso-del-gobierno-de-subir-las\/#primaryimage"},"image":{"@id":"https:\/\/www.psib-psoe.org\/eivissa\/22-000-pensionistas-de-eivissa-y-formentera-ven-revalorizada-su-pension-un-28-a-partir-de-enero-milena-herrera-destaca-el-cumplimiento-un-ano-mas-del-compromiso-del-gobierno-de-subir-las\/#primaryimage"},"thumbnailUrl":"https:\/\/www.psib-psoe.org\/eivissa\/wp-content\/uploads\/milena-herrera-congreso-15-octubre-2024.jpg","datePublished":"2024-12-30T10:41:56+00:00","breadcrumb":{"@id":"https:\/\/www.psib-psoe.org\/eivissa\/22-000-pensionistas-de-eivissa-y-formentera-ven-revalorizada-su-pension-un-28-a-partir-de-enero-milena-herrera-destaca-el-cumplimiento-un-ano-mas-del-compromiso-del-gobierno-de-subir-las\/#breadcrumb"},"inLanguage":"ca","potentialAction":[{"@type":"ReadAction","target":["https:\/\/www.psib-psoe.org\/eivissa\/22-000-pensionistas-de-eivissa-y-formentera-ven-revalorizada-su-pension-un-28-a-partir-de-enero-milena-herrera-destaca-el-cumplimiento-un-ano-mas-del-compromiso-del-gobierno-de-subir-las\/"]}]},{"@type":"ImageObject","inLanguage":"ca","@id":"https:\/\/www.psib-psoe.org\/eivissa\/22-000-pensionistas-de-eivissa-y-formentera-ven-revalorizada-su-pension-un-28-a-partir-de-enero-milena-herrera-destaca-el-cumplimiento-un-ano-mas-del-compromiso-del-gobierno-de-subir-las\/#primaryimage","url":"https:\/\/www.psib-psoe.org\/eivissa\/wp-content\/uploads\/milena-herrera-congreso-15-octubre-2024.jpg","contentUrl":"https:\/\/www.psib-psoe.org\/eivissa\/wp-content\/uploads\/milena-herrera-congreso-15-octubre-2024.jpg","width":799,"height":533},{"@type":"BreadcrumbList","@id":"https:\/\/www.psib-psoe.org\/eivissa\/22-000-pensionistas-de-eivissa-y-formentera-ven-revalorizada-su-pension-un-28-a-partir-de-enero-milena-herrera-destaca-el-cumplimiento-un-ano-mas-del-compromiso-del-gobierno-de-subir-las\/#breadcrumb","itemListElement":[{"@type":"ListItem","position":1,"name":"Inici","item":"https:\/\/www.psib-psoe.org\/eivissa\/"},{"@type":"ListItem","position":2,"name":"22.000 pensionistas de Eivissa y Formentera ven revalorizada su pensi\u00f3n un 2,8% a partir de enero. Milena Herrera destaca \u201cel cumplimiento, un a\u00f1o m\u00e1s, del compromiso del Gobierno de subir las pensiones de acuerdo con el IPC\u201d."}]},{"@type":"WebSite","@id":"https:\/\/www.psib-psoe.org\/eivissa\/#website","url":"https:\/\/www.psib-psoe.org\/eivissa\/","name":"Federaci\u00f3 Socialista d'Eivissa","description":"Socialistes d&#039;Eivissa","publisher":{"@id":"https:\/\/www.psib-psoe.org\/eivissa\/#organization"},"potentialAction":[{"@type":"SearchAction","target":{"@type":"EntryPoint","urlTemplate":"https:\/\/www.psib-psoe.org\/eivissa\/?s={search_term_string}"},"query-input":{"@type":"PropertyValueSpecification","valueRequired":true,"valueName":"search_term_string"}}],"inLanguage":"ca"},{"@type":"Organization","@id":"https:\/\/www.psib-psoe.org\/eivissa\/#organization","name":"Federaci\u00f3 Socialista d'Eivissa","url":"https:\/\/www.psib-psoe.org\/eivissa\/","logo":{"@type":"ImageObject","inLanguage":"ca","@id":"https:\/\/www.psib-psoe.org\/eivissa\/#\/schema\/logo\/image\/","url":"https:\/\/www.psib-psoe.org\/eivissa\/wp-content\/uploads\/LOGO-FSE-SOCIALISTA-DEIVISSA-HORI.png","contentUrl":"https:\/\/www.psib-psoe.org\/eivissa\/wp-content\/uploads\/LOGO-FSE-SOCIALISTA-DEIVISSA-HORI.png","width":6000,"height":3104,"caption":"Federaci\u00f3 Socialista d'Eivissa"},"image":{"@id":"https:\/\/www.psib-psoe.org\/eivissa\/#\/schema\/logo\/image\/"}},{"@type":"Person","@id":"https:\/\/www.psib-psoe.org\/eivissa\/#\/schema\/person\/099ab3ef73a3645a1d7f303518e6ce24","name":"adminpsib","url":"https:\/\/www.psib-psoe.org\/eivissa\/author\/adminpsib\/"}]}},"_links":{"self":[{"href":"https:\/\/www.psib-psoe.org\/eivissa\/wp-json\/wp\/v2\/posts\/40183","targetHints":{"allow":["GET"]}}],"collection":[{"href":"https:\/\/www.psib-psoe.org\/eivissa\/wp-json\/wp\/v2\/posts"}],"about":[{"href":"https:\/\/www.psib-psoe.org\/eivissa\/wp-json\/wp\/v2\/types\/post"}],"author":[{"embeddable":true,"href":"https:\/\/www.psib-psoe.org\/eivissa\/wp-json\/wp\/v2\/users\/1"}],"replies":[{"embeddable":true,"href":"https:\/\/www.psib-psoe.org\/eivissa\/wp-json\/wp\/v2\/comments?post=40183"}],"version-history":[{"count":1,"href":"https:\/\/www.psib-psoe.org\/eivissa\/wp-json\/wp\/v2\/posts\/40183\/revisions"}],"predecessor-version":[{"id":40184,"href":"https:\/\/www.psib-psoe.org\/eivissa\/wp-json\/wp\/v2\/posts\/40183\/revisions\/40184"}],"wp:featuredmedia":[{"embeddable":true,"href":"https:\/\/www.psib-psoe.org\/eivissa\/wp-json\/wp\/v2\/media\/39980"}],"wp:attachment":[{"href":"https:\/\/www.psib-psoe.org\/eivissa\/wp-json\/wp\/v2\/media?parent=40183"}],"wp:term":[{"taxonomy":"category","embeddable":true,"href":"https:\/\/www.psib-psoe.org\/eivissa\/wp-json\/wp\/v2\/categories?post=40183"},{"taxonomy":"post_tag","embeddable":true,"href":"https:\/\/www.psib-psoe.org\/eivissa\/wp-json\/wp\/v2\/tags?post=40183"}],"curies":[{"name":"wp","href":"https:\/\/api.w.org\/{rel}","templated":true}]}}