{"id":40189,"date":"2025-01-03T12:48:18","date_gmt":"2025-01-03T10:48:18","guid":{"rendered":"https:\/\/www.psib-psoe.org\/eivissa\/?p=40189"},"modified":"2025-01-03T12:48:18","modified_gmt":"2025-01-03T10:48:18","slug":"la-federacio-socialista-deivissa-manifesta-la-seua-immensa-tristesa-per-la-perdua-de-francesc-antich-un-referent-com-a-socialista-entregat-al-be-comu-i-un-president-de-les-illes-balears-que","status":"publish","type":"post","link":"https:\/\/www.psib-psoe.org\/eivissa\/la-federacio-socialista-deivissa-manifesta-la-seua-immensa-tristesa-per-la-perdua-de-francesc-antich-un-referent-com-a-socialista-entregat-al-be-comu-i-un-president-de-les-illes-balears-que\/","title":{"rendered":"La Federaci\u00f3 Socialista d\u2019Eivissa manifesta la seua immensa tristesa per la p\u00e8rdua de Francesc Antich, un referent com a socialista entregat al b\u00e9 com\u00fa i un president de les Illes Balears que sempre va entendre les necessitats de la nostra illa."},"content":{"rendered":"<p>La Federaci\u00f3 Socialista d\u2019Eivissa (FSE-PSOE) vol manifestar la seua immensa tristesa i consternaci\u00f3 per la p\u00e8rdua de Francesc Antich Oliver, qui va ser secretari general del PSIB-PSOE i president de les Illes Balears (1999-2003 i 2007-2011), a m\u00e9s d\u2019altres importants responsabilitats p\u00fabliques a la nostra Comunitat. En nom propi i de la FSE-PSOE, el secretari general, Vicent Rosell\u00f3, ha manifestat \u201cel dolor que sentim tots els socialistes d\u2019Eivissa, al costat de tots els companys i companyes de les Illes Balears, perqu\u00e8 ens deixa una persona molt estimada per a tots naltros\u201d. <\/p>\n<p>Des d\u2019Eivissa, ha dit Vicent Rosell\u00f3, \u201csempre el recordarem des del m\u00e9s profund agra\u00efment\u201d, ja que \u201ccom a president de les Illes Balears va entendre, i va atendre, les necessitats de la nostra illa\u201d. <\/p>\n<p>\u201cFrancesc Antich ser\u00e0 per sempre un referent a seguir per als socialistes, per la seua entrega incansable en favor del b\u00e9 com\u00fa i la seua manera d\u2019entendre la pol\u00edtica com a servei p\u00fablic i en defensa del progr\u00e9s de les nostres illes\u201d.<\/p>\n<p>Pilar Costa, presidenta del Consell Insular d\u2019Eivissa i Formentera amb Francesc Antich com a primer president progressista de les Illes Balears, i que tamb\u00e9 va formar part com a consellera del segon govern de progr\u00e9s a la Comunitat, ha manifestat la seua tristesa per la p\u00e8rdua \u201cd\u2019un gran referent, no nom\u00e9s pol\u00edtic per a molts de naltros, sin\u00f3 tamb\u00e9 hum\u00e0\u201d. <\/p>\n<p>\u201cDestacaria la seva humanitat, la seva capacitat de di\u00e0leg i de consens i, sobretot, per a molts de naltros, un mestre de la pol\u00edtica. Crec realment que \u00e9s una figura irreempla\u00e7able a les Illes Balears, no nom\u00e9s per socialistes, sin\u00f3 que crec que per una majoria de ciutadans.\u201d<\/p>\n<p>Pilar Costa ha volgut recordar el llegat que ens deixa Francesc Antich des del canvi pol\u00edtic de 1999, que justament es va recordar el mes passat a Eivissa en l\u2019acte de celebraci\u00f3 dels 25 anys del Pacte Progressista: \u201cVa ser aire fresc que va arribar a les Illes. Al Govern de les Illes Balears, en la primera etapa del primer Pacte de Progr\u00e9s, sent jo presidenta del Consell Insular, va ser un gran president d&#8217;Eivissa i Formentera. I despr\u00e9s, en la segona etapa, quan vaig tenir l&#8217;honor de formar part del seu Govern, amb pol\u00edtiques progressistes que crec que van marcar un abans i un despr\u00e9s a les nostres illes\u201d. <\/p>\n","protected":false},"excerpt":{"rendered":"<p>La Federaci\u00f3 Socialista d\u2019Eivissa (FSE-PSOE) vol manifestar la seua immensa tristesa i consternaci\u00f3 per la p\u00e8rdua de Francesc Antich Oliver, qui va ser secretari general del PSIB-PSOE i president de les Illes Balears (1999-2003 i 2007-2011), a m\u00e9s d\u2019altres importants responsabilitats p\u00fabliques a la nostra Comunitat. En nom propi i de la FSE-PSOE, el secretari&hellip;<\/p>\n","protected":false},"author":1,"featured_media":40190,"comment_status":"closed","ping_status":"closed","sticky":false,"template":"","format":"standard","meta":{"footnotes":""},"categories":[1,212],"tags":[],"class_list":["post-40189","post","type-post","status-publish","format-standard","has-post-thumbnail","hentry","category-federacio-de-eivissa-portada","category-fse-psoe"],"yoast_head":"<!-- This site is optimized with the Yoast SEO plugin v26.9 - https:\/\/yoast.com\/product\/yoast-seo-wordpress\/ -->\n<title>La Federaci\u00f3 Socialista d\u2019Eivissa manifesta la seua immensa tristesa per la p\u00e8rdua de Francesc Antich, un referent com a socialista entregat al b\u00e9 com\u00fa i un president de les Illes Balears que sempre va entendre les necessitats de la nostra illa. - Federaci\u00f3 Socialista d&#039;Eivissa<\/title>\n<meta name=\"robots\" content=\"index, follow, max-snippet:-1, max-image-preview:large, max-video-preview:-1\" \/>\n<link rel=\"canonical\" href=\"https:\/\/www.psib-psoe.org\/eivissa\/la-federacio-socialista-deivissa-manifesta-la-seua-immensa-tristesa-per-la-perdua-de-francesc-antich-un-referent-com-a-socialista-entregat-al-be-comu-i-un-president-de-les-illes-balears-que\/\" \/>\n<meta property=\"og:locale\" content=\"ca_ES\" \/>\n<meta property=\"og:type\" content=\"article\" \/>\n<meta property=\"og:title\" content=\"La Federaci\u00f3 Socialista d\u2019Eivissa manifesta la seua immensa tristesa per la p\u00e8rdua de Francesc Antich, un referent com a socialista entregat al b\u00e9 com\u00fa i un president de les Illes Balears que sempre va entendre les necessitats de la nostra illa. - Federaci\u00f3 Socialista d&#039;Eivissa\" \/>\n<meta property=\"og:description\" content=\"La Federaci\u00f3 Socialista d\u2019Eivissa (FSE-PSOE) vol manifestar la seua immensa tristesa i consternaci\u00f3 per la p\u00e8rdua de Francesc Antich Oliver, qui va ser secretari general del PSIB-PSOE i president de les Illes Balears (1999-2003 i 2007-2011), a m\u00e9s d\u2019altres importants responsabilitats p\u00fabliques a la nostra Comunitat. En nom propi i de la FSE-PSOE, el secretari&hellip;\" \/>\n<meta property=\"og:url\" content=\"https:\/\/www.psib-psoe.org\/eivissa\/la-federacio-socialista-deivissa-manifesta-la-seua-immensa-tristesa-per-la-perdua-de-francesc-antich-un-referent-com-a-socialista-entregat-al-be-comu-i-un-president-de-les-illes-balears-que\/\" \/>\n<meta property=\"og:site_name\" content=\"Federaci\u00f3 Socialista d&#039;Eivissa\" \/>\n<meta property=\"article:published_time\" content=\"2025-01-03T10:48:18+00:00\" \/>\n<meta property=\"og:image\" content=\"https:\/\/www.psib-psoe.org\/eivissa\/wp-content\/uploads\/francesc-antich.png\" \/>\n\t<meta property=\"og:image:width\" content=\"634\" \/>\n\t<meta property=\"og:image:height\" content=\"476\" \/>\n\t<meta property=\"og:image:type\" content=\"image\/png\" \/>\n<meta name=\"author\" content=\"adminpsib\" \/>\n<meta name=\"twitter:card\" content=\"summary_large_image\" \/>\n<meta name=\"twitter:label1\" content=\"Escrit per\" \/>\n\t<meta name=\"twitter:data1\" content=\"adminpsib\" \/>\n\t<meta name=\"twitter:label2\" content=\"Temps estimat de lectura\" \/>\n\t<meta name=\"twitter:data2\" content=\"2 minuts\" \/>\n<script type=\"application\/ld+json\" class=\"yoast-schema-graph\">{\"@context\":\"https:\/\/schema.org\",\"@graph\":[{\"@type\":[\"Article\",\"BlogPosting\"],\"@id\":\"https:\/\/www.psib-psoe.org\/eivissa\/la-federacio-socialista-deivissa-manifesta-la-seua-immensa-tristesa-per-la-perdua-de-francesc-antich-un-referent-com-a-socialista-entregat-al-be-comu-i-un-president-de-les-illes-balears-que\/#article\",\"isPartOf\":{\"@id\":\"https:\/\/www.psib-psoe.org\/eivissa\/la-federacio-socialista-deivissa-manifesta-la-seua-immensa-tristesa-per-la-perdua-de-francesc-antich-un-referent-com-a-socialista-entregat-al-be-comu-i-un-president-de-les-illes-balears-que\/\"},\"author\":{\"name\":\"adminpsib\",\"@id\":\"https:\/\/www.psib-psoe.org\/eivissa\/#\/schema\/person\/099ab3ef73a3645a1d7f303518e6ce24\"},\"headline\":\"La Federaci\u00f3 Socialista d\u2019Eivissa manifesta la seua immensa tristesa per la p\u00e8rdua de Francesc Antich, un referent com a socialista entregat al b\u00e9 com\u00fa i un president de les Illes Balears que sempre va entendre les necessitats de la nostra illa.\",\"datePublished\":\"2025-01-03T10:48:18+00:00\",\"mainEntityOfPage\":{\"@id\":\"https:\/\/www.psib-psoe.org\/eivissa\/la-federacio-socialista-deivissa-manifesta-la-seua-immensa-tristesa-per-la-perdua-de-francesc-antich-un-referent-com-a-socialista-entregat-al-be-comu-i-un-president-de-les-illes-balears-que\/\"},\"wordCount\":455,\"publisher\":{\"@id\":\"https:\/\/www.psib-psoe.org\/eivissa\/#organization\"},\"image\":{\"@id\":\"https:\/\/www.psib-psoe.org\/eivissa\/la-federacio-socialista-deivissa-manifesta-la-seua-immensa-tristesa-per-la-perdua-de-francesc-antich-un-referent-com-a-socialista-entregat-al-be-comu-i-un-president-de-les-illes-balears-que\/#primaryimage\"},\"thumbnailUrl\":\"https:\/\/www.psib-psoe.org\/eivissa\/wp-content\/uploads\/francesc-antich.png\",\"articleSection\":[\"Federaci\u00f3 d'Eivissa - Portada\",\"FSE-PSOE\"],\"inLanguage\":\"ca\"},{\"@type\":\"WebPage\",\"@id\":\"https:\/\/www.psib-psoe.org\/eivissa\/la-federacio-socialista-deivissa-manifesta-la-seua-immensa-tristesa-per-la-perdua-de-francesc-antich-un-referent-com-a-socialista-entregat-al-be-comu-i-un-president-de-les-illes-balears-que\/\",\"url\":\"https:\/\/www.psib-psoe.org\/eivissa\/la-federacio-socialista-deivissa-manifesta-la-seua-immensa-tristesa-per-la-perdua-de-francesc-antich-un-referent-com-a-socialista-entregat-al-be-comu-i-un-president-de-les-illes-balears-que\/\",\"name\":\"La Federaci\u00f3 Socialista d\u2019Eivissa manifesta la seua immensa tristesa per la p\u00e8rdua de Francesc Antich, un referent com a socialista entregat al b\u00e9 com\u00fa i un president de les Illes Balears que sempre va entendre les necessitats de la nostra illa. - Federaci\u00f3 Socialista d&#039;Eivissa\",\"isPartOf\":{\"@id\":\"https:\/\/www.psib-psoe.org\/eivissa\/#website\"},\"primaryImageOfPage\":{\"@id\":\"https:\/\/www.psib-psoe.org\/eivissa\/la-federacio-socialista-deivissa-manifesta-la-seua-immensa-tristesa-per-la-perdua-de-francesc-antich-un-referent-com-a-socialista-entregat-al-be-comu-i-un-president-de-les-illes-balears-que\/#primaryimage\"},\"image\":{\"@id\":\"https:\/\/www.psib-psoe.org\/eivissa\/la-federacio-socialista-deivissa-manifesta-la-seua-immensa-tristesa-per-la-perdua-de-francesc-antich-un-referent-com-a-socialista-entregat-al-be-comu-i-un-president-de-les-illes-balears-que\/#primaryimage\"},\"thumbnailUrl\":\"https:\/\/www.psib-psoe.org\/eivissa\/wp-content\/uploads\/francesc-antich.png\",\"datePublished\":\"2025-01-03T10:48:18+00:00\",\"breadcrumb\":{\"@id\":\"https:\/\/www.psib-psoe.org\/eivissa\/la-federacio-socialista-deivissa-manifesta-la-seua-immensa-tristesa-per-la-perdua-de-francesc-antich-un-referent-com-a-socialista-entregat-al-be-comu-i-un-president-de-les-illes-balears-que\/#breadcrumb\"},\"inLanguage\":\"ca\",\"potentialAction\":[{\"@type\":\"ReadAction\",\"target\":[\"https:\/\/www.psib-psoe.org\/eivissa\/la-federacio-socialista-deivissa-manifesta-la-seua-immensa-tristesa-per-la-perdua-de-francesc-antich-un-referent-com-a-socialista-entregat-al-be-comu-i-un-president-de-les-illes-balears-que\/\"]}]},{\"@type\":\"ImageObject\",\"inLanguage\":\"ca\",\"@id\":\"https:\/\/www.psib-psoe.org\/eivissa\/la-federacio-socialista-deivissa-manifesta-la-seua-immensa-tristesa-per-la-perdua-de-francesc-antich-un-referent-com-a-socialista-entregat-al-be-comu-i-un-president-de-les-illes-balears-que\/#primaryimage\",\"url\":\"https:\/\/www.psib-psoe.org\/eivissa\/wp-content\/uploads\/francesc-antich.png\",\"contentUrl\":\"https:\/\/www.psib-psoe.org\/eivissa\/wp-content\/uploads\/francesc-antich.png\",\"width\":634,\"height\":476},{\"@type\":\"BreadcrumbList\",\"@id\":\"https:\/\/www.psib-psoe.org\/eivissa\/la-federacio-socialista-deivissa-manifesta-la-seua-immensa-tristesa-per-la-perdua-de-francesc-antich-un-referent-com-a-socialista-entregat-al-be-comu-i-un-president-de-les-illes-balears-que\/#breadcrumb\",\"itemListElement\":[{\"@type\":\"ListItem\",\"position\":1,\"name\":\"Inici\",\"item\":\"https:\/\/www.psib-psoe.org\/eivissa\/\"},{\"@type\":\"ListItem\",\"position\":2,\"name\":\"La Federaci\u00f3 Socialista d\u2019Eivissa manifesta la seua immensa tristesa per la p\u00e8rdua de Francesc Antich, un referent com a socialista entregat al b\u00e9 com\u00fa i un president de les Illes Balears que sempre va entendre les necessitats de la nostra illa.\"}]},{\"@type\":\"WebSite\",\"@id\":\"https:\/\/www.psib-psoe.org\/eivissa\/#website\",\"url\":\"https:\/\/www.psib-psoe.org\/eivissa\/\",\"name\":\"Federaci\u00f3 Socialista d'Eivissa\",\"description\":\"Socialistes d&#039;Eivissa\",\"publisher\":{\"@id\":\"https:\/\/www.psib-psoe.org\/eivissa\/#organization\"},\"potentialAction\":[{\"@type\":\"SearchAction\",\"target\":{\"@type\":\"EntryPoint\",\"urlTemplate\":\"https:\/\/www.psib-psoe.org\/eivissa\/?s={search_term_string}\"},\"query-input\":{\"@type\":\"PropertyValueSpecification\",\"valueRequired\":true,\"valueName\":\"search_term_string\"}}],\"inLanguage\":\"ca\"},{\"@type\":\"Organization\",\"@id\":\"https:\/\/www.psib-psoe.org\/eivissa\/#organization\",\"name\":\"Federaci\u00f3 Socialista d'Eivissa\",\"url\":\"https:\/\/www.psib-psoe.org\/eivissa\/\",\"logo\":{\"@type\":\"ImageObject\",\"inLanguage\":\"ca\",\"@id\":\"https:\/\/www.psib-psoe.org\/eivissa\/#\/schema\/logo\/image\/\",\"url\":\"https:\/\/www.psib-psoe.org\/eivissa\/wp-content\/uploads\/LOGO-FSE-SOCIALISTA-DEIVISSA-HORI.png\",\"contentUrl\":\"https:\/\/www.psib-psoe.org\/eivissa\/wp-content\/uploads\/LOGO-FSE-SOCIALISTA-DEIVISSA-HORI.png\",\"width\":6000,\"height\":3104,\"caption\":\"Federaci\u00f3 Socialista d'Eivissa\"},\"image\":{\"@id\":\"https:\/\/www.psib-psoe.org\/eivissa\/#\/schema\/logo\/image\/\"}},{\"@type\":\"Person\",\"@id\":\"https:\/\/www.psib-psoe.org\/eivissa\/#\/schema\/person\/099ab3ef73a3645a1d7f303518e6ce24\",\"name\":\"adminpsib\",\"url\":\"https:\/\/www.psib-psoe.org\/eivissa\/author\/adminpsib\/\"}]}<\/script>\n<!-- \/ Yoast SEO plugin. -->","yoast_head_json":{"title":"La Federaci\u00f3 Socialista d\u2019Eivissa manifesta la seua immensa tristesa per la p\u00e8rdua de Francesc Antich, un referent com a socialista entregat al b\u00e9 com\u00fa i un president de les Illes Balears que sempre va entendre les necessitats de la nostra illa. - Federaci\u00f3 Socialista d&#039;Eivissa","robots":{"index":"index","follow":"follow","max-snippet":"max-snippet:-1","max-image-preview":"max-image-preview:large","max-video-preview":"max-video-preview:-1"},"canonical":"https:\/\/www.psib-psoe.org\/eivissa\/la-federacio-socialista-deivissa-manifesta-la-seua-immensa-tristesa-per-la-perdua-de-francesc-antich-un-referent-com-a-socialista-entregat-al-be-comu-i-un-president-de-les-illes-balears-que\/","og_locale":"ca_ES","og_type":"article","og_title":"La Federaci\u00f3 Socialista d\u2019Eivissa manifesta la seua immensa tristesa per la p\u00e8rdua de Francesc Antich, un referent com a socialista entregat al b\u00e9 com\u00fa i un president de les Illes Balears que sempre va entendre les necessitats de la nostra illa. - Federaci\u00f3 Socialista d&#039;Eivissa","og_description":"La Federaci\u00f3 Socialista d\u2019Eivissa (FSE-PSOE) vol manifestar la seua immensa tristesa i consternaci\u00f3 per la p\u00e8rdua de Francesc Antich Oliver, qui va ser secretari general del PSIB-PSOE i president de les Illes Balears (1999-2003 i 2007-2011), a m\u00e9s d\u2019altres importants responsabilitats p\u00fabliques a la nostra Comunitat. En nom propi i de la FSE-PSOE, el secretari&hellip;","og_url":"https:\/\/www.psib-psoe.org\/eivissa\/la-federacio-socialista-deivissa-manifesta-la-seua-immensa-tristesa-per-la-perdua-de-francesc-antich-un-referent-com-a-socialista-entregat-al-be-comu-i-un-president-de-les-illes-balears-que\/","og_site_name":"Federaci\u00f3 Socialista d&#039;Eivissa","article_published_time":"2025-01-03T10:48:18+00:00","og_image":[{"width":634,"height":476,"url":"https:\/\/www.psib-psoe.org\/eivissa\/wp-content\/uploads\/francesc-antich.png","type":"image\/png"}],"author":"adminpsib","twitter_card":"summary_large_image","twitter_misc":{"Escrit per":"adminpsib","Temps estimat de lectura":"2 minuts"},"schema":{"@context":"https:\/\/schema.org","@graph":[{"@type":["Article","BlogPosting"],"@id":"https:\/\/www.psib-psoe.org\/eivissa\/la-federacio-socialista-deivissa-manifesta-la-seua-immensa-tristesa-per-la-perdua-de-francesc-antich-un-referent-com-a-socialista-entregat-al-be-comu-i-un-president-de-les-illes-balears-que\/#article","isPartOf":{"@id":"https:\/\/www.psib-psoe.org\/eivissa\/la-federacio-socialista-deivissa-manifesta-la-seua-immensa-tristesa-per-la-perdua-de-francesc-antich-un-referent-com-a-socialista-entregat-al-be-comu-i-un-president-de-les-illes-balears-que\/"},"author":{"name":"adminpsib","@id":"https:\/\/www.psib-psoe.org\/eivissa\/#\/schema\/person\/099ab3ef73a3645a1d7f303518e6ce24"},"headline":"La Federaci\u00f3 Socialista d\u2019Eivissa manifesta la seua immensa tristesa per la p\u00e8rdua de Francesc Antich, un referent com a socialista entregat al b\u00e9 com\u00fa i un president de les Illes Balears que sempre va entendre les necessitats de la nostra illa.","datePublished":"2025-01-03T10:48:18+00:00","mainEntityOfPage":{"@id":"https:\/\/www.psib-psoe.org\/eivissa\/la-federacio-socialista-deivissa-manifesta-la-seua-immensa-tristesa-per-la-perdua-de-francesc-antich-un-referent-com-a-socialista-entregat-al-be-comu-i-un-president-de-les-illes-balears-que\/"},"wordCount":455,"publisher":{"@id":"https:\/\/www.psib-psoe.org\/eivissa\/#organization"},"image":{"@id":"https:\/\/www.psib-psoe.org\/eivissa\/la-federacio-socialista-deivissa-manifesta-la-seua-immensa-tristesa-per-la-perdua-de-francesc-antich-un-referent-com-a-socialista-entregat-al-be-comu-i-un-president-de-les-illes-balears-que\/#primaryimage"},"thumbnailUrl":"https:\/\/www.psib-psoe.org\/eivissa\/wp-content\/uploads\/francesc-antich.png","articleSection":["Federaci\u00f3 d'Eivissa - Portada","FSE-PSOE"],"inLanguage":"ca"},{"@type":"WebPage","@id":"https:\/\/www.psib-psoe.org\/eivissa\/la-federacio-socialista-deivissa-manifesta-la-seua-immensa-tristesa-per-la-perdua-de-francesc-antich-un-referent-com-a-socialista-entregat-al-be-comu-i-un-president-de-les-illes-balears-que\/","url":"https:\/\/www.psib-psoe.org\/eivissa\/la-federacio-socialista-deivissa-manifesta-la-seua-immensa-tristesa-per-la-perdua-de-francesc-antich-un-referent-com-a-socialista-entregat-al-be-comu-i-un-president-de-les-illes-balears-que\/","name":"La Federaci\u00f3 Socialista d\u2019Eivissa manifesta la seua immensa tristesa per la p\u00e8rdua de Francesc Antich, un referent com a socialista entregat al b\u00e9 com\u00fa i un president de les Illes Balears que sempre va entendre les necessitats de la nostra illa. - Federaci\u00f3 Socialista d&#039;Eivissa","isPartOf":{"@id":"https:\/\/www.psib-psoe.org\/eivissa\/#website"},"primaryImageOfPage":{"@id":"https:\/\/www.psib-psoe.org\/eivissa\/la-federacio-socialista-deivissa-manifesta-la-seua-immensa-tristesa-per-la-perdua-de-francesc-antich-un-referent-com-a-socialista-entregat-al-be-comu-i-un-president-de-les-illes-balears-que\/#primaryimage"},"image":{"@id":"https:\/\/www.psib-psoe.org\/eivissa\/la-federacio-socialista-deivissa-manifesta-la-seua-immensa-tristesa-per-la-perdua-de-francesc-antich-un-referent-com-a-socialista-entregat-al-be-comu-i-un-president-de-les-illes-balears-que\/#primaryimage"},"thumbnailUrl":"https:\/\/www.psib-psoe.org\/eivissa\/wp-content\/uploads\/francesc-antich.png","datePublished":"2025-01-03T10:48:18+00:00","breadcrumb":{"@id":"https:\/\/www.psib-psoe.org\/eivissa\/la-federacio-socialista-deivissa-manifesta-la-seua-immensa-tristesa-per-la-perdua-de-francesc-antich-un-referent-com-a-socialista-entregat-al-be-comu-i-un-president-de-les-illes-balears-que\/#breadcrumb"},"inLanguage":"ca","potentialAction":[{"@type":"ReadAction","target":["https:\/\/www.psib-psoe.org\/eivissa\/la-federacio-socialista-deivissa-manifesta-la-seua-immensa-tristesa-per-la-perdua-de-francesc-antich-un-referent-com-a-socialista-entregat-al-be-comu-i-un-president-de-les-illes-balears-que\/"]}]},{"@type":"ImageObject","inLanguage":"ca","@id":"https:\/\/www.psib-psoe.org\/eivissa\/la-federacio-socialista-deivissa-manifesta-la-seua-immensa-tristesa-per-la-perdua-de-francesc-antich-un-referent-com-a-socialista-entregat-al-be-comu-i-un-president-de-les-illes-balears-que\/#primaryimage","url":"https:\/\/www.psib-psoe.org\/eivissa\/wp-content\/uploads\/francesc-antich.png","contentUrl":"https:\/\/www.psib-psoe.org\/eivissa\/wp-content\/uploads\/francesc-antich.png","width":634,"height":476},{"@type":"BreadcrumbList","@id":"https:\/\/www.psib-psoe.org\/eivissa\/la-federacio-socialista-deivissa-manifesta-la-seua-immensa-tristesa-per-la-perdua-de-francesc-antich-un-referent-com-a-socialista-entregat-al-be-comu-i-un-president-de-les-illes-balears-que\/#breadcrumb","itemListElement":[{"@type":"ListItem","position":1,"name":"Inici","item":"https:\/\/www.psib-psoe.org\/eivissa\/"},{"@type":"ListItem","position":2,"name":"La Federaci\u00f3 Socialista d\u2019Eivissa manifesta la seua immensa tristesa per la p\u00e8rdua de Francesc Antich, un referent com a socialista entregat al b\u00e9 com\u00fa i un president de les Illes Balears que sempre va entendre les necessitats de la nostra illa."}]},{"@type":"WebSite","@id":"https:\/\/www.psib-psoe.org\/eivissa\/#website","url":"https:\/\/www.psib-psoe.org\/eivissa\/","name":"Federaci\u00f3 Socialista d'Eivissa","description":"Socialistes d&#039;Eivissa","publisher":{"@id":"https:\/\/www.psib-psoe.org\/eivissa\/#organization"},"potentialAction":[{"@type":"SearchAction","target":{"@type":"EntryPoint","urlTemplate":"https:\/\/www.psib-psoe.org\/eivissa\/?s={search_term_string}"},"query-input":{"@type":"PropertyValueSpecification","valueRequired":true,"valueName":"search_term_string"}}],"inLanguage":"ca"},{"@type":"Organization","@id":"https:\/\/www.psib-psoe.org\/eivissa\/#organization","name":"Federaci\u00f3 Socialista d'Eivissa","url":"https:\/\/www.psib-psoe.org\/eivissa\/","logo":{"@type":"ImageObject","inLanguage":"ca","@id":"https:\/\/www.psib-psoe.org\/eivissa\/#\/schema\/logo\/image\/","url":"https:\/\/www.psib-psoe.org\/eivissa\/wp-content\/uploads\/LOGO-FSE-SOCIALISTA-DEIVISSA-HORI.png","contentUrl":"https:\/\/www.psib-psoe.org\/eivissa\/wp-content\/uploads\/LOGO-FSE-SOCIALISTA-DEIVISSA-HORI.png","width":6000,"height":3104,"caption":"Federaci\u00f3 Socialista d'Eivissa"},"image":{"@id":"https:\/\/www.psib-psoe.org\/eivissa\/#\/schema\/logo\/image\/"}},{"@type":"Person","@id":"https:\/\/www.psib-psoe.org\/eivissa\/#\/schema\/person\/099ab3ef73a3645a1d7f303518e6ce24","name":"adminpsib","url":"https:\/\/www.psib-psoe.org\/eivissa\/author\/adminpsib\/"}]}},"_links":{"self":[{"href":"https:\/\/www.psib-psoe.org\/eivissa\/wp-json\/wp\/v2\/posts\/40189","targetHints":{"allow":["GET"]}}],"collection":[{"href":"https:\/\/www.psib-psoe.org\/eivissa\/wp-json\/wp\/v2\/posts"}],"about":[{"href":"https:\/\/www.psib-psoe.org\/eivissa\/wp-json\/wp\/v2\/types\/post"}],"author":[{"embeddable":true,"href":"https:\/\/www.psib-psoe.org\/eivissa\/wp-json\/wp\/v2\/users\/1"}],"replies":[{"embeddable":true,"href":"https:\/\/www.psib-psoe.org\/eivissa\/wp-json\/wp\/v2\/comments?post=40189"}],"version-history":[{"count":1,"href":"https:\/\/www.psib-psoe.org\/eivissa\/wp-json\/wp\/v2\/posts\/40189\/revisions"}],"predecessor-version":[{"id":40191,"href":"https:\/\/www.psib-psoe.org\/eivissa\/wp-json\/wp\/v2\/posts\/40189\/revisions\/40191"}],"wp:featuredmedia":[{"embeddable":true,"href":"https:\/\/www.psib-psoe.org\/eivissa\/wp-json\/wp\/v2\/media\/40190"}],"wp:attachment":[{"href":"https:\/\/www.psib-psoe.org\/eivissa\/wp-json\/wp\/v2\/media?parent=40189"}],"wp:term":[{"taxonomy":"category","embeddable":true,"href":"https:\/\/www.psib-psoe.org\/eivissa\/wp-json\/wp\/v2\/categories?post=40189"},{"taxonomy":"post_tag","embeddable":true,"href":"https:\/\/www.psib-psoe.org\/eivissa\/wp-json\/wp\/v2\/tags?post=40189"}],"curies":[{"name":"wp","href":"https:\/\/api.w.org\/{rel}","templated":true}]}}