{"id":40226,"date":"2025-01-16T14:45:53","date_gmt":"2025-01-16T12:45:53","guid":{"rendered":"https:\/\/www.psib-psoe.org\/eivissa\/?p=40226"},"modified":"2025-01-16T14:46:05","modified_gmt":"2025-01-16T12:46:05","slug":"el-psoe-exigeix-a-marcos-serra-que-prioritzi-lobertura-del-carrer-ametllers-de-ses-paisses-i-que-el-projecte-sigui-declarat-dinteres-general","status":"publish","type":"post","link":"https:\/\/www.psib-psoe.org\/eivissa\/el-psoe-exigeix-a-marcos-serra-que-prioritzi-lobertura-del-carrer-ametllers-de-ses-paisses-i-que-el-projecte-sigui-declarat-dinteres-general\/","title":{"rendered":"El PSOE exigeix a Marcos Serra que prioritzi l&#8217;obertura del carrer Ametllers de Ses Pa\u00efsses i que el projecte sigui declarat d&#8217;inter\u00e8s general"},"content":{"rendered":"<p>El PSOE de Sant Antoni de Portmany exigeix a l&#8217;alcalde, Marcos Serra, que prioritzi el projecte d&#8217;obertura del carrer Ametllers, a Ses Pa\u00efsses, i que aquest sigui declarat d&#8217;inter\u00e8s general amb la m\u00e0xima brevetat possible. El portaveu socialista, Antonio Lorenzo, acusa l&#8217;alcalde de &#8220;no complir amb la seva paraula en no dur a terme el projecte d&#8217;obertura del carrer Ametllers&#8221;. Els socialistes, recorda Lorenzo, varen presentar una moci\u00f3 d&#8217;acord el novembre de 2023 en qu\u00e8 s&#8217;instava el govern municipal a l&#8217;elaboraci\u00f3 d&#8217;un projecte de modificaci\u00f3 puntual del planejament urban\u00edstic per obrir el carrer Ametllers, a sol\u00b7licitar al Consell Insular d\u2019Eivissa la declaraci\u00f3 d&#8217;inter\u00e8s general pel tram r\u00fastic afectat i a aprovar una modificaci\u00f3 pressupost\u00e0ria de l&#8217;ajuntament per incloure una partida destinada a la redacci\u00f3 i execuci\u00f3 d\u2019aquest projecte. La moci\u00f3 socialista va ser rebutjada pel Partit Popular al\u00b7legant que aquest projecte ja estava previst en el pressupost de 2024.  <\/p>\n<p>El portaveu socialista, Antonio Lorenzo, explica que \u201cMarcos Serra i Neus Mateu, el 2024, ens van assegurar que hi havia 4,2 milions d&#8217;euros del romanent reservats per a aquesta finalitat i que aquest pla es podria dur a terme sol\u00b7licitant l&#8217;inter\u00e8s general al Consell d\u2019Eivissa perqu\u00e8 amb la m\u00e0xima celeritat possible es pos\u00e9s en marxa\u201d. A m\u00e9s, al desembre de 2023 es va adjudicar un contracte menor per redactar un nou projecte d&#8217;obertura del carrer Ametllers.  <\/p>\n<p>A pesar d&#8217;aix\u00f2, i que el projecte va ser redactat, no consta en els pressupostos de 2025 cap partida destinada a l&#8217;execuci\u00f3 del mateix. Els socialistes consideren que &#8220;Marcos Serra hauria de prioritzar aquells projectes que afecten el dia a dia dels seus ve\u00efns i no tant projectes destinats a beneficiar principalment el turista&#8221;.  <\/p>\n<p>Finalment, el grup municipal del PSOE adverteix que el Partit Popular ha abandonat nombrosos nuclis urbans com Es Mol\u00ed, Can Llaudis, Can Tom\u00e0s o Can Bonet.  <\/p>\n","protected":false},"excerpt":{"rendered":"<p>El PSOE de Sant Antoni de Portmany exigeix a l&#8217;alcalde, Marcos Serra, que prioritzi el projecte d&#8217;obertura del carrer Ametllers, a Ses Pa\u00efsses, i que aquest sigui declarat d&#8217;inter\u00e8s general amb la m\u00e0xima brevetat possible. El portaveu socialista, Antonio Lorenzo, acusa l&#8217;alcalde de &#8220;no complir amb la seva paraula en no dur a terme el&hellip;<\/p>\n","protected":false},"author":1,"featured_media":40227,"comment_status":"closed","ping_status":"closed","sticky":false,"template":"","format":"standard","meta":{"footnotes":""},"categories":[1,234,188],"tags":[],"class_list":["post-40226","post","type-post","status-publish","format-standard","has-post-thumbnail","hentry","category-federacio-de-eivissa-portada","category-municipis","category-sant-antoni-de-portmany"],"yoast_head":"<!-- This site is optimized with the Yoast SEO plugin v26.9 - https:\/\/yoast.com\/product\/yoast-seo-wordpress\/ -->\n<title>El PSOE exigeix a Marcos Serra que prioritzi l&#039;obertura del carrer Ametllers de Ses Pa\u00efsses i que el projecte sigui declarat d&#039;inter\u00e8s general - Federaci\u00f3 Socialista d&#039;Eivissa<\/title>\n<meta name=\"robots\" content=\"index, follow, max-snippet:-1, max-image-preview:large, max-video-preview:-1\" \/>\n<link rel=\"canonical\" href=\"https:\/\/www.psib-psoe.org\/eivissa\/el-psoe-exigeix-a-marcos-serra-que-prioritzi-lobertura-del-carrer-ametllers-de-ses-paisses-i-que-el-projecte-sigui-declarat-dinteres-general\/\" \/>\n<meta property=\"og:locale\" content=\"ca_ES\" \/>\n<meta property=\"og:type\" content=\"article\" \/>\n<meta property=\"og:title\" content=\"El PSOE exigeix a Marcos Serra que prioritzi l&#039;obertura del carrer Ametllers de Ses Pa\u00efsses i que el projecte sigui declarat d&#039;inter\u00e8s general - Federaci\u00f3 Socialista d&#039;Eivissa\" \/>\n<meta property=\"og:description\" content=\"El PSOE de Sant Antoni de Portmany exigeix a l&#8217;alcalde, Marcos Serra, que prioritzi el projecte d&#8217;obertura del carrer Ametllers, a Ses Pa\u00efsses, i que aquest sigui declarat d&#8217;inter\u00e8s general amb la m\u00e0xima brevetat possible. El portaveu socialista, Antonio Lorenzo, acusa l&#8217;alcalde de &#8220;no complir amb la seva paraula en no dur a terme el&hellip;\" \/>\n<meta property=\"og:url\" content=\"https:\/\/www.psib-psoe.org\/eivissa\/el-psoe-exigeix-a-marcos-serra-que-prioritzi-lobertura-del-carrer-ametllers-de-ses-paisses-i-que-el-projecte-sigui-declarat-dinteres-general\/\" \/>\n<meta property=\"og:site_name\" content=\"Federaci\u00f3 Socialista d&#039;Eivissa\" \/>\n<meta property=\"article:published_time\" content=\"2025-01-16T12:45:53+00:00\" \/>\n<meta property=\"article:modified_time\" content=\"2025-01-16T12:46:05+00:00\" \/>\n<meta property=\"og:image\" content=\"https:\/\/www.psib-psoe.org\/eivissa\/wp-content\/uploads\/carrer-ametllers.png\" \/>\n\t<meta property=\"og:image:width\" content=\"905\" \/>\n\t<meta property=\"og:image:height\" content=\"681\" \/>\n\t<meta property=\"og:image:type\" content=\"image\/png\" \/>\n<meta name=\"author\" content=\"adminpsib\" \/>\n<meta name=\"twitter:card\" content=\"summary_large_image\" \/>\n<meta name=\"twitter:label1\" content=\"Escrit per\" \/>\n\t<meta name=\"twitter:data1\" content=\"adminpsib\" \/>\n\t<meta name=\"twitter:label2\" content=\"Temps estimat de lectura\" \/>\n\t<meta name=\"twitter:data2\" content=\"2 minuts\" \/>\n<script type=\"application\/ld+json\" class=\"yoast-schema-graph\">{\"@context\":\"https:\/\/schema.org\",\"@graph\":[{\"@type\":[\"Article\",\"BlogPosting\"],\"@id\":\"https:\/\/www.psib-psoe.org\/eivissa\/el-psoe-exigeix-a-marcos-serra-que-prioritzi-lobertura-del-carrer-ametllers-de-ses-paisses-i-que-el-projecte-sigui-declarat-dinteres-general\/#article\",\"isPartOf\":{\"@id\":\"https:\/\/www.psib-psoe.org\/eivissa\/el-psoe-exigeix-a-marcos-serra-que-prioritzi-lobertura-del-carrer-ametllers-de-ses-paisses-i-que-el-projecte-sigui-declarat-dinteres-general\/\"},\"author\":{\"name\":\"adminpsib\",\"@id\":\"https:\/\/www.psib-psoe.org\/eivissa\/#\/schema\/person\/099ab3ef73a3645a1d7f303518e6ce24\"},\"headline\":\"El PSOE exigeix a Marcos Serra que prioritzi l&#8217;obertura del carrer Ametllers de Ses Pa\u00efsses i que el projecte sigui declarat d&#8217;inter\u00e8s general\",\"datePublished\":\"2025-01-16T12:45:53+00:00\",\"dateModified\":\"2025-01-16T12:46:05+00:00\",\"mainEntityOfPage\":{\"@id\":\"https:\/\/www.psib-psoe.org\/eivissa\/el-psoe-exigeix-a-marcos-serra-que-prioritzi-lobertura-del-carrer-ametllers-de-ses-paisses-i-que-el-projecte-sigui-declarat-dinteres-general\/\"},\"wordCount\":343,\"publisher\":{\"@id\":\"https:\/\/www.psib-psoe.org\/eivissa\/#organization\"},\"image\":{\"@id\":\"https:\/\/www.psib-psoe.org\/eivissa\/el-psoe-exigeix-a-marcos-serra-que-prioritzi-lobertura-del-carrer-ametllers-de-ses-paisses-i-que-el-projecte-sigui-declarat-dinteres-general\/#primaryimage\"},\"thumbnailUrl\":\"https:\/\/www.psib-psoe.org\/eivissa\/wp-content\/uploads\/carrer-ametllers.png\",\"articleSection\":[\"Federaci\u00f3 d'Eivissa - Portada\",\"Municipis\",\"Sant Antoni de Portmany\"],\"inLanguage\":\"ca\"},{\"@type\":\"WebPage\",\"@id\":\"https:\/\/www.psib-psoe.org\/eivissa\/el-psoe-exigeix-a-marcos-serra-que-prioritzi-lobertura-del-carrer-ametllers-de-ses-paisses-i-que-el-projecte-sigui-declarat-dinteres-general\/\",\"url\":\"https:\/\/www.psib-psoe.org\/eivissa\/el-psoe-exigeix-a-marcos-serra-que-prioritzi-lobertura-del-carrer-ametllers-de-ses-paisses-i-que-el-projecte-sigui-declarat-dinteres-general\/\",\"name\":\"El PSOE exigeix a Marcos Serra que prioritzi l'obertura del carrer Ametllers de Ses Pa\u00efsses i que el projecte sigui declarat d'inter\u00e8s general - Federaci\u00f3 Socialista d&#039;Eivissa\",\"isPartOf\":{\"@id\":\"https:\/\/www.psib-psoe.org\/eivissa\/#website\"},\"primaryImageOfPage\":{\"@id\":\"https:\/\/www.psib-psoe.org\/eivissa\/el-psoe-exigeix-a-marcos-serra-que-prioritzi-lobertura-del-carrer-ametllers-de-ses-paisses-i-que-el-projecte-sigui-declarat-dinteres-general\/#primaryimage\"},\"image\":{\"@id\":\"https:\/\/www.psib-psoe.org\/eivissa\/el-psoe-exigeix-a-marcos-serra-que-prioritzi-lobertura-del-carrer-ametllers-de-ses-paisses-i-que-el-projecte-sigui-declarat-dinteres-general\/#primaryimage\"},\"thumbnailUrl\":\"https:\/\/www.psib-psoe.org\/eivissa\/wp-content\/uploads\/carrer-ametllers.png\",\"datePublished\":\"2025-01-16T12:45:53+00:00\",\"dateModified\":\"2025-01-16T12:46:05+00:00\",\"breadcrumb\":{\"@id\":\"https:\/\/www.psib-psoe.org\/eivissa\/el-psoe-exigeix-a-marcos-serra-que-prioritzi-lobertura-del-carrer-ametllers-de-ses-paisses-i-que-el-projecte-sigui-declarat-dinteres-general\/#breadcrumb\"},\"inLanguage\":\"ca\",\"potentialAction\":[{\"@type\":\"ReadAction\",\"target\":[\"https:\/\/www.psib-psoe.org\/eivissa\/el-psoe-exigeix-a-marcos-serra-que-prioritzi-lobertura-del-carrer-ametllers-de-ses-paisses-i-que-el-projecte-sigui-declarat-dinteres-general\/\"]}]},{\"@type\":\"ImageObject\",\"inLanguage\":\"ca\",\"@id\":\"https:\/\/www.psib-psoe.org\/eivissa\/el-psoe-exigeix-a-marcos-serra-que-prioritzi-lobertura-del-carrer-ametllers-de-ses-paisses-i-que-el-projecte-sigui-declarat-dinteres-general\/#primaryimage\",\"url\":\"https:\/\/www.psib-psoe.org\/eivissa\/wp-content\/uploads\/carrer-ametllers.png\",\"contentUrl\":\"https:\/\/www.psib-psoe.org\/eivissa\/wp-content\/uploads\/carrer-ametllers.png\",\"width\":905,\"height\":681},{\"@type\":\"BreadcrumbList\",\"@id\":\"https:\/\/www.psib-psoe.org\/eivissa\/el-psoe-exigeix-a-marcos-serra-que-prioritzi-lobertura-del-carrer-ametllers-de-ses-paisses-i-que-el-projecte-sigui-declarat-dinteres-general\/#breadcrumb\",\"itemListElement\":[{\"@type\":\"ListItem\",\"position\":1,\"name\":\"Inici\",\"item\":\"https:\/\/www.psib-psoe.org\/eivissa\/\"},{\"@type\":\"ListItem\",\"position\":2,\"name\":\"El PSOE exigeix a Marcos Serra que prioritzi l&#8217;obertura del carrer Ametllers de Ses Pa\u00efsses i que el projecte sigui declarat d&#8217;inter\u00e8s general\"}]},{\"@type\":\"WebSite\",\"@id\":\"https:\/\/www.psib-psoe.org\/eivissa\/#website\",\"url\":\"https:\/\/www.psib-psoe.org\/eivissa\/\",\"name\":\"Federaci\u00f3 Socialista d'Eivissa\",\"description\":\"Socialistes d&#039;Eivissa\",\"publisher\":{\"@id\":\"https:\/\/www.psib-psoe.org\/eivissa\/#organization\"},\"potentialAction\":[{\"@type\":\"SearchAction\",\"target\":{\"@type\":\"EntryPoint\",\"urlTemplate\":\"https:\/\/www.psib-psoe.org\/eivissa\/?s={search_term_string}\"},\"query-input\":{\"@type\":\"PropertyValueSpecification\",\"valueRequired\":true,\"valueName\":\"search_term_string\"}}],\"inLanguage\":\"ca\"},{\"@type\":\"Organization\",\"@id\":\"https:\/\/www.psib-psoe.org\/eivissa\/#organization\",\"name\":\"Federaci\u00f3 Socialista d'Eivissa\",\"url\":\"https:\/\/www.psib-psoe.org\/eivissa\/\",\"logo\":{\"@type\":\"ImageObject\",\"inLanguage\":\"ca\",\"@id\":\"https:\/\/www.psib-psoe.org\/eivissa\/#\/schema\/logo\/image\/\",\"url\":\"https:\/\/www.psib-psoe.org\/eivissa\/wp-content\/uploads\/LOGO-FSE-SOCIALISTA-DEIVISSA-HORI.png\",\"contentUrl\":\"https:\/\/www.psib-psoe.org\/eivissa\/wp-content\/uploads\/LOGO-FSE-SOCIALISTA-DEIVISSA-HORI.png\",\"width\":6000,\"height\":3104,\"caption\":\"Federaci\u00f3 Socialista d'Eivissa\"},\"image\":{\"@id\":\"https:\/\/www.psib-psoe.org\/eivissa\/#\/schema\/logo\/image\/\"}},{\"@type\":\"Person\",\"@id\":\"https:\/\/www.psib-psoe.org\/eivissa\/#\/schema\/person\/099ab3ef73a3645a1d7f303518e6ce24\",\"name\":\"adminpsib\",\"url\":\"https:\/\/www.psib-psoe.org\/eivissa\/author\/adminpsib\/\"}]}<\/script>\n<!-- \/ Yoast SEO plugin. -->","yoast_head_json":{"title":"El PSOE exigeix a Marcos Serra que prioritzi l'obertura del carrer Ametllers de Ses Pa\u00efsses i que el projecte sigui declarat d'inter\u00e8s general - Federaci\u00f3 Socialista d&#039;Eivissa","robots":{"index":"index","follow":"follow","max-snippet":"max-snippet:-1","max-image-preview":"max-image-preview:large","max-video-preview":"max-video-preview:-1"},"canonical":"https:\/\/www.psib-psoe.org\/eivissa\/el-psoe-exigeix-a-marcos-serra-que-prioritzi-lobertura-del-carrer-ametllers-de-ses-paisses-i-que-el-projecte-sigui-declarat-dinteres-general\/","og_locale":"ca_ES","og_type":"article","og_title":"El PSOE exigeix a Marcos Serra que prioritzi l'obertura del carrer Ametllers de Ses Pa\u00efsses i que el projecte sigui declarat d'inter\u00e8s general - Federaci\u00f3 Socialista d&#039;Eivissa","og_description":"El PSOE de Sant Antoni de Portmany exigeix a l&#8217;alcalde, Marcos Serra, que prioritzi el projecte d&#8217;obertura del carrer Ametllers, a Ses Pa\u00efsses, i que aquest sigui declarat d&#8217;inter\u00e8s general amb la m\u00e0xima brevetat possible. El portaveu socialista, Antonio Lorenzo, acusa l&#8217;alcalde de &#8220;no complir amb la seva paraula en no dur a terme el&hellip;","og_url":"https:\/\/www.psib-psoe.org\/eivissa\/el-psoe-exigeix-a-marcos-serra-que-prioritzi-lobertura-del-carrer-ametllers-de-ses-paisses-i-que-el-projecte-sigui-declarat-dinteres-general\/","og_site_name":"Federaci\u00f3 Socialista d&#039;Eivissa","article_published_time":"2025-01-16T12:45:53+00:00","article_modified_time":"2025-01-16T12:46:05+00:00","og_image":[{"width":905,"height":681,"url":"https:\/\/www.psib-psoe.org\/eivissa\/wp-content\/uploads\/carrer-ametllers.png","type":"image\/png"}],"author":"adminpsib","twitter_card":"summary_large_image","twitter_misc":{"Escrit per":"adminpsib","Temps estimat de lectura":"2 minuts"},"schema":{"@context":"https:\/\/schema.org","@graph":[{"@type":["Article","BlogPosting"],"@id":"https:\/\/www.psib-psoe.org\/eivissa\/el-psoe-exigeix-a-marcos-serra-que-prioritzi-lobertura-del-carrer-ametllers-de-ses-paisses-i-que-el-projecte-sigui-declarat-dinteres-general\/#article","isPartOf":{"@id":"https:\/\/www.psib-psoe.org\/eivissa\/el-psoe-exigeix-a-marcos-serra-que-prioritzi-lobertura-del-carrer-ametllers-de-ses-paisses-i-que-el-projecte-sigui-declarat-dinteres-general\/"},"author":{"name":"adminpsib","@id":"https:\/\/www.psib-psoe.org\/eivissa\/#\/schema\/person\/099ab3ef73a3645a1d7f303518e6ce24"},"headline":"El PSOE exigeix a Marcos Serra que prioritzi l&#8217;obertura del carrer Ametllers de Ses Pa\u00efsses i que el projecte sigui declarat d&#8217;inter\u00e8s general","datePublished":"2025-01-16T12:45:53+00:00","dateModified":"2025-01-16T12:46:05+00:00","mainEntityOfPage":{"@id":"https:\/\/www.psib-psoe.org\/eivissa\/el-psoe-exigeix-a-marcos-serra-que-prioritzi-lobertura-del-carrer-ametllers-de-ses-paisses-i-que-el-projecte-sigui-declarat-dinteres-general\/"},"wordCount":343,"publisher":{"@id":"https:\/\/www.psib-psoe.org\/eivissa\/#organization"},"image":{"@id":"https:\/\/www.psib-psoe.org\/eivissa\/el-psoe-exigeix-a-marcos-serra-que-prioritzi-lobertura-del-carrer-ametllers-de-ses-paisses-i-que-el-projecte-sigui-declarat-dinteres-general\/#primaryimage"},"thumbnailUrl":"https:\/\/www.psib-psoe.org\/eivissa\/wp-content\/uploads\/carrer-ametllers.png","articleSection":["Federaci\u00f3 d'Eivissa - Portada","Municipis","Sant Antoni de Portmany"],"inLanguage":"ca"},{"@type":"WebPage","@id":"https:\/\/www.psib-psoe.org\/eivissa\/el-psoe-exigeix-a-marcos-serra-que-prioritzi-lobertura-del-carrer-ametllers-de-ses-paisses-i-que-el-projecte-sigui-declarat-dinteres-general\/","url":"https:\/\/www.psib-psoe.org\/eivissa\/el-psoe-exigeix-a-marcos-serra-que-prioritzi-lobertura-del-carrer-ametllers-de-ses-paisses-i-que-el-projecte-sigui-declarat-dinteres-general\/","name":"El PSOE exigeix a Marcos Serra que prioritzi l'obertura del carrer Ametllers de Ses Pa\u00efsses i que el projecte sigui declarat d'inter\u00e8s general - Federaci\u00f3 Socialista d&#039;Eivissa","isPartOf":{"@id":"https:\/\/www.psib-psoe.org\/eivissa\/#website"},"primaryImageOfPage":{"@id":"https:\/\/www.psib-psoe.org\/eivissa\/el-psoe-exigeix-a-marcos-serra-que-prioritzi-lobertura-del-carrer-ametllers-de-ses-paisses-i-que-el-projecte-sigui-declarat-dinteres-general\/#primaryimage"},"image":{"@id":"https:\/\/www.psib-psoe.org\/eivissa\/el-psoe-exigeix-a-marcos-serra-que-prioritzi-lobertura-del-carrer-ametllers-de-ses-paisses-i-que-el-projecte-sigui-declarat-dinteres-general\/#primaryimage"},"thumbnailUrl":"https:\/\/www.psib-psoe.org\/eivissa\/wp-content\/uploads\/carrer-ametllers.png","datePublished":"2025-01-16T12:45:53+00:00","dateModified":"2025-01-16T12:46:05+00:00","breadcrumb":{"@id":"https:\/\/www.psib-psoe.org\/eivissa\/el-psoe-exigeix-a-marcos-serra-que-prioritzi-lobertura-del-carrer-ametllers-de-ses-paisses-i-que-el-projecte-sigui-declarat-dinteres-general\/#breadcrumb"},"inLanguage":"ca","potentialAction":[{"@type":"ReadAction","target":["https:\/\/www.psib-psoe.org\/eivissa\/el-psoe-exigeix-a-marcos-serra-que-prioritzi-lobertura-del-carrer-ametllers-de-ses-paisses-i-que-el-projecte-sigui-declarat-dinteres-general\/"]}]},{"@type":"ImageObject","inLanguage":"ca","@id":"https:\/\/www.psib-psoe.org\/eivissa\/el-psoe-exigeix-a-marcos-serra-que-prioritzi-lobertura-del-carrer-ametllers-de-ses-paisses-i-que-el-projecte-sigui-declarat-dinteres-general\/#primaryimage","url":"https:\/\/www.psib-psoe.org\/eivissa\/wp-content\/uploads\/carrer-ametllers.png","contentUrl":"https:\/\/www.psib-psoe.org\/eivissa\/wp-content\/uploads\/carrer-ametllers.png","width":905,"height":681},{"@type":"BreadcrumbList","@id":"https:\/\/www.psib-psoe.org\/eivissa\/el-psoe-exigeix-a-marcos-serra-que-prioritzi-lobertura-del-carrer-ametllers-de-ses-paisses-i-que-el-projecte-sigui-declarat-dinteres-general\/#breadcrumb","itemListElement":[{"@type":"ListItem","position":1,"name":"Inici","item":"https:\/\/www.psib-psoe.org\/eivissa\/"},{"@type":"ListItem","position":2,"name":"El PSOE exigeix a Marcos Serra que prioritzi l&#8217;obertura del carrer Ametllers de Ses Pa\u00efsses i que el projecte sigui declarat d&#8217;inter\u00e8s general"}]},{"@type":"WebSite","@id":"https:\/\/www.psib-psoe.org\/eivissa\/#website","url":"https:\/\/www.psib-psoe.org\/eivissa\/","name":"Federaci\u00f3 Socialista d'Eivissa","description":"Socialistes d&#039;Eivissa","publisher":{"@id":"https:\/\/www.psib-psoe.org\/eivissa\/#organization"},"potentialAction":[{"@type":"SearchAction","target":{"@type":"EntryPoint","urlTemplate":"https:\/\/www.psib-psoe.org\/eivissa\/?s={search_term_string}"},"query-input":{"@type":"PropertyValueSpecification","valueRequired":true,"valueName":"search_term_string"}}],"inLanguage":"ca"},{"@type":"Organization","@id":"https:\/\/www.psib-psoe.org\/eivissa\/#organization","name":"Federaci\u00f3 Socialista d'Eivissa","url":"https:\/\/www.psib-psoe.org\/eivissa\/","logo":{"@type":"ImageObject","inLanguage":"ca","@id":"https:\/\/www.psib-psoe.org\/eivissa\/#\/schema\/logo\/image\/","url":"https:\/\/www.psib-psoe.org\/eivissa\/wp-content\/uploads\/LOGO-FSE-SOCIALISTA-DEIVISSA-HORI.png","contentUrl":"https:\/\/www.psib-psoe.org\/eivissa\/wp-content\/uploads\/LOGO-FSE-SOCIALISTA-DEIVISSA-HORI.png","width":6000,"height":3104,"caption":"Federaci\u00f3 Socialista d'Eivissa"},"image":{"@id":"https:\/\/www.psib-psoe.org\/eivissa\/#\/schema\/logo\/image\/"}},{"@type":"Person","@id":"https:\/\/www.psib-psoe.org\/eivissa\/#\/schema\/person\/099ab3ef73a3645a1d7f303518e6ce24","name":"adminpsib","url":"https:\/\/www.psib-psoe.org\/eivissa\/author\/adminpsib\/"}]}},"_links":{"self":[{"href":"https:\/\/www.psib-psoe.org\/eivissa\/wp-json\/wp\/v2\/posts\/40226","targetHints":{"allow":["GET"]}}],"collection":[{"href":"https:\/\/www.psib-psoe.org\/eivissa\/wp-json\/wp\/v2\/posts"}],"about":[{"href":"https:\/\/www.psib-psoe.org\/eivissa\/wp-json\/wp\/v2\/types\/post"}],"author":[{"embeddable":true,"href":"https:\/\/www.psib-psoe.org\/eivissa\/wp-json\/wp\/v2\/users\/1"}],"replies":[{"embeddable":true,"href":"https:\/\/www.psib-psoe.org\/eivissa\/wp-json\/wp\/v2\/comments?post=40226"}],"version-history":[{"count":2,"href":"https:\/\/www.psib-psoe.org\/eivissa\/wp-json\/wp\/v2\/posts\/40226\/revisions"}],"predecessor-version":[{"id":40229,"href":"https:\/\/www.psib-psoe.org\/eivissa\/wp-json\/wp\/v2\/posts\/40226\/revisions\/40229"}],"wp:featuredmedia":[{"embeddable":true,"href":"https:\/\/www.psib-psoe.org\/eivissa\/wp-json\/wp\/v2\/media\/40227"}],"wp:attachment":[{"href":"https:\/\/www.psib-psoe.org\/eivissa\/wp-json\/wp\/v2\/media?parent=40226"}],"wp:term":[{"taxonomy":"category","embeddable":true,"href":"https:\/\/www.psib-psoe.org\/eivissa\/wp-json\/wp\/v2\/categories?post=40226"},{"taxonomy":"post_tag","embeddable":true,"href":"https:\/\/www.psib-psoe.org\/eivissa\/wp-json\/wp\/v2\/tags?post=40226"}],"curies":[{"name":"wp","href":"https:\/\/api.w.org\/{rel}","templated":true}]}}