{"id":40297,"date":"2025-02-03T14:36:15","date_gmt":"2025-02-03T12:36:15","guid":{"rendered":"https:\/\/www.psib-psoe.org\/eivissa\/?p=40297"},"modified":"2025-02-03T14:36:15","modified_gmt":"2025-02-03T12:36:15","slug":"el-psoe-proposa-mesures-per-perseguir-les-festes-illegals-en-habitatges-i-incloure-hi-les-platges-i-els-espais-naturals-el-pp-del-parlament-balear-desestima-les-peticions-del-consell-de","status":"publish","type":"post","link":"https:\/\/www.psib-psoe.org\/eivissa\/el-psoe-proposa-mesures-per-perseguir-les-festes-illegals-en-habitatges-i-incloure-hi-les-platges-i-els-espais-naturals-el-pp-del-parlament-balear-desestima-les-peticions-del-consell-de\/","title":{"rendered":"El PSOE proposa mesures per perseguir les festes il\u00b7legals en habitatges i incloure-hi les platges i els espais naturals.&nbsp;El PP del Parlament balear desestima les peticions del Consell d\u2019Eivissa, desautoritzant aix\u00ed a Vicent Mar\u00ed"},"content":{"rendered":"\n<p>El PSOE proposa mesures per perseguir les festes il\u00b7legals en habitatges i incloure-hi les platges i els espais naturals. Per contra, el PP del Parlament balear no nom\u00e9s ha desestimat les peticions del Consell d\u2019Eivissa en relaci\u00f3 amb la tramitaci\u00f3 de la llei, desautoritzant aix\u00ed a Vicent Mar\u00ed, qui al mateix temps \u00e9s diputat i anir\u00e0 en contra del que defensava fa nom\u00e9s uns mesos, sin\u00f3 que hi vol afegir retallades a les restriccions perqu\u00e8 no tenguin efecte.<\/p>\n\n\n\n<p>Els diputats Pilar Costa i \u00c0lex Pitaluga, acompanyats de la portaveu al Consell Insular, Elena L\u00f3pez, han explicat avui les propostes del PSOE durant la tramitaci\u00f3 de la Proposici\u00f3 de llei per prevenir la celebraci\u00f3 de festes en habitatges que es comercialitzen com a estades tur\u00edstiques. Aquesta iniciativa legislativa, presentada per M\u00e9s per Menorca, t\u00e9 com a objectiu protegir el descans dels residents i evitar l\u2019impacte negatiu d\u2019aquestes activitats a les zones residencials i naturals de les Illes Balears.<\/p>\n\n\n\n<p>Pilar Costa ha explicat que \u201cen la tramitaci\u00f3 d&#8217;aquesta llei, fa ara uns mesos, es va reunir la Comissi\u00f3 de Consells Insulars all\u00ed on el Consell Insular d&#8217;Eivissa va dir que trobava que la llei era insuficient; el senyor Mariano Juan, concretament, va dir que tot aix\u00f2 era insuficient i que, per tant, s\u2019havia d\u2019endurir m\u00e9s la llei. I el que ens hem trobat \u00e9s tot el contrari: Que el Partit Popular del senyor Vicent Mar\u00ed, que \u00e9s, a m\u00e9s a m\u00e9s diputat, ha presentat unes esmenes en el Parlament de les Illes Balears demanant la derogaci\u00f3 i que estan en contra que el propietari pugui perdre aquesta llic\u00e8ncia d&#8217;activitats que tenia en cas de vulnerar la llei amb festes il\u00b7legals i amb mol\u00e8sties\u201d.<\/p>\n\n\n\n<p>El PSOE sempre ha defensat la necessitat de limitar i perseguir les festes que es realitzen en habitatges i espais naturals, ja que generen mol\u00e8sties a la ciutadania, poden posar en risc la seguretat de les persones i, en molts casos, responen a una activitat econ\u00f2mica al marge de la normativa vigent. Aquesta postura es va traduir en el Decret llei aprovat l\u2019any 2022 pel Govern progressista, que va modificar la Llei 7\/2013 per prohibir i perseguir les festes il\u00b7legals multitudin\u00e0ries amb \u00e0nim de lucre.<\/p>\n\n\n\n<p>En aquesta l\u00ednia, el PSOE ha donat suport a la nova modificaci\u00f3 de la Llei 7\/2013 plantejada per M\u00e9s per Menorca, que estableix sancions als infractors i responsabilitza els propietaris d\u2019habitatges tur\u00edstics si no prenen mesures per evitar aquestes festes. A m\u00e9s, el Grup Parlamentari Socialista ha presentat esmenes per refor\u00e7ar la regulaci\u00f3 i garantir-ne una aplicaci\u00f3 efectiva, com ha explicat \u00c0lex Pitaluga.<\/p>\n\n\n\n<p>En primer lloc, sobre la protecci\u00f3 del domini p\u00fablic mar\u00edtim-terrestre: Es proposa la prohibici\u00f3 de festes i espectacles en platges i espais naturals, llevat d\u2019excepcions justificades per tradici\u00f3 i limitades a aquelles que existien abans de fa 10 anys. Aix\u00f2 respon a la necessitat de frenar la privatitzaci\u00f3 d\u2019espais p\u00fablics, com ja passa, per exemple, a Cala Gracioneta.<\/p>\n\n\n\n<p>El PSOE tamb\u00e9 proposa incloure una disposici\u00f3 addicional perqu\u00e8 els ajuntaments desenvolupin una ordenan\u00e7a municipal espec\u00edfica per regular aquestes activitats, respectant aix\u00ed l\u2019autonomia local i facilitant l\u2019aplicaci\u00f3 de la norma.<\/p>\n\n\n\n<p>A m\u00e9s a m\u00e9s, es proposa que no presentar l\u2019autoritzaci\u00f3 de comercialitzaci\u00f3 de l\u2019habitatge o el contracte de lloguer sigui considerat una infracci\u00f3 m\u00e9s greu.<\/p>\n\n\n\n<p>Per contra, el PP ha optat per presentar unes esmenes que, a la pr\u00e0ctica, deixen sense efecte el contingut de la llei, eliminant la possibilitat de retirar la llic\u00e8ncia tur\u00edstica als propietaris que permetin aquestes festes i establint mesures poc efectives com exigir als propietaris que requereixin als seus clients que abandonin l\u2019habitatge en 24 hores, com a simple comunicaci\u00f3 sense m\u00e9s efectes legals.&nbsp;<\/p>\n\n\n\n<p>El gir del PP d\u2019Eivissa, passant de demanar m\u00e9s duresa a permetre que el PP de Marga Prohens faci tot el contrari, \u00e9s \u201cuna mentida m\u00e9s del Consell Insular de Vicent Mar\u00ed i Mariano Juan\u201d, com ha explicat la portaveu socialista a la instituci\u00f3 insular, Elena L\u00f3pez Bonet.<\/p>\n\n\n\n<p>Elena L\u00f3pez ha recordat promeses de Mariano Juan, com la de precintar pisos tur\u00edstics, o el seu recent anunci de multar amb 40.000 euros el propietari d\u2019habitatges que es lloguen il\u00b7legalment, una q\u00fcesti\u00f3 que no \u00e9s nova, ja que est\u00e0 prevista en la Llei tur\u00edstica progressista de 2017 i a la qual el PP no nom\u00e9s hi va votar en contra, sin\u00f3 que s\u2019hi va oposar frontalment perqu\u00e8 considerava que \u201cenva\u00efa de forma descarada l\u2019\u00e0mbit privat dels propietaris\u201d, com va dir en aquest moment Miquel Jerez quan era diputat auton\u00f2mic.<\/p>\n\n\n\n<p>Elena L\u00f3pez ha volgut \u201creafirmar i a seguir denunciant aquesta situaci\u00f3 de col\u00b7lapse, que no nom\u00e9s ho estan dient els socialistes, ho estan dient empresaris del sector tur\u00edstic\u201d. \u201cExigim que es prenguin les mesures que s&#8217;han de prendre i es facin complir les lleis\u201d, a \u201cun Partit Popular i un Mariano Juan i un Vicent Mar\u00ed que l&#8217;\u00fanic que fan s\u00f3n anuncis i quan \u00e9s hora de fer feina no la fan\u201d.&nbsp;<\/p>\n","protected":false},"excerpt":{"rendered":"<p>El PSOE proposa mesures per perseguir les festes il\u00b7legals en habitatges i incloure-hi les platges i els espais naturals. Per contra, el PP del Parlament balear no nom\u00e9s ha desestimat les peticions del Consell d\u2019Eivissa en relaci\u00f3 amb la tramitaci\u00f3 de la llei, desautoritzant aix\u00ed a Vicent Mar\u00ed, qui al mateix temps \u00e9s diputat i&hellip;<\/p>\n","protected":false},"author":1,"featured_media":40296,"comment_status":"closed","ping_status":"closed","sticky":false,"template":"","format":"standard","meta":{"footnotes":""},"categories":[192,1,191],"tags":[],"class_list":["post-40297","post","type-post","status-publish","format-standard","has-post-thumbnail","hentry","category-consell-deivissa","category-federacio-de-eivissa-portada","category-govern-de-les-illes-balears-parlament"],"yoast_head":"<!-- This site is optimized with the Yoast SEO plugin v26.9 - https:\/\/yoast.com\/product\/yoast-seo-wordpress\/ -->\n<title>El PSOE proposa mesures per perseguir les festes il\u00b7legals en habitatges i incloure-hi les platges i els espais naturals.&nbsp;El PP del Parlament balear desestima les peticions del Consell d\u2019Eivissa, desautoritzant aix\u00ed a Vicent Mar\u00ed - Federaci\u00f3 Socialista d&#039;Eivissa<\/title>\n<meta name=\"robots\" content=\"index, follow, max-snippet:-1, max-image-preview:large, max-video-preview:-1\" \/>\n<link rel=\"canonical\" href=\"https:\/\/www.psib-psoe.org\/eivissa\/el-psoe-proposa-mesures-per-perseguir-les-festes-illegals-en-habitatges-i-incloure-hi-les-platges-i-els-espais-naturals-el-pp-del-parlament-balear-desestima-les-peticions-del-consell-de\/\" \/>\n<meta property=\"og:locale\" content=\"ca_ES\" \/>\n<meta property=\"og:type\" content=\"article\" \/>\n<meta property=\"og:title\" content=\"El PSOE proposa mesures per perseguir les festes il\u00b7legals en habitatges i incloure-hi les platges i els espais naturals.&nbsp;El PP del Parlament balear desestima les peticions del Consell d\u2019Eivissa, desautoritzant aix\u00ed a Vicent Mar\u00ed - Federaci\u00f3 Socialista d&#039;Eivissa\" \/>\n<meta property=\"og:description\" content=\"El PSOE proposa mesures per perseguir les festes il\u00b7legals en habitatges i incloure-hi les platges i els espais naturals. Per contra, el PP del Parlament balear no nom\u00e9s ha desestimat les peticions del Consell d\u2019Eivissa en relaci\u00f3 amb la tramitaci\u00f3 de la llei, desautoritzant aix\u00ed a Vicent Mar\u00ed, qui al mateix temps \u00e9s diputat i&hellip;\" \/>\n<meta property=\"og:url\" content=\"https:\/\/www.psib-psoe.org\/eivissa\/el-psoe-proposa-mesures-per-perseguir-les-festes-illegals-en-habitatges-i-incloure-hi-les-platges-i-els-espais-naturals-el-pp-del-parlament-balear-desestima-les-peticions-del-consell-de\/\" \/>\n<meta property=\"og:site_name\" content=\"Federaci\u00f3 Socialista d&#039;Eivissa\" \/>\n<meta property=\"article:published_time\" content=\"2025-02-03T12:36:15+00:00\" \/>\n<meta property=\"og:image\" content=\"https:\/\/www.psib-psoe.org\/eivissa\/wp-content\/uploads\/dsc06427-1.jpg\" \/>\n\t<meta property=\"og:image:width\" content=\"1920\" \/>\n\t<meta property=\"og:image:height\" content=\"1080\" \/>\n\t<meta property=\"og:image:type\" content=\"image\/jpeg\" \/>\n<meta name=\"author\" content=\"adminpsib\" \/>\n<meta name=\"twitter:card\" content=\"summary_large_image\" \/>\n<meta name=\"twitter:label1\" content=\"Escrit per\" \/>\n\t<meta name=\"twitter:data1\" content=\"adminpsib\" \/>\n\t<meta name=\"twitter:label2\" content=\"Temps estimat de lectura\" \/>\n\t<meta name=\"twitter:data2\" content=\"4 minuts\" \/>\n<script type=\"application\/ld+json\" class=\"yoast-schema-graph\">{\"@context\":\"https:\/\/schema.org\",\"@graph\":[{\"@type\":[\"Article\",\"BlogPosting\"],\"@id\":\"https:\/\/www.psib-psoe.org\/eivissa\/el-psoe-proposa-mesures-per-perseguir-les-festes-illegals-en-habitatges-i-incloure-hi-les-platges-i-els-espais-naturals-el-pp-del-parlament-balear-desestima-les-peticions-del-consell-de\/#article\",\"isPartOf\":{\"@id\":\"https:\/\/www.psib-psoe.org\/eivissa\/el-psoe-proposa-mesures-per-perseguir-les-festes-illegals-en-habitatges-i-incloure-hi-les-platges-i-els-espais-naturals-el-pp-del-parlament-balear-desestima-les-peticions-del-consell-de\/\"},\"author\":{\"name\":\"adminpsib\",\"@id\":\"https:\/\/www.psib-psoe.org\/eivissa\/#\/schema\/person\/099ab3ef73a3645a1d7f303518e6ce24\"},\"headline\":\"El PSOE proposa mesures per perseguir les festes il\u00b7legals en habitatges i incloure-hi les platges i els espais naturals.&nbsp;El PP del Parlament balear desestima les peticions del Consell d\u2019Eivissa, desautoritzant aix\u00ed a Vicent Mar\u00ed\",\"datePublished\":\"2025-02-03T12:36:15+00:00\",\"mainEntityOfPage\":{\"@id\":\"https:\/\/www.psib-psoe.org\/eivissa\/el-psoe-proposa-mesures-per-perseguir-les-festes-illegals-en-habitatges-i-incloure-hi-les-platges-i-els-espais-naturals-el-pp-del-parlament-balear-desestima-les-peticions-del-consell-de\/\"},\"wordCount\":917,\"publisher\":{\"@id\":\"https:\/\/www.psib-psoe.org\/eivissa\/#organization\"},\"image\":{\"@id\":\"https:\/\/www.psib-psoe.org\/eivissa\/el-psoe-proposa-mesures-per-perseguir-les-festes-illegals-en-habitatges-i-incloure-hi-les-platges-i-els-espais-naturals-el-pp-del-parlament-balear-desestima-les-peticions-del-consell-de\/#primaryimage\"},\"thumbnailUrl\":\"https:\/\/www.psib-psoe.org\/eivissa\/wp-content\/uploads\/dsc06427-1.jpg\",\"articleSection\":[\"Consell d'Eivissa\",\"Federaci\u00f3 d'Eivissa - Portada\",\"Govern de les Illes Balears - Parlament - PSIB-PSOE\"],\"inLanguage\":\"ca\"},{\"@type\":\"WebPage\",\"@id\":\"https:\/\/www.psib-psoe.org\/eivissa\/el-psoe-proposa-mesures-per-perseguir-les-festes-illegals-en-habitatges-i-incloure-hi-les-platges-i-els-espais-naturals-el-pp-del-parlament-balear-desestima-les-peticions-del-consell-de\/\",\"url\":\"https:\/\/www.psib-psoe.org\/eivissa\/el-psoe-proposa-mesures-per-perseguir-les-festes-illegals-en-habitatges-i-incloure-hi-les-platges-i-els-espais-naturals-el-pp-del-parlament-balear-desestima-les-peticions-del-consell-de\/\",\"name\":\"El PSOE proposa mesures per perseguir les festes il\u00b7legals en habitatges i incloure-hi les platges i els espais naturals.&nbsp;El PP del Parlament balear desestima les peticions del Consell d\u2019Eivissa, desautoritzant aix\u00ed a Vicent Mar\u00ed - Federaci\u00f3 Socialista d&#039;Eivissa\",\"isPartOf\":{\"@id\":\"https:\/\/www.psib-psoe.org\/eivissa\/#website\"},\"primaryImageOfPage\":{\"@id\":\"https:\/\/www.psib-psoe.org\/eivissa\/el-psoe-proposa-mesures-per-perseguir-les-festes-illegals-en-habitatges-i-incloure-hi-les-platges-i-els-espais-naturals-el-pp-del-parlament-balear-desestima-les-peticions-del-consell-de\/#primaryimage\"},\"image\":{\"@id\":\"https:\/\/www.psib-psoe.org\/eivissa\/el-psoe-proposa-mesures-per-perseguir-les-festes-illegals-en-habitatges-i-incloure-hi-les-platges-i-els-espais-naturals-el-pp-del-parlament-balear-desestima-les-peticions-del-consell-de\/#primaryimage\"},\"thumbnailUrl\":\"https:\/\/www.psib-psoe.org\/eivissa\/wp-content\/uploads\/dsc06427-1.jpg\",\"datePublished\":\"2025-02-03T12:36:15+00:00\",\"breadcrumb\":{\"@id\":\"https:\/\/www.psib-psoe.org\/eivissa\/el-psoe-proposa-mesures-per-perseguir-les-festes-illegals-en-habitatges-i-incloure-hi-les-platges-i-els-espais-naturals-el-pp-del-parlament-balear-desestima-les-peticions-del-consell-de\/#breadcrumb\"},\"inLanguage\":\"ca\",\"potentialAction\":[{\"@type\":\"ReadAction\",\"target\":[\"https:\/\/www.psib-psoe.org\/eivissa\/el-psoe-proposa-mesures-per-perseguir-les-festes-illegals-en-habitatges-i-incloure-hi-les-platges-i-els-espais-naturals-el-pp-del-parlament-balear-desestima-les-peticions-del-consell-de\/\"]}]},{\"@type\":\"ImageObject\",\"inLanguage\":\"ca\",\"@id\":\"https:\/\/www.psib-psoe.org\/eivissa\/el-psoe-proposa-mesures-per-perseguir-les-festes-illegals-en-habitatges-i-incloure-hi-les-platges-i-els-espais-naturals-el-pp-del-parlament-balear-desestima-les-peticions-del-consell-de\/#primaryimage\",\"url\":\"https:\/\/www.psib-psoe.org\/eivissa\/wp-content\/uploads\/dsc06427-1.jpg\",\"contentUrl\":\"https:\/\/www.psib-psoe.org\/eivissa\/wp-content\/uploads\/dsc06427-1.jpg\",\"width\":1920,\"height\":1080},{\"@type\":\"BreadcrumbList\",\"@id\":\"https:\/\/www.psib-psoe.org\/eivissa\/el-psoe-proposa-mesures-per-perseguir-les-festes-illegals-en-habitatges-i-incloure-hi-les-platges-i-els-espais-naturals-el-pp-del-parlament-balear-desestima-les-peticions-del-consell-de\/#breadcrumb\",\"itemListElement\":[{\"@type\":\"ListItem\",\"position\":1,\"name\":\"Inici\",\"item\":\"https:\/\/www.psib-psoe.org\/eivissa\/\"},{\"@type\":\"ListItem\",\"position\":2,\"name\":\"El PSOE proposa mesures per perseguir les festes il\u00b7legals en habitatges i incloure-hi les platges i els espais naturals.&nbsp;El PP del Parlament balear desestima les peticions del Consell d\u2019Eivissa, desautoritzant aix\u00ed a Vicent Mar\u00ed\"}]},{\"@type\":\"WebSite\",\"@id\":\"https:\/\/www.psib-psoe.org\/eivissa\/#website\",\"url\":\"https:\/\/www.psib-psoe.org\/eivissa\/\",\"name\":\"Federaci\u00f3 Socialista d'Eivissa\",\"description\":\"Socialistes d&#039;Eivissa\",\"publisher\":{\"@id\":\"https:\/\/www.psib-psoe.org\/eivissa\/#organization\"},\"potentialAction\":[{\"@type\":\"SearchAction\",\"target\":{\"@type\":\"EntryPoint\",\"urlTemplate\":\"https:\/\/www.psib-psoe.org\/eivissa\/?s={search_term_string}\"},\"query-input\":{\"@type\":\"PropertyValueSpecification\",\"valueRequired\":true,\"valueName\":\"search_term_string\"}}],\"inLanguage\":\"ca\"},{\"@type\":\"Organization\",\"@id\":\"https:\/\/www.psib-psoe.org\/eivissa\/#organization\",\"name\":\"Federaci\u00f3 Socialista d'Eivissa\",\"url\":\"https:\/\/www.psib-psoe.org\/eivissa\/\",\"logo\":{\"@type\":\"ImageObject\",\"inLanguage\":\"ca\",\"@id\":\"https:\/\/www.psib-psoe.org\/eivissa\/#\/schema\/logo\/image\/\",\"url\":\"https:\/\/www.psib-psoe.org\/eivissa\/wp-content\/uploads\/LOGO-FSE-SOCIALISTA-DEIVISSA-HORI.png\",\"contentUrl\":\"https:\/\/www.psib-psoe.org\/eivissa\/wp-content\/uploads\/LOGO-FSE-SOCIALISTA-DEIVISSA-HORI.png\",\"width\":6000,\"height\":3104,\"caption\":\"Federaci\u00f3 Socialista d'Eivissa\"},\"image\":{\"@id\":\"https:\/\/www.psib-psoe.org\/eivissa\/#\/schema\/logo\/image\/\"}},{\"@type\":\"Person\",\"@id\":\"https:\/\/www.psib-psoe.org\/eivissa\/#\/schema\/person\/099ab3ef73a3645a1d7f303518e6ce24\",\"name\":\"adminpsib\",\"url\":\"https:\/\/www.psib-psoe.org\/eivissa\/author\/adminpsib\/\"}]}<\/script>\n<!-- \/ Yoast SEO plugin. -->","yoast_head_json":{"title":"El PSOE proposa mesures per perseguir les festes il\u00b7legals en habitatges i incloure-hi les platges i els espais naturals.&nbsp;El PP del Parlament balear desestima les peticions del Consell d\u2019Eivissa, desautoritzant aix\u00ed a Vicent Mar\u00ed - Federaci\u00f3 Socialista d&#039;Eivissa","robots":{"index":"index","follow":"follow","max-snippet":"max-snippet:-1","max-image-preview":"max-image-preview:large","max-video-preview":"max-video-preview:-1"},"canonical":"https:\/\/www.psib-psoe.org\/eivissa\/el-psoe-proposa-mesures-per-perseguir-les-festes-illegals-en-habitatges-i-incloure-hi-les-platges-i-els-espais-naturals-el-pp-del-parlament-balear-desestima-les-peticions-del-consell-de\/","og_locale":"ca_ES","og_type":"article","og_title":"El PSOE proposa mesures per perseguir les festes il\u00b7legals en habitatges i incloure-hi les platges i els espais naturals.&nbsp;El PP del Parlament balear desestima les peticions del Consell d\u2019Eivissa, desautoritzant aix\u00ed a Vicent Mar\u00ed - Federaci\u00f3 Socialista d&#039;Eivissa","og_description":"El PSOE proposa mesures per perseguir les festes il\u00b7legals en habitatges i incloure-hi les platges i els espais naturals. Per contra, el PP del Parlament balear no nom\u00e9s ha desestimat les peticions del Consell d\u2019Eivissa en relaci\u00f3 amb la tramitaci\u00f3 de la llei, desautoritzant aix\u00ed a Vicent Mar\u00ed, qui al mateix temps \u00e9s diputat i&hellip;","og_url":"https:\/\/www.psib-psoe.org\/eivissa\/el-psoe-proposa-mesures-per-perseguir-les-festes-illegals-en-habitatges-i-incloure-hi-les-platges-i-els-espais-naturals-el-pp-del-parlament-balear-desestima-les-peticions-del-consell-de\/","og_site_name":"Federaci\u00f3 Socialista d&#039;Eivissa","article_published_time":"2025-02-03T12:36:15+00:00","og_image":[{"width":1920,"height":1080,"url":"https:\/\/www.psib-psoe.org\/eivissa\/wp-content\/uploads\/dsc06427-1.jpg","type":"image\/jpeg"}],"author":"adminpsib","twitter_card":"summary_large_image","twitter_misc":{"Escrit per":"adminpsib","Temps estimat de lectura":"4 minuts"},"schema":{"@context":"https:\/\/schema.org","@graph":[{"@type":["Article","BlogPosting"],"@id":"https:\/\/www.psib-psoe.org\/eivissa\/el-psoe-proposa-mesures-per-perseguir-les-festes-illegals-en-habitatges-i-incloure-hi-les-platges-i-els-espais-naturals-el-pp-del-parlament-balear-desestima-les-peticions-del-consell-de\/#article","isPartOf":{"@id":"https:\/\/www.psib-psoe.org\/eivissa\/el-psoe-proposa-mesures-per-perseguir-les-festes-illegals-en-habitatges-i-incloure-hi-les-platges-i-els-espais-naturals-el-pp-del-parlament-balear-desestima-les-peticions-del-consell-de\/"},"author":{"name":"adminpsib","@id":"https:\/\/www.psib-psoe.org\/eivissa\/#\/schema\/person\/099ab3ef73a3645a1d7f303518e6ce24"},"headline":"El PSOE proposa mesures per perseguir les festes il\u00b7legals en habitatges i incloure-hi les platges i els espais naturals.&nbsp;El PP del Parlament balear desestima les peticions del Consell d\u2019Eivissa, desautoritzant aix\u00ed a Vicent Mar\u00ed","datePublished":"2025-02-03T12:36:15+00:00","mainEntityOfPage":{"@id":"https:\/\/www.psib-psoe.org\/eivissa\/el-psoe-proposa-mesures-per-perseguir-les-festes-illegals-en-habitatges-i-incloure-hi-les-platges-i-els-espais-naturals-el-pp-del-parlament-balear-desestima-les-peticions-del-consell-de\/"},"wordCount":917,"publisher":{"@id":"https:\/\/www.psib-psoe.org\/eivissa\/#organization"},"image":{"@id":"https:\/\/www.psib-psoe.org\/eivissa\/el-psoe-proposa-mesures-per-perseguir-les-festes-illegals-en-habitatges-i-incloure-hi-les-platges-i-els-espais-naturals-el-pp-del-parlament-balear-desestima-les-peticions-del-consell-de\/#primaryimage"},"thumbnailUrl":"https:\/\/www.psib-psoe.org\/eivissa\/wp-content\/uploads\/dsc06427-1.jpg","articleSection":["Consell d'Eivissa","Federaci\u00f3 d'Eivissa - Portada","Govern de les Illes Balears - Parlament - PSIB-PSOE"],"inLanguage":"ca"},{"@type":"WebPage","@id":"https:\/\/www.psib-psoe.org\/eivissa\/el-psoe-proposa-mesures-per-perseguir-les-festes-illegals-en-habitatges-i-incloure-hi-les-platges-i-els-espais-naturals-el-pp-del-parlament-balear-desestima-les-peticions-del-consell-de\/","url":"https:\/\/www.psib-psoe.org\/eivissa\/el-psoe-proposa-mesures-per-perseguir-les-festes-illegals-en-habitatges-i-incloure-hi-les-platges-i-els-espais-naturals-el-pp-del-parlament-balear-desestima-les-peticions-del-consell-de\/","name":"El PSOE proposa mesures per perseguir les festes il\u00b7legals en habitatges i incloure-hi les platges i els espais naturals.&nbsp;El PP del Parlament balear desestima les peticions del Consell d\u2019Eivissa, desautoritzant aix\u00ed a Vicent Mar\u00ed - Federaci\u00f3 Socialista d&#039;Eivissa","isPartOf":{"@id":"https:\/\/www.psib-psoe.org\/eivissa\/#website"},"primaryImageOfPage":{"@id":"https:\/\/www.psib-psoe.org\/eivissa\/el-psoe-proposa-mesures-per-perseguir-les-festes-illegals-en-habitatges-i-incloure-hi-les-platges-i-els-espais-naturals-el-pp-del-parlament-balear-desestima-les-peticions-del-consell-de\/#primaryimage"},"image":{"@id":"https:\/\/www.psib-psoe.org\/eivissa\/el-psoe-proposa-mesures-per-perseguir-les-festes-illegals-en-habitatges-i-incloure-hi-les-platges-i-els-espais-naturals-el-pp-del-parlament-balear-desestima-les-peticions-del-consell-de\/#primaryimage"},"thumbnailUrl":"https:\/\/www.psib-psoe.org\/eivissa\/wp-content\/uploads\/dsc06427-1.jpg","datePublished":"2025-02-03T12:36:15+00:00","breadcrumb":{"@id":"https:\/\/www.psib-psoe.org\/eivissa\/el-psoe-proposa-mesures-per-perseguir-les-festes-illegals-en-habitatges-i-incloure-hi-les-platges-i-els-espais-naturals-el-pp-del-parlament-balear-desestima-les-peticions-del-consell-de\/#breadcrumb"},"inLanguage":"ca","potentialAction":[{"@type":"ReadAction","target":["https:\/\/www.psib-psoe.org\/eivissa\/el-psoe-proposa-mesures-per-perseguir-les-festes-illegals-en-habitatges-i-incloure-hi-les-platges-i-els-espais-naturals-el-pp-del-parlament-balear-desestima-les-peticions-del-consell-de\/"]}]},{"@type":"ImageObject","inLanguage":"ca","@id":"https:\/\/www.psib-psoe.org\/eivissa\/el-psoe-proposa-mesures-per-perseguir-les-festes-illegals-en-habitatges-i-incloure-hi-les-platges-i-els-espais-naturals-el-pp-del-parlament-balear-desestima-les-peticions-del-consell-de\/#primaryimage","url":"https:\/\/www.psib-psoe.org\/eivissa\/wp-content\/uploads\/dsc06427-1.jpg","contentUrl":"https:\/\/www.psib-psoe.org\/eivissa\/wp-content\/uploads\/dsc06427-1.jpg","width":1920,"height":1080},{"@type":"BreadcrumbList","@id":"https:\/\/www.psib-psoe.org\/eivissa\/el-psoe-proposa-mesures-per-perseguir-les-festes-illegals-en-habitatges-i-incloure-hi-les-platges-i-els-espais-naturals-el-pp-del-parlament-balear-desestima-les-peticions-del-consell-de\/#breadcrumb","itemListElement":[{"@type":"ListItem","position":1,"name":"Inici","item":"https:\/\/www.psib-psoe.org\/eivissa\/"},{"@type":"ListItem","position":2,"name":"El PSOE proposa mesures per perseguir les festes il\u00b7legals en habitatges i incloure-hi les platges i els espais naturals.&nbsp;El PP del Parlament balear desestima les peticions del Consell d\u2019Eivissa, desautoritzant aix\u00ed a Vicent Mar\u00ed"}]},{"@type":"WebSite","@id":"https:\/\/www.psib-psoe.org\/eivissa\/#website","url":"https:\/\/www.psib-psoe.org\/eivissa\/","name":"Federaci\u00f3 Socialista d'Eivissa","description":"Socialistes d&#039;Eivissa","publisher":{"@id":"https:\/\/www.psib-psoe.org\/eivissa\/#organization"},"potentialAction":[{"@type":"SearchAction","target":{"@type":"EntryPoint","urlTemplate":"https:\/\/www.psib-psoe.org\/eivissa\/?s={search_term_string}"},"query-input":{"@type":"PropertyValueSpecification","valueRequired":true,"valueName":"search_term_string"}}],"inLanguage":"ca"},{"@type":"Organization","@id":"https:\/\/www.psib-psoe.org\/eivissa\/#organization","name":"Federaci\u00f3 Socialista d'Eivissa","url":"https:\/\/www.psib-psoe.org\/eivissa\/","logo":{"@type":"ImageObject","inLanguage":"ca","@id":"https:\/\/www.psib-psoe.org\/eivissa\/#\/schema\/logo\/image\/","url":"https:\/\/www.psib-psoe.org\/eivissa\/wp-content\/uploads\/LOGO-FSE-SOCIALISTA-DEIVISSA-HORI.png","contentUrl":"https:\/\/www.psib-psoe.org\/eivissa\/wp-content\/uploads\/LOGO-FSE-SOCIALISTA-DEIVISSA-HORI.png","width":6000,"height":3104,"caption":"Federaci\u00f3 Socialista d'Eivissa"},"image":{"@id":"https:\/\/www.psib-psoe.org\/eivissa\/#\/schema\/logo\/image\/"}},{"@type":"Person","@id":"https:\/\/www.psib-psoe.org\/eivissa\/#\/schema\/person\/099ab3ef73a3645a1d7f303518e6ce24","name":"adminpsib","url":"https:\/\/www.psib-psoe.org\/eivissa\/author\/adminpsib\/"}]}},"_links":{"self":[{"href":"https:\/\/www.psib-psoe.org\/eivissa\/wp-json\/wp\/v2\/posts\/40297","targetHints":{"allow":["GET"]}}],"collection":[{"href":"https:\/\/www.psib-psoe.org\/eivissa\/wp-json\/wp\/v2\/posts"}],"about":[{"href":"https:\/\/www.psib-psoe.org\/eivissa\/wp-json\/wp\/v2\/types\/post"}],"author":[{"embeddable":true,"href":"https:\/\/www.psib-psoe.org\/eivissa\/wp-json\/wp\/v2\/users\/1"}],"replies":[{"embeddable":true,"href":"https:\/\/www.psib-psoe.org\/eivissa\/wp-json\/wp\/v2\/comments?post=40297"}],"version-history":[{"count":1,"href":"https:\/\/www.psib-psoe.org\/eivissa\/wp-json\/wp\/v2\/posts\/40297\/revisions"}],"predecessor-version":[{"id":40298,"href":"https:\/\/www.psib-psoe.org\/eivissa\/wp-json\/wp\/v2\/posts\/40297\/revisions\/40298"}],"wp:featuredmedia":[{"embeddable":true,"href":"https:\/\/www.psib-psoe.org\/eivissa\/wp-json\/wp\/v2\/media\/40296"}],"wp:attachment":[{"href":"https:\/\/www.psib-psoe.org\/eivissa\/wp-json\/wp\/v2\/media?parent=40297"}],"wp:term":[{"taxonomy":"category","embeddable":true,"href":"https:\/\/www.psib-psoe.org\/eivissa\/wp-json\/wp\/v2\/categories?post=40297"},{"taxonomy":"post_tag","embeddable":true,"href":"https:\/\/www.psib-psoe.org\/eivissa\/wp-json\/wp\/v2\/tags?post=40297"}],"curies":[{"name":"wp","href":"https:\/\/api.w.org\/{rel}","templated":true}]}}