{"id":40299,"date":"2025-02-03T19:35:25","date_gmt":"2025-02-03T17:35:25","guid":{"rendered":"https:\/\/www.psib-psoe.org\/eivissa\/?p=40299"},"modified":"2025-02-03T19:35:25","modified_gmt":"2025-02-03T17:35:25","slug":"el-psoe-expressa-tot-el-seu-suport-a-pep-tur-i-cristina-ribas-davant-linici-del-judici-oral","status":"publish","type":"post","link":"https:\/\/www.psib-psoe.org\/eivissa\/el-psoe-expressa-tot-el-seu-suport-a-pep-tur-i-cristina-ribas-davant-linici-del-judici-oral\/","title":{"rendered":"El PSOE expressa tot el seu suport a Pep Tur i Cristina Ribas davant l\u2019inici del judici oral"},"content":{"rendered":"\n<p>La Federaci\u00f3 Socialista d\u2019Eivissa (FSE-PSOE) vol manifestar el seu total suport a l\u2019exalcalde de Sant Antoni de Portmany, Pep Tur, i a l\u2019exregidora Cristina Ribas davant l\u2019inici del judici oral en relaci\u00f3 amb el quiosc de Cala Graci\u00f3.<\/p>\n\n\n\n<p>Des del PSOE sempre hem defensat la seua gesti\u00f3 honesta i responsable al capdavant de l\u2019Ajuntament de Sant Antoni. Confiam plenament en la seua absoluci\u00f3, com demana la mateixa Fiscalia, i en qu\u00e8 el proc\u00e9s judicial demostrar\u00e0 que varen actuar en defensa de l\u2019inter\u00e8s general del municipi i amb absoluta transpar\u00e8ncia i d&#8217;acord amb la legalitat.<\/p>\n\n\n\n<p>Des de la FSE-PSOE lamentam profundament que una decisi\u00f3 presa des de la responsabilitat institucional, com va ser les que varen prendre en el seu moment en relaci\u00f3 al quiosc de Cala Graci\u00f3, pugui acabar als tribunals per la den\u00fancia d\u2019una empresa.<\/p>\n\n\n\n<p>El PSOE estar\u00e0 al costat de Pep Tur i Cristina Ribas en tot moment i rebutjam qualsevol intent de q\u00fcestionar la seua traject\u00f2ria pol\u00edtica i el seu comprom\u00eds amb Sant Antoni durant el seu mandat a l&#8217;ajuntament entre el 2015 i el 2019.<\/p>\n\n\n\n<p><\/p>\n\n\n\n<p><\/p>\n","protected":false},"excerpt":{"rendered":"<p>La Federaci\u00f3 Socialista d\u2019Eivissa (FSE-PSOE) vol manifestar el seu total suport a l\u2019exalcalde de Sant Antoni de Portmany, Pep Tur, i a l\u2019exregidora Cristina Ribas davant l\u2019inici del judici oral en relaci\u00f3 amb el quiosc de Cala Graci\u00f3. Des del PSOE sempre hem defensat la seua gesti\u00f3 honesta i responsable al capdavant de l\u2019Ajuntament de&hellip;<\/p>\n","protected":false},"author":1,"featured_media":36661,"comment_status":"closed","ping_status":"closed","sticky":false,"template":"","format":"standard","meta":{"footnotes":""},"categories":[1,212,234,188],"tags":[],"class_list":["post-40299","post","type-post","status-publish","format-standard","has-post-thumbnail","hentry","category-federacio-de-eivissa-portada","category-fse-psoe","category-municipis","category-sant-antoni-de-portmany"],"yoast_head":"<!-- This site is optimized with the Yoast SEO plugin v26.9 - https:\/\/yoast.com\/product\/yoast-seo-wordpress\/ -->\n<title>El PSOE expressa tot el seu suport a Pep Tur i Cristina Ribas davant l\u2019inici del judici oral - Federaci\u00f3 Socialista d&#039;Eivissa<\/title>\n<meta name=\"robots\" content=\"index, follow, max-snippet:-1, max-image-preview:large, max-video-preview:-1\" \/>\n<link rel=\"canonical\" href=\"https:\/\/www.psib-psoe.org\/eivissa\/el-psoe-expressa-tot-el-seu-suport-a-pep-tur-i-cristina-ribas-davant-linici-del-judici-oral\/\" \/>\n<meta property=\"og:locale\" content=\"ca_ES\" \/>\n<meta property=\"og:type\" content=\"article\" \/>\n<meta property=\"og:title\" content=\"El PSOE expressa tot el seu suport a Pep Tur i Cristina Ribas davant l\u2019inici del judici oral - Federaci\u00f3 Socialista d&#039;Eivissa\" \/>\n<meta property=\"og:description\" content=\"La Federaci\u00f3 Socialista d\u2019Eivissa (FSE-PSOE) vol manifestar el seu total suport a l\u2019exalcalde de Sant Antoni de Portmany, Pep Tur, i a l\u2019exregidora Cristina Ribas davant l\u2019inici del judici oral en relaci\u00f3 amb el quiosc de Cala Graci\u00f3. Des del PSOE sempre hem defensat la seua gesti\u00f3 honesta i responsable al capdavant de l\u2019Ajuntament de&hellip;\" \/>\n<meta property=\"og:url\" content=\"https:\/\/www.psib-psoe.org\/eivissa\/el-psoe-expressa-tot-el-seu-suport-a-pep-tur-i-cristina-ribas-davant-linici-del-judici-oral\/\" \/>\n<meta property=\"og:site_name\" content=\"Federaci\u00f3 Socialista d&#039;Eivissa\" \/>\n<meta property=\"article:published_time\" content=\"2025-02-03T17:35:25+00:00\" \/>\n<meta property=\"og:image\" content=\"https:\/\/www.psib-psoe.org\/eivissa\/wp-content\/uploads\/LOGO-FSE-SOCIALISTA-DEIVISSA-HORI.png\" \/>\n\t<meta property=\"og:image:width\" content=\"6000\" \/>\n\t<meta property=\"og:image:height\" content=\"3104\" \/>\n\t<meta property=\"og:image:type\" content=\"image\/png\" \/>\n<meta name=\"author\" content=\"adminpsib\" \/>\n<meta name=\"twitter:card\" content=\"summary_large_image\" \/>\n<meta name=\"twitter:label1\" content=\"Escrit per\" \/>\n\t<meta name=\"twitter:data1\" content=\"adminpsib\" \/>\n\t<meta name=\"twitter:label2\" content=\"Temps estimat de lectura\" \/>\n\t<meta name=\"twitter:data2\" content=\"1 minut\" \/>\n<script type=\"application\/ld+json\" class=\"yoast-schema-graph\">{\"@context\":\"https:\/\/schema.org\",\"@graph\":[{\"@type\":[\"Article\",\"BlogPosting\"],\"@id\":\"https:\/\/www.psib-psoe.org\/eivissa\/el-psoe-expressa-tot-el-seu-suport-a-pep-tur-i-cristina-ribas-davant-linici-del-judici-oral\/#article\",\"isPartOf\":{\"@id\":\"https:\/\/www.psib-psoe.org\/eivissa\/el-psoe-expressa-tot-el-seu-suport-a-pep-tur-i-cristina-ribas-davant-linici-del-judici-oral\/\"},\"author\":{\"name\":\"adminpsib\",\"@id\":\"https:\/\/www.psib-psoe.org\/eivissa\/#\/schema\/person\/099ab3ef73a3645a1d7f303518e6ce24\"},\"headline\":\"El PSOE expressa tot el seu suport a Pep Tur i Cristina Ribas davant l\u2019inici del judici oral\",\"datePublished\":\"2025-02-03T17:35:25+00:00\",\"mainEntityOfPage\":{\"@id\":\"https:\/\/www.psib-psoe.org\/eivissa\/el-psoe-expressa-tot-el-seu-suport-a-pep-tur-i-cristina-ribas-davant-linici-del-judici-oral\/\"},\"wordCount\":211,\"publisher\":{\"@id\":\"https:\/\/www.psib-psoe.org\/eivissa\/#organization\"},\"image\":{\"@id\":\"https:\/\/www.psib-psoe.org\/eivissa\/el-psoe-expressa-tot-el-seu-suport-a-pep-tur-i-cristina-ribas-davant-linici-del-judici-oral\/#primaryimage\"},\"thumbnailUrl\":\"https:\/\/www.psib-psoe.org\/eivissa\/wp-content\/uploads\/LOGO-FSE-SOCIALISTA-DEIVISSA-HORI.png\",\"articleSection\":[\"Federaci\u00f3 d'Eivissa - Portada\",\"FSE-PSOE\",\"Municipis\",\"Sant Antoni de Portmany\"],\"inLanguage\":\"ca\"},{\"@type\":\"WebPage\",\"@id\":\"https:\/\/www.psib-psoe.org\/eivissa\/el-psoe-expressa-tot-el-seu-suport-a-pep-tur-i-cristina-ribas-davant-linici-del-judici-oral\/\",\"url\":\"https:\/\/www.psib-psoe.org\/eivissa\/el-psoe-expressa-tot-el-seu-suport-a-pep-tur-i-cristina-ribas-davant-linici-del-judici-oral\/\",\"name\":\"El PSOE expressa tot el seu suport a Pep Tur i Cristina Ribas davant l\u2019inici del judici oral - Federaci\u00f3 Socialista d&#039;Eivissa\",\"isPartOf\":{\"@id\":\"https:\/\/www.psib-psoe.org\/eivissa\/#website\"},\"primaryImageOfPage\":{\"@id\":\"https:\/\/www.psib-psoe.org\/eivissa\/el-psoe-expressa-tot-el-seu-suport-a-pep-tur-i-cristina-ribas-davant-linici-del-judici-oral\/#primaryimage\"},\"image\":{\"@id\":\"https:\/\/www.psib-psoe.org\/eivissa\/el-psoe-expressa-tot-el-seu-suport-a-pep-tur-i-cristina-ribas-davant-linici-del-judici-oral\/#primaryimage\"},\"thumbnailUrl\":\"https:\/\/www.psib-psoe.org\/eivissa\/wp-content\/uploads\/LOGO-FSE-SOCIALISTA-DEIVISSA-HORI.png\",\"datePublished\":\"2025-02-03T17:35:25+00:00\",\"breadcrumb\":{\"@id\":\"https:\/\/www.psib-psoe.org\/eivissa\/el-psoe-expressa-tot-el-seu-suport-a-pep-tur-i-cristina-ribas-davant-linici-del-judici-oral\/#breadcrumb\"},\"inLanguage\":\"ca\",\"potentialAction\":[{\"@type\":\"ReadAction\",\"target\":[\"https:\/\/www.psib-psoe.org\/eivissa\/el-psoe-expressa-tot-el-seu-suport-a-pep-tur-i-cristina-ribas-davant-linici-del-judici-oral\/\"]}]},{\"@type\":\"ImageObject\",\"inLanguage\":\"ca\",\"@id\":\"https:\/\/www.psib-psoe.org\/eivissa\/el-psoe-expressa-tot-el-seu-suport-a-pep-tur-i-cristina-ribas-davant-linici-del-judici-oral\/#primaryimage\",\"url\":\"https:\/\/www.psib-psoe.org\/eivissa\/wp-content\/uploads\/LOGO-FSE-SOCIALISTA-DEIVISSA-HORI.png\",\"contentUrl\":\"https:\/\/www.psib-psoe.org\/eivissa\/wp-content\/uploads\/LOGO-FSE-SOCIALISTA-DEIVISSA-HORI.png\",\"width\":6000,\"height\":3104},{\"@type\":\"BreadcrumbList\",\"@id\":\"https:\/\/www.psib-psoe.org\/eivissa\/el-psoe-expressa-tot-el-seu-suport-a-pep-tur-i-cristina-ribas-davant-linici-del-judici-oral\/#breadcrumb\",\"itemListElement\":[{\"@type\":\"ListItem\",\"position\":1,\"name\":\"Inici\",\"item\":\"https:\/\/www.psib-psoe.org\/eivissa\/\"},{\"@type\":\"ListItem\",\"position\":2,\"name\":\"El PSOE expressa tot el seu suport a Pep Tur i Cristina Ribas davant l\u2019inici del judici oral\"}]},{\"@type\":\"WebSite\",\"@id\":\"https:\/\/www.psib-psoe.org\/eivissa\/#website\",\"url\":\"https:\/\/www.psib-psoe.org\/eivissa\/\",\"name\":\"Federaci\u00f3 Socialista d'Eivissa\",\"description\":\"Socialistes d&#039;Eivissa\",\"publisher\":{\"@id\":\"https:\/\/www.psib-psoe.org\/eivissa\/#organization\"},\"potentialAction\":[{\"@type\":\"SearchAction\",\"target\":{\"@type\":\"EntryPoint\",\"urlTemplate\":\"https:\/\/www.psib-psoe.org\/eivissa\/?s={search_term_string}\"},\"query-input\":{\"@type\":\"PropertyValueSpecification\",\"valueRequired\":true,\"valueName\":\"search_term_string\"}}],\"inLanguage\":\"ca\"},{\"@type\":\"Organization\",\"@id\":\"https:\/\/www.psib-psoe.org\/eivissa\/#organization\",\"name\":\"Federaci\u00f3 Socialista d'Eivissa\",\"url\":\"https:\/\/www.psib-psoe.org\/eivissa\/\",\"logo\":{\"@type\":\"ImageObject\",\"inLanguage\":\"ca\",\"@id\":\"https:\/\/www.psib-psoe.org\/eivissa\/#\/schema\/logo\/image\/\",\"url\":\"https:\/\/www.psib-psoe.org\/eivissa\/wp-content\/uploads\/LOGO-FSE-SOCIALISTA-DEIVISSA-HORI.png\",\"contentUrl\":\"https:\/\/www.psib-psoe.org\/eivissa\/wp-content\/uploads\/LOGO-FSE-SOCIALISTA-DEIVISSA-HORI.png\",\"width\":6000,\"height\":3104,\"caption\":\"Federaci\u00f3 Socialista d'Eivissa\"},\"image\":{\"@id\":\"https:\/\/www.psib-psoe.org\/eivissa\/#\/schema\/logo\/image\/\"}},{\"@type\":\"Person\",\"@id\":\"https:\/\/www.psib-psoe.org\/eivissa\/#\/schema\/person\/099ab3ef73a3645a1d7f303518e6ce24\",\"name\":\"adminpsib\",\"url\":\"https:\/\/www.psib-psoe.org\/eivissa\/author\/adminpsib\/\"}]}<\/script>\n<!-- \/ Yoast SEO plugin. -->","yoast_head_json":{"title":"El PSOE expressa tot el seu suport a Pep Tur i Cristina Ribas davant l\u2019inici del judici oral - Federaci\u00f3 Socialista d&#039;Eivissa","robots":{"index":"index","follow":"follow","max-snippet":"max-snippet:-1","max-image-preview":"max-image-preview:large","max-video-preview":"max-video-preview:-1"},"canonical":"https:\/\/www.psib-psoe.org\/eivissa\/el-psoe-expressa-tot-el-seu-suport-a-pep-tur-i-cristina-ribas-davant-linici-del-judici-oral\/","og_locale":"ca_ES","og_type":"article","og_title":"El PSOE expressa tot el seu suport a Pep Tur i Cristina Ribas davant l\u2019inici del judici oral - Federaci\u00f3 Socialista d&#039;Eivissa","og_description":"La Federaci\u00f3 Socialista d\u2019Eivissa (FSE-PSOE) vol manifestar el seu total suport a l\u2019exalcalde de Sant Antoni de Portmany, Pep Tur, i a l\u2019exregidora Cristina Ribas davant l\u2019inici del judici oral en relaci\u00f3 amb el quiosc de Cala Graci\u00f3. Des del PSOE sempre hem defensat la seua gesti\u00f3 honesta i responsable al capdavant de l\u2019Ajuntament de&hellip;","og_url":"https:\/\/www.psib-psoe.org\/eivissa\/el-psoe-expressa-tot-el-seu-suport-a-pep-tur-i-cristina-ribas-davant-linici-del-judici-oral\/","og_site_name":"Federaci\u00f3 Socialista d&#039;Eivissa","article_published_time":"2025-02-03T17:35:25+00:00","og_image":[{"width":6000,"height":3104,"url":"https:\/\/www.psib-psoe.org\/eivissa\/wp-content\/uploads\/LOGO-FSE-SOCIALISTA-DEIVISSA-HORI.png","type":"image\/png"}],"author":"adminpsib","twitter_card":"summary_large_image","twitter_misc":{"Escrit per":"adminpsib","Temps estimat de lectura":"1 minut"},"schema":{"@context":"https:\/\/schema.org","@graph":[{"@type":["Article","BlogPosting"],"@id":"https:\/\/www.psib-psoe.org\/eivissa\/el-psoe-expressa-tot-el-seu-suport-a-pep-tur-i-cristina-ribas-davant-linici-del-judici-oral\/#article","isPartOf":{"@id":"https:\/\/www.psib-psoe.org\/eivissa\/el-psoe-expressa-tot-el-seu-suport-a-pep-tur-i-cristina-ribas-davant-linici-del-judici-oral\/"},"author":{"name":"adminpsib","@id":"https:\/\/www.psib-psoe.org\/eivissa\/#\/schema\/person\/099ab3ef73a3645a1d7f303518e6ce24"},"headline":"El PSOE expressa tot el seu suport a Pep Tur i Cristina Ribas davant l\u2019inici del judici oral","datePublished":"2025-02-03T17:35:25+00:00","mainEntityOfPage":{"@id":"https:\/\/www.psib-psoe.org\/eivissa\/el-psoe-expressa-tot-el-seu-suport-a-pep-tur-i-cristina-ribas-davant-linici-del-judici-oral\/"},"wordCount":211,"publisher":{"@id":"https:\/\/www.psib-psoe.org\/eivissa\/#organization"},"image":{"@id":"https:\/\/www.psib-psoe.org\/eivissa\/el-psoe-expressa-tot-el-seu-suport-a-pep-tur-i-cristina-ribas-davant-linici-del-judici-oral\/#primaryimage"},"thumbnailUrl":"https:\/\/www.psib-psoe.org\/eivissa\/wp-content\/uploads\/LOGO-FSE-SOCIALISTA-DEIVISSA-HORI.png","articleSection":["Federaci\u00f3 d'Eivissa - Portada","FSE-PSOE","Municipis","Sant Antoni de Portmany"],"inLanguage":"ca"},{"@type":"WebPage","@id":"https:\/\/www.psib-psoe.org\/eivissa\/el-psoe-expressa-tot-el-seu-suport-a-pep-tur-i-cristina-ribas-davant-linici-del-judici-oral\/","url":"https:\/\/www.psib-psoe.org\/eivissa\/el-psoe-expressa-tot-el-seu-suport-a-pep-tur-i-cristina-ribas-davant-linici-del-judici-oral\/","name":"El PSOE expressa tot el seu suport a Pep Tur i Cristina Ribas davant l\u2019inici del judici oral - Federaci\u00f3 Socialista d&#039;Eivissa","isPartOf":{"@id":"https:\/\/www.psib-psoe.org\/eivissa\/#website"},"primaryImageOfPage":{"@id":"https:\/\/www.psib-psoe.org\/eivissa\/el-psoe-expressa-tot-el-seu-suport-a-pep-tur-i-cristina-ribas-davant-linici-del-judici-oral\/#primaryimage"},"image":{"@id":"https:\/\/www.psib-psoe.org\/eivissa\/el-psoe-expressa-tot-el-seu-suport-a-pep-tur-i-cristina-ribas-davant-linici-del-judici-oral\/#primaryimage"},"thumbnailUrl":"https:\/\/www.psib-psoe.org\/eivissa\/wp-content\/uploads\/LOGO-FSE-SOCIALISTA-DEIVISSA-HORI.png","datePublished":"2025-02-03T17:35:25+00:00","breadcrumb":{"@id":"https:\/\/www.psib-psoe.org\/eivissa\/el-psoe-expressa-tot-el-seu-suport-a-pep-tur-i-cristina-ribas-davant-linici-del-judici-oral\/#breadcrumb"},"inLanguage":"ca","potentialAction":[{"@type":"ReadAction","target":["https:\/\/www.psib-psoe.org\/eivissa\/el-psoe-expressa-tot-el-seu-suport-a-pep-tur-i-cristina-ribas-davant-linici-del-judici-oral\/"]}]},{"@type":"ImageObject","inLanguage":"ca","@id":"https:\/\/www.psib-psoe.org\/eivissa\/el-psoe-expressa-tot-el-seu-suport-a-pep-tur-i-cristina-ribas-davant-linici-del-judici-oral\/#primaryimage","url":"https:\/\/www.psib-psoe.org\/eivissa\/wp-content\/uploads\/LOGO-FSE-SOCIALISTA-DEIVISSA-HORI.png","contentUrl":"https:\/\/www.psib-psoe.org\/eivissa\/wp-content\/uploads\/LOGO-FSE-SOCIALISTA-DEIVISSA-HORI.png","width":6000,"height":3104},{"@type":"BreadcrumbList","@id":"https:\/\/www.psib-psoe.org\/eivissa\/el-psoe-expressa-tot-el-seu-suport-a-pep-tur-i-cristina-ribas-davant-linici-del-judici-oral\/#breadcrumb","itemListElement":[{"@type":"ListItem","position":1,"name":"Inici","item":"https:\/\/www.psib-psoe.org\/eivissa\/"},{"@type":"ListItem","position":2,"name":"El PSOE expressa tot el seu suport a Pep Tur i Cristina Ribas davant l\u2019inici del judici oral"}]},{"@type":"WebSite","@id":"https:\/\/www.psib-psoe.org\/eivissa\/#website","url":"https:\/\/www.psib-psoe.org\/eivissa\/","name":"Federaci\u00f3 Socialista d'Eivissa","description":"Socialistes d&#039;Eivissa","publisher":{"@id":"https:\/\/www.psib-psoe.org\/eivissa\/#organization"},"potentialAction":[{"@type":"SearchAction","target":{"@type":"EntryPoint","urlTemplate":"https:\/\/www.psib-psoe.org\/eivissa\/?s={search_term_string}"},"query-input":{"@type":"PropertyValueSpecification","valueRequired":true,"valueName":"search_term_string"}}],"inLanguage":"ca"},{"@type":"Organization","@id":"https:\/\/www.psib-psoe.org\/eivissa\/#organization","name":"Federaci\u00f3 Socialista d'Eivissa","url":"https:\/\/www.psib-psoe.org\/eivissa\/","logo":{"@type":"ImageObject","inLanguage":"ca","@id":"https:\/\/www.psib-psoe.org\/eivissa\/#\/schema\/logo\/image\/","url":"https:\/\/www.psib-psoe.org\/eivissa\/wp-content\/uploads\/LOGO-FSE-SOCIALISTA-DEIVISSA-HORI.png","contentUrl":"https:\/\/www.psib-psoe.org\/eivissa\/wp-content\/uploads\/LOGO-FSE-SOCIALISTA-DEIVISSA-HORI.png","width":6000,"height":3104,"caption":"Federaci\u00f3 Socialista d'Eivissa"},"image":{"@id":"https:\/\/www.psib-psoe.org\/eivissa\/#\/schema\/logo\/image\/"}},{"@type":"Person","@id":"https:\/\/www.psib-psoe.org\/eivissa\/#\/schema\/person\/099ab3ef73a3645a1d7f303518e6ce24","name":"adminpsib","url":"https:\/\/www.psib-psoe.org\/eivissa\/author\/adminpsib\/"}]}},"_links":{"self":[{"href":"https:\/\/www.psib-psoe.org\/eivissa\/wp-json\/wp\/v2\/posts\/40299","targetHints":{"allow":["GET"]}}],"collection":[{"href":"https:\/\/www.psib-psoe.org\/eivissa\/wp-json\/wp\/v2\/posts"}],"about":[{"href":"https:\/\/www.psib-psoe.org\/eivissa\/wp-json\/wp\/v2\/types\/post"}],"author":[{"embeddable":true,"href":"https:\/\/www.psib-psoe.org\/eivissa\/wp-json\/wp\/v2\/users\/1"}],"replies":[{"embeddable":true,"href":"https:\/\/www.psib-psoe.org\/eivissa\/wp-json\/wp\/v2\/comments?post=40299"}],"version-history":[{"count":1,"href":"https:\/\/www.psib-psoe.org\/eivissa\/wp-json\/wp\/v2\/posts\/40299\/revisions"}],"predecessor-version":[{"id":40300,"href":"https:\/\/www.psib-psoe.org\/eivissa\/wp-json\/wp\/v2\/posts\/40299\/revisions\/40300"}],"wp:featuredmedia":[{"embeddable":true,"href":"https:\/\/www.psib-psoe.org\/eivissa\/wp-json\/wp\/v2\/media\/36661"}],"wp:attachment":[{"href":"https:\/\/www.psib-psoe.org\/eivissa\/wp-json\/wp\/v2\/media?parent=40299"}],"wp:term":[{"taxonomy":"category","embeddable":true,"href":"https:\/\/www.psib-psoe.org\/eivissa\/wp-json\/wp\/v2\/categories?post=40299"},{"taxonomy":"post_tag","embeddable":true,"href":"https:\/\/www.psib-psoe.org\/eivissa\/wp-json\/wp\/v2\/tags?post=40299"}],"curies":[{"name":"wp","href":"https:\/\/api.w.org\/{rel}","templated":true}]}}