{"id":40353,"date":"2025-02-17T18:37:49","date_gmt":"2025-02-17T16:37:49","guid":{"rendered":"https:\/\/www.psib-psoe.org\/eivissa\/?p=40353"},"modified":"2025-02-17T18:37:49","modified_gmt":"2025-02-17T16:37:49","slug":"el-psoe-demana-a-vicent-mari-que-deixi-damagar-se-i-doni-una-solucio-realista-a-la-gestio-de-residus-a-eivissa","status":"publish","type":"post","link":"https:\/\/www.psib-psoe.org\/eivissa\/el-psoe-demana-a-vicent-mari-que-deixi-damagar-se-i-doni-una-solucio-realista-a-la-gestio-de-residus-a-eivissa\/","title":{"rendered":"El Psoe demana a Vicent Mar\u00ed que deixi d\u2019amagar-se i doni una soluci\u00f3 realista a la gesti\u00f3 de residus a Eivissa"},"content":{"rendered":"<p>Despr\u00e9s de les diverses declaracions dels dirigents del PP de les diferents institucions de Balears aquest cap de setmana a la nostra illa al voltant de la crisi institucional provocada per les mentides del Conseller de Medi Ambient, Jos\u00e9 Ignacio Andr\u00e9s, en el Ple del Consell d\u2019Eivissa, afirmant que tenien el vistiplau del Consell Insular de Mallorca per al trasllat de residus d&#8217;Eivissa a Mallorca, des del PSOE, ens reafirmen i volem denunciar, una vegada m\u00e9s, l&#8217;absoluta falta de transpar\u00e8ncia i la inacci\u00f3 per part del president del Consell d&#8217;Eivissa, Vicent Mar\u00ed, en un assumpte de vital import\u00e0ncia per al futur de la nostra illa com \u00e9s la gesti\u00f3 de residus.<\/p>\n<p>Portem gaireb\u00e9 sis anys exigint al Consell Insular una proposta basada en dades i estudis actualitzats que garanteixi una soluci\u00f3 viable i sostenible davant la imminent saturaci\u00f3 de l&#8217;abocador de Ca na Putxa, la vida \u00fatil del qual est\u00e0 previst\u00a0 que s\u2019esgoti en 2028. Qualsevol alternativa que es plantegi ara arriba tard per la inacci\u00f3 i la falta de claredat de l&#8217;actual equip de govern.<\/p>\n<p>El president del Consell d\u2019Eivissa, Vicent Mar\u00ed, ha assenyalat recentment la possibilitat de traslladar residus a Mallorca. No obstant aix\u00f2, ens preguntem si aquesta alternativa ha estat realment una opci\u00f3 seriosa dins la seva planificaci\u00f3 o si, en realitat, mai s&#8217;ha treballat de manera efectiva amb el Consell de Mallorca per fer-la viable. Si hi havia una planificaci\u00f3, per qu\u00e8 no s&#8217;ha avan\u00e7at en aquesta q\u00fcesti\u00f3 abans?<\/p>\n<p>La realitat \u00e9s que no hi ha cap acord concret per traslladar els residus de les Piti\u00fcses a la incineradora de Son Reus a Mallorca, i els presidents de totes dues institucions es limiten a empla\u00e7ar el Govern balear perqu\u00e8 intervingui. Mentrestant, la presidenta auton\u00f2mica, Marga Prohens, es compromet a buscar una soluci\u00f3 consensuada, per\u00f2 recorda que la gesti\u00f3 de residus \u00e9s una compet\u00e8ncia insular.<\/p>\n<p>Els problemes de gesti\u00f3 de residus a Eivissa no s\u00f3n nous, i la inacci\u00f3 del Consell ens ha portat a una situaci\u00f3 insostenible. Necessitem solucions reals, planificades i executades amb responsabilitat, no anuncis tardans que no han estat treballats amb l&#8217;antelaci\u00f3 necess\u00e0ria.<\/p>\n<p>Des del primer moment, el partit socialista s&#8217;ha posicionat de manera clara\u00a0 en contra de la construcci\u00f3 d&#8217;una incineradora a Eivissa. La nostra postura no respon a una oposici\u00f3 ideol\u00f2gica a la incineraci\u00f3 en si mateixa, sin\u00f3 als elevats costos econ\u00f2mics, socials, mediambientals i t\u00e8cnics que suposaria una infraestructura d&#8217;aquestes caracter\u00edstiques a la nostra illa. Aquesta posici\u00f3 s&#8217;ha sustentat en les dades i estudis t\u00e8cnics i jur\u00eddics disponibles, aix\u00ed com en reunions amb associacions ve\u00efnals i entitats mediambientals. En campanya electoral, no sols v\u00e0rem manifestar clarament el nostre rebuig a la incineradora, sin\u00f3 que impuls\u00e0rem una campanya espec\u00edfica en contra seva.<\/p>\n<p>Davant les opcions que el govern de Vicent Mar\u00ed\u00a0 suposadament ha valorat -l\u2019ampliaci\u00f3 de l&#8217;abocador, obertura d&#8217;un nou abocador, construcci\u00f3 d&#8217;una incineradora a Eivissa o trasllat de residus fora de l&#8217;illa-, sempre hem defensat que la menys perjudicial \u00e9s l&#8217;\u00faltima. Aix\u00ed ho hem expressat en totes les reunions mantingudes, en els plens del Consell i en les nostres declaracions p\u00fabliques, sempre oberts a escoltar qualsevol proposta d&#8217;alternativa a un problema tan greu com \u00e9s el dels residus a la nostra illa. Al contrari, Vicent Mar\u00ed ha retardat durant gaireb\u00e9 sis anys la presa de decisions, sense ser clar sobre les opcions en estudi, sense compartir informaci\u00f3 amb la ciutadania ni amb els grups pol\u00edtics i sense oferir un pla amb base t\u00e8cnica i cient\u00edfica.<\/p>\n<p>Ara, Vicent Mar\u00ed parla de consens i d&#8217;un proc\u00e9s de participaci\u00f3 ciutadana per a resoldre aquesta q\u00fcesti\u00f3, per\u00f2 sense especificar quines alternatives es valoraran, sobre la base de quines dades i estudis t\u00e8cnics i jur\u00eddics i amb quins acords previs amb el Consell de Mallorca.<\/p>\n<p>Exigim que Vicent Mar\u00ed deixi d&#8217;amagar-se darrere de discursos buits i sigui clar amb la ciutadania d\u2019Eivissa. La gesti\u00f3 de residus \u00e9s un assumpte fonamental que afecta el present i futur de la nostra illa i que no pot continuar supeditat a interessos partidistes i c\u00e0lculs electorals. Des de el partit socialista reclamem que, d&#8217;una vegada per totes, es posi sobre la taula tota la informaci\u00f3 disponible i s\u2019adoptin decisions amb responsabilitat i rigor t\u00e8cnic.<\/p>\n<p>Eivissa no pot continuar esperant mentre el temps s&#8217;esgota i el col\u00b7lapse de l&#8217;abocador de Ca na Putxa s&#8217;acosta inexorablement.<\/p>\n","protected":false},"excerpt":{"rendered":"<p>Despr\u00e9s de les diverses declaracions dels dirigents del PP de les diferents institucions de Balears aquest cap de setmana a la nostra illa al voltant de la crisi institucional provocada per les mentides del Conseller de Medi Ambient, Jos\u00e9 Ignacio Andr\u00e9s, en el Ple del Consell d\u2019Eivissa, afirmant que tenien el vistiplau del Consell Insular&hellip;<\/p>\n","protected":false},"author":1,"featured_media":38592,"comment_status":"closed","ping_status":"closed","sticky":false,"template":"","format":"standard","meta":{"footnotes":""},"categories":[192,1,212],"tags":[],"class_list":["post-40353","post","type-post","status-publish","format-standard","has-post-thumbnail","hentry","category-consell-deivissa","category-federacio-de-eivissa-portada","category-fse-psoe"],"yoast_head":"<!-- This site is optimized with the Yoast SEO plugin v26.9 - https:\/\/yoast.com\/product\/yoast-seo-wordpress\/ -->\n<title>El Psoe demana a Vicent Mar\u00ed que deixi d\u2019amagar-se i doni una soluci\u00f3 realista a la gesti\u00f3 de residus a Eivissa - Federaci\u00f3 Socialista d&#039;Eivissa<\/title>\n<meta name=\"robots\" content=\"index, follow, max-snippet:-1, max-image-preview:large, max-video-preview:-1\" \/>\n<link rel=\"canonical\" href=\"https:\/\/www.psib-psoe.org\/eivissa\/el-psoe-demana-a-vicent-mari-que-deixi-damagar-se-i-doni-una-solucio-realista-a-la-gestio-de-residus-a-eivissa\/\" \/>\n<meta property=\"og:locale\" content=\"ca_ES\" \/>\n<meta property=\"og:type\" content=\"article\" \/>\n<meta property=\"og:title\" content=\"El Psoe demana a Vicent Mar\u00ed que deixi d\u2019amagar-se i doni una soluci\u00f3 realista a la gesti\u00f3 de residus a Eivissa - Federaci\u00f3 Socialista d&#039;Eivissa\" \/>\n<meta property=\"og:description\" content=\"Despr\u00e9s de les diverses declaracions dels dirigents del PP de les diferents institucions de Balears aquest cap de setmana a la nostra illa al voltant de la crisi institucional provocada per les mentides del Conseller de Medi Ambient, Jos\u00e9 Ignacio Andr\u00e9s, en el Ple del Consell d\u2019Eivissa, afirmant que tenien el vistiplau del Consell Insular&hellip;\" \/>\n<meta property=\"og:url\" content=\"https:\/\/www.psib-psoe.org\/eivissa\/el-psoe-demana-a-vicent-mari-que-deixi-damagar-se-i-doni-una-solucio-realista-a-la-gestio-de-residus-a-eivissa\/\" \/>\n<meta property=\"og:site_name\" content=\"Federaci\u00f3 Socialista d&#039;Eivissa\" \/>\n<meta property=\"article:published_time\" content=\"2025-02-17T16:37:49+00:00\" \/>\n<meta property=\"og:image\" content=\"https:\/\/www.psib-psoe.org\/eivissa\/wp-content\/uploads\/1ca-na-putxa.jpg\" \/>\n\t<meta property=\"og:image:width\" content=\"1640\" \/>\n\t<meta property=\"og:image:height\" content=\"1232\" \/>\n\t<meta property=\"og:image:type\" content=\"image\/jpeg\" \/>\n<meta name=\"author\" content=\"adminpsib\" \/>\n<meta name=\"twitter:card\" content=\"summary_large_image\" \/>\n<meta name=\"twitter:label1\" content=\"Escrit per\" \/>\n\t<meta name=\"twitter:data1\" content=\"adminpsib\" \/>\n\t<meta name=\"twitter:label2\" content=\"Temps estimat de lectura\" \/>\n\t<meta name=\"twitter:data2\" content=\"4 minuts\" \/>\n<script type=\"application\/ld+json\" class=\"yoast-schema-graph\">{\"@context\":\"https:\/\/schema.org\",\"@graph\":[{\"@type\":[\"Article\",\"BlogPosting\"],\"@id\":\"https:\/\/www.psib-psoe.org\/eivissa\/el-psoe-demana-a-vicent-mari-que-deixi-damagar-se-i-doni-una-solucio-realista-a-la-gestio-de-residus-a-eivissa\/#article\",\"isPartOf\":{\"@id\":\"https:\/\/www.psib-psoe.org\/eivissa\/el-psoe-demana-a-vicent-mari-que-deixi-damagar-se-i-doni-una-solucio-realista-a-la-gestio-de-residus-a-eivissa\/\"},\"author\":{\"name\":\"adminpsib\",\"@id\":\"https:\/\/www.psib-psoe.org\/eivissa\/#\/schema\/person\/099ab3ef73a3645a1d7f303518e6ce24\"},\"headline\":\"El Psoe demana a Vicent Mar\u00ed que deixi d\u2019amagar-se i doni una soluci\u00f3 realista a la gesti\u00f3 de residus a Eivissa\",\"datePublished\":\"2025-02-17T16:37:49+00:00\",\"mainEntityOfPage\":{\"@id\":\"https:\/\/www.psib-psoe.org\/eivissa\/el-psoe-demana-a-vicent-mari-que-deixi-damagar-se-i-doni-una-solucio-realista-a-la-gestio-de-residus-a-eivissa\/\"},\"wordCount\":777,\"publisher\":{\"@id\":\"https:\/\/www.psib-psoe.org\/eivissa\/#organization\"},\"image\":{\"@id\":\"https:\/\/www.psib-psoe.org\/eivissa\/el-psoe-demana-a-vicent-mari-que-deixi-damagar-se-i-doni-una-solucio-realista-a-la-gestio-de-residus-a-eivissa\/#primaryimage\"},\"thumbnailUrl\":\"https:\/\/www.psib-psoe.org\/eivissa\/wp-content\/uploads\/1ca-na-putxa.jpg\",\"articleSection\":[\"Consell d'Eivissa\",\"Federaci\u00f3 d'Eivissa - Portada\",\"FSE-PSOE\"],\"inLanguage\":\"ca\"},{\"@type\":\"WebPage\",\"@id\":\"https:\/\/www.psib-psoe.org\/eivissa\/el-psoe-demana-a-vicent-mari-que-deixi-damagar-se-i-doni-una-solucio-realista-a-la-gestio-de-residus-a-eivissa\/\",\"url\":\"https:\/\/www.psib-psoe.org\/eivissa\/el-psoe-demana-a-vicent-mari-que-deixi-damagar-se-i-doni-una-solucio-realista-a-la-gestio-de-residus-a-eivissa\/\",\"name\":\"El Psoe demana a Vicent Mar\u00ed que deixi d\u2019amagar-se i doni una soluci\u00f3 realista a la gesti\u00f3 de residus a Eivissa - Federaci\u00f3 Socialista d&#039;Eivissa\",\"isPartOf\":{\"@id\":\"https:\/\/www.psib-psoe.org\/eivissa\/#website\"},\"primaryImageOfPage\":{\"@id\":\"https:\/\/www.psib-psoe.org\/eivissa\/el-psoe-demana-a-vicent-mari-que-deixi-damagar-se-i-doni-una-solucio-realista-a-la-gestio-de-residus-a-eivissa\/#primaryimage\"},\"image\":{\"@id\":\"https:\/\/www.psib-psoe.org\/eivissa\/el-psoe-demana-a-vicent-mari-que-deixi-damagar-se-i-doni-una-solucio-realista-a-la-gestio-de-residus-a-eivissa\/#primaryimage\"},\"thumbnailUrl\":\"https:\/\/www.psib-psoe.org\/eivissa\/wp-content\/uploads\/1ca-na-putxa.jpg\",\"datePublished\":\"2025-02-17T16:37:49+00:00\",\"breadcrumb\":{\"@id\":\"https:\/\/www.psib-psoe.org\/eivissa\/el-psoe-demana-a-vicent-mari-que-deixi-damagar-se-i-doni-una-solucio-realista-a-la-gestio-de-residus-a-eivissa\/#breadcrumb\"},\"inLanguage\":\"ca\",\"potentialAction\":[{\"@type\":\"ReadAction\",\"target\":[\"https:\/\/www.psib-psoe.org\/eivissa\/el-psoe-demana-a-vicent-mari-que-deixi-damagar-se-i-doni-una-solucio-realista-a-la-gestio-de-residus-a-eivissa\/\"]}]},{\"@type\":\"ImageObject\",\"inLanguage\":\"ca\",\"@id\":\"https:\/\/www.psib-psoe.org\/eivissa\/el-psoe-demana-a-vicent-mari-que-deixi-damagar-se-i-doni-una-solucio-realista-a-la-gestio-de-residus-a-eivissa\/#primaryimage\",\"url\":\"https:\/\/www.psib-psoe.org\/eivissa\/wp-content\/uploads\/1ca-na-putxa.jpg\",\"contentUrl\":\"https:\/\/www.psib-psoe.org\/eivissa\/wp-content\/uploads\/1ca-na-putxa.jpg\",\"width\":1640,\"height\":1232},{\"@type\":\"BreadcrumbList\",\"@id\":\"https:\/\/www.psib-psoe.org\/eivissa\/el-psoe-demana-a-vicent-mari-que-deixi-damagar-se-i-doni-una-solucio-realista-a-la-gestio-de-residus-a-eivissa\/#breadcrumb\",\"itemListElement\":[{\"@type\":\"ListItem\",\"position\":1,\"name\":\"Inici\",\"item\":\"https:\/\/www.psib-psoe.org\/eivissa\/\"},{\"@type\":\"ListItem\",\"position\":2,\"name\":\"El Psoe demana a Vicent Mar\u00ed que deixi d\u2019amagar-se i doni una soluci\u00f3 realista a la gesti\u00f3 de residus a Eivissa\"}]},{\"@type\":\"WebSite\",\"@id\":\"https:\/\/www.psib-psoe.org\/eivissa\/#website\",\"url\":\"https:\/\/www.psib-psoe.org\/eivissa\/\",\"name\":\"Federaci\u00f3 Socialista d'Eivissa\",\"description\":\"Socialistes d&#039;Eivissa\",\"publisher\":{\"@id\":\"https:\/\/www.psib-psoe.org\/eivissa\/#organization\"},\"potentialAction\":[{\"@type\":\"SearchAction\",\"target\":{\"@type\":\"EntryPoint\",\"urlTemplate\":\"https:\/\/www.psib-psoe.org\/eivissa\/?s={search_term_string}\"},\"query-input\":{\"@type\":\"PropertyValueSpecification\",\"valueRequired\":true,\"valueName\":\"search_term_string\"}}],\"inLanguage\":\"ca\"},{\"@type\":\"Organization\",\"@id\":\"https:\/\/www.psib-psoe.org\/eivissa\/#organization\",\"name\":\"Federaci\u00f3 Socialista d'Eivissa\",\"url\":\"https:\/\/www.psib-psoe.org\/eivissa\/\",\"logo\":{\"@type\":\"ImageObject\",\"inLanguage\":\"ca\",\"@id\":\"https:\/\/www.psib-psoe.org\/eivissa\/#\/schema\/logo\/image\/\",\"url\":\"https:\/\/www.psib-psoe.org\/eivissa\/wp-content\/uploads\/LOGO-FSE-SOCIALISTA-DEIVISSA-HORI.png\",\"contentUrl\":\"https:\/\/www.psib-psoe.org\/eivissa\/wp-content\/uploads\/LOGO-FSE-SOCIALISTA-DEIVISSA-HORI.png\",\"width\":6000,\"height\":3104,\"caption\":\"Federaci\u00f3 Socialista d'Eivissa\"},\"image\":{\"@id\":\"https:\/\/www.psib-psoe.org\/eivissa\/#\/schema\/logo\/image\/\"}},{\"@type\":\"Person\",\"@id\":\"https:\/\/www.psib-psoe.org\/eivissa\/#\/schema\/person\/099ab3ef73a3645a1d7f303518e6ce24\",\"name\":\"adminpsib\",\"url\":\"https:\/\/www.psib-psoe.org\/eivissa\/author\/adminpsib\/\"}]}<\/script>\n<!-- \/ Yoast SEO plugin. -->","yoast_head_json":{"title":"El Psoe demana a Vicent Mar\u00ed que deixi d\u2019amagar-se i doni una soluci\u00f3 realista a la gesti\u00f3 de residus a Eivissa - Federaci\u00f3 Socialista d&#039;Eivissa","robots":{"index":"index","follow":"follow","max-snippet":"max-snippet:-1","max-image-preview":"max-image-preview:large","max-video-preview":"max-video-preview:-1"},"canonical":"https:\/\/www.psib-psoe.org\/eivissa\/el-psoe-demana-a-vicent-mari-que-deixi-damagar-se-i-doni-una-solucio-realista-a-la-gestio-de-residus-a-eivissa\/","og_locale":"ca_ES","og_type":"article","og_title":"El Psoe demana a Vicent Mar\u00ed que deixi d\u2019amagar-se i doni una soluci\u00f3 realista a la gesti\u00f3 de residus a Eivissa - Federaci\u00f3 Socialista d&#039;Eivissa","og_description":"Despr\u00e9s de les diverses declaracions dels dirigents del PP de les diferents institucions de Balears aquest cap de setmana a la nostra illa al voltant de la crisi institucional provocada per les mentides del Conseller de Medi Ambient, Jos\u00e9 Ignacio Andr\u00e9s, en el Ple del Consell d\u2019Eivissa, afirmant que tenien el vistiplau del Consell Insular&hellip;","og_url":"https:\/\/www.psib-psoe.org\/eivissa\/el-psoe-demana-a-vicent-mari-que-deixi-damagar-se-i-doni-una-solucio-realista-a-la-gestio-de-residus-a-eivissa\/","og_site_name":"Federaci\u00f3 Socialista d&#039;Eivissa","article_published_time":"2025-02-17T16:37:49+00:00","og_image":[{"width":1640,"height":1232,"url":"https:\/\/www.psib-psoe.org\/eivissa\/wp-content\/uploads\/1ca-na-putxa.jpg","type":"image\/jpeg"}],"author":"adminpsib","twitter_card":"summary_large_image","twitter_misc":{"Escrit per":"adminpsib","Temps estimat de lectura":"4 minuts"},"schema":{"@context":"https:\/\/schema.org","@graph":[{"@type":["Article","BlogPosting"],"@id":"https:\/\/www.psib-psoe.org\/eivissa\/el-psoe-demana-a-vicent-mari-que-deixi-damagar-se-i-doni-una-solucio-realista-a-la-gestio-de-residus-a-eivissa\/#article","isPartOf":{"@id":"https:\/\/www.psib-psoe.org\/eivissa\/el-psoe-demana-a-vicent-mari-que-deixi-damagar-se-i-doni-una-solucio-realista-a-la-gestio-de-residus-a-eivissa\/"},"author":{"name":"adminpsib","@id":"https:\/\/www.psib-psoe.org\/eivissa\/#\/schema\/person\/099ab3ef73a3645a1d7f303518e6ce24"},"headline":"El Psoe demana a Vicent Mar\u00ed que deixi d\u2019amagar-se i doni una soluci\u00f3 realista a la gesti\u00f3 de residus a Eivissa","datePublished":"2025-02-17T16:37:49+00:00","mainEntityOfPage":{"@id":"https:\/\/www.psib-psoe.org\/eivissa\/el-psoe-demana-a-vicent-mari-que-deixi-damagar-se-i-doni-una-solucio-realista-a-la-gestio-de-residus-a-eivissa\/"},"wordCount":777,"publisher":{"@id":"https:\/\/www.psib-psoe.org\/eivissa\/#organization"},"image":{"@id":"https:\/\/www.psib-psoe.org\/eivissa\/el-psoe-demana-a-vicent-mari-que-deixi-damagar-se-i-doni-una-solucio-realista-a-la-gestio-de-residus-a-eivissa\/#primaryimage"},"thumbnailUrl":"https:\/\/www.psib-psoe.org\/eivissa\/wp-content\/uploads\/1ca-na-putxa.jpg","articleSection":["Consell d'Eivissa","Federaci\u00f3 d'Eivissa - Portada","FSE-PSOE"],"inLanguage":"ca"},{"@type":"WebPage","@id":"https:\/\/www.psib-psoe.org\/eivissa\/el-psoe-demana-a-vicent-mari-que-deixi-damagar-se-i-doni-una-solucio-realista-a-la-gestio-de-residus-a-eivissa\/","url":"https:\/\/www.psib-psoe.org\/eivissa\/el-psoe-demana-a-vicent-mari-que-deixi-damagar-se-i-doni-una-solucio-realista-a-la-gestio-de-residus-a-eivissa\/","name":"El Psoe demana a Vicent Mar\u00ed que deixi d\u2019amagar-se i doni una soluci\u00f3 realista a la gesti\u00f3 de residus a Eivissa - Federaci\u00f3 Socialista d&#039;Eivissa","isPartOf":{"@id":"https:\/\/www.psib-psoe.org\/eivissa\/#website"},"primaryImageOfPage":{"@id":"https:\/\/www.psib-psoe.org\/eivissa\/el-psoe-demana-a-vicent-mari-que-deixi-damagar-se-i-doni-una-solucio-realista-a-la-gestio-de-residus-a-eivissa\/#primaryimage"},"image":{"@id":"https:\/\/www.psib-psoe.org\/eivissa\/el-psoe-demana-a-vicent-mari-que-deixi-damagar-se-i-doni-una-solucio-realista-a-la-gestio-de-residus-a-eivissa\/#primaryimage"},"thumbnailUrl":"https:\/\/www.psib-psoe.org\/eivissa\/wp-content\/uploads\/1ca-na-putxa.jpg","datePublished":"2025-02-17T16:37:49+00:00","breadcrumb":{"@id":"https:\/\/www.psib-psoe.org\/eivissa\/el-psoe-demana-a-vicent-mari-que-deixi-damagar-se-i-doni-una-solucio-realista-a-la-gestio-de-residus-a-eivissa\/#breadcrumb"},"inLanguage":"ca","potentialAction":[{"@type":"ReadAction","target":["https:\/\/www.psib-psoe.org\/eivissa\/el-psoe-demana-a-vicent-mari-que-deixi-damagar-se-i-doni-una-solucio-realista-a-la-gestio-de-residus-a-eivissa\/"]}]},{"@type":"ImageObject","inLanguage":"ca","@id":"https:\/\/www.psib-psoe.org\/eivissa\/el-psoe-demana-a-vicent-mari-que-deixi-damagar-se-i-doni-una-solucio-realista-a-la-gestio-de-residus-a-eivissa\/#primaryimage","url":"https:\/\/www.psib-psoe.org\/eivissa\/wp-content\/uploads\/1ca-na-putxa.jpg","contentUrl":"https:\/\/www.psib-psoe.org\/eivissa\/wp-content\/uploads\/1ca-na-putxa.jpg","width":1640,"height":1232},{"@type":"BreadcrumbList","@id":"https:\/\/www.psib-psoe.org\/eivissa\/el-psoe-demana-a-vicent-mari-que-deixi-damagar-se-i-doni-una-solucio-realista-a-la-gestio-de-residus-a-eivissa\/#breadcrumb","itemListElement":[{"@type":"ListItem","position":1,"name":"Inici","item":"https:\/\/www.psib-psoe.org\/eivissa\/"},{"@type":"ListItem","position":2,"name":"El Psoe demana a Vicent Mar\u00ed que deixi d\u2019amagar-se i doni una soluci\u00f3 realista a la gesti\u00f3 de residus a Eivissa"}]},{"@type":"WebSite","@id":"https:\/\/www.psib-psoe.org\/eivissa\/#website","url":"https:\/\/www.psib-psoe.org\/eivissa\/","name":"Federaci\u00f3 Socialista d'Eivissa","description":"Socialistes d&#039;Eivissa","publisher":{"@id":"https:\/\/www.psib-psoe.org\/eivissa\/#organization"},"potentialAction":[{"@type":"SearchAction","target":{"@type":"EntryPoint","urlTemplate":"https:\/\/www.psib-psoe.org\/eivissa\/?s={search_term_string}"},"query-input":{"@type":"PropertyValueSpecification","valueRequired":true,"valueName":"search_term_string"}}],"inLanguage":"ca"},{"@type":"Organization","@id":"https:\/\/www.psib-psoe.org\/eivissa\/#organization","name":"Federaci\u00f3 Socialista d'Eivissa","url":"https:\/\/www.psib-psoe.org\/eivissa\/","logo":{"@type":"ImageObject","inLanguage":"ca","@id":"https:\/\/www.psib-psoe.org\/eivissa\/#\/schema\/logo\/image\/","url":"https:\/\/www.psib-psoe.org\/eivissa\/wp-content\/uploads\/LOGO-FSE-SOCIALISTA-DEIVISSA-HORI.png","contentUrl":"https:\/\/www.psib-psoe.org\/eivissa\/wp-content\/uploads\/LOGO-FSE-SOCIALISTA-DEIVISSA-HORI.png","width":6000,"height":3104,"caption":"Federaci\u00f3 Socialista d'Eivissa"},"image":{"@id":"https:\/\/www.psib-psoe.org\/eivissa\/#\/schema\/logo\/image\/"}},{"@type":"Person","@id":"https:\/\/www.psib-psoe.org\/eivissa\/#\/schema\/person\/099ab3ef73a3645a1d7f303518e6ce24","name":"adminpsib","url":"https:\/\/www.psib-psoe.org\/eivissa\/author\/adminpsib\/"}]}},"_links":{"self":[{"href":"https:\/\/www.psib-psoe.org\/eivissa\/wp-json\/wp\/v2\/posts\/40353","targetHints":{"allow":["GET"]}}],"collection":[{"href":"https:\/\/www.psib-psoe.org\/eivissa\/wp-json\/wp\/v2\/posts"}],"about":[{"href":"https:\/\/www.psib-psoe.org\/eivissa\/wp-json\/wp\/v2\/types\/post"}],"author":[{"embeddable":true,"href":"https:\/\/www.psib-psoe.org\/eivissa\/wp-json\/wp\/v2\/users\/1"}],"replies":[{"embeddable":true,"href":"https:\/\/www.psib-psoe.org\/eivissa\/wp-json\/wp\/v2\/comments?post=40353"}],"version-history":[{"count":1,"href":"https:\/\/www.psib-psoe.org\/eivissa\/wp-json\/wp\/v2\/posts\/40353\/revisions"}],"predecessor-version":[{"id":40354,"href":"https:\/\/www.psib-psoe.org\/eivissa\/wp-json\/wp\/v2\/posts\/40353\/revisions\/40354"}],"wp:featuredmedia":[{"embeddable":true,"href":"https:\/\/www.psib-psoe.org\/eivissa\/wp-json\/wp\/v2\/media\/38592"}],"wp:attachment":[{"href":"https:\/\/www.psib-psoe.org\/eivissa\/wp-json\/wp\/v2\/media?parent=40353"}],"wp:term":[{"taxonomy":"category","embeddable":true,"href":"https:\/\/www.psib-psoe.org\/eivissa\/wp-json\/wp\/v2\/categories?post=40353"},{"taxonomy":"post_tag","embeddable":true,"href":"https:\/\/www.psib-psoe.org\/eivissa\/wp-json\/wp\/v2\/tags?post=40353"}],"curies":[{"name":"wp","href":"https:\/\/api.w.org\/{rel}","templated":true}]}}