{"id":40364,"date":"2025-02-19T13:05:52","date_gmt":"2025-02-19T11:05:52","guid":{"rendered":"https:\/\/www.psib-psoe.org\/eivissa\/?p=40364"},"modified":"2025-02-20T08:40:25","modified_gmt":"2025-02-20T06:40:25","slug":"el-psoe-deivissa-organitza-una-xerrada-amb-el-taekwondista-i-activista-damian-lopez-amb-motiu-del-dia-internacional-contra-la-lgtbifobia-a-lesport","status":"publish","type":"post","link":"https:\/\/www.psib-psoe.org\/eivissa\/el-psoe-deivissa-organitza-una-xerrada-amb-el-taekwondista-i-activista-damian-lopez-amb-motiu-del-dia-internacional-contra-la-lgtbifobia-a-lesport\/","title":{"rendered":"El PSOE d\u2019Eivissa organitza una xerrada amb el taekwondista i activista Dami\u00e1n L\u00f3pez amb motiu del Dia Internacional contra la LGTBIf\u00f2bia a l\u2019esport"},"content":{"rendered":"<div class=\"nH\">\n<div class=\"V8djrc byY\">\n<div data-num-unread-messages=\"0\" data-num-visible-messages=\"1\">\n<div class=\"ha\"><\/div>\n<\/div>\n<\/div>\n<\/div>\n<div class=\"nH\">\n<div class=\"aHU hx\">\n<div role=\"list\">\n<div class=\"h7 ie\" tabindex=\"-1\" role=\"listitem\" aria-expanded=\"true\">\n<div class=\"Bk\">\n<div class=\"G3 G2\">\n<div id=\":20e\">\n<div class=\"adn ads\" data-message-id=\"#msg-a:r-4885670370415278511\" data-legacy-message-id=\"1951de134de3767b\">\n<div class=\"gs\">\n<div class=\"\">\n<div id=\":20i\" class=\"ii gt\">\n<div id=\":20h\" class=\"a3s aiL \">\n<div dir=\"ltr\">\n<div dir=\"ltr\">\n<div class=\"gmail_quote\">\n<div dir=\"ltr\">\n<p dir=\"ltr\"><span style=\"font-size: large\">Amb motiu del Dia Internacional contra la LGTBIf\u00f2bia a l\u2019esport, que t\u00e9 lloc avui 19 de febrer, la Federaci\u00f3 Socialista d&#8217;Eivissa (FSE-PSOE) organitza la xerrada &#8220;L\u2019esport com a espai segur per a persones LGTBI&#8221; amb el taekwondista i activista LGTBI Dami\u00e1n L\u00f3pez. La trobada tendr\u00e0 lloc aquest dissabte 22 de febrer a les 18 hores a la seu de la Federaci\u00f3 Socialista d\u2019Eivissa (FSE), ubicada a Via Romana, 15 de la ciutat d\u2019Eivissa.<\/span><\/p>\n<p><span id=\"m_1618754007875479250m_3430831323337746605m_-4874766346960395293gmail-docs-internal-guid-ed7d4ae5-dddb-e074-cc78-7e59cf0d8b9b\"><span style=\"font-size: large\"><br \/>\nDami\u00e1n L\u00f3pez va ser creador del primer grup LGBTI de taekwondo del m\u00f3n i presideix el departament de Diversitat de la Federaci\u00f3 de Taekwondo del Pa\u00eds Valenci\u00e0.<\/span><\/span><\/p>\n<p>L\u2019esportista forma part del Partit Socialista del Pa\u00eds Valenci\u00e0 (PSPV-PSOE) i ha destacat per la seua implicaci\u00f3 en defensa de la inclusi\u00f3 en l\u2019esport i els drets del col\u00b7lectiu LGTBI, promovent espais m\u00e9s segurs i respectuosos per a tothom dins del m\u00f3n esportiu.<\/p>\n<p>L\u2019objectiu de la trobada \u00e9s visibilitzar la discriminaci\u00f3 que encara pateixen moltes persones LGTBI en l\u2019\u00e0mbit esportiu i generar debat sobre les pol\u00edtiques necess\u00e0ries per garantir la igualtat en aquest \u00e0mbit. A m\u00e9s, es compartir\u00e0 l\u2019experi\u00e8ncia personal i professional del ponent, aportant la seua perspectiva sobre la situaci\u00f3 actual i els reptes de futur.<\/p>\n<p>L\u2019acte est\u00e0 obert a tota la ciutadania interessada en el foment d\u2019un esport lliure de discriminaci\u00f3.<\/p>\n<\/div>\n<\/div>\n<\/div>\n<\/div>\n<\/div>\n<\/div>\n<\/div>\n<\/div>\n<\/div>\n<\/div>\n<\/div>\n<\/div>\n<\/div>\n<\/div>\n<\/div>\n<\/div>\n","protected":false},"excerpt":{"rendered":"<p>Amb motiu del Dia Internacional contra la LGTBIf\u00f2bia a l\u2019esport, que t\u00e9 lloc avui 19 de febrer, la Federaci\u00f3 Socialista d&#8217;Eivissa (FSE-PSOE) organitza la xerrada &#8220;L\u2019esport com a espai segur per a persones LGTBI&#8221; amb el taekwondista i activista LGTBI Dami\u00e1n L\u00f3pez. La trobada tendr\u00e0 lloc aquest dissabte 22 de febrer a les 18 hores&hellip;<\/p>\n","protected":false},"author":1,"featured_media":40365,"comment_status":"closed","ping_status":"closed","sticky":false,"template":"","format":"standard","meta":{"footnotes":""},"categories":[1,212],"tags":[],"class_list":["post-40364","post","type-post","status-publish","format-standard","has-post-thumbnail","hentry","category-federacio-de-eivissa-portada","category-fse-psoe"],"yoast_head":"<!-- This site is optimized with the Yoast SEO plugin v26.9 - https:\/\/yoast.com\/product\/yoast-seo-wordpress\/ -->\n<title>El PSOE d\u2019Eivissa organitza una xerrada amb el taekwondista i activista Dami\u00e1n L\u00f3pez amb motiu del Dia Internacional contra la LGTBIf\u00f2bia a l\u2019esport - Federaci\u00f3 Socialista d&#039;Eivissa<\/title>\n<meta name=\"robots\" content=\"index, follow, max-snippet:-1, max-image-preview:large, max-video-preview:-1\" \/>\n<link rel=\"canonical\" href=\"https:\/\/www.psib-psoe.org\/eivissa\/el-psoe-deivissa-organitza-una-xerrada-amb-el-taekwondista-i-activista-damian-lopez-amb-motiu-del-dia-internacional-contra-la-lgtbifobia-a-lesport\/\" \/>\n<meta property=\"og:locale\" content=\"ca_ES\" \/>\n<meta property=\"og:type\" content=\"article\" \/>\n<meta property=\"og:title\" content=\"El PSOE d\u2019Eivissa organitza una xerrada amb el taekwondista i activista Dami\u00e1n L\u00f3pez amb motiu del Dia Internacional contra la LGTBIf\u00f2bia a l\u2019esport - Federaci\u00f3 Socialista d&#039;Eivissa\" \/>\n<meta property=\"og:description\" content=\"Amb motiu del Dia Internacional contra la LGTBIf\u00f2bia a l\u2019esport, que t\u00e9 lloc avui 19 de febrer, la Federaci\u00f3 Socialista d&#8217;Eivissa (FSE-PSOE) organitza la xerrada &#8220;L\u2019esport com a espai segur per a persones LGTBI&#8221; amb el taekwondista i activista LGTBI Dami\u00e1n L\u00f3pez. La trobada tendr\u00e0 lloc aquest dissabte 22 de febrer a les 18 hores&hellip;\" \/>\n<meta property=\"og:url\" content=\"https:\/\/www.psib-psoe.org\/eivissa\/el-psoe-deivissa-organitza-una-xerrada-amb-el-taekwondista-i-activista-damian-lopez-amb-motiu-del-dia-internacional-contra-la-lgtbifobia-a-lesport\/\" \/>\n<meta property=\"og:site_name\" content=\"Federaci\u00f3 Socialista d&#039;Eivissa\" \/>\n<meta property=\"article:published_time\" content=\"2025-02-19T11:05:52+00:00\" \/>\n<meta property=\"article:modified_time\" content=\"2025-02-20T06:40:25+00:00\" \/>\n<meta property=\"og:image\" content=\"https:\/\/www.psib-psoe.org\/eivissa\/wp-content\/uploads\/TAEKWONDISTA.jpeg\" \/>\n\t<meta property=\"og:image:width\" content=\"1537\" \/>\n\t<meta property=\"og:image:height\" content=\"2048\" \/>\n\t<meta property=\"og:image:type\" content=\"image\/jpeg\" \/>\n<meta name=\"author\" content=\"adminpsib\" \/>\n<meta name=\"twitter:card\" content=\"summary_large_image\" \/>\n<meta name=\"twitter:label1\" content=\"Escrit per\" \/>\n\t<meta name=\"twitter:data1\" content=\"adminpsib\" \/>\n\t<meta name=\"twitter:label2\" content=\"Temps estimat de lectura\" \/>\n\t<meta name=\"twitter:data2\" content=\"1 minut\" \/>\n<script type=\"application\/ld+json\" class=\"yoast-schema-graph\">{\"@context\":\"https:\/\/schema.org\",\"@graph\":[{\"@type\":[\"Article\",\"BlogPosting\"],\"@id\":\"https:\/\/www.psib-psoe.org\/eivissa\/el-psoe-deivissa-organitza-una-xerrada-amb-el-taekwondista-i-activista-damian-lopez-amb-motiu-del-dia-internacional-contra-la-lgtbifobia-a-lesport\/#article\",\"isPartOf\":{\"@id\":\"https:\/\/www.psib-psoe.org\/eivissa\/el-psoe-deivissa-organitza-una-xerrada-amb-el-taekwondista-i-activista-damian-lopez-amb-motiu-del-dia-internacional-contra-la-lgtbifobia-a-lesport\/\"},\"author\":{\"name\":\"adminpsib\",\"@id\":\"https:\/\/www.psib-psoe.org\/eivissa\/#\/schema\/person\/099ab3ef73a3645a1d7f303518e6ce24\"},\"headline\":\"El PSOE d\u2019Eivissa organitza una xerrada amb el taekwondista i activista Dami\u00e1n L\u00f3pez amb motiu del Dia Internacional contra la LGTBIf\u00f2bia a l\u2019esport\",\"datePublished\":\"2025-02-19T11:05:52+00:00\",\"dateModified\":\"2025-02-20T06:40:25+00:00\",\"mainEntityOfPage\":{\"@id\":\"https:\/\/www.psib-psoe.org\/eivissa\/el-psoe-deivissa-organitza-una-xerrada-amb-el-taekwondista-i-activista-damian-lopez-amb-motiu-del-dia-internacional-contra-la-lgtbifobia-a-lesport\/\"},\"wordCount\":263,\"publisher\":{\"@id\":\"https:\/\/www.psib-psoe.org\/eivissa\/#organization\"},\"image\":{\"@id\":\"https:\/\/www.psib-psoe.org\/eivissa\/el-psoe-deivissa-organitza-una-xerrada-amb-el-taekwondista-i-activista-damian-lopez-amb-motiu-del-dia-internacional-contra-la-lgtbifobia-a-lesport\/#primaryimage\"},\"thumbnailUrl\":\"https:\/\/www.psib-psoe.org\/eivissa\/wp-content\/uploads\/TAEKWONDISTA.jpeg\",\"articleSection\":[\"Federaci\u00f3 d'Eivissa - Portada\",\"FSE-PSOE\"],\"inLanguage\":\"ca\"},{\"@type\":\"WebPage\",\"@id\":\"https:\/\/www.psib-psoe.org\/eivissa\/el-psoe-deivissa-organitza-una-xerrada-amb-el-taekwondista-i-activista-damian-lopez-amb-motiu-del-dia-internacional-contra-la-lgtbifobia-a-lesport\/\",\"url\":\"https:\/\/www.psib-psoe.org\/eivissa\/el-psoe-deivissa-organitza-una-xerrada-amb-el-taekwondista-i-activista-damian-lopez-amb-motiu-del-dia-internacional-contra-la-lgtbifobia-a-lesport\/\",\"name\":\"El PSOE d\u2019Eivissa organitza una xerrada amb el taekwondista i activista Dami\u00e1n L\u00f3pez amb motiu del Dia Internacional contra la LGTBIf\u00f2bia a l\u2019esport - Federaci\u00f3 Socialista d&#039;Eivissa\",\"isPartOf\":{\"@id\":\"https:\/\/www.psib-psoe.org\/eivissa\/#website\"},\"primaryImageOfPage\":{\"@id\":\"https:\/\/www.psib-psoe.org\/eivissa\/el-psoe-deivissa-organitza-una-xerrada-amb-el-taekwondista-i-activista-damian-lopez-amb-motiu-del-dia-internacional-contra-la-lgtbifobia-a-lesport\/#primaryimage\"},\"image\":{\"@id\":\"https:\/\/www.psib-psoe.org\/eivissa\/el-psoe-deivissa-organitza-una-xerrada-amb-el-taekwondista-i-activista-damian-lopez-amb-motiu-del-dia-internacional-contra-la-lgtbifobia-a-lesport\/#primaryimage\"},\"thumbnailUrl\":\"https:\/\/www.psib-psoe.org\/eivissa\/wp-content\/uploads\/TAEKWONDISTA.jpeg\",\"datePublished\":\"2025-02-19T11:05:52+00:00\",\"dateModified\":\"2025-02-20T06:40:25+00:00\",\"breadcrumb\":{\"@id\":\"https:\/\/www.psib-psoe.org\/eivissa\/el-psoe-deivissa-organitza-una-xerrada-amb-el-taekwondista-i-activista-damian-lopez-amb-motiu-del-dia-internacional-contra-la-lgtbifobia-a-lesport\/#breadcrumb\"},\"inLanguage\":\"ca\",\"potentialAction\":[{\"@type\":\"ReadAction\",\"target\":[\"https:\/\/www.psib-psoe.org\/eivissa\/el-psoe-deivissa-organitza-una-xerrada-amb-el-taekwondista-i-activista-damian-lopez-amb-motiu-del-dia-internacional-contra-la-lgtbifobia-a-lesport\/\"]}]},{\"@type\":\"ImageObject\",\"inLanguage\":\"ca\",\"@id\":\"https:\/\/www.psib-psoe.org\/eivissa\/el-psoe-deivissa-organitza-una-xerrada-amb-el-taekwondista-i-activista-damian-lopez-amb-motiu-del-dia-internacional-contra-la-lgtbifobia-a-lesport\/#primaryimage\",\"url\":\"https:\/\/www.psib-psoe.org\/eivissa\/wp-content\/uploads\/TAEKWONDISTA.jpeg\",\"contentUrl\":\"https:\/\/www.psib-psoe.org\/eivissa\/wp-content\/uploads\/TAEKWONDISTA.jpeg\",\"width\":1537,\"height\":2048},{\"@type\":\"BreadcrumbList\",\"@id\":\"https:\/\/www.psib-psoe.org\/eivissa\/el-psoe-deivissa-organitza-una-xerrada-amb-el-taekwondista-i-activista-damian-lopez-amb-motiu-del-dia-internacional-contra-la-lgtbifobia-a-lesport\/#breadcrumb\",\"itemListElement\":[{\"@type\":\"ListItem\",\"position\":1,\"name\":\"Inici\",\"item\":\"https:\/\/www.psib-psoe.org\/eivissa\/\"},{\"@type\":\"ListItem\",\"position\":2,\"name\":\"El PSOE d\u2019Eivissa organitza una xerrada amb el taekwondista i activista Dami\u00e1n L\u00f3pez amb motiu del Dia Internacional contra la LGTBIf\u00f2bia a l\u2019esport\"}]},{\"@type\":\"WebSite\",\"@id\":\"https:\/\/www.psib-psoe.org\/eivissa\/#website\",\"url\":\"https:\/\/www.psib-psoe.org\/eivissa\/\",\"name\":\"Federaci\u00f3 Socialista d'Eivissa\",\"description\":\"Socialistes d&#039;Eivissa\",\"publisher\":{\"@id\":\"https:\/\/www.psib-psoe.org\/eivissa\/#organization\"},\"potentialAction\":[{\"@type\":\"SearchAction\",\"target\":{\"@type\":\"EntryPoint\",\"urlTemplate\":\"https:\/\/www.psib-psoe.org\/eivissa\/?s={search_term_string}\"},\"query-input\":{\"@type\":\"PropertyValueSpecification\",\"valueRequired\":true,\"valueName\":\"search_term_string\"}}],\"inLanguage\":\"ca\"},{\"@type\":\"Organization\",\"@id\":\"https:\/\/www.psib-psoe.org\/eivissa\/#organization\",\"name\":\"Federaci\u00f3 Socialista d'Eivissa\",\"url\":\"https:\/\/www.psib-psoe.org\/eivissa\/\",\"logo\":{\"@type\":\"ImageObject\",\"inLanguage\":\"ca\",\"@id\":\"https:\/\/www.psib-psoe.org\/eivissa\/#\/schema\/logo\/image\/\",\"url\":\"https:\/\/www.psib-psoe.org\/eivissa\/wp-content\/uploads\/LOGO-FSE-SOCIALISTA-DEIVISSA-HORI.png\",\"contentUrl\":\"https:\/\/www.psib-psoe.org\/eivissa\/wp-content\/uploads\/LOGO-FSE-SOCIALISTA-DEIVISSA-HORI.png\",\"width\":6000,\"height\":3104,\"caption\":\"Federaci\u00f3 Socialista d'Eivissa\"},\"image\":{\"@id\":\"https:\/\/www.psib-psoe.org\/eivissa\/#\/schema\/logo\/image\/\"}},{\"@type\":\"Person\",\"@id\":\"https:\/\/www.psib-psoe.org\/eivissa\/#\/schema\/person\/099ab3ef73a3645a1d7f303518e6ce24\",\"name\":\"adminpsib\",\"url\":\"https:\/\/www.psib-psoe.org\/eivissa\/author\/adminpsib\/\"}]}<\/script>\n<!-- \/ Yoast SEO plugin. -->","yoast_head_json":{"title":"El PSOE d\u2019Eivissa organitza una xerrada amb el taekwondista i activista Dami\u00e1n L\u00f3pez amb motiu del Dia Internacional contra la LGTBIf\u00f2bia a l\u2019esport - Federaci\u00f3 Socialista d&#039;Eivissa","robots":{"index":"index","follow":"follow","max-snippet":"max-snippet:-1","max-image-preview":"max-image-preview:large","max-video-preview":"max-video-preview:-1"},"canonical":"https:\/\/www.psib-psoe.org\/eivissa\/el-psoe-deivissa-organitza-una-xerrada-amb-el-taekwondista-i-activista-damian-lopez-amb-motiu-del-dia-internacional-contra-la-lgtbifobia-a-lesport\/","og_locale":"ca_ES","og_type":"article","og_title":"El PSOE d\u2019Eivissa organitza una xerrada amb el taekwondista i activista Dami\u00e1n L\u00f3pez amb motiu del Dia Internacional contra la LGTBIf\u00f2bia a l\u2019esport - Federaci\u00f3 Socialista d&#039;Eivissa","og_description":"Amb motiu del Dia Internacional contra la LGTBIf\u00f2bia a l\u2019esport, que t\u00e9 lloc avui 19 de febrer, la Federaci\u00f3 Socialista d&#8217;Eivissa (FSE-PSOE) organitza la xerrada &#8220;L\u2019esport com a espai segur per a persones LGTBI&#8221; amb el taekwondista i activista LGTBI Dami\u00e1n L\u00f3pez. La trobada tendr\u00e0 lloc aquest dissabte 22 de febrer a les 18 hores&hellip;","og_url":"https:\/\/www.psib-psoe.org\/eivissa\/el-psoe-deivissa-organitza-una-xerrada-amb-el-taekwondista-i-activista-damian-lopez-amb-motiu-del-dia-internacional-contra-la-lgtbifobia-a-lesport\/","og_site_name":"Federaci\u00f3 Socialista d&#039;Eivissa","article_published_time":"2025-02-19T11:05:52+00:00","article_modified_time":"2025-02-20T06:40:25+00:00","og_image":[{"width":1537,"height":2048,"url":"https:\/\/www.psib-psoe.org\/eivissa\/wp-content\/uploads\/TAEKWONDISTA.jpeg","type":"image\/jpeg"}],"author":"adminpsib","twitter_card":"summary_large_image","twitter_misc":{"Escrit per":"adminpsib","Temps estimat de lectura":"1 minut"},"schema":{"@context":"https:\/\/schema.org","@graph":[{"@type":["Article","BlogPosting"],"@id":"https:\/\/www.psib-psoe.org\/eivissa\/el-psoe-deivissa-organitza-una-xerrada-amb-el-taekwondista-i-activista-damian-lopez-amb-motiu-del-dia-internacional-contra-la-lgtbifobia-a-lesport\/#article","isPartOf":{"@id":"https:\/\/www.psib-psoe.org\/eivissa\/el-psoe-deivissa-organitza-una-xerrada-amb-el-taekwondista-i-activista-damian-lopez-amb-motiu-del-dia-internacional-contra-la-lgtbifobia-a-lesport\/"},"author":{"name":"adminpsib","@id":"https:\/\/www.psib-psoe.org\/eivissa\/#\/schema\/person\/099ab3ef73a3645a1d7f303518e6ce24"},"headline":"El PSOE d\u2019Eivissa organitza una xerrada amb el taekwondista i activista Dami\u00e1n L\u00f3pez amb motiu del Dia Internacional contra la LGTBIf\u00f2bia a l\u2019esport","datePublished":"2025-02-19T11:05:52+00:00","dateModified":"2025-02-20T06:40:25+00:00","mainEntityOfPage":{"@id":"https:\/\/www.psib-psoe.org\/eivissa\/el-psoe-deivissa-organitza-una-xerrada-amb-el-taekwondista-i-activista-damian-lopez-amb-motiu-del-dia-internacional-contra-la-lgtbifobia-a-lesport\/"},"wordCount":263,"publisher":{"@id":"https:\/\/www.psib-psoe.org\/eivissa\/#organization"},"image":{"@id":"https:\/\/www.psib-psoe.org\/eivissa\/el-psoe-deivissa-organitza-una-xerrada-amb-el-taekwondista-i-activista-damian-lopez-amb-motiu-del-dia-internacional-contra-la-lgtbifobia-a-lesport\/#primaryimage"},"thumbnailUrl":"https:\/\/www.psib-psoe.org\/eivissa\/wp-content\/uploads\/TAEKWONDISTA.jpeg","articleSection":["Federaci\u00f3 d'Eivissa - Portada","FSE-PSOE"],"inLanguage":"ca"},{"@type":"WebPage","@id":"https:\/\/www.psib-psoe.org\/eivissa\/el-psoe-deivissa-organitza-una-xerrada-amb-el-taekwondista-i-activista-damian-lopez-amb-motiu-del-dia-internacional-contra-la-lgtbifobia-a-lesport\/","url":"https:\/\/www.psib-psoe.org\/eivissa\/el-psoe-deivissa-organitza-una-xerrada-amb-el-taekwondista-i-activista-damian-lopez-amb-motiu-del-dia-internacional-contra-la-lgtbifobia-a-lesport\/","name":"El PSOE d\u2019Eivissa organitza una xerrada amb el taekwondista i activista Dami\u00e1n L\u00f3pez amb motiu del Dia Internacional contra la LGTBIf\u00f2bia a l\u2019esport - Federaci\u00f3 Socialista d&#039;Eivissa","isPartOf":{"@id":"https:\/\/www.psib-psoe.org\/eivissa\/#website"},"primaryImageOfPage":{"@id":"https:\/\/www.psib-psoe.org\/eivissa\/el-psoe-deivissa-organitza-una-xerrada-amb-el-taekwondista-i-activista-damian-lopez-amb-motiu-del-dia-internacional-contra-la-lgtbifobia-a-lesport\/#primaryimage"},"image":{"@id":"https:\/\/www.psib-psoe.org\/eivissa\/el-psoe-deivissa-organitza-una-xerrada-amb-el-taekwondista-i-activista-damian-lopez-amb-motiu-del-dia-internacional-contra-la-lgtbifobia-a-lesport\/#primaryimage"},"thumbnailUrl":"https:\/\/www.psib-psoe.org\/eivissa\/wp-content\/uploads\/TAEKWONDISTA.jpeg","datePublished":"2025-02-19T11:05:52+00:00","dateModified":"2025-02-20T06:40:25+00:00","breadcrumb":{"@id":"https:\/\/www.psib-psoe.org\/eivissa\/el-psoe-deivissa-organitza-una-xerrada-amb-el-taekwondista-i-activista-damian-lopez-amb-motiu-del-dia-internacional-contra-la-lgtbifobia-a-lesport\/#breadcrumb"},"inLanguage":"ca","potentialAction":[{"@type":"ReadAction","target":["https:\/\/www.psib-psoe.org\/eivissa\/el-psoe-deivissa-organitza-una-xerrada-amb-el-taekwondista-i-activista-damian-lopez-amb-motiu-del-dia-internacional-contra-la-lgtbifobia-a-lesport\/"]}]},{"@type":"ImageObject","inLanguage":"ca","@id":"https:\/\/www.psib-psoe.org\/eivissa\/el-psoe-deivissa-organitza-una-xerrada-amb-el-taekwondista-i-activista-damian-lopez-amb-motiu-del-dia-internacional-contra-la-lgtbifobia-a-lesport\/#primaryimage","url":"https:\/\/www.psib-psoe.org\/eivissa\/wp-content\/uploads\/TAEKWONDISTA.jpeg","contentUrl":"https:\/\/www.psib-psoe.org\/eivissa\/wp-content\/uploads\/TAEKWONDISTA.jpeg","width":1537,"height":2048},{"@type":"BreadcrumbList","@id":"https:\/\/www.psib-psoe.org\/eivissa\/el-psoe-deivissa-organitza-una-xerrada-amb-el-taekwondista-i-activista-damian-lopez-amb-motiu-del-dia-internacional-contra-la-lgtbifobia-a-lesport\/#breadcrumb","itemListElement":[{"@type":"ListItem","position":1,"name":"Inici","item":"https:\/\/www.psib-psoe.org\/eivissa\/"},{"@type":"ListItem","position":2,"name":"El PSOE d\u2019Eivissa organitza una xerrada amb el taekwondista i activista Dami\u00e1n L\u00f3pez amb motiu del Dia Internacional contra la LGTBIf\u00f2bia a l\u2019esport"}]},{"@type":"WebSite","@id":"https:\/\/www.psib-psoe.org\/eivissa\/#website","url":"https:\/\/www.psib-psoe.org\/eivissa\/","name":"Federaci\u00f3 Socialista d'Eivissa","description":"Socialistes d&#039;Eivissa","publisher":{"@id":"https:\/\/www.psib-psoe.org\/eivissa\/#organization"},"potentialAction":[{"@type":"SearchAction","target":{"@type":"EntryPoint","urlTemplate":"https:\/\/www.psib-psoe.org\/eivissa\/?s={search_term_string}"},"query-input":{"@type":"PropertyValueSpecification","valueRequired":true,"valueName":"search_term_string"}}],"inLanguage":"ca"},{"@type":"Organization","@id":"https:\/\/www.psib-psoe.org\/eivissa\/#organization","name":"Federaci\u00f3 Socialista d'Eivissa","url":"https:\/\/www.psib-psoe.org\/eivissa\/","logo":{"@type":"ImageObject","inLanguage":"ca","@id":"https:\/\/www.psib-psoe.org\/eivissa\/#\/schema\/logo\/image\/","url":"https:\/\/www.psib-psoe.org\/eivissa\/wp-content\/uploads\/LOGO-FSE-SOCIALISTA-DEIVISSA-HORI.png","contentUrl":"https:\/\/www.psib-psoe.org\/eivissa\/wp-content\/uploads\/LOGO-FSE-SOCIALISTA-DEIVISSA-HORI.png","width":6000,"height":3104,"caption":"Federaci\u00f3 Socialista d'Eivissa"},"image":{"@id":"https:\/\/www.psib-psoe.org\/eivissa\/#\/schema\/logo\/image\/"}},{"@type":"Person","@id":"https:\/\/www.psib-psoe.org\/eivissa\/#\/schema\/person\/099ab3ef73a3645a1d7f303518e6ce24","name":"adminpsib","url":"https:\/\/www.psib-psoe.org\/eivissa\/author\/adminpsib\/"}]}},"_links":{"self":[{"href":"https:\/\/www.psib-psoe.org\/eivissa\/wp-json\/wp\/v2\/posts\/40364","targetHints":{"allow":["GET"]}}],"collection":[{"href":"https:\/\/www.psib-psoe.org\/eivissa\/wp-json\/wp\/v2\/posts"}],"about":[{"href":"https:\/\/www.psib-psoe.org\/eivissa\/wp-json\/wp\/v2\/types\/post"}],"author":[{"embeddable":true,"href":"https:\/\/www.psib-psoe.org\/eivissa\/wp-json\/wp\/v2\/users\/1"}],"replies":[{"embeddable":true,"href":"https:\/\/www.psib-psoe.org\/eivissa\/wp-json\/wp\/v2\/comments?post=40364"}],"version-history":[{"count":2,"href":"https:\/\/www.psib-psoe.org\/eivissa\/wp-json\/wp\/v2\/posts\/40364\/revisions"}],"predecessor-version":[{"id":40367,"href":"https:\/\/www.psib-psoe.org\/eivissa\/wp-json\/wp\/v2\/posts\/40364\/revisions\/40367"}],"wp:featuredmedia":[{"embeddable":true,"href":"https:\/\/www.psib-psoe.org\/eivissa\/wp-json\/wp\/v2\/media\/40365"}],"wp:attachment":[{"href":"https:\/\/www.psib-psoe.org\/eivissa\/wp-json\/wp\/v2\/media?parent=40364"}],"wp:term":[{"taxonomy":"category","embeddable":true,"href":"https:\/\/www.psib-psoe.org\/eivissa\/wp-json\/wp\/v2\/categories?post=40364"},{"taxonomy":"post_tag","embeddable":true,"href":"https:\/\/www.psib-psoe.org\/eivissa\/wp-json\/wp\/v2\/tags?post=40364"}],"curies":[{"name":"wp","href":"https:\/\/api.w.org\/{rel}","templated":true}]}}