{"id":40438,"date":"2025-03-13T11:24:36","date_gmt":"2025-03-13T09:24:36","guid":{"rendered":"https:\/\/www.psib-psoe.org\/eivissa\/?p=40438"},"modified":"2025-03-13T11:27:30","modified_gmt":"2025-03-13T09:27:30","slug":"el-psoe-celebra-labsolucio-de-lexalcalde-pep-tur-i-lexregidora-cristina-ribas-el-que-demostra-la-gestio-honesta-responsable-i-defensa-de-linteres-general-que-semp","status":"publish","type":"post","link":"https:\/\/www.psib-psoe.org\/eivissa\/el-psoe-celebra-labsolucio-de-lexalcalde-pep-tur-i-lexregidora-cristina-ribas-el-que-demostra-la-gestio-honesta-responsable-i-defensa-de-linteres-general-que-semp\/","title":{"rendered":"El PSOE celebra l\u2019absoluci\u00f3 de l\u2019exalcalde Pep Tur i l\u2019exregidora Cristina Ribas, el que demostra la gesti\u00f3 honesta, responsable i en defensa de l\u2019inter\u00e8s general que sempre va tenir l\u2019ajuntament progressista de Sant Antoni"},"content":{"rendered":"<p>La Federaci\u00f3 Socialista d\u2019Eivissa (FSE-PSOE) vol expressar p\u00fablicament la seua satisfacci\u00f3 per la sent\u00e8ncia absolut\u00f2ria dictada per l\u2019Audi\u00e8ncia Provincial de Palma en relaci\u00f3 amb l\u2019exalcalde de Sant Antoni de Portmany Pep Tur \u2018Cires\u2019 i l\u2019exregidora Cristina Ribas, acusats injustament de prevaricaci\u00f3 per aturar la instal\u00b7laci\u00f3 d\u2019un quiosc a Cala Graci\u00f3 l\u2019any 2018. El tribunal ha confirmat que la decisi\u00f3 adoptada per l\u2019Ajuntament de Sant Antoni es va ajustar a la legalitat.<\/p>\n<p>Aquesta resoluci\u00f3 reafirma la gesti\u00f3 p\u00fablica honesta, responsable i el comprom\u00eds en la defensa de l\u2019inter\u00e8s general del municipi de Portmany que sempre va demostrar Pep \u2018Cires\u2019 en els quatre anys com a alcalde.<\/p>\n<p>Des de la Federaci\u00f3 Socialista d\u2019Eivissa volem expressar la nostra felicitaci\u00f3 i suport a Pep Tur i Cristina Ribas, que han hagut de suportar durant molt de temps una acusaci\u00f3 injusta a pesar que varen actuar amb rigor i responsabilitat en l\u2019exercici de les seues funcions a l\u2019ajuntament.<\/p>\n<p>L\u2019ajuntament progressista de Sant Antoni de Portmany de 2015 a 2019 va suposar un canvi en la manera de forma d\u2019aquest municipi, on per primera vegada es va treballar decididament per un nou model tur\u00edstic, per la recuperaci\u00f3 i preservaci\u00f3 de la badia i en defensa del benestar i de l\u2019inter\u00e8s general de la ciutadania per damunt dels interessos privats d\u2019uns pocs, com havia ocorregut fins aquell moment i com tornam a veure amb l\u2019actual govern del Partit Popular.<\/p>\n","protected":false},"excerpt":{"rendered":"<p>La Federaci\u00f3 Socialista d\u2019Eivissa (FSE-PSOE) vol expressar p\u00fablicament la seua satisfacci\u00f3 per la sent\u00e8ncia absolut\u00f2ria dictada per l\u2019Audi\u00e8ncia Provincial de Palma en relaci\u00f3 amb l\u2019exalcalde de Sant Antoni de Portmany Pep Tur \u2018Cires\u2019 i l\u2019exregidora Cristina Ribas, acusats injustament de prevaricaci\u00f3 per aturar la instal\u00b7laci\u00f3 d\u2019un quiosc a Cala Graci\u00f3 l\u2019any 2018. El tribunal ha&hellip;<\/p>\n","protected":false},"author":1,"featured_media":36661,"comment_status":"closed","ping_status":"closed","sticky":false,"template":"","format":"standard","meta":{"footnotes":""},"categories":[1,212,234,188],"tags":[],"class_list":["post-40438","post","type-post","status-publish","format-standard","has-post-thumbnail","hentry","category-federacio-de-eivissa-portada","category-fse-psoe","category-municipis","category-sant-antoni-de-portmany"],"yoast_head":"<!-- This site is optimized with the Yoast SEO plugin v26.9 - https:\/\/yoast.com\/product\/yoast-seo-wordpress\/ -->\n<title>El PSOE celebra l\u2019absoluci\u00f3 de l\u2019exalcalde Pep Tur i l\u2019exregidora Cristina Ribas, el que demostra la gesti\u00f3 honesta, responsable i en defensa de l\u2019inter\u00e8s general que sempre va tenir l\u2019ajuntament progressista de Sant Antoni - Federaci\u00f3 Socialista d&#039;Eivissa<\/title>\n<meta name=\"robots\" content=\"index, follow, max-snippet:-1, max-image-preview:large, max-video-preview:-1\" \/>\n<link rel=\"canonical\" href=\"https:\/\/www.psib-psoe.org\/eivissa\/el-psoe-celebra-labsolucio-de-lexalcalde-pep-tur-i-lexregidora-cristina-ribas-el-que-demostra-la-gestio-honesta-responsable-i-defensa-de-linteres-general-que-semp\/\" \/>\n<meta property=\"og:locale\" content=\"ca_ES\" \/>\n<meta property=\"og:type\" content=\"article\" \/>\n<meta property=\"og:title\" content=\"El PSOE celebra l\u2019absoluci\u00f3 de l\u2019exalcalde Pep Tur i l\u2019exregidora Cristina Ribas, el que demostra la gesti\u00f3 honesta, responsable i en defensa de l\u2019inter\u00e8s general que sempre va tenir l\u2019ajuntament progressista de Sant Antoni - Federaci\u00f3 Socialista d&#039;Eivissa\" \/>\n<meta property=\"og:description\" content=\"La Federaci\u00f3 Socialista d\u2019Eivissa (FSE-PSOE) vol expressar p\u00fablicament la seua satisfacci\u00f3 per la sent\u00e8ncia absolut\u00f2ria dictada per l\u2019Audi\u00e8ncia Provincial de Palma en relaci\u00f3 amb l\u2019exalcalde de Sant Antoni de Portmany Pep Tur \u2018Cires\u2019 i l\u2019exregidora Cristina Ribas, acusats injustament de prevaricaci\u00f3 per aturar la instal\u00b7laci\u00f3 d\u2019un quiosc a Cala Graci\u00f3 l\u2019any 2018. El tribunal ha&hellip;\" \/>\n<meta property=\"og:url\" content=\"https:\/\/www.psib-psoe.org\/eivissa\/el-psoe-celebra-labsolucio-de-lexalcalde-pep-tur-i-lexregidora-cristina-ribas-el-que-demostra-la-gestio-honesta-responsable-i-defensa-de-linteres-general-que-semp\/\" \/>\n<meta property=\"og:site_name\" content=\"Federaci\u00f3 Socialista d&#039;Eivissa\" \/>\n<meta property=\"article:published_time\" content=\"2025-03-13T09:24:36+00:00\" \/>\n<meta property=\"article:modified_time\" content=\"2025-03-13T09:27:30+00:00\" \/>\n<meta property=\"og:image\" content=\"https:\/\/www.psib-psoe.org\/eivissa\/wp-content\/uploads\/LOGO-FSE-SOCIALISTA-DEIVISSA-HORI.png\" \/>\n\t<meta property=\"og:image:width\" content=\"6000\" \/>\n\t<meta property=\"og:image:height\" content=\"3104\" \/>\n\t<meta property=\"og:image:type\" content=\"image\/png\" \/>\n<meta name=\"author\" content=\"adminpsib\" \/>\n<meta name=\"twitter:card\" content=\"summary_large_image\" \/>\n<meta name=\"twitter:label1\" content=\"Escrit per\" \/>\n\t<meta name=\"twitter:data1\" content=\"adminpsib\" \/>\n\t<meta name=\"twitter:label2\" content=\"Temps estimat de lectura\" \/>\n\t<meta name=\"twitter:data2\" content=\"1 minut\" \/>\n<script type=\"application\/ld+json\" class=\"yoast-schema-graph\">{\"@context\":\"https:\/\/schema.org\",\"@graph\":[{\"@type\":[\"Article\",\"BlogPosting\"],\"@id\":\"https:\/\/www.psib-psoe.org\/eivissa\/el-psoe-celebra-labsolucio-de-lexalcalde-pep-tur-i-lexregidora-cristina-ribas-el-que-demostra-la-gestio-honesta-responsable-i-defensa-de-linteres-general-que-semp\/#article\",\"isPartOf\":{\"@id\":\"https:\/\/www.psib-psoe.org\/eivissa\/el-psoe-celebra-labsolucio-de-lexalcalde-pep-tur-i-lexregidora-cristina-ribas-el-que-demostra-la-gestio-honesta-responsable-i-defensa-de-linteres-general-que-semp\/\"},\"author\":{\"name\":\"adminpsib\",\"@id\":\"https:\/\/www.psib-psoe.org\/eivissa\/#\/schema\/person\/099ab3ef73a3645a1d7f303518e6ce24\"},\"headline\":\"El PSOE celebra l\u2019absoluci\u00f3 de l\u2019exalcalde Pep Tur i l\u2019exregidora Cristina Ribas, el que demostra la gesti\u00f3 honesta, responsable i en defensa de l\u2019inter\u00e8s general que sempre va tenir l\u2019ajuntament progressista de Sant Antoni\",\"datePublished\":\"2025-03-13T09:24:36+00:00\",\"dateModified\":\"2025-03-13T09:27:30+00:00\",\"mainEntityOfPage\":{\"@id\":\"https:\/\/www.psib-psoe.org\/eivissa\/el-psoe-celebra-labsolucio-de-lexalcalde-pep-tur-i-lexregidora-cristina-ribas-el-que-demostra-la-gestio-honesta-responsable-i-defensa-de-linteres-general-que-semp\/\"},\"wordCount\":295,\"publisher\":{\"@id\":\"https:\/\/www.psib-psoe.org\/eivissa\/#organization\"},\"image\":{\"@id\":\"https:\/\/www.psib-psoe.org\/eivissa\/el-psoe-celebra-labsolucio-de-lexalcalde-pep-tur-i-lexregidora-cristina-ribas-el-que-demostra-la-gestio-honesta-responsable-i-defensa-de-linteres-general-que-semp\/#primaryimage\"},\"thumbnailUrl\":\"https:\/\/www.psib-psoe.org\/eivissa\/wp-content\/uploads\/LOGO-FSE-SOCIALISTA-DEIVISSA-HORI.png\",\"articleSection\":[\"Federaci\u00f3 d'Eivissa - Portada\",\"FSE-PSOE\",\"Municipis\",\"Sant Antoni de Portmany\"],\"inLanguage\":\"ca\"},{\"@type\":\"WebPage\",\"@id\":\"https:\/\/www.psib-psoe.org\/eivissa\/el-psoe-celebra-labsolucio-de-lexalcalde-pep-tur-i-lexregidora-cristina-ribas-el-que-demostra-la-gestio-honesta-responsable-i-defensa-de-linteres-general-que-semp\/\",\"url\":\"https:\/\/www.psib-psoe.org\/eivissa\/el-psoe-celebra-labsolucio-de-lexalcalde-pep-tur-i-lexregidora-cristina-ribas-el-que-demostra-la-gestio-honesta-responsable-i-defensa-de-linteres-general-que-semp\/\",\"name\":\"El PSOE celebra l\u2019absoluci\u00f3 de l\u2019exalcalde Pep Tur i l\u2019exregidora Cristina Ribas, el que demostra la gesti\u00f3 honesta, responsable i en defensa de l\u2019inter\u00e8s general que sempre va tenir l\u2019ajuntament progressista de Sant Antoni - Federaci\u00f3 Socialista d&#039;Eivissa\",\"isPartOf\":{\"@id\":\"https:\/\/www.psib-psoe.org\/eivissa\/#website\"},\"primaryImageOfPage\":{\"@id\":\"https:\/\/www.psib-psoe.org\/eivissa\/el-psoe-celebra-labsolucio-de-lexalcalde-pep-tur-i-lexregidora-cristina-ribas-el-que-demostra-la-gestio-honesta-responsable-i-defensa-de-linteres-general-que-semp\/#primaryimage\"},\"image\":{\"@id\":\"https:\/\/www.psib-psoe.org\/eivissa\/el-psoe-celebra-labsolucio-de-lexalcalde-pep-tur-i-lexregidora-cristina-ribas-el-que-demostra-la-gestio-honesta-responsable-i-defensa-de-linteres-general-que-semp\/#primaryimage\"},\"thumbnailUrl\":\"https:\/\/www.psib-psoe.org\/eivissa\/wp-content\/uploads\/LOGO-FSE-SOCIALISTA-DEIVISSA-HORI.png\",\"datePublished\":\"2025-03-13T09:24:36+00:00\",\"dateModified\":\"2025-03-13T09:27:30+00:00\",\"breadcrumb\":{\"@id\":\"https:\/\/www.psib-psoe.org\/eivissa\/el-psoe-celebra-labsolucio-de-lexalcalde-pep-tur-i-lexregidora-cristina-ribas-el-que-demostra-la-gestio-honesta-responsable-i-defensa-de-linteres-general-que-semp\/#breadcrumb\"},\"inLanguage\":\"ca\",\"potentialAction\":[{\"@type\":\"ReadAction\",\"target\":[\"https:\/\/www.psib-psoe.org\/eivissa\/el-psoe-celebra-labsolucio-de-lexalcalde-pep-tur-i-lexregidora-cristina-ribas-el-que-demostra-la-gestio-honesta-responsable-i-defensa-de-linteres-general-que-semp\/\"]}]},{\"@type\":\"ImageObject\",\"inLanguage\":\"ca\",\"@id\":\"https:\/\/www.psib-psoe.org\/eivissa\/el-psoe-celebra-labsolucio-de-lexalcalde-pep-tur-i-lexregidora-cristina-ribas-el-que-demostra-la-gestio-honesta-responsable-i-defensa-de-linteres-general-que-semp\/#primaryimage\",\"url\":\"https:\/\/www.psib-psoe.org\/eivissa\/wp-content\/uploads\/LOGO-FSE-SOCIALISTA-DEIVISSA-HORI.png\",\"contentUrl\":\"https:\/\/www.psib-psoe.org\/eivissa\/wp-content\/uploads\/LOGO-FSE-SOCIALISTA-DEIVISSA-HORI.png\",\"width\":6000,\"height\":3104},{\"@type\":\"BreadcrumbList\",\"@id\":\"https:\/\/www.psib-psoe.org\/eivissa\/el-psoe-celebra-labsolucio-de-lexalcalde-pep-tur-i-lexregidora-cristina-ribas-el-que-demostra-la-gestio-honesta-responsable-i-defensa-de-linteres-general-que-semp\/#breadcrumb\",\"itemListElement\":[{\"@type\":\"ListItem\",\"position\":1,\"name\":\"Inici\",\"item\":\"https:\/\/www.psib-psoe.org\/eivissa\/\"},{\"@type\":\"ListItem\",\"position\":2,\"name\":\"El PSOE celebra l\u2019absoluci\u00f3 de l\u2019exalcalde Pep Tur i l\u2019exregidora Cristina Ribas, el que demostra la gesti\u00f3 honesta, responsable i en defensa de l\u2019inter\u00e8s general que sempre va tenir l\u2019ajuntament progressista de Sant Antoni\"}]},{\"@type\":\"WebSite\",\"@id\":\"https:\/\/www.psib-psoe.org\/eivissa\/#website\",\"url\":\"https:\/\/www.psib-psoe.org\/eivissa\/\",\"name\":\"Federaci\u00f3 Socialista d'Eivissa\",\"description\":\"Socialistes d&#039;Eivissa\",\"publisher\":{\"@id\":\"https:\/\/www.psib-psoe.org\/eivissa\/#organization\"},\"potentialAction\":[{\"@type\":\"SearchAction\",\"target\":{\"@type\":\"EntryPoint\",\"urlTemplate\":\"https:\/\/www.psib-psoe.org\/eivissa\/?s={search_term_string}\"},\"query-input\":{\"@type\":\"PropertyValueSpecification\",\"valueRequired\":true,\"valueName\":\"search_term_string\"}}],\"inLanguage\":\"ca\"},{\"@type\":\"Organization\",\"@id\":\"https:\/\/www.psib-psoe.org\/eivissa\/#organization\",\"name\":\"Federaci\u00f3 Socialista d'Eivissa\",\"url\":\"https:\/\/www.psib-psoe.org\/eivissa\/\",\"logo\":{\"@type\":\"ImageObject\",\"inLanguage\":\"ca\",\"@id\":\"https:\/\/www.psib-psoe.org\/eivissa\/#\/schema\/logo\/image\/\",\"url\":\"https:\/\/www.psib-psoe.org\/eivissa\/wp-content\/uploads\/LOGO-FSE-SOCIALISTA-DEIVISSA-HORI.png\",\"contentUrl\":\"https:\/\/www.psib-psoe.org\/eivissa\/wp-content\/uploads\/LOGO-FSE-SOCIALISTA-DEIVISSA-HORI.png\",\"width\":6000,\"height\":3104,\"caption\":\"Federaci\u00f3 Socialista d'Eivissa\"},\"image\":{\"@id\":\"https:\/\/www.psib-psoe.org\/eivissa\/#\/schema\/logo\/image\/\"}},{\"@type\":\"Person\",\"@id\":\"https:\/\/www.psib-psoe.org\/eivissa\/#\/schema\/person\/099ab3ef73a3645a1d7f303518e6ce24\",\"name\":\"adminpsib\",\"url\":\"https:\/\/www.psib-psoe.org\/eivissa\/author\/adminpsib\/\"}]}<\/script>\n<!-- \/ Yoast SEO plugin. -->","yoast_head_json":{"title":"El PSOE celebra l\u2019absoluci\u00f3 de l\u2019exalcalde Pep Tur i l\u2019exregidora Cristina Ribas, el que demostra la gesti\u00f3 honesta, responsable i en defensa de l\u2019inter\u00e8s general que sempre va tenir l\u2019ajuntament progressista de Sant Antoni - Federaci\u00f3 Socialista d&#039;Eivissa","robots":{"index":"index","follow":"follow","max-snippet":"max-snippet:-1","max-image-preview":"max-image-preview:large","max-video-preview":"max-video-preview:-1"},"canonical":"https:\/\/www.psib-psoe.org\/eivissa\/el-psoe-celebra-labsolucio-de-lexalcalde-pep-tur-i-lexregidora-cristina-ribas-el-que-demostra-la-gestio-honesta-responsable-i-defensa-de-linteres-general-que-semp\/","og_locale":"ca_ES","og_type":"article","og_title":"El PSOE celebra l\u2019absoluci\u00f3 de l\u2019exalcalde Pep Tur i l\u2019exregidora Cristina Ribas, el que demostra la gesti\u00f3 honesta, responsable i en defensa de l\u2019inter\u00e8s general que sempre va tenir l\u2019ajuntament progressista de Sant Antoni - Federaci\u00f3 Socialista d&#039;Eivissa","og_description":"La Federaci\u00f3 Socialista d\u2019Eivissa (FSE-PSOE) vol expressar p\u00fablicament la seua satisfacci\u00f3 per la sent\u00e8ncia absolut\u00f2ria dictada per l\u2019Audi\u00e8ncia Provincial de Palma en relaci\u00f3 amb l\u2019exalcalde de Sant Antoni de Portmany Pep Tur \u2018Cires\u2019 i l\u2019exregidora Cristina Ribas, acusats injustament de prevaricaci\u00f3 per aturar la instal\u00b7laci\u00f3 d\u2019un quiosc a Cala Graci\u00f3 l\u2019any 2018. El tribunal ha&hellip;","og_url":"https:\/\/www.psib-psoe.org\/eivissa\/el-psoe-celebra-labsolucio-de-lexalcalde-pep-tur-i-lexregidora-cristina-ribas-el-que-demostra-la-gestio-honesta-responsable-i-defensa-de-linteres-general-que-semp\/","og_site_name":"Federaci\u00f3 Socialista d&#039;Eivissa","article_published_time":"2025-03-13T09:24:36+00:00","article_modified_time":"2025-03-13T09:27:30+00:00","og_image":[{"width":6000,"height":3104,"url":"https:\/\/www.psib-psoe.org\/eivissa\/wp-content\/uploads\/LOGO-FSE-SOCIALISTA-DEIVISSA-HORI.png","type":"image\/png"}],"author":"adminpsib","twitter_card":"summary_large_image","twitter_misc":{"Escrit per":"adminpsib","Temps estimat de lectura":"1 minut"},"schema":{"@context":"https:\/\/schema.org","@graph":[{"@type":["Article","BlogPosting"],"@id":"https:\/\/www.psib-psoe.org\/eivissa\/el-psoe-celebra-labsolucio-de-lexalcalde-pep-tur-i-lexregidora-cristina-ribas-el-que-demostra-la-gestio-honesta-responsable-i-defensa-de-linteres-general-que-semp\/#article","isPartOf":{"@id":"https:\/\/www.psib-psoe.org\/eivissa\/el-psoe-celebra-labsolucio-de-lexalcalde-pep-tur-i-lexregidora-cristina-ribas-el-que-demostra-la-gestio-honesta-responsable-i-defensa-de-linteres-general-que-semp\/"},"author":{"name":"adminpsib","@id":"https:\/\/www.psib-psoe.org\/eivissa\/#\/schema\/person\/099ab3ef73a3645a1d7f303518e6ce24"},"headline":"El PSOE celebra l\u2019absoluci\u00f3 de l\u2019exalcalde Pep Tur i l\u2019exregidora Cristina Ribas, el que demostra la gesti\u00f3 honesta, responsable i en defensa de l\u2019inter\u00e8s general que sempre va tenir l\u2019ajuntament progressista de Sant Antoni","datePublished":"2025-03-13T09:24:36+00:00","dateModified":"2025-03-13T09:27:30+00:00","mainEntityOfPage":{"@id":"https:\/\/www.psib-psoe.org\/eivissa\/el-psoe-celebra-labsolucio-de-lexalcalde-pep-tur-i-lexregidora-cristina-ribas-el-que-demostra-la-gestio-honesta-responsable-i-defensa-de-linteres-general-que-semp\/"},"wordCount":295,"publisher":{"@id":"https:\/\/www.psib-psoe.org\/eivissa\/#organization"},"image":{"@id":"https:\/\/www.psib-psoe.org\/eivissa\/el-psoe-celebra-labsolucio-de-lexalcalde-pep-tur-i-lexregidora-cristina-ribas-el-que-demostra-la-gestio-honesta-responsable-i-defensa-de-linteres-general-que-semp\/#primaryimage"},"thumbnailUrl":"https:\/\/www.psib-psoe.org\/eivissa\/wp-content\/uploads\/LOGO-FSE-SOCIALISTA-DEIVISSA-HORI.png","articleSection":["Federaci\u00f3 d'Eivissa - Portada","FSE-PSOE","Municipis","Sant Antoni de Portmany"],"inLanguage":"ca"},{"@type":"WebPage","@id":"https:\/\/www.psib-psoe.org\/eivissa\/el-psoe-celebra-labsolucio-de-lexalcalde-pep-tur-i-lexregidora-cristina-ribas-el-que-demostra-la-gestio-honesta-responsable-i-defensa-de-linteres-general-que-semp\/","url":"https:\/\/www.psib-psoe.org\/eivissa\/el-psoe-celebra-labsolucio-de-lexalcalde-pep-tur-i-lexregidora-cristina-ribas-el-que-demostra-la-gestio-honesta-responsable-i-defensa-de-linteres-general-que-semp\/","name":"El PSOE celebra l\u2019absoluci\u00f3 de l\u2019exalcalde Pep Tur i l\u2019exregidora Cristina Ribas, el que demostra la gesti\u00f3 honesta, responsable i en defensa de l\u2019inter\u00e8s general que sempre va tenir l\u2019ajuntament progressista de Sant Antoni - Federaci\u00f3 Socialista d&#039;Eivissa","isPartOf":{"@id":"https:\/\/www.psib-psoe.org\/eivissa\/#website"},"primaryImageOfPage":{"@id":"https:\/\/www.psib-psoe.org\/eivissa\/el-psoe-celebra-labsolucio-de-lexalcalde-pep-tur-i-lexregidora-cristina-ribas-el-que-demostra-la-gestio-honesta-responsable-i-defensa-de-linteres-general-que-semp\/#primaryimage"},"image":{"@id":"https:\/\/www.psib-psoe.org\/eivissa\/el-psoe-celebra-labsolucio-de-lexalcalde-pep-tur-i-lexregidora-cristina-ribas-el-que-demostra-la-gestio-honesta-responsable-i-defensa-de-linteres-general-que-semp\/#primaryimage"},"thumbnailUrl":"https:\/\/www.psib-psoe.org\/eivissa\/wp-content\/uploads\/LOGO-FSE-SOCIALISTA-DEIVISSA-HORI.png","datePublished":"2025-03-13T09:24:36+00:00","dateModified":"2025-03-13T09:27:30+00:00","breadcrumb":{"@id":"https:\/\/www.psib-psoe.org\/eivissa\/el-psoe-celebra-labsolucio-de-lexalcalde-pep-tur-i-lexregidora-cristina-ribas-el-que-demostra-la-gestio-honesta-responsable-i-defensa-de-linteres-general-que-semp\/#breadcrumb"},"inLanguage":"ca","potentialAction":[{"@type":"ReadAction","target":["https:\/\/www.psib-psoe.org\/eivissa\/el-psoe-celebra-labsolucio-de-lexalcalde-pep-tur-i-lexregidora-cristina-ribas-el-que-demostra-la-gestio-honesta-responsable-i-defensa-de-linteres-general-que-semp\/"]}]},{"@type":"ImageObject","inLanguage":"ca","@id":"https:\/\/www.psib-psoe.org\/eivissa\/el-psoe-celebra-labsolucio-de-lexalcalde-pep-tur-i-lexregidora-cristina-ribas-el-que-demostra-la-gestio-honesta-responsable-i-defensa-de-linteres-general-que-semp\/#primaryimage","url":"https:\/\/www.psib-psoe.org\/eivissa\/wp-content\/uploads\/LOGO-FSE-SOCIALISTA-DEIVISSA-HORI.png","contentUrl":"https:\/\/www.psib-psoe.org\/eivissa\/wp-content\/uploads\/LOGO-FSE-SOCIALISTA-DEIVISSA-HORI.png","width":6000,"height":3104},{"@type":"BreadcrumbList","@id":"https:\/\/www.psib-psoe.org\/eivissa\/el-psoe-celebra-labsolucio-de-lexalcalde-pep-tur-i-lexregidora-cristina-ribas-el-que-demostra-la-gestio-honesta-responsable-i-defensa-de-linteres-general-que-semp\/#breadcrumb","itemListElement":[{"@type":"ListItem","position":1,"name":"Inici","item":"https:\/\/www.psib-psoe.org\/eivissa\/"},{"@type":"ListItem","position":2,"name":"El PSOE celebra l\u2019absoluci\u00f3 de l\u2019exalcalde Pep Tur i l\u2019exregidora Cristina Ribas, el que demostra la gesti\u00f3 honesta, responsable i en defensa de l\u2019inter\u00e8s general que sempre va tenir l\u2019ajuntament progressista de Sant Antoni"}]},{"@type":"WebSite","@id":"https:\/\/www.psib-psoe.org\/eivissa\/#website","url":"https:\/\/www.psib-psoe.org\/eivissa\/","name":"Federaci\u00f3 Socialista d'Eivissa","description":"Socialistes d&#039;Eivissa","publisher":{"@id":"https:\/\/www.psib-psoe.org\/eivissa\/#organization"},"potentialAction":[{"@type":"SearchAction","target":{"@type":"EntryPoint","urlTemplate":"https:\/\/www.psib-psoe.org\/eivissa\/?s={search_term_string}"},"query-input":{"@type":"PropertyValueSpecification","valueRequired":true,"valueName":"search_term_string"}}],"inLanguage":"ca"},{"@type":"Organization","@id":"https:\/\/www.psib-psoe.org\/eivissa\/#organization","name":"Federaci\u00f3 Socialista d'Eivissa","url":"https:\/\/www.psib-psoe.org\/eivissa\/","logo":{"@type":"ImageObject","inLanguage":"ca","@id":"https:\/\/www.psib-psoe.org\/eivissa\/#\/schema\/logo\/image\/","url":"https:\/\/www.psib-psoe.org\/eivissa\/wp-content\/uploads\/LOGO-FSE-SOCIALISTA-DEIVISSA-HORI.png","contentUrl":"https:\/\/www.psib-psoe.org\/eivissa\/wp-content\/uploads\/LOGO-FSE-SOCIALISTA-DEIVISSA-HORI.png","width":6000,"height":3104,"caption":"Federaci\u00f3 Socialista d'Eivissa"},"image":{"@id":"https:\/\/www.psib-psoe.org\/eivissa\/#\/schema\/logo\/image\/"}},{"@type":"Person","@id":"https:\/\/www.psib-psoe.org\/eivissa\/#\/schema\/person\/099ab3ef73a3645a1d7f303518e6ce24","name":"adminpsib","url":"https:\/\/www.psib-psoe.org\/eivissa\/author\/adminpsib\/"}]}},"_links":{"self":[{"href":"https:\/\/www.psib-psoe.org\/eivissa\/wp-json\/wp\/v2\/posts\/40438","targetHints":{"allow":["GET"]}}],"collection":[{"href":"https:\/\/www.psib-psoe.org\/eivissa\/wp-json\/wp\/v2\/posts"}],"about":[{"href":"https:\/\/www.psib-psoe.org\/eivissa\/wp-json\/wp\/v2\/types\/post"}],"author":[{"embeddable":true,"href":"https:\/\/www.psib-psoe.org\/eivissa\/wp-json\/wp\/v2\/users\/1"}],"replies":[{"embeddable":true,"href":"https:\/\/www.psib-psoe.org\/eivissa\/wp-json\/wp\/v2\/comments?post=40438"}],"version-history":[{"count":2,"href":"https:\/\/www.psib-psoe.org\/eivissa\/wp-json\/wp\/v2\/posts\/40438\/revisions"}],"predecessor-version":[{"id":40440,"href":"https:\/\/www.psib-psoe.org\/eivissa\/wp-json\/wp\/v2\/posts\/40438\/revisions\/40440"}],"wp:featuredmedia":[{"embeddable":true,"href":"https:\/\/www.psib-psoe.org\/eivissa\/wp-json\/wp\/v2\/media\/36661"}],"wp:attachment":[{"href":"https:\/\/www.psib-psoe.org\/eivissa\/wp-json\/wp\/v2\/media?parent=40438"}],"wp:term":[{"taxonomy":"category","embeddable":true,"href":"https:\/\/www.psib-psoe.org\/eivissa\/wp-json\/wp\/v2\/categories?post=40438"},{"taxonomy":"post_tag","embeddable":true,"href":"https:\/\/www.psib-psoe.org\/eivissa\/wp-json\/wp\/v2\/tags?post=40438"}],"curies":[{"name":"wp","href":"https:\/\/api.w.org\/{rel}","templated":true}]}}