{"id":40441,"date":"2025-03-13T11:38:44","date_gmt":"2025-03-13T09:38:44","guid":{"rendered":"https:\/\/www.psib-psoe.org\/eivissa\/?p=40441"},"modified":"2025-03-13T11:38:44","modified_gmt":"2025-03-13T09:38:44","slug":"milena-herrera-participa-en-la-comissio-de-la-dona-de-lonu-on-espanya-promou-una-alianca-feminista-internacional","status":"publish","type":"post","link":"https:\/\/www.psib-psoe.org\/eivissa\/milena-herrera-participa-en-la-comissio-de-la-dona-de-lonu-on-espanya-promou-una-alianca-feminista-internacional\/","title":{"rendered":"Milena Herrera participa en la Comissi\u00f3 de la Dona de l&#8217;ONU, on Espanya promou una alian\u00e7a feminista internacional"},"content":{"rendered":"<p>La diputada socialista per les Illes Balears Milena Herrera participa en el 69\u00e8 per\u00edode de sessions de la Comissi\u00f3 de la Condici\u00f3 Jur\u00eddica i Social de la Dona (CSW69) a la seu de l&#8217;Organitzaci\u00f3 de les Nacions Unides a Nova York, un f\u00f2rum on s&#8217;aborden els aven\u00e7os i reptes en mat\u00e8ria d&#8217;igualtat de g\u00e8nere i drets de les dones a tot el m\u00f3n. La diputada eivissenca ha destacat l\u02bbobjectiu d\u02bbEspanya d&#8217;impulsar la proposta &#8220;d\u02bbuna alian\u00e7a feminista internacional que uneixi a tots els pa\u00efsos que estan disposats a caminar de forma conjunta i de forma decidida per garantir la veritable igualtat entre dones i homes i la fi de la viol\u00e8ncia contra les dones&#8221;.<\/p>\n<p>A la trobada d&#8217;enguany, d&#8217;especial import\u00e0ncia a l&#8217;ONU perqu\u00e8 es revisen els Acords de Beijing del 1995, la diputada eivissenca ha exposat el treball que s&#8217;ha fet al Congr\u00e9s dels Diputats en la defensa dels drets de les dones i la lluita contra la viol\u00e8ncia masclista. En aquest sentit, ha presentat el Pacte d&#8217;Estat contra la Viol\u00e8ncia de G\u00e8nere recentment renovat i actualitzat, del qual Milena Herrera n&#8217;ha estat la portaveu del PSOE, subratllant-ne la import\u00e0ncia com a eina clau per al comprom\u00eds de totes les forces democr\u00e0tiques en l&#8217;erradicaci\u00f3 de la viol\u00e8ncia de g\u00e8nere.<\/p>\n<p>\u201c\u00c9s fonamental compartir estrat\u00e8gies i aprenentatges amb altres pa\u00efsos i organitzacions feministes per continuar avan\u00e7ant en la veritable igualtat entre dones i homes. Com a socialistes, podem presentar en aquesta trobada el Pacte d\u02bbEstat contra la viol\u00e8ncia de g\u00e8nere que acabam de renovar i actualitzar, a m\u00e9s de con\u00e8ixer les estrat\u00e8gies que s\u02bbestan fent per part de molts pa\u00efsos i organitzacions feministes\u201d.<\/p>\n<p>Durant la CSW69, s&#8217;aborden temes d&#8217;especial rellev\u00e0ncia, com ara la ciberviol\u00e8ncia de g\u00e8nere i l&#8217;impacte de la pornografia en menors i dones. La diputada ha destacat el treball legislatiu que estan fent pa\u00efsos com Fran\u00e7a en aquest \u00e0mbit i ha participat en diversos esdeveniments organitzats dins de la confer\u00e8ncia pel Ministeri d&#8217;Igualtat d&#8217;Espanya, amb la pres\u00e8ncia de la ministra, Ana Redondo, i la secret\u00e0ria d&#8217;Estat, Aina Calvo, juntament amb altres diputades del grup parlamentari socialista del Congr\u00e9s dels Diputats.<\/p>\n","protected":false},"excerpt":{"rendered":"<p>La diputada socialista per les Illes Balears Milena Herrera participa en el 69\u00e8 per\u00edode de sessions de la Comissi\u00f3 de la Condici\u00f3 Jur\u00eddica i Social de la Dona (CSW69) a la seu de l&#8217;Organitzaci\u00f3 de les Nacions Unides a Nova York, un f\u00f2rum on s&#8217;aborden els aven\u00e7os i reptes en mat\u00e8ria d&#8217;igualtat de g\u00e8nere i&hellip;<\/p>\n","protected":false},"author":1,"featured_media":40442,"comment_status":"closed","ping_status":"closed","sticky":false,"template":"","format":"standard","meta":{"footnotes":""},"categories":[1,190],"tags":[],"class_list":["post-40441","post","type-post","status-publish","format-standard","has-post-thumbnail","hentry","category-federacio-de-eivissa-portada","category-govern-despanya-congres-senat"],"yoast_head":"<!-- This site is optimized with the Yoast SEO plugin v26.9 - https:\/\/yoast.com\/product\/yoast-seo-wordpress\/ -->\n<title>Milena Herrera participa en la Comissi\u00f3 de la Dona de l&#039;ONU, on Espanya promou una alian\u00e7a feminista internacional - Federaci\u00f3 Socialista d&#039;Eivissa<\/title>\n<meta name=\"robots\" content=\"index, follow, max-snippet:-1, max-image-preview:large, max-video-preview:-1\" \/>\n<link rel=\"canonical\" href=\"https:\/\/www.psib-psoe.org\/eivissa\/milena-herrera-participa-en-la-comissio-de-la-dona-de-lonu-on-espanya-promou-una-alianca-feminista-internacional\/\" \/>\n<meta property=\"og:locale\" content=\"ca_ES\" \/>\n<meta property=\"og:type\" content=\"article\" \/>\n<meta property=\"og:title\" content=\"Milena Herrera participa en la Comissi\u00f3 de la Dona de l&#039;ONU, on Espanya promou una alian\u00e7a feminista internacional - Federaci\u00f3 Socialista d&#039;Eivissa\" \/>\n<meta property=\"og:description\" content=\"La diputada socialista per les Illes Balears Milena Herrera participa en el 69\u00e8 per\u00edode de sessions de la Comissi\u00f3 de la Condici\u00f3 Jur\u00eddica i Social de la Dona (CSW69) a la seu de l&#8217;Organitzaci\u00f3 de les Nacions Unides a Nova York, un f\u00f2rum on s&#8217;aborden els aven\u00e7os i reptes en mat\u00e8ria d&#8217;igualtat de g\u00e8nere i&hellip;\" \/>\n<meta property=\"og:url\" content=\"https:\/\/www.psib-psoe.org\/eivissa\/milena-herrera-participa-en-la-comissio-de-la-dona-de-lonu-on-espanya-promou-una-alianca-feminista-internacional\/\" \/>\n<meta property=\"og:site_name\" content=\"Federaci\u00f3 Socialista d&#039;Eivissa\" \/>\n<meta property=\"article:published_time\" content=\"2025-03-13T09:38:44+00:00\" \/>\n<meta property=\"og:image\" content=\"https:\/\/www.psib-psoe.org\/eivissa\/wp-content\/uploads\/MILENA-HERRERA-ONU.jpg\" \/>\n\t<meta property=\"og:image:width\" content=\"1600\" \/>\n\t<meta property=\"og:image:height\" content=\"1200\" \/>\n\t<meta property=\"og:image:type\" content=\"image\/jpeg\" \/>\n<meta name=\"author\" content=\"adminpsib\" \/>\n<meta name=\"twitter:card\" content=\"summary_large_image\" \/>\n<meta name=\"twitter:label1\" content=\"Escrit per\" \/>\n\t<meta name=\"twitter:data1\" content=\"adminpsib\" \/>\n\t<meta name=\"twitter:label2\" content=\"Temps estimat de lectura\" \/>\n\t<meta name=\"twitter:data2\" content=\"2 minuts\" \/>\n<script type=\"application\/ld+json\" class=\"yoast-schema-graph\">{\"@context\":\"https:\/\/schema.org\",\"@graph\":[{\"@type\":[\"Article\",\"BlogPosting\"],\"@id\":\"https:\/\/www.psib-psoe.org\/eivissa\/milena-herrera-participa-en-la-comissio-de-la-dona-de-lonu-on-espanya-promou-una-alianca-feminista-internacional\/#article\",\"isPartOf\":{\"@id\":\"https:\/\/www.psib-psoe.org\/eivissa\/milena-herrera-participa-en-la-comissio-de-la-dona-de-lonu-on-espanya-promou-una-alianca-feminista-internacional\/\"},\"author\":{\"name\":\"adminpsib\",\"@id\":\"https:\/\/www.psib-psoe.org\/eivissa\/#\/schema\/person\/099ab3ef73a3645a1d7f303518e6ce24\"},\"headline\":\"Milena Herrera participa en la Comissi\u00f3 de la Dona de l&#8217;ONU, on Espanya promou una alian\u00e7a feminista internacional\",\"datePublished\":\"2025-03-13T09:38:44+00:00\",\"mainEntityOfPage\":{\"@id\":\"https:\/\/www.psib-psoe.org\/eivissa\/milena-herrera-participa-en-la-comissio-de-la-dona-de-lonu-on-espanya-promou-una-alianca-feminista-internacional\/\"},\"wordCount\":409,\"publisher\":{\"@id\":\"https:\/\/www.psib-psoe.org\/eivissa\/#organization\"},\"image\":{\"@id\":\"https:\/\/www.psib-psoe.org\/eivissa\/milena-herrera-participa-en-la-comissio-de-la-dona-de-lonu-on-espanya-promou-una-alianca-feminista-internacional\/#primaryimage\"},\"thumbnailUrl\":\"https:\/\/www.psib-psoe.org\/eivissa\/wp-content\/uploads\/MILENA-HERRERA-ONU.jpg\",\"articleSection\":[\"Federaci\u00f3 d'Eivissa - Portada\",\"Govern d'Espanya - Congr\u00e9s - Senat - PSOE Federal\"],\"inLanguage\":\"ca\"},{\"@type\":\"WebPage\",\"@id\":\"https:\/\/www.psib-psoe.org\/eivissa\/milena-herrera-participa-en-la-comissio-de-la-dona-de-lonu-on-espanya-promou-una-alianca-feminista-internacional\/\",\"url\":\"https:\/\/www.psib-psoe.org\/eivissa\/milena-herrera-participa-en-la-comissio-de-la-dona-de-lonu-on-espanya-promou-una-alianca-feminista-internacional\/\",\"name\":\"Milena Herrera participa en la Comissi\u00f3 de la Dona de l'ONU, on Espanya promou una alian\u00e7a feminista internacional - Federaci\u00f3 Socialista d&#039;Eivissa\",\"isPartOf\":{\"@id\":\"https:\/\/www.psib-psoe.org\/eivissa\/#website\"},\"primaryImageOfPage\":{\"@id\":\"https:\/\/www.psib-psoe.org\/eivissa\/milena-herrera-participa-en-la-comissio-de-la-dona-de-lonu-on-espanya-promou-una-alianca-feminista-internacional\/#primaryimage\"},\"image\":{\"@id\":\"https:\/\/www.psib-psoe.org\/eivissa\/milena-herrera-participa-en-la-comissio-de-la-dona-de-lonu-on-espanya-promou-una-alianca-feminista-internacional\/#primaryimage\"},\"thumbnailUrl\":\"https:\/\/www.psib-psoe.org\/eivissa\/wp-content\/uploads\/MILENA-HERRERA-ONU.jpg\",\"datePublished\":\"2025-03-13T09:38:44+00:00\",\"breadcrumb\":{\"@id\":\"https:\/\/www.psib-psoe.org\/eivissa\/milena-herrera-participa-en-la-comissio-de-la-dona-de-lonu-on-espanya-promou-una-alianca-feminista-internacional\/#breadcrumb\"},\"inLanguage\":\"ca\",\"potentialAction\":[{\"@type\":\"ReadAction\",\"target\":[\"https:\/\/www.psib-psoe.org\/eivissa\/milena-herrera-participa-en-la-comissio-de-la-dona-de-lonu-on-espanya-promou-una-alianca-feminista-internacional\/\"]}]},{\"@type\":\"ImageObject\",\"inLanguage\":\"ca\",\"@id\":\"https:\/\/www.psib-psoe.org\/eivissa\/milena-herrera-participa-en-la-comissio-de-la-dona-de-lonu-on-espanya-promou-una-alianca-feminista-internacional\/#primaryimage\",\"url\":\"https:\/\/www.psib-psoe.org\/eivissa\/wp-content\/uploads\/MILENA-HERRERA-ONU.jpg\",\"contentUrl\":\"https:\/\/www.psib-psoe.org\/eivissa\/wp-content\/uploads\/MILENA-HERRERA-ONU.jpg\",\"width\":1600,\"height\":1200},{\"@type\":\"BreadcrumbList\",\"@id\":\"https:\/\/www.psib-psoe.org\/eivissa\/milena-herrera-participa-en-la-comissio-de-la-dona-de-lonu-on-espanya-promou-una-alianca-feminista-internacional\/#breadcrumb\",\"itemListElement\":[{\"@type\":\"ListItem\",\"position\":1,\"name\":\"Inici\",\"item\":\"https:\/\/www.psib-psoe.org\/eivissa\/\"},{\"@type\":\"ListItem\",\"position\":2,\"name\":\"Milena Herrera participa en la Comissi\u00f3 de la Dona de l&#8217;ONU, on Espanya promou una alian\u00e7a feminista internacional\"}]},{\"@type\":\"WebSite\",\"@id\":\"https:\/\/www.psib-psoe.org\/eivissa\/#website\",\"url\":\"https:\/\/www.psib-psoe.org\/eivissa\/\",\"name\":\"Federaci\u00f3 Socialista d'Eivissa\",\"description\":\"Socialistes d&#039;Eivissa\",\"publisher\":{\"@id\":\"https:\/\/www.psib-psoe.org\/eivissa\/#organization\"},\"potentialAction\":[{\"@type\":\"SearchAction\",\"target\":{\"@type\":\"EntryPoint\",\"urlTemplate\":\"https:\/\/www.psib-psoe.org\/eivissa\/?s={search_term_string}\"},\"query-input\":{\"@type\":\"PropertyValueSpecification\",\"valueRequired\":true,\"valueName\":\"search_term_string\"}}],\"inLanguage\":\"ca\"},{\"@type\":\"Organization\",\"@id\":\"https:\/\/www.psib-psoe.org\/eivissa\/#organization\",\"name\":\"Federaci\u00f3 Socialista d'Eivissa\",\"url\":\"https:\/\/www.psib-psoe.org\/eivissa\/\",\"logo\":{\"@type\":\"ImageObject\",\"inLanguage\":\"ca\",\"@id\":\"https:\/\/www.psib-psoe.org\/eivissa\/#\/schema\/logo\/image\/\",\"url\":\"https:\/\/www.psib-psoe.org\/eivissa\/wp-content\/uploads\/LOGO-FSE-SOCIALISTA-DEIVISSA-HORI.png\",\"contentUrl\":\"https:\/\/www.psib-psoe.org\/eivissa\/wp-content\/uploads\/LOGO-FSE-SOCIALISTA-DEIVISSA-HORI.png\",\"width\":6000,\"height\":3104,\"caption\":\"Federaci\u00f3 Socialista d'Eivissa\"},\"image\":{\"@id\":\"https:\/\/www.psib-psoe.org\/eivissa\/#\/schema\/logo\/image\/\"}},{\"@type\":\"Person\",\"@id\":\"https:\/\/www.psib-psoe.org\/eivissa\/#\/schema\/person\/099ab3ef73a3645a1d7f303518e6ce24\",\"name\":\"adminpsib\",\"url\":\"https:\/\/www.psib-psoe.org\/eivissa\/author\/adminpsib\/\"}]}<\/script>\n<!-- \/ Yoast SEO plugin. -->","yoast_head_json":{"title":"Milena Herrera participa en la Comissi\u00f3 de la Dona de l'ONU, on Espanya promou una alian\u00e7a feminista internacional - Federaci\u00f3 Socialista d&#039;Eivissa","robots":{"index":"index","follow":"follow","max-snippet":"max-snippet:-1","max-image-preview":"max-image-preview:large","max-video-preview":"max-video-preview:-1"},"canonical":"https:\/\/www.psib-psoe.org\/eivissa\/milena-herrera-participa-en-la-comissio-de-la-dona-de-lonu-on-espanya-promou-una-alianca-feminista-internacional\/","og_locale":"ca_ES","og_type":"article","og_title":"Milena Herrera participa en la Comissi\u00f3 de la Dona de l'ONU, on Espanya promou una alian\u00e7a feminista internacional - Federaci\u00f3 Socialista d&#039;Eivissa","og_description":"La diputada socialista per les Illes Balears Milena Herrera participa en el 69\u00e8 per\u00edode de sessions de la Comissi\u00f3 de la Condici\u00f3 Jur\u00eddica i Social de la Dona (CSW69) a la seu de l&#8217;Organitzaci\u00f3 de les Nacions Unides a Nova York, un f\u00f2rum on s&#8217;aborden els aven\u00e7os i reptes en mat\u00e8ria d&#8217;igualtat de g\u00e8nere i&hellip;","og_url":"https:\/\/www.psib-psoe.org\/eivissa\/milena-herrera-participa-en-la-comissio-de-la-dona-de-lonu-on-espanya-promou-una-alianca-feminista-internacional\/","og_site_name":"Federaci\u00f3 Socialista d&#039;Eivissa","article_published_time":"2025-03-13T09:38:44+00:00","og_image":[{"width":1600,"height":1200,"url":"https:\/\/www.psib-psoe.org\/eivissa\/wp-content\/uploads\/MILENA-HERRERA-ONU.jpg","type":"image\/jpeg"}],"author":"adminpsib","twitter_card":"summary_large_image","twitter_misc":{"Escrit per":"adminpsib","Temps estimat de lectura":"2 minuts"},"schema":{"@context":"https:\/\/schema.org","@graph":[{"@type":["Article","BlogPosting"],"@id":"https:\/\/www.psib-psoe.org\/eivissa\/milena-herrera-participa-en-la-comissio-de-la-dona-de-lonu-on-espanya-promou-una-alianca-feminista-internacional\/#article","isPartOf":{"@id":"https:\/\/www.psib-psoe.org\/eivissa\/milena-herrera-participa-en-la-comissio-de-la-dona-de-lonu-on-espanya-promou-una-alianca-feminista-internacional\/"},"author":{"name":"adminpsib","@id":"https:\/\/www.psib-psoe.org\/eivissa\/#\/schema\/person\/099ab3ef73a3645a1d7f303518e6ce24"},"headline":"Milena Herrera participa en la Comissi\u00f3 de la Dona de l&#8217;ONU, on Espanya promou una alian\u00e7a feminista internacional","datePublished":"2025-03-13T09:38:44+00:00","mainEntityOfPage":{"@id":"https:\/\/www.psib-psoe.org\/eivissa\/milena-herrera-participa-en-la-comissio-de-la-dona-de-lonu-on-espanya-promou-una-alianca-feminista-internacional\/"},"wordCount":409,"publisher":{"@id":"https:\/\/www.psib-psoe.org\/eivissa\/#organization"},"image":{"@id":"https:\/\/www.psib-psoe.org\/eivissa\/milena-herrera-participa-en-la-comissio-de-la-dona-de-lonu-on-espanya-promou-una-alianca-feminista-internacional\/#primaryimage"},"thumbnailUrl":"https:\/\/www.psib-psoe.org\/eivissa\/wp-content\/uploads\/MILENA-HERRERA-ONU.jpg","articleSection":["Federaci\u00f3 d'Eivissa - Portada","Govern d'Espanya - Congr\u00e9s - Senat - PSOE Federal"],"inLanguage":"ca"},{"@type":"WebPage","@id":"https:\/\/www.psib-psoe.org\/eivissa\/milena-herrera-participa-en-la-comissio-de-la-dona-de-lonu-on-espanya-promou-una-alianca-feminista-internacional\/","url":"https:\/\/www.psib-psoe.org\/eivissa\/milena-herrera-participa-en-la-comissio-de-la-dona-de-lonu-on-espanya-promou-una-alianca-feminista-internacional\/","name":"Milena Herrera participa en la Comissi\u00f3 de la Dona de l'ONU, on Espanya promou una alian\u00e7a feminista internacional - Federaci\u00f3 Socialista d&#039;Eivissa","isPartOf":{"@id":"https:\/\/www.psib-psoe.org\/eivissa\/#website"},"primaryImageOfPage":{"@id":"https:\/\/www.psib-psoe.org\/eivissa\/milena-herrera-participa-en-la-comissio-de-la-dona-de-lonu-on-espanya-promou-una-alianca-feminista-internacional\/#primaryimage"},"image":{"@id":"https:\/\/www.psib-psoe.org\/eivissa\/milena-herrera-participa-en-la-comissio-de-la-dona-de-lonu-on-espanya-promou-una-alianca-feminista-internacional\/#primaryimage"},"thumbnailUrl":"https:\/\/www.psib-psoe.org\/eivissa\/wp-content\/uploads\/MILENA-HERRERA-ONU.jpg","datePublished":"2025-03-13T09:38:44+00:00","breadcrumb":{"@id":"https:\/\/www.psib-psoe.org\/eivissa\/milena-herrera-participa-en-la-comissio-de-la-dona-de-lonu-on-espanya-promou-una-alianca-feminista-internacional\/#breadcrumb"},"inLanguage":"ca","potentialAction":[{"@type":"ReadAction","target":["https:\/\/www.psib-psoe.org\/eivissa\/milena-herrera-participa-en-la-comissio-de-la-dona-de-lonu-on-espanya-promou-una-alianca-feminista-internacional\/"]}]},{"@type":"ImageObject","inLanguage":"ca","@id":"https:\/\/www.psib-psoe.org\/eivissa\/milena-herrera-participa-en-la-comissio-de-la-dona-de-lonu-on-espanya-promou-una-alianca-feminista-internacional\/#primaryimage","url":"https:\/\/www.psib-psoe.org\/eivissa\/wp-content\/uploads\/MILENA-HERRERA-ONU.jpg","contentUrl":"https:\/\/www.psib-psoe.org\/eivissa\/wp-content\/uploads\/MILENA-HERRERA-ONU.jpg","width":1600,"height":1200},{"@type":"BreadcrumbList","@id":"https:\/\/www.psib-psoe.org\/eivissa\/milena-herrera-participa-en-la-comissio-de-la-dona-de-lonu-on-espanya-promou-una-alianca-feminista-internacional\/#breadcrumb","itemListElement":[{"@type":"ListItem","position":1,"name":"Inici","item":"https:\/\/www.psib-psoe.org\/eivissa\/"},{"@type":"ListItem","position":2,"name":"Milena Herrera participa en la Comissi\u00f3 de la Dona de l&#8217;ONU, on Espanya promou una alian\u00e7a feminista internacional"}]},{"@type":"WebSite","@id":"https:\/\/www.psib-psoe.org\/eivissa\/#website","url":"https:\/\/www.psib-psoe.org\/eivissa\/","name":"Federaci\u00f3 Socialista d'Eivissa","description":"Socialistes d&#039;Eivissa","publisher":{"@id":"https:\/\/www.psib-psoe.org\/eivissa\/#organization"},"potentialAction":[{"@type":"SearchAction","target":{"@type":"EntryPoint","urlTemplate":"https:\/\/www.psib-psoe.org\/eivissa\/?s={search_term_string}"},"query-input":{"@type":"PropertyValueSpecification","valueRequired":true,"valueName":"search_term_string"}}],"inLanguage":"ca"},{"@type":"Organization","@id":"https:\/\/www.psib-psoe.org\/eivissa\/#organization","name":"Federaci\u00f3 Socialista d'Eivissa","url":"https:\/\/www.psib-psoe.org\/eivissa\/","logo":{"@type":"ImageObject","inLanguage":"ca","@id":"https:\/\/www.psib-psoe.org\/eivissa\/#\/schema\/logo\/image\/","url":"https:\/\/www.psib-psoe.org\/eivissa\/wp-content\/uploads\/LOGO-FSE-SOCIALISTA-DEIVISSA-HORI.png","contentUrl":"https:\/\/www.psib-psoe.org\/eivissa\/wp-content\/uploads\/LOGO-FSE-SOCIALISTA-DEIVISSA-HORI.png","width":6000,"height":3104,"caption":"Federaci\u00f3 Socialista d'Eivissa"},"image":{"@id":"https:\/\/www.psib-psoe.org\/eivissa\/#\/schema\/logo\/image\/"}},{"@type":"Person","@id":"https:\/\/www.psib-psoe.org\/eivissa\/#\/schema\/person\/099ab3ef73a3645a1d7f303518e6ce24","name":"adminpsib","url":"https:\/\/www.psib-psoe.org\/eivissa\/author\/adminpsib\/"}]}},"_links":{"self":[{"href":"https:\/\/www.psib-psoe.org\/eivissa\/wp-json\/wp\/v2\/posts\/40441","targetHints":{"allow":["GET"]}}],"collection":[{"href":"https:\/\/www.psib-psoe.org\/eivissa\/wp-json\/wp\/v2\/posts"}],"about":[{"href":"https:\/\/www.psib-psoe.org\/eivissa\/wp-json\/wp\/v2\/types\/post"}],"author":[{"embeddable":true,"href":"https:\/\/www.psib-psoe.org\/eivissa\/wp-json\/wp\/v2\/users\/1"}],"replies":[{"embeddable":true,"href":"https:\/\/www.psib-psoe.org\/eivissa\/wp-json\/wp\/v2\/comments?post=40441"}],"version-history":[{"count":1,"href":"https:\/\/www.psib-psoe.org\/eivissa\/wp-json\/wp\/v2\/posts\/40441\/revisions"}],"predecessor-version":[{"id":40443,"href":"https:\/\/www.psib-psoe.org\/eivissa\/wp-json\/wp\/v2\/posts\/40441\/revisions\/40443"}],"wp:featuredmedia":[{"embeddable":true,"href":"https:\/\/www.psib-psoe.org\/eivissa\/wp-json\/wp\/v2\/media\/40442"}],"wp:attachment":[{"href":"https:\/\/www.psib-psoe.org\/eivissa\/wp-json\/wp\/v2\/media?parent=40441"}],"wp:term":[{"taxonomy":"category","embeddable":true,"href":"https:\/\/www.psib-psoe.org\/eivissa\/wp-json\/wp\/v2\/categories?post=40441"},{"taxonomy":"post_tag","embeddable":true,"href":"https:\/\/www.psib-psoe.org\/eivissa\/wp-json\/wp\/v2\/tags?post=40441"}],"curies":[{"name":"wp","href":"https:\/\/api.w.org\/{rel}","templated":true}]}}